{"id":224855,"date":"2026-08-30T17:26:58","date_gmt":"2026-08-30T21:26:58","guid":{"rendered":"https:\/\/potenciaradiofonicadominicana.com\/portal\/?p=224855"},"modified":"2026-08-30T17:26:58","modified_gmt":"2026-08-30T21:26:58","slug":"ministros-de-agricultura-acuerdan-acciones-conjuntas-para-salvaguardar-la-sanidad-del-sector","status":"publish","type":"post","link":"https:\/\/potenciaradiofonicadominicana.com\/portal\/ministros-de-agricultura-acuerdan-acciones-conjuntas-para-salvaguardar-la-sanidad-del-sector\/","title":{"rendered":"Ministros de Agricultura acuerdan acciones conjuntas para salvaguardar la sanidad del sector"},"content":{"rendered":"<p><a href=\"https:\/\/potenciaradiofonicadominicana.com\/portal\/wp-content\/uploads\/2026\/08\/whatsapp-image-2026-08-30-at-102658-am-4672bdb7-focus-0-0-896-504.jpg\"><img loading=\"lazy\" decoding=\"async\" class=\"alignnone size-full wp-image-224856\" src=\"https:\/\/potenciaradiofonicadominicana.com\/portal\/wp-content\/uploads\/2026\/08\/whatsapp-image-2026-08-30-at-102658-am-4672bdb7-focus-0-0-896-504.jpg\" alt=\"\" width=\"896\" height=\"504\" srcset=\"https:\/\/potenciaradiofonicadominicana.com\/portal\/wp-content\/uploads\/2026\/08\/whatsapp-image-2026-08-30-at-102658-am-4672bdb7-focus-0-0-896-504.jpg 896w, https:\/\/potenciaradiofonicadominicana.com\/portal\/wp-content\/uploads\/2026\/08\/whatsapp-image-2026-08-30-at-102658-am-4672bdb7-focus-0-0-896-504-300x169.jpg 300w, https:\/\/potenciaradiofonicadominicana.com\/portal\/wp-content\/uploads\/2026\/08\/whatsapp-image-2026-08-30-at-102658-am-4672bdb7-focus-0-0-896-504-768x432.jpg 768w\" sizes=\"auto, (max-width: 896px) 100vw, 896px\" \/><\/a><\/p>\n<p><strong>Ministros y autoridades<\/strong>\u00a0de\u00a0<strong>agricultura<\/strong>\u00a0y ganader\u00eda de\u00a0<strong>M\u00e9xico, Centroam\u00e9rica y la Rep\u00fablica Dominicana<\/strong>\u00a0acordaron fortalecer las acciones conjuntas para salvaguardar el estatus fito y zoosanitario de la regi\u00f3n, mediante una\u00a0<strong>estrategia coordinada<\/strong>\u00a0de prevenci\u00f3n, vigilancia, contenci\u00f3n y control de enfermedades y plagas que representan amenazas para la producci\u00f3n, el comercio y la\u00a0<strong>seguridad alimentaria<\/strong>.<\/p>\n<p>El compromiso fue asumido durante la\u00a0<strong>97 Reuni\u00f3n extraordinaria<\/strong>\u00a0del\u00a0<strong>Comit\u00e9 Internacional Regional de Sanidad Agropecuaria<\/strong>\u00a0(Cirsa), celebrada en la ciudad de\u00a0<strong>Guatemala<\/strong>, donde los titulares y representantes de las instituciones agropecuarias analizaron los principales desaf\u00edos sanitarios que enfrenta la regi\u00f3n y la necesidad de establecer respuestas comunes frente a riesgos de car\u00e1cter transfronterizo.<\/p>\n<p>Durante el encuentro, las autoridades coincidieron en que la\u00a0<strong>protecci\u00f3n del patrimonio agropecuario<\/strong>\u00a0no puede ser abordada de manera aislada por cada pa\u00eds, debido a que las\u00a0<strong>amenazas sanitarias<\/strong>\u00a0trascienden las fronteras y pueden generar importantes\u00a0<strong>consecuencias econ\u00f3micas y sociales<\/strong>.<\/p>\n<p>La\u00a0<strong>Rep\u00fablica Dominicana<\/strong>\u00a0estuvo representada por el ministro de\u00a0<strong>Agricultura<\/strong>,\u00a0<strong>Francisco Oliverio Espaillat<\/strong>, acompa\u00f1ado del viceministro Dar\u00edo Arcide Vargas Mena, quienes participaron junto a las m\u00e1ximas autoridades y representantes agropecuarios de\u00a0<strong>Guatemala<\/strong>, M\u00e9xico, Belice, Honduras, El Salvador, Nicaragua, Costa Rica y Panam\u00e1.<\/p>\n<p><strong>Espaillat Bencosme<\/strong>\u00a0destac\u00f3 la importancia de una\u00a0<strong>respuesta regional coordinada<\/strong>\u00a0para proteger la\u00a0<strong>producci\u00f3n agropecuaria<\/strong>\u00a0y evitar que\u00a0<strong>amenazas sanitarias<\/strong> puedan afectar el abastecimiento de alimentos y el intercambio comercial entre los pa\u00edses.<\/p>\n<p>La reuni\u00f3n tambi\u00e9n puso \u00e9nfasis en la necesidad de promover un\u00a0<strong>comercio seguro<\/strong>, sustentado en\u00a0<strong>sistemas sanitarios robustos<\/strong>\u00a0y en una mayor coordinaci\u00f3n entre las autoridades nacionales, especialmente ante un escenario en el que los\u00a0<strong>efectos clim\u00e1ticos<\/strong>\u00a0agregan nuevos desaf\u00edos a la producci\u00f3n y a la\u00a0<strong>seguridad alimentaria<\/strong>.<\/p>\n<p>La presidenta del Cirsa y ministra de\u00a0<strong>Agricultura<\/strong>, Ganader\u00eda y Alimentaci\u00f3n de\u00a0<strong>Guatemala<\/strong>,\u00a0<strong>Mar\u00eda Fernanda Rivera<\/strong>, afirm\u00f3 que el encuentro constituye un espacio para adoptar decisiones con impacto directo en los productores, el comercio regional y la\u00a0<strong>seguridad alimentaria<\/strong> de los pueblos.<\/p>\n<h2>Nuevo plan estrat\u00e9gico<\/h2>\n<p>Como parte de la agenda, las autoridades conocieron adem\u00e1s el\u00a0<strong>Plan Estrat\u00e9gico 2026-2036<\/strong>\u00a0del\u00a0<strong>Oirsa<\/strong>, orientado hacia la\u00a0<strong>modernizaci\u00f3n integral<\/strong>\u00a0del organismo, con \u00e9nfasis en el fortalecimiento t\u00e9cnico-cient\u00edfico, la transformaci\u00f3n digital, una gobernanza m\u00e1s \u00e1gil y descentralizada, la transparencia y la sostenibilidad institucional.<\/p>\n<p>Los ministros y representantes reafirmaron el papel estrat\u00e9gico del\u00a0<strong>Organismo Internacional Regional de Sanidad Agropecuaria<\/strong>\u00a0(<strong>Oirsa<\/strong>) como instancia de cooperaci\u00f3n entre los Estados miembros para respaldar las acciones de\u00a0<strong>sanidad agropecuaria<\/strong>, inocuidad de los alimentos y servicios cuarentenarios.<\/p>\n<div id=\"dl_300x250_inread_4\" data-lazy-ad=\"\">\n<div id=\"google_ads_iframe_\/1659553\/dl_300x250_inread_4_0__container__\"><\/div>\n<\/div>\n<p>El encuentro dej\u00f3 establecido que la\u00a0<strong>defensa sanitaria<\/strong>\u00a0de la regi\u00f3n requiere una\u00a0<strong>visi\u00f3n compartida<\/strong>\u00a0y una\u00a0<strong>capacidad de respuesta coordinada<\/strong>, de manera que la detecci\u00f3n de una amenaza en cualquiera de los pa\u00edses active mecanismos de prevenci\u00f3n y protecci\u00f3n que contribuyan a preservar la producci\u00f3n, los mercados y la\u00a0<strong>seguridad alimentaria<\/strong>\u00a0de toda la regi\u00f3n.<\/p>\n","protected":false},"excerpt":{"rendered":"<p>Ministros y autoridades\u00a0de\u00a0agricultura\u00a0y ganader\u00eda de\u00a0M\u00e9xico, Centroam\u00e9rica y la Rep\u00fablica Dominicana\u00a0acordaron fortalecer las acciones conjuntas para salvaguardar el estatus fito y &#8230;<\/p>\n","protected":false},"author":2,"featured_media":224856,"comment_status":"closed","ping_status":"closed","sticky":false,"template":"","format":"standard","meta":{"footnotes":""},"categories":[26],"tags":[],"class_list":["post-224855","post","type-post","status-publish","format-standard","has-post-thumbnail","hentry","category-economia"],"yoast_head":"<!-- This site is optimized with the Yoast SEO plugin v24.8.1 - https:\/\/yoast.com\/wordpress\/plugins\/seo\/ -->\n<title>Ministros de Agricultura acuerdan acciones conjuntas para salvaguardar la sanidad del sector - PotenciaRadiofonicaDominicana.com<\/title>\n<meta name=\"robots\" content=\"index, follow, max-snippet:-1, max-image-preview:large, max-video-preview:-1\" \/>\n<link rel=\"canonical\" href=\"https:\/\/potenciaradiofonicadominicana.com\/portal\/ministros-de-agricultura-acuerdan-acciones-conjuntas-para-salvaguardar-la-sanidad-del-sector\/\" \/>\n<meta property=\"og:locale\" content=\"es_ES\" \/>\n<meta property=\"og:type\" content=\"article\" \/>\n<meta property=\"og:title\" content=\"Ministros de Agricultura acuerdan acciones conjuntas para salvaguardar la sanidad del sector - PotenciaRadiofonicaDominicana.com\" \/>\n<meta property=\"og:description\" content=\"Ministros y autoridades\u00a0de\u00a0agricultura\u00a0y ganader\u00eda de\u00a0M\u00e9xico, Centroam\u00e9rica y la Rep\u00fablica Dominicana\u00a0acordaron fortalecer las acciones conjuntas para salvaguardar el estatus fito y ...\" \/>\n<meta property=\"og:url\" content=\"https:\/\/potenciaradiofonicadominicana.com\/portal\/ministros-de-agricultura-acuerdan-acciones-conjuntas-para-salvaguardar-la-sanidad-del-sector\/\" \/>\n<meta property=\"og:site_name\" content=\"PotenciaRadiofonicaDominicana.com\" \/>\n<meta property=\"article:publisher\" content=\"https:\/\/web.facebook.com\/PotenciaRadiofonicaD\" \/>\n<meta property=\"article:published_time\" content=\"2026-08-30T21:26:58+00:00\" \/>\n<meta property=\"og:image\" content=\"https:\/\/potenciaradiofonicadominicana.com\/portal\/wp-content\/uploads\/2026\/08\/whatsapp-image-2026-08-30-at-102658-am-4672bdb7-focus-0-0-896-504.jpg\" \/>\n\t<meta property=\"og:image:width\" content=\"896\" \/>\n\t<meta property=\"og:image:height\" content=\"504\" \/>\n\t<meta property=\"og:image:type\" content=\"image\/jpeg\" \/>\n<meta name=\"author\" content=\"Potencia Radiof\u00f3nica Dominicana\" \/>\n<meta name=\"twitter:card\" content=\"summary_large_image\" \/>\n<meta name=\"twitter:label1\" content=\"Escrito por\" \/>\n\t<meta name=\"twitter:data1\" content=\"Potencia Radiof\u00f3nica Dominicana\" \/>\n\t<meta name=\"twitter:label2\" content=\"Tiempo de lectura\" \/>\n\t<meta name=\"twitter:data2\" content=\"3 minutos\" \/>\n<script type=\"application\/ld+json\" class=\"yoast-schema-graph\">{\"@context\":\"https:\/\/schema.org\",\"@graph\":[{\"@type\":\"Article\",\"@id\":\"https:\/\/potenciaradiofonicadominicana.com\/portal\/ministros-de-agricultura-acuerdan-acciones-conjuntas-para-salvaguardar-la-sanidad-del-sector\/#article\",\"isPartOf\":{\"@id\":\"https:\/\/potenciaradiofonicadominicana.com\/portal\/ministros-de-agricultura-acuerdan-acciones-conjuntas-para-salvaguardar-la-sanidad-del-sector\/\"},\"author\":{\"name\":\"Potencia Radiof\u00f3nica Dominicana\",\"@id\":\"https:\/\/potenciaradiofonicadominicana.com\/portal\/#\/schema\/person\/a5cf1fea13877803ee0573ac18b03490\"},\"headline\":\"Ministros de Agricultura acuerdan acciones conjuntas para salvaguardar la sanidad del sector\",\"datePublished\":\"2026-08-30T21:26:58+00:00\",\"mainEntityOfPage\":{\"@id\":\"https:\/\/potenciaradiofonicadominicana.com\/portal\/ministros-de-agricultura-acuerdan-acciones-conjuntas-para-salvaguardar-la-sanidad-del-sector\/\"},\"wordCount\":514,\"publisher\":{\"@id\":\"https:\/\/potenciaradiofonicadominicana.com\/portal\/#organization\"},\"image\":{\"@id\":\"https:\/\/potenciaradiofonicadominicana.com\/portal\/ministros-de-agricultura-acuerdan-acciones-conjuntas-para-salvaguardar-la-sanidad-del-sector\/#primaryimage\"},\"thumbnailUrl\":\"https:\/\/potenciaradiofonicadominicana.com\/portal\/wp-content\/uploads\/2026\/08\/whatsapp-image-2026-08-30-at-102658-am-4672bdb7-focus-0-0-896-504.jpg\",\"articleSection\":[\"Econom\u00eda\"],\"inLanguage\":\"es\"},{\"@type\":\"WebPage\",\"@id\":\"https:\/\/potenciaradiofonicadominicana.com\/portal\/ministros-de-agricultura-acuerdan-acciones-conjuntas-para-salvaguardar-la-sanidad-del-sector\/\",\"url\":\"https:\/\/potenciaradiofonicadominicana.com\/portal\/ministros-de-agricultura-acuerdan-acciones-conjuntas-para-salvaguardar-la-sanidad-del-sector\/\",\"name\":\"Ministros de Agricultura acuerdan acciones conjuntas para salvaguardar la sanidad del sector - PotenciaRadiofonicaDominicana.com\",\"isPartOf\":{\"@id\":\"https:\/\/potenciaradiofonicadominicana.com\/portal\/#website\"},\"primaryImageOfPage\":{\"@id\":\"https:\/\/potenciaradiofonicadominicana.com\/portal\/ministros-de-agricultura-acuerdan-acciones-conjuntas-para-salvaguardar-la-sanidad-del-sector\/#primaryimage\"},\"image\":{\"@id\":\"https:\/\/potenciaradiofonicadominicana.com\/portal\/ministros-de-agricultura-acuerdan-acciones-conjuntas-para-salvaguardar-la-sanidad-del-sector\/#primaryimage\"},\"thumbnailUrl\":\"https:\/\/potenciaradiofonicadominicana.com\/portal\/wp-content\/uploads\/2026\/08\/whatsapp-image-2026-08-30-at-102658-am-4672bdb7-focus-0-0-896-504.jpg\",\"datePublished\":\"2026-08-30T21:26:58+00:00\",\"breadcrumb\":{\"@id\":\"https:\/\/potenciaradiofonicadominicana.com\/portal\/ministros-de-agricultura-acuerdan-acciones-conjuntas-para-salvaguardar-la-sanidad-del-sector\/#breadcrumb\"},\"inLanguage\":\"es\",\"potentialAction\":[{\"@type\":\"ReadAction\",\"target\":[\"https:\/\/potenciaradiofonicadominicana.com\/portal\/ministros-de-agricultura-acuerdan-acciones-conjuntas-para-salvaguardar-la-sanidad-del-sector\/\"]}]},{\"@type\":\"ImageObject\",\"inLanguage\":\"es\",\"@id\":\"https:\/\/potenciaradiofonicadominicana.com\/portal\/ministros-de-agricultura-acuerdan-acciones-conjuntas-para-salvaguardar-la-sanidad-del-sector\/#primaryimage\",\"url\":\"https:\/\/potenciaradiofonicadominicana.com\/portal\/wp-content\/uploads\/2026\/08\/whatsapp-image-2026-08-30-at-102658-am-4672bdb7-focus-0-0-896-504.jpg\",\"contentUrl\":\"https:\/\/potenciaradiofonicadominicana.com\/portal\/wp-content\/uploads\/2026\/08\/whatsapp-image-2026-08-30-at-102658-am-4672bdb7-focus-0-0-896-504.jpg\",\"width\":896,\"height\":504},{\"@type\":\"BreadcrumbList\",\"@id\":\"https:\/\/potenciaradiofonicadominicana.com\/portal\/ministros-de-agricultura-acuerdan-acciones-conjuntas-para-salvaguardar-la-sanidad-del-sector\/#breadcrumb\",\"itemListElement\":[{\"@type\":\"ListItem\",\"position\":1,\"name\":\"Portada\",\"item\":\"https:\/\/potenciaradiofonicadominicana.com\/portal\/\"},{\"@type\":\"ListItem\",\"position\":2,\"name\":\"Ministros de Agricultura acuerdan acciones conjuntas para salvaguardar la sanidad del sector\"}]},{\"@type\":\"WebSite\",\"@id\":\"https:\/\/potenciaradiofonicadominicana.com\/portal\/#website\",\"url\":\"https:\/\/potenciaradiofonicadominicana.com\/portal\/\",\"name\":\"PotenciaRadiofonicaDominicana.com\",\"description\":\"Peri\u00f3dico Digital\",\"publisher\":{\"@id\":\"https:\/\/potenciaradiofonicadominicana.com\/portal\/#organization\"},\"potentialAction\":[{\"@type\":\"SearchAction\",\"target\":{\"@type\":\"EntryPoint\",\"urlTemplate\":\"https:\/\/potenciaradiofonicadominicana.com\/portal\/?s={search_term_string}\"},\"query-input\":{\"@type\":\"PropertyValueSpecification\",\"valueRequired\":true,\"valueName\":\"search_term_string\"}}],\"inLanguage\":\"es\"},{\"@type\":\"Organization\",\"@id\":\"https:\/\/potenciaradiofonicadominicana.com\/portal\/#organization\",\"name\":\"PotenciaRadiofonicaDominicana.com\",\"url\":\"https:\/\/potenciaradiofonicadominicana.com\/portal\/\",\"logo\":{\"@type\":\"ImageObject\",\"inLanguage\":\"es\",\"@id\":\"https:\/\/potenciaradiofonicadominicana.com\/portal\/#\/schema\/logo\/image\/\",\"url\":\"https:\/\/potenciaradiofonicadominicana.com\/portal\/wp-content\/uploads\/2022\/01\/descarga.png\",\"contentUrl\":\"https:\/\/potenciaradiofonicadominicana.com\/portal\/wp-content\/uploads\/2022\/01\/descarga.png\",\"width\":300,\"height\":100,\"caption\":\"PotenciaRadiofonicaDominicana.com\"},\"image\":{\"@id\":\"https:\/\/potenciaradiofonicadominicana.com\/portal\/#\/schema\/logo\/image\/\"},\"sameAs\":[\"https:\/\/web.facebook.com\/PotenciaRadiofonicaD\"]},{\"@type\":\"Person\",\"@id\":\"https:\/\/potenciaradiofonicadominicana.com\/portal\/#\/schema\/person\/a5cf1fea13877803ee0573ac18b03490\",\"name\":\"Potencia Radiof\u00f3nica Dominicana\",\"image\":{\"@type\":\"ImageObject\",\"inLanguage\":\"es\",\"@id\":\"https:\/\/potenciaradiofonicadominicana.com\/portal\/#\/schema\/person\/image\/\",\"url\":\"https:\/\/secure.gravatar.com\/avatar\/42a55ab9e8ccc656ba34cd791990602a?s=96&d=mm&r=g\",\"contentUrl\":\"https:\/\/secure.gravatar.com\/avatar\/42a55ab9e8ccc656ba34cd791990602a?s=96&d=mm&r=g\",\"caption\":\"Potencia Radiof\u00f3nica Dominicana\"},\"url\":\"https:\/\/potenciaradiofonicadominicana.com\/portal\/author\/johannyalmanzar\/\"}]}<\/script>\n<!-- \/ Yoast SEO plugin. -->","yoast_head_json":{"title":"Ministros de Agricultura acuerdan acciones conjuntas para salvaguardar la sanidad del sector - PotenciaRadiofonicaDominicana.com","robots":{"index":"index","follow":"follow","max-snippet":"max-snippet:-1","max-image-preview":"max-image-preview:large","max-video-preview":"max-video-preview:-1"},"canonical":"https:\/\/potenciaradiofonicadominicana.com\/portal\/ministros-de-agricultura-acuerdan-acciones-conjuntas-para-salvaguardar-la-sanidad-del-sector\/","og_locale":"es_ES","og_type":"article","og_title":"Ministros de Agricultura acuerdan acciones conjuntas para salvaguardar la sanidad del sector - PotenciaRadiofonicaDominicana.com","og_description":"Ministros y autoridades\u00a0de\u00a0agricultura\u00a0y ganader\u00eda de\u00a0M\u00e9xico, Centroam\u00e9rica y la Rep\u00fablica Dominicana\u00a0acordaron fortalecer las acciones conjuntas para salvaguardar el estatus fito y ...","og_url":"https:\/\/potenciaradiofonicadominicana.com\/portal\/ministros-de-agricultura-acuerdan-acciones-conjuntas-para-salvaguardar-la-sanidad-del-sector\/","og_site_name":"PotenciaRadiofonicaDominicana.com","article_publisher":"https:\/\/web.facebook.com\/PotenciaRadiofonicaD","article_published_time":"2026-08-30T21:26:58+00:00","og_image":[{"width":896,"height":504,"url":"https:\/\/potenciaradiofonicadominicana.com\/portal\/wp-content\/uploads\/2026\/08\/whatsapp-image-2026-08-30-at-102658-am-4672bdb7-focus-0-0-896-504.jpg","type":"image\/jpeg"}],"author":"Potencia Radiof\u00f3nica Dominicana","twitter_card":"summary_large_image","twitter_misc":{"Escrito por":"Potencia Radiof\u00f3nica Dominicana","Tiempo de lectura":"3 minutos"},"schema":{"@context":"https:\/\/schema.org","@graph":[{"@type":"Article","@id":"https:\/\/potenciaradiofonicadominicana.com\/portal\/ministros-de-agricultura-acuerdan-acciones-conjuntas-para-salvaguardar-la-sanidad-del-sector\/#article","isPartOf":{"@id":"https:\/\/potenciaradiofonicadominicana.com\/portal\/ministros-de-agricultura-acuerdan-acciones-conjuntas-para-salvaguardar-la-sanidad-del-sector\/"},"author":{"name":"Potencia Radiof\u00f3nica Dominicana","@id":"https:\/\/potenciaradiofonicadominicana.com\/portal\/#\/schema\/person\/a5cf1fea13877803ee0573ac18b03490"},"headline":"Ministros de Agricultura acuerdan acciones conjuntas para salvaguardar la sanidad del sector","datePublished":"2026-08-30T21:26:58+00:00","mainEntityOfPage":{"@id":"https:\/\/potenciaradiofonicadominicana.com\/portal\/ministros-de-agricultura-acuerdan-acciones-conjuntas-para-salvaguardar-la-sanidad-del-sector\/"},"wordCount":514,"publisher":{"@id":"https:\/\/potenciaradiofonicadominicana.com\/portal\/#organization"},"image":{"@id":"https:\/\/potenciaradiofonicadominicana.com\/portal\/ministros-de-agricultura-acuerdan-acciones-conjuntas-para-salvaguardar-la-sanidad-del-sector\/#primaryimage"},"thumbnailUrl":"https:\/\/potenciaradiofonicadominicana.com\/portal\/wp-content\/uploads\/2026\/08\/whatsapp-image-2026-08-30-at-102658-am-4672bdb7-focus-0-0-896-504.jpg","articleSection":["Econom\u00eda"],"inLanguage":"es"},{"@type":"WebPage","@id":"https:\/\/potenciaradiofonicadominicana.com\/portal\/ministros-de-agricultura-acuerdan-acciones-conjuntas-para-salvaguardar-la-sanidad-del-sector\/","url":"https:\/\/potenciaradiofonicadominicana.com\/portal\/ministros-de-agricultura-acuerdan-acciones-conjuntas-para-salvaguardar-la-sanidad-del-sector\/","name":"Ministros de Agricultura acuerdan acciones conjuntas para salvaguardar la sanidad del sector - PotenciaRadiofonicaDominicana.com","isPartOf":{"@id":"https:\/\/potenciaradiofonicadominicana.com\/portal\/#website"},"primaryImageOfPage":{"@id":"https:\/\/potenciaradiofonicadominicana.com\/portal\/ministros-de-agricultura-acuerdan-acciones-conjuntas-para-salvaguardar-la-sanidad-del-sector\/#primaryimage"},"image":{"@id":"https:\/\/potenciaradiofonicadominicana.com\/portal\/ministros-de-agricultura-acuerdan-acciones-conjuntas-para-salvaguardar-la-sanidad-del-sector\/#primaryimage"},"thumbnailUrl":"https:\/\/potenciaradiofonicadominicana.com\/portal\/wp-content\/uploads\/2026\/08\/whatsapp-image-2026-08-30-at-102658-am-4672bdb7-focus-0-0-896-504.jpg","datePublished":"2026-08-30T21:26:58+00:00","breadcrumb":{"@id":"https:\/\/potenciaradiofonicadominicana.com\/portal\/ministros-de-agricultura-acuerdan-acciones-conjuntas-para-salvaguardar-la-sanidad-del-sector\/#breadcrumb"},"inLanguage":"es","potentialAction":[{"@type":"ReadAction","target":["https:\/\/potenciaradiofonicadominicana.com\/portal\/ministros-de-agricultura-acuerdan-acciones-conjuntas-para-salvaguardar-la-sanidad-del-sector\/"]}]},{"@type":"ImageObject","inLanguage":"es","@id":"https:\/\/potenciaradiofonicadominicana.com\/portal\/ministros-de-agricultura-acuerdan-acciones-conjuntas-para-salvaguardar-la-sanidad-del-sector\/#primaryimage","url":"https:\/\/potenciaradiofonicadominicana.com\/portal\/wp-content\/uploads\/2026\/08\/whatsapp-image-2026-08-30-at-102658-am-4672bdb7-focus-0-0-896-504.jpg","contentUrl":"https:\/\/potenciaradiofonicadominicana.com\/portal\/wp-content\/uploads\/2026\/08\/whatsapp-image-2026-08-30-at-102658-am-4672bdb7-focus-0-0-896-504.jpg","width":896,"height":504},{"@type":"BreadcrumbList","@id":"https:\/\/potenciaradiofonicadominicana.com\/portal\/ministros-de-agricultura-acuerdan-acciones-conjuntas-para-salvaguardar-la-sanidad-del-sector\/#breadcrumb","itemListElement":[{"@type":"ListItem","position":1,"name":"Portada","item":"https:\/\/potenciaradiofonicadominicana.com\/portal\/"},{"@type":"ListItem","position":2,"name":"Ministros de Agricultura acuerdan acciones conjuntas para salvaguardar la sanidad del sector"}]},{"@type":"WebSite","@id":"https:\/\/potenciaradiofonicadominicana.com\/portal\/#website","url":"https:\/\/potenciaradiofonicadominicana.com\/portal\/","name":"PotenciaRadiofonicaDominicana.com","description":"Peri\u00f3dico Digital","publisher":{"@id":"https:\/\/potenciaradiofonicadominicana.com\/portal\/#organization"},"potentialAction":[{"@type":"SearchAction","target":{"@type":"EntryPoint","urlTemplate":"https:\/\/potenciaradiofonicadominicana.com\/portal\/?s={search_term_string}"},"query-input":{"@type":"PropertyValueSpecification","valueRequired":true,"valueName":"search_term_string"}}],"inLanguage":"es"},{"@type":"Organization","@id":"https:\/\/potenciaradiofonicadominicana.com\/portal\/#organization","name":"PotenciaRadiofonicaDominicana.com","url":"https:\/\/potenciaradiofonicadominicana.com\/portal\/","logo":{"@type":"ImageObject","inLanguage":"es","@id":"https:\/\/potenciaradiofonicadominicana.com\/portal\/#\/schema\/logo\/image\/","url":"https:\/\/potenciaradiofonicadominicana.com\/portal\/wp-content\/uploads\/2022\/01\/descarga.png","contentUrl":"https:\/\/potenciaradiofonicadominicana.com\/portal\/wp-content\/uploads\/2022\/01\/descarga.png","width":300,"height":100,"caption":"PotenciaRadiofonicaDominicana.com"},"image":{"@id":"https:\/\/potenciaradiofonicadominicana.com\/portal\/#\/schema\/logo\/image\/"},"sameAs":["https:\/\/web.facebook.com\/PotenciaRadiofonicaD"]},{"@type":"Person","@id":"https:\/\/potenciaradiofonicadominicana.com\/portal\/#\/schema\/person\/a5cf1fea13877803ee0573ac18b03490","name":"Potencia Radiof\u00f3nica Dominicana","image":{"@type":"ImageObject","inLanguage":"es","@id":"https:\/\/potenciaradiofonicadominicana.com\/portal\/#\/schema\/person\/image\/","url":"https:\/\/secure.gravatar.com\/avatar\/42a55ab9e8ccc656ba34cd791990602a?s=96&d=mm&r=g","contentUrl":"https:\/\/secure.gravatar.com\/avatar\/42a55ab9e8ccc656ba34cd791990602a?s=96&d=mm&r=g","caption":"Potencia Radiof\u00f3nica Dominicana"},"url":"https:\/\/potenciaradiofonicadominicana.com\/portal\/author\/johannyalmanzar\/"}]}},"_links":{"self":[{"href":"https:\/\/potenciaradiofonicadominicana.com\/portal\/wp-json\/wp\/v2\/posts\/224855","targetHints":{"allow":["GET"]}}],"collection":[{"href":"https:\/\/potenciaradiofonicadominicana.com\/portal\/wp-json\/wp\/v2\/posts"}],"about":[{"href":"https:\/\/potenciaradiofonicadominicana.com\/portal\/wp-json\/wp\/v2\/types\/post"}],"author":[{"embeddable":true,"href":"https:\/\/potenciaradiofonicadominicana.com\/portal\/wp-json\/wp\/v2\/users\/2"}],"replies":[{"embeddable":true,"href":"https:\/\/potenciaradiofonicadominicana.com\/portal\/wp-json\/wp\/v2\/comments?post=224855"}],"version-history":[{"count":1,"href":"https:\/\/potenciaradiofonicadominicana.com\/portal\/wp-json\/wp\/v2\/posts\/224855\/revisions"}],"predecessor-version":[{"id":224857,"href":"https:\/\/potenciaradiofonicadominicana.com\/portal\/wp-json\/wp\/v2\/posts\/224855\/revisions\/224857"}],"wp:featuredmedia":[{"embeddable":true,"href":"https:\/\/potenciaradiofonicadominicana.com\/portal\/wp-json\/wp\/v2\/media\/224856"}],"wp:attachment":[{"href":"https:\/\/potenciaradiofonicadominicana.com\/portal\/wp-json\/wp\/v2\/media?parent=224855"}],"wp:term":[{"taxonomy":"category","embeddable":true,"href":"https:\/\/potenciaradiofonicadominicana.com\/portal\/wp-json\/wp\/v2\/categories?post=224855"},{"taxonomy":"post_tag","embeddable":true,"href":"https:\/\/potenciaradiofonicadominicana.com\/portal\/wp-json\/wp\/v2\/tags?post=224855"}],"curies":[{"name":"wp","href":"https:\/\/api.w.org\/{rel}","templated":true}]}}