{"id":224846,"date":"2026-08-30T17:21:08","date_gmt":"2026-08-30T21:21:08","guid":{"rendered":"https:\/\/potenciaradiofonicadominicana.com\/portal\/?p=224846"},"modified":"2026-08-30T17:21:08","modified_gmt":"2026-08-30T21:21:08","slug":"gobierno-destina-rd4-7-millones-a-modernizacion-de-planta-de-lacteos-de-la-uasd","status":"publish","type":"post","link":"https:\/\/potenciaradiofonicadominicana.com\/portal\/gobierno-destina-rd4-7-millones-a-modernizacion-de-planta-de-lacteos-de-la-uasd\/","title":{"rendered":"Gobierno destina RD$4.7 millones a modernizaci\u00f3n de planta de l\u00e1cteos de la UASD"},"content":{"rendered":"<p><a href=\"https:\/\/potenciaradiofonicadominicana.com\/portal\/wp-content\/uploads\/2026\/08\/Conaleche-1200x675-1.jpg\"><img loading=\"lazy\" decoding=\"async\" class=\"alignnone size-full wp-image-224847\" src=\"https:\/\/potenciaradiofonicadominicana.com\/portal\/wp-content\/uploads\/2026\/08\/Conaleche-1200x675-1.jpg\" alt=\"\" width=\"1200\" height=\"675\" srcset=\"https:\/\/potenciaradiofonicadominicana.com\/portal\/wp-content\/uploads\/2026\/08\/Conaleche-1200x675-1.jpg 1200w, https:\/\/potenciaradiofonicadominicana.com\/portal\/wp-content\/uploads\/2026\/08\/Conaleche-1200x675-1-300x169.jpg 300w, https:\/\/potenciaradiofonicadominicana.com\/portal\/wp-content\/uploads\/2026\/08\/Conaleche-1200x675-1-1024x576.jpg 1024w, https:\/\/potenciaradiofonicadominicana.com\/portal\/wp-content\/uploads\/2026\/08\/Conaleche-1200x675-1-768x432.jpg 768w\" sizes=\"auto, (max-width: 1200px) 100vw, 1200px\" \/><\/a><\/p>\n<p class=\"wp-block-paragraph\"><strong>El Consejo Nacional para la Reglamentaci\u00f3n y Fomento de la Industria Lechera (CONALECHE) destinar\u00e1 RD$4,719,388.20 a la adecuaci\u00f3n y equipamiento de la Planta Procesadora de L\u00e1cteos de Engombe, perteneciente a la Universidad Aut\u00f3noma de Santo Domingo (UASD), para convertirla en un centro de formaci\u00f3n pr\u00e1ctica para procesadores l\u00e1cteos de todo el pa\u00eds.<\/strong><\/p>\n<p class=\"wp-block-paragraph\">La inversi\u00f3n forma parte del\u00a0<strong>Proyecto para la Normalizaci\u00f3n de las Procesadoras de L\u00e1cteos en Rep\u00fablica Dominicana (NOPROLAC)<\/strong>\u00a0y estar\u00e1 destinada a mejorar la infraestructura de la planta, incorporar equipos especializados y habilitar las instalaciones para su funcionamiento como\u00a0<strong>planta-escuela<\/strong>.<\/p>\n<p class=\"wp-block-paragraph\">De los recursos contemplados,\u00a0<strong>RD$2,627,758.20, equivalentes al 55.7 %<\/strong>, ya fueron ejecutados. Estos fondos se utilizaron en la instalaci\u00f3n del equipamiento b\u00e1sico y la culminaci\u00f3n de las obras de adecuaci\u00f3n de la infraestructura.<\/p>\n<p class=\"wp-block-paragraph\">Mientras, quedan pendientes\u00a0<strong>RD$2,091,630.00, que representan el 44.3 % de la inversi\u00f3n total<\/strong>. Estos recursos corresponden a equipos que a\u00fan deben llegar al pa\u00eds y a la ampliaci\u00f3n de las \u00e1reas sanitarias, prevista para septiembre de 2026.<\/p>\n<p class=\"wp-block-paragraph\">Entre los equipos instalados figuran una descremadora discontinua con capacidad de 300 litros por hora, una paila de hilado de 100 litros, una empacadora al vac\u00edo, una tina de doble camisa de 600 litros, una prensa de quesos, una pala de agitaci\u00f3n, moldes Wilson, una lira manual, una mesa de trabajo, un lavamanos y una guillotina de corte, entre otros.<\/p>\n<p class=\"wp-block-paragraph\">Como parte de la fase pendiente, se incorporar\u00e1n una\u00a0<strong>tina polivalente de 600 litros y una mantequillera de 100 litros<\/strong>, una vez lleguen al pa\u00eds.<\/p>\n<div class=\"puede-leer-module\">\n<div class=\"puede-leer-content\">\n<h3 class=\"puede-leer-title\">Asociaciones de ahorros y pr\u00e9stamos superan RD$432 mil millones en activos, destaca el Banco Central<\/h3>\n<\/div>\n<\/div>\n<h3 class=\"wp-block-heading\">Para capacitar<\/h3>\n<p class=\"wp-block-paragraph\">La intervenci\u00f3n permitir\u00e1 que la instalaci\u00f3n, adscrita a la Facultad de Ciencias Agron\u00f3micas y Veterinarias de la UASD, funcione como una planta-escuela para la capacitaci\u00f3n de procesadores l\u00e1cteos.<\/p>\n<p class=\"wp-block-paragraph\">La iniciativa combina la experiencia acad\u00e9mica de la universidad con los esfuerzos de CONALECHE para fortalecer la calidad, la inocuidad y la competitividad de la producci\u00f3n nacional.<\/p>\n<p class=\"wp-block-paragraph\">A trav\u00e9s de esta instalaci\u00f3n se desarrollar\u00e1n cursos y talleres pr\u00e1cticos dirigidos a queseros y procesadores l\u00e1cteos de todo el pa\u00eds, con contenidos relacionados con higiene, producci\u00f3n, control de calidad, diversificaci\u00f3n y buenas pr\u00e1cticas.<\/p>\n<figure class=\"wp-block-image size-full\"><img loading=\"lazy\" decoding=\"async\" class=\"wp-image-1942580 js-lazy-native lazy-loaded\" src=\"https:\/\/eldia.com.do\/wp-content\/uploads\/2026\/08\/Fabrica-Leche.jpg\" sizes=\"auto, (max-width: 800px) 100vw, 800px\" srcset=\"https:\/\/eldia.com.do\/wp-content\/uploads\/2026\/08\/Fabrica-Leche.jpg 800w, https:\/\/eldia.com.do\/wp-content\/uploads\/2026\/08\/Fabrica-Leche-300x225.jpg 300w, https:\/\/eldia.com.do\/wp-content\/uploads\/2026\/08\/Fabrica-Leche-768x576.jpg 768w, https:\/\/eldia.com.do\/wp-content\/uploads\/2026\/08\/Fabrica-Leche-150x113.jpg 150w, https:\/\/eldia.com.do\/wp-content\/uploads\/2026\/08\/Fabrica-Leche-600x450.jpg 600w, https:\/\/eldia.com.do\/wp-content\/uploads\/2026\/08\/Fabrica-Leche-1200x900.jpg 1200w\" alt=\"Gobierno destina RD$4.7 millones a modernizaci\u00f3n de planta de l\u00e1cteos de la UASD\" width=\"800\" height=\"600\" \/><\/figure>\n<h3 class=\"wp-block-heading\">Inversi\u00f3n con alcance al sector quesero<\/h3>\n<p class=\"wp-block-paragraph\">La intervenci\u00f3n forma parte de la estrategia para transformar y normalizar las procesadoras de l\u00e1cteos del pa\u00eds, un sector compuesto principalmente por micro, peque\u00f1as y medianas empresas (mipymes).<\/p>\n<p class=\"wp-block-paragraph\">En Rep\u00fablica Dominicana operan alrededor de\u00a0<strong>560 queser\u00edas<\/strong>, por lo que el fortalecimiento de sus capacidades busca elevar los est\u00e1ndares de calidad, inocuidad, productividad y competitividad de la industria quesera.<\/p>\n<p class=\"wp-block-paragraph\">De esta manera, los recursos destinados a la planta de Engombe no solo permitir\u00e1n mejorar sus condiciones f\u00edsicas y tecnol\u00f3gicas, sino tambi\u00e9n crear un espacio para la formaci\u00f3n pr\u00e1ctica, la investigaci\u00f3n aplicada y la transferencia tecnol\u00f3gica hacia las unidades productivas, explica el comunicado.<\/p>\n<p class=\"wp-block-paragraph\">Durante el acto de presentaci\u00f3n de la intervenci\u00f3n, el rector de la UASD, doctor Jorge Asjana David, destac\u00f3 la importancia de la iniciativa para fortalecer el papel de la universidad en la investigaci\u00f3n y las pr\u00e1cticas docentes, as\u00ed como para vincular los conocimientos acad\u00e9micos con las necesidades de la producci\u00f3n l\u00e1ctea nacional.<\/p>\n<p class=\"wp-block-paragraph\">La actividad cont\u00f3 adem\u00e1s con la presencia del asesor agropecuario del Poder Ejecutivo, Eric Rivero; el director ejecutivo de CONALECHE, Luis S\u00e1nchez Falette; el coordinador de NOPROLAC, Ram\u00f3n Ram\u00edrez; y autoridades de la Facultad de Ciencias Agron\u00f3micas y Veterinarias, encabezadas por su decano, Dr. Luis Matos Casado.<\/p>\n","protected":false},"excerpt":{"rendered":"<p>El Consejo Nacional para la Reglamentaci\u00f3n y Fomento de la Industria Lechera (CONALECHE) destinar\u00e1 RD$4,719,388.20 a la adecuaci\u00f3n y equipamiento &#8230;<\/p>\n","protected":false},"author":2,"featured_media":224847,"comment_status":"closed","ping_status":"closed","sticky":false,"template":"","format":"standard","meta":{"footnotes":""},"categories":[26],"tags":[],"class_list":["post-224846","post","type-post","status-publish","format-standard","has-post-thumbnail","hentry","category-economia"],"yoast_head":"<!-- This site is optimized with the Yoast SEO plugin v24.8.1 - https:\/\/yoast.com\/wordpress\/plugins\/seo\/ -->\n<title>Gobierno destina RD$4.7 millones a modernizaci\u00f3n de planta de l\u00e1cteos de la UASD - PotenciaRadiofonicaDominicana.com<\/title>\n<meta name=\"robots\" content=\"index, follow, max-snippet:-1, max-image-preview:large, max-video-preview:-1\" \/>\n<link rel=\"canonical\" href=\"https:\/\/potenciaradiofonicadominicana.com\/portal\/gobierno-destina-rd4-7-millones-a-modernizacion-de-planta-de-lacteos-de-la-uasd\/\" \/>\n<meta property=\"og:locale\" content=\"es_ES\" \/>\n<meta property=\"og:type\" content=\"article\" \/>\n<meta property=\"og:title\" content=\"Gobierno destina RD$4.7 millones a modernizaci\u00f3n de planta de l\u00e1cteos de la UASD - PotenciaRadiofonicaDominicana.com\" \/>\n<meta property=\"og:description\" content=\"El Consejo Nacional para la Reglamentaci\u00f3n y Fomento de la Industria Lechera (CONALECHE) destinar\u00e1 RD$4,719,388.20 a la adecuaci\u00f3n y equipamiento ...\" \/>\n<meta property=\"og:url\" content=\"https:\/\/potenciaradiofonicadominicana.com\/portal\/gobierno-destina-rd4-7-millones-a-modernizacion-de-planta-de-lacteos-de-la-uasd\/\" \/>\n<meta property=\"og:site_name\" content=\"PotenciaRadiofonicaDominicana.com\" \/>\n<meta property=\"article:publisher\" content=\"https:\/\/web.facebook.com\/PotenciaRadiofonicaD\" \/>\n<meta property=\"article:published_time\" content=\"2026-08-30T21:21:08+00:00\" \/>\n<meta property=\"og:image\" content=\"https:\/\/potenciaradiofonicadominicana.com\/portal\/wp-content\/uploads\/2026\/08\/Conaleche-1200x675-1.jpg\" \/>\n\t<meta property=\"og:image:width\" content=\"1200\" \/>\n\t<meta property=\"og:image:height\" content=\"675\" \/>\n\t<meta property=\"og:image:type\" content=\"image\/jpeg\" \/>\n<meta name=\"author\" content=\"Potencia Radiof\u00f3nica Dominicana\" \/>\n<meta name=\"twitter:card\" content=\"summary_large_image\" \/>\n<meta name=\"twitter:label1\" content=\"Escrito por\" \/>\n\t<meta name=\"twitter:data1\" content=\"Potencia Radiof\u00f3nica Dominicana\" \/>\n\t<meta name=\"twitter:label2\" content=\"Tiempo de lectura\" \/>\n\t<meta name=\"twitter:data2\" content=\"4 minutos\" \/>\n<script type=\"application\/ld+json\" class=\"yoast-schema-graph\">{\"@context\":\"https:\/\/schema.org\",\"@graph\":[{\"@type\":\"Article\",\"@id\":\"https:\/\/potenciaradiofonicadominicana.com\/portal\/gobierno-destina-rd4-7-millones-a-modernizacion-de-planta-de-lacteos-de-la-uasd\/#article\",\"isPartOf\":{\"@id\":\"https:\/\/potenciaradiofonicadominicana.com\/portal\/gobierno-destina-rd4-7-millones-a-modernizacion-de-planta-de-lacteos-de-la-uasd\/\"},\"author\":{\"name\":\"Potencia Radiof\u00f3nica Dominicana\",\"@id\":\"https:\/\/potenciaradiofonicadominicana.com\/portal\/#\/schema\/person\/a5cf1fea13877803ee0573ac18b03490\"},\"headline\":\"Gobierno destina RD$4.7 millones a modernizaci\u00f3n de planta de l\u00e1cteos de la UASD\",\"datePublished\":\"2026-08-30T21:21:08+00:00\",\"mainEntityOfPage\":{\"@id\":\"https:\/\/potenciaradiofonicadominicana.com\/portal\/gobierno-destina-rd4-7-millones-a-modernizacion-de-planta-de-lacteos-de-la-uasd\/\"},\"wordCount\":632,\"publisher\":{\"@id\":\"https:\/\/potenciaradiofonicadominicana.com\/portal\/#organization\"},\"image\":{\"@id\":\"https:\/\/potenciaradiofonicadominicana.com\/portal\/gobierno-destina-rd4-7-millones-a-modernizacion-de-planta-de-lacteos-de-la-uasd\/#primaryimage\"},\"thumbnailUrl\":\"https:\/\/potenciaradiofonicadominicana.com\/portal\/wp-content\/uploads\/2026\/08\/Conaleche-1200x675-1.jpg\",\"articleSection\":[\"Econom\u00eda\"],\"inLanguage\":\"es\"},{\"@type\":\"WebPage\",\"@id\":\"https:\/\/potenciaradiofonicadominicana.com\/portal\/gobierno-destina-rd4-7-millones-a-modernizacion-de-planta-de-lacteos-de-la-uasd\/\",\"url\":\"https:\/\/potenciaradiofonicadominicana.com\/portal\/gobierno-destina-rd4-7-millones-a-modernizacion-de-planta-de-lacteos-de-la-uasd\/\",\"name\":\"Gobierno destina RD$4.7 millones a modernizaci\u00f3n de planta de l\u00e1cteos de la UASD - PotenciaRadiofonicaDominicana.com\",\"isPartOf\":{\"@id\":\"https:\/\/potenciaradiofonicadominicana.com\/portal\/#website\"},\"primaryImageOfPage\":{\"@id\":\"https:\/\/potenciaradiofonicadominicana.com\/portal\/gobierno-destina-rd4-7-millones-a-modernizacion-de-planta-de-lacteos-de-la-uasd\/#primaryimage\"},\"image\":{\"@id\":\"https:\/\/potenciaradiofonicadominicana.com\/portal\/gobierno-destina-rd4-7-millones-a-modernizacion-de-planta-de-lacteos-de-la-uasd\/#primaryimage\"},\"thumbnailUrl\":\"https:\/\/potenciaradiofonicadominicana.com\/portal\/wp-content\/uploads\/2026\/08\/Conaleche-1200x675-1.jpg\",\"datePublished\":\"2026-08-30T21:21:08+00:00\",\"breadcrumb\":{\"@id\":\"https:\/\/potenciaradiofonicadominicana.com\/portal\/gobierno-destina-rd4-7-millones-a-modernizacion-de-planta-de-lacteos-de-la-uasd\/#breadcrumb\"},\"inLanguage\":\"es\",\"potentialAction\":[{\"@type\":\"ReadAction\",\"target\":[\"https:\/\/potenciaradiofonicadominicana.com\/portal\/gobierno-destina-rd4-7-millones-a-modernizacion-de-planta-de-lacteos-de-la-uasd\/\"]}]},{\"@type\":\"ImageObject\",\"inLanguage\":\"es\",\"@id\":\"https:\/\/potenciaradiofonicadominicana.com\/portal\/gobierno-destina-rd4-7-millones-a-modernizacion-de-planta-de-lacteos-de-la-uasd\/#primaryimage\",\"url\":\"https:\/\/potenciaradiofonicadominicana.com\/portal\/wp-content\/uploads\/2026\/08\/Conaleche-1200x675-1.jpg\",\"contentUrl\":\"https:\/\/potenciaradiofonicadominicana.com\/portal\/wp-content\/uploads\/2026\/08\/Conaleche-1200x675-1.jpg\",\"width\":1200,\"height\":675},{\"@type\":\"BreadcrumbList\",\"@id\":\"https:\/\/potenciaradiofonicadominicana.com\/portal\/gobierno-destina-rd4-7-millones-a-modernizacion-de-planta-de-lacteos-de-la-uasd\/#breadcrumb\",\"itemListElement\":[{\"@type\":\"ListItem\",\"position\":1,\"name\":\"Portada\",\"item\":\"https:\/\/potenciaradiofonicadominicana.com\/portal\/\"},{\"@type\":\"ListItem\",\"position\":2,\"name\":\"Gobierno destina RD$4.7 millones a modernizaci\u00f3n de planta de l\u00e1cteos de la UASD\"}]},{\"@type\":\"WebSite\",\"@id\":\"https:\/\/potenciaradiofonicadominicana.com\/portal\/#website\",\"url\":\"https:\/\/potenciaradiofonicadominicana.com\/portal\/\",\"name\":\"PotenciaRadiofonicaDominicana.com\",\"description\":\"Peri\u00f3dico Digital\",\"publisher\":{\"@id\":\"https:\/\/potenciaradiofonicadominicana.com\/portal\/#organization\"},\"potentialAction\":[{\"@type\":\"SearchAction\",\"target\":{\"@type\":\"EntryPoint\",\"urlTemplate\":\"https:\/\/potenciaradiofonicadominicana.com\/portal\/?s={search_term_string}\"},\"query-input\":{\"@type\":\"PropertyValueSpecification\",\"valueRequired\":true,\"valueName\":\"search_term_string\"}}],\"inLanguage\":\"es\"},{\"@type\":\"Organization\",\"@id\":\"https:\/\/potenciaradiofonicadominicana.com\/portal\/#organization\",\"name\":\"PotenciaRadiofonicaDominicana.com\",\"url\":\"https:\/\/potenciaradiofonicadominicana.com\/portal\/\",\"logo\":{\"@type\":\"ImageObject\",\"inLanguage\":\"es\",\"@id\":\"https:\/\/potenciaradiofonicadominicana.com\/portal\/#\/schema\/logo\/image\/\",\"url\":\"https:\/\/potenciaradiofonicadominicana.com\/portal\/wp-content\/uploads\/2022\/01\/descarga.png\",\"contentUrl\":\"https:\/\/potenciaradiofonicadominicana.com\/portal\/wp-content\/uploads\/2022\/01\/descarga.png\",\"width\":300,\"height\":100,\"caption\":\"PotenciaRadiofonicaDominicana.com\"},\"image\":{\"@id\":\"https:\/\/potenciaradiofonicadominicana.com\/portal\/#\/schema\/logo\/image\/\"},\"sameAs\":[\"https:\/\/web.facebook.com\/PotenciaRadiofonicaD\"]},{\"@type\":\"Person\",\"@id\":\"https:\/\/potenciaradiofonicadominicana.com\/portal\/#\/schema\/person\/a5cf1fea13877803ee0573ac18b03490\",\"name\":\"Potencia Radiof\u00f3nica Dominicana\",\"image\":{\"@type\":\"ImageObject\",\"inLanguage\":\"es\",\"@id\":\"https:\/\/potenciaradiofonicadominicana.com\/portal\/#\/schema\/person\/image\/\",\"url\":\"https:\/\/secure.gravatar.com\/avatar\/42a55ab9e8ccc656ba34cd791990602a?s=96&d=mm&r=g\",\"contentUrl\":\"https:\/\/secure.gravatar.com\/avatar\/42a55ab9e8ccc656ba34cd791990602a?s=96&d=mm&r=g\",\"caption\":\"Potencia Radiof\u00f3nica Dominicana\"},\"url\":\"https:\/\/potenciaradiofonicadominicana.com\/portal\/author\/johannyalmanzar\/\"}]}<\/script>\n<!-- \/ Yoast SEO plugin. -->","yoast_head_json":{"title":"Gobierno destina RD$4.7 millones a modernizaci\u00f3n de planta de l\u00e1cteos de la UASD - PotenciaRadiofonicaDominicana.com","robots":{"index":"index","follow":"follow","max-snippet":"max-snippet:-1","max-image-preview":"max-image-preview:large","max-video-preview":"max-video-preview:-1"},"canonical":"https:\/\/potenciaradiofonicadominicana.com\/portal\/gobierno-destina-rd4-7-millones-a-modernizacion-de-planta-de-lacteos-de-la-uasd\/","og_locale":"es_ES","og_type":"article","og_title":"Gobierno destina RD$4.7 millones a modernizaci\u00f3n de planta de l\u00e1cteos de la UASD - PotenciaRadiofonicaDominicana.com","og_description":"El Consejo Nacional para la Reglamentaci\u00f3n y Fomento de la Industria Lechera (CONALECHE) destinar\u00e1 RD$4,719,388.20 a la adecuaci\u00f3n y equipamiento ...","og_url":"https:\/\/potenciaradiofonicadominicana.com\/portal\/gobierno-destina-rd4-7-millones-a-modernizacion-de-planta-de-lacteos-de-la-uasd\/","og_site_name":"PotenciaRadiofonicaDominicana.com","article_publisher":"https:\/\/web.facebook.com\/PotenciaRadiofonicaD","article_published_time":"2026-08-30T21:21:08+00:00","og_image":[{"width":1200,"height":675,"url":"https:\/\/potenciaradiofonicadominicana.com\/portal\/wp-content\/uploads\/2026\/08\/Conaleche-1200x675-1.jpg","type":"image\/jpeg"}],"author":"Potencia Radiof\u00f3nica Dominicana","twitter_card":"summary_large_image","twitter_misc":{"Escrito por":"Potencia Radiof\u00f3nica Dominicana","Tiempo de lectura":"4 minutos"},"schema":{"@context":"https:\/\/schema.org","@graph":[{"@type":"Article","@id":"https:\/\/potenciaradiofonicadominicana.com\/portal\/gobierno-destina-rd4-7-millones-a-modernizacion-de-planta-de-lacteos-de-la-uasd\/#article","isPartOf":{"@id":"https:\/\/potenciaradiofonicadominicana.com\/portal\/gobierno-destina-rd4-7-millones-a-modernizacion-de-planta-de-lacteos-de-la-uasd\/"},"author":{"name":"Potencia Radiof\u00f3nica Dominicana","@id":"https:\/\/potenciaradiofonicadominicana.com\/portal\/#\/schema\/person\/a5cf1fea13877803ee0573ac18b03490"},"headline":"Gobierno destina RD$4.7 millones a modernizaci\u00f3n de planta de l\u00e1cteos de la UASD","datePublished":"2026-08-30T21:21:08+00:00","mainEntityOfPage":{"@id":"https:\/\/potenciaradiofonicadominicana.com\/portal\/gobierno-destina-rd4-7-millones-a-modernizacion-de-planta-de-lacteos-de-la-uasd\/"},"wordCount":632,"publisher":{"@id":"https:\/\/potenciaradiofonicadominicana.com\/portal\/#organization"},"image":{"@id":"https:\/\/potenciaradiofonicadominicana.com\/portal\/gobierno-destina-rd4-7-millones-a-modernizacion-de-planta-de-lacteos-de-la-uasd\/#primaryimage"},"thumbnailUrl":"https:\/\/potenciaradiofonicadominicana.com\/portal\/wp-content\/uploads\/2026\/08\/Conaleche-1200x675-1.jpg","articleSection":["Econom\u00eda"],"inLanguage":"es"},{"@type":"WebPage","@id":"https:\/\/potenciaradiofonicadominicana.com\/portal\/gobierno-destina-rd4-7-millones-a-modernizacion-de-planta-de-lacteos-de-la-uasd\/","url":"https:\/\/potenciaradiofonicadominicana.com\/portal\/gobierno-destina-rd4-7-millones-a-modernizacion-de-planta-de-lacteos-de-la-uasd\/","name":"Gobierno destina RD$4.7 millones a modernizaci\u00f3n de planta de l\u00e1cteos de la UASD - PotenciaRadiofonicaDominicana.com","isPartOf":{"@id":"https:\/\/potenciaradiofonicadominicana.com\/portal\/#website"},"primaryImageOfPage":{"@id":"https:\/\/potenciaradiofonicadominicana.com\/portal\/gobierno-destina-rd4-7-millones-a-modernizacion-de-planta-de-lacteos-de-la-uasd\/#primaryimage"},"image":{"@id":"https:\/\/potenciaradiofonicadominicana.com\/portal\/gobierno-destina-rd4-7-millones-a-modernizacion-de-planta-de-lacteos-de-la-uasd\/#primaryimage"},"thumbnailUrl":"https:\/\/potenciaradiofonicadominicana.com\/portal\/wp-content\/uploads\/2026\/08\/Conaleche-1200x675-1.jpg","datePublished":"2026-08-30T21:21:08+00:00","breadcrumb":{"@id":"https:\/\/potenciaradiofonicadominicana.com\/portal\/gobierno-destina-rd4-7-millones-a-modernizacion-de-planta-de-lacteos-de-la-uasd\/#breadcrumb"},"inLanguage":"es","potentialAction":[{"@type":"ReadAction","target":["https:\/\/potenciaradiofonicadominicana.com\/portal\/gobierno-destina-rd4-7-millones-a-modernizacion-de-planta-de-lacteos-de-la-uasd\/"]}]},{"@type":"ImageObject","inLanguage":"es","@id":"https:\/\/potenciaradiofonicadominicana.com\/portal\/gobierno-destina-rd4-7-millones-a-modernizacion-de-planta-de-lacteos-de-la-uasd\/#primaryimage","url":"https:\/\/potenciaradiofonicadominicana.com\/portal\/wp-content\/uploads\/2026\/08\/Conaleche-1200x675-1.jpg","contentUrl":"https:\/\/potenciaradiofonicadominicana.com\/portal\/wp-content\/uploads\/2026\/08\/Conaleche-1200x675-1.jpg","width":1200,"height":675},{"@type":"BreadcrumbList","@id":"https:\/\/potenciaradiofonicadominicana.com\/portal\/gobierno-destina-rd4-7-millones-a-modernizacion-de-planta-de-lacteos-de-la-uasd\/#breadcrumb","itemListElement":[{"@type":"ListItem","position":1,"name":"Portada","item":"https:\/\/potenciaradiofonicadominicana.com\/portal\/"},{"@type":"ListItem","position":2,"name":"Gobierno destina RD$4.7 millones a modernizaci\u00f3n de planta de l\u00e1cteos de la UASD"}]},{"@type":"WebSite","@id":"https:\/\/potenciaradiofonicadominicana.com\/portal\/#website","url":"https:\/\/potenciaradiofonicadominicana.com\/portal\/","name":"PotenciaRadiofonicaDominicana.com","description":"Peri\u00f3dico Digital","publisher":{"@id":"https:\/\/potenciaradiofonicadominicana.com\/portal\/#organization"},"potentialAction":[{"@type":"SearchAction","target":{"@type":"EntryPoint","urlTemplate":"https:\/\/potenciaradiofonicadominicana.com\/portal\/?s={search_term_string}"},"query-input":{"@type":"PropertyValueSpecification","valueRequired":true,"valueName":"search_term_string"}}],"inLanguage":"es"},{"@type":"Organization","@id":"https:\/\/potenciaradiofonicadominicana.com\/portal\/#organization","name":"PotenciaRadiofonicaDominicana.com","url":"https:\/\/potenciaradiofonicadominicana.com\/portal\/","logo":{"@type":"ImageObject","inLanguage":"es","@id":"https:\/\/potenciaradiofonicadominicana.com\/portal\/#\/schema\/logo\/image\/","url":"https:\/\/potenciaradiofonicadominicana.com\/portal\/wp-content\/uploads\/2022\/01\/descarga.png","contentUrl":"https:\/\/potenciaradiofonicadominicana.com\/portal\/wp-content\/uploads\/2022\/01\/descarga.png","width":300,"height":100,"caption":"PotenciaRadiofonicaDominicana.com"},"image":{"@id":"https:\/\/potenciaradiofonicadominicana.com\/portal\/#\/schema\/logo\/image\/"},"sameAs":["https:\/\/web.facebook.com\/PotenciaRadiofonicaD"]},{"@type":"Person","@id":"https:\/\/potenciaradiofonicadominicana.com\/portal\/#\/schema\/person\/a5cf1fea13877803ee0573ac18b03490","name":"Potencia Radiof\u00f3nica Dominicana","image":{"@type":"ImageObject","inLanguage":"es","@id":"https:\/\/potenciaradiofonicadominicana.com\/portal\/#\/schema\/person\/image\/","url":"https:\/\/secure.gravatar.com\/avatar\/42a55ab9e8ccc656ba34cd791990602a?s=96&d=mm&r=g","contentUrl":"https:\/\/secure.gravatar.com\/avatar\/42a55ab9e8ccc656ba34cd791990602a?s=96&d=mm&r=g","caption":"Potencia Radiof\u00f3nica Dominicana"},"url":"https:\/\/potenciaradiofonicadominicana.com\/portal\/author\/johannyalmanzar\/"}]}},"_links":{"self":[{"href":"https:\/\/potenciaradiofonicadominicana.com\/portal\/wp-json\/wp\/v2\/posts\/224846","targetHints":{"allow":["GET"]}}],"collection":[{"href":"https:\/\/potenciaradiofonicadominicana.com\/portal\/wp-json\/wp\/v2\/posts"}],"about":[{"href":"https:\/\/potenciaradiofonicadominicana.com\/portal\/wp-json\/wp\/v2\/types\/post"}],"author":[{"embeddable":true,"href":"https:\/\/potenciaradiofonicadominicana.com\/portal\/wp-json\/wp\/v2\/users\/2"}],"replies":[{"embeddable":true,"href":"https:\/\/potenciaradiofonicadominicana.com\/portal\/wp-json\/wp\/v2\/comments?post=224846"}],"version-history":[{"count":1,"href":"https:\/\/potenciaradiofonicadominicana.com\/portal\/wp-json\/wp\/v2\/posts\/224846\/revisions"}],"predecessor-version":[{"id":224848,"href":"https:\/\/potenciaradiofonicadominicana.com\/portal\/wp-json\/wp\/v2\/posts\/224846\/revisions\/224848"}],"wp:featuredmedia":[{"embeddable":true,"href":"https:\/\/potenciaradiofonicadominicana.com\/portal\/wp-json\/wp\/v2\/media\/224847"}],"wp:attachment":[{"href":"https:\/\/potenciaradiofonicadominicana.com\/portal\/wp-json\/wp\/v2\/media?parent=224846"}],"wp:term":[{"taxonomy":"category","embeddable":true,"href":"https:\/\/potenciaradiofonicadominicana.com\/portal\/wp-json\/wp\/v2\/categories?post=224846"},{"taxonomy":"post_tag","embeddable":true,"href":"https:\/\/potenciaradiofonicadominicana.com\/portal\/wp-json\/wp\/v2\/tags?post=224846"}],"curies":[{"name":"wp","href":"https:\/\/api.w.org\/{rel}","templated":true}]}}