{"id":224834,"date":"2026-08-30T17:11:11","date_gmt":"2026-08-30T21:11:11","guid":{"rendered":"https:\/\/potenciaradiofonicadominicana.com\/portal\/?p=224834"},"modified":"2026-08-30T17:11:11","modified_gmt":"2026-08-30T21:11:11","slug":"andres-feliz-de-guachupita-a-capitan-de-la-seleccion-dominicana-de-baloncesto","status":"publish","type":"post","link":"https:\/\/potenciaradiofonicadominicana.com\/portal\/andres-feliz-de-guachupita-a-capitan-de-la-seleccion-dominicana-de-baloncesto\/","title":{"rendered":"Andr\u00e9s Feliz, de Guachupita a capit\u00e1n de la selecci\u00f3n dominicana de baloncesto"},"content":{"rendered":"<p><a href=\"https:\/\/potenciaradiofonicadominicana.com\/portal\/wp-content\/uploads\/2026\/08\/maxresdefault.jpg\"><img loading=\"lazy\" decoding=\"async\" class=\"alignnone size-full wp-image-224835\" src=\"https:\/\/potenciaradiofonicadominicana.com\/portal\/wp-content\/uploads\/2026\/08\/maxresdefault.jpg\" alt=\"\" width=\"1280\" height=\"720\" srcset=\"https:\/\/potenciaradiofonicadominicana.com\/portal\/wp-content\/uploads\/2026\/08\/maxresdefault.jpg 1280w, https:\/\/potenciaradiofonicadominicana.com\/portal\/wp-content\/uploads\/2026\/08\/maxresdefault-300x169.jpg 300w, https:\/\/potenciaradiofonicadominicana.com\/portal\/wp-content\/uploads\/2026\/08\/maxresdefault-1024x576.jpg 1024w, https:\/\/potenciaradiofonicadominicana.com\/portal\/wp-content\/uploads\/2026\/08\/maxresdefault-768x432.jpg 768w\" sizes=\"auto, (max-width: 1280px) 100vw, 1280px\" \/><\/a><\/p>\n<p class=\"wp-block-paragraph\">Andr\u00e9s Feliz sali\u00f3 de Guachupita, lleg\u00f3 al baloncesto universitario de Estados Unidos, se abri\u00f3 camino en Europa y alcanz\u00f3 el Real Madrid. Ahora, con 29 a\u00f1os, recibe otra responsabilidad que resume su recorrido. Es el nuevo capit\u00e1n de la selecci\u00f3n dominicana de baloncesto.<\/p>\n<p class=\"wp-block-paragraph\">El armador\u00a0<strong>Andr\u00e9s Feliz<\/strong>\u00a0fue escogido como\u00a0<strong>nuevo capit\u00e1n de la selecci\u00f3n nacional de baloncesto<\/strong>\u00a0de mayores, tomando el relevo de\u00a0<strong>V\u00edctor Liz<\/strong>\u00a0y convirti\u00e9ndose en uno de los principales referentes de una generaci\u00f3n que ha ido ganando protagonismo dentro del equipo nacional.<\/p>\n<p class=\"wp-block-paragraph\">El nuevo capit\u00e1n es producto de los programas de formaci\u00f3n impulsados por la Federaci\u00f3n Dominicana de Baloncesto (Fedombal) y ha recorrido distintas etapas del proceso de selecciones nacionales.<\/p>\n<p class=\"wp-block-paragraph\">A sus 29 a\u00f1os, Feliz llega a la capitan\u00eda en uno de los mejores momentos de su carrera profesional, consolidado en la \u00e9lite del baloncesto europeo como integrante del<strong>\u00a0Real Madrid<\/strong>, uno de los clubes de mayor prestigio del viejo continente.<\/p>\n<p class=\"wp-block-paragraph\">Feliz ha combinado durante su carrera ese crecimiento como<strong>\u00a0jugador profesional<\/strong>\u00a0con una presencia consistente en los compromisos de Rep\u00fablica Dominicana, respondiendo a las convocatorias del equipo nacional y convirti\u00e9ndose progresivamente en una de las piezas de mayor peso dentro de la estructura.<\/p>\n<h3 class=\"wp-block-heading\">De prospecto a referente<\/h3>\n<p class=\"wp-block-paragraph\">El armador dominicano desarroll\u00f3 parte importante de su formaci\u00f3n en Estados Unidos, incluyendo su paso por Northwest Florida State College y posteriormente por la Universidad de Illinois, donde compiti\u00f3 en la NCAA.<\/p>\n<div class=\"puede-leer-module\">\n<div class=\"puede-leer-content\">\n<h3 class=\"puede-leer-title\">RD vence a Cuba y disputar\u00e1 el boleto ol\u00edmpico ante Canad\u00e1<\/h3>\n<\/div>\n<\/div>\n<p class=\"wp-block-paragraph\">Luego inici\u00f3 una carrera profesional que lo llev\u00f3 al baloncesto europeo. Pas\u00f3 por el CB Prat y posteriormente dio un salto importante con el Joventut de Badalona, donde su rendimiento lo llev\u00f3 a ser seleccionado en el quinteto ideal de la Liga ACB.<\/p>\n<p class=\"wp-block-paragraph\">Ese desempe\u00f1o le abri\u00f3 en 2024 las puertas del Real Madrid, donde ha logrado establecerse dentro de una plantilla repleta de figuras internacionales.<\/p>\n<p class=\"wp-block-paragraph\">En la temporada 2025-26, Feliz disput\u00f3 75 partidos con el conjunto madridista entre las diferentes competiciones, acumulando 1,271 minutos, 559 puntos, 207 rebotes y 163 asistencias. En la Liga Endesa particip\u00f3 en 31 encuentros y promedi\u00f3 7.7 puntos, 2.8 rebotes y 2.2 asistencias en poco menos de 17 minutos por partido.<\/p>\n<p class=\"wp-block-paragraph\">Su presencia en el Real Madrid coloca al nuevo capit\u00e1n dominicano en uno de los escenarios de mayor exigencia del baloncesto mundial y representa la culminaci\u00f3n, hasta ahora, de una evoluci\u00f3n que comenz\u00f3 precisamente en los programas formativos dominicanos.<\/p>\n<h3 class=\"wp-block-heading\">Su crecimiento internacional tambi\u00e9n se ha reflejado en la selecci\u00f3n<\/h3>\n<p class=\"wp-block-paragraph\">Feliz pas\u00f3 de ser uno de los j\u00f3venes que buscaban espacio dentro del conjunto nacional a convertirse en un jugador habitual y en uno de los hombres sobre los que recae buena parte de la conducci\u00f3n del equipo.<\/p>\n<p class=\"wp-block-paragraph\">Su estilo combina intensidad defensiva, capacidad para atacar el aro, manejo del bal\u00f3n y generaci\u00f3n ofensiva, caracter\u00edsticas que le han permitido asumir responsabilidades cada vez mayores.<\/p>\n<p class=\"wp-block-paragraph\">La disponibilidad para representar al pa\u00eds ha sido otro elemento que ha pesado en su consolidaci\u00f3n dentro del programa dominicano.<\/p>\n<p class=\"wp-block-paragraph\">En un baloncesto internacional en el que las selecciones deben afrontar ventanas clasificatorias durante las temporadas profesionales y frecuentemente tienen dificultades para reunir a sus principales figuras, Feliz ha mantenido una presencia constante cuando ha sido requerido por Rep\u00fablica Dominicana.<\/p>\n<h3 class=\"wp-block-heading\">El relevo de V\u00edctor Liz<\/h3>\n<p class=\"wp-block-paragraph\">La elecci\u00f3n de Feliz supone adem\u00e1s el relevo de V\u00edctor Liz, quien durante a\u00f1os ejerci\u00f3 como uno de los l\u00edderes y principales referentes de la selecci\u00f3n dominicana.<\/p>\n<p class=\"wp-block-paragraph\">Liz represent\u00f3 una generaci\u00f3n que sostuvo al equipo nacional durante numerosos torneos internacionales y procesos clasificatorios, convirti\u00e9ndose en una de las figuras m\u00e1s identificadas con la camiseta dominicana.<\/p>\n<p class=\"wp-block-paragraph\">El paso de la capitan\u00eda a Feliz marca ahora una transici\u00f3n hacia un n\u00facleo de jugadores que deber\u00e1 asumir mayores responsabilidades durante el pr\u00f3ximo ciclo competitivo.<\/p>\n<h3 class=\"wp-block-heading\">Una se\u00f1al del trabajo de formaci\u00f3n<\/h3>\n<p class=\"wp-block-paragraph\">Su designaci\u00f3n tambi\u00e9n ofrece a Fedombal un ejemplo concreto del prop\u00f3sito de sus programas de desarrollo.<\/p>\n<p class=\"wp-block-paragraph\">El jugador que en alg\u00fan momento form\u00f3 parte de los procesos juveniles dominicanos es ahora el encargado de liderar la selecci\u00f3n absoluta y, simult\u00e1neamente, compite al m\u00e1ximo nivel del baloncesto europeo.<\/p>\n<p class=\"wp-block-paragraph\">Su carrera profesional lo ha llevado desde los programas formativos nacionales hasta la NCAA, el baloncesto profesional espa\u00f1ol y finalmente el Real Madrid, pero paralelamente ha mantenido el v\u00ednculo con la selecci\u00f3n dominicana.<\/p>\n","protected":false},"excerpt":{"rendered":"<p>Andr\u00e9s Feliz sali\u00f3 de Guachupita, lleg\u00f3 al baloncesto universitario de Estados Unidos, se abri\u00f3 camino en Europa y alcanz\u00f3 el &#8230;<\/p>\n","protected":false},"author":2,"featured_media":224835,"comment_status":"closed","ping_status":"closed","sticky":false,"template":"","format":"standard","meta":{"footnotes":""},"categories":[28],"tags":[],"class_list":["post-224834","post","type-post","status-publish","format-standard","has-post-thumbnail","hentry","category-deportes"],"yoast_head":"<!-- This site is optimized with the Yoast SEO plugin v24.8.1 - https:\/\/yoast.com\/wordpress\/plugins\/seo\/ -->\n<title>Andr\u00e9s Feliz, de Guachupita a capit\u00e1n de la selecci\u00f3n dominicana de baloncesto - PotenciaRadiofonicaDominicana.com<\/title>\n<meta name=\"robots\" content=\"index, follow, max-snippet:-1, max-image-preview:large, max-video-preview:-1\" \/>\n<link rel=\"canonical\" href=\"https:\/\/potenciaradiofonicadominicana.com\/portal\/andres-feliz-de-guachupita-a-capitan-de-la-seleccion-dominicana-de-baloncesto\/\" \/>\n<meta property=\"og:locale\" content=\"es_ES\" \/>\n<meta property=\"og:type\" content=\"article\" \/>\n<meta property=\"og:title\" content=\"Andr\u00e9s Feliz, de Guachupita a capit\u00e1n de la selecci\u00f3n dominicana de baloncesto - PotenciaRadiofonicaDominicana.com\" \/>\n<meta property=\"og:description\" content=\"Andr\u00e9s Feliz sali\u00f3 de Guachupita, lleg\u00f3 al baloncesto universitario de Estados Unidos, se abri\u00f3 camino en Europa y alcanz\u00f3 el ...\" \/>\n<meta property=\"og:url\" content=\"https:\/\/potenciaradiofonicadominicana.com\/portal\/andres-feliz-de-guachupita-a-capitan-de-la-seleccion-dominicana-de-baloncesto\/\" \/>\n<meta property=\"og:site_name\" content=\"PotenciaRadiofonicaDominicana.com\" \/>\n<meta property=\"article:publisher\" content=\"https:\/\/web.facebook.com\/PotenciaRadiofonicaD\" \/>\n<meta property=\"article:published_time\" content=\"2026-08-30T21:11:11+00:00\" \/>\n<meta property=\"og:image\" content=\"https:\/\/potenciaradiofonicadominicana.com\/portal\/wp-content\/uploads\/2026\/08\/maxresdefault.jpg\" \/>\n\t<meta property=\"og:image:width\" content=\"1280\" \/>\n\t<meta property=\"og:image:height\" content=\"720\" \/>\n\t<meta property=\"og:image:type\" content=\"image\/jpeg\" \/>\n<meta name=\"author\" content=\"Potencia Radiof\u00f3nica Dominicana\" \/>\n<meta name=\"twitter:card\" content=\"summary_large_image\" \/>\n<meta name=\"twitter:label1\" content=\"Escrito por\" \/>\n\t<meta name=\"twitter:data1\" content=\"Potencia Radiof\u00f3nica Dominicana\" \/>\n\t<meta name=\"twitter:label2\" content=\"Tiempo de lectura\" \/>\n\t<meta name=\"twitter:data2\" content=\"4 minutos\" \/>\n<script type=\"application\/ld+json\" class=\"yoast-schema-graph\">{\"@context\":\"https:\/\/schema.org\",\"@graph\":[{\"@type\":\"Article\",\"@id\":\"https:\/\/potenciaradiofonicadominicana.com\/portal\/andres-feliz-de-guachupita-a-capitan-de-la-seleccion-dominicana-de-baloncesto\/#article\",\"isPartOf\":{\"@id\":\"https:\/\/potenciaradiofonicadominicana.com\/portal\/andres-feliz-de-guachupita-a-capitan-de-la-seleccion-dominicana-de-baloncesto\/\"},\"author\":{\"name\":\"Potencia Radiof\u00f3nica Dominicana\",\"@id\":\"https:\/\/potenciaradiofonicadominicana.com\/portal\/#\/schema\/person\/a5cf1fea13877803ee0573ac18b03490\"},\"headline\":\"Andr\u00e9s Feliz, de Guachupita a capit\u00e1n de la selecci\u00f3n dominicana de baloncesto\",\"datePublished\":\"2026-08-30T21:11:11+00:00\",\"mainEntityOfPage\":{\"@id\":\"https:\/\/potenciaradiofonicadominicana.com\/portal\/andres-feliz-de-guachupita-a-capitan-de-la-seleccion-dominicana-de-baloncesto\/\"},\"wordCount\":768,\"publisher\":{\"@id\":\"https:\/\/potenciaradiofonicadominicana.com\/portal\/#organization\"},\"image\":{\"@id\":\"https:\/\/potenciaradiofonicadominicana.com\/portal\/andres-feliz-de-guachupita-a-capitan-de-la-seleccion-dominicana-de-baloncesto\/#primaryimage\"},\"thumbnailUrl\":\"https:\/\/potenciaradiofonicadominicana.com\/portal\/wp-content\/uploads\/2026\/08\/maxresdefault.jpg\",\"articleSection\":[\"Deportes\"],\"inLanguage\":\"es\"},{\"@type\":\"WebPage\",\"@id\":\"https:\/\/potenciaradiofonicadominicana.com\/portal\/andres-feliz-de-guachupita-a-capitan-de-la-seleccion-dominicana-de-baloncesto\/\",\"url\":\"https:\/\/potenciaradiofonicadominicana.com\/portal\/andres-feliz-de-guachupita-a-capitan-de-la-seleccion-dominicana-de-baloncesto\/\",\"name\":\"Andr\u00e9s Feliz, de Guachupita a capit\u00e1n de la selecci\u00f3n dominicana de baloncesto - PotenciaRadiofonicaDominicana.com\",\"isPartOf\":{\"@id\":\"https:\/\/potenciaradiofonicadominicana.com\/portal\/#website\"},\"primaryImageOfPage\":{\"@id\":\"https:\/\/potenciaradiofonicadominicana.com\/portal\/andres-feliz-de-guachupita-a-capitan-de-la-seleccion-dominicana-de-baloncesto\/#primaryimage\"},\"image\":{\"@id\":\"https:\/\/potenciaradiofonicadominicana.com\/portal\/andres-feliz-de-guachupita-a-capitan-de-la-seleccion-dominicana-de-baloncesto\/#primaryimage\"},\"thumbnailUrl\":\"https:\/\/potenciaradiofonicadominicana.com\/portal\/wp-content\/uploads\/2026\/08\/maxresdefault.jpg\",\"datePublished\":\"2026-08-30T21:11:11+00:00\",\"breadcrumb\":{\"@id\":\"https:\/\/potenciaradiofonicadominicana.com\/portal\/andres-feliz-de-guachupita-a-capitan-de-la-seleccion-dominicana-de-baloncesto\/#breadcrumb\"},\"inLanguage\":\"es\",\"potentialAction\":[{\"@type\":\"ReadAction\",\"target\":[\"https:\/\/potenciaradiofonicadominicana.com\/portal\/andres-feliz-de-guachupita-a-capitan-de-la-seleccion-dominicana-de-baloncesto\/\"]}]},{\"@type\":\"ImageObject\",\"inLanguage\":\"es\",\"@id\":\"https:\/\/potenciaradiofonicadominicana.com\/portal\/andres-feliz-de-guachupita-a-capitan-de-la-seleccion-dominicana-de-baloncesto\/#primaryimage\",\"url\":\"https:\/\/potenciaradiofonicadominicana.com\/portal\/wp-content\/uploads\/2026\/08\/maxresdefault.jpg\",\"contentUrl\":\"https:\/\/potenciaradiofonicadominicana.com\/portal\/wp-content\/uploads\/2026\/08\/maxresdefault.jpg\",\"width\":1280,\"height\":720},{\"@type\":\"BreadcrumbList\",\"@id\":\"https:\/\/potenciaradiofonicadominicana.com\/portal\/andres-feliz-de-guachupita-a-capitan-de-la-seleccion-dominicana-de-baloncesto\/#breadcrumb\",\"itemListElement\":[{\"@type\":\"ListItem\",\"position\":1,\"name\":\"Portada\",\"item\":\"https:\/\/potenciaradiofonicadominicana.com\/portal\/\"},{\"@type\":\"ListItem\",\"position\":2,\"name\":\"Andr\u00e9s Feliz, de Guachupita a capit\u00e1n de la selecci\u00f3n dominicana de baloncesto\"}]},{\"@type\":\"WebSite\",\"@id\":\"https:\/\/potenciaradiofonicadominicana.com\/portal\/#website\",\"url\":\"https:\/\/potenciaradiofonicadominicana.com\/portal\/\",\"name\":\"PotenciaRadiofonicaDominicana.com\",\"description\":\"Peri\u00f3dico Digital\",\"publisher\":{\"@id\":\"https:\/\/potenciaradiofonicadominicana.com\/portal\/#organization\"},\"potentialAction\":[{\"@type\":\"SearchAction\",\"target\":{\"@type\":\"EntryPoint\",\"urlTemplate\":\"https:\/\/potenciaradiofonicadominicana.com\/portal\/?s={search_term_string}\"},\"query-input\":{\"@type\":\"PropertyValueSpecification\",\"valueRequired\":true,\"valueName\":\"search_term_string\"}}],\"inLanguage\":\"es\"},{\"@type\":\"Organization\",\"@id\":\"https:\/\/potenciaradiofonicadominicana.com\/portal\/#organization\",\"name\":\"PotenciaRadiofonicaDominicana.com\",\"url\":\"https:\/\/potenciaradiofonicadominicana.com\/portal\/\",\"logo\":{\"@type\":\"ImageObject\",\"inLanguage\":\"es\",\"@id\":\"https:\/\/potenciaradiofonicadominicana.com\/portal\/#\/schema\/logo\/image\/\",\"url\":\"https:\/\/potenciaradiofonicadominicana.com\/portal\/wp-content\/uploads\/2022\/01\/descarga.png\",\"contentUrl\":\"https:\/\/potenciaradiofonicadominicana.com\/portal\/wp-content\/uploads\/2022\/01\/descarga.png\",\"width\":300,\"height\":100,\"caption\":\"PotenciaRadiofonicaDominicana.com\"},\"image\":{\"@id\":\"https:\/\/potenciaradiofonicadominicana.com\/portal\/#\/schema\/logo\/image\/\"},\"sameAs\":[\"https:\/\/web.facebook.com\/PotenciaRadiofonicaD\"]},{\"@type\":\"Person\",\"@id\":\"https:\/\/potenciaradiofonicadominicana.com\/portal\/#\/schema\/person\/a5cf1fea13877803ee0573ac18b03490\",\"name\":\"Potencia Radiof\u00f3nica Dominicana\",\"image\":{\"@type\":\"ImageObject\",\"inLanguage\":\"es\",\"@id\":\"https:\/\/potenciaradiofonicadominicana.com\/portal\/#\/schema\/person\/image\/\",\"url\":\"https:\/\/secure.gravatar.com\/avatar\/42a55ab9e8ccc656ba34cd791990602a?s=96&d=mm&r=g\",\"contentUrl\":\"https:\/\/secure.gravatar.com\/avatar\/42a55ab9e8ccc656ba34cd791990602a?s=96&d=mm&r=g\",\"caption\":\"Potencia Radiof\u00f3nica Dominicana\"},\"url\":\"https:\/\/potenciaradiofonicadominicana.com\/portal\/author\/johannyalmanzar\/\"}]}<\/script>\n<!-- \/ Yoast SEO plugin. -->","yoast_head_json":{"title":"Andr\u00e9s Feliz, de Guachupita a capit\u00e1n de la selecci\u00f3n dominicana de baloncesto - PotenciaRadiofonicaDominicana.com","robots":{"index":"index","follow":"follow","max-snippet":"max-snippet:-1","max-image-preview":"max-image-preview:large","max-video-preview":"max-video-preview:-1"},"canonical":"https:\/\/potenciaradiofonicadominicana.com\/portal\/andres-feliz-de-guachupita-a-capitan-de-la-seleccion-dominicana-de-baloncesto\/","og_locale":"es_ES","og_type":"article","og_title":"Andr\u00e9s Feliz, de Guachupita a capit\u00e1n de la selecci\u00f3n dominicana de baloncesto - PotenciaRadiofonicaDominicana.com","og_description":"Andr\u00e9s Feliz sali\u00f3 de Guachupita, lleg\u00f3 al baloncesto universitario de Estados Unidos, se abri\u00f3 camino en Europa y alcanz\u00f3 el ...","og_url":"https:\/\/potenciaradiofonicadominicana.com\/portal\/andres-feliz-de-guachupita-a-capitan-de-la-seleccion-dominicana-de-baloncesto\/","og_site_name":"PotenciaRadiofonicaDominicana.com","article_publisher":"https:\/\/web.facebook.com\/PotenciaRadiofonicaD","article_published_time":"2026-08-30T21:11:11+00:00","og_image":[{"width":1280,"height":720,"url":"https:\/\/potenciaradiofonicadominicana.com\/portal\/wp-content\/uploads\/2026\/08\/maxresdefault.jpg","type":"image\/jpeg"}],"author":"Potencia Radiof\u00f3nica Dominicana","twitter_card":"summary_large_image","twitter_misc":{"Escrito por":"Potencia Radiof\u00f3nica Dominicana","Tiempo de lectura":"4 minutos"},"schema":{"@context":"https:\/\/schema.org","@graph":[{"@type":"Article","@id":"https:\/\/potenciaradiofonicadominicana.com\/portal\/andres-feliz-de-guachupita-a-capitan-de-la-seleccion-dominicana-de-baloncesto\/#article","isPartOf":{"@id":"https:\/\/potenciaradiofonicadominicana.com\/portal\/andres-feliz-de-guachupita-a-capitan-de-la-seleccion-dominicana-de-baloncesto\/"},"author":{"name":"Potencia Radiof\u00f3nica Dominicana","@id":"https:\/\/potenciaradiofonicadominicana.com\/portal\/#\/schema\/person\/a5cf1fea13877803ee0573ac18b03490"},"headline":"Andr\u00e9s Feliz, de Guachupita a capit\u00e1n de la selecci\u00f3n dominicana de baloncesto","datePublished":"2026-08-30T21:11:11+00:00","mainEntityOfPage":{"@id":"https:\/\/potenciaradiofonicadominicana.com\/portal\/andres-feliz-de-guachupita-a-capitan-de-la-seleccion-dominicana-de-baloncesto\/"},"wordCount":768,"publisher":{"@id":"https:\/\/potenciaradiofonicadominicana.com\/portal\/#organization"},"image":{"@id":"https:\/\/potenciaradiofonicadominicana.com\/portal\/andres-feliz-de-guachupita-a-capitan-de-la-seleccion-dominicana-de-baloncesto\/#primaryimage"},"thumbnailUrl":"https:\/\/potenciaradiofonicadominicana.com\/portal\/wp-content\/uploads\/2026\/08\/maxresdefault.jpg","articleSection":["Deportes"],"inLanguage":"es"},{"@type":"WebPage","@id":"https:\/\/potenciaradiofonicadominicana.com\/portal\/andres-feliz-de-guachupita-a-capitan-de-la-seleccion-dominicana-de-baloncesto\/","url":"https:\/\/potenciaradiofonicadominicana.com\/portal\/andres-feliz-de-guachupita-a-capitan-de-la-seleccion-dominicana-de-baloncesto\/","name":"Andr\u00e9s Feliz, de Guachupita a capit\u00e1n de la selecci\u00f3n dominicana de baloncesto - PotenciaRadiofonicaDominicana.com","isPartOf":{"@id":"https:\/\/potenciaradiofonicadominicana.com\/portal\/#website"},"primaryImageOfPage":{"@id":"https:\/\/potenciaradiofonicadominicana.com\/portal\/andres-feliz-de-guachupita-a-capitan-de-la-seleccion-dominicana-de-baloncesto\/#primaryimage"},"image":{"@id":"https:\/\/potenciaradiofonicadominicana.com\/portal\/andres-feliz-de-guachupita-a-capitan-de-la-seleccion-dominicana-de-baloncesto\/#primaryimage"},"thumbnailUrl":"https:\/\/potenciaradiofonicadominicana.com\/portal\/wp-content\/uploads\/2026\/08\/maxresdefault.jpg","datePublished":"2026-08-30T21:11:11+00:00","breadcrumb":{"@id":"https:\/\/potenciaradiofonicadominicana.com\/portal\/andres-feliz-de-guachupita-a-capitan-de-la-seleccion-dominicana-de-baloncesto\/#breadcrumb"},"inLanguage":"es","potentialAction":[{"@type":"ReadAction","target":["https:\/\/potenciaradiofonicadominicana.com\/portal\/andres-feliz-de-guachupita-a-capitan-de-la-seleccion-dominicana-de-baloncesto\/"]}]},{"@type":"ImageObject","inLanguage":"es","@id":"https:\/\/potenciaradiofonicadominicana.com\/portal\/andres-feliz-de-guachupita-a-capitan-de-la-seleccion-dominicana-de-baloncesto\/#primaryimage","url":"https:\/\/potenciaradiofonicadominicana.com\/portal\/wp-content\/uploads\/2026\/08\/maxresdefault.jpg","contentUrl":"https:\/\/potenciaradiofonicadominicana.com\/portal\/wp-content\/uploads\/2026\/08\/maxresdefault.jpg","width":1280,"height":720},{"@type":"BreadcrumbList","@id":"https:\/\/potenciaradiofonicadominicana.com\/portal\/andres-feliz-de-guachupita-a-capitan-de-la-seleccion-dominicana-de-baloncesto\/#breadcrumb","itemListElement":[{"@type":"ListItem","position":1,"name":"Portada","item":"https:\/\/potenciaradiofonicadominicana.com\/portal\/"},{"@type":"ListItem","position":2,"name":"Andr\u00e9s Feliz, de Guachupita a capit\u00e1n de la selecci\u00f3n dominicana de baloncesto"}]},{"@type":"WebSite","@id":"https:\/\/potenciaradiofonicadominicana.com\/portal\/#website","url":"https:\/\/potenciaradiofonicadominicana.com\/portal\/","name":"PotenciaRadiofonicaDominicana.com","description":"Peri\u00f3dico Digital","publisher":{"@id":"https:\/\/potenciaradiofonicadominicana.com\/portal\/#organization"},"potentialAction":[{"@type":"SearchAction","target":{"@type":"EntryPoint","urlTemplate":"https:\/\/potenciaradiofonicadominicana.com\/portal\/?s={search_term_string}"},"query-input":{"@type":"PropertyValueSpecification","valueRequired":true,"valueName":"search_term_string"}}],"inLanguage":"es"},{"@type":"Organization","@id":"https:\/\/potenciaradiofonicadominicana.com\/portal\/#organization","name":"PotenciaRadiofonicaDominicana.com","url":"https:\/\/potenciaradiofonicadominicana.com\/portal\/","logo":{"@type":"ImageObject","inLanguage":"es","@id":"https:\/\/potenciaradiofonicadominicana.com\/portal\/#\/schema\/logo\/image\/","url":"https:\/\/potenciaradiofonicadominicana.com\/portal\/wp-content\/uploads\/2022\/01\/descarga.png","contentUrl":"https:\/\/potenciaradiofonicadominicana.com\/portal\/wp-content\/uploads\/2022\/01\/descarga.png","width":300,"height":100,"caption":"PotenciaRadiofonicaDominicana.com"},"image":{"@id":"https:\/\/potenciaradiofonicadominicana.com\/portal\/#\/schema\/logo\/image\/"},"sameAs":["https:\/\/web.facebook.com\/PotenciaRadiofonicaD"]},{"@type":"Person","@id":"https:\/\/potenciaradiofonicadominicana.com\/portal\/#\/schema\/person\/a5cf1fea13877803ee0573ac18b03490","name":"Potencia Radiof\u00f3nica Dominicana","image":{"@type":"ImageObject","inLanguage":"es","@id":"https:\/\/potenciaradiofonicadominicana.com\/portal\/#\/schema\/person\/image\/","url":"https:\/\/secure.gravatar.com\/avatar\/42a55ab9e8ccc656ba34cd791990602a?s=96&d=mm&r=g","contentUrl":"https:\/\/secure.gravatar.com\/avatar\/42a55ab9e8ccc656ba34cd791990602a?s=96&d=mm&r=g","caption":"Potencia Radiof\u00f3nica Dominicana"},"url":"https:\/\/potenciaradiofonicadominicana.com\/portal\/author\/johannyalmanzar\/"}]}},"_links":{"self":[{"href":"https:\/\/potenciaradiofonicadominicana.com\/portal\/wp-json\/wp\/v2\/posts\/224834","targetHints":{"allow":["GET"]}}],"collection":[{"href":"https:\/\/potenciaradiofonicadominicana.com\/portal\/wp-json\/wp\/v2\/posts"}],"about":[{"href":"https:\/\/potenciaradiofonicadominicana.com\/portal\/wp-json\/wp\/v2\/types\/post"}],"author":[{"embeddable":true,"href":"https:\/\/potenciaradiofonicadominicana.com\/portal\/wp-json\/wp\/v2\/users\/2"}],"replies":[{"embeddable":true,"href":"https:\/\/potenciaradiofonicadominicana.com\/portal\/wp-json\/wp\/v2\/comments?post=224834"}],"version-history":[{"count":1,"href":"https:\/\/potenciaradiofonicadominicana.com\/portal\/wp-json\/wp\/v2\/posts\/224834\/revisions"}],"predecessor-version":[{"id":224836,"href":"https:\/\/potenciaradiofonicadominicana.com\/portal\/wp-json\/wp\/v2\/posts\/224834\/revisions\/224836"}],"wp:featuredmedia":[{"embeddable":true,"href":"https:\/\/potenciaradiofonicadominicana.com\/portal\/wp-json\/wp\/v2\/media\/224835"}],"wp:attachment":[{"href":"https:\/\/potenciaradiofonicadominicana.com\/portal\/wp-json\/wp\/v2\/media?parent=224834"}],"wp:term":[{"taxonomy":"category","embeddable":true,"href":"https:\/\/potenciaradiofonicadominicana.com\/portal\/wp-json\/wp\/v2\/categories?post=224834"},{"taxonomy":"post_tag","embeddable":true,"href":"https:\/\/potenciaradiofonicadominicana.com\/portal\/wp-json\/wp\/v2\/tags?post=224834"}],"curies":[{"name":"wp","href":"https:\/\/api.w.org\/{rel}","templated":true}]}}