{"id":224831,"date":"2026-08-30T17:08:46","date_gmt":"2026-08-30T21:08:46","guid":{"rendered":"https:\/\/potenciaradiofonicadominicana.com\/portal\/?p=224831"},"modified":"2026-08-30T17:08:46","modified_gmt":"2026-08-30T21:08:46","slug":"con-sinner-fuera-alcaraz-recien-regresado-y-sabalenka-con-dificultades-el-us-open-vuelve-a-sentirse","status":"publish","type":"post","link":"https:\/\/potenciaradiofonicadominicana.com\/portal\/con-sinner-fuera-alcaraz-recien-regresado-y-sabalenka-con-dificultades-el-us-open-vuelve-a-sentirse\/","title":{"rendered":"Con Sinner fuera, Alcaraz reci\u00e9n regresado y Sabalenka con dificultades, el US Open vuelve a sentirse"},"content":{"rendered":"<p><a href=\"https:\/\/potenciaradiofonicadominicana.com\/portal\/wp-content\/uploads\/2026\/08\/rss-efe6508c8689c409c26338fcc66b97a1927661ec492w.webp\"><img loading=\"lazy\" decoding=\"async\" class=\"alignnone size-full wp-image-224832\" src=\"https:\/\/potenciaradiofonicadominicana.com\/portal\/wp-content\/uploads\/2026\/08\/rss-efe6508c8689c409c26338fcc66b97a1927661ec492w.webp\" alt=\"\" width=\"1920\" height=\"1280\" srcset=\"https:\/\/potenciaradiofonicadominicana.com\/portal\/wp-content\/uploads\/2026\/08\/rss-efe6508c8689c409c26338fcc66b97a1927661ec492w.webp 1920w, https:\/\/potenciaradiofonicadominicana.com\/portal\/wp-content\/uploads\/2026\/08\/rss-efe6508c8689c409c26338fcc66b97a1927661ec492w-300x200.webp 300w, https:\/\/potenciaradiofonicadominicana.com\/portal\/wp-content\/uploads\/2026\/08\/rss-efe6508c8689c409c26338fcc66b97a1927661ec492w-1024x683.webp 1024w, https:\/\/potenciaradiofonicadominicana.com\/portal\/wp-content\/uploads\/2026\/08\/rss-efe6508c8689c409c26338fcc66b97a1927661ec492w-768x512.webp 768w, https:\/\/potenciaradiofonicadominicana.com\/portal\/wp-content\/uploads\/2026\/08\/rss-efe6508c8689c409c26338fcc66b97a1927661ec492w-1536x1024.webp 1536w\" sizes=\"auto, (max-width: 1920px) 100vw, 1920px\" \/><\/a><\/p>\n<p class=\"wp-block-paragraph\">Carlos Alcaraz y Jannik Sinner hicieron que el US Open del a\u00f1o pasado pareciera dos semanas de matar el tiempo hasta lo inevitable.<\/p>\n<p class=\"wp-block-paragraph\">Se hab\u00edan distanciado del resto del tenis masculino al enfrentarse en las finales del Abierto de Francia y Wimbledon. Parec\u00eda un hecho que lograr\u00edan su tercera victoria consecutiva, y as\u00ed fue .<\/p>\n<p class=\"wp-block-paragraph\">Con Sinner, n\u00famero uno del mundo, fuera de juego , Alcaraz regresando ahora para defender su t\u00edtulo tras cuatro meses de ausencia y Novak Djokovic mostrando quiz\u00e1s por fin el paso del tiempo, el US Open vuelve a sentirse, bueno, abierto.<\/p>\n<p class=\"wp-block-paragraph\">Pero no confundas eso con que sea m\u00e1s f\u00e1cil.<\/p>\n<p class=\"wp-block-paragraph\">\u201cEs la misma conversaci\u00f3n\u201d, dijo el jugador estadounidense Frances Tiafoe. \u201cHay que vencer a siete tipos, sea como sea\u201d.<\/p>\n<h2 class=\"wp-block-heading\">El baj\u00f3n veraniego de Sabalenka amenaza su posici\u00f3n en la cima.<\/h2>\n<p class=\"wp-block-paragraph\">La categor\u00eda femenina tambi\u00e9n presenta sus propias inc\u00f3gnitas, ya que Aryna Sabalenka, dos veces campeona defensora del US Open, perdi\u00f3 en la cuarta ronda de Wimbledon y en los dos torneos sobre pista dura que disput\u00f3 posteriormente, lo que pone en peligro su puesto n\u00famero 1 en el ranking.<\/p>\n<p class=\"wp-block-paragraph\">Varias mujeres podr\u00edan alcanzar el primer puesto del ranking, al igual que ganar el trofeo en el \u00faltimo gran torneo del a\u00f1o. Jessica Pegula, n\u00famero 3 del ranking, afirma: \u00abNo hay una o dos jugadoras superdominantes que creas que tienen que perder para que tengas alguna posibilidad\u00bb.<\/p>\n<p class=\"wp-block-paragraph\">\u201cMe parece que es un torneo m\u00e1s abierto en cierto modo, simplemente porque, no s\u00e9, hay m\u00e1s posibilidades\u201d, a\u00f1adi\u00f3 Pegula, que perdi\u00f3 contra Sabalenka en la final de 2024 y en las semifinales del a\u00f1o pasado.<\/p>\n<p class=\"wp-block-paragraph\">La competici\u00f3n comienza el domingo, con Pegula en el partido inaugural del estadio Arthur Ashe y Djokovic abriendo la sesi\u00f3n nocturna antes de que Venus Williams, de 46 a\u00f1os, se enfrente a Sofia Kenin.<\/p>\n<h2 class=\"wp-block-heading\">Las lesiones han dado una oportunidad a otros jugadores.<\/h2>\n<p class=\"wp-block-paragraph\">Alcaraz tiene un d\u00eda m\u00e1s para prepararse. Ha estado\u00a0de baja desde abril por una lesi\u00f3n en la mu\u00f1eca derecha\u00a0, y la semana pasada decidi\u00f3 que estaba listo para regresar en el torneo donde ha ganado dos de sus siete t\u00edtulos de Grand Slam.<\/p>\n<p class=\"wp-block-paragraph\">La m\u00e1s reciente fue en el Abierto de Australia, pero qued\u00f3 eliminado poco despu\u00e9s. Alexander Zverev gan\u00f3 el Abierto de Francia, su primer t\u00edtulo de Grand Slam, perdi\u00f3 contra Sinner en la final de Wimbledon y luego se convirti\u00f3 en el cabeza de serie n\u00famero 1 en Flushing Meadows cuando Sinner determin\u00f3 que la lesi\u00f3n de rodilla que lo ha mantenido fuera desde esa victoria no estaba completamente curada.<\/p>\n<p class=\"wp-block-paragraph\">\u201cLlevamos un par de meses con una situaci\u00f3n bastante similar: mucha incertidumbre, algunos de los mejores jugadores lesionados o sin jugar. Esto es un poco parecido, as\u00ed que hemos visto a muchos jugadores destacar y muchas oportunidades diferentes en juego\u201d, dijo Alex de Minaur, el sexto cabeza de serie de Australia.<\/p>\n","protected":false},"excerpt":{"rendered":"<p>Carlos Alcaraz y Jannik Sinner hicieron que el US Open del a\u00f1o pasado pareciera dos semanas de matar el tiempo &#8230;<\/p>\n","protected":false},"author":2,"featured_media":224832,"comment_status":"closed","ping_status":"closed","sticky":false,"template":"","format":"standard","meta":{"footnotes":""},"categories":[28],"tags":[],"class_list":["post-224831","post","type-post","status-publish","format-standard","has-post-thumbnail","hentry","category-deportes"],"yoast_head":"<!-- This site is optimized with the Yoast SEO plugin v24.8.1 - https:\/\/yoast.com\/wordpress\/plugins\/seo\/ -->\n<title>Con Sinner fuera, Alcaraz reci\u00e9n regresado y Sabalenka con dificultades, el US Open vuelve a sentirse - PotenciaRadiofonicaDominicana.com<\/title>\n<meta name=\"robots\" content=\"index, follow, max-snippet:-1, max-image-preview:large, max-video-preview:-1\" \/>\n<link rel=\"canonical\" href=\"https:\/\/potenciaradiofonicadominicana.com\/portal\/con-sinner-fuera-alcaraz-recien-regresado-y-sabalenka-con-dificultades-el-us-open-vuelve-a-sentirse\/\" \/>\n<meta property=\"og:locale\" content=\"es_ES\" \/>\n<meta property=\"og:type\" content=\"article\" \/>\n<meta property=\"og:title\" content=\"Con Sinner fuera, Alcaraz reci\u00e9n regresado y Sabalenka con dificultades, el US Open vuelve a sentirse - PotenciaRadiofonicaDominicana.com\" \/>\n<meta property=\"og:description\" content=\"Carlos Alcaraz y Jannik Sinner hicieron que el US Open del a\u00f1o pasado pareciera dos semanas de matar el tiempo ...\" \/>\n<meta property=\"og:url\" content=\"https:\/\/potenciaradiofonicadominicana.com\/portal\/con-sinner-fuera-alcaraz-recien-regresado-y-sabalenka-con-dificultades-el-us-open-vuelve-a-sentirse\/\" \/>\n<meta property=\"og:site_name\" content=\"PotenciaRadiofonicaDominicana.com\" \/>\n<meta property=\"article:publisher\" content=\"https:\/\/web.facebook.com\/PotenciaRadiofonicaD\" \/>\n<meta property=\"article:published_time\" content=\"2026-08-30T21:08:46+00:00\" \/>\n<meta property=\"og:image\" content=\"https:\/\/potenciaradiofonicadominicana.com\/portal\/wp-content\/uploads\/2026\/08\/rss-efe6508c8689c409c26338fcc66b97a1927661ec492w.webp\" \/>\n\t<meta property=\"og:image:width\" content=\"1920\" \/>\n\t<meta property=\"og:image:height\" content=\"1280\" \/>\n\t<meta property=\"og:image:type\" content=\"image\/webp\" \/>\n<meta name=\"author\" content=\"Potencia Radiof\u00f3nica Dominicana\" \/>\n<meta name=\"twitter:card\" content=\"summary_large_image\" \/>\n<meta name=\"twitter:label1\" content=\"Escrito por\" \/>\n\t<meta name=\"twitter:data1\" content=\"Potencia Radiof\u00f3nica Dominicana\" \/>\n\t<meta name=\"twitter:label2\" content=\"Tiempo de lectura\" \/>\n\t<meta name=\"twitter:data2\" content=\"3 minutos\" \/>\n<script type=\"application\/ld+json\" class=\"yoast-schema-graph\">{\"@context\":\"https:\/\/schema.org\",\"@graph\":[{\"@type\":\"Article\",\"@id\":\"https:\/\/potenciaradiofonicadominicana.com\/portal\/con-sinner-fuera-alcaraz-recien-regresado-y-sabalenka-con-dificultades-el-us-open-vuelve-a-sentirse\/#article\",\"isPartOf\":{\"@id\":\"https:\/\/potenciaradiofonicadominicana.com\/portal\/con-sinner-fuera-alcaraz-recien-regresado-y-sabalenka-con-dificultades-el-us-open-vuelve-a-sentirse\/\"},\"author\":{\"name\":\"Potencia Radiof\u00f3nica Dominicana\",\"@id\":\"https:\/\/potenciaradiofonicadominicana.com\/portal\/#\/schema\/person\/a5cf1fea13877803ee0573ac18b03490\"},\"headline\":\"Con Sinner fuera, Alcaraz reci\u00e9n regresado y Sabalenka con dificultades, el US Open vuelve a sentirse\",\"datePublished\":\"2026-08-30T21:08:46+00:00\",\"mainEntityOfPage\":{\"@id\":\"https:\/\/potenciaradiofonicadominicana.com\/portal\/con-sinner-fuera-alcaraz-recien-regresado-y-sabalenka-con-dificultades-el-us-open-vuelve-a-sentirse\/\"},\"wordCount\":521,\"publisher\":{\"@id\":\"https:\/\/potenciaradiofonicadominicana.com\/portal\/#organization\"},\"image\":{\"@id\":\"https:\/\/potenciaradiofonicadominicana.com\/portal\/con-sinner-fuera-alcaraz-recien-regresado-y-sabalenka-con-dificultades-el-us-open-vuelve-a-sentirse\/#primaryimage\"},\"thumbnailUrl\":\"https:\/\/potenciaradiofonicadominicana.com\/portal\/wp-content\/uploads\/2026\/08\/rss-efe6508c8689c409c26338fcc66b97a1927661ec492w.webp\",\"articleSection\":[\"Deportes\"],\"inLanguage\":\"es\"},{\"@type\":\"WebPage\",\"@id\":\"https:\/\/potenciaradiofonicadominicana.com\/portal\/con-sinner-fuera-alcaraz-recien-regresado-y-sabalenka-con-dificultades-el-us-open-vuelve-a-sentirse\/\",\"url\":\"https:\/\/potenciaradiofonicadominicana.com\/portal\/con-sinner-fuera-alcaraz-recien-regresado-y-sabalenka-con-dificultades-el-us-open-vuelve-a-sentirse\/\",\"name\":\"Con Sinner fuera, Alcaraz reci\u00e9n regresado y Sabalenka con dificultades, el US Open vuelve a sentirse - PotenciaRadiofonicaDominicana.com\",\"isPartOf\":{\"@id\":\"https:\/\/potenciaradiofonicadominicana.com\/portal\/#website\"},\"primaryImageOfPage\":{\"@id\":\"https:\/\/potenciaradiofonicadominicana.com\/portal\/con-sinner-fuera-alcaraz-recien-regresado-y-sabalenka-con-dificultades-el-us-open-vuelve-a-sentirse\/#primaryimage\"},\"image\":{\"@id\":\"https:\/\/potenciaradiofonicadominicana.com\/portal\/con-sinner-fuera-alcaraz-recien-regresado-y-sabalenka-con-dificultades-el-us-open-vuelve-a-sentirse\/#primaryimage\"},\"thumbnailUrl\":\"https:\/\/potenciaradiofonicadominicana.com\/portal\/wp-content\/uploads\/2026\/08\/rss-efe6508c8689c409c26338fcc66b97a1927661ec492w.webp\",\"datePublished\":\"2026-08-30T21:08:46+00:00\",\"breadcrumb\":{\"@id\":\"https:\/\/potenciaradiofonicadominicana.com\/portal\/con-sinner-fuera-alcaraz-recien-regresado-y-sabalenka-con-dificultades-el-us-open-vuelve-a-sentirse\/#breadcrumb\"},\"inLanguage\":\"es\",\"potentialAction\":[{\"@type\":\"ReadAction\",\"target\":[\"https:\/\/potenciaradiofonicadominicana.com\/portal\/con-sinner-fuera-alcaraz-recien-regresado-y-sabalenka-con-dificultades-el-us-open-vuelve-a-sentirse\/\"]}]},{\"@type\":\"ImageObject\",\"inLanguage\":\"es\",\"@id\":\"https:\/\/potenciaradiofonicadominicana.com\/portal\/con-sinner-fuera-alcaraz-recien-regresado-y-sabalenka-con-dificultades-el-us-open-vuelve-a-sentirse\/#primaryimage\",\"url\":\"https:\/\/potenciaradiofonicadominicana.com\/portal\/wp-content\/uploads\/2026\/08\/rss-efe6508c8689c409c26338fcc66b97a1927661ec492w.webp\",\"contentUrl\":\"https:\/\/potenciaradiofonicadominicana.com\/portal\/wp-content\/uploads\/2026\/08\/rss-efe6508c8689c409c26338fcc66b97a1927661ec492w.webp\",\"width\":1920,\"height\":1280},{\"@type\":\"BreadcrumbList\",\"@id\":\"https:\/\/potenciaradiofonicadominicana.com\/portal\/con-sinner-fuera-alcaraz-recien-regresado-y-sabalenka-con-dificultades-el-us-open-vuelve-a-sentirse\/#breadcrumb\",\"itemListElement\":[{\"@type\":\"ListItem\",\"position\":1,\"name\":\"Portada\",\"item\":\"https:\/\/potenciaradiofonicadominicana.com\/portal\/\"},{\"@type\":\"ListItem\",\"position\":2,\"name\":\"Con Sinner fuera, Alcaraz reci\u00e9n regresado y Sabalenka con dificultades, el US Open vuelve a sentirse\"}]},{\"@type\":\"WebSite\",\"@id\":\"https:\/\/potenciaradiofonicadominicana.com\/portal\/#website\",\"url\":\"https:\/\/potenciaradiofonicadominicana.com\/portal\/\",\"name\":\"PotenciaRadiofonicaDominicana.com\",\"description\":\"Peri\u00f3dico Digital\",\"publisher\":{\"@id\":\"https:\/\/potenciaradiofonicadominicana.com\/portal\/#organization\"},\"potentialAction\":[{\"@type\":\"SearchAction\",\"target\":{\"@type\":\"EntryPoint\",\"urlTemplate\":\"https:\/\/potenciaradiofonicadominicana.com\/portal\/?s={search_term_string}\"},\"query-input\":{\"@type\":\"PropertyValueSpecification\",\"valueRequired\":true,\"valueName\":\"search_term_string\"}}],\"inLanguage\":\"es\"},{\"@type\":\"Organization\",\"@id\":\"https:\/\/potenciaradiofonicadominicana.com\/portal\/#organization\",\"name\":\"PotenciaRadiofonicaDominicana.com\",\"url\":\"https:\/\/potenciaradiofonicadominicana.com\/portal\/\",\"logo\":{\"@type\":\"ImageObject\",\"inLanguage\":\"es\",\"@id\":\"https:\/\/potenciaradiofonicadominicana.com\/portal\/#\/schema\/logo\/image\/\",\"url\":\"https:\/\/potenciaradiofonicadominicana.com\/portal\/wp-content\/uploads\/2022\/01\/descarga.png\",\"contentUrl\":\"https:\/\/potenciaradiofonicadominicana.com\/portal\/wp-content\/uploads\/2022\/01\/descarga.png\",\"width\":300,\"height\":100,\"caption\":\"PotenciaRadiofonicaDominicana.com\"},\"image\":{\"@id\":\"https:\/\/potenciaradiofonicadominicana.com\/portal\/#\/schema\/logo\/image\/\"},\"sameAs\":[\"https:\/\/web.facebook.com\/PotenciaRadiofonicaD\"]},{\"@type\":\"Person\",\"@id\":\"https:\/\/potenciaradiofonicadominicana.com\/portal\/#\/schema\/person\/a5cf1fea13877803ee0573ac18b03490\",\"name\":\"Potencia Radiof\u00f3nica Dominicana\",\"image\":{\"@type\":\"ImageObject\",\"inLanguage\":\"es\",\"@id\":\"https:\/\/potenciaradiofonicadominicana.com\/portal\/#\/schema\/person\/image\/\",\"url\":\"https:\/\/secure.gravatar.com\/avatar\/42a55ab9e8ccc656ba34cd791990602a?s=96&d=mm&r=g\",\"contentUrl\":\"https:\/\/secure.gravatar.com\/avatar\/42a55ab9e8ccc656ba34cd791990602a?s=96&d=mm&r=g\",\"caption\":\"Potencia Radiof\u00f3nica Dominicana\"},\"url\":\"https:\/\/potenciaradiofonicadominicana.com\/portal\/author\/johannyalmanzar\/\"}]}<\/script>\n<!-- \/ Yoast SEO plugin. -->","yoast_head_json":{"title":"Con Sinner fuera, Alcaraz reci\u00e9n regresado y Sabalenka con dificultades, el US Open vuelve a sentirse - PotenciaRadiofonicaDominicana.com","robots":{"index":"index","follow":"follow","max-snippet":"max-snippet:-1","max-image-preview":"max-image-preview:large","max-video-preview":"max-video-preview:-1"},"canonical":"https:\/\/potenciaradiofonicadominicana.com\/portal\/con-sinner-fuera-alcaraz-recien-regresado-y-sabalenka-con-dificultades-el-us-open-vuelve-a-sentirse\/","og_locale":"es_ES","og_type":"article","og_title":"Con Sinner fuera, Alcaraz reci\u00e9n regresado y Sabalenka con dificultades, el US Open vuelve a sentirse - PotenciaRadiofonicaDominicana.com","og_description":"Carlos Alcaraz y Jannik Sinner hicieron que el US Open del a\u00f1o pasado pareciera dos semanas de matar el tiempo ...","og_url":"https:\/\/potenciaradiofonicadominicana.com\/portal\/con-sinner-fuera-alcaraz-recien-regresado-y-sabalenka-con-dificultades-el-us-open-vuelve-a-sentirse\/","og_site_name":"PotenciaRadiofonicaDominicana.com","article_publisher":"https:\/\/web.facebook.com\/PotenciaRadiofonicaD","article_published_time":"2026-08-30T21:08:46+00:00","og_image":[{"width":1920,"height":1280,"url":"https:\/\/potenciaradiofonicadominicana.com\/portal\/wp-content\/uploads\/2026\/08\/rss-efe6508c8689c409c26338fcc66b97a1927661ec492w.webp","type":"image\/webp"}],"author":"Potencia Radiof\u00f3nica Dominicana","twitter_card":"summary_large_image","twitter_misc":{"Escrito por":"Potencia Radiof\u00f3nica Dominicana","Tiempo de lectura":"3 minutos"},"schema":{"@context":"https:\/\/schema.org","@graph":[{"@type":"Article","@id":"https:\/\/potenciaradiofonicadominicana.com\/portal\/con-sinner-fuera-alcaraz-recien-regresado-y-sabalenka-con-dificultades-el-us-open-vuelve-a-sentirse\/#article","isPartOf":{"@id":"https:\/\/potenciaradiofonicadominicana.com\/portal\/con-sinner-fuera-alcaraz-recien-regresado-y-sabalenka-con-dificultades-el-us-open-vuelve-a-sentirse\/"},"author":{"name":"Potencia Radiof\u00f3nica Dominicana","@id":"https:\/\/potenciaradiofonicadominicana.com\/portal\/#\/schema\/person\/a5cf1fea13877803ee0573ac18b03490"},"headline":"Con Sinner fuera, Alcaraz reci\u00e9n regresado y Sabalenka con dificultades, el US Open vuelve a sentirse","datePublished":"2026-08-30T21:08:46+00:00","mainEntityOfPage":{"@id":"https:\/\/potenciaradiofonicadominicana.com\/portal\/con-sinner-fuera-alcaraz-recien-regresado-y-sabalenka-con-dificultades-el-us-open-vuelve-a-sentirse\/"},"wordCount":521,"publisher":{"@id":"https:\/\/potenciaradiofonicadominicana.com\/portal\/#organization"},"image":{"@id":"https:\/\/potenciaradiofonicadominicana.com\/portal\/con-sinner-fuera-alcaraz-recien-regresado-y-sabalenka-con-dificultades-el-us-open-vuelve-a-sentirse\/#primaryimage"},"thumbnailUrl":"https:\/\/potenciaradiofonicadominicana.com\/portal\/wp-content\/uploads\/2026\/08\/rss-efe6508c8689c409c26338fcc66b97a1927661ec492w.webp","articleSection":["Deportes"],"inLanguage":"es"},{"@type":"WebPage","@id":"https:\/\/potenciaradiofonicadominicana.com\/portal\/con-sinner-fuera-alcaraz-recien-regresado-y-sabalenka-con-dificultades-el-us-open-vuelve-a-sentirse\/","url":"https:\/\/potenciaradiofonicadominicana.com\/portal\/con-sinner-fuera-alcaraz-recien-regresado-y-sabalenka-con-dificultades-el-us-open-vuelve-a-sentirse\/","name":"Con Sinner fuera, Alcaraz reci\u00e9n regresado y Sabalenka con dificultades, el US Open vuelve a sentirse - PotenciaRadiofonicaDominicana.com","isPartOf":{"@id":"https:\/\/potenciaradiofonicadominicana.com\/portal\/#website"},"primaryImageOfPage":{"@id":"https:\/\/potenciaradiofonicadominicana.com\/portal\/con-sinner-fuera-alcaraz-recien-regresado-y-sabalenka-con-dificultades-el-us-open-vuelve-a-sentirse\/#primaryimage"},"image":{"@id":"https:\/\/potenciaradiofonicadominicana.com\/portal\/con-sinner-fuera-alcaraz-recien-regresado-y-sabalenka-con-dificultades-el-us-open-vuelve-a-sentirse\/#primaryimage"},"thumbnailUrl":"https:\/\/potenciaradiofonicadominicana.com\/portal\/wp-content\/uploads\/2026\/08\/rss-efe6508c8689c409c26338fcc66b97a1927661ec492w.webp","datePublished":"2026-08-30T21:08:46+00:00","breadcrumb":{"@id":"https:\/\/potenciaradiofonicadominicana.com\/portal\/con-sinner-fuera-alcaraz-recien-regresado-y-sabalenka-con-dificultades-el-us-open-vuelve-a-sentirse\/#breadcrumb"},"inLanguage":"es","potentialAction":[{"@type":"ReadAction","target":["https:\/\/potenciaradiofonicadominicana.com\/portal\/con-sinner-fuera-alcaraz-recien-regresado-y-sabalenka-con-dificultades-el-us-open-vuelve-a-sentirse\/"]}]},{"@type":"ImageObject","inLanguage":"es","@id":"https:\/\/potenciaradiofonicadominicana.com\/portal\/con-sinner-fuera-alcaraz-recien-regresado-y-sabalenka-con-dificultades-el-us-open-vuelve-a-sentirse\/#primaryimage","url":"https:\/\/potenciaradiofonicadominicana.com\/portal\/wp-content\/uploads\/2026\/08\/rss-efe6508c8689c409c26338fcc66b97a1927661ec492w.webp","contentUrl":"https:\/\/potenciaradiofonicadominicana.com\/portal\/wp-content\/uploads\/2026\/08\/rss-efe6508c8689c409c26338fcc66b97a1927661ec492w.webp","width":1920,"height":1280},{"@type":"BreadcrumbList","@id":"https:\/\/potenciaradiofonicadominicana.com\/portal\/con-sinner-fuera-alcaraz-recien-regresado-y-sabalenka-con-dificultades-el-us-open-vuelve-a-sentirse\/#breadcrumb","itemListElement":[{"@type":"ListItem","position":1,"name":"Portada","item":"https:\/\/potenciaradiofonicadominicana.com\/portal\/"},{"@type":"ListItem","position":2,"name":"Con Sinner fuera, Alcaraz reci\u00e9n regresado y Sabalenka con dificultades, el US Open vuelve a sentirse"}]},{"@type":"WebSite","@id":"https:\/\/potenciaradiofonicadominicana.com\/portal\/#website","url":"https:\/\/potenciaradiofonicadominicana.com\/portal\/","name":"PotenciaRadiofonicaDominicana.com","description":"Peri\u00f3dico Digital","publisher":{"@id":"https:\/\/potenciaradiofonicadominicana.com\/portal\/#organization"},"potentialAction":[{"@type":"SearchAction","target":{"@type":"EntryPoint","urlTemplate":"https:\/\/potenciaradiofonicadominicana.com\/portal\/?s={search_term_string}"},"query-input":{"@type":"PropertyValueSpecification","valueRequired":true,"valueName":"search_term_string"}}],"inLanguage":"es"},{"@type":"Organization","@id":"https:\/\/potenciaradiofonicadominicana.com\/portal\/#organization","name":"PotenciaRadiofonicaDominicana.com","url":"https:\/\/potenciaradiofonicadominicana.com\/portal\/","logo":{"@type":"ImageObject","inLanguage":"es","@id":"https:\/\/potenciaradiofonicadominicana.com\/portal\/#\/schema\/logo\/image\/","url":"https:\/\/potenciaradiofonicadominicana.com\/portal\/wp-content\/uploads\/2022\/01\/descarga.png","contentUrl":"https:\/\/potenciaradiofonicadominicana.com\/portal\/wp-content\/uploads\/2022\/01\/descarga.png","width":300,"height":100,"caption":"PotenciaRadiofonicaDominicana.com"},"image":{"@id":"https:\/\/potenciaradiofonicadominicana.com\/portal\/#\/schema\/logo\/image\/"},"sameAs":["https:\/\/web.facebook.com\/PotenciaRadiofonicaD"]},{"@type":"Person","@id":"https:\/\/potenciaradiofonicadominicana.com\/portal\/#\/schema\/person\/a5cf1fea13877803ee0573ac18b03490","name":"Potencia Radiof\u00f3nica Dominicana","image":{"@type":"ImageObject","inLanguage":"es","@id":"https:\/\/potenciaradiofonicadominicana.com\/portal\/#\/schema\/person\/image\/","url":"https:\/\/secure.gravatar.com\/avatar\/42a55ab9e8ccc656ba34cd791990602a?s=96&d=mm&r=g","contentUrl":"https:\/\/secure.gravatar.com\/avatar\/42a55ab9e8ccc656ba34cd791990602a?s=96&d=mm&r=g","caption":"Potencia Radiof\u00f3nica Dominicana"},"url":"https:\/\/potenciaradiofonicadominicana.com\/portal\/author\/johannyalmanzar\/"}]}},"_links":{"self":[{"href":"https:\/\/potenciaradiofonicadominicana.com\/portal\/wp-json\/wp\/v2\/posts\/224831","targetHints":{"allow":["GET"]}}],"collection":[{"href":"https:\/\/potenciaradiofonicadominicana.com\/portal\/wp-json\/wp\/v2\/posts"}],"about":[{"href":"https:\/\/potenciaradiofonicadominicana.com\/portal\/wp-json\/wp\/v2\/types\/post"}],"author":[{"embeddable":true,"href":"https:\/\/potenciaradiofonicadominicana.com\/portal\/wp-json\/wp\/v2\/users\/2"}],"replies":[{"embeddable":true,"href":"https:\/\/potenciaradiofonicadominicana.com\/portal\/wp-json\/wp\/v2\/comments?post=224831"}],"version-history":[{"count":1,"href":"https:\/\/potenciaradiofonicadominicana.com\/portal\/wp-json\/wp\/v2\/posts\/224831\/revisions"}],"predecessor-version":[{"id":224833,"href":"https:\/\/potenciaradiofonicadominicana.com\/portal\/wp-json\/wp\/v2\/posts\/224831\/revisions\/224833"}],"wp:featuredmedia":[{"embeddable":true,"href":"https:\/\/potenciaradiofonicadominicana.com\/portal\/wp-json\/wp\/v2\/media\/224832"}],"wp:attachment":[{"href":"https:\/\/potenciaradiofonicadominicana.com\/portal\/wp-json\/wp\/v2\/media?parent=224831"}],"wp:term":[{"taxonomy":"category","embeddable":true,"href":"https:\/\/potenciaradiofonicadominicana.com\/portal\/wp-json\/wp\/v2\/categories?post=224831"},{"taxonomy":"post_tag","embeddable":true,"href":"https:\/\/potenciaradiofonicadominicana.com\/portal\/wp-json\/wp\/v2\/tags?post=224831"}],"curies":[{"name":"wp","href":"https:\/\/api.w.org\/{rel}","templated":true}]}}