{"id":224828,"date":"2026-08-30T17:06:47","date_gmt":"2026-08-30T21:06:47","guid":{"rendered":"https:\/\/potenciaradiofonicadominicana.com\/portal\/?p=224828"},"modified":"2026-08-30T17:06:47","modified_gmt":"2026-08-30T21:06:47","slug":"marc-marquez-se-lleva-la-carrera-esprint-del-gp-de-aragon","status":"publish","type":"post","link":"https:\/\/potenciaradiofonicadominicana.com\/portal\/marc-marquez-se-lleva-la-carrera-esprint-del-gp-de-aragon\/","title":{"rendered":"Marc M\u00e1rquez se lleva la carrera esprint del GP de Arag\u00f3n"},"content":{"rendered":"<p><a href=\"https:\/\/potenciaradiofonicadominicana.com\/portal\/wp-content\/uploads\/2026\/08\/marc-marquez-ducati-team-2.jpg\"><img loading=\"lazy\" decoding=\"async\" class=\"alignnone size-full wp-image-224829\" src=\"https:\/\/potenciaradiofonicadominicana.com\/portal\/wp-content\/uploads\/2026\/08\/marc-marquez-ducati-team-2.jpg\" alt=\"\" width=\"1200\" height=\"799\" srcset=\"https:\/\/potenciaradiofonicadominicana.com\/portal\/wp-content\/uploads\/2026\/08\/marc-marquez-ducati-team-2.jpg 1200w, https:\/\/potenciaradiofonicadominicana.com\/portal\/wp-content\/uploads\/2026\/08\/marc-marquez-ducati-team-2-300x200.jpg 300w, https:\/\/potenciaradiofonicadominicana.com\/portal\/wp-content\/uploads\/2026\/08\/marc-marquez-ducati-team-2-1024x682.jpg 1024w, https:\/\/potenciaradiofonicadominicana.com\/portal\/wp-content\/uploads\/2026\/08\/marc-marquez-ducati-team-2-768x511.jpg 768w\" sizes=\"auto, (max-width: 1200px) 100vw, 1200px\" \/><\/a><\/p>\n<p>El vigente campe\u00f3n del mundo de MotoGP, el espa\u00f1ol Marc M\u00e1rquez (Ducati), gan\u00f3 el s\u00e1bado la carrera esprint del Gran Premio de Arag\u00f3n, 13\u00aa de las 22 pruebas e la temporada de MotoGP, sobre el trazado MotorLand.<\/p>\n<p>Marc super\u00f3 a su hermano \u00c1lex (Ducati-Gresini) y al italiano Marco Bezzecchi (Aprilia), que pese a haber logrado la pole con un gran tiempo, perdi\u00f3 dos posiciones en los primeros metros de carrera.<\/p>\n<p>La victoria permite a M\u00e1rquez recortar siete puntos la distancia en el campeonato respecto al l\u00edder provisional Jorge Mart\u00edn (Aprilia), que fue quinto en la esprint.<\/p>\n<p>Sobre el trazado aragon\u00e9s, el catal\u00e1n de 33 a\u00f1os suma siete victorias en los \u00faltimos 11 Grandes Premios, incluidas las dos \u00faltimas ediciones (2024, 2025). Una octava victoria el domingo colocar\u00eda a Marc M\u00e1rquez de nuevo en la lucha directa por una nueva corona mundial.<\/p>\n<p>El siete veces campe\u00f3n del mundo de MotoGP fue sorprendido por Bezzecchi en la sesi\u00f3n de clasificaci\u00f3n, en la que el italiano bati\u00f3 el r\u00e9cord del circuito (1:44.962) para lograr la decimosegunda pole de su carrera.<\/p>\n<p>Segundo en la parrilla, el piloto Ducati busc\u00f3 el interior, apur\u00f3 la frenada y se hizo con las riendas de la carrera, por delante de su hermano, que tambi\u00e9n sorprendi\u00f3 a Bezzecchi en el primer giro.<\/p>\n<p>\u00abSab\u00eda que Marco ten\u00eda un neum\u00e1tico blando y yo medio as\u00ed que mi \u00fanica opci\u00f3n para ganar era tener una buena salida y adelantarlo en la primera curva. Creo que podemos mejorar todav\u00eda para el Gran Premio (del domingo)\u00bb, explic\u00f3 Marc M\u00e1rquez.<\/p>\n<p>El tambi\u00e9n espa\u00f1ol Pedro Acosta (KTM) fue cuarto, por delante de sus compatriotas Mart\u00edn y de Ferm\u00edn Aldeguer (Ducati-Gresini).<\/p>\n<p>El brasile\u00f1o Diogo Moreira (Honda-LCR) se hizo con la s\u00e9ptima posici\u00f3n, seguido del espa\u00f1ol Ra\u00fal Fern\u00e1ndez (Aprilia-Trackhouse).<\/p>\n<p>El domingo (12h00 GMT) M\u00e1rquez deber\u00e1 volver a encontrar la forma de superar a Bezzecchi para conseguir los 25 puntos que pueden reajustar la lucha por el t\u00edtulo.<\/p>\n<p>El campe\u00f3n del mundo en 2024 Jorge Mart\u00edn, que nunca ha ganado en Arag\u00f3n, mantiene 29 puntos de ventaja sobre Bezzecchi y 33 sobre M\u00e1rquez, por lo que tiene asegurado llegar al pr\u00f3ximo Gran Premio de San Marino (11 al 13 de septiembre) como l\u00edder, incluso en caso de ca\u00edda y victoria de alguno de sus rivales.<\/p>\n","protected":false},"excerpt":{"rendered":"<p>El vigente campe\u00f3n del mundo de MotoGP, el espa\u00f1ol Marc M\u00e1rquez (Ducati), gan\u00f3 el s\u00e1bado la carrera esprint del Gran &#8230;<\/p>\n","protected":false},"author":2,"featured_media":224829,"comment_status":"closed","ping_status":"closed","sticky":false,"template":"","format":"standard","meta":{"footnotes":""},"categories":[28],"tags":[],"class_list":["post-224828","post","type-post","status-publish","format-standard","has-post-thumbnail","hentry","category-deportes"],"yoast_head":"<!-- This site is optimized with the Yoast SEO plugin v24.8.1 - https:\/\/yoast.com\/wordpress\/plugins\/seo\/ -->\n<title>Marc M\u00e1rquez se lleva la carrera esprint del GP de Arag\u00f3n - PotenciaRadiofonicaDominicana.com<\/title>\n<meta name=\"robots\" content=\"index, follow, max-snippet:-1, max-image-preview:large, max-video-preview:-1\" \/>\n<link rel=\"canonical\" href=\"https:\/\/potenciaradiofonicadominicana.com\/portal\/marc-marquez-se-lleva-la-carrera-esprint-del-gp-de-aragon\/\" \/>\n<meta property=\"og:locale\" content=\"es_ES\" \/>\n<meta property=\"og:type\" content=\"article\" \/>\n<meta property=\"og:title\" content=\"Marc M\u00e1rquez se lleva la carrera esprint del GP de Arag\u00f3n - PotenciaRadiofonicaDominicana.com\" \/>\n<meta property=\"og:description\" content=\"El vigente campe\u00f3n del mundo de MotoGP, el espa\u00f1ol Marc M\u00e1rquez (Ducati), gan\u00f3 el s\u00e1bado la carrera esprint del Gran ...\" \/>\n<meta property=\"og:url\" content=\"https:\/\/potenciaradiofonicadominicana.com\/portal\/marc-marquez-se-lleva-la-carrera-esprint-del-gp-de-aragon\/\" \/>\n<meta property=\"og:site_name\" content=\"PotenciaRadiofonicaDominicana.com\" \/>\n<meta property=\"article:publisher\" content=\"https:\/\/web.facebook.com\/PotenciaRadiofonicaD\" \/>\n<meta property=\"article:published_time\" content=\"2026-08-30T21:06:47+00:00\" \/>\n<meta property=\"og:image\" content=\"https:\/\/potenciaradiofonicadominicana.com\/portal\/wp-content\/uploads\/2026\/08\/marc-marquez-ducati-team-2.jpg\" \/>\n\t<meta property=\"og:image:width\" content=\"1200\" \/>\n\t<meta property=\"og:image:height\" content=\"799\" \/>\n\t<meta property=\"og:image:type\" content=\"image\/jpeg\" \/>\n<meta name=\"author\" content=\"Potencia Radiof\u00f3nica Dominicana\" \/>\n<meta name=\"twitter:card\" content=\"summary_large_image\" \/>\n<meta name=\"twitter:label1\" content=\"Escrito por\" \/>\n\t<meta name=\"twitter:data1\" content=\"Potencia Radiof\u00f3nica Dominicana\" \/>\n\t<meta name=\"twitter:label2\" content=\"Tiempo de lectura\" \/>\n\t<meta name=\"twitter:data2\" content=\"3 minutos\" \/>\n<script type=\"application\/ld+json\" class=\"yoast-schema-graph\">{\"@context\":\"https:\/\/schema.org\",\"@graph\":[{\"@type\":\"Article\",\"@id\":\"https:\/\/potenciaradiofonicadominicana.com\/portal\/marc-marquez-se-lleva-la-carrera-esprint-del-gp-de-aragon\/#article\",\"isPartOf\":{\"@id\":\"https:\/\/potenciaradiofonicadominicana.com\/portal\/marc-marquez-se-lleva-la-carrera-esprint-del-gp-de-aragon\/\"},\"author\":{\"name\":\"Potencia Radiof\u00f3nica Dominicana\",\"@id\":\"https:\/\/potenciaradiofonicadominicana.com\/portal\/#\/schema\/person\/a5cf1fea13877803ee0573ac18b03490\"},\"headline\":\"Marc M\u00e1rquez se lleva la carrera esprint del GP de Arag\u00f3n\",\"datePublished\":\"2026-08-30T21:06:47+00:00\",\"mainEntityOfPage\":{\"@id\":\"https:\/\/potenciaradiofonicadominicana.com\/portal\/marc-marquez-se-lleva-la-carrera-esprint-del-gp-de-aragon\/\"},\"wordCount\":419,\"publisher\":{\"@id\":\"https:\/\/potenciaradiofonicadominicana.com\/portal\/#organization\"},\"image\":{\"@id\":\"https:\/\/potenciaradiofonicadominicana.com\/portal\/marc-marquez-se-lleva-la-carrera-esprint-del-gp-de-aragon\/#primaryimage\"},\"thumbnailUrl\":\"https:\/\/potenciaradiofonicadominicana.com\/portal\/wp-content\/uploads\/2026\/08\/marc-marquez-ducati-team-2.jpg\",\"articleSection\":[\"Deportes\"],\"inLanguage\":\"es\"},{\"@type\":\"WebPage\",\"@id\":\"https:\/\/potenciaradiofonicadominicana.com\/portal\/marc-marquez-se-lleva-la-carrera-esprint-del-gp-de-aragon\/\",\"url\":\"https:\/\/potenciaradiofonicadominicana.com\/portal\/marc-marquez-se-lleva-la-carrera-esprint-del-gp-de-aragon\/\",\"name\":\"Marc M\u00e1rquez se lleva la carrera esprint del GP de Arag\u00f3n - PotenciaRadiofonicaDominicana.com\",\"isPartOf\":{\"@id\":\"https:\/\/potenciaradiofonicadominicana.com\/portal\/#website\"},\"primaryImageOfPage\":{\"@id\":\"https:\/\/potenciaradiofonicadominicana.com\/portal\/marc-marquez-se-lleva-la-carrera-esprint-del-gp-de-aragon\/#primaryimage\"},\"image\":{\"@id\":\"https:\/\/potenciaradiofonicadominicana.com\/portal\/marc-marquez-se-lleva-la-carrera-esprint-del-gp-de-aragon\/#primaryimage\"},\"thumbnailUrl\":\"https:\/\/potenciaradiofonicadominicana.com\/portal\/wp-content\/uploads\/2026\/08\/marc-marquez-ducati-team-2.jpg\",\"datePublished\":\"2026-08-30T21:06:47+00:00\",\"breadcrumb\":{\"@id\":\"https:\/\/potenciaradiofonicadominicana.com\/portal\/marc-marquez-se-lleva-la-carrera-esprint-del-gp-de-aragon\/#breadcrumb\"},\"inLanguage\":\"es\",\"potentialAction\":[{\"@type\":\"ReadAction\",\"target\":[\"https:\/\/potenciaradiofonicadominicana.com\/portal\/marc-marquez-se-lleva-la-carrera-esprint-del-gp-de-aragon\/\"]}]},{\"@type\":\"ImageObject\",\"inLanguage\":\"es\",\"@id\":\"https:\/\/potenciaradiofonicadominicana.com\/portal\/marc-marquez-se-lleva-la-carrera-esprint-del-gp-de-aragon\/#primaryimage\",\"url\":\"https:\/\/potenciaradiofonicadominicana.com\/portal\/wp-content\/uploads\/2026\/08\/marc-marquez-ducati-team-2.jpg\",\"contentUrl\":\"https:\/\/potenciaradiofonicadominicana.com\/portal\/wp-content\/uploads\/2026\/08\/marc-marquez-ducati-team-2.jpg\",\"width\":1200,\"height\":799},{\"@type\":\"BreadcrumbList\",\"@id\":\"https:\/\/potenciaradiofonicadominicana.com\/portal\/marc-marquez-se-lleva-la-carrera-esprint-del-gp-de-aragon\/#breadcrumb\",\"itemListElement\":[{\"@type\":\"ListItem\",\"position\":1,\"name\":\"Portada\",\"item\":\"https:\/\/potenciaradiofonicadominicana.com\/portal\/\"},{\"@type\":\"ListItem\",\"position\":2,\"name\":\"Marc M\u00e1rquez se lleva la carrera esprint del GP de Arag\u00f3n\"}]},{\"@type\":\"WebSite\",\"@id\":\"https:\/\/potenciaradiofonicadominicana.com\/portal\/#website\",\"url\":\"https:\/\/potenciaradiofonicadominicana.com\/portal\/\",\"name\":\"PotenciaRadiofonicaDominicana.com\",\"description\":\"Peri\u00f3dico Digital\",\"publisher\":{\"@id\":\"https:\/\/potenciaradiofonicadominicana.com\/portal\/#organization\"},\"potentialAction\":[{\"@type\":\"SearchAction\",\"target\":{\"@type\":\"EntryPoint\",\"urlTemplate\":\"https:\/\/potenciaradiofonicadominicana.com\/portal\/?s={search_term_string}\"},\"query-input\":{\"@type\":\"PropertyValueSpecification\",\"valueRequired\":true,\"valueName\":\"search_term_string\"}}],\"inLanguage\":\"es\"},{\"@type\":\"Organization\",\"@id\":\"https:\/\/potenciaradiofonicadominicana.com\/portal\/#organization\",\"name\":\"PotenciaRadiofonicaDominicana.com\",\"url\":\"https:\/\/potenciaradiofonicadominicana.com\/portal\/\",\"logo\":{\"@type\":\"ImageObject\",\"inLanguage\":\"es\",\"@id\":\"https:\/\/potenciaradiofonicadominicana.com\/portal\/#\/schema\/logo\/image\/\",\"url\":\"https:\/\/potenciaradiofonicadominicana.com\/portal\/wp-content\/uploads\/2022\/01\/descarga.png\",\"contentUrl\":\"https:\/\/potenciaradiofonicadominicana.com\/portal\/wp-content\/uploads\/2022\/01\/descarga.png\",\"width\":300,\"height\":100,\"caption\":\"PotenciaRadiofonicaDominicana.com\"},\"image\":{\"@id\":\"https:\/\/potenciaradiofonicadominicana.com\/portal\/#\/schema\/logo\/image\/\"},\"sameAs\":[\"https:\/\/web.facebook.com\/PotenciaRadiofonicaD\"]},{\"@type\":\"Person\",\"@id\":\"https:\/\/potenciaradiofonicadominicana.com\/portal\/#\/schema\/person\/a5cf1fea13877803ee0573ac18b03490\",\"name\":\"Potencia Radiof\u00f3nica Dominicana\",\"image\":{\"@type\":\"ImageObject\",\"inLanguage\":\"es\",\"@id\":\"https:\/\/potenciaradiofonicadominicana.com\/portal\/#\/schema\/person\/image\/\",\"url\":\"https:\/\/secure.gravatar.com\/avatar\/42a55ab9e8ccc656ba34cd791990602a?s=96&d=mm&r=g\",\"contentUrl\":\"https:\/\/secure.gravatar.com\/avatar\/42a55ab9e8ccc656ba34cd791990602a?s=96&d=mm&r=g\",\"caption\":\"Potencia Radiof\u00f3nica Dominicana\"},\"url\":\"https:\/\/potenciaradiofonicadominicana.com\/portal\/author\/johannyalmanzar\/\"}]}<\/script>\n<!-- \/ Yoast SEO plugin. -->","yoast_head_json":{"title":"Marc M\u00e1rquez se lleva la carrera esprint del GP de Arag\u00f3n - PotenciaRadiofonicaDominicana.com","robots":{"index":"index","follow":"follow","max-snippet":"max-snippet:-1","max-image-preview":"max-image-preview:large","max-video-preview":"max-video-preview:-1"},"canonical":"https:\/\/potenciaradiofonicadominicana.com\/portal\/marc-marquez-se-lleva-la-carrera-esprint-del-gp-de-aragon\/","og_locale":"es_ES","og_type":"article","og_title":"Marc M\u00e1rquez se lleva la carrera esprint del GP de Arag\u00f3n - PotenciaRadiofonicaDominicana.com","og_description":"El vigente campe\u00f3n del mundo de MotoGP, el espa\u00f1ol Marc M\u00e1rquez (Ducati), gan\u00f3 el s\u00e1bado la carrera esprint del Gran ...","og_url":"https:\/\/potenciaradiofonicadominicana.com\/portal\/marc-marquez-se-lleva-la-carrera-esprint-del-gp-de-aragon\/","og_site_name":"PotenciaRadiofonicaDominicana.com","article_publisher":"https:\/\/web.facebook.com\/PotenciaRadiofonicaD","article_published_time":"2026-08-30T21:06:47+00:00","og_image":[{"width":1200,"height":799,"url":"https:\/\/potenciaradiofonicadominicana.com\/portal\/wp-content\/uploads\/2026\/08\/marc-marquez-ducati-team-2.jpg","type":"image\/jpeg"}],"author":"Potencia Radiof\u00f3nica Dominicana","twitter_card":"summary_large_image","twitter_misc":{"Escrito por":"Potencia Radiof\u00f3nica Dominicana","Tiempo de lectura":"3 minutos"},"schema":{"@context":"https:\/\/schema.org","@graph":[{"@type":"Article","@id":"https:\/\/potenciaradiofonicadominicana.com\/portal\/marc-marquez-se-lleva-la-carrera-esprint-del-gp-de-aragon\/#article","isPartOf":{"@id":"https:\/\/potenciaradiofonicadominicana.com\/portal\/marc-marquez-se-lleva-la-carrera-esprint-del-gp-de-aragon\/"},"author":{"name":"Potencia Radiof\u00f3nica Dominicana","@id":"https:\/\/potenciaradiofonicadominicana.com\/portal\/#\/schema\/person\/a5cf1fea13877803ee0573ac18b03490"},"headline":"Marc M\u00e1rquez se lleva la carrera esprint del GP de Arag\u00f3n","datePublished":"2026-08-30T21:06:47+00:00","mainEntityOfPage":{"@id":"https:\/\/potenciaradiofonicadominicana.com\/portal\/marc-marquez-se-lleva-la-carrera-esprint-del-gp-de-aragon\/"},"wordCount":419,"publisher":{"@id":"https:\/\/potenciaradiofonicadominicana.com\/portal\/#organization"},"image":{"@id":"https:\/\/potenciaradiofonicadominicana.com\/portal\/marc-marquez-se-lleva-la-carrera-esprint-del-gp-de-aragon\/#primaryimage"},"thumbnailUrl":"https:\/\/potenciaradiofonicadominicana.com\/portal\/wp-content\/uploads\/2026\/08\/marc-marquez-ducati-team-2.jpg","articleSection":["Deportes"],"inLanguage":"es"},{"@type":"WebPage","@id":"https:\/\/potenciaradiofonicadominicana.com\/portal\/marc-marquez-se-lleva-la-carrera-esprint-del-gp-de-aragon\/","url":"https:\/\/potenciaradiofonicadominicana.com\/portal\/marc-marquez-se-lleva-la-carrera-esprint-del-gp-de-aragon\/","name":"Marc M\u00e1rquez se lleva la carrera esprint del GP de Arag\u00f3n - PotenciaRadiofonicaDominicana.com","isPartOf":{"@id":"https:\/\/potenciaradiofonicadominicana.com\/portal\/#website"},"primaryImageOfPage":{"@id":"https:\/\/potenciaradiofonicadominicana.com\/portal\/marc-marquez-se-lleva-la-carrera-esprint-del-gp-de-aragon\/#primaryimage"},"image":{"@id":"https:\/\/potenciaradiofonicadominicana.com\/portal\/marc-marquez-se-lleva-la-carrera-esprint-del-gp-de-aragon\/#primaryimage"},"thumbnailUrl":"https:\/\/potenciaradiofonicadominicana.com\/portal\/wp-content\/uploads\/2026\/08\/marc-marquez-ducati-team-2.jpg","datePublished":"2026-08-30T21:06:47+00:00","breadcrumb":{"@id":"https:\/\/potenciaradiofonicadominicana.com\/portal\/marc-marquez-se-lleva-la-carrera-esprint-del-gp-de-aragon\/#breadcrumb"},"inLanguage":"es","potentialAction":[{"@type":"ReadAction","target":["https:\/\/potenciaradiofonicadominicana.com\/portal\/marc-marquez-se-lleva-la-carrera-esprint-del-gp-de-aragon\/"]}]},{"@type":"ImageObject","inLanguage":"es","@id":"https:\/\/potenciaradiofonicadominicana.com\/portal\/marc-marquez-se-lleva-la-carrera-esprint-del-gp-de-aragon\/#primaryimage","url":"https:\/\/potenciaradiofonicadominicana.com\/portal\/wp-content\/uploads\/2026\/08\/marc-marquez-ducati-team-2.jpg","contentUrl":"https:\/\/potenciaradiofonicadominicana.com\/portal\/wp-content\/uploads\/2026\/08\/marc-marquez-ducati-team-2.jpg","width":1200,"height":799},{"@type":"BreadcrumbList","@id":"https:\/\/potenciaradiofonicadominicana.com\/portal\/marc-marquez-se-lleva-la-carrera-esprint-del-gp-de-aragon\/#breadcrumb","itemListElement":[{"@type":"ListItem","position":1,"name":"Portada","item":"https:\/\/potenciaradiofonicadominicana.com\/portal\/"},{"@type":"ListItem","position":2,"name":"Marc M\u00e1rquez se lleva la carrera esprint del GP de Arag\u00f3n"}]},{"@type":"WebSite","@id":"https:\/\/potenciaradiofonicadominicana.com\/portal\/#website","url":"https:\/\/potenciaradiofonicadominicana.com\/portal\/","name":"PotenciaRadiofonicaDominicana.com","description":"Peri\u00f3dico Digital","publisher":{"@id":"https:\/\/potenciaradiofonicadominicana.com\/portal\/#organization"},"potentialAction":[{"@type":"SearchAction","target":{"@type":"EntryPoint","urlTemplate":"https:\/\/potenciaradiofonicadominicana.com\/portal\/?s={search_term_string}"},"query-input":{"@type":"PropertyValueSpecification","valueRequired":true,"valueName":"search_term_string"}}],"inLanguage":"es"},{"@type":"Organization","@id":"https:\/\/potenciaradiofonicadominicana.com\/portal\/#organization","name":"PotenciaRadiofonicaDominicana.com","url":"https:\/\/potenciaradiofonicadominicana.com\/portal\/","logo":{"@type":"ImageObject","inLanguage":"es","@id":"https:\/\/potenciaradiofonicadominicana.com\/portal\/#\/schema\/logo\/image\/","url":"https:\/\/potenciaradiofonicadominicana.com\/portal\/wp-content\/uploads\/2022\/01\/descarga.png","contentUrl":"https:\/\/potenciaradiofonicadominicana.com\/portal\/wp-content\/uploads\/2022\/01\/descarga.png","width":300,"height":100,"caption":"PotenciaRadiofonicaDominicana.com"},"image":{"@id":"https:\/\/potenciaradiofonicadominicana.com\/portal\/#\/schema\/logo\/image\/"},"sameAs":["https:\/\/web.facebook.com\/PotenciaRadiofonicaD"]},{"@type":"Person","@id":"https:\/\/potenciaradiofonicadominicana.com\/portal\/#\/schema\/person\/a5cf1fea13877803ee0573ac18b03490","name":"Potencia Radiof\u00f3nica Dominicana","image":{"@type":"ImageObject","inLanguage":"es","@id":"https:\/\/potenciaradiofonicadominicana.com\/portal\/#\/schema\/person\/image\/","url":"https:\/\/secure.gravatar.com\/avatar\/42a55ab9e8ccc656ba34cd791990602a?s=96&d=mm&r=g","contentUrl":"https:\/\/secure.gravatar.com\/avatar\/42a55ab9e8ccc656ba34cd791990602a?s=96&d=mm&r=g","caption":"Potencia Radiof\u00f3nica Dominicana"},"url":"https:\/\/potenciaradiofonicadominicana.com\/portal\/author\/johannyalmanzar\/"}]}},"_links":{"self":[{"href":"https:\/\/potenciaradiofonicadominicana.com\/portal\/wp-json\/wp\/v2\/posts\/224828","targetHints":{"allow":["GET"]}}],"collection":[{"href":"https:\/\/potenciaradiofonicadominicana.com\/portal\/wp-json\/wp\/v2\/posts"}],"about":[{"href":"https:\/\/potenciaradiofonicadominicana.com\/portal\/wp-json\/wp\/v2\/types\/post"}],"author":[{"embeddable":true,"href":"https:\/\/potenciaradiofonicadominicana.com\/portal\/wp-json\/wp\/v2\/users\/2"}],"replies":[{"embeddable":true,"href":"https:\/\/potenciaradiofonicadominicana.com\/portal\/wp-json\/wp\/v2\/comments?post=224828"}],"version-history":[{"count":1,"href":"https:\/\/potenciaradiofonicadominicana.com\/portal\/wp-json\/wp\/v2\/posts\/224828\/revisions"}],"predecessor-version":[{"id":224830,"href":"https:\/\/potenciaradiofonicadominicana.com\/portal\/wp-json\/wp\/v2\/posts\/224828\/revisions\/224830"}],"wp:featuredmedia":[{"embeddable":true,"href":"https:\/\/potenciaradiofonicadominicana.com\/portal\/wp-json\/wp\/v2\/media\/224829"}],"wp:attachment":[{"href":"https:\/\/potenciaradiofonicadominicana.com\/portal\/wp-json\/wp\/v2\/media?parent=224828"}],"wp:term":[{"taxonomy":"category","embeddable":true,"href":"https:\/\/potenciaradiofonicadominicana.com\/portal\/wp-json\/wp\/v2\/categories?post=224828"},{"taxonomy":"post_tag","embeddable":true,"href":"https:\/\/potenciaradiofonicadominicana.com\/portal\/wp-json\/wp\/v2\/tags?post=224828"}],"curies":[{"name":"wp","href":"https:\/\/api.w.org\/{rel}","templated":true}]}}