{"id":224806,"date":"2026-08-30T16:48:22","date_gmt":"2026-08-30T20:48:22","guid":{"rendered":"https:\/\/potenciaradiofonicadominicana.com\/portal\/?p=224806"},"modified":"2026-08-30T16:48:22","modified_gmt":"2026-08-30T20:48:22","slug":"encuentran-un-inesperado-rasgo-psicologico-humano-en-inteligencias-artificiales","status":"publish","type":"post","link":"https:\/\/potenciaradiofonicadominicana.com\/portal\/encuentran-un-inesperado-rasgo-psicologico-humano-en-inteligencias-artificiales\/","title":{"rendered":"Encuentran un inesperado rasgo psicol\u00f3gico humano en inteligencias artificiales"},"content":{"rendered":"<p><a href=\"https:\/\/potenciaradiofonicadominicana.com\/portal\/wp-content\/uploads\/2026\/08\/1509_encuentran-un-inesperado-rasgo-psicologico.jpg\"><img loading=\"lazy\" decoding=\"async\" class=\"alignnone size-full wp-image-224807\" src=\"https:\/\/potenciaradiofonicadominicana.com\/portal\/wp-content\/uploads\/2026\/08\/1509_encuentran-un-inesperado-rasgo-psicologico.jpg\" alt=\"\" width=\"670\" height=\"345\" srcset=\"https:\/\/potenciaradiofonicadominicana.com\/portal\/wp-content\/uploads\/2026\/08\/1509_encuentran-un-inesperado-rasgo-psicologico.jpg 670w, https:\/\/potenciaradiofonicadominicana.com\/portal\/wp-content\/uploads\/2026\/08\/1509_encuentran-un-inesperado-rasgo-psicologico-300x154.jpg 300w\" sizes=\"auto, (max-width: 670px) 100vw, 670px\" \/><\/a><\/p>\n<p>Los sistemas de inteligencia artificial m\u00e1s sofisticados se comportan a veces de un modo tan parecido a como lo har\u00eda un humano que son capaces de ser tomados por personas de carne y hueso por quienes no est\u00e1n enterados de su verdadera naturaleza. Un estudio reciente ha sacado a la luz la existencia en algunas de estas inteligencias artificiales de un rasgo de conducta que hasta ahora se consideraba exclusivo de humanos.Aprendizaje autom\u00e1tico e inteligencia artificial<\/p>\n<p>&nbsp;<\/p>\n<p>El estudio lo han llevado a cabo Steven Lehr de Cangrade Inc., Yash Lothe de la Universidad Carnegie Mellon y Mahzarin Banaji de la Universidad Harvard, en Estados Unidos las tres entidades.<\/p>\n<p>&nbsp;<\/p>\n<p>Los seres humanos tendemos a inferir rasgos de personalidad en personas desconocidas a partir de las facciones de sus caras, y estos sesgos (sin fundamento en ninguna relaci\u00f3n real entre rostro y personalidad) conducen a juicios de valor equivocados y a menudo injustos.<\/p>\n<p>Steven Lehr y sus colegas exploraron si este fen\u00f3meno tambi\u00e9n se da en inteligencias artificiales sofisticadas que, aunque fueron entrenadas principalmente con texto, tienen la capacidad de \u00abver\u00bb im\u00e1genes.<\/p>\n<p>&nbsp;<\/p>\n<p>Los autores del estudio pidieron a Chat GPT-4o que realizara m\u00e1s de 4500 juicios de elecci\u00f3n forzada entre rostros generados por ordenador, y presentaron miles de elecciones forzadas adicionales a Chat GPT-5, Gemini 3 Flash Preview y Claude Sonnet 4.5.<\/p>\n<p>&nbsp;<\/p>\n<p>En algunos de los experimentos, a estas inteligencias artificiales se les pidi\u00f3 que eligieran cu\u00e1l de las dos personas cuyos rostros se mostraban era m\u00e1s competente o m\u00e1s fiable.<\/p>\n<p>&nbsp;<\/p>\n<p>En otros experimentos, se les preguntaba qu\u00e9 individuo, juzgando por su rostro, estaba m\u00e1s seguro de s\u00ed mismo, era m\u00e1s inteligente, trabajador, perezoso, inepto, descuidado, c\u00e1lido, servicial, sincero, ego\u00edsta, hip\u00f3crita o agresivo.Ciencias<\/p>\n<p>En algunos experimentos, se les pidi\u00f3 a las inteligencias artificiales que juzgaran por sus caras cu\u00e1l de los individuos tendr\u00eda m\u00e1s probabilidades de ser un asesino en serie, de ser arrestado por trata de personas o de estafar a la gente mediante un esquema Ponzi.<\/p>\n<p>&nbsp;<\/p>\n<p>Finalmente, a las inteligencias artificiales se les pidi\u00f3 que eligieran por su rostro al candidato mejor a ejercer de rector universitario, al CEO en cuya nueva empresa de tecnolog\u00eda valdr\u00eda la pena invertir dinero y al gestor id\u00f3neo para que se ocupe de los ahorros y dem\u00e1s asuntos fiscales de alguien.<\/p>\n<p>&nbsp;<\/p>\n<p>En todos estos casos, las inteligencias artificiales estuvieron dispuestas a opinar y, en la mayor\u00eda de los casos, eligieron el mismo rostro que un humano considerar\u00eda propio de una persona honrada o competente.<\/p>\n<p>&nbsp;<\/p>\n<p>[Img #79542]<\/p>\n<p>Rostros humanos generados por ordenador usados en el estudio. El sujeto cuyo rostro se muestra a la derecha suele ser visto como m\u00e1s confiable tanto por humanos como por inteligencias artificiales. (Imagen: Alex Todorov)<\/p>\n<p>&nbsp;<\/p>\n<p>En los experimentos, Chat GPT-4o seleccion\u00f3 el 74,88% de las veces el rostro que se esperar\u00eda seg\u00fan las valoraciones humanas. Chat GPT-5 mostr\u00f3 un sesgo notablemente mayor que su predecesor, llegando en algunos casos hasta el 97,04%. En los casos de otras inteligencias artificiales, los porcentajes de coincidencia con valoraciones preconcebidas humanas no fueron muy distintos a esos.Ciencias<\/p>\n<p>&nbsp;<\/p>\n<p>El estudio se titula \u201cLike humans, language models demonstrate face-to-character biases\u201d. Y se ha publicado en la revista acad\u00e9mica PNAS Nexus. (Fuente: NCYT de Amazings)<\/p>\n","protected":false},"excerpt":{"rendered":"<p>Los sistemas de inteligencia artificial m\u00e1s sofisticados se comportan a veces de un modo tan parecido a como lo har\u00eda &#8230;<\/p>\n","protected":false},"author":2,"featured_media":224807,"comment_status":"closed","ping_status":"closed","sticky":false,"template":"","format":"standard","meta":{"footnotes":""},"categories":[14],"tags":[],"class_list":["post-224806","post","type-post","status-publish","format-standard","has-post-thumbnail","hentry","category-ciencia-y-tecnologia"],"yoast_head":"<!-- This site is optimized with the Yoast SEO plugin v24.8.1 - https:\/\/yoast.com\/wordpress\/plugins\/seo\/ -->\n<title>Encuentran un inesperado rasgo psicol\u00f3gico humano en inteligencias artificiales - PotenciaRadiofonicaDominicana.com<\/title>\n<meta name=\"robots\" content=\"index, follow, max-snippet:-1, max-image-preview:large, max-video-preview:-1\" \/>\n<link rel=\"canonical\" href=\"https:\/\/potenciaradiofonicadominicana.com\/portal\/encuentran-un-inesperado-rasgo-psicologico-humano-en-inteligencias-artificiales\/\" \/>\n<meta property=\"og:locale\" content=\"es_ES\" \/>\n<meta property=\"og:type\" content=\"article\" \/>\n<meta property=\"og:title\" content=\"Encuentran un inesperado rasgo psicol\u00f3gico humano en inteligencias artificiales - PotenciaRadiofonicaDominicana.com\" \/>\n<meta property=\"og:description\" content=\"Los sistemas de inteligencia artificial m\u00e1s sofisticados se comportan a veces de un modo tan parecido a como lo har\u00eda ...\" \/>\n<meta property=\"og:url\" content=\"https:\/\/potenciaradiofonicadominicana.com\/portal\/encuentran-un-inesperado-rasgo-psicologico-humano-en-inteligencias-artificiales\/\" \/>\n<meta property=\"og:site_name\" content=\"PotenciaRadiofonicaDominicana.com\" \/>\n<meta property=\"article:publisher\" content=\"https:\/\/web.facebook.com\/PotenciaRadiofonicaD\" \/>\n<meta property=\"article:published_time\" content=\"2026-08-30T20:48:22+00:00\" \/>\n<meta property=\"og:image\" content=\"https:\/\/potenciaradiofonicadominicana.com\/portal\/wp-content\/uploads\/2026\/08\/1509_encuentran-un-inesperado-rasgo-psicologico.jpg\" \/>\n\t<meta property=\"og:image:width\" content=\"670\" \/>\n\t<meta property=\"og:image:height\" content=\"345\" \/>\n\t<meta property=\"og:image:type\" content=\"image\/jpeg\" \/>\n<meta name=\"author\" content=\"Potencia Radiof\u00f3nica Dominicana\" \/>\n<meta name=\"twitter:card\" content=\"summary_large_image\" \/>\n<meta name=\"twitter:label1\" content=\"Escrito por\" \/>\n\t<meta name=\"twitter:data1\" content=\"Potencia Radiof\u00f3nica Dominicana\" \/>\n\t<meta name=\"twitter:label2\" content=\"Tiempo de lectura\" \/>\n\t<meta name=\"twitter:data2\" content=\"3 minutos\" \/>\n<script type=\"application\/ld+json\" class=\"yoast-schema-graph\">{\"@context\":\"https:\/\/schema.org\",\"@graph\":[{\"@type\":\"Article\",\"@id\":\"https:\/\/potenciaradiofonicadominicana.com\/portal\/encuentran-un-inesperado-rasgo-psicologico-humano-en-inteligencias-artificiales\/#article\",\"isPartOf\":{\"@id\":\"https:\/\/potenciaradiofonicadominicana.com\/portal\/encuentran-un-inesperado-rasgo-psicologico-humano-en-inteligencias-artificiales\/\"},\"author\":{\"name\":\"Potencia Radiof\u00f3nica Dominicana\",\"@id\":\"https:\/\/potenciaradiofonicadominicana.com\/portal\/#\/schema\/person\/a5cf1fea13877803ee0573ac18b03490\"},\"headline\":\"Encuentran un inesperado rasgo psicol\u00f3gico humano en inteligencias artificiales\",\"datePublished\":\"2026-08-30T20:48:22+00:00\",\"mainEntityOfPage\":{\"@id\":\"https:\/\/potenciaradiofonicadominicana.com\/portal\/encuentran-un-inesperado-rasgo-psicologico-humano-en-inteligencias-artificiales\/\"},\"wordCount\":579,\"publisher\":{\"@id\":\"https:\/\/potenciaradiofonicadominicana.com\/portal\/#organization\"},\"image\":{\"@id\":\"https:\/\/potenciaradiofonicadominicana.com\/portal\/encuentran-un-inesperado-rasgo-psicologico-humano-en-inteligencias-artificiales\/#primaryimage\"},\"thumbnailUrl\":\"https:\/\/potenciaradiofonicadominicana.com\/portal\/wp-content\/uploads\/2026\/08\/1509_encuentran-un-inesperado-rasgo-psicologico.jpg\",\"articleSection\":[\"Ciencia y Tecnolog\u00eda\"],\"inLanguage\":\"es\"},{\"@type\":\"WebPage\",\"@id\":\"https:\/\/potenciaradiofonicadominicana.com\/portal\/encuentran-un-inesperado-rasgo-psicologico-humano-en-inteligencias-artificiales\/\",\"url\":\"https:\/\/potenciaradiofonicadominicana.com\/portal\/encuentran-un-inesperado-rasgo-psicologico-humano-en-inteligencias-artificiales\/\",\"name\":\"Encuentran un inesperado rasgo psicol\u00f3gico humano en inteligencias artificiales - PotenciaRadiofonicaDominicana.com\",\"isPartOf\":{\"@id\":\"https:\/\/potenciaradiofonicadominicana.com\/portal\/#website\"},\"primaryImageOfPage\":{\"@id\":\"https:\/\/potenciaradiofonicadominicana.com\/portal\/encuentran-un-inesperado-rasgo-psicologico-humano-en-inteligencias-artificiales\/#primaryimage\"},\"image\":{\"@id\":\"https:\/\/potenciaradiofonicadominicana.com\/portal\/encuentran-un-inesperado-rasgo-psicologico-humano-en-inteligencias-artificiales\/#primaryimage\"},\"thumbnailUrl\":\"https:\/\/potenciaradiofonicadominicana.com\/portal\/wp-content\/uploads\/2026\/08\/1509_encuentran-un-inesperado-rasgo-psicologico.jpg\",\"datePublished\":\"2026-08-30T20:48:22+00:00\",\"breadcrumb\":{\"@id\":\"https:\/\/potenciaradiofonicadominicana.com\/portal\/encuentran-un-inesperado-rasgo-psicologico-humano-en-inteligencias-artificiales\/#breadcrumb\"},\"inLanguage\":\"es\",\"potentialAction\":[{\"@type\":\"ReadAction\",\"target\":[\"https:\/\/potenciaradiofonicadominicana.com\/portal\/encuentran-un-inesperado-rasgo-psicologico-humano-en-inteligencias-artificiales\/\"]}]},{\"@type\":\"ImageObject\",\"inLanguage\":\"es\",\"@id\":\"https:\/\/potenciaradiofonicadominicana.com\/portal\/encuentran-un-inesperado-rasgo-psicologico-humano-en-inteligencias-artificiales\/#primaryimage\",\"url\":\"https:\/\/potenciaradiofonicadominicana.com\/portal\/wp-content\/uploads\/2026\/08\/1509_encuentran-un-inesperado-rasgo-psicologico.jpg\",\"contentUrl\":\"https:\/\/potenciaradiofonicadominicana.com\/portal\/wp-content\/uploads\/2026\/08\/1509_encuentran-un-inesperado-rasgo-psicologico.jpg\",\"width\":670,\"height\":345},{\"@type\":\"BreadcrumbList\",\"@id\":\"https:\/\/potenciaradiofonicadominicana.com\/portal\/encuentran-un-inesperado-rasgo-psicologico-humano-en-inteligencias-artificiales\/#breadcrumb\",\"itemListElement\":[{\"@type\":\"ListItem\",\"position\":1,\"name\":\"Portada\",\"item\":\"https:\/\/potenciaradiofonicadominicana.com\/portal\/\"},{\"@type\":\"ListItem\",\"position\":2,\"name\":\"Encuentran un inesperado rasgo psicol\u00f3gico humano en inteligencias artificiales\"}]},{\"@type\":\"WebSite\",\"@id\":\"https:\/\/potenciaradiofonicadominicana.com\/portal\/#website\",\"url\":\"https:\/\/potenciaradiofonicadominicana.com\/portal\/\",\"name\":\"PotenciaRadiofonicaDominicana.com\",\"description\":\"Peri\u00f3dico Digital\",\"publisher\":{\"@id\":\"https:\/\/potenciaradiofonicadominicana.com\/portal\/#organization\"},\"potentialAction\":[{\"@type\":\"SearchAction\",\"target\":{\"@type\":\"EntryPoint\",\"urlTemplate\":\"https:\/\/potenciaradiofonicadominicana.com\/portal\/?s={search_term_string}\"},\"query-input\":{\"@type\":\"PropertyValueSpecification\",\"valueRequired\":true,\"valueName\":\"search_term_string\"}}],\"inLanguage\":\"es\"},{\"@type\":\"Organization\",\"@id\":\"https:\/\/potenciaradiofonicadominicana.com\/portal\/#organization\",\"name\":\"PotenciaRadiofonicaDominicana.com\",\"url\":\"https:\/\/potenciaradiofonicadominicana.com\/portal\/\",\"logo\":{\"@type\":\"ImageObject\",\"inLanguage\":\"es\",\"@id\":\"https:\/\/potenciaradiofonicadominicana.com\/portal\/#\/schema\/logo\/image\/\",\"url\":\"https:\/\/potenciaradiofonicadominicana.com\/portal\/wp-content\/uploads\/2022\/01\/descarga.png\",\"contentUrl\":\"https:\/\/potenciaradiofonicadominicana.com\/portal\/wp-content\/uploads\/2022\/01\/descarga.png\",\"width\":300,\"height\":100,\"caption\":\"PotenciaRadiofonicaDominicana.com\"},\"image\":{\"@id\":\"https:\/\/potenciaradiofonicadominicana.com\/portal\/#\/schema\/logo\/image\/\"},\"sameAs\":[\"https:\/\/web.facebook.com\/PotenciaRadiofonicaD\"]},{\"@type\":\"Person\",\"@id\":\"https:\/\/potenciaradiofonicadominicana.com\/portal\/#\/schema\/person\/a5cf1fea13877803ee0573ac18b03490\",\"name\":\"Potencia Radiof\u00f3nica Dominicana\",\"image\":{\"@type\":\"ImageObject\",\"inLanguage\":\"es\",\"@id\":\"https:\/\/potenciaradiofonicadominicana.com\/portal\/#\/schema\/person\/image\/\",\"url\":\"https:\/\/secure.gravatar.com\/avatar\/42a55ab9e8ccc656ba34cd791990602a?s=96&d=mm&r=g\",\"contentUrl\":\"https:\/\/secure.gravatar.com\/avatar\/42a55ab9e8ccc656ba34cd791990602a?s=96&d=mm&r=g\",\"caption\":\"Potencia Radiof\u00f3nica Dominicana\"},\"url\":\"https:\/\/potenciaradiofonicadominicana.com\/portal\/author\/johannyalmanzar\/\"}]}<\/script>\n<!-- \/ Yoast SEO plugin. -->","yoast_head_json":{"title":"Encuentran un inesperado rasgo psicol\u00f3gico humano en inteligencias artificiales - PotenciaRadiofonicaDominicana.com","robots":{"index":"index","follow":"follow","max-snippet":"max-snippet:-1","max-image-preview":"max-image-preview:large","max-video-preview":"max-video-preview:-1"},"canonical":"https:\/\/potenciaradiofonicadominicana.com\/portal\/encuentran-un-inesperado-rasgo-psicologico-humano-en-inteligencias-artificiales\/","og_locale":"es_ES","og_type":"article","og_title":"Encuentran un inesperado rasgo psicol\u00f3gico humano en inteligencias artificiales - PotenciaRadiofonicaDominicana.com","og_description":"Los sistemas de inteligencia artificial m\u00e1s sofisticados se comportan a veces de un modo tan parecido a como lo har\u00eda ...","og_url":"https:\/\/potenciaradiofonicadominicana.com\/portal\/encuentran-un-inesperado-rasgo-psicologico-humano-en-inteligencias-artificiales\/","og_site_name":"PotenciaRadiofonicaDominicana.com","article_publisher":"https:\/\/web.facebook.com\/PotenciaRadiofonicaD","article_published_time":"2026-08-30T20:48:22+00:00","og_image":[{"width":670,"height":345,"url":"https:\/\/potenciaradiofonicadominicana.com\/portal\/wp-content\/uploads\/2026\/08\/1509_encuentran-un-inesperado-rasgo-psicologico.jpg","type":"image\/jpeg"}],"author":"Potencia Radiof\u00f3nica Dominicana","twitter_card":"summary_large_image","twitter_misc":{"Escrito por":"Potencia Radiof\u00f3nica Dominicana","Tiempo de lectura":"3 minutos"},"schema":{"@context":"https:\/\/schema.org","@graph":[{"@type":"Article","@id":"https:\/\/potenciaradiofonicadominicana.com\/portal\/encuentran-un-inesperado-rasgo-psicologico-humano-en-inteligencias-artificiales\/#article","isPartOf":{"@id":"https:\/\/potenciaradiofonicadominicana.com\/portal\/encuentran-un-inesperado-rasgo-psicologico-humano-en-inteligencias-artificiales\/"},"author":{"name":"Potencia Radiof\u00f3nica Dominicana","@id":"https:\/\/potenciaradiofonicadominicana.com\/portal\/#\/schema\/person\/a5cf1fea13877803ee0573ac18b03490"},"headline":"Encuentran un inesperado rasgo psicol\u00f3gico humano en inteligencias artificiales","datePublished":"2026-08-30T20:48:22+00:00","mainEntityOfPage":{"@id":"https:\/\/potenciaradiofonicadominicana.com\/portal\/encuentran-un-inesperado-rasgo-psicologico-humano-en-inteligencias-artificiales\/"},"wordCount":579,"publisher":{"@id":"https:\/\/potenciaradiofonicadominicana.com\/portal\/#organization"},"image":{"@id":"https:\/\/potenciaradiofonicadominicana.com\/portal\/encuentran-un-inesperado-rasgo-psicologico-humano-en-inteligencias-artificiales\/#primaryimage"},"thumbnailUrl":"https:\/\/potenciaradiofonicadominicana.com\/portal\/wp-content\/uploads\/2026\/08\/1509_encuentran-un-inesperado-rasgo-psicologico.jpg","articleSection":["Ciencia y Tecnolog\u00eda"],"inLanguage":"es"},{"@type":"WebPage","@id":"https:\/\/potenciaradiofonicadominicana.com\/portal\/encuentran-un-inesperado-rasgo-psicologico-humano-en-inteligencias-artificiales\/","url":"https:\/\/potenciaradiofonicadominicana.com\/portal\/encuentran-un-inesperado-rasgo-psicologico-humano-en-inteligencias-artificiales\/","name":"Encuentran un inesperado rasgo psicol\u00f3gico humano en inteligencias artificiales - PotenciaRadiofonicaDominicana.com","isPartOf":{"@id":"https:\/\/potenciaradiofonicadominicana.com\/portal\/#website"},"primaryImageOfPage":{"@id":"https:\/\/potenciaradiofonicadominicana.com\/portal\/encuentran-un-inesperado-rasgo-psicologico-humano-en-inteligencias-artificiales\/#primaryimage"},"image":{"@id":"https:\/\/potenciaradiofonicadominicana.com\/portal\/encuentran-un-inesperado-rasgo-psicologico-humano-en-inteligencias-artificiales\/#primaryimage"},"thumbnailUrl":"https:\/\/potenciaradiofonicadominicana.com\/portal\/wp-content\/uploads\/2026\/08\/1509_encuentran-un-inesperado-rasgo-psicologico.jpg","datePublished":"2026-08-30T20:48:22+00:00","breadcrumb":{"@id":"https:\/\/potenciaradiofonicadominicana.com\/portal\/encuentran-un-inesperado-rasgo-psicologico-humano-en-inteligencias-artificiales\/#breadcrumb"},"inLanguage":"es","potentialAction":[{"@type":"ReadAction","target":["https:\/\/potenciaradiofonicadominicana.com\/portal\/encuentran-un-inesperado-rasgo-psicologico-humano-en-inteligencias-artificiales\/"]}]},{"@type":"ImageObject","inLanguage":"es","@id":"https:\/\/potenciaradiofonicadominicana.com\/portal\/encuentran-un-inesperado-rasgo-psicologico-humano-en-inteligencias-artificiales\/#primaryimage","url":"https:\/\/potenciaradiofonicadominicana.com\/portal\/wp-content\/uploads\/2026\/08\/1509_encuentran-un-inesperado-rasgo-psicologico.jpg","contentUrl":"https:\/\/potenciaradiofonicadominicana.com\/portal\/wp-content\/uploads\/2026\/08\/1509_encuentran-un-inesperado-rasgo-psicologico.jpg","width":670,"height":345},{"@type":"BreadcrumbList","@id":"https:\/\/potenciaradiofonicadominicana.com\/portal\/encuentran-un-inesperado-rasgo-psicologico-humano-en-inteligencias-artificiales\/#breadcrumb","itemListElement":[{"@type":"ListItem","position":1,"name":"Portada","item":"https:\/\/potenciaradiofonicadominicana.com\/portal\/"},{"@type":"ListItem","position":2,"name":"Encuentran un inesperado rasgo psicol\u00f3gico humano en inteligencias artificiales"}]},{"@type":"WebSite","@id":"https:\/\/potenciaradiofonicadominicana.com\/portal\/#website","url":"https:\/\/potenciaradiofonicadominicana.com\/portal\/","name":"PotenciaRadiofonicaDominicana.com","description":"Peri\u00f3dico Digital","publisher":{"@id":"https:\/\/potenciaradiofonicadominicana.com\/portal\/#organization"},"potentialAction":[{"@type":"SearchAction","target":{"@type":"EntryPoint","urlTemplate":"https:\/\/potenciaradiofonicadominicana.com\/portal\/?s={search_term_string}"},"query-input":{"@type":"PropertyValueSpecification","valueRequired":true,"valueName":"search_term_string"}}],"inLanguage":"es"},{"@type":"Organization","@id":"https:\/\/potenciaradiofonicadominicana.com\/portal\/#organization","name":"PotenciaRadiofonicaDominicana.com","url":"https:\/\/potenciaradiofonicadominicana.com\/portal\/","logo":{"@type":"ImageObject","inLanguage":"es","@id":"https:\/\/potenciaradiofonicadominicana.com\/portal\/#\/schema\/logo\/image\/","url":"https:\/\/potenciaradiofonicadominicana.com\/portal\/wp-content\/uploads\/2022\/01\/descarga.png","contentUrl":"https:\/\/potenciaradiofonicadominicana.com\/portal\/wp-content\/uploads\/2022\/01\/descarga.png","width":300,"height":100,"caption":"PotenciaRadiofonicaDominicana.com"},"image":{"@id":"https:\/\/potenciaradiofonicadominicana.com\/portal\/#\/schema\/logo\/image\/"},"sameAs":["https:\/\/web.facebook.com\/PotenciaRadiofonicaD"]},{"@type":"Person","@id":"https:\/\/potenciaradiofonicadominicana.com\/portal\/#\/schema\/person\/a5cf1fea13877803ee0573ac18b03490","name":"Potencia Radiof\u00f3nica Dominicana","image":{"@type":"ImageObject","inLanguage":"es","@id":"https:\/\/potenciaradiofonicadominicana.com\/portal\/#\/schema\/person\/image\/","url":"https:\/\/secure.gravatar.com\/avatar\/42a55ab9e8ccc656ba34cd791990602a?s=96&d=mm&r=g","contentUrl":"https:\/\/secure.gravatar.com\/avatar\/42a55ab9e8ccc656ba34cd791990602a?s=96&d=mm&r=g","caption":"Potencia Radiof\u00f3nica Dominicana"},"url":"https:\/\/potenciaradiofonicadominicana.com\/portal\/author\/johannyalmanzar\/"}]}},"_links":{"self":[{"href":"https:\/\/potenciaradiofonicadominicana.com\/portal\/wp-json\/wp\/v2\/posts\/224806","targetHints":{"allow":["GET"]}}],"collection":[{"href":"https:\/\/potenciaradiofonicadominicana.com\/portal\/wp-json\/wp\/v2\/posts"}],"about":[{"href":"https:\/\/potenciaradiofonicadominicana.com\/portal\/wp-json\/wp\/v2\/types\/post"}],"author":[{"embeddable":true,"href":"https:\/\/potenciaradiofonicadominicana.com\/portal\/wp-json\/wp\/v2\/users\/2"}],"replies":[{"embeddable":true,"href":"https:\/\/potenciaradiofonicadominicana.com\/portal\/wp-json\/wp\/v2\/comments?post=224806"}],"version-history":[{"count":1,"href":"https:\/\/potenciaradiofonicadominicana.com\/portal\/wp-json\/wp\/v2\/posts\/224806\/revisions"}],"predecessor-version":[{"id":224808,"href":"https:\/\/potenciaradiofonicadominicana.com\/portal\/wp-json\/wp\/v2\/posts\/224806\/revisions\/224808"}],"wp:featuredmedia":[{"embeddable":true,"href":"https:\/\/potenciaradiofonicadominicana.com\/portal\/wp-json\/wp\/v2\/media\/224807"}],"wp:attachment":[{"href":"https:\/\/potenciaradiofonicadominicana.com\/portal\/wp-json\/wp\/v2\/media?parent=224806"}],"wp:term":[{"taxonomy":"category","embeddable":true,"href":"https:\/\/potenciaradiofonicadominicana.com\/portal\/wp-json\/wp\/v2\/categories?post=224806"},{"taxonomy":"post_tag","embeddable":true,"href":"https:\/\/potenciaradiofonicadominicana.com\/portal\/wp-json\/wp\/v2\/tags?post=224806"}],"curies":[{"name":"wp","href":"https:\/\/api.w.org\/{rel}","templated":true}]}}