{"id":224803,"date":"2026-08-30T16:46:30","date_gmt":"2026-08-30T20:46:30","guid":{"rendered":"https:\/\/potenciaradiofonicadominicana.com\/portal\/?p=224803"},"modified":"2026-08-30T16:46:30","modified_gmt":"2026-08-30T20:46:30","slug":"iberianqci-comunicaciones-cuanticas-para-espana-y-portugal","status":"publish","type":"post","link":"https:\/\/potenciaradiofonicadominicana.com\/portal\/iberianqci-comunicaciones-cuanticas-para-espana-y-portugal\/","title":{"rendered":"IberianQCI, comunicaciones cu\u00e1nticas para Espa\u00f1a y Portugal"},"content":{"rendered":"<p><a href=\"https:\/\/potenciaradiofonicadominicana.com\/portal\/wp-content\/uploads\/2026\/08\/4824_iberianqci-comunicaciones-cuanticas.jpg\"><img loading=\"lazy\" decoding=\"async\" class=\"alignnone size-full wp-image-224804\" src=\"https:\/\/potenciaradiofonicadominicana.com\/portal\/wp-content\/uploads\/2026\/08\/4824_iberianqci-comunicaciones-cuanticas.jpg\" alt=\"\" width=\"670\" height=\"439\" srcset=\"https:\/\/potenciaradiofonicadominicana.com\/portal\/wp-content\/uploads\/2026\/08\/4824_iberianqci-comunicaciones-cuanticas.jpg 670w, https:\/\/potenciaradiofonicadominicana.com\/portal\/wp-content\/uploads\/2026\/08\/4824_iberianqci-comunicaciones-cuanticas-300x197.jpg 300w, https:\/\/potenciaradiofonicadominicana.com\/portal\/wp-content\/uploads\/2026\/08\/4824_iberianqci-comunicaciones-cuanticas-269x177.jpg 269w\" sizes=\"auto, (max-width: 670px) 100vw, 670px\" \/><\/a><\/p>\n<p>Recientemente se puso en marcha el proyecto IberianQCI, la infraestructura de comunicaciones cu\u00e1nticas del programa EuroQCI para Espa\u00f1a y Portugal. El proyecto IberianQCI combina componentes terrestres y espaciales para interconectar las infraestructuras cu\u00e1nticas de Espa\u00f1a y Portugal, permitiendo comunicaciones cu\u00e1nticas seguras con otros pa\u00edses europeos, incluidos los no lim\u00edtrofes.<\/p>\n<p>&nbsp;<\/p>\n<p>El proyecto, coordinado por Indra Space, establece un enlace cu\u00e1ntico transfronterizo entre Portugal y Espa\u00f1a, sienta las bases para el desarrollo de las infraestructuras de comunicaciones cu\u00e1nticas nacionales a lo largo de las columnas vertebrales de ambos pa\u00edses, y despliega terminales terrestres \u00f3pticos para interconectar sin fisuras el segmento espacial de EuroQCI con las redes nacionales.<\/p>\n<p>&nbsp;<\/p>\n<p>El proyecto IberianQCI (Infraestructura Ib\u00e9rica de Comunicaciones Cu\u00e1nticas) es una iniciativa estrat\u00e9gica integrada en el Programa Europeo de EuroQCI (European Quantum Communication Infrastructure). Coordinada por Indra Space, la iniciativa re\u00fane a los principales socios cient\u00edficos, tecnol\u00f3gicos e industriales de Portugal y Espa\u00f1a con el objetivo de interconectar las infraestructuras desarrolladas y desplegadas por las iniciativas nacionales EuroQCI Espa\u00f1a y PTQCI (la Infraestructura Portuguesa de Comunicaciones Cu\u00e1nticas).<\/p>\n<p>&nbsp;<\/p>\n<p>IberianQCI representa el segmento del suroeste de Europa de la futura red europea de comunicaciones cu\u00e1nticas, dise\u00f1ada para garantizar comunicaciones altamente seguras entre los Estados miembros de la Uni\u00f3n Europea y proteger infraestructuras cr\u00edticas e informaci\u00f3n sensible mediante tecnolog\u00edas resilientes frente a las amenazas futuras. Con una duraci\u00f3n de m\u00e1s de tres a\u00f1os, el proyecto persigue dos l\u00edneas de actuaci\u00f3n complementarias.<\/p>\n<p>&nbsp;<\/p>\n<p>Por un lado, IberianQCI implementar\u00e1 un enlace de comunicaci\u00f3n cu\u00e1ntica transfronterizo entre la frontera norte de Portugal y Espa\u00f1a. Esto sentar\u00e1 las bases para el posterior desarrollo de la Infraestructura Portuguesa de Comunicaciones Cu\u00e1nticas (PTQCI) a lo largo de la columna vertebral del pa\u00eds que conecta todas sus principales ciudades.<\/p>\n<p>&nbsp;<\/p>\n<p>Por otro lado, IberianQCI implementar\u00e1 cuatro Terminales Terrestres \u00d3pticas (OGT, por sus siglas en ingl\u00e9s), una en Portugal y tres en Espa\u00f1a, para establecer la interconexi\u00f3n sin problemas entre el segmento espacial de EuroQCI y las redes terrestres de comunicaciones cu\u00e1nticas PTQCI y EuroQCI-Espa\u00f1a, gracias al sat\u00e9lite demostrador de la ESA EAGLE-1. Esto permitir\u00e1 superar la limitaci\u00f3n intr\u00ednseca de las comunicaciones cu\u00e1nticas a larga distancia debida a las p\u00e9rdidas de se\u00f1al en fibra \u00f3ptica, y conectar\u00e1 a los dos pa\u00edses vecinos, complementando adem\u00e1s las iniciativas nacionales de despliegue de enlaces seguros frente a la computaci\u00f3n cu\u00e1ntica entre nodos EuroQCI muy distantes en la pen\u00ednsula, como por ejemplo entre Madrid y Barcelona. Finalmente, estas capacidades permitir\u00e1n interconexiones entre Portugal, Espa\u00f1a y todos los Estados miembros de la Uni\u00f3n Europea a trav\u00e9s del segmento espacial de EuroQCI, y en especial mediante la constelaci\u00f3n prevista en el programa SAGA de la ESA.<\/p>\n<div class=\"imagefooterprint\"><\/div>\n<p>(Imagen: IberianQCI)<\/p>\n<p>&nbsp;<\/p>\n<p>En Barcelona, la instalaci\u00f3n y puesta en marcha de una Estaci\u00f3n Terrestre \u00d3ptica equipada con un Sistema Terrestre QKD para la Terminal Terrestre \u00d3ptica (OGT) est\u00e1 liderada por el Instituto de Ciencias Fot\u00f3nicas (ICFO) en Castelldefels, Barcelona, cuya experiencia en la adquisici\u00f3n y despliegue de sistemas QKD de distintos tipos tecnol\u00f3gicos en diversas ubicaciones del \u00e1rea de Barcelona (demostrada a trav\u00e9s de sus acciones coordinadas en el proyecto EuroQCI-Espa\u00f1a) lo convierte en el socio ideal para llevar a cabo estas tareas. Financiado parcialmente por la Generalitat de Catalunya, a trav\u00e9s de la Secretar\u00eda de Pol\u00edticas Digitales del Departamento de Empresa y Trabajo, el OGT ofrecer\u00e1 conectividad global de alt\u00edsima velocidad y m\u00e1xima seguridad: su integraci\u00f3n en el Anillo Cu\u00e1ntico de Barcelona, un banco de pruebas a escala de ciudad para la investigaci\u00f3n y los servicios p\u00fablicos en comunicaciones cu\u00e1nticas, convertir\u00e1 a Barcelona en una puerta de enlace entre las redes cu\u00e1nticas espaciales y terrestres.<\/p>\n<p>&nbsp;<\/p>\n<p>Al conectarse con el espacio, el OGT intervendr\u00e1 en m\u00faltiples misiones con sat\u00e9lites, incluidos EAGLE-1 y SAGA de la ESA, as\u00ed como prototipos de carga \u00fatil cu\u00e1ntica desarrollados en Catalu\u00f1a. Esto contribuir\u00e1 a consolidar la regi\u00f3n como un polo de innovaci\u00f3n en fot\u00f3nica y comunicaciones cu\u00e1nticas seguras a escala global, plenamente alineado con la Estrategia Espacial Catalana 2030, orientada al liderazgo y al crecimiento industrial en tecnolog\u00edas espaciales. Con ello, las comunicaciones cu\u00e1nticas basadas en el espacio, en el marco de proyectos transfronterizos, impulsar\u00e1n de forma notable la ciberseguridad y la resiliencia de la UE en la prestaci\u00f3n de servicios p\u00fablicos seguros en toda la Uni\u00f3n Europea.<\/p>\n<p>&nbsp;<\/p>\n<p>En conjunto, estos servicios de comunicaci\u00f3n cu\u00e1ntica respaldar\u00e1n casos de uso reales, incluidas aplicaciones para infraestructuras cr\u00edticas, en el marco de iniciativas de seguridad nacionales e internacionales, ampliando los despliegues y demostraciones de casos de uso ya logrados en las redes de EuroQCISpain y PTQCI. La combinaci\u00f3n de enlaces por sat\u00e9lite, comunicaciones a trav\u00e9s de l\u00e1ser, tecnolog\u00edas cu\u00e1nticas y fibra \u00f3ptica, todo ello en una \u00fanica arquitectura h\u00edbrida, facilitar\u00e1 la adopci\u00f3n m\u00e1s amplia y a gran escala de redes y sistemas cu\u00e1nticos avanzados, combinando lo mejor de las tecnolog\u00edas de seguridad cu\u00e1ntica y cl\u00e1sica con el alto grado de conectividad que ofrecen los sat\u00e9lites, eliminando as\u00ed las barreras geogr\u00e1ficas entre los Estados miembros de la Uni\u00f3n Europea.<\/p>\n<p>&nbsp;<\/p>\n<p>Por \u00faltimo, el proyecto tambi\u00e9n tendr\u00e1 en cuenta las caracter\u00edsticas espec\u00edficas de las empresas privadas o instituciones p\u00fablicas que puedan contribuir a abordar las prioridades estrat\u00e9gicas e industriales de Portugal, Espa\u00f1a y Europa dentro del \u00e1mbito de EuroQCI, as\u00ed como a la autonom\u00eda y soberan\u00eda tecnol\u00f3gica europeas.<\/p>\n<p>&nbsp;<\/p>\n<p><strong>El Consorcio IBERIANQCI<\/strong><\/p>\n<p>&nbsp;<\/p>\n<p>IberianQCI re\u00fane a un consorcio de entidades cient\u00edficas, tecnol\u00f3gicas e industriales de primer nivel.<\/p>\n<p>&nbsp;<\/p>\n<p>Portugal: Infraestructuras de Portugal, IP Telecom, Instituto de Telecomunicaciones, Altice Labs e Instituto Superior T\u00e9cnico.<\/p>\n<p>&nbsp;<\/p>\n<p>Espa\u00f1a: Universidad Polit\u00e9cnica de Madrid (UPM), Telef\u00f3nica, Consejo Superior de Investigaciones Cient\u00edficas (CSIC), Instituto de Ciencias Fot\u00f3nicas de Barcelona (ICFO), Centro de Supercomputaci\u00f3n de Galicia y Universidad de Vigo.<\/p>\n<p>&nbsp;<\/p>\n<p>El proyecto est\u00e1 coordinado por Indra Space, responsable de su gesti\u00f3n operativa e implementaci\u00f3n t\u00e9cnica, sobre la base de las actividades previas en comunicaciones cu\u00e1nticas en la pen\u00ednsula Ib\u00e9rica en el marco de EuroQCI y de iniciativas nacionales como PTQCI. (Fuente: ICFO \/ IberianQCI)<\/p>\n","protected":false},"excerpt":{"rendered":"<p>Recientemente se puso en marcha el proyecto IberianQCI, la infraestructura de comunicaciones cu\u00e1nticas del programa EuroQCI para Espa\u00f1a y Portugal. &#8230;<\/p>\n","protected":false},"author":2,"featured_media":224804,"comment_status":"closed","ping_status":"closed","sticky":false,"template":"","format":"standard","meta":{"footnotes":""},"categories":[14],"tags":[],"class_list":["post-224803","post","type-post","status-publish","format-standard","has-post-thumbnail","hentry","category-ciencia-y-tecnologia"],"yoast_head":"<!-- This site is optimized with the Yoast SEO plugin v24.8.1 - https:\/\/yoast.com\/wordpress\/plugins\/seo\/ -->\n<title>IberianQCI, comunicaciones cu\u00e1nticas para Espa\u00f1a y Portugal - PotenciaRadiofonicaDominicana.com<\/title>\n<meta name=\"robots\" content=\"index, follow, max-snippet:-1, max-image-preview:large, max-video-preview:-1\" \/>\n<link rel=\"canonical\" href=\"https:\/\/potenciaradiofonicadominicana.com\/portal\/iberianqci-comunicaciones-cuanticas-para-espana-y-portugal\/\" \/>\n<meta property=\"og:locale\" content=\"es_ES\" \/>\n<meta property=\"og:type\" content=\"article\" \/>\n<meta property=\"og:title\" content=\"IberianQCI, comunicaciones cu\u00e1nticas para Espa\u00f1a y Portugal - PotenciaRadiofonicaDominicana.com\" \/>\n<meta property=\"og:description\" content=\"Recientemente se puso en marcha el proyecto IberianQCI, la infraestructura de comunicaciones cu\u00e1nticas del programa EuroQCI para Espa\u00f1a y Portugal. ...\" \/>\n<meta property=\"og:url\" content=\"https:\/\/potenciaradiofonicadominicana.com\/portal\/iberianqci-comunicaciones-cuanticas-para-espana-y-portugal\/\" \/>\n<meta property=\"og:site_name\" content=\"PotenciaRadiofonicaDominicana.com\" \/>\n<meta property=\"article:publisher\" content=\"https:\/\/web.facebook.com\/PotenciaRadiofonicaD\" \/>\n<meta property=\"article:published_time\" content=\"2026-08-30T20:46:30+00:00\" \/>\n<meta property=\"og:image\" content=\"https:\/\/potenciaradiofonicadominicana.com\/portal\/wp-content\/uploads\/2026\/08\/4824_iberianqci-comunicaciones-cuanticas.jpg\" \/>\n\t<meta property=\"og:image:width\" content=\"670\" \/>\n\t<meta property=\"og:image:height\" content=\"439\" \/>\n\t<meta property=\"og:image:type\" content=\"image\/jpeg\" \/>\n<meta name=\"author\" content=\"Potencia Radiof\u00f3nica Dominicana\" \/>\n<meta name=\"twitter:card\" content=\"summary_large_image\" \/>\n<meta name=\"twitter:label1\" content=\"Escrito por\" \/>\n\t<meta name=\"twitter:data1\" content=\"Potencia Radiof\u00f3nica Dominicana\" \/>\n\t<meta name=\"twitter:label2\" content=\"Tiempo de lectura\" \/>\n\t<meta name=\"twitter:data2\" content=\"5 minutos\" \/>\n<script type=\"application\/ld+json\" class=\"yoast-schema-graph\">{\"@context\":\"https:\/\/schema.org\",\"@graph\":[{\"@type\":\"Article\",\"@id\":\"https:\/\/potenciaradiofonicadominicana.com\/portal\/iberianqci-comunicaciones-cuanticas-para-espana-y-portugal\/#article\",\"isPartOf\":{\"@id\":\"https:\/\/potenciaradiofonicadominicana.com\/portal\/iberianqci-comunicaciones-cuanticas-para-espana-y-portugal\/\"},\"author\":{\"name\":\"Potencia Radiof\u00f3nica Dominicana\",\"@id\":\"https:\/\/potenciaradiofonicadominicana.com\/portal\/#\/schema\/person\/a5cf1fea13877803ee0573ac18b03490\"},\"headline\":\"IberianQCI, comunicaciones cu\u00e1nticas para Espa\u00f1a y Portugal\",\"datePublished\":\"2026-08-30T20:46:30+00:00\",\"mainEntityOfPage\":{\"@id\":\"https:\/\/potenciaradiofonicadominicana.com\/portal\/iberianqci-comunicaciones-cuanticas-para-espana-y-portugal\/\"},\"wordCount\":1118,\"publisher\":{\"@id\":\"https:\/\/potenciaradiofonicadominicana.com\/portal\/#organization\"},\"image\":{\"@id\":\"https:\/\/potenciaradiofonicadominicana.com\/portal\/iberianqci-comunicaciones-cuanticas-para-espana-y-portugal\/#primaryimage\"},\"thumbnailUrl\":\"https:\/\/potenciaradiofonicadominicana.com\/portal\/wp-content\/uploads\/2026\/08\/4824_iberianqci-comunicaciones-cuanticas.jpg\",\"articleSection\":[\"Ciencia y Tecnolog\u00eda\"],\"inLanguage\":\"es\"},{\"@type\":\"WebPage\",\"@id\":\"https:\/\/potenciaradiofonicadominicana.com\/portal\/iberianqci-comunicaciones-cuanticas-para-espana-y-portugal\/\",\"url\":\"https:\/\/potenciaradiofonicadominicana.com\/portal\/iberianqci-comunicaciones-cuanticas-para-espana-y-portugal\/\",\"name\":\"IberianQCI, comunicaciones cu\u00e1nticas para Espa\u00f1a y Portugal - PotenciaRadiofonicaDominicana.com\",\"isPartOf\":{\"@id\":\"https:\/\/potenciaradiofonicadominicana.com\/portal\/#website\"},\"primaryImageOfPage\":{\"@id\":\"https:\/\/potenciaradiofonicadominicana.com\/portal\/iberianqci-comunicaciones-cuanticas-para-espana-y-portugal\/#primaryimage\"},\"image\":{\"@id\":\"https:\/\/potenciaradiofonicadominicana.com\/portal\/iberianqci-comunicaciones-cuanticas-para-espana-y-portugal\/#primaryimage\"},\"thumbnailUrl\":\"https:\/\/potenciaradiofonicadominicana.com\/portal\/wp-content\/uploads\/2026\/08\/4824_iberianqci-comunicaciones-cuanticas.jpg\",\"datePublished\":\"2026-08-30T20:46:30+00:00\",\"breadcrumb\":{\"@id\":\"https:\/\/potenciaradiofonicadominicana.com\/portal\/iberianqci-comunicaciones-cuanticas-para-espana-y-portugal\/#breadcrumb\"},\"inLanguage\":\"es\",\"potentialAction\":[{\"@type\":\"ReadAction\",\"target\":[\"https:\/\/potenciaradiofonicadominicana.com\/portal\/iberianqci-comunicaciones-cuanticas-para-espana-y-portugal\/\"]}]},{\"@type\":\"ImageObject\",\"inLanguage\":\"es\",\"@id\":\"https:\/\/potenciaradiofonicadominicana.com\/portal\/iberianqci-comunicaciones-cuanticas-para-espana-y-portugal\/#primaryimage\",\"url\":\"https:\/\/potenciaradiofonicadominicana.com\/portal\/wp-content\/uploads\/2026\/08\/4824_iberianqci-comunicaciones-cuanticas.jpg\",\"contentUrl\":\"https:\/\/potenciaradiofonicadominicana.com\/portal\/wp-content\/uploads\/2026\/08\/4824_iberianqci-comunicaciones-cuanticas.jpg\",\"width\":670,\"height\":439},{\"@type\":\"BreadcrumbList\",\"@id\":\"https:\/\/potenciaradiofonicadominicana.com\/portal\/iberianqci-comunicaciones-cuanticas-para-espana-y-portugal\/#breadcrumb\",\"itemListElement\":[{\"@type\":\"ListItem\",\"position\":1,\"name\":\"Portada\",\"item\":\"https:\/\/potenciaradiofonicadominicana.com\/portal\/\"},{\"@type\":\"ListItem\",\"position\":2,\"name\":\"IberianQCI, comunicaciones cu\u00e1nticas para Espa\u00f1a y Portugal\"}]},{\"@type\":\"WebSite\",\"@id\":\"https:\/\/potenciaradiofonicadominicana.com\/portal\/#website\",\"url\":\"https:\/\/potenciaradiofonicadominicana.com\/portal\/\",\"name\":\"PotenciaRadiofonicaDominicana.com\",\"description\":\"Peri\u00f3dico Digital\",\"publisher\":{\"@id\":\"https:\/\/potenciaradiofonicadominicana.com\/portal\/#organization\"},\"potentialAction\":[{\"@type\":\"SearchAction\",\"target\":{\"@type\":\"EntryPoint\",\"urlTemplate\":\"https:\/\/potenciaradiofonicadominicana.com\/portal\/?s={search_term_string}\"},\"query-input\":{\"@type\":\"PropertyValueSpecification\",\"valueRequired\":true,\"valueName\":\"search_term_string\"}}],\"inLanguage\":\"es\"},{\"@type\":\"Organization\",\"@id\":\"https:\/\/potenciaradiofonicadominicana.com\/portal\/#organization\",\"name\":\"PotenciaRadiofonicaDominicana.com\",\"url\":\"https:\/\/potenciaradiofonicadominicana.com\/portal\/\",\"logo\":{\"@type\":\"ImageObject\",\"inLanguage\":\"es\",\"@id\":\"https:\/\/potenciaradiofonicadominicana.com\/portal\/#\/schema\/logo\/image\/\",\"url\":\"https:\/\/potenciaradiofonicadominicana.com\/portal\/wp-content\/uploads\/2022\/01\/descarga.png\",\"contentUrl\":\"https:\/\/potenciaradiofonicadominicana.com\/portal\/wp-content\/uploads\/2022\/01\/descarga.png\",\"width\":300,\"height\":100,\"caption\":\"PotenciaRadiofonicaDominicana.com\"},\"image\":{\"@id\":\"https:\/\/potenciaradiofonicadominicana.com\/portal\/#\/schema\/logo\/image\/\"},\"sameAs\":[\"https:\/\/web.facebook.com\/PotenciaRadiofonicaD\"]},{\"@type\":\"Person\",\"@id\":\"https:\/\/potenciaradiofonicadominicana.com\/portal\/#\/schema\/person\/a5cf1fea13877803ee0573ac18b03490\",\"name\":\"Potencia Radiof\u00f3nica Dominicana\",\"image\":{\"@type\":\"ImageObject\",\"inLanguage\":\"es\",\"@id\":\"https:\/\/potenciaradiofonicadominicana.com\/portal\/#\/schema\/person\/image\/\",\"url\":\"https:\/\/secure.gravatar.com\/avatar\/42a55ab9e8ccc656ba34cd791990602a?s=96&d=mm&r=g\",\"contentUrl\":\"https:\/\/secure.gravatar.com\/avatar\/42a55ab9e8ccc656ba34cd791990602a?s=96&d=mm&r=g\",\"caption\":\"Potencia Radiof\u00f3nica Dominicana\"},\"url\":\"https:\/\/potenciaradiofonicadominicana.com\/portal\/author\/johannyalmanzar\/\"}]}<\/script>\n<!-- \/ Yoast SEO plugin. -->","yoast_head_json":{"title":"IberianQCI, comunicaciones cu\u00e1nticas para Espa\u00f1a y Portugal - PotenciaRadiofonicaDominicana.com","robots":{"index":"index","follow":"follow","max-snippet":"max-snippet:-1","max-image-preview":"max-image-preview:large","max-video-preview":"max-video-preview:-1"},"canonical":"https:\/\/potenciaradiofonicadominicana.com\/portal\/iberianqci-comunicaciones-cuanticas-para-espana-y-portugal\/","og_locale":"es_ES","og_type":"article","og_title":"IberianQCI, comunicaciones cu\u00e1nticas para Espa\u00f1a y Portugal - PotenciaRadiofonicaDominicana.com","og_description":"Recientemente se puso en marcha el proyecto IberianQCI, la infraestructura de comunicaciones cu\u00e1nticas del programa EuroQCI para Espa\u00f1a y Portugal. ...","og_url":"https:\/\/potenciaradiofonicadominicana.com\/portal\/iberianqci-comunicaciones-cuanticas-para-espana-y-portugal\/","og_site_name":"PotenciaRadiofonicaDominicana.com","article_publisher":"https:\/\/web.facebook.com\/PotenciaRadiofonicaD","article_published_time":"2026-08-30T20:46:30+00:00","og_image":[{"width":670,"height":439,"url":"https:\/\/potenciaradiofonicadominicana.com\/portal\/wp-content\/uploads\/2026\/08\/4824_iberianqci-comunicaciones-cuanticas.jpg","type":"image\/jpeg"}],"author":"Potencia Radiof\u00f3nica Dominicana","twitter_card":"summary_large_image","twitter_misc":{"Escrito por":"Potencia Radiof\u00f3nica Dominicana","Tiempo de lectura":"5 minutos"},"schema":{"@context":"https:\/\/schema.org","@graph":[{"@type":"Article","@id":"https:\/\/potenciaradiofonicadominicana.com\/portal\/iberianqci-comunicaciones-cuanticas-para-espana-y-portugal\/#article","isPartOf":{"@id":"https:\/\/potenciaradiofonicadominicana.com\/portal\/iberianqci-comunicaciones-cuanticas-para-espana-y-portugal\/"},"author":{"name":"Potencia Radiof\u00f3nica Dominicana","@id":"https:\/\/potenciaradiofonicadominicana.com\/portal\/#\/schema\/person\/a5cf1fea13877803ee0573ac18b03490"},"headline":"IberianQCI, comunicaciones cu\u00e1nticas para Espa\u00f1a y Portugal","datePublished":"2026-08-30T20:46:30+00:00","mainEntityOfPage":{"@id":"https:\/\/potenciaradiofonicadominicana.com\/portal\/iberianqci-comunicaciones-cuanticas-para-espana-y-portugal\/"},"wordCount":1118,"publisher":{"@id":"https:\/\/potenciaradiofonicadominicana.com\/portal\/#organization"},"image":{"@id":"https:\/\/potenciaradiofonicadominicana.com\/portal\/iberianqci-comunicaciones-cuanticas-para-espana-y-portugal\/#primaryimage"},"thumbnailUrl":"https:\/\/potenciaradiofonicadominicana.com\/portal\/wp-content\/uploads\/2026\/08\/4824_iberianqci-comunicaciones-cuanticas.jpg","articleSection":["Ciencia y Tecnolog\u00eda"],"inLanguage":"es"},{"@type":"WebPage","@id":"https:\/\/potenciaradiofonicadominicana.com\/portal\/iberianqci-comunicaciones-cuanticas-para-espana-y-portugal\/","url":"https:\/\/potenciaradiofonicadominicana.com\/portal\/iberianqci-comunicaciones-cuanticas-para-espana-y-portugal\/","name":"IberianQCI, comunicaciones cu\u00e1nticas para Espa\u00f1a y Portugal - PotenciaRadiofonicaDominicana.com","isPartOf":{"@id":"https:\/\/potenciaradiofonicadominicana.com\/portal\/#website"},"primaryImageOfPage":{"@id":"https:\/\/potenciaradiofonicadominicana.com\/portal\/iberianqci-comunicaciones-cuanticas-para-espana-y-portugal\/#primaryimage"},"image":{"@id":"https:\/\/potenciaradiofonicadominicana.com\/portal\/iberianqci-comunicaciones-cuanticas-para-espana-y-portugal\/#primaryimage"},"thumbnailUrl":"https:\/\/potenciaradiofonicadominicana.com\/portal\/wp-content\/uploads\/2026\/08\/4824_iberianqci-comunicaciones-cuanticas.jpg","datePublished":"2026-08-30T20:46:30+00:00","breadcrumb":{"@id":"https:\/\/potenciaradiofonicadominicana.com\/portal\/iberianqci-comunicaciones-cuanticas-para-espana-y-portugal\/#breadcrumb"},"inLanguage":"es","potentialAction":[{"@type":"ReadAction","target":["https:\/\/potenciaradiofonicadominicana.com\/portal\/iberianqci-comunicaciones-cuanticas-para-espana-y-portugal\/"]}]},{"@type":"ImageObject","inLanguage":"es","@id":"https:\/\/potenciaradiofonicadominicana.com\/portal\/iberianqci-comunicaciones-cuanticas-para-espana-y-portugal\/#primaryimage","url":"https:\/\/potenciaradiofonicadominicana.com\/portal\/wp-content\/uploads\/2026\/08\/4824_iberianqci-comunicaciones-cuanticas.jpg","contentUrl":"https:\/\/potenciaradiofonicadominicana.com\/portal\/wp-content\/uploads\/2026\/08\/4824_iberianqci-comunicaciones-cuanticas.jpg","width":670,"height":439},{"@type":"BreadcrumbList","@id":"https:\/\/potenciaradiofonicadominicana.com\/portal\/iberianqci-comunicaciones-cuanticas-para-espana-y-portugal\/#breadcrumb","itemListElement":[{"@type":"ListItem","position":1,"name":"Portada","item":"https:\/\/potenciaradiofonicadominicana.com\/portal\/"},{"@type":"ListItem","position":2,"name":"IberianQCI, comunicaciones cu\u00e1nticas para Espa\u00f1a y Portugal"}]},{"@type":"WebSite","@id":"https:\/\/potenciaradiofonicadominicana.com\/portal\/#website","url":"https:\/\/potenciaradiofonicadominicana.com\/portal\/","name":"PotenciaRadiofonicaDominicana.com","description":"Peri\u00f3dico Digital","publisher":{"@id":"https:\/\/potenciaradiofonicadominicana.com\/portal\/#organization"},"potentialAction":[{"@type":"SearchAction","target":{"@type":"EntryPoint","urlTemplate":"https:\/\/potenciaradiofonicadominicana.com\/portal\/?s={search_term_string}"},"query-input":{"@type":"PropertyValueSpecification","valueRequired":true,"valueName":"search_term_string"}}],"inLanguage":"es"},{"@type":"Organization","@id":"https:\/\/potenciaradiofonicadominicana.com\/portal\/#organization","name":"PotenciaRadiofonicaDominicana.com","url":"https:\/\/potenciaradiofonicadominicana.com\/portal\/","logo":{"@type":"ImageObject","inLanguage":"es","@id":"https:\/\/potenciaradiofonicadominicana.com\/portal\/#\/schema\/logo\/image\/","url":"https:\/\/potenciaradiofonicadominicana.com\/portal\/wp-content\/uploads\/2022\/01\/descarga.png","contentUrl":"https:\/\/potenciaradiofonicadominicana.com\/portal\/wp-content\/uploads\/2022\/01\/descarga.png","width":300,"height":100,"caption":"PotenciaRadiofonicaDominicana.com"},"image":{"@id":"https:\/\/potenciaradiofonicadominicana.com\/portal\/#\/schema\/logo\/image\/"},"sameAs":["https:\/\/web.facebook.com\/PotenciaRadiofonicaD"]},{"@type":"Person","@id":"https:\/\/potenciaradiofonicadominicana.com\/portal\/#\/schema\/person\/a5cf1fea13877803ee0573ac18b03490","name":"Potencia Radiof\u00f3nica Dominicana","image":{"@type":"ImageObject","inLanguage":"es","@id":"https:\/\/potenciaradiofonicadominicana.com\/portal\/#\/schema\/person\/image\/","url":"https:\/\/secure.gravatar.com\/avatar\/42a55ab9e8ccc656ba34cd791990602a?s=96&d=mm&r=g","contentUrl":"https:\/\/secure.gravatar.com\/avatar\/42a55ab9e8ccc656ba34cd791990602a?s=96&d=mm&r=g","caption":"Potencia Radiof\u00f3nica Dominicana"},"url":"https:\/\/potenciaradiofonicadominicana.com\/portal\/author\/johannyalmanzar\/"}]}},"_links":{"self":[{"href":"https:\/\/potenciaradiofonicadominicana.com\/portal\/wp-json\/wp\/v2\/posts\/224803","targetHints":{"allow":["GET"]}}],"collection":[{"href":"https:\/\/potenciaradiofonicadominicana.com\/portal\/wp-json\/wp\/v2\/posts"}],"about":[{"href":"https:\/\/potenciaradiofonicadominicana.com\/portal\/wp-json\/wp\/v2\/types\/post"}],"author":[{"embeddable":true,"href":"https:\/\/potenciaradiofonicadominicana.com\/portal\/wp-json\/wp\/v2\/users\/2"}],"replies":[{"embeddable":true,"href":"https:\/\/potenciaradiofonicadominicana.com\/portal\/wp-json\/wp\/v2\/comments?post=224803"}],"version-history":[{"count":1,"href":"https:\/\/potenciaradiofonicadominicana.com\/portal\/wp-json\/wp\/v2\/posts\/224803\/revisions"}],"predecessor-version":[{"id":224805,"href":"https:\/\/potenciaradiofonicadominicana.com\/portal\/wp-json\/wp\/v2\/posts\/224803\/revisions\/224805"}],"wp:featuredmedia":[{"embeddable":true,"href":"https:\/\/potenciaradiofonicadominicana.com\/portal\/wp-json\/wp\/v2\/media\/224804"}],"wp:attachment":[{"href":"https:\/\/potenciaradiofonicadominicana.com\/portal\/wp-json\/wp\/v2\/media?parent=224803"}],"wp:term":[{"taxonomy":"category","embeddable":true,"href":"https:\/\/potenciaradiofonicadominicana.com\/portal\/wp-json\/wp\/v2\/categories?post=224803"},{"taxonomy":"post_tag","embeddable":true,"href":"https:\/\/potenciaradiofonicadominicana.com\/portal\/wp-json\/wp\/v2\/tags?post=224803"}],"curies":[{"name":"wp","href":"https:\/\/api.w.org\/{rel}","templated":true}]}}