{"id":224800,"date":"2026-08-30T16:45:23","date_gmt":"2026-08-30T20:45:23","guid":{"rendered":"https:\/\/potenciaradiofonicadominicana.com\/portal\/?p=224800"},"modified":"2026-08-30T16:45:23","modified_gmt":"2026-08-30T20:45:23","slug":"programa-de-facturacion-y-programa-para-hacer-nominas-ventajas-de-digitalizar-la-gestion-empresarial","status":"publish","type":"post","link":"https:\/\/potenciaradiofonicadominicana.com\/portal\/programa-de-facturacion-y-programa-para-hacer-nominas-ventajas-de-digitalizar-la-gestion-empresarial\/","title":{"rendered":"Programa de facturaci\u00f3n y programa para hacer n\u00f3minas: ventajas de digitalizar la gesti\u00f3n empresarial"},"content":{"rendered":"<p><a href=\"https:\/\/potenciaradiofonicadominicana.com\/portal\/wp-content\/uploads\/2026\/08\/9476_21286-3270-6a8efd5bdeeb3427758684-1.jpg\"><img loading=\"lazy\" decoding=\"async\" class=\"alignnone size-full wp-image-224801\" src=\"https:\/\/potenciaradiofonicadominicana.com\/portal\/wp-content\/uploads\/2026\/08\/9476_21286-3270-6a8efd5bdeeb3427758684-1.jpg\" alt=\"\" width=\"670\" height=\"447\" srcset=\"https:\/\/potenciaradiofonicadominicana.com\/portal\/wp-content\/uploads\/2026\/08\/9476_21286-3270-6a8efd5bdeeb3427758684-1.jpg 670w, https:\/\/potenciaradiofonicadominicana.com\/portal\/wp-content\/uploads\/2026\/08\/9476_21286-3270-6a8efd5bdeeb3427758684-1-300x200.jpg 300w\" sizes=\"auto, (max-width: 670px) 100vw, 670px\" \/><\/a><\/p>\n<p>Cualquiera que tenga una empresa hoy en d\u00eda sabe lo dif\u00edcil que resulta dirigirla. Porque, pese a lo que muchos creen, la gerencia no solo debe preocuparse por dise\u00f1ar productos atractivos o conquistar nuevos mercados, sino que tambi\u00e9n debe lidiar a diario con una mara\u00f1a de obligaciones administrativas, un marco regulatorio que cambia constantemente y la necesidad de proteger unos m\u00e1rgenes de beneficio cada vez m\u00e1s ajustados.<\/p>\n<div class=\"google-auto-placed ap_container\"><ins class=\"adsbygoogle adsbygoogle-noablate\" data-ad-format=\"auto\" data-ad-client=\"ca-pub-5663005764905852\" data-adsbygoogle-status=\"done\" data-ad-status=\"unfill-optimized\"><\/p>\n<div id=\"aswift_1_host\">\n<div class=\"google-aiuf\" data-google-ad-efd=\"true\">\n<div class=\"goog-rentries\">\n<div><\/div>\n<\/div>\n<\/div>\n<\/div>\n<p><\/ins><\/div>\n<p>Y para ello ya no basta pedirle al equipo que eche m\u00e1s horas frente al ordenador, sino que toca reestructurar por completo la operativa a fin de adaptarla a los nuevos tiempos. Es decir, se hace necesario implementar un\u00a0<strong>proceso de digitalizaci\u00f3n<\/strong>\u00a0mediante la integraci\u00f3n de un ecosistema tecnol\u00f3gico que acabe con los cuellos de botella, blinde el cumplimiento normativo y devuelva el foco estrat\u00e9gico a la organizaci\u00f3n.<\/p>\n<p>&nbsp;<\/p>\n<h2>Sistemas de facturaci\u00f3n electr\u00f3nica<\/h2>\n<p>&nbsp;<\/p>\n<p>Puede que la inminente obligatoriedad de establecer la factura electr\u00f3nica en las relaciones entre empresas y profesionales (B2B), impulsada por normativas como la Ley Antifraude y la Ley Crea y Crece, sea el pistoletazo de salida que necesitan las organizaciones espa\u00f1olas para comenzar a adaptar sus procesos. Puesto que la Administraci\u00f3n P\u00fablica persigue la transparencia total, y las compa\u00f1\u00edas necesitan herramientas que garanticen la legibilidad, autenticidad e integridad de todos sus documentos comerciales sin ralentizar el trabajo diario.<\/p>\n<p>&nbsp;<\/p>\n<p>Sin embargo, no podemos olvidar que adoptar un\u00a0<strong>programa de facturaci\u00f3n<\/strong>\u00a0digital va mucho m\u00e1s all\u00e1 de cumplir con una obligaci\u00f3n; representa una importante mejora en la gesti\u00f3n financiera del negocio:<\/p>\n<p>&nbsp;<\/p>\n<ul>\n<li><strong>Eficiencia econ\u00f3mica y medioambiental:<\/strong>\u00a0suprimir el papel, la impresi\u00f3n y los env\u00edos postales, adem\u00e1s de beneficiar la sostenibilidad del planeta, reduce costes operativos directos gracias a las transmisiones digitales autom\u00e1ticas.<\/li>\n<li><strong>Seguridad por encriptaci\u00f3n:<\/strong>\u00a0la informaci\u00f3n financiera viaja protegida bajo estrictos protocolos de cifrado, haciendo inviable la interceptaci\u00f3n o alteraci\u00f3n malintencionada de los datos y erradicando el peligro de p\u00e9rdida o destrucci\u00f3n de los ficheros f\u00edsicos.<\/li>\n<li><strong>Trazabilidad y control total:<\/strong>\u00a0la gerencia obtiene una visibilidad absoluta sobre el ciclo de vida de cada documento comercial. Sabe exactamente cu\u00e1ndo se ha emitido, recibido, procesado o abonado cada factura.<\/li>\n<\/ul>\n<p>&nbsp;<\/p>\n<p>Para echar a andar esta transici\u00f3n sin sobresaltos, algunos expertos recomiendan apoyarse en soluciones como\u00a0<strong>CEGID Yet<\/strong>, un software de facturaci\u00f3n electr\u00f3nica dise\u00f1ado para interactuar con cualquier cliente o proveedor, sin importar el sector. Este destaca principalmente por su<strong>\u00a0versatilidad para trabajar con m\u00faltiples formatos digitales y su capacidad de adaptaci\u00f3n a empresas de cualquier tama\u00f1o<\/strong>. Pues, al estar plenamente preparado para responder a los est\u00e1ndares normativos vigentes (incluyendo las especificaciones del sistema Verifactu), libera por completo a la gerencia de las preocupaciones regulatorias, permiti\u00e9ndole centrar toda su atenci\u00f3n en hacer crecer el negocio.<\/p>\n<div class=\"google-auto-placed ap_container\"><ins class=\"adsbygoogle adsbygoogle-noablate\" data-ad-format=\"auto\" data-ad-client=\"ca-pub-5663005764905852\" data-adsbygoogle-status=\"done\" data-ad-status=\"unfill-optimized\"><\/p>\n<div id=\"aswift_3_host\">\n<div class=\"google-aiuf\" data-google-ad-efd=\"true\">\n<div class=\"goog-rentries\">\n<div><\/div>\n<\/div>\n<\/div>\n<\/div>\n<p><\/ins><\/div>\n<h2>La automatizaci\u00f3n de las n\u00f3minas<\/h2>\n<p>&nbsp;<\/p>\n<p>Otra \u00e1rea fundamental que se debe modernizar es el departamento de Recursos Humanos. Ten en cuenta que, generalmente, en muchas empresas,\u00a0<strong>el 93% del tiempo de un profesional de n\u00f3mina se pierde en tareas administrativas repetitivas y mec\u00e1nicas<\/strong>, propensas al fallo humano.<\/p>\n<p>&nbsp;<\/p>\n<p>Y un error en el c\u00e1lculo salarial es probablemente la incidencia operativa m\u00e1s da\u00f1ina a nivel interno. Porque m\u00e1s all\u00e1 del tiempo invertido en subsanar la equivocaci\u00f3n,\u00a0<strong>estos fallos merman directamente la confianza de los empleados, incrementan la frustraci\u00f3n y deterioran el clima laboral<\/strong>. Si a eso se le suman los continuos cambios legales y los complejos esquemas retributivos que existen, es f\u00e1cil comprender que depender de procesos manuales es una aut\u00e9ntica temeridad.<\/p>\n<p>&nbsp;<\/p>\n<p>En cambio, automatizar estas tareas mediante un\u00a0<strong>programa para hacer n\u00f3minas<\/strong> aporta ventajas decisivas:<\/p>\n<p>&nbsp;<\/p>\n<ul>\n<li><strong>Precisi\u00f3n absoluta y cero errores:<\/strong>\u00a0la estandarizaci\u00f3n y actualizaci\u00f3n de algoritmos salariales elimina por completo las equivocaciones en el c\u00e1lculo de variables, retenciones e indemnizaciones.<\/li>\n<li><strong>Tiempo devuelto a las personas:<\/strong>\u00a0al liberar a los equipos de RR.HH. del trabajo burocr\u00e1tico, estos pueden redirigir su tiempo hacia el desarrollo del talento, la fidelizaci\u00f3n de las plantillas y el bienestar corporativo.<\/li>\n<li><strong>Autoservicio y transparencia:<\/strong>\u00a0incorporar portales donde los propios trabajadores gestionen sus vacaciones, descarguen sus recibos o consulten datos retributivos aporta agilidad y fomenta un entorno laboral basado en la confianza.<\/li>\n<\/ul>\n<p>&nbsp;<\/p>\n<p>En este \u00e1mbito, la plataforma de referencia en Espa\u00f1a es\u00a0<strong>CEGID Peoplenet<\/strong>, una soluci\u00f3n en la nube avalada por m\u00e1s de 30 a\u00f1os de liderazgo y experiencia en el mercado espa\u00f1ol. La misma<strong>\u00a0ofrece una excepcional flexibilidad tecnol\u00f3gica para dar respuesta a las necesidades de todo tipo y tama\u00f1o de empresas<\/strong>. Adem\u00e1s, gracias a su automatizaci\u00f3n integral y a la incorporaci\u00f3n de cuadros de mando anal\u00edticos en tiempo real, CEGID Peoplenet convierte la gesti\u00f3n de personal en una fuente inestimable de datos para la toma de decisiones.<\/p>\n<div class=\"google-auto-placed ap_container\"><ins class=\"adsbygoogle adsbygoogle-noablate\" data-ad-format=\"auto\" data-ad-client=\"ca-pub-5663005764905852\" data-adsbygoogle-status=\"done\" data-ad-status=\"unfill-optimized\"><\/p>\n<div id=\"aswift_5_host\">\n<div class=\"google-aiuf\" data-google-ad-efd=\"true\">\n<div class=\"goog-rentries\">\n<div><\/div>\n<\/div>\n<\/div>\n<\/div>\n<p><\/ins><\/div>\n<h2>La digitalizaci\u00f3n como motor de rentabilidad y tranquilidad<\/h2>\n<p>&nbsp;<\/p>\n<p>Como ver\u00e1s, la diferencia entre las empresas que lideran su sector y las que se quedan rezagadas se encuentra en la agilidad de sus infraestructuras internas. Por lo que mantener estructuras y m\u00e9todos de trabajo anal\u00f3gicos en \u00e1reas tan cr\u00edticas como la facturaci\u00f3n y la gesti\u00f3n de personas equivale a lastrar el crecimiento de tu organizaci\u00f3n.<\/p>\n<p>&nbsp;<\/p>\n<p>En cambio, apostar por la transformaci\u00f3n digital te permite transformar la complejidad administrativa en una ventaja competitiva sostenible en el tiempo y perfectamente escalable, siendo esta la decisi\u00f3n gerencial m\u00e1s rentable que puedes tomar para<strong>\u00a0reducir costes, garantizar el cumplimiento legal y construir un entorno de trabajo eficiente<\/strong>.<\/p>\n<p>&nbsp;<\/p>\n<p>Entonces, \u00bfqu\u00e9 esperas para iniciar el proceso de digitalizaci\u00f3n de tu empresa?<\/p>\n","protected":false},"excerpt":{"rendered":"<p>Cualquiera que tenga una empresa hoy en d\u00eda sabe lo dif\u00edcil que resulta dirigirla. Porque, pese a lo que muchos &#8230;<\/p>\n","protected":false},"author":2,"featured_media":224801,"comment_status":"closed","ping_status":"closed","sticky":false,"template":"","format":"standard","meta":{"footnotes":""},"categories":[14],"tags":[],"class_list":["post-224800","post","type-post","status-publish","format-standard","has-post-thumbnail","hentry","category-ciencia-y-tecnologia"],"yoast_head":"<!-- This site is optimized with the Yoast SEO plugin v24.8.1 - https:\/\/yoast.com\/wordpress\/plugins\/seo\/ -->\n<title>Programa de facturaci\u00f3n y programa para hacer n\u00f3minas: ventajas de digitalizar la gesti\u00f3n empresarial - PotenciaRadiofonicaDominicana.com<\/title>\n<meta name=\"robots\" content=\"index, follow, max-snippet:-1, max-image-preview:large, max-video-preview:-1\" \/>\n<link rel=\"canonical\" href=\"https:\/\/potenciaradiofonicadominicana.com\/portal\/programa-de-facturacion-y-programa-para-hacer-nominas-ventajas-de-digitalizar-la-gestion-empresarial\/\" \/>\n<meta property=\"og:locale\" content=\"es_ES\" \/>\n<meta property=\"og:type\" content=\"article\" \/>\n<meta property=\"og:title\" content=\"Programa de facturaci\u00f3n y programa para hacer n\u00f3minas: ventajas de digitalizar la gesti\u00f3n empresarial - PotenciaRadiofonicaDominicana.com\" \/>\n<meta property=\"og:description\" content=\"Cualquiera que tenga una empresa hoy en d\u00eda sabe lo dif\u00edcil que resulta dirigirla. Porque, pese a lo que muchos ...\" \/>\n<meta property=\"og:url\" content=\"https:\/\/potenciaradiofonicadominicana.com\/portal\/programa-de-facturacion-y-programa-para-hacer-nominas-ventajas-de-digitalizar-la-gestion-empresarial\/\" \/>\n<meta property=\"og:site_name\" content=\"PotenciaRadiofonicaDominicana.com\" \/>\n<meta property=\"article:publisher\" content=\"https:\/\/web.facebook.com\/PotenciaRadiofonicaD\" \/>\n<meta property=\"article:published_time\" content=\"2026-08-30T20:45:23+00:00\" \/>\n<meta property=\"og:image\" content=\"https:\/\/potenciaradiofonicadominicana.com\/portal\/wp-content\/uploads\/2026\/08\/9476_21286-3270-6a8efd5bdeeb3427758684-1.jpg\" \/>\n\t<meta property=\"og:image:width\" content=\"670\" \/>\n\t<meta property=\"og:image:height\" content=\"447\" \/>\n\t<meta property=\"og:image:type\" content=\"image\/jpeg\" \/>\n<meta name=\"author\" content=\"Potencia Radiof\u00f3nica Dominicana\" \/>\n<meta name=\"twitter:card\" content=\"summary_large_image\" \/>\n<meta name=\"twitter:label1\" content=\"Escrito por\" \/>\n\t<meta name=\"twitter:data1\" content=\"Potencia Radiof\u00f3nica Dominicana\" \/>\n\t<meta name=\"twitter:label2\" content=\"Tiempo de lectura\" \/>\n\t<meta name=\"twitter:data2\" content=\"5 minutos\" \/>\n<script type=\"application\/ld+json\" class=\"yoast-schema-graph\">{\"@context\":\"https:\/\/schema.org\",\"@graph\":[{\"@type\":\"Article\",\"@id\":\"https:\/\/potenciaradiofonicadominicana.com\/portal\/programa-de-facturacion-y-programa-para-hacer-nominas-ventajas-de-digitalizar-la-gestion-empresarial\/#article\",\"isPartOf\":{\"@id\":\"https:\/\/potenciaradiofonicadominicana.com\/portal\/programa-de-facturacion-y-programa-para-hacer-nominas-ventajas-de-digitalizar-la-gestion-empresarial\/\"},\"author\":{\"name\":\"Potencia Radiof\u00f3nica Dominicana\",\"@id\":\"https:\/\/potenciaradiofonicadominicana.com\/portal\/#\/schema\/person\/a5cf1fea13877803ee0573ac18b03490\"},\"headline\":\"Programa de facturaci\u00f3n y programa para hacer n\u00f3minas: ventajas de digitalizar la gesti\u00f3n empresarial\",\"datePublished\":\"2026-08-30T20:45:23+00:00\",\"mainEntityOfPage\":{\"@id\":\"https:\/\/potenciaradiofonicadominicana.com\/portal\/programa-de-facturacion-y-programa-para-hacer-nominas-ventajas-de-digitalizar-la-gestion-empresarial\/\"},\"wordCount\":992,\"publisher\":{\"@id\":\"https:\/\/potenciaradiofonicadominicana.com\/portal\/#organization\"},\"image\":{\"@id\":\"https:\/\/potenciaradiofonicadominicana.com\/portal\/programa-de-facturacion-y-programa-para-hacer-nominas-ventajas-de-digitalizar-la-gestion-empresarial\/#primaryimage\"},\"thumbnailUrl\":\"https:\/\/potenciaradiofonicadominicana.com\/portal\/wp-content\/uploads\/2026\/08\/9476_21286-3270-6a8efd5bdeeb3427758684-1.jpg\",\"articleSection\":[\"Ciencia y Tecnolog\u00eda\"],\"inLanguage\":\"es\"},{\"@type\":\"WebPage\",\"@id\":\"https:\/\/potenciaradiofonicadominicana.com\/portal\/programa-de-facturacion-y-programa-para-hacer-nominas-ventajas-de-digitalizar-la-gestion-empresarial\/\",\"url\":\"https:\/\/potenciaradiofonicadominicana.com\/portal\/programa-de-facturacion-y-programa-para-hacer-nominas-ventajas-de-digitalizar-la-gestion-empresarial\/\",\"name\":\"Programa de facturaci\u00f3n y programa para hacer n\u00f3minas: ventajas de digitalizar la gesti\u00f3n empresarial - PotenciaRadiofonicaDominicana.com\",\"isPartOf\":{\"@id\":\"https:\/\/potenciaradiofonicadominicana.com\/portal\/#website\"},\"primaryImageOfPage\":{\"@id\":\"https:\/\/potenciaradiofonicadominicana.com\/portal\/programa-de-facturacion-y-programa-para-hacer-nominas-ventajas-de-digitalizar-la-gestion-empresarial\/#primaryimage\"},\"image\":{\"@id\":\"https:\/\/potenciaradiofonicadominicana.com\/portal\/programa-de-facturacion-y-programa-para-hacer-nominas-ventajas-de-digitalizar-la-gestion-empresarial\/#primaryimage\"},\"thumbnailUrl\":\"https:\/\/potenciaradiofonicadominicana.com\/portal\/wp-content\/uploads\/2026\/08\/9476_21286-3270-6a8efd5bdeeb3427758684-1.jpg\",\"datePublished\":\"2026-08-30T20:45:23+00:00\",\"breadcrumb\":{\"@id\":\"https:\/\/potenciaradiofonicadominicana.com\/portal\/programa-de-facturacion-y-programa-para-hacer-nominas-ventajas-de-digitalizar-la-gestion-empresarial\/#breadcrumb\"},\"inLanguage\":\"es\",\"potentialAction\":[{\"@type\":\"ReadAction\",\"target\":[\"https:\/\/potenciaradiofonicadominicana.com\/portal\/programa-de-facturacion-y-programa-para-hacer-nominas-ventajas-de-digitalizar-la-gestion-empresarial\/\"]}]},{\"@type\":\"ImageObject\",\"inLanguage\":\"es\",\"@id\":\"https:\/\/potenciaradiofonicadominicana.com\/portal\/programa-de-facturacion-y-programa-para-hacer-nominas-ventajas-de-digitalizar-la-gestion-empresarial\/#primaryimage\",\"url\":\"https:\/\/potenciaradiofonicadominicana.com\/portal\/wp-content\/uploads\/2026\/08\/9476_21286-3270-6a8efd5bdeeb3427758684-1.jpg\",\"contentUrl\":\"https:\/\/potenciaradiofonicadominicana.com\/portal\/wp-content\/uploads\/2026\/08\/9476_21286-3270-6a8efd5bdeeb3427758684-1.jpg\",\"width\":670,\"height\":447},{\"@type\":\"BreadcrumbList\",\"@id\":\"https:\/\/potenciaradiofonicadominicana.com\/portal\/programa-de-facturacion-y-programa-para-hacer-nominas-ventajas-de-digitalizar-la-gestion-empresarial\/#breadcrumb\",\"itemListElement\":[{\"@type\":\"ListItem\",\"position\":1,\"name\":\"Portada\",\"item\":\"https:\/\/potenciaradiofonicadominicana.com\/portal\/\"},{\"@type\":\"ListItem\",\"position\":2,\"name\":\"Programa de facturaci\u00f3n y programa para hacer n\u00f3minas: ventajas de digitalizar la gesti\u00f3n empresarial\"}]},{\"@type\":\"WebSite\",\"@id\":\"https:\/\/potenciaradiofonicadominicana.com\/portal\/#website\",\"url\":\"https:\/\/potenciaradiofonicadominicana.com\/portal\/\",\"name\":\"PotenciaRadiofonicaDominicana.com\",\"description\":\"Peri\u00f3dico Digital\",\"publisher\":{\"@id\":\"https:\/\/potenciaradiofonicadominicana.com\/portal\/#organization\"},\"potentialAction\":[{\"@type\":\"SearchAction\",\"target\":{\"@type\":\"EntryPoint\",\"urlTemplate\":\"https:\/\/potenciaradiofonicadominicana.com\/portal\/?s={search_term_string}\"},\"query-input\":{\"@type\":\"PropertyValueSpecification\",\"valueRequired\":true,\"valueName\":\"search_term_string\"}}],\"inLanguage\":\"es\"},{\"@type\":\"Organization\",\"@id\":\"https:\/\/potenciaradiofonicadominicana.com\/portal\/#organization\",\"name\":\"PotenciaRadiofonicaDominicana.com\",\"url\":\"https:\/\/potenciaradiofonicadominicana.com\/portal\/\",\"logo\":{\"@type\":\"ImageObject\",\"inLanguage\":\"es\",\"@id\":\"https:\/\/potenciaradiofonicadominicana.com\/portal\/#\/schema\/logo\/image\/\",\"url\":\"https:\/\/potenciaradiofonicadominicana.com\/portal\/wp-content\/uploads\/2022\/01\/descarga.png\",\"contentUrl\":\"https:\/\/potenciaradiofonicadominicana.com\/portal\/wp-content\/uploads\/2022\/01\/descarga.png\",\"width\":300,\"height\":100,\"caption\":\"PotenciaRadiofonicaDominicana.com\"},\"image\":{\"@id\":\"https:\/\/potenciaradiofonicadominicana.com\/portal\/#\/schema\/logo\/image\/\"},\"sameAs\":[\"https:\/\/web.facebook.com\/PotenciaRadiofonicaD\"]},{\"@type\":\"Person\",\"@id\":\"https:\/\/potenciaradiofonicadominicana.com\/portal\/#\/schema\/person\/a5cf1fea13877803ee0573ac18b03490\",\"name\":\"Potencia Radiof\u00f3nica Dominicana\",\"image\":{\"@type\":\"ImageObject\",\"inLanguage\":\"es\",\"@id\":\"https:\/\/potenciaradiofonicadominicana.com\/portal\/#\/schema\/person\/image\/\",\"url\":\"https:\/\/secure.gravatar.com\/avatar\/42a55ab9e8ccc656ba34cd791990602a?s=96&d=mm&r=g\",\"contentUrl\":\"https:\/\/secure.gravatar.com\/avatar\/42a55ab9e8ccc656ba34cd791990602a?s=96&d=mm&r=g\",\"caption\":\"Potencia Radiof\u00f3nica Dominicana\"},\"url\":\"https:\/\/potenciaradiofonicadominicana.com\/portal\/author\/johannyalmanzar\/\"}]}<\/script>\n<!-- \/ Yoast SEO plugin. -->","yoast_head_json":{"title":"Programa de facturaci\u00f3n y programa para hacer n\u00f3minas: ventajas de digitalizar la gesti\u00f3n empresarial - PotenciaRadiofonicaDominicana.com","robots":{"index":"index","follow":"follow","max-snippet":"max-snippet:-1","max-image-preview":"max-image-preview:large","max-video-preview":"max-video-preview:-1"},"canonical":"https:\/\/potenciaradiofonicadominicana.com\/portal\/programa-de-facturacion-y-programa-para-hacer-nominas-ventajas-de-digitalizar-la-gestion-empresarial\/","og_locale":"es_ES","og_type":"article","og_title":"Programa de facturaci\u00f3n y programa para hacer n\u00f3minas: ventajas de digitalizar la gesti\u00f3n empresarial - PotenciaRadiofonicaDominicana.com","og_description":"Cualquiera que tenga una empresa hoy en d\u00eda sabe lo dif\u00edcil que resulta dirigirla. Porque, pese a lo que muchos ...","og_url":"https:\/\/potenciaradiofonicadominicana.com\/portal\/programa-de-facturacion-y-programa-para-hacer-nominas-ventajas-de-digitalizar-la-gestion-empresarial\/","og_site_name":"PotenciaRadiofonicaDominicana.com","article_publisher":"https:\/\/web.facebook.com\/PotenciaRadiofonicaD","article_published_time":"2026-08-30T20:45:23+00:00","og_image":[{"width":670,"height":447,"url":"https:\/\/potenciaradiofonicadominicana.com\/portal\/wp-content\/uploads\/2026\/08\/9476_21286-3270-6a8efd5bdeeb3427758684-1.jpg","type":"image\/jpeg"}],"author":"Potencia Radiof\u00f3nica Dominicana","twitter_card":"summary_large_image","twitter_misc":{"Escrito por":"Potencia Radiof\u00f3nica Dominicana","Tiempo de lectura":"5 minutos"},"schema":{"@context":"https:\/\/schema.org","@graph":[{"@type":"Article","@id":"https:\/\/potenciaradiofonicadominicana.com\/portal\/programa-de-facturacion-y-programa-para-hacer-nominas-ventajas-de-digitalizar-la-gestion-empresarial\/#article","isPartOf":{"@id":"https:\/\/potenciaradiofonicadominicana.com\/portal\/programa-de-facturacion-y-programa-para-hacer-nominas-ventajas-de-digitalizar-la-gestion-empresarial\/"},"author":{"name":"Potencia Radiof\u00f3nica Dominicana","@id":"https:\/\/potenciaradiofonicadominicana.com\/portal\/#\/schema\/person\/a5cf1fea13877803ee0573ac18b03490"},"headline":"Programa de facturaci\u00f3n y programa para hacer n\u00f3minas: ventajas de digitalizar la gesti\u00f3n empresarial","datePublished":"2026-08-30T20:45:23+00:00","mainEntityOfPage":{"@id":"https:\/\/potenciaradiofonicadominicana.com\/portal\/programa-de-facturacion-y-programa-para-hacer-nominas-ventajas-de-digitalizar-la-gestion-empresarial\/"},"wordCount":992,"publisher":{"@id":"https:\/\/potenciaradiofonicadominicana.com\/portal\/#organization"},"image":{"@id":"https:\/\/potenciaradiofonicadominicana.com\/portal\/programa-de-facturacion-y-programa-para-hacer-nominas-ventajas-de-digitalizar-la-gestion-empresarial\/#primaryimage"},"thumbnailUrl":"https:\/\/potenciaradiofonicadominicana.com\/portal\/wp-content\/uploads\/2026\/08\/9476_21286-3270-6a8efd5bdeeb3427758684-1.jpg","articleSection":["Ciencia y Tecnolog\u00eda"],"inLanguage":"es"},{"@type":"WebPage","@id":"https:\/\/potenciaradiofonicadominicana.com\/portal\/programa-de-facturacion-y-programa-para-hacer-nominas-ventajas-de-digitalizar-la-gestion-empresarial\/","url":"https:\/\/potenciaradiofonicadominicana.com\/portal\/programa-de-facturacion-y-programa-para-hacer-nominas-ventajas-de-digitalizar-la-gestion-empresarial\/","name":"Programa de facturaci\u00f3n y programa para hacer n\u00f3minas: ventajas de digitalizar la gesti\u00f3n empresarial - PotenciaRadiofonicaDominicana.com","isPartOf":{"@id":"https:\/\/potenciaradiofonicadominicana.com\/portal\/#website"},"primaryImageOfPage":{"@id":"https:\/\/potenciaradiofonicadominicana.com\/portal\/programa-de-facturacion-y-programa-para-hacer-nominas-ventajas-de-digitalizar-la-gestion-empresarial\/#primaryimage"},"image":{"@id":"https:\/\/potenciaradiofonicadominicana.com\/portal\/programa-de-facturacion-y-programa-para-hacer-nominas-ventajas-de-digitalizar-la-gestion-empresarial\/#primaryimage"},"thumbnailUrl":"https:\/\/potenciaradiofonicadominicana.com\/portal\/wp-content\/uploads\/2026\/08\/9476_21286-3270-6a8efd5bdeeb3427758684-1.jpg","datePublished":"2026-08-30T20:45:23+00:00","breadcrumb":{"@id":"https:\/\/potenciaradiofonicadominicana.com\/portal\/programa-de-facturacion-y-programa-para-hacer-nominas-ventajas-de-digitalizar-la-gestion-empresarial\/#breadcrumb"},"inLanguage":"es","potentialAction":[{"@type":"ReadAction","target":["https:\/\/potenciaradiofonicadominicana.com\/portal\/programa-de-facturacion-y-programa-para-hacer-nominas-ventajas-de-digitalizar-la-gestion-empresarial\/"]}]},{"@type":"ImageObject","inLanguage":"es","@id":"https:\/\/potenciaradiofonicadominicana.com\/portal\/programa-de-facturacion-y-programa-para-hacer-nominas-ventajas-de-digitalizar-la-gestion-empresarial\/#primaryimage","url":"https:\/\/potenciaradiofonicadominicana.com\/portal\/wp-content\/uploads\/2026\/08\/9476_21286-3270-6a8efd5bdeeb3427758684-1.jpg","contentUrl":"https:\/\/potenciaradiofonicadominicana.com\/portal\/wp-content\/uploads\/2026\/08\/9476_21286-3270-6a8efd5bdeeb3427758684-1.jpg","width":670,"height":447},{"@type":"BreadcrumbList","@id":"https:\/\/potenciaradiofonicadominicana.com\/portal\/programa-de-facturacion-y-programa-para-hacer-nominas-ventajas-de-digitalizar-la-gestion-empresarial\/#breadcrumb","itemListElement":[{"@type":"ListItem","position":1,"name":"Portada","item":"https:\/\/potenciaradiofonicadominicana.com\/portal\/"},{"@type":"ListItem","position":2,"name":"Programa de facturaci\u00f3n y programa para hacer n\u00f3minas: ventajas de digitalizar la gesti\u00f3n empresarial"}]},{"@type":"WebSite","@id":"https:\/\/potenciaradiofonicadominicana.com\/portal\/#website","url":"https:\/\/potenciaradiofonicadominicana.com\/portal\/","name":"PotenciaRadiofonicaDominicana.com","description":"Peri\u00f3dico Digital","publisher":{"@id":"https:\/\/potenciaradiofonicadominicana.com\/portal\/#organization"},"potentialAction":[{"@type":"SearchAction","target":{"@type":"EntryPoint","urlTemplate":"https:\/\/potenciaradiofonicadominicana.com\/portal\/?s={search_term_string}"},"query-input":{"@type":"PropertyValueSpecification","valueRequired":true,"valueName":"search_term_string"}}],"inLanguage":"es"},{"@type":"Organization","@id":"https:\/\/potenciaradiofonicadominicana.com\/portal\/#organization","name":"PotenciaRadiofonicaDominicana.com","url":"https:\/\/potenciaradiofonicadominicana.com\/portal\/","logo":{"@type":"ImageObject","inLanguage":"es","@id":"https:\/\/potenciaradiofonicadominicana.com\/portal\/#\/schema\/logo\/image\/","url":"https:\/\/potenciaradiofonicadominicana.com\/portal\/wp-content\/uploads\/2022\/01\/descarga.png","contentUrl":"https:\/\/potenciaradiofonicadominicana.com\/portal\/wp-content\/uploads\/2022\/01\/descarga.png","width":300,"height":100,"caption":"PotenciaRadiofonicaDominicana.com"},"image":{"@id":"https:\/\/potenciaradiofonicadominicana.com\/portal\/#\/schema\/logo\/image\/"},"sameAs":["https:\/\/web.facebook.com\/PotenciaRadiofonicaD"]},{"@type":"Person","@id":"https:\/\/potenciaradiofonicadominicana.com\/portal\/#\/schema\/person\/a5cf1fea13877803ee0573ac18b03490","name":"Potencia Radiof\u00f3nica Dominicana","image":{"@type":"ImageObject","inLanguage":"es","@id":"https:\/\/potenciaradiofonicadominicana.com\/portal\/#\/schema\/person\/image\/","url":"https:\/\/secure.gravatar.com\/avatar\/42a55ab9e8ccc656ba34cd791990602a?s=96&d=mm&r=g","contentUrl":"https:\/\/secure.gravatar.com\/avatar\/42a55ab9e8ccc656ba34cd791990602a?s=96&d=mm&r=g","caption":"Potencia Radiof\u00f3nica Dominicana"},"url":"https:\/\/potenciaradiofonicadominicana.com\/portal\/author\/johannyalmanzar\/"}]}},"_links":{"self":[{"href":"https:\/\/potenciaradiofonicadominicana.com\/portal\/wp-json\/wp\/v2\/posts\/224800","targetHints":{"allow":["GET"]}}],"collection":[{"href":"https:\/\/potenciaradiofonicadominicana.com\/portal\/wp-json\/wp\/v2\/posts"}],"about":[{"href":"https:\/\/potenciaradiofonicadominicana.com\/portal\/wp-json\/wp\/v2\/types\/post"}],"author":[{"embeddable":true,"href":"https:\/\/potenciaradiofonicadominicana.com\/portal\/wp-json\/wp\/v2\/users\/2"}],"replies":[{"embeddable":true,"href":"https:\/\/potenciaradiofonicadominicana.com\/portal\/wp-json\/wp\/v2\/comments?post=224800"}],"version-history":[{"count":1,"href":"https:\/\/potenciaradiofonicadominicana.com\/portal\/wp-json\/wp\/v2\/posts\/224800\/revisions"}],"predecessor-version":[{"id":224802,"href":"https:\/\/potenciaradiofonicadominicana.com\/portal\/wp-json\/wp\/v2\/posts\/224800\/revisions\/224802"}],"wp:featuredmedia":[{"embeddable":true,"href":"https:\/\/potenciaradiofonicadominicana.com\/portal\/wp-json\/wp\/v2\/media\/224801"}],"wp:attachment":[{"href":"https:\/\/potenciaradiofonicadominicana.com\/portal\/wp-json\/wp\/v2\/media?parent=224800"}],"wp:term":[{"taxonomy":"category","embeddable":true,"href":"https:\/\/potenciaradiofonicadominicana.com\/portal\/wp-json\/wp\/v2\/categories?post=224800"},{"taxonomy":"post_tag","embeddable":true,"href":"https:\/\/potenciaradiofonicadominicana.com\/portal\/wp-json\/wp\/v2\/tags?post=224800"}],"curies":[{"name":"wp","href":"https:\/\/api.w.org\/{rel}","templated":true}]}}