{"id":224794,"date":"2026-08-30T16:42:07","date_gmt":"2026-08-30T20:42:07","guid":{"rendered":"https:\/\/potenciaradiofonicadominicana.com\/portal\/?p=224794"},"modified":"2026-08-30T16:44:08","modified_gmt":"2026-08-30T20:44:08","slug":"la-formacion-de-planetas-es-una-carrera-contra-el-tiempo-2","status":"publish","type":"post","link":"https:\/\/potenciaradiofonicadominicana.com\/portal\/la-formacion-de-planetas-es-una-carrera-contra-el-tiempo-2\/","title":{"rendered":"Leonard Kleinrock: El matem\u00e1tico que concibi\u00f3 la arquitectura de Internet"},"content":{"rendered":"<p><a href=\"https:\/\/potenciaradiofonicadominicana.com\/portal\/wp-content\/uploads\/2026\/08\/8218_kleinrock_headshot.jpg\"><img loading=\"lazy\" decoding=\"async\" class=\"alignnone size-full wp-image-224798\" src=\"https:\/\/potenciaradiofonicadominicana.com\/portal\/wp-content\/uploads\/2026\/08\/8218_kleinrock_headshot.jpg\" alt=\"\" width=\"609\" height=\"600\" srcset=\"https:\/\/potenciaradiofonicadominicana.com\/portal\/wp-content\/uploads\/2026\/08\/8218_kleinrock_headshot.jpg 609w, https:\/\/potenciaradiofonicadominicana.com\/portal\/wp-content\/uploads\/2026\/08\/8218_kleinrock_headshot-300x296.jpg 300w, https:\/\/potenciaradiofonicadominicana.com\/portal\/wp-content\/uploads\/2026\/08\/8218_kleinrock_headshot-80x80.jpg 80w\" sizes=\"auto, (max-width: 609px) 100vw, 609px\" \/><\/a><\/p>\n<p>(Foto: Wikimedia Commons)<\/p>\n<p>&nbsp;<\/p>\n<p>&nbsp;<\/p>\n<p>Mucho antes de que el primer mensaje cruzara la red, de que existieran la World Wide Web o las redes sociales, un joven ingeniero imagin\u00f3 un mundo donde los ordenadores se comunicaban entre s\u00ed de forma fluida. Ese hombre era Leonard Kleinrock, el matem\u00e1tico e inform\u00e1tico estadounidense cuyas teor\u00edas matem\u00e1ticas sobre la conmutaci\u00f3n de paquetes (packet switching) sentaron las bases indispensables para la creaci\u00f3n de Internet.<\/p>\n<p>&nbsp;<\/p>\n<p>Los primeros a\u00f1os: De una radio de galena al MIT<\/p>\n<p>Nacido en la ciudad de Nueva York en 1934, la fascinaci\u00f3n de Kleinrock por la tecnolog\u00eda comenz\u00f3 a una edad temprana. Con solo seis a\u00f1os, construy\u00f3 una radio de galena utilizando piezas recicladas, una experiencia que despert\u00f3 una curiosidad insaciable por la transmisi\u00f3n de datos y se\u00f1ales electr\u00f3nicas.<\/p>\n<p>&nbsp;<\/p>\n<p>Tras graduarse en el City College of New York en 1957, Kleinrock ingres\u00f3 en el prestigioso Instituto Tecnol\u00f3gico de Massachusetts (MIT). Fue durante su etapa de doctorado donde identific\u00f3 una limitaci\u00f3n cr\u00edtica en las redes de comunicaci\u00f3n de la \u00e9poca. Las redes telef\u00f3nicas tradicionales funcionaban mediante conmutaci\u00f3n de circuitos, un sistema r\u00edgido donde una l\u00ednea completa quedaba reservada exclusivamente para dos interlocutores, lo que resultaba ineficiente e inviable para interconectar computadoras.<\/p>\n<p>La revoluci\u00f3n te\u00f3rica: La conmutaci\u00f3n de paquetes<\/p>\n<p>En 1962, Kleinrock present\u00f3 su tesis doctoral en el MIT, un trabajo pionero que propon\u00eda una soluci\u00f3n radical: la teor\u00eda de colas aplicada a redes de datos. En lugar de mantener un canal dedicado, la informaci\u00f3n deb\u00eda dividirse en peque\u00f1os fragmentos o \u00abpaquetes\u00bb. Cada paquete viajar\u00eda de forma independiente a trav\u00e9s de la red, buscando la ruta m\u00e1s r\u00e1pida disponible, para luego reensamblarse en el destino.<\/p>\n<p>&nbsp;<\/p>\n<p>Esta idea, conocida como conmutaci\u00f3n de paquetes, demostr\u00f3 matem\u00e1ticamente que la transmisi\u00f3n aleatoria de datos permit\u00eda un uso infinitamente m\u00e1s eficiente del ancho de banda disponible. Aunque en su momento la industria de las telecomunicaciones mir\u00f3 su propuesta con escepticismo, Kleinrock hab\u00eda dise\u00f1ado el coraz\u00f3n del tr\u00e1fico digital moderno.<\/p>\n<p>&nbsp;<\/p>\n<p>En 1963, Kleinrock se incorpor\u00f3 al departamento de Ciencias de la Computaci\u00f3n de la Universidad de California en Los \u00c1ngeles (UCLA). Su experiencia matem\u00e1tica motiv\u00f3 a la Agencia de Proyectos de Investigaci\u00f3n Avanzada del Departamento de Defensa de EE. UU. (DARPA) a seleccionar su laboratorio como el primer nodo de ARPANET, el antecesor directo de Internet.<\/p>\n<p>&nbsp;<\/p>\n<p>El 29 de octubre de 1969, Kleinrock y su equipo, encabezado por el estudiante Charley Kline, se dispusieron a enviar el primer mensaje de ordenador a ordenador a trav\u00e9s de la red, conectando el nodo de UCLA con el del Stanford Research Institute (SRI).<\/p>\n<p>-El objetivo era transmitir la palabra \u00abLOGIN\u00bb.<\/p>\n<p>&nbsp;<\/p>\n<p>-El sistema envi\u00f3 la letra &#8216;L&#8217; con \u00e9xito.<\/p>\n<p>&nbsp;<\/p>\n<p>-A continuaci\u00f3n, envi\u00f3 la letra &#8216;O&#8217;.<\/p>\n<p>&nbsp;<\/p>\n<p>-Al intentar enviar la &#8216;G&#8217;, el sistema se cay\u00f3.<\/p>\n<p>&nbsp;<\/p>\n<p>Aquel primer mensaje en la historia de las redes inform\u00e1ticas qued\u00f3 registrado involuntariamente como \u00abLO\u00bb (\u00abLo and behold\u00bb, una expresi\u00f3n en ingl\u00e9s que significa \u00abmira por d\u00f3nde\u00bb o \u00abhe aqu\u00ed\u00bb). Unos minutos m\u00e1s tarde, tras reiniciar el sistema, la palabra \u00abLOGIN\u00bb se complet\u00f3 con \u00e9xito.<\/p>\n<p>A lo largo de sus m\u00e1s de seis d\u00e9cadas de carrera acad\u00e9mica y cient\u00edfica, Leonard Kleinrock ha recibido los reconocimientos m\u00e1s elevados de la comunidad tecnol\u00f3gica internacional, incluyendo la Medalla Nacional de la Ciencia otorgada por el presidente de Estados Unidos en 2007 y el prestigioso Premio BBVA Fronteras del Conocimiento.Ciencias<\/p>\n<p>&nbsp;<\/p>\n<p>Hoy en d\u00eda, cada paquete de datos que viaja por la fibra \u00f3ptica, las redes m\u00f3viles 5G o los enlaces satelitales sigue respetando los principios matem\u00e1ticos formulados por Kleinrock a principios de la d\u00e9cada de 1960. Su herencia no se limita \u00fanicamente a haber presenciado el nacimiento de Internet, sino a haber dise\u00f1ado la estructura te\u00f3rica que hizo posible la era de la informaci\u00f3n.<\/p>\n","protected":false},"excerpt":{"rendered":"<p>(Foto: Wikimedia Commons) &nbsp; &nbsp; Mucho antes de que el primer mensaje cruzara la red, de que existieran la World &#8230;<\/p>\n","protected":false},"author":2,"featured_media":224798,"comment_status":"closed","ping_status":"closed","sticky":false,"template":"","format":"standard","meta":{"footnotes":""},"categories":[14],"tags":[],"class_list":["post-224794","post","type-post","status-publish","format-standard","has-post-thumbnail","hentry","category-ciencia-y-tecnologia"],"yoast_head":"<!-- This site is optimized with the Yoast SEO plugin v24.8.1 - https:\/\/yoast.com\/wordpress\/plugins\/seo\/ -->\n<title>Leonard Kleinrock: El matem\u00e1tico que concibi\u00f3 la arquitectura de Internet - PotenciaRadiofonicaDominicana.com<\/title>\n<meta name=\"robots\" content=\"index, follow, max-snippet:-1, max-image-preview:large, max-video-preview:-1\" \/>\n<link rel=\"canonical\" href=\"https:\/\/potenciaradiofonicadominicana.com\/portal\/la-formacion-de-planetas-es-una-carrera-contra-el-tiempo-2\/\" \/>\n<meta property=\"og:locale\" content=\"es_ES\" \/>\n<meta property=\"og:type\" content=\"article\" \/>\n<meta property=\"og:title\" content=\"Leonard Kleinrock: El matem\u00e1tico que concibi\u00f3 la arquitectura de Internet - PotenciaRadiofonicaDominicana.com\" \/>\n<meta property=\"og:description\" content=\"(Foto: Wikimedia Commons) &nbsp; &nbsp; Mucho antes de que el primer mensaje cruzara la red, de que existieran la World ...\" \/>\n<meta property=\"og:url\" content=\"https:\/\/potenciaradiofonicadominicana.com\/portal\/la-formacion-de-planetas-es-una-carrera-contra-el-tiempo-2\/\" \/>\n<meta property=\"og:site_name\" content=\"PotenciaRadiofonicaDominicana.com\" \/>\n<meta property=\"article:publisher\" content=\"https:\/\/web.facebook.com\/PotenciaRadiofonicaD\" \/>\n<meta property=\"article:published_time\" content=\"2026-08-30T20:42:07+00:00\" \/>\n<meta property=\"article:modified_time\" content=\"2026-08-30T20:44:08+00:00\" \/>\n<meta property=\"og:image\" content=\"https:\/\/potenciaradiofonicadominicana.com\/portal\/wp-content\/uploads\/2026\/08\/8218_kleinrock_headshot.jpg\" \/>\n\t<meta property=\"og:image:width\" content=\"609\" \/>\n\t<meta property=\"og:image:height\" content=\"600\" \/>\n\t<meta property=\"og:image:type\" content=\"image\/jpeg\" \/>\n<meta name=\"author\" content=\"Potencia Radiof\u00f3nica Dominicana\" \/>\n<meta name=\"twitter:card\" content=\"summary_large_image\" \/>\n<meta name=\"twitter:label1\" content=\"Escrito por\" \/>\n\t<meta name=\"twitter:data1\" content=\"Potencia Radiof\u00f3nica Dominicana\" \/>\n\t<meta name=\"twitter:label2\" content=\"Tiempo de lectura\" \/>\n\t<meta name=\"twitter:data2\" content=\"4 minutos\" \/>\n<script type=\"application\/ld+json\" class=\"yoast-schema-graph\">{\"@context\":\"https:\/\/schema.org\",\"@graph\":[{\"@type\":\"Article\",\"@id\":\"https:\/\/potenciaradiofonicadominicana.com\/portal\/la-formacion-de-planetas-es-una-carrera-contra-el-tiempo-2\/#article\",\"isPartOf\":{\"@id\":\"https:\/\/potenciaradiofonicadominicana.com\/portal\/la-formacion-de-planetas-es-una-carrera-contra-el-tiempo-2\/\"},\"author\":{\"name\":\"Potencia Radiof\u00f3nica Dominicana\",\"@id\":\"https:\/\/potenciaradiofonicadominicana.com\/portal\/#\/schema\/person\/a5cf1fea13877803ee0573ac18b03490\"},\"headline\":\"Leonard Kleinrock: El matem\u00e1tico que concibi\u00f3 la arquitectura de Internet\",\"datePublished\":\"2026-08-30T20:42:07+00:00\",\"dateModified\":\"2026-08-30T20:44:08+00:00\",\"mainEntityOfPage\":{\"@id\":\"https:\/\/potenciaradiofonicadominicana.com\/portal\/la-formacion-de-planetas-es-una-carrera-contra-el-tiempo-2\/\"},\"wordCount\":692,\"publisher\":{\"@id\":\"https:\/\/potenciaradiofonicadominicana.com\/portal\/#organization\"},\"image\":{\"@id\":\"https:\/\/potenciaradiofonicadominicana.com\/portal\/la-formacion-de-planetas-es-una-carrera-contra-el-tiempo-2\/#primaryimage\"},\"thumbnailUrl\":\"https:\/\/potenciaradiofonicadominicana.com\/portal\/wp-content\/uploads\/2026\/08\/8218_kleinrock_headshot.jpg\",\"articleSection\":[\"Ciencia y Tecnolog\u00eda\"],\"inLanguage\":\"es\"},{\"@type\":\"WebPage\",\"@id\":\"https:\/\/potenciaradiofonicadominicana.com\/portal\/la-formacion-de-planetas-es-una-carrera-contra-el-tiempo-2\/\",\"url\":\"https:\/\/potenciaradiofonicadominicana.com\/portal\/la-formacion-de-planetas-es-una-carrera-contra-el-tiempo-2\/\",\"name\":\"Leonard Kleinrock: El matem\u00e1tico que concibi\u00f3 la arquitectura de Internet - PotenciaRadiofonicaDominicana.com\",\"isPartOf\":{\"@id\":\"https:\/\/potenciaradiofonicadominicana.com\/portal\/#website\"},\"primaryImageOfPage\":{\"@id\":\"https:\/\/potenciaradiofonicadominicana.com\/portal\/la-formacion-de-planetas-es-una-carrera-contra-el-tiempo-2\/#primaryimage\"},\"image\":{\"@id\":\"https:\/\/potenciaradiofonicadominicana.com\/portal\/la-formacion-de-planetas-es-una-carrera-contra-el-tiempo-2\/#primaryimage\"},\"thumbnailUrl\":\"https:\/\/potenciaradiofonicadominicana.com\/portal\/wp-content\/uploads\/2026\/08\/8218_kleinrock_headshot.jpg\",\"datePublished\":\"2026-08-30T20:42:07+00:00\",\"dateModified\":\"2026-08-30T20:44:08+00:00\",\"breadcrumb\":{\"@id\":\"https:\/\/potenciaradiofonicadominicana.com\/portal\/la-formacion-de-planetas-es-una-carrera-contra-el-tiempo-2\/#breadcrumb\"},\"inLanguage\":\"es\",\"potentialAction\":[{\"@type\":\"ReadAction\",\"target\":[\"https:\/\/potenciaradiofonicadominicana.com\/portal\/la-formacion-de-planetas-es-una-carrera-contra-el-tiempo-2\/\"]}]},{\"@type\":\"ImageObject\",\"inLanguage\":\"es\",\"@id\":\"https:\/\/potenciaradiofonicadominicana.com\/portal\/la-formacion-de-planetas-es-una-carrera-contra-el-tiempo-2\/#primaryimage\",\"url\":\"https:\/\/potenciaradiofonicadominicana.com\/portal\/wp-content\/uploads\/2026\/08\/8218_kleinrock_headshot.jpg\",\"contentUrl\":\"https:\/\/potenciaradiofonicadominicana.com\/portal\/wp-content\/uploads\/2026\/08\/8218_kleinrock_headshot.jpg\",\"width\":609,\"height\":600},{\"@type\":\"BreadcrumbList\",\"@id\":\"https:\/\/potenciaradiofonicadominicana.com\/portal\/la-formacion-de-planetas-es-una-carrera-contra-el-tiempo-2\/#breadcrumb\",\"itemListElement\":[{\"@type\":\"ListItem\",\"position\":1,\"name\":\"Portada\",\"item\":\"https:\/\/potenciaradiofonicadominicana.com\/portal\/\"},{\"@type\":\"ListItem\",\"position\":2,\"name\":\"Leonard Kleinrock: El matem\u00e1tico que concibi\u00f3 la arquitectura de Internet\"}]},{\"@type\":\"WebSite\",\"@id\":\"https:\/\/potenciaradiofonicadominicana.com\/portal\/#website\",\"url\":\"https:\/\/potenciaradiofonicadominicana.com\/portal\/\",\"name\":\"PotenciaRadiofonicaDominicana.com\",\"description\":\"Peri\u00f3dico Digital\",\"publisher\":{\"@id\":\"https:\/\/potenciaradiofonicadominicana.com\/portal\/#organization\"},\"potentialAction\":[{\"@type\":\"SearchAction\",\"target\":{\"@type\":\"EntryPoint\",\"urlTemplate\":\"https:\/\/potenciaradiofonicadominicana.com\/portal\/?s={search_term_string}\"},\"query-input\":{\"@type\":\"PropertyValueSpecification\",\"valueRequired\":true,\"valueName\":\"search_term_string\"}}],\"inLanguage\":\"es\"},{\"@type\":\"Organization\",\"@id\":\"https:\/\/potenciaradiofonicadominicana.com\/portal\/#organization\",\"name\":\"PotenciaRadiofonicaDominicana.com\",\"url\":\"https:\/\/potenciaradiofonicadominicana.com\/portal\/\",\"logo\":{\"@type\":\"ImageObject\",\"inLanguage\":\"es\",\"@id\":\"https:\/\/potenciaradiofonicadominicana.com\/portal\/#\/schema\/logo\/image\/\",\"url\":\"https:\/\/potenciaradiofonicadominicana.com\/portal\/wp-content\/uploads\/2022\/01\/descarga.png\",\"contentUrl\":\"https:\/\/potenciaradiofonicadominicana.com\/portal\/wp-content\/uploads\/2022\/01\/descarga.png\",\"width\":300,\"height\":100,\"caption\":\"PotenciaRadiofonicaDominicana.com\"},\"image\":{\"@id\":\"https:\/\/potenciaradiofonicadominicana.com\/portal\/#\/schema\/logo\/image\/\"},\"sameAs\":[\"https:\/\/web.facebook.com\/PotenciaRadiofonicaD\"]},{\"@type\":\"Person\",\"@id\":\"https:\/\/potenciaradiofonicadominicana.com\/portal\/#\/schema\/person\/a5cf1fea13877803ee0573ac18b03490\",\"name\":\"Potencia Radiof\u00f3nica Dominicana\",\"image\":{\"@type\":\"ImageObject\",\"inLanguage\":\"es\",\"@id\":\"https:\/\/potenciaradiofonicadominicana.com\/portal\/#\/schema\/person\/image\/\",\"url\":\"https:\/\/secure.gravatar.com\/avatar\/42a55ab9e8ccc656ba34cd791990602a?s=96&d=mm&r=g\",\"contentUrl\":\"https:\/\/secure.gravatar.com\/avatar\/42a55ab9e8ccc656ba34cd791990602a?s=96&d=mm&r=g\",\"caption\":\"Potencia Radiof\u00f3nica Dominicana\"},\"url\":\"https:\/\/potenciaradiofonicadominicana.com\/portal\/author\/johannyalmanzar\/\"}]}<\/script>\n<!-- \/ Yoast SEO plugin. -->","yoast_head_json":{"title":"Leonard Kleinrock: El matem\u00e1tico que concibi\u00f3 la arquitectura de Internet - PotenciaRadiofonicaDominicana.com","robots":{"index":"index","follow":"follow","max-snippet":"max-snippet:-1","max-image-preview":"max-image-preview:large","max-video-preview":"max-video-preview:-1"},"canonical":"https:\/\/potenciaradiofonicadominicana.com\/portal\/la-formacion-de-planetas-es-una-carrera-contra-el-tiempo-2\/","og_locale":"es_ES","og_type":"article","og_title":"Leonard Kleinrock: El matem\u00e1tico que concibi\u00f3 la arquitectura de Internet - PotenciaRadiofonicaDominicana.com","og_description":"(Foto: Wikimedia Commons) &nbsp; &nbsp; Mucho antes de que el primer mensaje cruzara la red, de que existieran la World ...","og_url":"https:\/\/potenciaradiofonicadominicana.com\/portal\/la-formacion-de-planetas-es-una-carrera-contra-el-tiempo-2\/","og_site_name":"PotenciaRadiofonicaDominicana.com","article_publisher":"https:\/\/web.facebook.com\/PotenciaRadiofonicaD","article_published_time":"2026-08-30T20:42:07+00:00","article_modified_time":"2026-08-30T20:44:08+00:00","og_image":[{"width":609,"height":600,"url":"https:\/\/potenciaradiofonicadominicana.com\/portal\/wp-content\/uploads\/2026\/08\/8218_kleinrock_headshot.jpg","type":"image\/jpeg"}],"author":"Potencia Radiof\u00f3nica Dominicana","twitter_card":"summary_large_image","twitter_misc":{"Escrito por":"Potencia Radiof\u00f3nica Dominicana","Tiempo de lectura":"4 minutos"},"schema":{"@context":"https:\/\/schema.org","@graph":[{"@type":"Article","@id":"https:\/\/potenciaradiofonicadominicana.com\/portal\/la-formacion-de-planetas-es-una-carrera-contra-el-tiempo-2\/#article","isPartOf":{"@id":"https:\/\/potenciaradiofonicadominicana.com\/portal\/la-formacion-de-planetas-es-una-carrera-contra-el-tiempo-2\/"},"author":{"name":"Potencia Radiof\u00f3nica Dominicana","@id":"https:\/\/potenciaradiofonicadominicana.com\/portal\/#\/schema\/person\/a5cf1fea13877803ee0573ac18b03490"},"headline":"Leonard Kleinrock: El matem\u00e1tico que concibi\u00f3 la arquitectura de Internet","datePublished":"2026-08-30T20:42:07+00:00","dateModified":"2026-08-30T20:44:08+00:00","mainEntityOfPage":{"@id":"https:\/\/potenciaradiofonicadominicana.com\/portal\/la-formacion-de-planetas-es-una-carrera-contra-el-tiempo-2\/"},"wordCount":692,"publisher":{"@id":"https:\/\/potenciaradiofonicadominicana.com\/portal\/#organization"},"image":{"@id":"https:\/\/potenciaradiofonicadominicana.com\/portal\/la-formacion-de-planetas-es-una-carrera-contra-el-tiempo-2\/#primaryimage"},"thumbnailUrl":"https:\/\/potenciaradiofonicadominicana.com\/portal\/wp-content\/uploads\/2026\/08\/8218_kleinrock_headshot.jpg","articleSection":["Ciencia y Tecnolog\u00eda"],"inLanguage":"es"},{"@type":"WebPage","@id":"https:\/\/potenciaradiofonicadominicana.com\/portal\/la-formacion-de-planetas-es-una-carrera-contra-el-tiempo-2\/","url":"https:\/\/potenciaradiofonicadominicana.com\/portal\/la-formacion-de-planetas-es-una-carrera-contra-el-tiempo-2\/","name":"Leonard Kleinrock: El matem\u00e1tico que concibi\u00f3 la arquitectura de Internet - PotenciaRadiofonicaDominicana.com","isPartOf":{"@id":"https:\/\/potenciaradiofonicadominicana.com\/portal\/#website"},"primaryImageOfPage":{"@id":"https:\/\/potenciaradiofonicadominicana.com\/portal\/la-formacion-de-planetas-es-una-carrera-contra-el-tiempo-2\/#primaryimage"},"image":{"@id":"https:\/\/potenciaradiofonicadominicana.com\/portal\/la-formacion-de-planetas-es-una-carrera-contra-el-tiempo-2\/#primaryimage"},"thumbnailUrl":"https:\/\/potenciaradiofonicadominicana.com\/portal\/wp-content\/uploads\/2026\/08\/8218_kleinrock_headshot.jpg","datePublished":"2026-08-30T20:42:07+00:00","dateModified":"2026-08-30T20:44:08+00:00","breadcrumb":{"@id":"https:\/\/potenciaradiofonicadominicana.com\/portal\/la-formacion-de-planetas-es-una-carrera-contra-el-tiempo-2\/#breadcrumb"},"inLanguage":"es","potentialAction":[{"@type":"ReadAction","target":["https:\/\/potenciaradiofonicadominicana.com\/portal\/la-formacion-de-planetas-es-una-carrera-contra-el-tiempo-2\/"]}]},{"@type":"ImageObject","inLanguage":"es","@id":"https:\/\/potenciaradiofonicadominicana.com\/portal\/la-formacion-de-planetas-es-una-carrera-contra-el-tiempo-2\/#primaryimage","url":"https:\/\/potenciaradiofonicadominicana.com\/portal\/wp-content\/uploads\/2026\/08\/8218_kleinrock_headshot.jpg","contentUrl":"https:\/\/potenciaradiofonicadominicana.com\/portal\/wp-content\/uploads\/2026\/08\/8218_kleinrock_headshot.jpg","width":609,"height":600},{"@type":"BreadcrumbList","@id":"https:\/\/potenciaradiofonicadominicana.com\/portal\/la-formacion-de-planetas-es-una-carrera-contra-el-tiempo-2\/#breadcrumb","itemListElement":[{"@type":"ListItem","position":1,"name":"Portada","item":"https:\/\/potenciaradiofonicadominicana.com\/portal\/"},{"@type":"ListItem","position":2,"name":"Leonard Kleinrock: El matem\u00e1tico que concibi\u00f3 la arquitectura de Internet"}]},{"@type":"WebSite","@id":"https:\/\/potenciaradiofonicadominicana.com\/portal\/#website","url":"https:\/\/potenciaradiofonicadominicana.com\/portal\/","name":"PotenciaRadiofonicaDominicana.com","description":"Peri\u00f3dico Digital","publisher":{"@id":"https:\/\/potenciaradiofonicadominicana.com\/portal\/#organization"},"potentialAction":[{"@type":"SearchAction","target":{"@type":"EntryPoint","urlTemplate":"https:\/\/potenciaradiofonicadominicana.com\/portal\/?s={search_term_string}"},"query-input":{"@type":"PropertyValueSpecification","valueRequired":true,"valueName":"search_term_string"}}],"inLanguage":"es"},{"@type":"Organization","@id":"https:\/\/potenciaradiofonicadominicana.com\/portal\/#organization","name":"PotenciaRadiofonicaDominicana.com","url":"https:\/\/potenciaradiofonicadominicana.com\/portal\/","logo":{"@type":"ImageObject","inLanguage":"es","@id":"https:\/\/potenciaradiofonicadominicana.com\/portal\/#\/schema\/logo\/image\/","url":"https:\/\/potenciaradiofonicadominicana.com\/portal\/wp-content\/uploads\/2022\/01\/descarga.png","contentUrl":"https:\/\/potenciaradiofonicadominicana.com\/portal\/wp-content\/uploads\/2022\/01\/descarga.png","width":300,"height":100,"caption":"PotenciaRadiofonicaDominicana.com"},"image":{"@id":"https:\/\/potenciaradiofonicadominicana.com\/portal\/#\/schema\/logo\/image\/"},"sameAs":["https:\/\/web.facebook.com\/PotenciaRadiofonicaD"]},{"@type":"Person","@id":"https:\/\/potenciaradiofonicadominicana.com\/portal\/#\/schema\/person\/a5cf1fea13877803ee0573ac18b03490","name":"Potencia Radiof\u00f3nica Dominicana","image":{"@type":"ImageObject","inLanguage":"es","@id":"https:\/\/potenciaradiofonicadominicana.com\/portal\/#\/schema\/person\/image\/","url":"https:\/\/secure.gravatar.com\/avatar\/42a55ab9e8ccc656ba34cd791990602a?s=96&d=mm&r=g","contentUrl":"https:\/\/secure.gravatar.com\/avatar\/42a55ab9e8ccc656ba34cd791990602a?s=96&d=mm&r=g","caption":"Potencia Radiof\u00f3nica Dominicana"},"url":"https:\/\/potenciaradiofonicadominicana.com\/portal\/author\/johannyalmanzar\/"}]}},"_links":{"self":[{"href":"https:\/\/potenciaradiofonicadominicana.com\/portal\/wp-json\/wp\/v2\/posts\/224794","targetHints":{"allow":["GET"]}}],"collection":[{"href":"https:\/\/potenciaradiofonicadominicana.com\/portal\/wp-json\/wp\/v2\/posts"}],"about":[{"href":"https:\/\/potenciaradiofonicadominicana.com\/portal\/wp-json\/wp\/v2\/types\/post"}],"author":[{"embeddable":true,"href":"https:\/\/potenciaradiofonicadominicana.com\/portal\/wp-json\/wp\/v2\/users\/2"}],"replies":[{"embeddable":true,"href":"https:\/\/potenciaradiofonicadominicana.com\/portal\/wp-json\/wp\/v2\/comments?post=224794"}],"version-history":[{"count":3,"href":"https:\/\/potenciaradiofonicadominicana.com\/portal\/wp-json\/wp\/v2\/posts\/224794\/revisions"}],"predecessor-version":[{"id":224799,"href":"https:\/\/potenciaradiofonicadominicana.com\/portal\/wp-json\/wp\/v2\/posts\/224794\/revisions\/224799"}],"wp:featuredmedia":[{"embeddable":true,"href":"https:\/\/potenciaradiofonicadominicana.com\/portal\/wp-json\/wp\/v2\/media\/224798"}],"wp:attachment":[{"href":"https:\/\/potenciaradiofonicadominicana.com\/portal\/wp-json\/wp\/v2\/media?parent=224794"}],"wp:term":[{"taxonomy":"category","embeddable":true,"href":"https:\/\/potenciaradiofonicadominicana.com\/portal\/wp-json\/wp\/v2\/categories?post=224794"},{"taxonomy":"post_tag","embeddable":true,"href":"https:\/\/potenciaradiofonicadominicana.com\/portal\/wp-json\/wp\/v2\/tags?post=224794"}],"curies":[{"name":"wp","href":"https:\/\/api.w.org\/{rel}","templated":true}]}}