{"id":224788,"date":"2026-08-30T16:39:43","date_gmt":"2026-08-30T20:39:43","guid":{"rendered":"https:\/\/potenciaradiofonicadominicana.com\/portal\/?p=224788"},"modified":"2026-08-30T16:39:43","modified_gmt":"2026-08-30T20:39:43","slug":"por-que-sentimos-la-temperatura-distinta-segun-la-parte-del-cuerpo","status":"publish","type":"post","link":"https:\/\/potenciaradiofonicadominicana.com\/portal\/por-que-sentimos-la-temperatura-distinta-segun-la-parte-del-cuerpo\/","title":{"rendered":"Por qu\u00e9 sentimos la temperatura distinta seg\u00fan la parte del cuerpo"},"content":{"rendered":"<p><a href=\"https:\/\/potenciaradiofonicadominicana.com\/portal\/wp-content\/uploads\/2026\/08\/9230_sensory_homunculus.jpg\"><img loading=\"lazy\" decoding=\"async\" class=\"alignnone size-full wp-image-224789\" src=\"https:\/\/potenciaradiofonicadominicana.com\/portal\/wp-content\/uploads\/2026\/08\/9230_sensory_homunculus.jpg\" alt=\"\" width=\"515\" height=\"600\" srcset=\"https:\/\/potenciaradiofonicadominicana.com\/portal\/wp-content\/uploads\/2026\/08\/9230_sensory_homunculus.jpg 515w, https:\/\/potenciaradiofonicadominicana.com\/portal\/wp-content\/uploads\/2026\/08\/9230_sensory_homunculus-258x300.jpg 258w\" sizes=\"auto, (max-width: 515px) 100vw, 515px\" \/><\/a><\/p>\n<p>Seguramente lo has experimentado m\u00e1s de una vez: compruebas si el biber\u00f3n de un beb\u00e9 est\u00e1 demasiado caliente vertiendo unas gotas sobre el dorso de la mu\u00f1eca y no con las yemas de los dedos, o notas que el agua de la ducha que te parec\u00eda perfecta en las manos se siente ardiendo al caer sobre tu espalda.<\/p>\n<p>&nbsp;<\/p>\n<p>A pesar de que toda nuestra piel est\u00e1 expuesta al mismo entorno, nuestra percepci\u00f3n t\u00e9rmica var\u00eda dr\u00e1sticamente de una zona a otra. Esta disparidad no es una falla de nuestro organismo, sino una sofisticada estrategia adaptativa de nuestro sistema nervioso.<\/p>\n<p>&nbsp;<\/p>\n<h2>El mapa desigual de los termorreceptores<\/h2>\n<p>&nbsp;<\/p>\n<p>La raz\u00f3n principal por la cual no percibimos el fr\u00edo o el calor con la misma intensidad en todo el cuerpo reside en la\u00a0<b>densidad de termorreceptores<\/b>, las terminaciones nerviosas especializadas encargadas de detectar los cambios de temperatura.<\/p>\n<p>&nbsp;<\/p>\n<p>Existen dos tipos principales de termorreceptores en las capas de la piel: los receptores para el fr\u00edo (que se activan en un rango aproximado de entre 10 \u00b0C y 35 \u00b0C) y los receptores para el calor (activos entre los 30 \u00b0C y los 45 \u00b0C). Sorprendentemente, nuestro cuerpo cuenta con entre cuatro y diez veces m\u00e1s receptores de fr\u00edo que de calor.<\/p>\n<p>&nbsp;<\/p>\n<p>Sin embargo, estos sensores no est\u00e1n repartidos equitativamente. Mientras que zonas como la yema de los dedos, los labios, la punta de la lengua y el rostro cuentan con una concentraci\u00f3n masiva de terminaciones nerviosas por cent\u00edmetro cuadrado, \u00e1reas m\u00e1s extensas como la espalda, los muslos o los antebrazos tienen una red sensorial mucho m\u00e1s dispersa.<\/p>\n<p>&nbsp;<\/p>\n<h2>Canales TRP: la f\u00edsica molecular de la temperatura<\/h2>\n<div class=\"google-auto-placed ap_container\"><ins class=\"adsbygoogle adsbygoogle-noablate\" data-ad-format=\"auto\" data-ad-client=\"ca-pub-5663005764905852\" data-adsbygoogle-status=\"done\" data-ad-status=\"unfill-optimized\"><\/p>\n<div id=\"aswift_4_host\">\n<div class=\"google-aiuf\" data-google-ad-efd=\"true\">\n<div class=\"goog-rentries\">\n<div><\/div>\n<\/div>\n<\/div>\n<\/div>\n<p><\/ins><\/div>\n<p>A nivel microsc\u00f3pico, los encargados de transformar el est\u00edmulo t\u00e9rmico en un impulso el\u00e9ctrico que viaja al cerebro son los\u00a0<b>canales de potencial de receptor transitorio<\/b>\u00a0(canales TRP). Estas prote\u00ednas situadas en las membranas de las neuronas sensoriales act\u00faan como verdaderos term\u00f3metros moleculares.<\/p>\n<p>&nbsp;<\/p>\n<p>Por ejemplo, el canal TRPV1 se activa con temperaturas superiores a los 43 \u00b0C \u2014el umbral en el que el calor empieza a resultar potencialmente da\u00f1ino para los tejidos\u2014, mientras que el canal TRPM8 se activa ante el descenso de la temperatura o la presencia de sustancias como el mentol.<\/p>\n<p>&nbsp;<\/p>\n<p>La abundancia de este tipo de canales moleculares var\u00eda seg\u00fan la regi\u00f3n del cuerpo. En las manos y la cara, una mayor expresi\u00f3n de canales TRP permite al cerebro registrar variaciones t\u00e9rmicas m\u00ednimas, de incluso fracciones de grado, mientras que en la espalda o el torso se requieren variaciones de temperatura m\u00e1s dr\u00e1sticas para generar una respuesta similar.<\/p>\n<p>&nbsp;<\/p>\n<p><span class=\"RichTextAlignCenter citewrapper\"><img decoding=\"async\" class=\"RichTextAlignCenter\" src=\"https:\/\/noticiasdelaciencia.com\/upload\/images\/08_2026\/9230_sensory_homunculus.jpg\" alt=\"[Img #79536]\" \/><\/span><\/p>\n<div class=\"imagefooterprint\"><\/div>\n<p>&nbsp;<\/p>\n<p>(Foto: Wikimedia Commons)<\/p>\n<p>&nbsp;<\/p>\n<h2>El hom\u00fanculo de Penfield y el procesado cerebral<\/h2>\n<p>&nbsp;<\/p>\n<p>Detectar la temperatura en la piel es solo la primera mitad del proceso. La se\u00f1al viaja a trav\u00e9s de la m\u00e9dula espinal hasta la\u00a0<b>corteza somatosensorial<\/b>\u00a0del cerebro, donde se interpreta la sensaci\u00f3n.<\/p>\n<p>&nbsp;<\/p>\n<p>En la d\u00e9cada de 1930, el neurocirujano Wilder Penfield dibuj\u00f3 un mapa del cerebro humano conocido como el\u00a0<i>hom\u00fanculo somatosensorial<\/i>. Esta representaci\u00f3n gr\u00e1fica del cuerpo asigna espacio cerebral no en funci\u00f3n del tama\u00f1o real de cada extremidad u \u00f3rgano, sino en funci\u00f3n de su densidad de conexiones sensoriales.<\/p>\n<p>En este mapa neuroanat\u00f3mico, las manos, los labios y la cara ocupan m\u00e1s del 60 % de toda la corteza sensorial. Como consecuencia directa de este procesamiento prioritario:<\/p>\n<p>&nbsp;<\/p>\n<p><b>-Los labios y la boca:<\/b> Poseen la piel m\u00e1s fina, una vascularizaci\u00f3n alt\u00edsima y la mayor densidad de receptores por mil\u00edmetro cuadrado. Sirven como primera barrera biol\u00f3gica para evitar ingerir alimentos abrasivos o congelados.<\/p>\n<p>&nbsp;<\/p>\n<p><b>-Las manos y los dedos:<\/b>\u00a0Son nuestros principales \u00f3rganos de exploraci\u00f3n t\u00e1ctil. Necesitan evaluar la temperatura de los objetos antes de manipularlos de forma prolongada.<\/p>\n<p>&nbsp;<\/p>\n<p><b>-La espalda y el torso:<\/b>\u00a0Ocupan un espacio marginal en el cerebro. Su funci\u00f3n no es explorar el entorno con precisi\u00f3n, sino regular la temperatura corporal global mediante la sudoraci\u00f3n o la vasoconstricci\u00f3n.<\/p>\n<p>&nbsp;<\/p>\n<h2>El grosor de la piel y el flujo sangu\u00edneo<\/h2>\n<p>&nbsp;<\/p>\n<p>M\u00e1s all\u00e1 de la red de neuronas, las propiedades f\u00edsicas de los tejidos influyen de forma determinante en la transferencia de calor:<\/p>\n<p>&nbsp;<\/p>\n<h3>La epidermis y el estrato c\u00f3rneo<\/h3>\n<p>&nbsp;<\/p>\n<p>El grosor de la capa m\u00e1s externa de la piel act\u00faa como aislante t\u00e9rmico. En la palma de la mano o la planta del pie, el estrato c\u00f3rneo es considerablemente m\u00e1s grueso para resistir la fricci\u00f3n, lo que puede retrasar ligeramente la conducci\u00f3n del calor hacia los receptores profundos. Por el contrario, la piel del torso, la mu\u00f1eca o el cuello es muy delgada, facilitando que el cambio t\u00e9rmico alcance de inmediato las terminaciones nerviosas.<\/p>\n<p>&nbsp;<\/p>\n<h3>La red vascular perif\u00e9rica<\/h3>\n<p>&nbsp;<\/p>\n<p>Las zonas con abundantes capilares superficiales, como los labios o las mejillas, disipan o absorben el calor con mayor rapidez. Adem\u00e1s, el cuerpo ajusta el flujo de sangre perif\u00e9rico (vasoconstricci\u00f3n ante el fr\u00edo y vasodilataci\u00f3n ante el calor) de forma diferente en el n\u00facleo corporal que en las extremidades, alterando la temperatura de fondo de la propia piel y modificando la percepci\u00f3n relativa.<\/p>\n<p>&nbsp;<\/p>\n<h2>Un mecanismo de supervivencia evolutivo<\/h2>\n<p>&nbsp;<\/p>\n<p>Esta distribuci\u00f3n desigual no es casual; responde a millones de a\u00f1os de evoluci\u00f3n. Las manos y el rostro son la vanguardia de nuestra interacci\u00f3n con el medio ambiente: detectan riesgos inmediatos de quemaduras o congelaci\u00f3n antes de que el resto del organismo quede expuesto. Por su parte, la menor sensibilidad en zonas de gran superficie, como el torso o las piernas, evita que el sistema nervioso se sobrecargue con millones de est\u00edmulos t\u00e9rmicos secundarios irrelevantes mientras nos desplazamos.<\/p>\n","protected":false},"excerpt":{"rendered":"<p>Seguramente lo has experimentado m\u00e1s de una vez: compruebas si el biber\u00f3n de un beb\u00e9 est\u00e1 demasiado caliente vertiendo unas &#8230;<\/p>\n","protected":false},"author":2,"featured_media":224789,"comment_status":"closed","ping_status":"closed","sticky":false,"template":"","format":"standard","meta":{"footnotes":""},"categories":[14],"tags":[],"class_list":["post-224788","post","type-post","status-publish","format-standard","has-post-thumbnail","hentry","category-ciencia-y-tecnologia"],"yoast_head":"<!-- This site is optimized with the Yoast SEO plugin v24.8.1 - https:\/\/yoast.com\/wordpress\/plugins\/seo\/ -->\n<title>Por qu\u00e9 sentimos la temperatura distinta seg\u00fan la parte del cuerpo - PotenciaRadiofonicaDominicana.com<\/title>\n<meta name=\"robots\" content=\"index, follow, max-snippet:-1, max-image-preview:large, max-video-preview:-1\" \/>\n<link rel=\"canonical\" href=\"https:\/\/potenciaradiofonicadominicana.com\/portal\/por-que-sentimos-la-temperatura-distinta-segun-la-parte-del-cuerpo\/\" \/>\n<meta property=\"og:locale\" content=\"es_ES\" \/>\n<meta property=\"og:type\" content=\"article\" \/>\n<meta property=\"og:title\" content=\"Por qu\u00e9 sentimos la temperatura distinta seg\u00fan la parte del cuerpo - PotenciaRadiofonicaDominicana.com\" \/>\n<meta property=\"og:description\" content=\"Seguramente lo has experimentado m\u00e1s de una vez: compruebas si el biber\u00f3n de un beb\u00e9 est\u00e1 demasiado caliente vertiendo unas ...\" \/>\n<meta property=\"og:url\" content=\"https:\/\/potenciaradiofonicadominicana.com\/portal\/por-que-sentimos-la-temperatura-distinta-segun-la-parte-del-cuerpo\/\" \/>\n<meta property=\"og:site_name\" content=\"PotenciaRadiofonicaDominicana.com\" \/>\n<meta property=\"article:publisher\" content=\"https:\/\/web.facebook.com\/PotenciaRadiofonicaD\" \/>\n<meta property=\"article:published_time\" content=\"2026-08-30T20:39:43+00:00\" \/>\n<meta property=\"og:image\" content=\"https:\/\/potenciaradiofonicadominicana.com\/portal\/wp-content\/uploads\/2026\/08\/9230_sensory_homunculus.jpg\" \/>\n\t<meta property=\"og:image:width\" content=\"515\" \/>\n\t<meta property=\"og:image:height\" content=\"600\" \/>\n\t<meta property=\"og:image:type\" content=\"image\/jpeg\" \/>\n<meta name=\"author\" content=\"Potencia Radiof\u00f3nica Dominicana\" \/>\n<meta name=\"twitter:card\" content=\"summary_large_image\" \/>\n<meta name=\"twitter:label1\" content=\"Escrito por\" \/>\n\t<meta name=\"twitter:data1\" content=\"Potencia Radiof\u00f3nica Dominicana\" \/>\n\t<meta name=\"twitter:label2\" content=\"Tiempo de lectura\" \/>\n\t<meta name=\"twitter:data2\" content=\"5 minutos\" \/>\n<script type=\"application\/ld+json\" class=\"yoast-schema-graph\">{\"@context\":\"https:\/\/schema.org\",\"@graph\":[{\"@type\":\"Article\",\"@id\":\"https:\/\/potenciaradiofonicadominicana.com\/portal\/por-que-sentimos-la-temperatura-distinta-segun-la-parte-del-cuerpo\/#article\",\"isPartOf\":{\"@id\":\"https:\/\/potenciaradiofonicadominicana.com\/portal\/por-que-sentimos-la-temperatura-distinta-segun-la-parte-del-cuerpo\/\"},\"author\":{\"name\":\"Potencia Radiof\u00f3nica Dominicana\",\"@id\":\"https:\/\/potenciaradiofonicadominicana.com\/portal\/#\/schema\/person\/a5cf1fea13877803ee0573ac18b03490\"},\"headline\":\"Por qu\u00e9 sentimos la temperatura distinta seg\u00fan la parte del cuerpo\",\"datePublished\":\"2026-08-30T20:39:43+00:00\",\"mainEntityOfPage\":{\"@id\":\"https:\/\/potenciaradiofonicadominicana.com\/portal\/por-que-sentimos-la-temperatura-distinta-segun-la-parte-del-cuerpo\/\"},\"wordCount\":1010,\"publisher\":{\"@id\":\"https:\/\/potenciaradiofonicadominicana.com\/portal\/#organization\"},\"image\":{\"@id\":\"https:\/\/potenciaradiofonicadominicana.com\/portal\/por-que-sentimos-la-temperatura-distinta-segun-la-parte-del-cuerpo\/#primaryimage\"},\"thumbnailUrl\":\"https:\/\/potenciaradiofonicadominicana.com\/portal\/wp-content\/uploads\/2026\/08\/9230_sensory_homunculus.jpg\",\"articleSection\":[\"Ciencia y Tecnolog\u00eda\"],\"inLanguage\":\"es\"},{\"@type\":\"WebPage\",\"@id\":\"https:\/\/potenciaradiofonicadominicana.com\/portal\/por-que-sentimos-la-temperatura-distinta-segun-la-parte-del-cuerpo\/\",\"url\":\"https:\/\/potenciaradiofonicadominicana.com\/portal\/por-que-sentimos-la-temperatura-distinta-segun-la-parte-del-cuerpo\/\",\"name\":\"Por qu\u00e9 sentimos la temperatura distinta seg\u00fan la parte del cuerpo - PotenciaRadiofonicaDominicana.com\",\"isPartOf\":{\"@id\":\"https:\/\/potenciaradiofonicadominicana.com\/portal\/#website\"},\"primaryImageOfPage\":{\"@id\":\"https:\/\/potenciaradiofonicadominicana.com\/portal\/por-que-sentimos-la-temperatura-distinta-segun-la-parte-del-cuerpo\/#primaryimage\"},\"image\":{\"@id\":\"https:\/\/potenciaradiofonicadominicana.com\/portal\/por-que-sentimos-la-temperatura-distinta-segun-la-parte-del-cuerpo\/#primaryimage\"},\"thumbnailUrl\":\"https:\/\/potenciaradiofonicadominicana.com\/portal\/wp-content\/uploads\/2026\/08\/9230_sensory_homunculus.jpg\",\"datePublished\":\"2026-08-30T20:39:43+00:00\",\"breadcrumb\":{\"@id\":\"https:\/\/potenciaradiofonicadominicana.com\/portal\/por-que-sentimos-la-temperatura-distinta-segun-la-parte-del-cuerpo\/#breadcrumb\"},\"inLanguage\":\"es\",\"potentialAction\":[{\"@type\":\"ReadAction\",\"target\":[\"https:\/\/potenciaradiofonicadominicana.com\/portal\/por-que-sentimos-la-temperatura-distinta-segun-la-parte-del-cuerpo\/\"]}]},{\"@type\":\"ImageObject\",\"inLanguage\":\"es\",\"@id\":\"https:\/\/potenciaradiofonicadominicana.com\/portal\/por-que-sentimos-la-temperatura-distinta-segun-la-parte-del-cuerpo\/#primaryimage\",\"url\":\"https:\/\/potenciaradiofonicadominicana.com\/portal\/wp-content\/uploads\/2026\/08\/9230_sensory_homunculus.jpg\",\"contentUrl\":\"https:\/\/potenciaradiofonicadominicana.com\/portal\/wp-content\/uploads\/2026\/08\/9230_sensory_homunculus.jpg\",\"width\":515,\"height\":600},{\"@type\":\"BreadcrumbList\",\"@id\":\"https:\/\/potenciaradiofonicadominicana.com\/portal\/por-que-sentimos-la-temperatura-distinta-segun-la-parte-del-cuerpo\/#breadcrumb\",\"itemListElement\":[{\"@type\":\"ListItem\",\"position\":1,\"name\":\"Portada\",\"item\":\"https:\/\/potenciaradiofonicadominicana.com\/portal\/\"},{\"@type\":\"ListItem\",\"position\":2,\"name\":\"Por qu\u00e9 sentimos la temperatura distinta seg\u00fan la parte del cuerpo\"}]},{\"@type\":\"WebSite\",\"@id\":\"https:\/\/potenciaradiofonicadominicana.com\/portal\/#website\",\"url\":\"https:\/\/potenciaradiofonicadominicana.com\/portal\/\",\"name\":\"PotenciaRadiofonicaDominicana.com\",\"description\":\"Peri\u00f3dico Digital\",\"publisher\":{\"@id\":\"https:\/\/potenciaradiofonicadominicana.com\/portal\/#organization\"},\"potentialAction\":[{\"@type\":\"SearchAction\",\"target\":{\"@type\":\"EntryPoint\",\"urlTemplate\":\"https:\/\/potenciaradiofonicadominicana.com\/portal\/?s={search_term_string}\"},\"query-input\":{\"@type\":\"PropertyValueSpecification\",\"valueRequired\":true,\"valueName\":\"search_term_string\"}}],\"inLanguage\":\"es\"},{\"@type\":\"Organization\",\"@id\":\"https:\/\/potenciaradiofonicadominicana.com\/portal\/#organization\",\"name\":\"PotenciaRadiofonicaDominicana.com\",\"url\":\"https:\/\/potenciaradiofonicadominicana.com\/portal\/\",\"logo\":{\"@type\":\"ImageObject\",\"inLanguage\":\"es\",\"@id\":\"https:\/\/potenciaradiofonicadominicana.com\/portal\/#\/schema\/logo\/image\/\",\"url\":\"https:\/\/potenciaradiofonicadominicana.com\/portal\/wp-content\/uploads\/2022\/01\/descarga.png\",\"contentUrl\":\"https:\/\/potenciaradiofonicadominicana.com\/portal\/wp-content\/uploads\/2022\/01\/descarga.png\",\"width\":300,\"height\":100,\"caption\":\"PotenciaRadiofonicaDominicana.com\"},\"image\":{\"@id\":\"https:\/\/potenciaradiofonicadominicana.com\/portal\/#\/schema\/logo\/image\/\"},\"sameAs\":[\"https:\/\/web.facebook.com\/PotenciaRadiofonicaD\"]},{\"@type\":\"Person\",\"@id\":\"https:\/\/potenciaradiofonicadominicana.com\/portal\/#\/schema\/person\/a5cf1fea13877803ee0573ac18b03490\",\"name\":\"Potencia Radiof\u00f3nica Dominicana\",\"image\":{\"@type\":\"ImageObject\",\"inLanguage\":\"es\",\"@id\":\"https:\/\/potenciaradiofonicadominicana.com\/portal\/#\/schema\/person\/image\/\",\"url\":\"https:\/\/secure.gravatar.com\/avatar\/42a55ab9e8ccc656ba34cd791990602a?s=96&d=mm&r=g\",\"contentUrl\":\"https:\/\/secure.gravatar.com\/avatar\/42a55ab9e8ccc656ba34cd791990602a?s=96&d=mm&r=g\",\"caption\":\"Potencia Radiof\u00f3nica Dominicana\"},\"url\":\"https:\/\/potenciaradiofonicadominicana.com\/portal\/author\/johannyalmanzar\/\"}]}<\/script>\n<!-- \/ Yoast SEO plugin. -->","yoast_head_json":{"title":"Por qu\u00e9 sentimos la temperatura distinta seg\u00fan la parte del cuerpo - PotenciaRadiofonicaDominicana.com","robots":{"index":"index","follow":"follow","max-snippet":"max-snippet:-1","max-image-preview":"max-image-preview:large","max-video-preview":"max-video-preview:-1"},"canonical":"https:\/\/potenciaradiofonicadominicana.com\/portal\/por-que-sentimos-la-temperatura-distinta-segun-la-parte-del-cuerpo\/","og_locale":"es_ES","og_type":"article","og_title":"Por qu\u00e9 sentimos la temperatura distinta seg\u00fan la parte del cuerpo - PotenciaRadiofonicaDominicana.com","og_description":"Seguramente lo has experimentado m\u00e1s de una vez: compruebas si el biber\u00f3n de un beb\u00e9 est\u00e1 demasiado caliente vertiendo unas ...","og_url":"https:\/\/potenciaradiofonicadominicana.com\/portal\/por-que-sentimos-la-temperatura-distinta-segun-la-parte-del-cuerpo\/","og_site_name":"PotenciaRadiofonicaDominicana.com","article_publisher":"https:\/\/web.facebook.com\/PotenciaRadiofonicaD","article_published_time":"2026-08-30T20:39:43+00:00","og_image":[{"width":515,"height":600,"url":"https:\/\/potenciaradiofonicadominicana.com\/portal\/wp-content\/uploads\/2026\/08\/9230_sensory_homunculus.jpg","type":"image\/jpeg"}],"author":"Potencia Radiof\u00f3nica Dominicana","twitter_card":"summary_large_image","twitter_misc":{"Escrito por":"Potencia Radiof\u00f3nica Dominicana","Tiempo de lectura":"5 minutos"},"schema":{"@context":"https:\/\/schema.org","@graph":[{"@type":"Article","@id":"https:\/\/potenciaradiofonicadominicana.com\/portal\/por-que-sentimos-la-temperatura-distinta-segun-la-parte-del-cuerpo\/#article","isPartOf":{"@id":"https:\/\/potenciaradiofonicadominicana.com\/portal\/por-que-sentimos-la-temperatura-distinta-segun-la-parte-del-cuerpo\/"},"author":{"name":"Potencia Radiof\u00f3nica Dominicana","@id":"https:\/\/potenciaradiofonicadominicana.com\/portal\/#\/schema\/person\/a5cf1fea13877803ee0573ac18b03490"},"headline":"Por qu\u00e9 sentimos la temperatura distinta seg\u00fan la parte del cuerpo","datePublished":"2026-08-30T20:39:43+00:00","mainEntityOfPage":{"@id":"https:\/\/potenciaradiofonicadominicana.com\/portal\/por-que-sentimos-la-temperatura-distinta-segun-la-parte-del-cuerpo\/"},"wordCount":1010,"publisher":{"@id":"https:\/\/potenciaradiofonicadominicana.com\/portal\/#organization"},"image":{"@id":"https:\/\/potenciaradiofonicadominicana.com\/portal\/por-que-sentimos-la-temperatura-distinta-segun-la-parte-del-cuerpo\/#primaryimage"},"thumbnailUrl":"https:\/\/potenciaradiofonicadominicana.com\/portal\/wp-content\/uploads\/2026\/08\/9230_sensory_homunculus.jpg","articleSection":["Ciencia y Tecnolog\u00eda"],"inLanguage":"es"},{"@type":"WebPage","@id":"https:\/\/potenciaradiofonicadominicana.com\/portal\/por-que-sentimos-la-temperatura-distinta-segun-la-parte-del-cuerpo\/","url":"https:\/\/potenciaradiofonicadominicana.com\/portal\/por-que-sentimos-la-temperatura-distinta-segun-la-parte-del-cuerpo\/","name":"Por qu\u00e9 sentimos la temperatura distinta seg\u00fan la parte del cuerpo - PotenciaRadiofonicaDominicana.com","isPartOf":{"@id":"https:\/\/potenciaradiofonicadominicana.com\/portal\/#website"},"primaryImageOfPage":{"@id":"https:\/\/potenciaradiofonicadominicana.com\/portal\/por-que-sentimos-la-temperatura-distinta-segun-la-parte-del-cuerpo\/#primaryimage"},"image":{"@id":"https:\/\/potenciaradiofonicadominicana.com\/portal\/por-que-sentimos-la-temperatura-distinta-segun-la-parte-del-cuerpo\/#primaryimage"},"thumbnailUrl":"https:\/\/potenciaradiofonicadominicana.com\/portal\/wp-content\/uploads\/2026\/08\/9230_sensory_homunculus.jpg","datePublished":"2026-08-30T20:39:43+00:00","breadcrumb":{"@id":"https:\/\/potenciaradiofonicadominicana.com\/portal\/por-que-sentimos-la-temperatura-distinta-segun-la-parte-del-cuerpo\/#breadcrumb"},"inLanguage":"es","potentialAction":[{"@type":"ReadAction","target":["https:\/\/potenciaradiofonicadominicana.com\/portal\/por-que-sentimos-la-temperatura-distinta-segun-la-parte-del-cuerpo\/"]}]},{"@type":"ImageObject","inLanguage":"es","@id":"https:\/\/potenciaradiofonicadominicana.com\/portal\/por-que-sentimos-la-temperatura-distinta-segun-la-parte-del-cuerpo\/#primaryimage","url":"https:\/\/potenciaradiofonicadominicana.com\/portal\/wp-content\/uploads\/2026\/08\/9230_sensory_homunculus.jpg","contentUrl":"https:\/\/potenciaradiofonicadominicana.com\/portal\/wp-content\/uploads\/2026\/08\/9230_sensory_homunculus.jpg","width":515,"height":600},{"@type":"BreadcrumbList","@id":"https:\/\/potenciaradiofonicadominicana.com\/portal\/por-que-sentimos-la-temperatura-distinta-segun-la-parte-del-cuerpo\/#breadcrumb","itemListElement":[{"@type":"ListItem","position":1,"name":"Portada","item":"https:\/\/potenciaradiofonicadominicana.com\/portal\/"},{"@type":"ListItem","position":2,"name":"Por qu\u00e9 sentimos la temperatura distinta seg\u00fan la parte del cuerpo"}]},{"@type":"WebSite","@id":"https:\/\/potenciaradiofonicadominicana.com\/portal\/#website","url":"https:\/\/potenciaradiofonicadominicana.com\/portal\/","name":"PotenciaRadiofonicaDominicana.com","description":"Peri\u00f3dico Digital","publisher":{"@id":"https:\/\/potenciaradiofonicadominicana.com\/portal\/#organization"},"potentialAction":[{"@type":"SearchAction","target":{"@type":"EntryPoint","urlTemplate":"https:\/\/potenciaradiofonicadominicana.com\/portal\/?s={search_term_string}"},"query-input":{"@type":"PropertyValueSpecification","valueRequired":true,"valueName":"search_term_string"}}],"inLanguage":"es"},{"@type":"Organization","@id":"https:\/\/potenciaradiofonicadominicana.com\/portal\/#organization","name":"PotenciaRadiofonicaDominicana.com","url":"https:\/\/potenciaradiofonicadominicana.com\/portal\/","logo":{"@type":"ImageObject","inLanguage":"es","@id":"https:\/\/potenciaradiofonicadominicana.com\/portal\/#\/schema\/logo\/image\/","url":"https:\/\/potenciaradiofonicadominicana.com\/portal\/wp-content\/uploads\/2022\/01\/descarga.png","contentUrl":"https:\/\/potenciaradiofonicadominicana.com\/portal\/wp-content\/uploads\/2022\/01\/descarga.png","width":300,"height":100,"caption":"PotenciaRadiofonicaDominicana.com"},"image":{"@id":"https:\/\/potenciaradiofonicadominicana.com\/portal\/#\/schema\/logo\/image\/"},"sameAs":["https:\/\/web.facebook.com\/PotenciaRadiofonicaD"]},{"@type":"Person","@id":"https:\/\/potenciaradiofonicadominicana.com\/portal\/#\/schema\/person\/a5cf1fea13877803ee0573ac18b03490","name":"Potencia Radiof\u00f3nica Dominicana","image":{"@type":"ImageObject","inLanguage":"es","@id":"https:\/\/potenciaradiofonicadominicana.com\/portal\/#\/schema\/person\/image\/","url":"https:\/\/secure.gravatar.com\/avatar\/42a55ab9e8ccc656ba34cd791990602a?s=96&d=mm&r=g","contentUrl":"https:\/\/secure.gravatar.com\/avatar\/42a55ab9e8ccc656ba34cd791990602a?s=96&d=mm&r=g","caption":"Potencia Radiof\u00f3nica Dominicana"},"url":"https:\/\/potenciaradiofonicadominicana.com\/portal\/author\/johannyalmanzar\/"}]}},"_links":{"self":[{"href":"https:\/\/potenciaradiofonicadominicana.com\/portal\/wp-json\/wp\/v2\/posts\/224788","targetHints":{"allow":["GET"]}}],"collection":[{"href":"https:\/\/potenciaradiofonicadominicana.com\/portal\/wp-json\/wp\/v2\/posts"}],"about":[{"href":"https:\/\/potenciaradiofonicadominicana.com\/portal\/wp-json\/wp\/v2\/types\/post"}],"author":[{"embeddable":true,"href":"https:\/\/potenciaradiofonicadominicana.com\/portal\/wp-json\/wp\/v2\/users\/2"}],"replies":[{"embeddable":true,"href":"https:\/\/potenciaradiofonicadominicana.com\/portal\/wp-json\/wp\/v2\/comments?post=224788"}],"version-history":[{"count":1,"href":"https:\/\/potenciaradiofonicadominicana.com\/portal\/wp-json\/wp\/v2\/posts\/224788\/revisions"}],"predecessor-version":[{"id":224790,"href":"https:\/\/potenciaradiofonicadominicana.com\/portal\/wp-json\/wp\/v2\/posts\/224788\/revisions\/224790"}],"wp:featuredmedia":[{"embeddable":true,"href":"https:\/\/potenciaradiofonicadominicana.com\/portal\/wp-json\/wp\/v2\/media\/224789"}],"wp:attachment":[{"href":"https:\/\/potenciaradiofonicadominicana.com\/portal\/wp-json\/wp\/v2\/media?parent=224788"}],"wp:term":[{"taxonomy":"category","embeddable":true,"href":"https:\/\/potenciaradiofonicadominicana.com\/portal\/wp-json\/wp\/v2\/categories?post=224788"},{"taxonomy":"post_tag","embeddable":true,"href":"https:\/\/potenciaradiofonicadominicana.com\/portal\/wp-json\/wp\/v2\/tags?post=224788"}],"curies":[{"name":"wp","href":"https:\/\/api.w.org\/{rel}","templated":true}]}}