{"id":216300,"date":"2026-04-29T23:43:09","date_gmt":"2026-04-30T03:43:09","guid":{"rendered":"https:\/\/potenciaradiofonicadominicana.com\/portal\/?p=216300"},"modified":"2026-04-29T23:43:09","modified_gmt":"2026-04-30T03:43:09","slug":"indotel-y-mujeres-con-discapacidad-impulsan-inclusion-digital-con-inauguracion-de-laboratorio-tecnologico","status":"publish","type":"post","link":"https:\/\/potenciaradiofonicadominicana.com\/portal\/indotel-y-mujeres-con-discapacidad-impulsan-inclusion-digital-con-inauguracion-de-laboratorio-tecnologico\/","title":{"rendered":"Indotel y Mujeres con Discapacidad impulsan inclusi\u00f3n digital con inauguraci\u00f3n de laboratorio tecnol\u00f3gico"},"content":{"rendered":"<p><a href=\"https:\/\/potenciaradiofonicadominicana.com\/portal\/wp-content\/uploads\/2026\/04\/IMG_6890-scaled-1.jpeg\"><img loading=\"lazy\" decoding=\"async\" class=\"alignnone size-full wp-image-216302\" src=\"https:\/\/potenciaradiofonicadominicana.com\/portal\/wp-content\/uploads\/2026\/04\/IMG_6890-scaled-1.jpeg\" alt=\"\" width=\"2560\" height=\"1707\" srcset=\"https:\/\/potenciaradiofonicadominicana.com\/portal\/wp-content\/uploads\/2026\/04\/IMG_6890-scaled-1.jpeg 2560w, https:\/\/potenciaradiofonicadominicana.com\/portal\/wp-content\/uploads\/2026\/04\/IMG_6890-scaled-1-300x200.jpeg 300w, https:\/\/potenciaradiofonicadominicana.com\/portal\/wp-content\/uploads\/2026\/04\/IMG_6890-scaled-1-1024x683.jpeg 1024w, https:\/\/potenciaradiofonicadominicana.com\/portal\/wp-content\/uploads\/2026\/04\/IMG_6890-scaled-1-768x512.jpeg 768w, https:\/\/potenciaradiofonicadominicana.com\/portal\/wp-content\/uploads\/2026\/04\/IMG_6890-scaled-1-1536x1024.jpeg 1536w, https:\/\/potenciaradiofonicadominicana.com\/portal\/wp-content\/uploads\/2026\/04\/IMG_6890-scaled-1-2048x1366.jpeg 2048w\" sizes=\"auto, (max-width: 2560px) 100vw, 2560px\" \/><\/a><\/p>\n<p><em>Proyecto fortalecer\u00e1 la capacitaci\u00f3n, autonom\u00eda y empleabilidad de sus beneficiarias<\/em><\/p>\n<p>&nbsp;<\/p>\n<p><strong>Santo Domingo<\/strong>\u00a0\u2022 \u2014 \u00a0 El Instituto Dominicano de las Telecomunicaciones (Indotel) y el C\u00edrculo de Mujeres con Discapacidad (CIMUDIS) puso en marcha el proyecto especial \u201cDigitalab-CIMUDIS: Laboratorio de Conectividad Inclusiva\u201d, que tiene como objetivo \u00a0reducir la brecha digital y promover el acceso equitativo a la tecnolog\u00eda para mujeres con discapacidad en Rep\u00fablica Dominicana.<\/p>\n<p>&nbsp;<\/p>\n<p>El proyecto financiado por el Fondo de Desarrollo de las Telecomunicaciones (FDT), cont\u00f3 tambi\u00e9n con el apoyo del Defensor del Pueblo, y contempla la creaci\u00f3n y habilitaci\u00f3n de un espacio tecnol\u00f3gico accesible para mujeres con discapacidad, dise\u00f1ado para fortalecer la autonom\u00eda, formaci\u00f3n y empleabilidad de sus beneficiarias, mediante herramientas digitales adaptadas a sus necesidades.<\/p>\n<p>&nbsp;<\/p>\n<p>El laboratorio fue equipado con estaciones de trabajo completas, 12 computadoras, monitores, impresora multifuncional, pantallas de gran formato, red interna de datos, sistema de respaldo energ\u00e9tico compuesto por UPS, inversor y bater\u00edas, adem\u00e1s de climatizaci\u00f3n, mobiliario ergon\u00f3mico, licencias de software y soporte t\u00e9cnico especializado.<\/p>\n<p>&nbsp;<\/p>\n<p>El presidente del Consejo Directivo del Indotel, Guido G\u00f3mez Mazara, destac\u00f3 esta iniciativa ser\u00e1 fundamental para construir un pa\u00eds m\u00e1s inclusivo y equitativo.<\/p>\n<p>&nbsp;<\/p>\n<p>\u201cLas caracter\u00edsticas de nuestra gesti\u00f3n es colocar la tecnolog\u00eda al servicio de la gente. Frente a eso, el concepto de inclusi\u00f3n es de vital importancia para nosotros\u201d, puntualiz\u00f3 el titular del \u00f3rgano regulador de las telecomunicaciones.<\/p>\n<p>&nbsp;<\/p>\n<p>De igual forma, G\u00f3mez Mazara enfatiz\u00f3 que esta acci\u00f3n responde al compromiso institucional de impulsar proyectos de alto impacto social, enfocados en ampliar las oportunidades de acceso a las tecnolog\u00edas de la informaci\u00f3n y la comunicaci\u00f3n para poblaciones vulnerables.<\/p>\n<p>&nbsp;<\/p>\n<p>De su lado, Cristina Francisco, presidenta del CIMUDIS, resalt\u00f3 que este espacio representa el inicio formal de un proceso de formaci\u00f3n, autonom\u00eda e inserci\u00f3n laboral para mujeres provenientes del Distrito Nacional, San Pedro de Macor\u00eds y otras comunidades, reafirmando la misi\u00f3n de la entidad de promover independencia econ\u00f3mica y participaci\u00f3n plena en la sociedad.<\/p>\n<p>&nbsp;<\/p>\n<p>\u201cCon este laboratorio tecnol\u00f3gico tenemos ya el compromiso de comenzar ese proceso de inclusi\u00f3n. \u00a0La inserci\u00f3n laboral y la capacitaci\u00f3n abren paso a una sociedad m\u00e1s inclusiva\u201d, expres\u00f3.<\/p>\n<p>&nbsp;<\/p>\n<p>En el acto acompa\u00f1aron a G\u00f3mez Mazara su esposa Sandra Nogu\u00e9, y la coordinadora del FDT, Giselle Dipp.<\/p>\n<p>&nbsp;<\/p>\n<p>Tambi\u00e9n estuvieron presentes en el acto de inauguraci\u00f3n del laboratorio, el primer suplente del Defensor del Pueblo, Roberto Quiroz; y Tayiri \u00a0Acosta, administradora del centro, entre otros invitados especiales.<\/p>\n<div class=\"addtoany_share_save_container addtoany_content addtoany_content_bottom\"><\/div>\n","protected":false},"excerpt":{"rendered":"<p>Proyecto fortalecer\u00e1 la capacitaci\u00f3n, autonom\u00eda y empleabilidad de sus beneficiarias &nbsp; Santo Domingo\u00a0\u2022 \u2014 \u00a0 El Instituto Dominicano de las &#8230;<\/p>\n","protected":false},"author":2,"featured_media":216302,"comment_status":"closed","ping_status":"closed","sticky":false,"template":"","format":"standard","meta":{"footnotes":""},"categories":[25],"tags":[],"class_list":["post-216300","post","type-post","status-publish","format-standard","has-post-thumbnail","hentry","category-noticias"],"yoast_head":"<!-- This site is optimized with the Yoast SEO plugin v24.8.1 - https:\/\/yoast.com\/wordpress\/plugins\/seo\/ -->\n<title>Indotel y Mujeres con Discapacidad impulsan inclusi\u00f3n digital con inauguraci\u00f3n de laboratorio tecnol\u00f3gico - PotenciaRadiofonicaDominicana.com<\/title>\n<meta name=\"robots\" content=\"index, follow, max-snippet:-1, max-image-preview:large, max-video-preview:-1\" \/>\n<link rel=\"canonical\" href=\"https:\/\/potenciaradiofonicadominicana.com\/portal\/indotel-y-mujeres-con-discapacidad-impulsan-inclusion-digital-con-inauguracion-de-laboratorio-tecnologico\/\" \/>\n<meta property=\"og:locale\" content=\"es_ES\" \/>\n<meta property=\"og:type\" content=\"article\" \/>\n<meta property=\"og:title\" content=\"Indotel y Mujeres con Discapacidad impulsan inclusi\u00f3n digital con inauguraci\u00f3n de laboratorio tecnol\u00f3gico - PotenciaRadiofonicaDominicana.com\" \/>\n<meta property=\"og:description\" content=\"Proyecto fortalecer\u00e1 la capacitaci\u00f3n, autonom\u00eda y empleabilidad de sus beneficiarias &nbsp; Santo Domingo\u00a0\u2022 \u2014 \u00a0 El Instituto Dominicano de las ...\" \/>\n<meta property=\"og:url\" content=\"https:\/\/potenciaradiofonicadominicana.com\/portal\/indotel-y-mujeres-con-discapacidad-impulsan-inclusion-digital-con-inauguracion-de-laboratorio-tecnologico\/\" \/>\n<meta property=\"og:site_name\" content=\"PotenciaRadiofonicaDominicana.com\" \/>\n<meta property=\"article:publisher\" content=\"https:\/\/web.facebook.com\/PotenciaRadiofonicaD\" \/>\n<meta property=\"article:published_time\" content=\"2026-04-30T03:43:09+00:00\" \/>\n<meta property=\"og:image\" content=\"https:\/\/potenciaradiofonicadominicana.com\/portal\/wp-content\/uploads\/2026\/04\/IMG_6890-scaled-1.jpeg\" \/>\n\t<meta property=\"og:image:width\" content=\"2560\" \/>\n\t<meta property=\"og:image:height\" content=\"1707\" \/>\n\t<meta property=\"og:image:type\" content=\"image\/jpeg\" \/>\n<meta name=\"author\" content=\"Potencia Radiof\u00f3nica Dominicana\" \/>\n<meta name=\"twitter:card\" content=\"summary_large_image\" \/>\n<meta name=\"twitter:label1\" content=\"Escrito por\" \/>\n\t<meta name=\"twitter:data1\" content=\"Potencia Radiof\u00f3nica Dominicana\" \/>\n\t<meta name=\"twitter:label2\" content=\"Tiempo de lectura\" \/>\n\t<meta name=\"twitter:data2\" content=\"3 minutos\" \/>\n<script type=\"application\/ld+json\" class=\"yoast-schema-graph\">{\"@context\":\"https:\/\/schema.org\",\"@graph\":[{\"@type\":\"Article\",\"@id\":\"https:\/\/potenciaradiofonicadominicana.com\/portal\/indotel-y-mujeres-con-discapacidad-impulsan-inclusion-digital-con-inauguracion-de-laboratorio-tecnologico\/#article\",\"isPartOf\":{\"@id\":\"https:\/\/potenciaradiofonicadominicana.com\/portal\/indotel-y-mujeres-con-discapacidad-impulsan-inclusion-digital-con-inauguracion-de-laboratorio-tecnologico\/\"},\"author\":{\"name\":\"Potencia Radiof\u00f3nica Dominicana\",\"@id\":\"https:\/\/potenciaradiofonicadominicana.com\/portal\/#\/schema\/person\/a5cf1fea13877803ee0573ac18b03490\"},\"headline\":\"Indotel y Mujeres con Discapacidad impulsan inclusi\u00f3n digital con inauguraci\u00f3n de laboratorio tecnol\u00f3gico\",\"datePublished\":\"2026-04-30T03:43:09+00:00\",\"mainEntityOfPage\":{\"@id\":\"https:\/\/potenciaradiofonicadominicana.com\/portal\/indotel-y-mujeres-con-discapacidad-impulsan-inclusion-digital-con-inauguracion-de-laboratorio-tecnologico\/\"},\"wordCount\":457,\"publisher\":{\"@id\":\"https:\/\/potenciaradiofonicadominicana.com\/portal\/#organization\"},\"image\":{\"@id\":\"https:\/\/potenciaradiofonicadominicana.com\/portal\/indotel-y-mujeres-con-discapacidad-impulsan-inclusion-digital-con-inauguracion-de-laboratorio-tecnologico\/#primaryimage\"},\"thumbnailUrl\":\"https:\/\/potenciaradiofonicadominicana.com\/portal\/wp-content\/uploads\/2026\/04\/IMG_6890-scaled-1.jpeg\",\"articleSection\":[\"Noticias\"],\"inLanguage\":\"es\"},{\"@type\":\"WebPage\",\"@id\":\"https:\/\/potenciaradiofonicadominicana.com\/portal\/indotel-y-mujeres-con-discapacidad-impulsan-inclusion-digital-con-inauguracion-de-laboratorio-tecnologico\/\",\"url\":\"https:\/\/potenciaradiofonicadominicana.com\/portal\/indotel-y-mujeres-con-discapacidad-impulsan-inclusion-digital-con-inauguracion-de-laboratorio-tecnologico\/\",\"name\":\"Indotel y Mujeres con Discapacidad impulsan inclusi\u00f3n digital con inauguraci\u00f3n de laboratorio tecnol\u00f3gico - PotenciaRadiofonicaDominicana.com\",\"isPartOf\":{\"@id\":\"https:\/\/potenciaradiofonicadominicana.com\/portal\/#website\"},\"primaryImageOfPage\":{\"@id\":\"https:\/\/potenciaradiofonicadominicana.com\/portal\/indotel-y-mujeres-con-discapacidad-impulsan-inclusion-digital-con-inauguracion-de-laboratorio-tecnologico\/#primaryimage\"},\"image\":{\"@id\":\"https:\/\/potenciaradiofonicadominicana.com\/portal\/indotel-y-mujeres-con-discapacidad-impulsan-inclusion-digital-con-inauguracion-de-laboratorio-tecnologico\/#primaryimage\"},\"thumbnailUrl\":\"https:\/\/potenciaradiofonicadominicana.com\/portal\/wp-content\/uploads\/2026\/04\/IMG_6890-scaled-1.jpeg\",\"datePublished\":\"2026-04-30T03:43:09+00:00\",\"breadcrumb\":{\"@id\":\"https:\/\/potenciaradiofonicadominicana.com\/portal\/indotel-y-mujeres-con-discapacidad-impulsan-inclusion-digital-con-inauguracion-de-laboratorio-tecnologico\/#breadcrumb\"},\"inLanguage\":\"es\",\"potentialAction\":[{\"@type\":\"ReadAction\",\"target\":[\"https:\/\/potenciaradiofonicadominicana.com\/portal\/indotel-y-mujeres-con-discapacidad-impulsan-inclusion-digital-con-inauguracion-de-laboratorio-tecnologico\/\"]}]},{\"@type\":\"ImageObject\",\"inLanguage\":\"es\",\"@id\":\"https:\/\/potenciaradiofonicadominicana.com\/portal\/indotel-y-mujeres-con-discapacidad-impulsan-inclusion-digital-con-inauguracion-de-laboratorio-tecnologico\/#primaryimage\",\"url\":\"https:\/\/potenciaradiofonicadominicana.com\/portal\/wp-content\/uploads\/2026\/04\/IMG_6890-scaled-1.jpeg\",\"contentUrl\":\"https:\/\/potenciaradiofonicadominicana.com\/portal\/wp-content\/uploads\/2026\/04\/IMG_6890-scaled-1.jpeg\",\"width\":2560,\"height\":1707},{\"@type\":\"BreadcrumbList\",\"@id\":\"https:\/\/potenciaradiofonicadominicana.com\/portal\/indotel-y-mujeres-con-discapacidad-impulsan-inclusion-digital-con-inauguracion-de-laboratorio-tecnologico\/#breadcrumb\",\"itemListElement\":[{\"@type\":\"ListItem\",\"position\":1,\"name\":\"Portada\",\"item\":\"https:\/\/potenciaradiofonicadominicana.com\/portal\/\"},{\"@type\":\"ListItem\",\"position\":2,\"name\":\"Indotel y Mujeres con Discapacidad impulsan inclusi\u00f3n digital con inauguraci\u00f3n de laboratorio tecnol\u00f3gico\"}]},{\"@type\":\"WebSite\",\"@id\":\"https:\/\/potenciaradiofonicadominicana.com\/portal\/#website\",\"url\":\"https:\/\/potenciaradiofonicadominicana.com\/portal\/\",\"name\":\"PotenciaRadiofonicaDominicana.com\",\"description\":\"Peri\u00f3dico Digital\",\"publisher\":{\"@id\":\"https:\/\/potenciaradiofonicadominicana.com\/portal\/#organization\"},\"potentialAction\":[{\"@type\":\"SearchAction\",\"target\":{\"@type\":\"EntryPoint\",\"urlTemplate\":\"https:\/\/potenciaradiofonicadominicana.com\/portal\/?s={search_term_string}\"},\"query-input\":{\"@type\":\"PropertyValueSpecification\",\"valueRequired\":true,\"valueName\":\"search_term_string\"}}],\"inLanguage\":\"es\"},{\"@type\":\"Organization\",\"@id\":\"https:\/\/potenciaradiofonicadominicana.com\/portal\/#organization\",\"name\":\"PotenciaRadiofonicaDominicana.com\",\"url\":\"https:\/\/potenciaradiofonicadominicana.com\/portal\/\",\"logo\":{\"@type\":\"ImageObject\",\"inLanguage\":\"es\",\"@id\":\"https:\/\/potenciaradiofonicadominicana.com\/portal\/#\/schema\/logo\/image\/\",\"url\":\"https:\/\/potenciaradiofonicadominicana.com\/portal\/wp-content\/uploads\/2022\/01\/descarga.png\",\"contentUrl\":\"https:\/\/potenciaradiofonicadominicana.com\/portal\/wp-content\/uploads\/2022\/01\/descarga.png\",\"width\":300,\"height\":100,\"caption\":\"PotenciaRadiofonicaDominicana.com\"},\"image\":{\"@id\":\"https:\/\/potenciaradiofonicadominicana.com\/portal\/#\/schema\/logo\/image\/\"},\"sameAs\":[\"https:\/\/web.facebook.com\/PotenciaRadiofonicaD\"]},{\"@type\":\"Person\",\"@id\":\"https:\/\/potenciaradiofonicadominicana.com\/portal\/#\/schema\/person\/a5cf1fea13877803ee0573ac18b03490\",\"name\":\"Potencia Radiof\u00f3nica Dominicana\",\"image\":{\"@type\":\"ImageObject\",\"inLanguage\":\"es\",\"@id\":\"https:\/\/potenciaradiofonicadominicana.com\/portal\/#\/schema\/person\/image\/\",\"url\":\"https:\/\/secure.gravatar.com\/avatar\/42a55ab9e8ccc656ba34cd791990602a?s=96&d=mm&r=g\",\"contentUrl\":\"https:\/\/secure.gravatar.com\/avatar\/42a55ab9e8ccc656ba34cd791990602a?s=96&d=mm&r=g\",\"caption\":\"Potencia Radiof\u00f3nica Dominicana\"},\"url\":\"https:\/\/potenciaradiofonicadominicana.com\/portal\/author\/johannyalmanzar\/\"}]}<\/script>\n<!-- \/ Yoast SEO plugin. -->","yoast_head_json":{"title":"Indotel y Mujeres con Discapacidad impulsan inclusi\u00f3n digital con inauguraci\u00f3n de laboratorio tecnol\u00f3gico - PotenciaRadiofonicaDominicana.com","robots":{"index":"index","follow":"follow","max-snippet":"max-snippet:-1","max-image-preview":"max-image-preview:large","max-video-preview":"max-video-preview:-1"},"canonical":"https:\/\/potenciaradiofonicadominicana.com\/portal\/indotel-y-mujeres-con-discapacidad-impulsan-inclusion-digital-con-inauguracion-de-laboratorio-tecnologico\/","og_locale":"es_ES","og_type":"article","og_title":"Indotel y Mujeres con Discapacidad impulsan inclusi\u00f3n digital con inauguraci\u00f3n de laboratorio tecnol\u00f3gico - PotenciaRadiofonicaDominicana.com","og_description":"Proyecto fortalecer\u00e1 la capacitaci\u00f3n, autonom\u00eda y empleabilidad de sus beneficiarias &nbsp; Santo Domingo\u00a0\u2022 \u2014 \u00a0 El Instituto Dominicano de las ...","og_url":"https:\/\/potenciaradiofonicadominicana.com\/portal\/indotel-y-mujeres-con-discapacidad-impulsan-inclusion-digital-con-inauguracion-de-laboratorio-tecnologico\/","og_site_name":"PotenciaRadiofonicaDominicana.com","article_publisher":"https:\/\/web.facebook.com\/PotenciaRadiofonicaD","article_published_time":"2026-04-30T03:43:09+00:00","og_image":[{"width":2560,"height":1707,"url":"https:\/\/potenciaradiofonicadominicana.com\/portal\/wp-content\/uploads\/2026\/04\/IMG_6890-scaled-1.jpeg","type":"image\/jpeg"}],"author":"Potencia Radiof\u00f3nica Dominicana","twitter_card":"summary_large_image","twitter_misc":{"Escrito por":"Potencia Radiof\u00f3nica Dominicana","Tiempo de lectura":"3 minutos"},"schema":{"@context":"https:\/\/schema.org","@graph":[{"@type":"Article","@id":"https:\/\/potenciaradiofonicadominicana.com\/portal\/indotel-y-mujeres-con-discapacidad-impulsan-inclusion-digital-con-inauguracion-de-laboratorio-tecnologico\/#article","isPartOf":{"@id":"https:\/\/potenciaradiofonicadominicana.com\/portal\/indotel-y-mujeres-con-discapacidad-impulsan-inclusion-digital-con-inauguracion-de-laboratorio-tecnologico\/"},"author":{"name":"Potencia Radiof\u00f3nica Dominicana","@id":"https:\/\/potenciaradiofonicadominicana.com\/portal\/#\/schema\/person\/a5cf1fea13877803ee0573ac18b03490"},"headline":"Indotel y Mujeres con Discapacidad impulsan inclusi\u00f3n digital con inauguraci\u00f3n de laboratorio tecnol\u00f3gico","datePublished":"2026-04-30T03:43:09+00:00","mainEntityOfPage":{"@id":"https:\/\/potenciaradiofonicadominicana.com\/portal\/indotel-y-mujeres-con-discapacidad-impulsan-inclusion-digital-con-inauguracion-de-laboratorio-tecnologico\/"},"wordCount":457,"publisher":{"@id":"https:\/\/potenciaradiofonicadominicana.com\/portal\/#organization"},"image":{"@id":"https:\/\/potenciaradiofonicadominicana.com\/portal\/indotel-y-mujeres-con-discapacidad-impulsan-inclusion-digital-con-inauguracion-de-laboratorio-tecnologico\/#primaryimage"},"thumbnailUrl":"https:\/\/potenciaradiofonicadominicana.com\/portal\/wp-content\/uploads\/2026\/04\/IMG_6890-scaled-1.jpeg","articleSection":["Noticias"],"inLanguage":"es"},{"@type":"WebPage","@id":"https:\/\/potenciaradiofonicadominicana.com\/portal\/indotel-y-mujeres-con-discapacidad-impulsan-inclusion-digital-con-inauguracion-de-laboratorio-tecnologico\/","url":"https:\/\/potenciaradiofonicadominicana.com\/portal\/indotel-y-mujeres-con-discapacidad-impulsan-inclusion-digital-con-inauguracion-de-laboratorio-tecnologico\/","name":"Indotel y Mujeres con Discapacidad impulsan inclusi\u00f3n digital con inauguraci\u00f3n de laboratorio tecnol\u00f3gico - PotenciaRadiofonicaDominicana.com","isPartOf":{"@id":"https:\/\/potenciaradiofonicadominicana.com\/portal\/#website"},"primaryImageOfPage":{"@id":"https:\/\/potenciaradiofonicadominicana.com\/portal\/indotel-y-mujeres-con-discapacidad-impulsan-inclusion-digital-con-inauguracion-de-laboratorio-tecnologico\/#primaryimage"},"image":{"@id":"https:\/\/potenciaradiofonicadominicana.com\/portal\/indotel-y-mujeres-con-discapacidad-impulsan-inclusion-digital-con-inauguracion-de-laboratorio-tecnologico\/#primaryimage"},"thumbnailUrl":"https:\/\/potenciaradiofonicadominicana.com\/portal\/wp-content\/uploads\/2026\/04\/IMG_6890-scaled-1.jpeg","datePublished":"2026-04-30T03:43:09+00:00","breadcrumb":{"@id":"https:\/\/potenciaradiofonicadominicana.com\/portal\/indotel-y-mujeres-con-discapacidad-impulsan-inclusion-digital-con-inauguracion-de-laboratorio-tecnologico\/#breadcrumb"},"inLanguage":"es","potentialAction":[{"@type":"ReadAction","target":["https:\/\/potenciaradiofonicadominicana.com\/portal\/indotel-y-mujeres-con-discapacidad-impulsan-inclusion-digital-con-inauguracion-de-laboratorio-tecnologico\/"]}]},{"@type":"ImageObject","inLanguage":"es","@id":"https:\/\/potenciaradiofonicadominicana.com\/portal\/indotel-y-mujeres-con-discapacidad-impulsan-inclusion-digital-con-inauguracion-de-laboratorio-tecnologico\/#primaryimage","url":"https:\/\/potenciaradiofonicadominicana.com\/portal\/wp-content\/uploads\/2026\/04\/IMG_6890-scaled-1.jpeg","contentUrl":"https:\/\/potenciaradiofonicadominicana.com\/portal\/wp-content\/uploads\/2026\/04\/IMG_6890-scaled-1.jpeg","width":2560,"height":1707},{"@type":"BreadcrumbList","@id":"https:\/\/potenciaradiofonicadominicana.com\/portal\/indotel-y-mujeres-con-discapacidad-impulsan-inclusion-digital-con-inauguracion-de-laboratorio-tecnologico\/#breadcrumb","itemListElement":[{"@type":"ListItem","position":1,"name":"Portada","item":"https:\/\/potenciaradiofonicadominicana.com\/portal\/"},{"@type":"ListItem","position":2,"name":"Indotel y Mujeres con Discapacidad impulsan inclusi\u00f3n digital con inauguraci\u00f3n de laboratorio tecnol\u00f3gico"}]},{"@type":"WebSite","@id":"https:\/\/potenciaradiofonicadominicana.com\/portal\/#website","url":"https:\/\/potenciaradiofonicadominicana.com\/portal\/","name":"PotenciaRadiofonicaDominicana.com","description":"Peri\u00f3dico Digital","publisher":{"@id":"https:\/\/potenciaradiofonicadominicana.com\/portal\/#organization"},"potentialAction":[{"@type":"SearchAction","target":{"@type":"EntryPoint","urlTemplate":"https:\/\/potenciaradiofonicadominicana.com\/portal\/?s={search_term_string}"},"query-input":{"@type":"PropertyValueSpecification","valueRequired":true,"valueName":"search_term_string"}}],"inLanguage":"es"},{"@type":"Organization","@id":"https:\/\/potenciaradiofonicadominicana.com\/portal\/#organization","name":"PotenciaRadiofonicaDominicana.com","url":"https:\/\/potenciaradiofonicadominicana.com\/portal\/","logo":{"@type":"ImageObject","inLanguage":"es","@id":"https:\/\/potenciaradiofonicadominicana.com\/portal\/#\/schema\/logo\/image\/","url":"https:\/\/potenciaradiofonicadominicana.com\/portal\/wp-content\/uploads\/2022\/01\/descarga.png","contentUrl":"https:\/\/potenciaradiofonicadominicana.com\/portal\/wp-content\/uploads\/2022\/01\/descarga.png","width":300,"height":100,"caption":"PotenciaRadiofonicaDominicana.com"},"image":{"@id":"https:\/\/potenciaradiofonicadominicana.com\/portal\/#\/schema\/logo\/image\/"},"sameAs":["https:\/\/web.facebook.com\/PotenciaRadiofonicaD"]},{"@type":"Person","@id":"https:\/\/potenciaradiofonicadominicana.com\/portal\/#\/schema\/person\/a5cf1fea13877803ee0573ac18b03490","name":"Potencia Radiof\u00f3nica Dominicana","image":{"@type":"ImageObject","inLanguage":"es","@id":"https:\/\/potenciaradiofonicadominicana.com\/portal\/#\/schema\/person\/image\/","url":"https:\/\/secure.gravatar.com\/avatar\/42a55ab9e8ccc656ba34cd791990602a?s=96&d=mm&r=g","contentUrl":"https:\/\/secure.gravatar.com\/avatar\/42a55ab9e8ccc656ba34cd791990602a?s=96&d=mm&r=g","caption":"Potencia Radiof\u00f3nica Dominicana"},"url":"https:\/\/potenciaradiofonicadominicana.com\/portal\/author\/johannyalmanzar\/"}]}},"_links":{"self":[{"href":"https:\/\/potenciaradiofonicadominicana.com\/portal\/wp-json\/wp\/v2\/posts\/216300","targetHints":{"allow":["GET"]}}],"collection":[{"href":"https:\/\/potenciaradiofonicadominicana.com\/portal\/wp-json\/wp\/v2\/posts"}],"about":[{"href":"https:\/\/potenciaradiofonicadominicana.com\/portal\/wp-json\/wp\/v2\/types\/post"}],"author":[{"embeddable":true,"href":"https:\/\/potenciaradiofonicadominicana.com\/portal\/wp-json\/wp\/v2\/users\/2"}],"replies":[{"embeddable":true,"href":"https:\/\/potenciaradiofonicadominicana.com\/portal\/wp-json\/wp\/v2\/comments?post=216300"}],"version-history":[{"count":1,"href":"https:\/\/potenciaradiofonicadominicana.com\/portal\/wp-json\/wp\/v2\/posts\/216300\/revisions"}],"predecessor-version":[{"id":216304,"href":"https:\/\/potenciaradiofonicadominicana.com\/portal\/wp-json\/wp\/v2\/posts\/216300\/revisions\/216304"}],"wp:featuredmedia":[{"embeddable":true,"href":"https:\/\/potenciaradiofonicadominicana.com\/portal\/wp-json\/wp\/v2\/media\/216302"}],"wp:attachment":[{"href":"https:\/\/potenciaradiofonicadominicana.com\/portal\/wp-json\/wp\/v2\/media?parent=216300"}],"wp:term":[{"taxonomy":"category","embeddable":true,"href":"https:\/\/potenciaradiofonicadominicana.com\/portal\/wp-json\/wp\/v2\/categories?post=216300"},{"taxonomy":"post_tag","embeddable":true,"href":"https:\/\/potenciaradiofonicadominicana.com\/portal\/wp-json\/wp\/v2\/tags?post=216300"}],"curies":[{"name":"wp","href":"https:\/\/api.w.org\/{rel}","templated":true}]}}