{"id":216294,"date":"2026-04-29T23:40:47","date_gmt":"2026-04-30T03:40:47","guid":{"rendered":"https:\/\/potenciaradiofonicadominicana.com\/portal\/?p=216294"},"modified":"2026-04-29T23:40:47","modified_gmt":"2026-04-30T03:40:47","slug":"consejo-nacional-de-drogas-inicia-curso-de-capacitacion-en-prevencion-de-drogas-para-dirigentes-deportivos","status":"publish","type":"post","link":"https:\/\/potenciaradiofonicadominicana.com\/portal\/consejo-nacional-de-drogas-inicia-curso-de-capacitacion-en-prevencion-de-drogas-para-dirigentes-deportivos\/","title":{"rendered":"Consejo Nacional de Drogas inicia curso de capacitaci\u00f3n en prevenci\u00f3n de drogas para dirigentes deportivos"},"content":{"rendered":"<p><a href=\"https:\/\/potenciaradiofonicadominicana.com\/portal\/wp-content\/uploads\/2026\/04\/Diseno-sin-titulo-48.png\"><img loading=\"lazy\" decoding=\"async\" class=\"alignnone size-full wp-image-216296\" src=\"https:\/\/potenciaradiofonicadominicana.com\/portal\/wp-content\/uploads\/2026\/04\/Diseno-sin-titulo-48.png\" alt=\"\" width=\"1300\" height=\"730\" srcset=\"https:\/\/potenciaradiofonicadominicana.com\/portal\/wp-content\/uploads\/2026\/04\/Diseno-sin-titulo-48.png 1300w, https:\/\/potenciaradiofonicadominicana.com\/portal\/wp-content\/uploads\/2026\/04\/Diseno-sin-titulo-48-300x168.png 300w, https:\/\/potenciaradiofonicadominicana.com\/portal\/wp-content\/uploads\/2026\/04\/Diseno-sin-titulo-48-1024x575.png 1024w, https:\/\/potenciaradiofonicadominicana.com\/portal\/wp-content\/uploads\/2026\/04\/Diseno-sin-titulo-48-768x431.png 768w\" sizes=\"auto, (max-width: 1300px) 100vw, 1300px\" \/><\/a><\/p>\n<p>Cotu\u00ed, S\u00e1nchez\u00a0Ram\u00edrez.-\u00a0En un\u00a0evento\u00a0encabezado\u00a0por\u00a0su\u00a0presidente,\u00a0<strong style=\"font-weight: 500;\">Alejandro de Jes\u00fas Abreu,\u00a0<\/strong>el\u00a0Consejo Nacional de Drogas\u00a0<strong style=\"font-weight: 500;\">(CND)<\/strong>\u00a0dej\u00f3\u00a0formalmente\u00a0iniciado\u00a0el\u00a0curso\u00a0\u201cRol del\u00a0Dirigente\u00a0Deportivo,\u00a0Entrenador\u00a0y\u00a0Profesor\u00a0de\u00a0Educaci\u00f3n\u00a0F\u00edsica\u00a0en\u00a0la\u00a0Prevenci\u00f3n\u00a0de\u00a0Sustancias\u00a0Psicoactivas\u201d.<\/p>\n<p>El acto inaugural de la jornada de capacitaci\u00f3n se realiz\u00f3 en la\u00a0<strong style=\"font-weight: 500;\">Universidad Tecnol\u00f3gica del Cibao Oriental<\/strong>\u00a0(Uteco), en el marco de un programa formativo dirigido a profesionales, entrenadores y dirigentes deportivos de la\u00a0<strong style=\"font-weight: 500;\">provincia S\u00e1nchez Ram\u00edrez<\/strong>, con el prop\u00f3sito de fortalecer los espacios deportivos como entornos de\u00a0<strong style=\"font-weight: 500;\">salud y convivencia comunitaria<\/strong>.<\/p>\n<p>Durante su intervenci\u00f3n, Abreu afirm\u00f3 que\u00a0<em>\u201clos puntos de vida, salud, alegr\u00eda y convivencia en las canchas,\u00a0plays, techados, escuelas, polit\u00e9cnicos y universidades deben prevalecer sobre los puntos de muerte, enfermedad, violencia, desorden y perdici\u00f3n\u201d.<\/em><\/p>\n<p>El titular del CND se\u00f1al\u00f3 que muchos ni\u00f1os, adolescentes y j\u00f3venes que deambulan sin rumbo, sin estudio ni formaci\u00f3n, lo hacen como consecuencia del\u00a0<strong style=\"font-weight: 500;\">debilitamiento del n\u00facleo familiar\u00a0<\/strong>y de la influencia de las redes sociales digitales, que, seg\u00fan indic\u00f3, buscan normalizar la econom\u00eda y la cultura de la droga.<\/p>\n<p>Ante este panorama, convoc\u00f3 a entrenadores, profesores, dirigentes clubistas y, de manera especial, a los padres, a asumir un\u00a0<strong style=\"font-weight: 500;\">rol preventivo\u00a0<\/strong>y una conducta ejemplar en la formaci\u00f3n de los j\u00f3venes y sus hijos.<\/p>\n<p><strong style=\"font-weight: 500;\">Un llamado a la iniciativa comunitaria<\/strong><\/p>\n<p>Al cierre de su intervenci\u00f3n, Abreu solicit\u00f3 a la\u00a0<strong style=\"font-weight: 500;\">Ing. Marilyn D\u00edaz,<\/strong>\u00a0rectora de la\u00a0Uteco, que la instituci\u00f3n sirva de sede para convocar al liderazgo social y a las autoridades de S\u00e1nchez Ram\u00edrez, con miras a formular el \u201c<strong style=\"font-weight: 500;\">Plan Estado-Sociedad por la Prevenci\u00f3n y la Convivencia 2036\u201d,\u00a0<\/strong>desde la visi\u00f3n y los intereses de las comunidades de la provincia, respondiendo a la visi\u00f3n y compromiso del\u00a0<strong style=\"font-weight: 500;\">presidente Luis\u00a0<\/strong><strong style=\"font-weight: 500;\">Abinader<\/strong>\u00a0de proteger la juventud vulnerable.<\/p>\n<p>De su lado, la rectora del centro de estudios superiores valor\u00f3 como de gran importancia la realizaci\u00f3n de la actividad y el inicio de la\u00a0<strong style=\"font-weight: 500;\">jornada formativa<\/strong>, destacando su impacto en el fortalecimiento de la\u00a0<strong style=\"font-weight: 500;\">prevenci\u00f3n desde el \u00e1mbito deportivo<\/strong>.<\/p>\n<p>Asimismo, expres\u00f3 la plena disposici\u00f3n de respaldar esta iniciativa y las venideras acciones junto al\u00a0<strong style=\"font-weight: 500;\">Consejo Nacional de Drogas<\/strong>, en favor del\u00a0<strong style=\"font-weight: 500;\">bienestar y desarrollo<\/strong>\u00a0de las comunidades m\u00e1s vulnerables.<\/p>\n<p>La actividad cont\u00f3 con la presencia de destacadas autoridades institucionales, entre ellas la\u00a0<strong style=\"font-weight: 500;\">Dra.\u00a0<\/strong><strong style=\"font-weight: 500;\">Heyda<\/strong><strong style=\"font-weight: 500;\">\u00a0Joaqu\u00edn Tineo<\/strong>, inmortal del Deporte Dominicano y directora de la Escuela Nacional para Entrenadores del\u00a0Miderec; el coronel P.N.\u00a0<strong style=\"font-weight: 500;\">Laikin<\/strong><strong style=\"font-weight: 500;\">\u00a0Antonio Moquete<\/strong>;\u00a0<strong style=\"font-weight: 500;\">Daniel Emmanuel Landr\u00f3n<\/strong>, director regional del Ministerio de Deportes y Recreaci\u00f3n;\u00a0<strong style=\"font-weight: 500;\">Ram\u00f3n Apolinar Camacho,<\/strong>\u00a0director provincial de Deportes, y\u00a0<strong style=\"font-weight: 500;\">Bol\u00edvar Gonz\u00e1lez,<\/strong>\u00a0encargado del Dpto. de Prevenci\u00f3n en el Deporte del CND, junto con otras autoridades locales.<\/p>\n","protected":false},"excerpt":{"rendered":"<p>Cotu\u00ed, S\u00e1nchez\u00a0Ram\u00edrez.-\u00a0En un\u00a0evento\u00a0encabezado\u00a0por\u00a0su\u00a0presidente,\u00a0Alejandro de Jes\u00fas Abreu,\u00a0el\u00a0Consejo Nacional de Drogas\u00a0(CND)\u00a0dej\u00f3\u00a0formalmente\u00a0iniciado\u00a0el\u00a0curso\u00a0\u201cRol del\u00a0Dirigente\u00a0Deportivo,\u00a0Entrenador\u00a0y\u00a0Profesor\u00a0de\u00a0Educaci\u00f3n\u00a0F\u00edsica\u00a0en\u00a0la\u00a0Prevenci\u00f3n\u00a0de\u00a0Sustancias\u00a0Psicoactivas\u201d. El acto inaugural de la jornada de capacitaci\u00f3n se realiz\u00f3 &#8230;<\/p>\n","protected":false},"author":2,"featured_media":216296,"comment_status":"closed","ping_status":"closed","sticky":false,"template":"","format":"standard","meta":{"footnotes":""},"categories":[25],"tags":[],"class_list":["post-216294","post","type-post","status-publish","format-standard","has-post-thumbnail","hentry","category-noticias"],"yoast_head":"<!-- This site is optimized with the Yoast SEO plugin v24.8.1 - https:\/\/yoast.com\/wordpress\/plugins\/seo\/ -->\n<title>Consejo Nacional de Drogas inicia curso de capacitaci\u00f3n en prevenci\u00f3n de drogas para dirigentes deportivos - PotenciaRadiofonicaDominicana.com<\/title>\n<meta name=\"robots\" content=\"index, follow, max-snippet:-1, max-image-preview:large, max-video-preview:-1\" \/>\n<link rel=\"canonical\" href=\"https:\/\/potenciaradiofonicadominicana.com\/portal\/consejo-nacional-de-drogas-inicia-curso-de-capacitacion-en-prevencion-de-drogas-para-dirigentes-deportivos\/\" \/>\n<meta property=\"og:locale\" content=\"es_ES\" \/>\n<meta property=\"og:type\" content=\"article\" \/>\n<meta property=\"og:title\" content=\"Consejo Nacional de Drogas inicia curso de capacitaci\u00f3n en prevenci\u00f3n de drogas para dirigentes deportivos - PotenciaRadiofonicaDominicana.com\" \/>\n<meta property=\"og:description\" content=\"Cotu\u00ed, S\u00e1nchez\u00a0Ram\u00edrez.-\u00a0En un\u00a0evento\u00a0encabezado\u00a0por\u00a0su\u00a0presidente,\u00a0Alejandro de Jes\u00fas Abreu,\u00a0el\u00a0Consejo Nacional de Drogas\u00a0(CND)\u00a0dej\u00f3\u00a0formalmente\u00a0iniciado\u00a0el\u00a0curso\u00a0\u201cRol del\u00a0Dirigente\u00a0Deportivo,\u00a0Entrenador\u00a0y\u00a0Profesor\u00a0de\u00a0Educaci\u00f3n\u00a0F\u00edsica\u00a0en\u00a0la\u00a0Prevenci\u00f3n\u00a0de\u00a0Sustancias\u00a0Psicoactivas\u201d. El acto inaugural de la jornada de capacitaci\u00f3n se realiz\u00f3 ...\" \/>\n<meta property=\"og:url\" content=\"https:\/\/potenciaradiofonicadominicana.com\/portal\/consejo-nacional-de-drogas-inicia-curso-de-capacitacion-en-prevencion-de-drogas-para-dirigentes-deportivos\/\" \/>\n<meta property=\"og:site_name\" content=\"PotenciaRadiofonicaDominicana.com\" \/>\n<meta property=\"article:publisher\" content=\"https:\/\/web.facebook.com\/PotenciaRadiofonicaD\" \/>\n<meta property=\"article:published_time\" content=\"2026-04-30T03:40:47+00:00\" \/>\n<meta property=\"og:image\" content=\"https:\/\/potenciaradiofonicadominicana.com\/portal\/wp-content\/uploads\/2026\/04\/Diseno-sin-titulo-48.png\" \/>\n\t<meta property=\"og:image:width\" content=\"1300\" \/>\n\t<meta property=\"og:image:height\" content=\"730\" \/>\n\t<meta property=\"og:image:type\" content=\"image\/png\" \/>\n<meta name=\"author\" content=\"Potencia Radiof\u00f3nica Dominicana\" \/>\n<meta name=\"twitter:card\" content=\"summary_large_image\" \/>\n<meta name=\"twitter:label1\" content=\"Escrito por\" \/>\n\t<meta name=\"twitter:data1\" content=\"Potencia Radiof\u00f3nica Dominicana\" \/>\n\t<meta name=\"twitter:label2\" content=\"Tiempo de lectura\" \/>\n\t<meta name=\"twitter:data2\" content=\"3 minutos\" \/>\n<script type=\"application\/ld+json\" class=\"yoast-schema-graph\">{\"@context\":\"https:\/\/schema.org\",\"@graph\":[{\"@type\":\"Article\",\"@id\":\"https:\/\/potenciaradiofonicadominicana.com\/portal\/consejo-nacional-de-drogas-inicia-curso-de-capacitacion-en-prevencion-de-drogas-para-dirigentes-deportivos\/#article\",\"isPartOf\":{\"@id\":\"https:\/\/potenciaradiofonicadominicana.com\/portal\/consejo-nacional-de-drogas-inicia-curso-de-capacitacion-en-prevencion-de-drogas-para-dirigentes-deportivos\/\"},\"author\":{\"name\":\"Potencia Radiof\u00f3nica Dominicana\",\"@id\":\"https:\/\/potenciaradiofonicadominicana.com\/portal\/#\/schema\/person\/a5cf1fea13877803ee0573ac18b03490\"},\"headline\":\"Consejo Nacional de Drogas inicia curso de capacitaci\u00f3n en prevenci\u00f3n de drogas para dirigentes deportivos\",\"datePublished\":\"2026-04-30T03:40:47+00:00\",\"mainEntityOfPage\":{\"@id\":\"https:\/\/potenciaradiofonicadominicana.com\/portal\/consejo-nacional-de-drogas-inicia-curso-de-capacitacion-en-prevencion-de-drogas-para-dirigentes-deportivos\/\"},\"wordCount\":497,\"publisher\":{\"@id\":\"https:\/\/potenciaradiofonicadominicana.com\/portal\/#organization\"},\"image\":{\"@id\":\"https:\/\/potenciaradiofonicadominicana.com\/portal\/consejo-nacional-de-drogas-inicia-curso-de-capacitacion-en-prevencion-de-drogas-para-dirigentes-deportivos\/#primaryimage\"},\"thumbnailUrl\":\"https:\/\/potenciaradiofonicadominicana.com\/portal\/wp-content\/uploads\/2026\/04\/Diseno-sin-titulo-48.png\",\"articleSection\":[\"Noticias\"],\"inLanguage\":\"es\"},{\"@type\":\"WebPage\",\"@id\":\"https:\/\/potenciaradiofonicadominicana.com\/portal\/consejo-nacional-de-drogas-inicia-curso-de-capacitacion-en-prevencion-de-drogas-para-dirigentes-deportivos\/\",\"url\":\"https:\/\/potenciaradiofonicadominicana.com\/portal\/consejo-nacional-de-drogas-inicia-curso-de-capacitacion-en-prevencion-de-drogas-para-dirigentes-deportivos\/\",\"name\":\"Consejo Nacional de Drogas inicia curso de capacitaci\u00f3n en prevenci\u00f3n de drogas para dirigentes deportivos - PotenciaRadiofonicaDominicana.com\",\"isPartOf\":{\"@id\":\"https:\/\/potenciaradiofonicadominicana.com\/portal\/#website\"},\"primaryImageOfPage\":{\"@id\":\"https:\/\/potenciaradiofonicadominicana.com\/portal\/consejo-nacional-de-drogas-inicia-curso-de-capacitacion-en-prevencion-de-drogas-para-dirigentes-deportivos\/#primaryimage\"},\"image\":{\"@id\":\"https:\/\/potenciaradiofonicadominicana.com\/portal\/consejo-nacional-de-drogas-inicia-curso-de-capacitacion-en-prevencion-de-drogas-para-dirigentes-deportivos\/#primaryimage\"},\"thumbnailUrl\":\"https:\/\/potenciaradiofonicadominicana.com\/portal\/wp-content\/uploads\/2026\/04\/Diseno-sin-titulo-48.png\",\"datePublished\":\"2026-04-30T03:40:47+00:00\",\"breadcrumb\":{\"@id\":\"https:\/\/potenciaradiofonicadominicana.com\/portal\/consejo-nacional-de-drogas-inicia-curso-de-capacitacion-en-prevencion-de-drogas-para-dirigentes-deportivos\/#breadcrumb\"},\"inLanguage\":\"es\",\"potentialAction\":[{\"@type\":\"ReadAction\",\"target\":[\"https:\/\/potenciaradiofonicadominicana.com\/portal\/consejo-nacional-de-drogas-inicia-curso-de-capacitacion-en-prevencion-de-drogas-para-dirigentes-deportivos\/\"]}]},{\"@type\":\"ImageObject\",\"inLanguage\":\"es\",\"@id\":\"https:\/\/potenciaradiofonicadominicana.com\/portal\/consejo-nacional-de-drogas-inicia-curso-de-capacitacion-en-prevencion-de-drogas-para-dirigentes-deportivos\/#primaryimage\",\"url\":\"https:\/\/potenciaradiofonicadominicana.com\/portal\/wp-content\/uploads\/2026\/04\/Diseno-sin-titulo-48.png\",\"contentUrl\":\"https:\/\/potenciaradiofonicadominicana.com\/portal\/wp-content\/uploads\/2026\/04\/Diseno-sin-titulo-48.png\",\"width\":1300,\"height\":730},{\"@type\":\"BreadcrumbList\",\"@id\":\"https:\/\/potenciaradiofonicadominicana.com\/portal\/consejo-nacional-de-drogas-inicia-curso-de-capacitacion-en-prevencion-de-drogas-para-dirigentes-deportivos\/#breadcrumb\",\"itemListElement\":[{\"@type\":\"ListItem\",\"position\":1,\"name\":\"Portada\",\"item\":\"https:\/\/potenciaradiofonicadominicana.com\/portal\/\"},{\"@type\":\"ListItem\",\"position\":2,\"name\":\"Consejo Nacional de Drogas inicia curso de capacitaci\u00f3n en prevenci\u00f3n de drogas para dirigentes deportivos\"}]},{\"@type\":\"WebSite\",\"@id\":\"https:\/\/potenciaradiofonicadominicana.com\/portal\/#website\",\"url\":\"https:\/\/potenciaradiofonicadominicana.com\/portal\/\",\"name\":\"PotenciaRadiofonicaDominicana.com\",\"description\":\"Peri\u00f3dico Digital\",\"publisher\":{\"@id\":\"https:\/\/potenciaradiofonicadominicana.com\/portal\/#organization\"},\"potentialAction\":[{\"@type\":\"SearchAction\",\"target\":{\"@type\":\"EntryPoint\",\"urlTemplate\":\"https:\/\/potenciaradiofonicadominicana.com\/portal\/?s={search_term_string}\"},\"query-input\":{\"@type\":\"PropertyValueSpecification\",\"valueRequired\":true,\"valueName\":\"search_term_string\"}}],\"inLanguage\":\"es\"},{\"@type\":\"Organization\",\"@id\":\"https:\/\/potenciaradiofonicadominicana.com\/portal\/#organization\",\"name\":\"PotenciaRadiofonicaDominicana.com\",\"url\":\"https:\/\/potenciaradiofonicadominicana.com\/portal\/\",\"logo\":{\"@type\":\"ImageObject\",\"inLanguage\":\"es\",\"@id\":\"https:\/\/potenciaradiofonicadominicana.com\/portal\/#\/schema\/logo\/image\/\",\"url\":\"https:\/\/potenciaradiofonicadominicana.com\/portal\/wp-content\/uploads\/2022\/01\/descarga.png\",\"contentUrl\":\"https:\/\/potenciaradiofonicadominicana.com\/portal\/wp-content\/uploads\/2022\/01\/descarga.png\",\"width\":300,\"height\":100,\"caption\":\"PotenciaRadiofonicaDominicana.com\"},\"image\":{\"@id\":\"https:\/\/potenciaradiofonicadominicana.com\/portal\/#\/schema\/logo\/image\/\"},\"sameAs\":[\"https:\/\/web.facebook.com\/PotenciaRadiofonicaD\"]},{\"@type\":\"Person\",\"@id\":\"https:\/\/potenciaradiofonicadominicana.com\/portal\/#\/schema\/person\/a5cf1fea13877803ee0573ac18b03490\",\"name\":\"Potencia Radiof\u00f3nica Dominicana\",\"image\":{\"@type\":\"ImageObject\",\"inLanguage\":\"es\",\"@id\":\"https:\/\/potenciaradiofonicadominicana.com\/portal\/#\/schema\/person\/image\/\",\"url\":\"https:\/\/secure.gravatar.com\/avatar\/42a55ab9e8ccc656ba34cd791990602a?s=96&d=mm&r=g\",\"contentUrl\":\"https:\/\/secure.gravatar.com\/avatar\/42a55ab9e8ccc656ba34cd791990602a?s=96&d=mm&r=g\",\"caption\":\"Potencia Radiof\u00f3nica Dominicana\"},\"url\":\"https:\/\/potenciaradiofonicadominicana.com\/portal\/author\/johannyalmanzar\/\"}]}<\/script>\n<!-- \/ Yoast SEO plugin. -->","yoast_head_json":{"title":"Consejo Nacional de Drogas inicia curso de capacitaci\u00f3n en prevenci\u00f3n de drogas para dirigentes deportivos - PotenciaRadiofonicaDominicana.com","robots":{"index":"index","follow":"follow","max-snippet":"max-snippet:-1","max-image-preview":"max-image-preview:large","max-video-preview":"max-video-preview:-1"},"canonical":"https:\/\/potenciaradiofonicadominicana.com\/portal\/consejo-nacional-de-drogas-inicia-curso-de-capacitacion-en-prevencion-de-drogas-para-dirigentes-deportivos\/","og_locale":"es_ES","og_type":"article","og_title":"Consejo Nacional de Drogas inicia curso de capacitaci\u00f3n en prevenci\u00f3n de drogas para dirigentes deportivos - PotenciaRadiofonicaDominicana.com","og_description":"Cotu\u00ed, S\u00e1nchez\u00a0Ram\u00edrez.-\u00a0En un\u00a0evento\u00a0encabezado\u00a0por\u00a0su\u00a0presidente,\u00a0Alejandro de Jes\u00fas Abreu,\u00a0el\u00a0Consejo Nacional de Drogas\u00a0(CND)\u00a0dej\u00f3\u00a0formalmente\u00a0iniciado\u00a0el\u00a0curso\u00a0\u201cRol del\u00a0Dirigente\u00a0Deportivo,\u00a0Entrenador\u00a0y\u00a0Profesor\u00a0de\u00a0Educaci\u00f3n\u00a0F\u00edsica\u00a0en\u00a0la\u00a0Prevenci\u00f3n\u00a0de\u00a0Sustancias\u00a0Psicoactivas\u201d. El acto inaugural de la jornada de capacitaci\u00f3n se realiz\u00f3 ...","og_url":"https:\/\/potenciaradiofonicadominicana.com\/portal\/consejo-nacional-de-drogas-inicia-curso-de-capacitacion-en-prevencion-de-drogas-para-dirigentes-deportivos\/","og_site_name":"PotenciaRadiofonicaDominicana.com","article_publisher":"https:\/\/web.facebook.com\/PotenciaRadiofonicaD","article_published_time":"2026-04-30T03:40:47+00:00","og_image":[{"width":1300,"height":730,"url":"https:\/\/potenciaradiofonicadominicana.com\/portal\/wp-content\/uploads\/2026\/04\/Diseno-sin-titulo-48.png","type":"image\/png"}],"author":"Potencia Radiof\u00f3nica Dominicana","twitter_card":"summary_large_image","twitter_misc":{"Escrito por":"Potencia Radiof\u00f3nica Dominicana","Tiempo de lectura":"3 minutos"},"schema":{"@context":"https:\/\/schema.org","@graph":[{"@type":"Article","@id":"https:\/\/potenciaradiofonicadominicana.com\/portal\/consejo-nacional-de-drogas-inicia-curso-de-capacitacion-en-prevencion-de-drogas-para-dirigentes-deportivos\/#article","isPartOf":{"@id":"https:\/\/potenciaradiofonicadominicana.com\/portal\/consejo-nacional-de-drogas-inicia-curso-de-capacitacion-en-prevencion-de-drogas-para-dirigentes-deportivos\/"},"author":{"name":"Potencia Radiof\u00f3nica Dominicana","@id":"https:\/\/potenciaradiofonicadominicana.com\/portal\/#\/schema\/person\/a5cf1fea13877803ee0573ac18b03490"},"headline":"Consejo Nacional de Drogas inicia curso de capacitaci\u00f3n en prevenci\u00f3n de drogas para dirigentes deportivos","datePublished":"2026-04-30T03:40:47+00:00","mainEntityOfPage":{"@id":"https:\/\/potenciaradiofonicadominicana.com\/portal\/consejo-nacional-de-drogas-inicia-curso-de-capacitacion-en-prevencion-de-drogas-para-dirigentes-deportivos\/"},"wordCount":497,"publisher":{"@id":"https:\/\/potenciaradiofonicadominicana.com\/portal\/#organization"},"image":{"@id":"https:\/\/potenciaradiofonicadominicana.com\/portal\/consejo-nacional-de-drogas-inicia-curso-de-capacitacion-en-prevencion-de-drogas-para-dirigentes-deportivos\/#primaryimage"},"thumbnailUrl":"https:\/\/potenciaradiofonicadominicana.com\/portal\/wp-content\/uploads\/2026\/04\/Diseno-sin-titulo-48.png","articleSection":["Noticias"],"inLanguage":"es"},{"@type":"WebPage","@id":"https:\/\/potenciaradiofonicadominicana.com\/portal\/consejo-nacional-de-drogas-inicia-curso-de-capacitacion-en-prevencion-de-drogas-para-dirigentes-deportivos\/","url":"https:\/\/potenciaradiofonicadominicana.com\/portal\/consejo-nacional-de-drogas-inicia-curso-de-capacitacion-en-prevencion-de-drogas-para-dirigentes-deportivos\/","name":"Consejo Nacional de Drogas inicia curso de capacitaci\u00f3n en prevenci\u00f3n de drogas para dirigentes deportivos - PotenciaRadiofonicaDominicana.com","isPartOf":{"@id":"https:\/\/potenciaradiofonicadominicana.com\/portal\/#website"},"primaryImageOfPage":{"@id":"https:\/\/potenciaradiofonicadominicana.com\/portal\/consejo-nacional-de-drogas-inicia-curso-de-capacitacion-en-prevencion-de-drogas-para-dirigentes-deportivos\/#primaryimage"},"image":{"@id":"https:\/\/potenciaradiofonicadominicana.com\/portal\/consejo-nacional-de-drogas-inicia-curso-de-capacitacion-en-prevencion-de-drogas-para-dirigentes-deportivos\/#primaryimage"},"thumbnailUrl":"https:\/\/potenciaradiofonicadominicana.com\/portal\/wp-content\/uploads\/2026\/04\/Diseno-sin-titulo-48.png","datePublished":"2026-04-30T03:40:47+00:00","breadcrumb":{"@id":"https:\/\/potenciaradiofonicadominicana.com\/portal\/consejo-nacional-de-drogas-inicia-curso-de-capacitacion-en-prevencion-de-drogas-para-dirigentes-deportivos\/#breadcrumb"},"inLanguage":"es","potentialAction":[{"@type":"ReadAction","target":["https:\/\/potenciaradiofonicadominicana.com\/portal\/consejo-nacional-de-drogas-inicia-curso-de-capacitacion-en-prevencion-de-drogas-para-dirigentes-deportivos\/"]}]},{"@type":"ImageObject","inLanguage":"es","@id":"https:\/\/potenciaradiofonicadominicana.com\/portal\/consejo-nacional-de-drogas-inicia-curso-de-capacitacion-en-prevencion-de-drogas-para-dirigentes-deportivos\/#primaryimage","url":"https:\/\/potenciaradiofonicadominicana.com\/portal\/wp-content\/uploads\/2026\/04\/Diseno-sin-titulo-48.png","contentUrl":"https:\/\/potenciaradiofonicadominicana.com\/portal\/wp-content\/uploads\/2026\/04\/Diseno-sin-titulo-48.png","width":1300,"height":730},{"@type":"BreadcrumbList","@id":"https:\/\/potenciaradiofonicadominicana.com\/portal\/consejo-nacional-de-drogas-inicia-curso-de-capacitacion-en-prevencion-de-drogas-para-dirigentes-deportivos\/#breadcrumb","itemListElement":[{"@type":"ListItem","position":1,"name":"Portada","item":"https:\/\/potenciaradiofonicadominicana.com\/portal\/"},{"@type":"ListItem","position":2,"name":"Consejo Nacional de Drogas inicia curso de capacitaci\u00f3n en prevenci\u00f3n de drogas para dirigentes deportivos"}]},{"@type":"WebSite","@id":"https:\/\/potenciaradiofonicadominicana.com\/portal\/#website","url":"https:\/\/potenciaradiofonicadominicana.com\/portal\/","name":"PotenciaRadiofonicaDominicana.com","description":"Peri\u00f3dico Digital","publisher":{"@id":"https:\/\/potenciaradiofonicadominicana.com\/portal\/#organization"},"potentialAction":[{"@type":"SearchAction","target":{"@type":"EntryPoint","urlTemplate":"https:\/\/potenciaradiofonicadominicana.com\/portal\/?s={search_term_string}"},"query-input":{"@type":"PropertyValueSpecification","valueRequired":true,"valueName":"search_term_string"}}],"inLanguage":"es"},{"@type":"Organization","@id":"https:\/\/potenciaradiofonicadominicana.com\/portal\/#organization","name":"PotenciaRadiofonicaDominicana.com","url":"https:\/\/potenciaradiofonicadominicana.com\/portal\/","logo":{"@type":"ImageObject","inLanguage":"es","@id":"https:\/\/potenciaradiofonicadominicana.com\/portal\/#\/schema\/logo\/image\/","url":"https:\/\/potenciaradiofonicadominicana.com\/portal\/wp-content\/uploads\/2022\/01\/descarga.png","contentUrl":"https:\/\/potenciaradiofonicadominicana.com\/portal\/wp-content\/uploads\/2022\/01\/descarga.png","width":300,"height":100,"caption":"PotenciaRadiofonicaDominicana.com"},"image":{"@id":"https:\/\/potenciaradiofonicadominicana.com\/portal\/#\/schema\/logo\/image\/"},"sameAs":["https:\/\/web.facebook.com\/PotenciaRadiofonicaD"]},{"@type":"Person","@id":"https:\/\/potenciaradiofonicadominicana.com\/portal\/#\/schema\/person\/a5cf1fea13877803ee0573ac18b03490","name":"Potencia Radiof\u00f3nica Dominicana","image":{"@type":"ImageObject","inLanguage":"es","@id":"https:\/\/potenciaradiofonicadominicana.com\/portal\/#\/schema\/person\/image\/","url":"https:\/\/secure.gravatar.com\/avatar\/42a55ab9e8ccc656ba34cd791990602a?s=96&d=mm&r=g","contentUrl":"https:\/\/secure.gravatar.com\/avatar\/42a55ab9e8ccc656ba34cd791990602a?s=96&d=mm&r=g","caption":"Potencia Radiof\u00f3nica Dominicana"},"url":"https:\/\/potenciaradiofonicadominicana.com\/portal\/author\/johannyalmanzar\/"}]}},"_links":{"self":[{"href":"https:\/\/potenciaradiofonicadominicana.com\/portal\/wp-json\/wp\/v2\/posts\/216294","targetHints":{"allow":["GET"]}}],"collection":[{"href":"https:\/\/potenciaradiofonicadominicana.com\/portal\/wp-json\/wp\/v2\/posts"}],"about":[{"href":"https:\/\/potenciaradiofonicadominicana.com\/portal\/wp-json\/wp\/v2\/types\/post"}],"author":[{"embeddable":true,"href":"https:\/\/potenciaradiofonicadominicana.com\/portal\/wp-json\/wp\/v2\/users\/2"}],"replies":[{"embeddable":true,"href":"https:\/\/potenciaradiofonicadominicana.com\/portal\/wp-json\/wp\/v2\/comments?post=216294"}],"version-history":[{"count":1,"href":"https:\/\/potenciaradiofonicadominicana.com\/portal\/wp-json\/wp\/v2\/posts\/216294\/revisions"}],"predecessor-version":[{"id":216298,"href":"https:\/\/potenciaradiofonicadominicana.com\/portal\/wp-json\/wp\/v2\/posts\/216294\/revisions\/216298"}],"wp:featuredmedia":[{"embeddable":true,"href":"https:\/\/potenciaradiofonicadominicana.com\/portal\/wp-json\/wp\/v2\/media\/216296"}],"wp:attachment":[{"href":"https:\/\/potenciaradiofonicadominicana.com\/portal\/wp-json\/wp\/v2\/media?parent=216294"}],"wp:term":[{"taxonomy":"category","embeddable":true,"href":"https:\/\/potenciaradiofonicadominicana.com\/portal\/wp-json\/wp\/v2\/categories?post=216294"},{"taxonomy":"post_tag","embeddable":true,"href":"https:\/\/potenciaradiofonicadominicana.com\/portal\/wp-json\/wp\/v2\/tags?post=216294"}],"curies":[{"name":"wp","href":"https:\/\/api.w.org\/{rel}","templated":true}]}}