{"id":216291,"date":"2026-04-29T23:39:26","date_gmt":"2026-04-30T03:39:26","guid":{"rendered":"https:\/\/potenciaradiofonicadominicana.com\/portal\/?p=216291"},"modified":"2026-04-29T23:39:26","modified_gmt":"2026-04-30T03:39:26","slug":"peravia-activa-su-transformacion-julito-fulcar-convoca-juramentacion-del-consejo-que-ejecutara-plan-a-30-anos","status":"publish","type":"post","link":"https:\/\/potenciaradiofonicadominicana.com\/portal\/peravia-activa-su-transformacion-julito-fulcar-convoca-juramentacion-del-consejo-que-ejecutara-plan-a-30-anos\/","title":{"rendered":"Peravia activa su transformaci\u00f3n: Julito Fulcar convoca juramentaci\u00f3n del Consejo que ejecutar\u00e1 plan a 30 a\u00f1os"},"content":{"rendered":"<p><a href=\"https:\/\/potenciaradiofonicadominicana.com\/portal\/wp-content\/uploads\/2026\/04\/WhatsApp-Image-2026-04-29-at-1.08.00-PM.jpeg\"><img loading=\"lazy\" decoding=\"async\" class=\"alignnone size-full wp-image-216293\" src=\"https:\/\/potenciaradiofonicadominicana.com\/portal\/wp-content\/uploads\/2026\/04\/WhatsApp-Image-2026-04-29-at-1.08.00-PM.jpeg\" alt=\"\" width=\"1600\" height=\"1066\" srcset=\"https:\/\/potenciaradiofonicadominicana.com\/portal\/wp-content\/uploads\/2026\/04\/WhatsApp-Image-2026-04-29-at-1.08.00-PM.jpeg 1600w, https:\/\/potenciaradiofonicadominicana.com\/portal\/wp-content\/uploads\/2026\/04\/WhatsApp-Image-2026-04-29-at-1.08.00-PM-300x200.jpeg 300w, https:\/\/potenciaradiofonicadominicana.com\/portal\/wp-content\/uploads\/2026\/04\/WhatsApp-Image-2026-04-29-at-1.08.00-PM-1024x682.jpeg 1024w, https:\/\/potenciaradiofonicadominicana.com\/portal\/wp-content\/uploads\/2026\/04\/WhatsApp-Image-2026-04-29-at-1.08.00-PM-768x512.jpeg 768w, https:\/\/potenciaradiofonicadominicana.com\/portal\/wp-content\/uploads\/2026\/04\/WhatsApp-Image-2026-04-29-at-1.08.00-PM-1536x1023.jpeg 1536w\" sizes=\"auto, (max-width: 1600px) 100vw, 1600px\" \/><\/a><\/p>\n<p>Santo Domingo.\u2013 El senador de la provincia Peravia, Julito Fulcar, convoc\u00f3 al acto de juramentaci\u00f3n de la directiva del Consejo Estrat\u00e9gico de Desarrollo Sostenible de Peravia, organismo que tendr\u00e1 a su cargo la ejecuci\u00f3n del \u201cPlan de Desarrollo Provincial: Peravia 2025-2055\u201d presentado oficialmente el pasado 24 de enero pasado.<\/p>\n<p>La actividad se realizar\u00e1 este jueves a las 5:00 de la tarde en el auditorio de la UASD Recinto Ban\u00ed, y ser\u00e1 encabezada por la vicepresidenta de la Rep\u00fablica, Raquel Pe\u00f1a, con la participaci\u00f3n de alcaldes, autoridades provinciales, representantes del sector empresarial, la Iglesia y l\u00edderes sociales.<\/p>\n<p>Fulcar explic\u00f3 que, tras la presentaci\u00f3n del plan, se avanz\u00f3 en la conformaci\u00f3n de la estructura institucional que permitir\u00e1 su implementaci\u00f3n, culminando con la constituci\u00f3n de la asamblea y la designaci\u00f3n de una directiva que dirigir\u00e1 el consejo durante los pr\u00f3ximos tres a\u00f1os.<\/p>\n<p>\u201cEl Consejo Estrat\u00e9gico ser\u00e1 el \u00f3rgano responsable de articular los esfuerzos del gobierno, el sector empresarial y la sociedad civil, para garantizar la ejecuci\u00f3n efectiva de este plan que marcar\u00e1 el desarrollo de la provincia en los pr\u00f3ximos 30 a\u00f1os\u201d, expres\u00f3 el legislador.<\/p>\n<p>El Plan de Desarrollo Sostenible de Peravia, concebido con una visi\u00f3n a largo plazo, constituye una herramienta para organizar, planificar y armonizar el crecimiento de la provincia. El mismo contempla 54 proyectos estructurantes y 283 iniciativas de corto y mediano plazo, que ser\u00e1n ejecutadas mediante inversi\u00f3n p\u00fablica, gesti\u00f3n del sector privado y alianzas p\u00fablico-privadas.<\/p>\n<p>El senador destac\u00f3 que el plan fue elaborado con un alto nivel de participaci\u00f3n y consenso, integrando a m\u00e1s de 7,500 personas en 27 mesas de trabajo, adem\u00e1s de m\u00faltiples encuentros con peravianos residentes en la provincia, el Gran Santo Domingo y los Estados Unidos.<\/p>\n<p>\u201cEste es un plan que recoge la visi\u00f3n colectiva de nuestra gente y establece una hoja de ruta clara para el desarrollo sostenible de Peravia\u201d, subray\u00f3 Fulcar.<\/p>\n<p>Finalmente, reiter\u00f3 la invitaci\u00f3n a la ciudadan\u00eda a asistir al acto de juramentaci\u00f3n, calific\u00e1ndolo como \u201cun paso decisivo para organizar el presente y construir el futuro de la provincia\u201d.<\/p>\n","protected":false},"excerpt":{"rendered":"<p>Santo Domingo.\u2013 El senador de la provincia Peravia, Julito Fulcar, convoc\u00f3 al acto de juramentaci\u00f3n de la directiva del Consejo &#8230;<\/p>\n","protected":false},"author":2,"featured_media":216293,"comment_status":"closed","ping_status":"closed","sticky":false,"template":"","format":"standard","meta":{"footnotes":""},"categories":[25],"tags":[],"class_list":["post-216291","post","type-post","status-publish","format-standard","has-post-thumbnail","hentry","category-noticias"],"yoast_head":"<!-- This site is optimized with the Yoast SEO plugin v24.8.1 - https:\/\/yoast.com\/wordpress\/plugins\/seo\/ -->\n<title>Peravia activa su transformaci\u00f3n: Julito Fulcar convoca juramentaci\u00f3n del Consejo que ejecutar\u00e1 plan a 30 a\u00f1os - PotenciaRadiofonicaDominicana.com<\/title>\n<meta name=\"robots\" content=\"index, follow, max-snippet:-1, max-image-preview:large, max-video-preview:-1\" \/>\n<link rel=\"canonical\" href=\"https:\/\/potenciaradiofonicadominicana.com\/portal\/peravia-activa-su-transformacion-julito-fulcar-convoca-juramentacion-del-consejo-que-ejecutara-plan-a-30-anos\/\" \/>\n<meta property=\"og:locale\" content=\"es_ES\" \/>\n<meta property=\"og:type\" content=\"article\" \/>\n<meta property=\"og:title\" content=\"Peravia activa su transformaci\u00f3n: Julito Fulcar convoca juramentaci\u00f3n del Consejo que ejecutar\u00e1 plan a 30 a\u00f1os - PotenciaRadiofonicaDominicana.com\" \/>\n<meta property=\"og:description\" content=\"Santo Domingo.\u2013 El senador de la provincia Peravia, Julito Fulcar, convoc\u00f3 al acto de juramentaci\u00f3n de la directiva del Consejo ...\" \/>\n<meta property=\"og:url\" content=\"https:\/\/potenciaradiofonicadominicana.com\/portal\/peravia-activa-su-transformacion-julito-fulcar-convoca-juramentacion-del-consejo-que-ejecutara-plan-a-30-anos\/\" \/>\n<meta property=\"og:site_name\" content=\"PotenciaRadiofonicaDominicana.com\" \/>\n<meta property=\"article:publisher\" content=\"https:\/\/web.facebook.com\/PotenciaRadiofonicaD\" \/>\n<meta property=\"article:published_time\" content=\"2026-04-30T03:39:26+00:00\" \/>\n<meta property=\"og:image\" content=\"https:\/\/potenciaradiofonicadominicana.com\/portal\/wp-content\/uploads\/2026\/04\/WhatsApp-Image-2026-04-29-at-1.08.00-PM.jpeg\" \/>\n\t<meta property=\"og:image:width\" content=\"1600\" \/>\n\t<meta property=\"og:image:height\" content=\"1066\" \/>\n\t<meta property=\"og:image:type\" content=\"image\/jpeg\" \/>\n<meta name=\"author\" content=\"Potencia Radiof\u00f3nica Dominicana\" \/>\n<meta name=\"twitter:card\" content=\"summary_large_image\" \/>\n<meta name=\"twitter:label1\" content=\"Escrito por\" \/>\n\t<meta name=\"twitter:data1\" content=\"Potencia Radiof\u00f3nica Dominicana\" \/>\n\t<meta name=\"twitter:label2\" content=\"Tiempo de lectura\" \/>\n\t<meta name=\"twitter:data2\" content=\"2 minutos\" \/>\n<script type=\"application\/ld+json\" class=\"yoast-schema-graph\">{\"@context\":\"https:\/\/schema.org\",\"@graph\":[{\"@type\":\"Article\",\"@id\":\"https:\/\/potenciaradiofonicadominicana.com\/portal\/peravia-activa-su-transformacion-julito-fulcar-convoca-juramentacion-del-consejo-que-ejecutara-plan-a-30-anos\/#article\",\"isPartOf\":{\"@id\":\"https:\/\/potenciaradiofonicadominicana.com\/portal\/peravia-activa-su-transformacion-julito-fulcar-convoca-juramentacion-del-consejo-que-ejecutara-plan-a-30-anos\/\"},\"author\":{\"name\":\"Potencia Radiof\u00f3nica Dominicana\",\"@id\":\"https:\/\/potenciaradiofonicadominicana.com\/portal\/#\/schema\/person\/a5cf1fea13877803ee0573ac18b03490\"},\"headline\":\"Peravia activa su transformaci\u00f3n: Julito Fulcar convoca juramentaci\u00f3n del Consejo que ejecutar\u00e1 plan a 30 a\u00f1os\",\"datePublished\":\"2026-04-30T03:39:26+00:00\",\"mainEntityOfPage\":{\"@id\":\"https:\/\/potenciaradiofonicadominicana.com\/portal\/peravia-activa-su-transformacion-julito-fulcar-convoca-juramentacion-del-consejo-que-ejecutara-plan-a-30-anos\/\"},\"wordCount\":381,\"publisher\":{\"@id\":\"https:\/\/potenciaradiofonicadominicana.com\/portal\/#organization\"},\"image\":{\"@id\":\"https:\/\/potenciaradiofonicadominicana.com\/portal\/peravia-activa-su-transformacion-julito-fulcar-convoca-juramentacion-del-consejo-que-ejecutara-plan-a-30-anos\/#primaryimage\"},\"thumbnailUrl\":\"https:\/\/potenciaradiofonicadominicana.com\/portal\/wp-content\/uploads\/2026\/04\/WhatsApp-Image-2026-04-29-at-1.08.00-PM.jpeg\",\"articleSection\":[\"Noticias\"],\"inLanguage\":\"es\"},{\"@type\":\"WebPage\",\"@id\":\"https:\/\/potenciaradiofonicadominicana.com\/portal\/peravia-activa-su-transformacion-julito-fulcar-convoca-juramentacion-del-consejo-que-ejecutara-plan-a-30-anos\/\",\"url\":\"https:\/\/potenciaradiofonicadominicana.com\/portal\/peravia-activa-su-transformacion-julito-fulcar-convoca-juramentacion-del-consejo-que-ejecutara-plan-a-30-anos\/\",\"name\":\"Peravia activa su transformaci\u00f3n: Julito Fulcar convoca juramentaci\u00f3n del Consejo que ejecutar\u00e1 plan a 30 a\u00f1os - PotenciaRadiofonicaDominicana.com\",\"isPartOf\":{\"@id\":\"https:\/\/potenciaradiofonicadominicana.com\/portal\/#website\"},\"primaryImageOfPage\":{\"@id\":\"https:\/\/potenciaradiofonicadominicana.com\/portal\/peravia-activa-su-transformacion-julito-fulcar-convoca-juramentacion-del-consejo-que-ejecutara-plan-a-30-anos\/#primaryimage\"},\"image\":{\"@id\":\"https:\/\/potenciaradiofonicadominicana.com\/portal\/peravia-activa-su-transformacion-julito-fulcar-convoca-juramentacion-del-consejo-que-ejecutara-plan-a-30-anos\/#primaryimage\"},\"thumbnailUrl\":\"https:\/\/potenciaradiofonicadominicana.com\/portal\/wp-content\/uploads\/2026\/04\/WhatsApp-Image-2026-04-29-at-1.08.00-PM.jpeg\",\"datePublished\":\"2026-04-30T03:39:26+00:00\",\"breadcrumb\":{\"@id\":\"https:\/\/potenciaradiofonicadominicana.com\/portal\/peravia-activa-su-transformacion-julito-fulcar-convoca-juramentacion-del-consejo-que-ejecutara-plan-a-30-anos\/#breadcrumb\"},\"inLanguage\":\"es\",\"potentialAction\":[{\"@type\":\"ReadAction\",\"target\":[\"https:\/\/potenciaradiofonicadominicana.com\/portal\/peravia-activa-su-transformacion-julito-fulcar-convoca-juramentacion-del-consejo-que-ejecutara-plan-a-30-anos\/\"]}]},{\"@type\":\"ImageObject\",\"inLanguage\":\"es\",\"@id\":\"https:\/\/potenciaradiofonicadominicana.com\/portal\/peravia-activa-su-transformacion-julito-fulcar-convoca-juramentacion-del-consejo-que-ejecutara-plan-a-30-anos\/#primaryimage\",\"url\":\"https:\/\/potenciaradiofonicadominicana.com\/portal\/wp-content\/uploads\/2026\/04\/WhatsApp-Image-2026-04-29-at-1.08.00-PM.jpeg\",\"contentUrl\":\"https:\/\/potenciaradiofonicadominicana.com\/portal\/wp-content\/uploads\/2026\/04\/WhatsApp-Image-2026-04-29-at-1.08.00-PM.jpeg\",\"width\":1600,\"height\":1066},{\"@type\":\"BreadcrumbList\",\"@id\":\"https:\/\/potenciaradiofonicadominicana.com\/portal\/peravia-activa-su-transformacion-julito-fulcar-convoca-juramentacion-del-consejo-que-ejecutara-plan-a-30-anos\/#breadcrumb\",\"itemListElement\":[{\"@type\":\"ListItem\",\"position\":1,\"name\":\"Portada\",\"item\":\"https:\/\/potenciaradiofonicadominicana.com\/portal\/\"},{\"@type\":\"ListItem\",\"position\":2,\"name\":\"Peravia activa su transformaci\u00f3n: Julito Fulcar convoca juramentaci\u00f3n del Consejo que ejecutar\u00e1 plan a 30 a\u00f1os\"}]},{\"@type\":\"WebSite\",\"@id\":\"https:\/\/potenciaradiofonicadominicana.com\/portal\/#website\",\"url\":\"https:\/\/potenciaradiofonicadominicana.com\/portal\/\",\"name\":\"PotenciaRadiofonicaDominicana.com\",\"description\":\"Peri\u00f3dico Digital\",\"publisher\":{\"@id\":\"https:\/\/potenciaradiofonicadominicana.com\/portal\/#organization\"},\"potentialAction\":[{\"@type\":\"SearchAction\",\"target\":{\"@type\":\"EntryPoint\",\"urlTemplate\":\"https:\/\/potenciaradiofonicadominicana.com\/portal\/?s={search_term_string}\"},\"query-input\":{\"@type\":\"PropertyValueSpecification\",\"valueRequired\":true,\"valueName\":\"search_term_string\"}}],\"inLanguage\":\"es\"},{\"@type\":\"Organization\",\"@id\":\"https:\/\/potenciaradiofonicadominicana.com\/portal\/#organization\",\"name\":\"PotenciaRadiofonicaDominicana.com\",\"url\":\"https:\/\/potenciaradiofonicadominicana.com\/portal\/\",\"logo\":{\"@type\":\"ImageObject\",\"inLanguage\":\"es\",\"@id\":\"https:\/\/potenciaradiofonicadominicana.com\/portal\/#\/schema\/logo\/image\/\",\"url\":\"https:\/\/potenciaradiofonicadominicana.com\/portal\/wp-content\/uploads\/2022\/01\/descarga.png\",\"contentUrl\":\"https:\/\/potenciaradiofonicadominicana.com\/portal\/wp-content\/uploads\/2022\/01\/descarga.png\",\"width\":300,\"height\":100,\"caption\":\"PotenciaRadiofonicaDominicana.com\"},\"image\":{\"@id\":\"https:\/\/potenciaradiofonicadominicana.com\/portal\/#\/schema\/logo\/image\/\"},\"sameAs\":[\"https:\/\/web.facebook.com\/PotenciaRadiofonicaD\"]},{\"@type\":\"Person\",\"@id\":\"https:\/\/potenciaradiofonicadominicana.com\/portal\/#\/schema\/person\/a5cf1fea13877803ee0573ac18b03490\",\"name\":\"Potencia Radiof\u00f3nica Dominicana\",\"image\":{\"@type\":\"ImageObject\",\"inLanguage\":\"es\",\"@id\":\"https:\/\/potenciaradiofonicadominicana.com\/portal\/#\/schema\/person\/image\/\",\"url\":\"https:\/\/secure.gravatar.com\/avatar\/42a55ab9e8ccc656ba34cd791990602a?s=96&d=mm&r=g\",\"contentUrl\":\"https:\/\/secure.gravatar.com\/avatar\/42a55ab9e8ccc656ba34cd791990602a?s=96&d=mm&r=g\",\"caption\":\"Potencia Radiof\u00f3nica Dominicana\"},\"url\":\"https:\/\/potenciaradiofonicadominicana.com\/portal\/author\/johannyalmanzar\/\"}]}<\/script>\n<!-- \/ Yoast SEO plugin. -->","yoast_head_json":{"title":"Peravia activa su transformaci\u00f3n: Julito Fulcar convoca juramentaci\u00f3n del Consejo que ejecutar\u00e1 plan a 30 a\u00f1os - PotenciaRadiofonicaDominicana.com","robots":{"index":"index","follow":"follow","max-snippet":"max-snippet:-1","max-image-preview":"max-image-preview:large","max-video-preview":"max-video-preview:-1"},"canonical":"https:\/\/potenciaradiofonicadominicana.com\/portal\/peravia-activa-su-transformacion-julito-fulcar-convoca-juramentacion-del-consejo-que-ejecutara-plan-a-30-anos\/","og_locale":"es_ES","og_type":"article","og_title":"Peravia activa su transformaci\u00f3n: Julito Fulcar convoca juramentaci\u00f3n del Consejo que ejecutar\u00e1 plan a 30 a\u00f1os - PotenciaRadiofonicaDominicana.com","og_description":"Santo Domingo.\u2013 El senador de la provincia Peravia, Julito Fulcar, convoc\u00f3 al acto de juramentaci\u00f3n de la directiva del Consejo ...","og_url":"https:\/\/potenciaradiofonicadominicana.com\/portal\/peravia-activa-su-transformacion-julito-fulcar-convoca-juramentacion-del-consejo-que-ejecutara-plan-a-30-anos\/","og_site_name":"PotenciaRadiofonicaDominicana.com","article_publisher":"https:\/\/web.facebook.com\/PotenciaRadiofonicaD","article_published_time":"2026-04-30T03:39:26+00:00","og_image":[{"width":1600,"height":1066,"url":"https:\/\/potenciaradiofonicadominicana.com\/portal\/wp-content\/uploads\/2026\/04\/WhatsApp-Image-2026-04-29-at-1.08.00-PM.jpeg","type":"image\/jpeg"}],"author":"Potencia Radiof\u00f3nica Dominicana","twitter_card":"summary_large_image","twitter_misc":{"Escrito por":"Potencia Radiof\u00f3nica Dominicana","Tiempo de lectura":"2 minutos"},"schema":{"@context":"https:\/\/schema.org","@graph":[{"@type":"Article","@id":"https:\/\/potenciaradiofonicadominicana.com\/portal\/peravia-activa-su-transformacion-julito-fulcar-convoca-juramentacion-del-consejo-que-ejecutara-plan-a-30-anos\/#article","isPartOf":{"@id":"https:\/\/potenciaradiofonicadominicana.com\/portal\/peravia-activa-su-transformacion-julito-fulcar-convoca-juramentacion-del-consejo-que-ejecutara-plan-a-30-anos\/"},"author":{"name":"Potencia Radiof\u00f3nica Dominicana","@id":"https:\/\/potenciaradiofonicadominicana.com\/portal\/#\/schema\/person\/a5cf1fea13877803ee0573ac18b03490"},"headline":"Peravia activa su transformaci\u00f3n: Julito Fulcar convoca juramentaci\u00f3n del Consejo que ejecutar\u00e1 plan a 30 a\u00f1os","datePublished":"2026-04-30T03:39:26+00:00","mainEntityOfPage":{"@id":"https:\/\/potenciaradiofonicadominicana.com\/portal\/peravia-activa-su-transformacion-julito-fulcar-convoca-juramentacion-del-consejo-que-ejecutara-plan-a-30-anos\/"},"wordCount":381,"publisher":{"@id":"https:\/\/potenciaradiofonicadominicana.com\/portal\/#organization"},"image":{"@id":"https:\/\/potenciaradiofonicadominicana.com\/portal\/peravia-activa-su-transformacion-julito-fulcar-convoca-juramentacion-del-consejo-que-ejecutara-plan-a-30-anos\/#primaryimage"},"thumbnailUrl":"https:\/\/potenciaradiofonicadominicana.com\/portal\/wp-content\/uploads\/2026\/04\/WhatsApp-Image-2026-04-29-at-1.08.00-PM.jpeg","articleSection":["Noticias"],"inLanguage":"es"},{"@type":"WebPage","@id":"https:\/\/potenciaradiofonicadominicana.com\/portal\/peravia-activa-su-transformacion-julito-fulcar-convoca-juramentacion-del-consejo-que-ejecutara-plan-a-30-anos\/","url":"https:\/\/potenciaradiofonicadominicana.com\/portal\/peravia-activa-su-transformacion-julito-fulcar-convoca-juramentacion-del-consejo-que-ejecutara-plan-a-30-anos\/","name":"Peravia activa su transformaci\u00f3n: Julito Fulcar convoca juramentaci\u00f3n del Consejo que ejecutar\u00e1 plan a 30 a\u00f1os - PotenciaRadiofonicaDominicana.com","isPartOf":{"@id":"https:\/\/potenciaradiofonicadominicana.com\/portal\/#website"},"primaryImageOfPage":{"@id":"https:\/\/potenciaradiofonicadominicana.com\/portal\/peravia-activa-su-transformacion-julito-fulcar-convoca-juramentacion-del-consejo-que-ejecutara-plan-a-30-anos\/#primaryimage"},"image":{"@id":"https:\/\/potenciaradiofonicadominicana.com\/portal\/peravia-activa-su-transformacion-julito-fulcar-convoca-juramentacion-del-consejo-que-ejecutara-plan-a-30-anos\/#primaryimage"},"thumbnailUrl":"https:\/\/potenciaradiofonicadominicana.com\/portal\/wp-content\/uploads\/2026\/04\/WhatsApp-Image-2026-04-29-at-1.08.00-PM.jpeg","datePublished":"2026-04-30T03:39:26+00:00","breadcrumb":{"@id":"https:\/\/potenciaradiofonicadominicana.com\/portal\/peravia-activa-su-transformacion-julito-fulcar-convoca-juramentacion-del-consejo-que-ejecutara-plan-a-30-anos\/#breadcrumb"},"inLanguage":"es","potentialAction":[{"@type":"ReadAction","target":["https:\/\/potenciaradiofonicadominicana.com\/portal\/peravia-activa-su-transformacion-julito-fulcar-convoca-juramentacion-del-consejo-que-ejecutara-plan-a-30-anos\/"]}]},{"@type":"ImageObject","inLanguage":"es","@id":"https:\/\/potenciaradiofonicadominicana.com\/portal\/peravia-activa-su-transformacion-julito-fulcar-convoca-juramentacion-del-consejo-que-ejecutara-plan-a-30-anos\/#primaryimage","url":"https:\/\/potenciaradiofonicadominicana.com\/portal\/wp-content\/uploads\/2026\/04\/WhatsApp-Image-2026-04-29-at-1.08.00-PM.jpeg","contentUrl":"https:\/\/potenciaradiofonicadominicana.com\/portal\/wp-content\/uploads\/2026\/04\/WhatsApp-Image-2026-04-29-at-1.08.00-PM.jpeg","width":1600,"height":1066},{"@type":"BreadcrumbList","@id":"https:\/\/potenciaradiofonicadominicana.com\/portal\/peravia-activa-su-transformacion-julito-fulcar-convoca-juramentacion-del-consejo-que-ejecutara-plan-a-30-anos\/#breadcrumb","itemListElement":[{"@type":"ListItem","position":1,"name":"Portada","item":"https:\/\/potenciaradiofonicadominicana.com\/portal\/"},{"@type":"ListItem","position":2,"name":"Peravia activa su transformaci\u00f3n: Julito Fulcar convoca juramentaci\u00f3n del Consejo que ejecutar\u00e1 plan a 30 a\u00f1os"}]},{"@type":"WebSite","@id":"https:\/\/potenciaradiofonicadominicana.com\/portal\/#website","url":"https:\/\/potenciaradiofonicadominicana.com\/portal\/","name":"PotenciaRadiofonicaDominicana.com","description":"Peri\u00f3dico Digital","publisher":{"@id":"https:\/\/potenciaradiofonicadominicana.com\/portal\/#organization"},"potentialAction":[{"@type":"SearchAction","target":{"@type":"EntryPoint","urlTemplate":"https:\/\/potenciaradiofonicadominicana.com\/portal\/?s={search_term_string}"},"query-input":{"@type":"PropertyValueSpecification","valueRequired":true,"valueName":"search_term_string"}}],"inLanguage":"es"},{"@type":"Organization","@id":"https:\/\/potenciaradiofonicadominicana.com\/portal\/#organization","name":"PotenciaRadiofonicaDominicana.com","url":"https:\/\/potenciaradiofonicadominicana.com\/portal\/","logo":{"@type":"ImageObject","inLanguage":"es","@id":"https:\/\/potenciaradiofonicadominicana.com\/portal\/#\/schema\/logo\/image\/","url":"https:\/\/potenciaradiofonicadominicana.com\/portal\/wp-content\/uploads\/2022\/01\/descarga.png","contentUrl":"https:\/\/potenciaradiofonicadominicana.com\/portal\/wp-content\/uploads\/2022\/01\/descarga.png","width":300,"height":100,"caption":"PotenciaRadiofonicaDominicana.com"},"image":{"@id":"https:\/\/potenciaradiofonicadominicana.com\/portal\/#\/schema\/logo\/image\/"},"sameAs":["https:\/\/web.facebook.com\/PotenciaRadiofonicaD"]},{"@type":"Person","@id":"https:\/\/potenciaradiofonicadominicana.com\/portal\/#\/schema\/person\/a5cf1fea13877803ee0573ac18b03490","name":"Potencia Radiof\u00f3nica Dominicana","image":{"@type":"ImageObject","inLanguage":"es","@id":"https:\/\/potenciaradiofonicadominicana.com\/portal\/#\/schema\/person\/image\/","url":"https:\/\/secure.gravatar.com\/avatar\/42a55ab9e8ccc656ba34cd791990602a?s=96&d=mm&r=g","contentUrl":"https:\/\/secure.gravatar.com\/avatar\/42a55ab9e8ccc656ba34cd791990602a?s=96&d=mm&r=g","caption":"Potencia Radiof\u00f3nica Dominicana"},"url":"https:\/\/potenciaradiofonicadominicana.com\/portal\/author\/johannyalmanzar\/"}]}},"_links":{"self":[{"href":"https:\/\/potenciaradiofonicadominicana.com\/portal\/wp-json\/wp\/v2\/posts\/216291","targetHints":{"allow":["GET"]}}],"collection":[{"href":"https:\/\/potenciaradiofonicadominicana.com\/portal\/wp-json\/wp\/v2\/posts"}],"about":[{"href":"https:\/\/potenciaradiofonicadominicana.com\/portal\/wp-json\/wp\/v2\/types\/post"}],"author":[{"embeddable":true,"href":"https:\/\/potenciaradiofonicadominicana.com\/portal\/wp-json\/wp\/v2\/users\/2"}],"replies":[{"embeddable":true,"href":"https:\/\/potenciaradiofonicadominicana.com\/portal\/wp-json\/wp\/v2\/comments?post=216291"}],"version-history":[{"count":1,"href":"https:\/\/potenciaradiofonicadominicana.com\/portal\/wp-json\/wp\/v2\/posts\/216291\/revisions"}],"predecessor-version":[{"id":216295,"href":"https:\/\/potenciaradiofonicadominicana.com\/portal\/wp-json\/wp\/v2\/posts\/216291\/revisions\/216295"}],"wp:featuredmedia":[{"embeddable":true,"href":"https:\/\/potenciaradiofonicadominicana.com\/portal\/wp-json\/wp\/v2\/media\/216293"}],"wp:attachment":[{"href":"https:\/\/potenciaradiofonicadominicana.com\/portal\/wp-json\/wp\/v2\/media?parent=216291"}],"wp:term":[{"taxonomy":"category","embeddable":true,"href":"https:\/\/potenciaradiofonicadominicana.com\/portal\/wp-json\/wp\/v2\/categories?post=216291"},{"taxonomy":"post_tag","embeddable":true,"href":"https:\/\/potenciaradiofonicadominicana.com\/portal\/wp-json\/wp\/v2\/tags?post=216291"}],"curies":[{"name":"wp","href":"https:\/\/api.w.org\/{rel}","templated":true}]}}