{"id":216289,"date":"2026-04-29T23:38:12","date_gmt":"2026-04-30T03:38:12","guid":{"rendered":"https:\/\/potenciaradiofonicadominicana.com\/portal\/?p=216289"},"modified":"2026-04-29T23:38:12","modified_gmt":"2026-04-30T03:38:12","slug":"mas-de-834000-motociclistas-fueron-fiscalizados-en-2025-por-violaciones-a-la-ley-63-17","status":"publish","type":"post","link":"https:\/\/potenciaradiofonicadominicana.com\/portal\/mas-de-834000-motociclistas-fueron-fiscalizados-en-2025-por-violaciones-a-la-ley-63-17\/","title":{"rendered":"M\u00e1s de 834,000 motociclistas fueron fiscalizados en 2025 por violaciones a la Ley 63-17"},"content":{"rendered":"<p><a href=\"https:\/\/potenciaradiofonicadominicana.com\/portal\/wp-content\/uploads\/2026\/04\/Digesset.jpg\"><img loading=\"lazy\" decoding=\"async\" class=\"alignnone size-full wp-image-216290\" src=\"https:\/\/potenciaradiofonicadominicana.com\/portal\/wp-content\/uploads\/2026\/04\/Digesset.jpg\" alt=\"\" width=\"1300\" height=\"731\" srcset=\"https:\/\/potenciaradiofonicadominicana.com\/portal\/wp-content\/uploads\/2026\/04\/Digesset.jpg 1300w, https:\/\/potenciaradiofonicadominicana.com\/portal\/wp-content\/uploads\/2026\/04\/Digesset-300x169.jpg 300w, https:\/\/potenciaradiofonicadominicana.com\/portal\/wp-content\/uploads\/2026\/04\/Digesset-1024x576.jpg 1024w, https:\/\/potenciaradiofonicadominicana.com\/portal\/wp-content\/uploads\/2026\/04\/Digesset-768x432.jpg 768w\" sizes=\"auto, (max-width: 1300px) 100vw, 1300px\" \/><\/a><\/p>\n<p>La\u00a0<strong style=\"font-weight: 500;\">Direcci\u00f3n General de Seguridad de Tr\u00e1nsito y Transporte Terrestre<\/strong>\u00a0(Digesett) reafirma su compromiso con la\u00a0<strong style=\"font-weight: 500;\">seguridad vial<\/strong>\u00a0mediante la ejecuci\u00f3n permanente de\u00a0<strong style=\"font-weight: 500;\">operativos de fiscalizaci\u00f3n<\/strong>\u00a0dirigidos a conductores de\u00a0<strong style=\"font-weight: 500;\">motocicletas,<\/strong>\u00a0en cumplimiento de\u00a0<strong style=\"font-weight: 500;\">la Ley 63-17<\/strong>\u00a0sobre Movilidad, Transporte Terrestre, Tr\u00e1nsito y Seguridad Vial de la Rep\u00fablica Dominicana.<\/p>\n<p>Durante el a\u00f1o 2025, la instituci\u00f3n registr\u00f3 un total de\u00a0<strong style=\"font-weight: 500;\">834,113 conductores de motocicletas fiscalizados<\/strong>\u00a0a nivel nacional por diferentes faltas a la ley de tr\u00e1nsito, como parte de los operativos diarios desplegados por los agentes en calles, avenidas, carreteras y autopistas del pa\u00eds.<\/p>\n<p>Asimismo, en ese mismo per\u00edodo, fueron retenidas\u00a0<strong style=\"font-weight: 500;\">81,107 motocicletas<\/strong>, como resultado de\u00a0<strong style=\"font-weight: 500;\">violaciones a la normativa vigente<\/strong>, en acciones orientadas a preservar el orden y\u00a0<strong style=\"font-weight: 500;\">reducir los riesgos<\/strong>\u00a0en las v\u00edas p\u00fablicas.<\/p>\n<p>Estas fiscalizaciones responden a infracciones recurrentes que representan un\u00a0<strong style=\"font-weight: 500;\">alto peligro para la vida de conductores y peatones,<\/strong>\u00a0entre ellas: el no uso del casco protector, el tr\u00e1nsito por lugares prohibidos (aceras, t\u00faneles y elevados), la circulaci\u00f3n sin luces, la falta de documentaci\u00f3n reglamentaria y la participaci\u00f3n en competencia de velocidad, entre otras.<\/p>\n<p>La\u00a0Digesett\u00a0destac\u00f3 que los motociclistas constituyen uno de los segmentos\u00a0<strong style=\"font-weight: 500;\">m\u00e1s vulnerables<\/strong>\u00a0en los siniestros viales, por lo que estas intervenciones tienen un enfoque preventivo, orientado a\u00a0<strong style=\"font-weight: 500;\">reducir accidentes, lesiones y p\u00e9rdidas humanas.<\/strong><\/p>\n<p>La entidad exhort\u00f3 a todos los conductores, especialmente a los motociclistas, a asumir una conducta responsable, respetar las se\u00f1ales de tr\u00e1nsito y\u00a0<strong style=\"font-weight: 500;\">cumplir con lo establecido en la Ley 63-17,<\/strong>\u00a0como parte del compromiso colectivo para garantizar una movilidad\u00a0<strong style=\"font-weight: 500;\">m\u00e1s segura para todos<\/strong><\/p>\n","protected":false},"excerpt":{"rendered":"<p>La\u00a0Direcci\u00f3n General de Seguridad de Tr\u00e1nsito y Transporte Terrestre\u00a0(Digesett) reafirma su compromiso con la\u00a0seguridad vial\u00a0mediante la ejecuci\u00f3n permanente de\u00a0operativos de &#8230;<\/p>\n","protected":false},"author":2,"featured_media":216290,"comment_status":"closed","ping_status":"closed","sticky":false,"template":"","format":"standard","meta":{"footnotes":""},"categories":[25],"tags":[],"class_list":["post-216289","post","type-post","status-publish","format-standard","has-post-thumbnail","hentry","category-noticias"],"yoast_head":"<!-- This site is optimized with the Yoast SEO plugin v24.8.1 - https:\/\/yoast.com\/wordpress\/plugins\/seo\/ -->\n<title>M\u00e1s de 834,000 motociclistas fueron fiscalizados en 2025 por violaciones a la Ley 63-17 - PotenciaRadiofonicaDominicana.com<\/title>\n<meta name=\"robots\" content=\"index, follow, max-snippet:-1, max-image-preview:large, max-video-preview:-1\" \/>\n<link rel=\"canonical\" href=\"https:\/\/potenciaradiofonicadominicana.com\/portal\/mas-de-834000-motociclistas-fueron-fiscalizados-en-2025-por-violaciones-a-la-ley-63-17\/\" \/>\n<meta property=\"og:locale\" content=\"es_ES\" \/>\n<meta property=\"og:type\" content=\"article\" \/>\n<meta property=\"og:title\" content=\"M\u00e1s de 834,000 motociclistas fueron fiscalizados en 2025 por violaciones a la Ley 63-17 - PotenciaRadiofonicaDominicana.com\" \/>\n<meta property=\"og:description\" content=\"La\u00a0Direcci\u00f3n General de Seguridad de Tr\u00e1nsito y Transporte Terrestre\u00a0(Digesett) reafirma su compromiso con la\u00a0seguridad vial\u00a0mediante la ejecuci\u00f3n permanente de\u00a0operativos de ...\" \/>\n<meta property=\"og:url\" content=\"https:\/\/potenciaradiofonicadominicana.com\/portal\/mas-de-834000-motociclistas-fueron-fiscalizados-en-2025-por-violaciones-a-la-ley-63-17\/\" \/>\n<meta property=\"og:site_name\" content=\"PotenciaRadiofonicaDominicana.com\" \/>\n<meta property=\"article:publisher\" content=\"https:\/\/web.facebook.com\/PotenciaRadiofonicaD\" \/>\n<meta property=\"article:published_time\" content=\"2026-04-30T03:38:12+00:00\" \/>\n<meta property=\"og:image\" content=\"https:\/\/potenciaradiofonicadominicana.com\/portal\/wp-content\/uploads\/2026\/04\/Digesset.jpg\" \/>\n\t<meta property=\"og:image:width\" content=\"1300\" \/>\n\t<meta property=\"og:image:height\" content=\"731\" \/>\n\t<meta property=\"og:image:type\" content=\"image\/jpeg\" \/>\n<meta name=\"author\" content=\"Potencia Radiof\u00f3nica Dominicana\" \/>\n<meta name=\"twitter:card\" content=\"summary_large_image\" \/>\n<meta name=\"twitter:label1\" content=\"Escrito por\" \/>\n\t<meta name=\"twitter:data1\" content=\"Potencia Radiof\u00f3nica Dominicana\" \/>\n\t<meta name=\"twitter:label2\" content=\"Tiempo de lectura\" \/>\n\t<meta name=\"twitter:data2\" content=\"2 minutos\" \/>\n<script type=\"application\/ld+json\" class=\"yoast-schema-graph\">{\"@context\":\"https:\/\/schema.org\",\"@graph\":[{\"@type\":\"Article\",\"@id\":\"https:\/\/potenciaradiofonicadominicana.com\/portal\/mas-de-834000-motociclistas-fueron-fiscalizados-en-2025-por-violaciones-a-la-ley-63-17\/#article\",\"isPartOf\":{\"@id\":\"https:\/\/potenciaradiofonicadominicana.com\/portal\/mas-de-834000-motociclistas-fueron-fiscalizados-en-2025-por-violaciones-a-la-ley-63-17\/\"},\"author\":{\"name\":\"Potencia Radiof\u00f3nica Dominicana\",\"@id\":\"https:\/\/potenciaradiofonicadominicana.com\/portal\/#\/schema\/person\/a5cf1fea13877803ee0573ac18b03490\"},\"headline\":\"M\u00e1s de 834,000 motociclistas fueron fiscalizados en 2025 por violaciones a la Ley 63-17\",\"datePublished\":\"2026-04-30T03:38:12+00:00\",\"mainEntityOfPage\":{\"@id\":\"https:\/\/potenciaradiofonicadominicana.com\/portal\/mas-de-834000-motociclistas-fueron-fiscalizados-en-2025-por-violaciones-a-la-ley-63-17\/\"},\"wordCount\":288,\"publisher\":{\"@id\":\"https:\/\/potenciaradiofonicadominicana.com\/portal\/#organization\"},\"image\":{\"@id\":\"https:\/\/potenciaradiofonicadominicana.com\/portal\/mas-de-834000-motociclistas-fueron-fiscalizados-en-2025-por-violaciones-a-la-ley-63-17\/#primaryimage\"},\"thumbnailUrl\":\"https:\/\/potenciaradiofonicadominicana.com\/portal\/wp-content\/uploads\/2026\/04\/Digesset.jpg\",\"articleSection\":[\"Noticias\"],\"inLanguage\":\"es\"},{\"@type\":\"WebPage\",\"@id\":\"https:\/\/potenciaradiofonicadominicana.com\/portal\/mas-de-834000-motociclistas-fueron-fiscalizados-en-2025-por-violaciones-a-la-ley-63-17\/\",\"url\":\"https:\/\/potenciaradiofonicadominicana.com\/portal\/mas-de-834000-motociclistas-fueron-fiscalizados-en-2025-por-violaciones-a-la-ley-63-17\/\",\"name\":\"M\u00e1s de 834,000 motociclistas fueron fiscalizados en 2025 por violaciones a la Ley 63-17 - PotenciaRadiofonicaDominicana.com\",\"isPartOf\":{\"@id\":\"https:\/\/potenciaradiofonicadominicana.com\/portal\/#website\"},\"primaryImageOfPage\":{\"@id\":\"https:\/\/potenciaradiofonicadominicana.com\/portal\/mas-de-834000-motociclistas-fueron-fiscalizados-en-2025-por-violaciones-a-la-ley-63-17\/#primaryimage\"},\"image\":{\"@id\":\"https:\/\/potenciaradiofonicadominicana.com\/portal\/mas-de-834000-motociclistas-fueron-fiscalizados-en-2025-por-violaciones-a-la-ley-63-17\/#primaryimage\"},\"thumbnailUrl\":\"https:\/\/potenciaradiofonicadominicana.com\/portal\/wp-content\/uploads\/2026\/04\/Digesset.jpg\",\"datePublished\":\"2026-04-30T03:38:12+00:00\",\"breadcrumb\":{\"@id\":\"https:\/\/potenciaradiofonicadominicana.com\/portal\/mas-de-834000-motociclistas-fueron-fiscalizados-en-2025-por-violaciones-a-la-ley-63-17\/#breadcrumb\"},\"inLanguage\":\"es\",\"potentialAction\":[{\"@type\":\"ReadAction\",\"target\":[\"https:\/\/potenciaradiofonicadominicana.com\/portal\/mas-de-834000-motociclistas-fueron-fiscalizados-en-2025-por-violaciones-a-la-ley-63-17\/\"]}]},{\"@type\":\"ImageObject\",\"inLanguage\":\"es\",\"@id\":\"https:\/\/potenciaradiofonicadominicana.com\/portal\/mas-de-834000-motociclistas-fueron-fiscalizados-en-2025-por-violaciones-a-la-ley-63-17\/#primaryimage\",\"url\":\"https:\/\/potenciaradiofonicadominicana.com\/portal\/wp-content\/uploads\/2026\/04\/Digesset.jpg\",\"contentUrl\":\"https:\/\/potenciaradiofonicadominicana.com\/portal\/wp-content\/uploads\/2026\/04\/Digesset.jpg\",\"width\":1300,\"height\":731},{\"@type\":\"BreadcrumbList\",\"@id\":\"https:\/\/potenciaradiofonicadominicana.com\/portal\/mas-de-834000-motociclistas-fueron-fiscalizados-en-2025-por-violaciones-a-la-ley-63-17\/#breadcrumb\",\"itemListElement\":[{\"@type\":\"ListItem\",\"position\":1,\"name\":\"Portada\",\"item\":\"https:\/\/potenciaradiofonicadominicana.com\/portal\/\"},{\"@type\":\"ListItem\",\"position\":2,\"name\":\"M\u00e1s de 834,000 motociclistas fueron fiscalizados en 2025 por violaciones a la Ley 63-17\"}]},{\"@type\":\"WebSite\",\"@id\":\"https:\/\/potenciaradiofonicadominicana.com\/portal\/#website\",\"url\":\"https:\/\/potenciaradiofonicadominicana.com\/portal\/\",\"name\":\"PotenciaRadiofonicaDominicana.com\",\"description\":\"Peri\u00f3dico Digital\",\"publisher\":{\"@id\":\"https:\/\/potenciaradiofonicadominicana.com\/portal\/#organization\"},\"potentialAction\":[{\"@type\":\"SearchAction\",\"target\":{\"@type\":\"EntryPoint\",\"urlTemplate\":\"https:\/\/potenciaradiofonicadominicana.com\/portal\/?s={search_term_string}\"},\"query-input\":{\"@type\":\"PropertyValueSpecification\",\"valueRequired\":true,\"valueName\":\"search_term_string\"}}],\"inLanguage\":\"es\"},{\"@type\":\"Organization\",\"@id\":\"https:\/\/potenciaradiofonicadominicana.com\/portal\/#organization\",\"name\":\"PotenciaRadiofonicaDominicana.com\",\"url\":\"https:\/\/potenciaradiofonicadominicana.com\/portal\/\",\"logo\":{\"@type\":\"ImageObject\",\"inLanguage\":\"es\",\"@id\":\"https:\/\/potenciaradiofonicadominicana.com\/portal\/#\/schema\/logo\/image\/\",\"url\":\"https:\/\/potenciaradiofonicadominicana.com\/portal\/wp-content\/uploads\/2022\/01\/descarga.png\",\"contentUrl\":\"https:\/\/potenciaradiofonicadominicana.com\/portal\/wp-content\/uploads\/2022\/01\/descarga.png\",\"width\":300,\"height\":100,\"caption\":\"PotenciaRadiofonicaDominicana.com\"},\"image\":{\"@id\":\"https:\/\/potenciaradiofonicadominicana.com\/portal\/#\/schema\/logo\/image\/\"},\"sameAs\":[\"https:\/\/web.facebook.com\/PotenciaRadiofonicaD\"]},{\"@type\":\"Person\",\"@id\":\"https:\/\/potenciaradiofonicadominicana.com\/portal\/#\/schema\/person\/a5cf1fea13877803ee0573ac18b03490\",\"name\":\"Potencia Radiof\u00f3nica Dominicana\",\"image\":{\"@type\":\"ImageObject\",\"inLanguage\":\"es\",\"@id\":\"https:\/\/potenciaradiofonicadominicana.com\/portal\/#\/schema\/person\/image\/\",\"url\":\"https:\/\/secure.gravatar.com\/avatar\/42a55ab9e8ccc656ba34cd791990602a?s=96&d=mm&r=g\",\"contentUrl\":\"https:\/\/secure.gravatar.com\/avatar\/42a55ab9e8ccc656ba34cd791990602a?s=96&d=mm&r=g\",\"caption\":\"Potencia Radiof\u00f3nica Dominicana\"},\"url\":\"https:\/\/potenciaradiofonicadominicana.com\/portal\/author\/johannyalmanzar\/\"}]}<\/script>\n<!-- \/ Yoast SEO plugin. -->","yoast_head_json":{"title":"M\u00e1s de 834,000 motociclistas fueron fiscalizados en 2025 por violaciones a la Ley 63-17 - PotenciaRadiofonicaDominicana.com","robots":{"index":"index","follow":"follow","max-snippet":"max-snippet:-1","max-image-preview":"max-image-preview:large","max-video-preview":"max-video-preview:-1"},"canonical":"https:\/\/potenciaradiofonicadominicana.com\/portal\/mas-de-834000-motociclistas-fueron-fiscalizados-en-2025-por-violaciones-a-la-ley-63-17\/","og_locale":"es_ES","og_type":"article","og_title":"M\u00e1s de 834,000 motociclistas fueron fiscalizados en 2025 por violaciones a la Ley 63-17 - PotenciaRadiofonicaDominicana.com","og_description":"La\u00a0Direcci\u00f3n General de Seguridad de Tr\u00e1nsito y Transporte Terrestre\u00a0(Digesett) reafirma su compromiso con la\u00a0seguridad vial\u00a0mediante la ejecuci\u00f3n permanente de\u00a0operativos de ...","og_url":"https:\/\/potenciaradiofonicadominicana.com\/portal\/mas-de-834000-motociclistas-fueron-fiscalizados-en-2025-por-violaciones-a-la-ley-63-17\/","og_site_name":"PotenciaRadiofonicaDominicana.com","article_publisher":"https:\/\/web.facebook.com\/PotenciaRadiofonicaD","article_published_time":"2026-04-30T03:38:12+00:00","og_image":[{"width":1300,"height":731,"url":"https:\/\/potenciaradiofonicadominicana.com\/portal\/wp-content\/uploads\/2026\/04\/Digesset.jpg","type":"image\/jpeg"}],"author":"Potencia Radiof\u00f3nica Dominicana","twitter_card":"summary_large_image","twitter_misc":{"Escrito por":"Potencia Radiof\u00f3nica Dominicana","Tiempo de lectura":"2 minutos"},"schema":{"@context":"https:\/\/schema.org","@graph":[{"@type":"Article","@id":"https:\/\/potenciaradiofonicadominicana.com\/portal\/mas-de-834000-motociclistas-fueron-fiscalizados-en-2025-por-violaciones-a-la-ley-63-17\/#article","isPartOf":{"@id":"https:\/\/potenciaradiofonicadominicana.com\/portal\/mas-de-834000-motociclistas-fueron-fiscalizados-en-2025-por-violaciones-a-la-ley-63-17\/"},"author":{"name":"Potencia Radiof\u00f3nica Dominicana","@id":"https:\/\/potenciaradiofonicadominicana.com\/portal\/#\/schema\/person\/a5cf1fea13877803ee0573ac18b03490"},"headline":"M\u00e1s de 834,000 motociclistas fueron fiscalizados en 2025 por violaciones a la Ley 63-17","datePublished":"2026-04-30T03:38:12+00:00","mainEntityOfPage":{"@id":"https:\/\/potenciaradiofonicadominicana.com\/portal\/mas-de-834000-motociclistas-fueron-fiscalizados-en-2025-por-violaciones-a-la-ley-63-17\/"},"wordCount":288,"publisher":{"@id":"https:\/\/potenciaradiofonicadominicana.com\/portal\/#organization"},"image":{"@id":"https:\/\/potenciaradiofonicadominicana.com\/portal\/mas-de-834000-motociclistas-fueron-fiscalizados-en-2025-por-violaciones-a-la-ley-63-17\/#primaryimage"},"thumbnailUrl":"https:\/\/potenciaradiofonicadominicana.com\/portal\/wp-content\/uploads\/2026\/04\/Digesset.jpg","articleSection":["Noticias"],"inLanguage":"es"},{"@type":"WebPage","@id":"https:\/\/potenciaradiofonicadominicana.com\/portal\/mas-de-834000-motociclistas-fueron-fiscalizados-en-2025-por-violaciones-a-la-ley-63-17\/","url":"https:\/\/potenciaradiofonicadominicana.com\/portal\/mas-de-834000-motociclistas-fueron-fiscalizados-en-2025-por-violaciones-a-la-ley-63-17\/","name":"M\u00e1s de 834,000 motociclistas fueron fiscalizados en 2025 por violaciones a la Ley 63-17 - PotenciaRadiofonicaDominicana.com","isPartOf":{"@id":"https:\/\/potenciaradiofonicadominicana.com\/portal\/#website"},"primaryImageOfPage":{"@id":"https:\/\/potenciaradiofonicadominicana.com\/portal\/mas-de-834000-motociclistas-fueron-fiscalizados-en-2025-por-violaciones-a-la-ley-63-17\/#primaryimage"},"image":{"@id":"https:\/\/potenciaradiofonicadominicana.com\/portal\/mas-de-834000-motociclistas-fueron-fiscalizados-en-2025-por-violaciones-a-la-ley-63-17\/#primaryimage"},"thumbnailUrl":"https:\/\/potenciaradiofonicadominicana.com\/portal\/wp-content\/uploads\/2026\/04\/Digesset.jpg","datePublished":"2026-04-30T03:38:12+00:00","breadcrumb":{"@id":"https:\/\/potenciaradiofonicadominicana.com\/portal\/mas-de-834000-motociclistas-fueron-fiscalizados-en-2025-por-violaciones-a-la-ley-63-17\/#breadcrumb"},"inLanguage":"es","potentialAction":[{"@type":"ReadAction","target":["https:\/\/potenciaradiofonicadominicana.com\/portal\/mas-de-834000-motociclistas-fueron-fiscalizados-en-2025-por-violaciones-a-la-ley-63-17\/"]}]},{"@type":"ImageObject","inLanguage":"es","@id":"https:\/\/potenciaradiofonicadominicana.com\/portal\/mas-de-834000-motociclistas-fueron-fiscalizados-en-2025-por-violaciones-a-la-ley-63-17\/#primaryimage","url":"https:\/\/potenciaradiofonicadominicana.com\/portal\/wp-content\/uploads\/2026\/04\/Digesset.jpg","contentUrl":"https:\/\/potenciaradiofonicadominicana.com\/portal\/wp-content\/uploads\/2026\/04\/Digesset.jpg","width":1300,"height":731},{"@type":"BreadcrumbList","@id":"https:\/\/potenciaradiofonicadominicana.com\/portal\/mas-de-834000-motociclistas-fueron-fiscalizados-en-2025-por-violaciones-a-la-ley-63-17\/#breadcrumb","itemListElement":[{"@type":"ListItem","position":1,"name":"Portada","item":"https:\/\/potenciaradiofonicadominicana.com\/portal\/"},{"@type":"ListItem","position":2,"name":"M\u00e1s de 834,000 motociclistas fueron fiscalizados en 2025 por violaciones a la Ley 63-17"}]},{"@type":"WebSite","@id":"https:\/\/potenciaradiofonicadominicana.com\/portal\/#website","url":"https:\/\/potenciaradiofonicadominicana.com\/portal\/","name":"PotenciaRadiofonicaDominicana.com","description":"Peri\u00f3dico Digital","publisher":{"@id":"https:\/\/potenciaradiofonicadominicana.com\/portal\/#organization"},"potentialAction":[{"@type":"SearchAction","target":{"@type":"EntryPoint","urlTemplate":"https:\/\/potenciaradiofonicadominicana.com\/portal\/?s={search_term_string}"},"query-input":{"@type":"PropertyValueSpecification","valueRequired":true,"valueName":"search_term_string"}}],"inLanguage":"es"},{"@type":"Organization","@id":"https:\/\/potenciaradiofonicadominicana.com\/portal\/#organization","name":"PotenciaRadiofonicaDominicana.com","url":"https:\/\/potenciaradiofonicadominicana.com\/portal\/","logo":{"@type":"ImageObject","inLanguage":"es","@id":"https:\/\/potenciaradiofonicadominicana.com\/portal\/#\/schema\/logo\/image\/","url":"https:\/\/potenciaradiofonicadominicana.com\/portal\/wp-content\/uploads\/2022\/01\/descarga.png","contentUrl":"https:\/\/potenciaradiofonicadominicana.com\/portal\/wp-content\/uploads\/2022\/01\/descarga.png","width":300,"height":100,"caption":"PotenciaRadiofonicaDominicana.com"},"image":{"@id":"https:\/\/potenciaradiofonicadominicana.com\/portal\/#\/schema\/logo\/image\/"},"sameAs":["https:\/\/web.facebook.com\/PotenciaRadiofonicaD"]},{"@type":"Person","@id":"https:\/\/potenciaradiofonicadominicana.com\/portal\/#\/schema\/person\/a5cf1fea13877803ee0573ac18b03490","name":"Potencia Radiof\u00f3nica Dominicana","image":{"@type":"ImageObject","inLanguage":"es","@id":"https:\/\/potenciaradiofonicadominicana.com\/portal\/#\/schema\/person\/image\/","url":"https:\/\/secure.gravatar.com\/avatar\/42a55ab9e8ccc656ba34cd791990602a?s=96&d=mm&r=g","contentUrl":"https:\/\/secure.gravatar.com\/avatar\/42a55ab9e8ccc656ba34cd791990602a?s=96&d=mm&r=g","caption":"Potencia Radiof\u00f3nica Dominicana"},"url":"https:\/\/potenciaradiofonicadominicana.com\/portal\/author\/johannyalmanzar\/"}]}},"_links":{"self":[{"href":"https:\/\/potenciaradiofonicadominicana.com\/portal\/wp-json\/wp\/v2\/posts\/216289","targetHints":{"allow":["GET"]}}],"collection":[{"href":"https:\/\/potenciaradiofonicadominicana.com\/portal\/wp-json\/wp\/v2\/posts"}],"about":[{"href":"https:\/\/potenciaradiofonicadominicana.com\/portal\/wp-json\/wp\/v2\/types\/post"}],"author":[{"embeddable":true,"href":"https:\/\/potenciaradiofonicadominicana.com\/portal\/wp-json\/wp\/v2\/users\/2"}],"replies":[{"embeddable":true,"href":"https:\/\/potenciaradiofonicadominicana.com\/portal\/wp-json\/wp\/v2\/comments?post=216289"}],"version-history":[{"count":1,"href":"https:\/\/potenciaradiofonicadominicana.com\/portal\/wp-json\/wp\/v2\/posts\/216289\/revisions"}],"predecessor-version":[{"id":216292,"href":"https:\/\/potenciaradiofonicadominicana.com\/portal\/wp-json\/wp\/v2\/posts\/216289\/revisions\/216292"}],"wp:featuredmedia":[{"embeddable":true,"href":"https:\/\/potenciaradiofonicadominicana.com\/portal\/wp-json\/wp\/v2\/media\/216290"}],"wp:attachment":[{"href":"https:\/\/potenciaradiofonicadominicana.com\/portal\/wp-json\/wp\/v2\/media?parent=216289"}],"wp:term":[{"taxonomy":"category","embeddable":true,"href":"https:\/\/potenciaradiofonicadominicana.com\/portal\/wp-json\/wp\/v2\/categories?post=216289"},{"taxonomy":"post_tag","embeddable":true,"href":"https:\/\/potenciaradiofonicadominicana.com\/portal\/wp-json\/wp\/v2\/tags?post=216289"}],"curies":[{"name":"wp","href":"https:\/\/api.w.org\/{rel}","templated":true}]}}