{"id":216284,"date":"2026-04-29T23:36:59","date_gmt":"2026-04-30T03:36:59","guid":{"rendered":"https:\/\/potenciaradiofonicadominicana.com\/portal\/?p=216284"},"modified":"2026-04-29T23:36:59","modified_gmt":"2026-04-30T03:36:59","slug":"obras-publicas-interviene-derrumbe-en-calle-la-isabel-de-pedro-brand-tras-intensas-lluvias","status":"publish","type":"post","link":"https:\/\/potenciaradiofonicadominicana.com\/portal\/obras-publicas-interviene-derrumbe-en-calle-la-isabel-de-pedro-brand-tras-intensas-lluvias\/","title":{"rendered":"Obras P\u00fablicas interviene derrumbe en calle La Isabel de Pedro Brand tras intensas lluvias"},"content":{"rendered":"<p><a href=\"https:\/\/potenciaradiofonicadominicana.com\/portal\/wp-content\/uploads\/2026\/04\/Obras-Publicas-interviene-derrumbe-en-calle-La-Isabel-de-Pedro-Brand-tras-intensas-lluvias-1-600x400-1.jpg\"><img loading=\"lazy\" decoding=\"async\" class=\"alignnone size-full wp-image-216287\" src=\"https:\/\/potenciaradiofonicadominicana.com\/portal\/wp-content\/uploads\/2026\/04\/Obras-Publicas-interviene-derrumbe-en-calle-La-Isabel-de-Pedro-Brand-tras-intensas-lluvias-1-600x400-1.jpg\" alt=\"\" width=\"600\" height=\"400\" srcset=\"https:\/\/potenciaradiofonicadominicana.com\/portal\/wp-content\/uploads\/2026\/04\/Obras-Publicas-interviene-derrumbe-en-calle-La-Isabel-de-Pedro-Brand-tras-intensas-lluvias-1-600x400-1.jpg 600w, https:\/\/potenciaradiofonicadominicana.com\/portal\/wp-content\/uploads\/2026\/04\/Obras-Publicas-interviene-derrumbe-en-calle-La-Isabel-de-Pedro-Brand-tras-intensas-lluvias-1-600x400-1-300x200.jpg 300w\" sizes=\"auto, (max-width: 600px) 100vw, 600px\" \/><\/a><\/p>\n<p>SANTO DOMINGO.- El Ministerio de Obras P\u00fablicas y Comunicaciones (MOPC), encabezado por el ingeniero Eduardo Estrella, ejecuta trabajos de intervenci\u00f3n en la calle La Isabel, en el municipio de Pedro Brand, luego de un derrumbe provocado por las recientes lluvias.<\/p>\n<p>La instituci\u00f3n inform\u00f3 que las labores en el \u00e1rea incluyen la colocaci\u00f3n de gaviones para estabilizar el terreno, la sustituci\u00f3n de alcantarillas de hormig\u00f3n de 36 pulgadas, as\u00ed como la canalizaci\u00f3n de las aguas mediante la construcci\u00f3n de nuevas cunetas, con el objetivo de mitigar riesgos y prevenir futuros deslizamientos.<\/p>\n<p>Estas acciones forman parte de los esfuerzos del MOPC para dar respuesta oportuna a las emergencias ocasionadas por fen\u00f3menos atmosf\u00e9ricos, garantizando la seguridad de los residentes y la recuperaci\u00f3n de la infraestructura vial afectada.<\/p>\n<p>Residentes de la comunidad valoraron la r\u00e1pida intervenci\u00f3n del Ministerio de Obras P\u00fablicas, al tiempo que exhortaron al ministro Eduardo Estrella a continuar desarrollando este tipo de iniciativas en beneficio de las comunidades.<\/p>\n","protected":false},"excerpt":{"rendered":"<p>SANTO DOMINGO.- El Ministerio de Obras P\u00fablicas y Comunicaciones (MOPC), encabezado por el ingeniero Eduardo Estrella, ejecuta trabajos de intervenci\u00f3n &#8230;<\/p>\n","protected":false},"author":2,"featured_media":216287,"comment_status":"closed","ping_status":"closed","sticky":false,"template":"","format":"standard","meta":{"footnotes":""},"categories":[25],"tags":[],"class_list":["post-216284","post","type-post","status-publish","format-standard","has-post-thumbnail","hentry","category-noticias"],"yoast_head":"<!-- This site is optimized with the Yoast SEO plugin v24.8.1 - https:\/\/yoast.com\/wordpress\/plugins\/seo\/ -->\n<title>Obras P\u00fablicas interviene derrumbe en calle La Isabel de Pedro Brand tras intensas lluvias - PotenciaRadiofonicaDominicana.com<\/title>\n<meta name=\"robots\" content=\"index, follow, max-snippet:-1, max-image-preview:large, max-video-preview:-1\" \/>\n<link rel=\"canonical\" href=\"https:\/\/potenciaradiofonicadominicana.com\/portal\/obras-publicas-interviene-derrumbe-en-calle-la-isabel-de-pedro-brand-tras-intensas-lluvias\/\" \/>\n<meta property=\"og:locale\" content=\"es_ES\" \/>\n<meta property=\"og:type\" content=\"article\" \/>\n<meta property=\"og:title\" content=\"Obras P\u00fablicas interviene derrumbe en calle La Isabel de Pedro Brand tras intensas lluvias - PotenciaRadiofonicaDominicana.com\" \/>\n<meta property=\"og:description\" content=\"SANTO DOMINGO.- El Ministerio de Obras P\u00fablicas y Comunicaciones (MOPC), encabezado por el ingeniero Eduardo Estrella, ejecuta trabajos de intervenci\u00f3n ...\" \/>\n<meta property=\"og:url\" content=\"https:\/\/potenciaradiofonicadominicana.com\/portal\/obras-publicas-interviene-derrumbe-en-calle-la-isabel-de-pedro-brand-tras-intensas-lluvias\/\" \/>\n<meta property=\"og:site_name\" content=\"PotenciaRadiofonicaDominicana.com\" \/>\n<meta property=\"article:publisher\" content=\"https:\/\/web.facebook.com\/PotenciaRadiofonicaD\" \/>\n<meta property=\"article:published_time\" content=\"2026-04-30T03:36:59+00:00\" \/>\n<meta property=\"og:image\" content=\"https:\/\/potenciaradiofonicadominicana.com\/portal\/wp-content\/uploads\/2026\/04\/Obras-Publicas-interviene-derrumbe-en-calle-La-Isabel-de-Pedro-Brand-tras-intensas-lluvias-1-600x400-1.jpg\" \/>\n\t<meta property=\"og:image:width\" content=\"600\" \/>\n\t<meta property=\"og:image:height\" content=\"400\" \/>\n\t<meta property=\"og:image:type\" content=\"image\/jpeg\" \/>\n<meta name=\"author\" content=\"Potencia Radiof\u00f3nica Dominicana\" \/>\n<meta name=\"twitter:card\" content=\"summary_large_image\" \/>\n<meta name=\"twitter:label1\" content=\"Escrito por\" \/>\n\t<meta name=\"twitter:data1\" content=\"Potencia Radiof\u00f3nica Dominicana\" \/>\n\t<meta name=\"twitter:label2\" content=\"Tiempo de lectura\" \/>\n\t<meta name=\"twitter:data2\" content=\"2 minutos\" \/>\n<script type=\"application\/ld+json\" class=\"yoast-schema-graph\">{\"@context\":\"https:\/\/schema.org\",\"@graph\":[{\"@type\":\"Article\",\"@id\":\"https:\/\/potenciaradiofonicadominicana.com\/portal\/obras-publicas-interviene-derrumbe-en-calle-la-isabel-de-pedro-brand-tras-intensas-lluvias\/#article\",\"isPartOf\":{\"@id\":\"https:\/\/potenciaradiofonicadominicana.com\/portal\/obras-publicas-interviene-derrumbe-en-calle-la-isabel-de-pedro-brand-tras-intensas-lluvias\/\"},\"author\":{\"name\":\"Potencia Radiof\u00f3nica Dominicana\",\"@id\":\"https:\/\/potenciaradiofonicadominicana.com\/portal\/#\/schema\/person\/a5cf1fea13877803ee0573ac18b03490\"},\"headline\":\"Obras P\u00fablicas interviene derrumbe en calle La Isabel de Pedro Brand tras intensas lluvias\",\"datePublished\":\"2026-04-30T03:36:59+00:00\",\"mainEntityOfPage\":{\"@id\":\"https:\/\/potenciaradiofonicadominicana.com\/portal\/obras-publicas-interviene-derrumbe-en-calle-la-isabel-de-pedro-brand-tras-intensas-lluvias\/\"},\"wordCount\":186,\"publisher\":{\"@id\":\"https:\/\/potenciaradiofonicadominicana.com\/portal\/#organization\"},\"image\":{\"@id\":\"https:\/\/potenciaradiofonicadominicana.com\/portal\/obras-publicas-interviene-derrumbe-en-calle-la-isabel-de-pedro-brand-tras-intensas-lluvias\/#primaryimage\"},\"thumbnailUrl\":\"https:\/\/potenciaradiofonicadominicana.com\/portal\/wp-content\/uploads\/2026\/04\/Obras-Publicas-interviene-derrumbe-en-calle-La-Isabel-de-Pedro-Brand-tras-intensas-lluvias-1-600x400-1.jpg\",\"articleSection\":[\"Noticias\"],\"inLanguage\":\"es\"},{\"@type\":\"WebPage\",\"@id\":\"https:\/\/potenciaradiofonicadominicana.com\/portal\/obras-publicas-interviene-derrumbe-en-calle-la-isabel-de-pedro-brand-tras-intensas-lluvias\/\",\"url\":\"https:\/\/potenciaradiofonicadominicana.com\/portal\/obras-publicas-interviene-derrumbe-en-calle-la-isabel-de-pedro-brand-tras-intensas-lluvias\/\",\"name\":\"Obras P\u00fablicas interviene derrumbe en calle La Isabel de Pedro Brand tras intensas lluvias - PotenciaRadiofonicaDominicana.com\",\"isPartOf\":{\"@id\":\"https:\/\/potenciaradiofonicadominicana.com\/portal\/#website\"},\"primaryImageOfPage\":{\"@id\":\"https:\/\/potenciaradiofonicadominicana.com\/portal\/obras-publicas-interviene-derrumbe-en-calle-la-isabel-de-pedro-brand-tras-intensas-lluvias\/#primaryimage\"},\"image\":{\"@id\":\"https:\/\/potenciaradiofonicadominicana.com\/portal\/obras-publicas-interviene-derrumbe-en-calle-la-isabel-de-pedro-brand-tras-intensas-lluvias\/#primaryimage\"},\"thumbnailUrl\":\"https:\/\/potenciaradiofonicadominicana.com\/portal\/wp-content\/uploads\/2026\/04\/Obras-Publicas-interviene-derrumbe-en-calle-La-Isabel-de-Pedro-Brand-tras-intensas-lluvias-1-600x400-1.jpg\",\"datePublished\":\"2026-04-30T03:36:59+00:00\",\"breadcrumb\":{\"@id\":\"https:\/\/potenciaradiofonicadominicana.com\/portal\/obras-publicas-interviene-derrumbe-en-calle-la-isabel-de-pedro-brand-tras-intensas-lluvias\/#breadcrumb\"},\"inLanguage\":\"es\",\"potentialAction\":[{\"@type\":\"ReadAction\",\"target\":[\"https:\/\/potenciaradiofonicadominicana.com\/portal\/obras-publicas-interviene-derrumbe-en-calle-la-isabel-de-pedro-brand-tras-intensas-lluvias\/\"]}]},{\"@type\":\"ImageObject\",\"inLanguage\":\"es\",\"@id\":\"https:\/\/potenciaradiofonicadominicana.com\/portal\/obras-publicas-interviene-derrumbe-en-calle-la-isabel-de-pedro-brand-tras-intensas-lluvias\/#primaryimage\",\"url\":\"https:\/\/potenciaradiofonicadominicana.com\/portal\/wp-content\/uploads\/2026\/04\/Obras-Publicas-interviene-derrumbe-en-calle-La-Isabel-de-Pedro-Brand-tras-intensas-lluvias-1-600x400-1.jpg\",\"contentUrl\":\"https:\/\/potenciaradiofonicadominicana.com\/portal\/wp-content\/uploads\/2026\/04\/Obras-Publicas-interviene-derrumbe-en-calle-La-Isabel-de-Pedro-Brand-tras-intensas-lluvias-1-600x400-1.jpg\",\"width\":600,\"height\":400},{\"@type\":\"BreadcrumbList\",\"@id\":\"https:\/\/potenciaradiofonicadominicana.com\/portal\/obras-publicas-interviene-derrumbe-en-calle-la-isabel-de-pedro-brand-tras-intensas-lluvias\/#breadcrumb\",\"itemListElement\":[{\"@type\":\"ListItem\",\"position\":1,\"name\":\"Portada\",\"item\":\"https:\/\/potenciaradiofonicadominicana.com\/portal\/\"},{\"@type\":\"ListItem\",\"position\":2,\"name\":\"Obras P\u00fablicas interviene derrumbe en calle La Isabel de Pedro Brand tras intensas lluvias\"}]},{\"@type\":\"WebSite\",\"@id\":\"https:\/\/potenciaradiofonicadominicana.com\/portal\/#website\",\"url\":\"https:\/\/potenciaradiofonicadominicana.com\/portal\/\",\"name\":\"PotenciaRadiofonicaDominicana.com\",\"description\":\"Peri\u00f3dico Digital\",\"publisher\":{\"@id\":\"https:\/\/potenciaradiofonicadominicana.com\/portal\/#organization\"},\"potentialAction\":[{\"@type\":\"SearchAction\",\"target\":{\"@type\":\"EntryPoint\",\"urlTemplate\":\"https:\/\/potenciaradiofonicadominicana.com\/portal\/?s={search_term_string}\"},\"query-input\":{\"@type\":\"PropertyValueSpecification\",\"valueRequired\":true,\"valueName\":\"search_term_string\"}}],\"inLanguage\":\"es\"},{\"@type\":\"Organization\",\"@id\":\"https:\/\/potenciaradiofonicadominicana.com\/portal\/#organization\",\"name\":\"PotenciaRadiofonicaDominicana.com\",\"url\":\"https:\/\/potenciaradiofonicadominicana.com\/portal\/\",\"logo\":{\"@type\":\"ImageObject\",\"inLanguage\":\"es\",\"@id\":\"https:\/\/potenciaradiofonicadominicana.com\/portal\/#\/schema\/logo\/image\/\",\"url\":\"https:\/\/potenciaradiofonicadominicana.com\/portal\/wp-content\/uploads\/2022\/01\/descarga.png\",\"contentUrl\":\"https:\/\/potenciaradiofonicadominicana.com\/portal\/wp-content\/uploads\/2022\/01\/descarga.png\",\"width\":300,\"height\":100,\"caption\":\"PotenciaRadiofonicaDominicana.com\"},\"image\":{\"@id\":\"https:\/\/potenciaradiofonicadominicana.com\/portal\/#\/schema\/logo\/image\/\"},\"sameAs\":[\"https:\/\/web.facebook.com\/PotenciaRadiofonicaD\"]},{\"@type\":\"Person\",\"@id\":\"https:\/\/potenciaradiofonicadominicana.com\/portal\/#\/schema\/person\/a5cf1fea13877803ee0573ac18b03490\",\"name\":\"Potencia Radiof\u00f3nica Dominicana\",\"image\":{\"@type\":\"ImageObject\",\"inLanguage\":\"es\",\"@id\":\"https:\/\/potenciaradiofonicadominicana.com\/portal\/#\/schema\/person\/image\/\",\"url\":\"https:\/\/secure.gravatar.com\/avatar\/42a55ab9e8ccc656ba34cd791990602a?s=96&d=mm&r=g\",\"contentUrl\":\"https:\/\/secure.gravatar.com\/avatar\/42a55ab9e8ccc656ba34cd791990602a?s=96&d=mm&r=g\",\"caption\":\"Potencia Radiof\u00f3nica Dominicana\"},\"url\":\"https:\/\/potenciaradiofonicadominicana.com\/portal\/author\/johannyalmanzar\/\"}]}<\/script>\n<!-- \/ Yoast SEO plugin. -->","yoast_head_json":{"title":"Obras P\u00fablicas interviene derrumbe en calle La Isabel de Pedro Brand tras intensas lluvias - PotenciaRadiofonicaDominicana.com","robots":{"index":"index","follow":"follow","max-snippet":"max-snippet:-1","max-image-preview":"max-image-preview:large","max-video-preview":"max-video-preview:-1"},"canonical":"https:\/\/potenciaradiofonicadominicana.com\/portal\/obras-publicas-interviene-derrumbe-en-calle-la-isabel-de-pedro-brand-tras-intensas-lluvias\/","og_locale":"es_ES","og_type":"article","og_title":"Obras P\u00fablicas interviene derrumbe en calle La Isabel de Pedro Brand tras intensas lluvias - PotenciaRadiofonicaDominicana.com","og_description":"SANTO DOMINGO.- El Ministerio de Obras P\u00fablicas y Comunicaciones (MOPC), encabezado por el ingeniero Eduardo Estrella, ejecuta trabajos de intervenci\u00f3n ...","og_url":"https:\/\/potenciaradiofonicadominicana.com\/portal\/obras-publicas-interviene-derrumbe-en-calle-la-isabel-de-pedro-brand-tras-intensas-lluvias\/","og_site_name":"PotenciaRadiofonicaDominicana.com","article_publisher":"https:\/\/web.facebook.com\/PotenciaRadiofonicaD","article_published_time":"2026-04-30T03:36:59+00:00","og_image":[{"width":600,"height":400,"url":"https:\/\/potenciaradiofonicadominicana.com\/portal\/wp-content\/uploads\/2026\/04\/Obras-Publicas-interviene-derrumbe-en-calle-La-Isabel-de-Pedro-Brand-tras-intensas-lluvias-1-600x400-1.jpg","type":"image\/jpeg"}],"author":"Potencia Radiof\u00f3nica Dominicana","twitter_card":"summary_large_image","twitter_misc":{"Escrito por":"Potencia Radiof\u00f3nica Dominicana","Tiempo de lectura":"2 minutos"},"schema":{"@context":"https:\/\/schema.org","@graph":[{"@type":"Article","@id":"https:\/\/potenciaradiofonicadominicana.com\/portal\/obras-publicas-interviene-derrumbe-en-calle-la-isabel-de-pedro-brand-tras-intensas-lluvias\/#article","isPartOf":{"@id":"https:\/\/potenciaradiofonicadominicana.com\/portal\/obras-publicas-interviene-derrumbe-en-calle-la-isabel-de-pedro-brand-tras-intensas-lluvias\/"},"author":{"name":"Potencia Radiof\u00f3nica Dominicana","@id":"https:\/\/potenciaradiofonicadominicana.com\/portal\/#\/schema\/person\/a5cf1fea13877803ee0573ac18b03490"},"headline":"Obras P\u00fablicas interviene derrumbe en calle La Isabel de Pedro Brand tras intensas lluvias","datePublished":"2026-04-30T03:36:59+00:00","mainEntityOfPage":{"@id":"https:\/\/potenciaradiofonicadominicana.com\/portal\/obras-publicas-interviene-derrumbe-en-calle-la-isabel-de-pedro-brand-tras-intensas-lluvias\/"},"wordCount":186,"publisher":{"@id":"https:\/\/potenciaradiofonicadominicana.com\/portal\/#organization"},"image":{"@id":"https:\/\/potenciaradiofonicadominicana.com\/portal\/obras-publicas-interviene-derrumbe-en-calle-la-isabel-de-pedro-brand-tras-intensas-lluvias\/#primaryimage"},"thumbnailUrl":"https:\/\/potenciaradiofonicadominicana.com\/portal\/wp-content\/uploads\/2026\/04\/Obras-Publicas-interviene-derrumbe-en-calle-La-Isabel-de-Pedro-Brand-tras-intensas-lluvias-1-600x400-1.jpg","articleSection":["Noticias"],"inLanguage":"es"},{"@type":"WebPage","@id":"https:\/\/potenciaradiofonicadominicana.com\/portal\/obras-publicas-interviene-derrumbe-en-calle-la-isabel-de-pedro-brand-tras-intensas-lluvias\/","url":"https:\/\/potenciaradiofonicadominicana.com\/portal\/obras-publicas-interviene-derrumbe-en-calle-la-isabel-de-pedro-brand-tras-intensas-lluvias\/","name":"Obras P\u00fablicas interviene derrumbe en calle La Isabel de Pedro Brand tras intensas lluvias - PotenciaRadiofonicaDominicana.com","isPartOf":{"@id":"https:\/\/potenciaradiofonicadominicana.com\/portal\/#website"},"primaryImageOfPage":{"@id":"https:\/\/potenciaradiofonicadominicana.com\/portal\/obras-publicas-interviene-derrumbe-en-calle-la-isabel-de-pedro-brand-tras-intensas-lluvias\/#primaryimage"},"image":{"@id":"https:\/\/potenciaradiofonicadominicana.com\/portal\/obras-publicas-interviene-derrumbe-en-calle-la-isabel-de-pedro-brand-tras-intensas-lluvias\/#primaryimage"},"thumbnailUrl":"https:\/\/potenciaradiofonicadominicana.com\/portal\/wp-content\/uploads\/2026\/04\/Obras-Publicas-interviene-derrumbe-en-calle-La-Isabel-de-Pedro-Brand-tras-intensas-lluvias-1-600x400-1.jpg","datePublished":"2026-04-30T03:36:59+00:00","breadcrumb":{"@id":"https:\/\/potenciaradiofonicadominicana.com\/portal\/obras-publicas-interviene-derrumbe-en-calle-la-isabel-de-pedro-brand-tras-intensas-lluvias\/#breadcrumb"},"inLanguage":"es","potentialAction":[{"@type":"ReadAction","target":["https:\/\/potenciaradiofonicadominicana.com\/portal\/obras-publicas-interviene-derrumbe-en-calle-la-isabel-de-pedro-brand-tras-intensas-lluvias\/"]}]},{"@type":"ImageObject","inLanguage":"es","@id":"https:\/\/potenciaradiofonicadominicana.com\/portal\/obras-publicas-interviene-derrumbe-en-calle-la-isabel-de-pedro-brand-tras-intensas-lluvias\/#primaryimage","url":"https:\/\/potenciaradiofonicadominicana.com\/portal\/wp-content\/uploads\/2026\/04\/Obras-Publicas-interviene-derrumbe-en-calle-La-Isabel-de-Pedro-Brand-tras-intensas-lluvias-1-600x400-1.jpg","contentUrl":"https:\/\/potenciaradiofonicadominicana.com\/portal\/wp-content\/uploads\/2026\/04\/Obras-Publicas-interviene-derrumbe-en-calle-La-Isabel-de-Pedro-Brand-tras-intensas-lluvias-1-600x400-1.jpg","width":600,"height":400},{"@type":"BreadcrumbList","@id":"https:\/\/potenciaradiofonicadominicana.com\/portal\/obras-publicas-interviene-derrumbe-en-calle-la-isabel-de-pedro-brand-tras-intensas-lluvias\/#breadcrumb","itemListElement":[{"@type":"ListItem","position":1,"name":"Portada","item":"https:\/\/potenciaradiofonicadominicana.com\/portal\/"},{"@type":"ListItem","position":2,"name":"Obras P\u00fablicas interviene derrumbe en calle La Isabel de Pedro Brand tras intensas lluvias"}]},{"@type":"WebSite","@id":"https:\/\/potenciaradiofonicadominicana.com\/portal\/#website","url":"https:\/\/potenciaradiofonicadominicana.com\/portal\/","name":"PotenciaRadiofonicaDominicana.com","description":"Peri\u00f3dico Digital","publisher":{"@id":"https:\/\/potenciaradiofonicadominicana.com\/portal\/#organization"},"potentialAction":[{"@type":"SearchAction","target":{"@type":"EntryPoint","urlTemplate":"https:\/\/potenciaradiofonicadominicana.com\/portal\/?s={search_term_string}"},"query-input":{"@type":"PropertyValueSpecification","valueRequired":true,"valueName":"search_term_string"}}],"inLanguage":"es"},{"@type":"Organization","@id":"https:\/\/potenciaradiofonicadominicana.com\/portal\/#organization","name":"PotenciaRadiofonicaDominicana.com","url":"https:\/\/potenciaradiofonicadominicana.com\/portal\/","logo":{"@type":"ImageObject","inLanguage":"es","@id":"https:\/\/potenciaradiofonicadominicana.com\/portal\/#\/schema\/logo\/image\/","url":"https:\/\/potenciaradiofonicadominicana.com\/portal\/wp-content\/uploads\/2022\/01\/descarga.png","contentUrl":"https:\/\/potenciaradiofonicadominicana.com\/portal\/wp-content\/uploads\/2022\/01\/descarga.png","width":300,"height":100,"caption":"PotenciaRadiofonicaDominicana.com"},"image":{"@id":"https:\/\/potenciaradiofonicadominicana.com\/portal\/#\/schema\/logo\/image\/"},"sameAs":["https:\/\/web.facebook.com\/PotenciaRadiofonicaD"]},{"@type":"Person","@id":"https:\/\/potenciaradiofonicadominicana.com\/portal\/#\/schema\/person\/a5cf1fea13877803ee0573ac18b03490","name":"Potencia Radiof\u00f3nica Dominicana","image":{"@type":"ImageObject","inLanguage":"es","@id":"https:\/\/potenciaradiofonicadominicana.com\/portal\/#\/schema\/person\/image\/","url":"https:\/\/secure.gravatar.com\/avatar\/42a55ab9e8ccc656ba34cd791990602a?s=96&d=mm&r=g","contentUrl":"https:\/\/secure.gravatar.com\/avatar\/42a55ab9e8ccc656ba34cd791990602a?s=96&d=mm&r=g","caption":"Potencia Radiof\u00f3nica Dominicana"},"url":"https:\/\/potenciaradiofonicadominicana.com\/portal\/author\/johannyalmanzar\/"}]}},"_links":{"self":[{"href":"https:\/\/potenciaradiofonicadominicana.com\/portal\/wp-json\/wp\/v2\/posts\/216284","targetHints":{"allow":["GET"]}}],"collection":[{"href":"https:\/\/potenciaradiofonicadominicana.com\/portal\/wp-json\/wp\/v2\/posts"}],"about":[{"href":"https:\/\/potenciaradiofonicadominicana.com\/portal\/wp-json\/wp\/v2\/types\/post"}],"author":[{"embeddable":true,"href":"https:\/\/potenciaradiofonicadominicana.com\/portal\/wp-json\/wp\/v2\/users\/2"}],"replies":[{"embeddable":true,"href":"https:\/\/potenciaradiofonicadominicana.com\/portal\/wp-json\/wp\/v2\/comments?post=216284"}],"version-history":[{"count":1,"href":"https:\/\/potenciaradiofonicadominicana.com\/portal\/wp-json\/wp\/v2\/posts\/216284\/revisions"}],"predecessor-version":[{"id":216288,"href":"https:\/\/potenciaradiofonicadominicana.com\/portal\/wp-json\/wp\/v2\/posts\/216284\/revisions\/216288"}],"wp:featuredmedia":[{"embeddable":true,"href":"https:\/\/potenciaradiofonicadominicana.com\/portal\/wp-json\/wp\/v2\/media\/216287"}],"wp:attachment":[{"href":"https:\/\/potenciaradiofonicadominicana.com\/portal\/wp-json\/wp\/v2\/media?parent=216284"}],"wp:term":[{"taxonomy":"category","embeddable":true,"href":"https:\/\/potenciaradiofonicadominicana.com\/portal\/wp-json\/wp\/v2\/categories?post=216284"},{"taxonomy":"post_tag","embeddable":true,"href":"https:\/\/potenciaradiofonicadominicana.com\/portal\/wp-json\/wp\/v2\/tags?post=216284"}],"curies":[{"name":"wp","href":"https:\/\/api.w.org\/{rel}","templated":true}]}}