{"id":216278,"date":"2026-04-29T23:32:12","date_gmt":"2026-04-30T03:32:12","guid":{"rendered":"https:\/\/potenciaradiofonicadominicana.com\/portal\/?p=216278"},"modified":"2026-04-29T23:32:12","modified_gmt":"2026-04-30T03:32:12","slug":"director-de-aduanas-preside-primera-reunion-del-comite-nacional-de-gestion-de-riesgo-en-materia-de-comercio-de-bienes","status":"publish","type":"post","link":"https:\/\/potenciaradiofonicadominicana.com\/portal\/director-de-aduanas-preside-primera-reunion-del-comite-nacional-de-gestion-de-riesgo-en-materia-de-comercio-de-bienes\/","title":{"rendered":"Director de Aduanas preside primera reuni\u00f3n del Comit\u00e9 Nacional de Gesti\u00f3n de Riesgo en Materia de Comercio de Bienes"},"content":{"rendered":"<p><a href=\"https:\/\/potenciaradiofonicadominicana.com\/portal\/wp-content\/uploads\/2026\/04\/Diseno-sin-titulo-55.png\"><img loading=\"lazy\" decoding=\"async\" class=\"alignnone size-full wp-image-216279\" src=\"https:\/\/potenciaradiofonicadominicana.com\/portal\/wp-content\/uploads\/2026\/04\/Diseno-sin-titulo-55.png\" alt=\"\" width=\"1300\" height=\"731\" srcset=\"https:\/\/potenciaradiofonicadominicana.com\/portal\/wp-content\/uploads\/2026\/04\/Diseno-sin-titulo-55.png 1300w, https:\/\/potenciaradiofonicadominicana.com\/portal\/wp-content\/uploads\/2026\/04\/Diseno-sin-titulo-55-300x169.png 300w, https:\/\/potenciaradiofonicadominicana.com\/portal\/wp-content\/uploads\/2026\/04\/Diseno-sin-titulo-55-1024x576.png 1024w, https:\/\/potenciaradiofonicadominicana.com\/portal\/wp-content\/uploads\/2026\/04\/Diseno-sin-titulo-55-768x432.png 768w\" sizes=\"auto, (max-width: 1300px) 100vw, 1300px\" \/><\/a><\/p>\n<p>Ante el reto de\u00a0<strong style=\"font-weight: 500;\">regular la gesti\u00f3n integral de riesgo<\/strong>\u00a0en el sistema aduanero de la Rep\u00fablica Dominicana, y con el prop\u00f3sito de facilitar el equilibrio entre\u00a0<strong style=\"font-weight: 500;\">control, cumplimiento, recaudaci\u00f3n y facilitaci\u00f3n<\/strong>\u00a0del comercio, la Direcci\u00f3n General de Aduanas (<strong style=\"font-weight: 500;\">DGA<\/strong>) presidi\u00f3 la primera sesi\u00f3n de trabajo del Comit\u00e9 Nacional de Gesti\u00f3n de Riesgo en Materia de Comercio de Bienes.<\/p>\n<p>El presidente del comit\u00e9,\u00a0<strong style=\"font-weight: 500;\">Nelson Arroyo<\/strong>, en sus palabras centrales, asegur\u00f3 que dicha reuni\u00f3n es un mandato de la\u00a0<strong style=\"font-weight: 500;\">Ley 168-21,<\/strong>\u00a0de Aduanas de la Rep\u00fablica Dominicana y su reglamento de aplicaci\u00f3n,\u00a0<strong style=\"font-weight: 500;\">Decreto 755-22<\/strong>, en atenci\u00f3n a la importancia de fortalecer la coordinaci\u00f3n interinstitucional en gesti\u00f3n de riesgo\u00a0<strong style=\"font-weight: 500;\">aplicada al comercio de bienes.<\/strong><\/p>\n<p><em>\u201cEstamos proyectando el modelo de pa\u00eds que queremos construir. Una Rep\u00fablica Dominicana m\u00e1s competitiva, m\u00e1s confiable e integrada al comercio global, esto no ser\u00e1 fruto del azar, sino de decisiones estrat\u00e9gicas, instituciones s\u00f3lidas y una visi\u00f3n compartida entre todas las instituciones del Estado que concurren en el control aduanero\u201d,<\/em>\u00a0destac\u00f3 el titular de la DGA.<\/p>\n<p>La Gesti\u00f3n Integral de Riesgo (GIR) ser\u00e1 coordinada por Aduanas y con ella se establece un\u00a0<strong style=\"font-weight: 500;\">modelo de control<\/strong>\u00a0que permite\u00a0<strong style=\"font-weight: 500;\">identificar, evaluar y mitigar riesgos<\/strong>\u00a0en todas las etapas del despacho (antes, durante y despu\u00e9s), integrando a m\u00faltiples instituciones del Estado que tienen un rol de control en\u00a0<strong style=\"font-weight: 500;\">puertos, aeropuertos y pasos fronterizos terrestres<\/strong>, bajo lineamientos comunes.<\/p>\n<p><em>\u201cDesde la DGA reafirmamos nuestro compromiso de seguir siendo un facilitador del desarrollo, un garante de la legalidad y un socio estrat\u00e9gico del comercio, convencidos de que una aduana moderna, eficiente y transparente no solo mueve mercanc\u00edas: mueve oportunidades, fortalece la confianza y abre el camino hacia un crecimiento sostenible para todos\u201d<\/em>, ponder\u00f3 Arroyo.<\/p>\n<p>A trav\u00e9s del Comit\u00e9 Nacional y las mesas t\u00e9cnicas, se promueve una gesti\u00f3n articulada que\u00a0<strong style=\"font-weight: 500;\">previene il\u00edcitos, mejora la transparencia, fortalecer la seguridad<\/strong>\u00a0en la cadena log\u00edstica, el cumplimiento de los operadores aduaneros, reducir la discrecionalidad,\u00a0<strong style=\"font-weight: 500;\">optimizar recursos<\/strong>\u00a0y, al mismo tiempo, facilitar el comercio mediante el uso de\u00a0<strong style=\"font-weight: 500;\">tecnolog\u00eda, perfiles de riesgo y an\u00e1lisis de informaci\u00f3n<\/strong>\u00a0compartida.<\/p>\n<p>Este primer encuentro destaca el compromiso del pa\u00eds con las mejores pr\u00e1cticas internacionales, aline\u00e1ndose con las recomendaciones de la\u00a0<strong style=\"font-weight: 500;\">Organizaci\u00f3n Mundial de Aduanas<\/strong>\u00a0(OMA), que sostiene: El control aduanero debe basarse en un sistema de gesti\u00f3n de riesgos, porque garantiza decisiones objetivas,\u00a0<strong style=\"font-weight: 500;\">transparentes y consistentes,<\/strong>\u00a0reduciendo la posibilidad de errores, arbitrariedad o corrupci\u00f3n.<\/p>\n<p>La reuni\u00f3n estuvo encabezada por el director de la DGA,\u00a0<strong style=\"font-weight: 500;\">Nelson Arroyo<\/strong>, y en la que participaron representantes de\u00a0<strong style=\"font-weight: 500;\">m\u00e1s de 11 entidades<\/strong>\u00a0de diferentes sectores como son: el ministro de Defensa (MIDE),\u00a0<strong style=\"font-weight: 500;\">teniente general Carlos Antonio Fern\u00e1ndez Onofre<\/strong>; el ministro de Industria, Comercio y\u00a0Mipymes\u00a0(MICM),\u00a0<strong style=\"font-weight: 500;\">Eduardo Sanz\u00a0<\/strong><strong style=\"font-weight: 500;\">Lovat\u00f3n<\/strong>; el ministro de Vivienda (Mived),\u00a0<strong style=\"font-weight: 500;\">V\u00edctor Bison\u00f3<\/strong>; el ministro de Agricultura (MA),\u00a0<strong style=\"font-weight: 500;\">Francisco\u00a0<\/strong><strong style=\"font-weight: 500;\">Oliviero<\/strong><strong style=\"font-weight: 500;\">\u00a0Espaillat<\/strong>; el director general de Impuestas Internos (DGII),\u00a0<strong style=\"font-weight: 500;\">Pedro Urrutia<\/strong>, el director general de Migraci\u00f3n (DGM),\u00a0<strong style=\"font-weight: 500;\">vicealmirante (ARD) Luis Rafael Lee\u00a0<\/strong><strong style=\"font-weight: 500;\">Ballaster<\/strong>; el titular del Instituto Dominicano para la Calidad (Indocal),\u00a0<strong style=\"font-weight: 500;\">Nestor<\/strong><strong style=\"font-weight: 500;\">\u00a0Julio Matos Ure\u00f1a<\/strong>. As\u00ed mismo, los subdirectores de la DGA:\u00a0<strong style=\"font-weight: 500;\">Gabino Polanco,\u00a0<\/strong><strong style=\"font-weight: 500;\">Anulfo<\/strong><strong style=\"font-weight: 500;\">\u00a0Pascual, Rosa Fern\u00e1ndez, Raquel Soriano, Francis Almonte y Frederick L\u00f3pez<\/strong>; la gerente de Fiscalizaci\u00f3n,\u00a0<strong style=\"font-weight: 500;\">Nabila<\/strong><strong style=\"font-weight: 500;\">\u00a0Varela<\/strong>, y el asesor,\u00a0<strong style=\"font-weight: 500;\">Eduardo Rodr\u00edguez,<\/strong>\u00a0entre otros.<\/p>\n","protected":false},"excerpt":{"rendered":"<p>Ante el reto de\u00a0regular la gesti\u00f3n integral de riesgo\u00a0en el sistema aduanero de la Rep\u00fablica Dominicana, y con el prop\u00f3sito &#8230;<\/p>\n","protected":false},"author":2,"featured_media":216279,"comment_status":"closed","ping_status":"closed","sticky":false,"template":"","format":"standard","meta":{"footnotes":""},"categories":[25],"tags":[],"class_list":["post-216278","post","type-post","status-publish","format-standard","has-post-thumbnail","hentry","category-noticias"],"yoast_head":"<!-- This site is optimized with the Yoast SEO plugin v24.8.1 - https:\/\/yoast.com\/wordpress\/plugins\/seo\/ -->\n<title>Director de Aduanas preside primera reuni\u00f3n del Comit\u00e9 Nacional de Gesti\u00f3n de Riesgo en Materia de Comercio de Bienes - PotenciaRadiofonicaDominicana.com<\/title>\n<meta name=\"robots\" content=\"index, follow, max-snippet:-1, max-image-preview:large, max-video-preview:-1\" \/>\n<link rel=\"canonical\" href=\"https:\/\/potenciaradiofonicadominicana.com\/portal\/director-de-aduanas-preside-primera-reunion-del-comite-nacional-de-gestion-de-riesgo-en-materia-de-comercio-de-bienes\/\" \/>\n<meta property=\"og:locale\" content=\"es_ES\" \/>\n<meta property=\"og:type\" content=\"article\" \/>\n<meta property=\"og:title\" content=\"Director de Aduanas preside primera reuni\u00f3n del Comit\u00e9 Nacional de Gesti\u00f3n de Riesgo en Materia de Comercio de Bienes - PotenciaRadiofonicaDominicana.com\" \/>\n<meta property=\"og:description\" content=\"Ante el reto de\u00a0regular la gesti\u00f3n integral de riesgo\u00a0en el sistema aduanero de la Rep\u00fablica Dominicana, y con el prop\u00f3sito ...\" \/>\n<meta property=\"og:url\" content=\"https:\/\/potenciaradiofonicadominicana.com\/portal\/director-de-aduanas-preside-primera-reunion-del-comite-nacional-de-gestion-de-riesgo-en-materia-de-comercio-de-bienes\/\" \/>\n<meta property=\"og:site_name\" content=\"PotenciaRadiofonicaDominicana.com\" \/>\n<meta property=\"article:publisher\" content=\"https:\/\/web.facebook.com\/PotenciaRadiofonicaD\" \/>\n<meta property=\"article:published_time\" content=\"2026-04-30T03:32:12+00:00\" \/>\n<meta property=\"og:image\" content=\"https:\/\/potenciaradiofonicadominicana.com\/portal\/wp-content\/uploads\/2026\/04\/Diseno-sin-titulo-55.png\" \/>\n\t<meta property=\"og:image:width\" content=\"1300\" \/>\n\t<meta property=\"og:image:height\" content=\"731\" \/>\n\t<meta property=\"og:image:type\" content=\"image\/png\" \/>\n<meta name=\"author\" content=\"Potencia Radiof\u00f3nica Dominicana\" \/>\n<meta name=\"twitter:card\" content=\"summary_large_image\" \/>\n<meta name=\"twitter:label1\" content=\"Escrito por\" \/>\n\t<meta name=\"twitter:data1\" content=\"Potencia Radiof\u00f3nica Dominicana\" \/>\n\t<meta name=\"twitter:label2\" content=\"Tiempo de lectura\" \/>\n\t<meta name=\"twitter:data2\" content=\"3 minutos\" \/>\n<script type=\"application\/ld+json\" class=\"yoast-schema-graph\">{\"@context\":\"https:\/\/schema.org\",\"@graph\":[{\"@type\":\"Article\",\"@id\":\"https:\/\/potenciaradiofonicadominicana.com\/portal\/director-de-aduanas-preside-primera-reunion-del-comite-nacional-de-gestion-de-riesgo-en-materia-de-comercio-de-bienes\/#article\",\"isPartOf\":{\"@id\":\"https:\/\/potenciaradiofonicadominicana.com\/portal\/director-de-aduanas-preside-primera-reunion-del-comite-nacional-de-gestion-de-riesgo-en-materia-de-comercio-de-bienes\/\"},\"author\":{\"name\":\"Potencia Radiof\u00f3nica Dominicana\",\"@id\":\"https:\/\/potenciaradiofonicadominicana.com\/portal\/#\/schema\/person\/a5cf1fea13877803ee0573ac18b03490\"},\"headline\":\"Director de Aduanas preside primera reuni\u00f3n del Comit\u00e9 Nacional de Gesti\u00f3n de Riesgo en Materia de Comercio de Bienes\",\"datePublished\":\"2026-04-30T03:32:12+00:00\",\"mainEntityOfPage\":{\"@id\":\"https:\/\/potenciaradiofonicadominicana.com\/portal\/director-de-aduanas-preside-primera-reunion-del-comite-nacional-de-gestion-de-riesgo-en-materia-de-comercio-de-bienes\/\"},\"wordCount\":593,\"publisher\":{\"@id\":\"https:\/\/potenciaradiofonicadominicana.com\/portal\/#organization\"},\"image\":{\"@id\":\"https:\/\/potenciaradiofonicadominicana.com\/portal\/director-de-aduanas-preside-primera-reunion-del-comite-nacional-de-gestion-de-riesgo-en-materia-de-comercio-de-bienes\/#primaryimage\"},\"thumbnailUrl\":\"https:\/\/potenciaradiofonicadominicana.com\/portal\/wp-content\/uploads\/2026\/04\/Diseno-sin-titulo-55.png\",\"articleSection\":[\"Noticias\"],\"inLanguage\":\"es\"},{\"@type\":\"WebPage\",\"@id\":\"https:\/\/potenciaradiofonicadominicana.com\/portal\/director-de-aduanas-preside-primera-reunion-del-comite-nacional-de-gestion-de-riesgo-en-materia-de-comercio-de-bienes\/\",\"url\":\"https:\/\/potenciaradiofonicadominicana.com\/portal\/director-de-aduanas-preside-primera-reunion-del-comite-nacional-de-gestion-de-riesgo-en-materia-de-comercio-de-bienes\/\",\"name\":\"Director de Aduanas preside primera reuni\u00f3n del Comit\u00e9 Nacional de Gesti\u00f3n de Riesgo en Materia de Comercio de Bienes - PotenciaRadiofonicaDominicana.com\",\"isPartOf\":{\"@id\":\"https:\/\/potenciaradiofonicadominicana.com\/portal\/#website\"},\"primaryImageOfPage\":{\"@id\":\"https:\/\/potenciaradiofonicadominicana.com\/portal\/director-de-aduanas-preside-primera-reunion-del-comite-nacional-de-gestion-de-riesgo-en-materia-de-comercio-de-bienes\/#primaryimage\"},\"image\":{\"@id\":\"https:\/\/potenciaradiofonicadominicana.com\/portal\/director-de-aduanas-preside-primera-reunion-del-comite-nacional-de-gestion-de-riesgo-en-materia-de-comercio-de-bienes\/#primaryimage\"},\"thumbnailUrl\":\"https:\/\/potenciaradiofonicadominicana.com\/portal\/wp-content\/uploads\/2026\/04\/Diseno-sin-titulo-55.png\",\"datePublished\":\"2026-04-30T03:32:12+00:00\",\"breadcrumb\":{\"@id\":\"https:\/\/potenciaradiofonicadominicana.com\/portal\/director-de-aduanas-preside-primera-reunion-del-comite-nacional-de-gestion-de-riesgo-en-materia-de-comercio-de-bienes\/#breadcrumb\"},\"inLanguage\":\"es\",\"potentialAction\":[{\"@type\":\"ReadAction\",\"target\":[\"https:\/\/potenciaradiofonicadominicana.com\/portal\/director-de-aduanas-preside-primera-reunion-del-comite-nacional-de-gestion-de-riesgo-en-materia-de-comercio-de-bienes\/\"]}]},{\"@type\":\"ImageObject\",\"inLanguage\":\"es\",\"@id\":\"https:\/\/potenciaradiofonicadominicana.com\/portal\/director-de-aduanas-preside-primera-reunion-del-comite-nacional-de-gestion-de-riesgo-en-materia-de-comercio-de-bienes\/#primaryimage\",\"url\":\"https:\/\/potenciaradiofonicadominicana.com\/portal\/wp-content\/uploads\/2026\/04\/Diseno-sin-titulo-55.png\",\"contentUrl\":\"https:\/\/potenciaradiofonicadominicana.com\/portal\/wp-content\/uploads\/2026\/04\/Diseno-sin-titulo-55.png\",\"width\":1300,\"height\":731},{\"@type\":\"BreadcrumbList\",\"@id\":\"https:\/\/potenciaradiofonicadominicana.com\/portal\/director-de-aduanas-preside-primera-reunion-del-comite-nacional-de-gestion-de-riesgo-en-materia-de-comercio-de-bienes\/#breadcrumb\",\"itemListElement\":[{\"@type\":\"ListItem\",\"position\":1,\"name\":\"Portada\",\"item\":\"https:\/\/potenciaradiofonicadominicana.com\/portal\/\"},{\"@type\":\"ListItem\",\"position\":2,\"name\":\"Director de Aduanas preside primera reuni\u00f3n del Comit\u00e9 Nacional de Gesti\u00f3n de Riesgo en Materia de Comercio de Bienes\"}]},{\"@type\":\"WebSite\",\"@id\":\"https:\/\/potenciaradiofonicadominicana.com\/portal\/#website\",\"url\":\"https:\/\/potenciaradiofonicadominicana.com\/portal\/\",\"name\":\"PotenciaRadiofonicaDominicana.com\",\"description\":\"Peri\u00f3dico Digital\",\"publisher\":{\"@id\":\"https:\/\/potenciaradiofonicadominicana.com\/portal\/#organization\"},\"potentialAction\":[{\"@type\":\"SearchAction\",\"target\":{\"@type\":\"EntryPoint\",\"urlTemplate\":\"https:\/\/potenciaradiofonicadominicana.com\/portal\/?s={search_term_string}\"},\"query-input\":{\"@type\":\"PropertyValueSpecification\",\"valueRequired\":true,\"valueName\":\"search_term_string\"}}],\"inLanguage\":\"es\"},{\"@type\":\"Organization\",\"@id\":\"https:\/\/potenciaradiofonicadominicana.com\/portal\/#organization\",\"name\":\"PotenciaRadiofonicaDominicana.com\",\"url\":\"https:\/\/potenciaradiofonicadominicana.com\/portal\/\",\"logo\":{\"@type\":\"ImageObject\",\"inLanguage\":\"es\",\"@id\":\"https:\/\/potenciaradiofonicadominicana.com\/portal\/#\/schema\/logo\/image\/\",\"url\":\"https:\/\/potenciaradiofonicadominicana.com\/portal\/wp-content\/uploads\/2022\/01\/descarga.png\",\"contentUrl\":\"https:\/\/potenciaradiofonicadominicana.com\/portal\/wp-content\/uploads\/2022\/01\/descarga.png\",\"width\":300,\"height\":100,\"caption\":\"PotenciaRadiofonicaDominicana.com\"},\"image\":{\"@id\":\"https:\/\/potenciaradiofonicadominicana.com\/portal\/#\/schema\/logo\/image\/\"},\"sameAs\":[\"https:\/\/web.facebook.com\/PotenciaRadiofonicaD\"]},{\"@type\":\"Person\",\"@id\":\"https:\/\/potenciaradiofonicadominicana.com\/portal\/#\/schema\/person\/a5cf1fea13877803ee0573ac18b03490\",\"name\":\"Potencia Radiof\u00f3nica Dominicana\",\"image\":{\"@type\":\"ImageObject\",\"inLanguage\":\"es\",\"@id\":\"https:\/\/potenciaradiofonicadominicana.com\/portal\/#\/schema\/person\/image\/\",\"url\":\"https:\/\/secure.gravatar.com\/avatar\/42a55ab9e8ccc656ba34cd791990602a?s=96&d=mm&r=g\",\"contentUrl\":\"https:\/\/secure.gravatar.com\/avatar\/42a55ab9e8ccc656ba34cd791990602a?s=96&d=mm&r=g\",\"caption\":\"Potencia Radiof\u00f3nica Dominicana\"},\"url\":\"https:\/\/potenciaradiofonicadominicana.com\/portal\/author\/johannyalmanzar\/\"}]}<\/script>\n<!-- \/ Yoast SEO plugin. -->","yoast_head_json":{"title":"Director de Aduanas preside primera reuni\u00f3n del Comit\u00e9 Nacional de Gesti\u00f3n de Riesgo en Materia de Comercio de Bienes - PotenciaRadiofonicaDominicana.com","robots":{"index":"index","follow":"follow","max-snippet":"max-snippet:-1","max-image-preview":"max-image-preview:large","max-video-preview":"max-video-preview:-1"},"canonical":"https:\/\/potenciaradiofonicadominicana.com\/portal\/director-de-aduanas-preside-primera-reunion-del-comite-nacional-de-gestion-de-riesgo-en-materia-de-comercio-de-bienes\/","og_locale":"es_ES","og_type":"article","og_title":"Director de Aduanas preside primera reuni\u00f3n del Comit\u00e9 Nacional de Gesti\u00f3n de Riesgo en Materia de Comercio de Bienes - PotenciaRadiofonicaDominicana.com","og_description":"Ante el reto de\u00a0regular la gesti\u00f3n integral de riesgo\u00a0en el sistema aduanero de la Rep\u00fablica Dominicana, y con el prop\u00f3sito ...","og_url":"https:\/\/potenciaradiofonicadominicana.com\/portal\/director-de-aduanas-preside-primera-reunion-del-comite-nacional-de-gestion-de-riesgo-en-materia-de-comercio-de-bienes\/","og_site_name":"PotenciaRadiofonicaDominicana.com","article_publisher":"https:\/\/web.facebook.com\/PotenciaRadiofonicaD","article_published_time":"2026-04-30T03:32:12+00:00","og_image":[{"width":1300,"height":731,"url":"https:\/\/potenciaradiofonicadominicana.com\/portal\/wp-content\/uploads\/2026\/04\/Diseno-sin-titulo-55.png","type":"image\/png"}],"author":"Potencia Radiof\u00f3nica Dominicana","twitter_card":"summary_large_image","twitter_misc":{"Escrito por":"Potencia Radiof\u00f3nica Dominicana","Tiempo de lectura":"3 minutos"},"schema":{"@context":"https:\/\/schema.org","@graph":[{"@type":"Article","@id":"https:\/\/potenciaradiofonicadominicana.com\/portal\/director-de-aduanas-preside-primera-reunion-del-comite-nacional-de-gestion-de-riesgo-en-materia-de-comercio-de-bienes\/#article","isPartOf":{"@id":"https:\/\/potenciaradiofonicadominicana.com\/portal\/director-de-aduanas-preside-primera-reunion-del-comite-nacional-de-gestion-de-riesgo-en-materia-de-comercio-de-bienes\/"},"author":{"name":"Potencia Radiof\u00f3nica Dominicana","@id":"https:\/\/potenciaradiofonicadominicana.com\/portal\/#\/schema\/person\/a5cf1fea13877803ee0573ac18b03490"},"headline":"Director de Aduanas preside primera reuni\u00f3n del Comit\u00e9 Nacional de Gesti\u00f3n de Riesgo en Materia de Comercio de Bienes","datePublished":"2026-04-30T03:32:12+00:00","mainEntityOfPage":{"@id":"https:\/\/potenciaradiofonicadominicana.com\/portal\/director-de-aduanas-preside-primera-reunion-del-comite-nacional-de-gestion-de-riesgo-en-materia-de-comercio-de-bienes\/"},"wordCount":593,"publisher":{"@id":"https:\/\/potenciaradiofonicadominicana.com\/portal\/#organization"},"image":{"@id":"https:\/\/potenciaradiofonicadominicana.com\/portal\/director-de-aduanas-preside-primera-reunion-del-comite-nacional-de-gestion-de-riesgo-en-materia-de-comercio-de-bienes\/#primaryimage"},"thumbnailUrl":"https:\/\/potenciaradiofonicadominicana.com\/portal\/wp-content\/uploads\/2026\/04\/Diseno-sin-titulo-55.png","articleSection":["Noticias"],"inLanguage":"es"},{"@type":"WebPage","@id":"https:\/\/potenciaradiofonicadominicana.com\/portal\/director-de-aduanas-preside-primera-reunion-del-comite-nacional-de-gestion-de-riesgo-en-materia-de-comercio-de-bienes\/","url":"https:\/\/potenciaradiofonicadominicana.com\/portal\/director-de-aduanas-preside-primera-reunion-del-comite-nacional-de-gestion-de-riesgo-en-materia-de-comercio-de-bienes\/","name":"Director de Aduanas preside primera reuni\u00f3n del Comit\u00e9 Nacional de Gesti\u00f3n de Riesgo en Materia de Comercio de Bienes - PotenciaRadiofonicaDominicana.com","isPartOf":{"@id":"https:\/\/potenciaradiofonicadominicana.com\/portal\/#website"},"primaryImageOfPage":{"@id":"https:\/\/potenciaradiofonicadominicana.com\/portal\/director-de-aduanas-preside-primera-reunion-del-comite-nacional-de-gestion-de-riesgo-en-materia-de-comercio-de-bienes\/#primaryimage"},"image":{"@id":"https:\/\/potenciaradiofonicadominicana.com\/portal\/director-de-aduanas-preside-primera-reunion-del-comite-nacional-de-gestion-de-riesgo-en-materia-de-comercio-de-bienes\/#primaryimage"},"thumbnailUrl":"https:\/\/potenciaradiofonicadominicana.com\/portal\/wp-content\/uploads\/2026\/04\/Diseno-sin-titulo-55.png","datePublished":"2026-04-30T03:32:12+00:00","breadcrumb":{"@id":"https:\/\/potenciaradiofonicadominicana.com\/portal\/director-de-aduanas-preside-primera-reunion-del-comite-nacional-de-gestion-de-riesgo-en-materia-de-comercio-de-bienes\/#breadcrumb"},"inLanguage":"es","potentialAction":[{"@type":"ReadAction","target":["https:\/\/potenciaradiofonicadominicana.com\/portal\/director-de-aduanas-preside-primera-reunion-del-comite-nacional-de-gestion-de-riesgo-en-materia-de-comercio-de-bienes\/"]}]},{"@type":"ImageObject","inLanguage":"es","@id":"https:\/\/potenciaradiofonicadominicana.com\/portal\/director-de-aduanas-preside-primera-reunion-del-comite-nacional-de-gestion-de-riesgo-en-materia-de-comercio-de-bienes\/#primaryimage","url":"https:\/\/potenciaradiofonicadominicana.com\/portal\/wp-content\/uploads\/2026\/04\/Diseno-sin-titulo-55.png","contentUrl":"https:\/\/potenciaradiofonicadominicana.com\/portal\/wp-content\/uploads\/2026\/04\/Diseno-sin-titulo-55.png","width":1300,"height":731},{"@type":"BreadcrumbList","@id":"https:\/\/potenciaradiofonicadominicana.com\/portal\/director-de-aduanas-preside-primera-reunion-del-comite-nacional-de-gestion-de-riesgo-en-materia-de-comercio-de-bienes\/#breadcrumb","itemListElement":[{"@type":"ListItem","position":1,"name":"Portada","item":"https:\/\/potenciaradiofonicadominicana.com\/portal\/"},{"@type":"ListItem","position":2,"name":"Director de Aduanas preside primera reuni\u00f3n del Comit\u00e9 Nacional de Gesti\u00f3n de Riesgo en Materia de Comercio de Bienes"}]},{"@type":"WebSite","@id":"https:\/\/potenciaradiofonicadominicana.com\/portal\/#website","url":"https:\/\/potenciaradiofonicadominicana.com\/portal\/","name":"PotenciaRadiofonicaDominicana.com","description":"Peri\u00f3dico Digital","publisher":{"@id":"https:\/\/potenciaradiofonicadominicana.com\/portal\/#organization"},"potentialAction":[{"@type":"SearchAction","target":{"@type":"EntryPoint","urlTemplate":"https:\/\/potenciaradiofonicadominicana.com\/portal\/?s={search_term_string}"},"query-input":{"@type":"PropertyValueSpecification","valueRequired":true,"valueName":"search_term_string"}}],"inLanguage":"es"},{"@type":"Organization","@id":"https:\/\/potenciaradiofonicadominicana.com\/portal\/#organization","name":"PotenciaRadiofonicaDominicana.com","url":"https:\/\/potenciaradiofonicadominicana.com\/portal\/","logo":{"@type":"ImageObject","inLanguage":"es","@id":"https:\/\/potenciaradiofonicadominicana.com\/portal\/#\/schema\/logo\/image\/","url":"https:\/\/potenciaradiofonicadominicana.com\/portal\/wp-content\/uploads\/2022\/01\/descarga.png","contentUrl":"https:\/\/potenciaradiofonicadominicana.com\/portal\/wp-content\/uploads\/2022\/01\/descarga.png","width":300,"height":100,"caption":"PotenciaRadiofonicaDominicana.com"},"image":{"@id":"https:\/\/potenciaradiofonicadominicana.com\/portal\/#\/schema\/logo\/image\/"},"sameAs":["https:\/\/web.facebook.com\/PotenciaRadiofonicaD"]},{"@type":"Person","@id":"https:\/\/potenciaradiofonicadominicana.com\/portal\/#\/schema\/person\/a5cf1fea13877803ee0573ac18b03490","name":"Potencia Radiof\u00f3nica Dominicana","image":{"@type":"ImageObject","inLanguage":"es","@id":"https:\/\/potenciaradiofonicadominicana.com\/portal\/#\/schema\/person\/image\/","url":"https:\/\/secure.gravatar.com\/avatar\/42a55ab9e8ccc656ba34cd791990602a?s=96&d=mm&r=g","contentUrl":"https:\/\/secure.gravatar.com\/avatar\/42a55ab9e8ccc656ba34cd791990602a?s=96&d=mm&r=g","caption":"Potencia Radiof\u00f3nica Dominicana"},"url":"https:\/\/potenciaradiofonicadominicana.com\/portal\/author\/johannyalmanzar\/"}]}},"_links":{"self":[{"href":"https:\/\/potenciaradiofonicadominicana.com\/portal\/wp-json\/wp\/v2\/posts\/216278","targetHints":{"allow":["GET"]}}],"collection":[{"href":"https:\/\/potenciaradiofonicadominicana.com\/portal\/wp-json\/wp\/v2\/posts"}],"about":[{"href":"https:\/\/potenciaradiofonicadominicana.com\/portal\/wp-json\/wp\/v2\/types\/post"}],"author":[{"embeddable":true,"href":"https:\/\/potenciaradiofonicadominicana.com\/portal\/wp-json\/wp\/v2\/users\/2"}],"replies":[{"embeddable":true,"href":"https:\/\/potenciaradiofonicadominicana.com\/portal\/wp-json\/wp\/v2\/comments?post=216278"}],"version-history":[{"count":1,"href":"https:\/\/potenciaradiofonicadominicana.com\/portal\/wp-json\/wp\/v2\/posts\/216278\/revisions"}],"predecessor-version":[{"id":216281,"href":"https:\/\/potenciaradiofonicadominicana.com\/portal\/wp-json\/wp\/v2\/posts\/216278\/revisions\/216281"}],"wp:featuredmedia":[{"embeddable":true,"href":"https:\/\/potenciaradiofonicadominicana.com\/portal\/wp-json\/wp\/v2\/media\/216279"}],"wp:attachment":[{"href":"https:\/\/potenciaradiofonicadominicana.com\/portal\/wp-json\/wp\/v2\/media?parent=216278"}],"wp:term":[{"taxonomy":"category","embeddable":true,"href":"https:\/\/potenciaradiofonicadominicana.com\/portal\/wp-json\/wp\/v2\/categories?post=216278"},{"taxonomy":"post_tag","embeddable":true,"href":"https:\/\/potenciaradiofonicadominicana.com\/portal\/wp-json\/wp\/v2\/tags?post=216278"}],"curies":[{"name":"wp","href":"https:\/\/api.w.org\/{rel}","templated":true}]}}