{"id":216272,"date":"2026-04-29T23:31:12","date_gmt":"2026-04-30T03:31:12","guid":{"rendered":"https:\/\/potenciaradiofonicadominicana.com\/portal\/?p=216272"},"modified":"2026-04-29T23:31:12","modified_gmt":"2026-04-30T03:31:12","slug":"sns-fortalece-red-publica-con-mas-de-900-nombramientos-en-cuatro-meses","status":"publish","type":"post","link":"https:\/\/potenciaradiofonicadominicana.com\/portal\/sns-fortalece-red-publica-con-mas-de-900-nombramientos-en-cuatro-meses\/","title":{"rendered":"SNS fortalece Red P\u00fablica con m\u00e1s de 900 nombramientos en cuatro meses"},"content":{"rendered":"<p><a href=\"https:\/\/potenciaradiofonicadominicana.com\/portal\/wp-content\/uploads\/2026\/04\/Diseno-sin-titulo-61-1.png\"><img loading=\"lazy\" decoding=\"async\" class=\"alignnone size-full wp-image-216275\" src=\"https:\/\/potenciaradiofonicadominicana.com\/portal\/wp-content\/uploads\/2026\/04\/Diseno-sin-titulo-61-1.png\" alt=\"\" width=\"1300\" height=\"731\" srcset=\"https:\/\/potenciaradiofonicadominicana.com\/portal\/wp-content\/uploads\/2026\/04\/Diseno-sin-titulo-61-1.png 1300w, https:\/\/potenciaradiofonicadominicana.com\/portal\/wp-content\/uploads\/2026\/04\/Diseno-sin-titulo-61-1-300x169.png 300w, https:\/\/potenciaradiofonicadominicana.com\/portal\/wp-content\/uploads\/2026\/04\/Diseno-sin-titulo-61-1-1024x576.png 1024w, https:\/\/potenciaradiofonicadominicana.com\/portal\/wp-content\/uploads\/2026\/04\/Diseno-sin-titulo-61-1-768x432.png 768w\" sizes=\"auto, (max-width: 1300px) 100vw, 1300px\" \/><\/a><\/p>\n<p>&nbsp;<\/p>\n<p>El director ejecutivo del Servicio Nacional de Salud (SNS<strong style=\"font-weight: 500;\">), doctor Julio Landr\u00f3n,<\/strong>\u00a0inform\u00f3 que, en los primeros cuatro meses de su gesti\u00f3n, ha logrado la incorporaci\u00f3n de\u00a0<strong style=\"font-weight: 500;\">m\u00e1s de 900 profesionales<\/strong>\u00a0de la salud, como parte de las acciones dirigidas a robustecer la\u00a0<strong style=\"font-weight: 500;\">capacidad de respuesta<\/strong>\u00a0de la Red P\u00fablica.<\/p>\n<p>En un encuentro de trabajo con el presidente del Colegio M\u00e9dico Dominicano (CMD),\u00a0<strong style=\"font-weight: 500;\">doctor Luis Pe\u00f1a N\u00fa\u00f1ez<\/strong>, se pas\u00f3 balance a los avances alcanzados, destacando el\u00a0<strong style=\"font-weight: 500;\">impacto positivo<\/strong>\u00a0de los nombramientos en la reducci\u00f3n del d\u00e9ficit de personal en los centros de salud.<\/p>\n<p>Estas designaciones responden al acuerdo interinstitucional\u00a0<strong style=\"font-weight: 500;\">entre el SNS y el CMD<\/strong>, orientado a fortalecer la\u00a0<strong style=\"font-weight: 500;\">cobertura de servicios<\/strong>\u00a0y mejorar las<strong style=\"font-weight: 500;\">\u00a0condiciones laborales<\/strong>\u00a0del personal m\u00e9dico en todo el territorio nacional.<\/p>\n<p>Durante la reuni\u00f3n, se detall\u00f3 la incorporaci\u00f3n de\u00a0<strong style=\"font-weight: 500;\">276<\/strong>\u00a0m\u00e9dicos especialistas,\u00a0<strong style=\"font-weight: 500;\">186\u00a0<\/strong>m\u00e9dicos generales y\u00a0<strong style=\"font-weight: 500;\">461\u00a0<\/strong>profesionales de otras \u00e1reas de la salud, adem\u00e1s de\u00a0<strong style=\"font-weight: 500;\">48 reclasificaciones<\/strong>, medidas que contribuyen a optimizar la atenci\u00f3n en los establecimientos sanitarios.<\/p>\n<p>El doctor Landr\u00f3n valor\u00f3 que estos avances forman parte del compromiso de la instituci\u00f3n con la consolidaci\u00f3n de un sistema de salud\u00a0<strong style=\"font-weight: 500;\">m\u00e1s eficiente, accesible y humano.<\/strong><\/p>\n<p>En tanto, el presidente del CMD calific\u00f3 estos nombramientos como una \u201ccifra r\u00e9cord\u201d en favor del sector y valor\u00f3 que la actual gesti\u00f3n\u00a0<strong style=\"font-weight: 500;\">ha priorizado la reducci\u00f3n del desempleo m\u00e9dico,<\/strong>\u00a0una de las principales demandas del gremio.<\/p>\n<p>Durante el encuentro tambi\u00e9n se abordaron temas prioritarios de la agenda sanitaria, entre ellos el impulso de la Atenci\u00f3n Primaria y el seguimiento a las iniciativas coordinadas con el\u00a0<strong style=\"font-weight: 500;\">presidente de la Rep\u00fablica, Luis\u00a0<\/strong><strong style=\"font-weight: 500;\">Abinader<\/strong>, y\u00a0<strong style=\"font-weight: 500;\">la vicepresidenta Raquel Pe\u00f1a,<\/strong>\u00a0orientadas a seguir fortaleciendo el sistema de salud y\u00a0<strong style=\"font-weight: 500;\">elevar la calidad<\/strong>\u00a0de los servicios.<\/p>\n<p>En el encuentro tambi\u00e9n estuvieron presentes, por el CMD,\u00a0<strong style=\"font-weight: 500;\">Miosotte<\/strong><strong style=\"font-weight: 500;\">\u00a0<\/strong><strong style=\"font-weight: 500;\">Lazala<\/strong>, secretaria general, y\u00a0<strong style=\"font-weight: 500;\">Thomas Ventura<\/strong>, secretario de Residencias M\u00e9dicas; mientras que por el SNS participaron\u00a0<strong style=\"font-weight: 500;\">Bienvenido Hern\u00e1ndez<\/strong>, director de Recursos Humanos, junto con miembros del equipo t\u00e9cnico institucional.<\/p>\n","protected":false},"excerpt":{"rendered":"<p>&nbsp; El director ejecutivo del Servicio Nacional de Salud (SNS), doctor Julio Landr\u00f3n,\u00a0inform\u00f3 que, en los primeros cuatro meses de &#8230;<\/p>\n","protected":false},"author":2,"featured_media":216275,"comment_status":"closed","ping_status":"closed","sticky":false,"template":"","format":"standard","meta":{"footnotes":""},"categories":[25],"tags":[],"class_list":["post-216272","post","type-post","status-publish","format-standard","has-post-thumbnail","hentry","category-noticias"],"yoast_head":"<!-- This site is optimized with the Yoast SEO plugin v24.8.1 - https:\/\/yoast.com\/wordpress\/plugins\/seo\/ -->\n<title>SNS fortalece Red P\u00fablica con m\u00e1s de 900 nombramientos en cuatro meses - PotenciaRadiofonicaDominicana.com<\/title>\n<meta name=\"robots\" content=\"index, follow, max-snippet:-1, max-image-preview:large, max-video-preview:-1\" \/>\n<link rel=\"canonical\" href=\"https:\/\/potenciaradiofonicadominicana.com\/portal\/sns-fortalece-red-publica-con-mas-de-900-nombramientos-en-cuatro-meses\/\" \/>\n<meta property=\"og:locale\" content=\"es_ES\" \/>\n<meta property=\"og:type\" content=\"article\" \/>\n<meta property=\"og:title\" content=\"SNS fortalece Red P\u00fablica con m\u00e1s de 900 nombramientos en cuatro meses - PotenciaRadiofonicaDominicana.com\" \/>\n<meta property=\"og:description\" content=\"&nbsp; El director ejecutivo del Servicio Nacional de Salud (SNS), doctor Julio Landr\u00f3n,\u00a0inform\u00f3 que, en los primeros cuatro meses de ...\" \/>\n<meta property=\"og:url\" content=\"https:\/\/potenciaradiofonicadominicana.com\/portal\/sns-fortalece-red-publica-con-mas-de-900-nombramientos-en-cuatro-meses\/\" \/>\n<meta property=\"og:site_name\" content=\"PotenciaRadiofonicaDominicana.com\" \/>\n<meta property=\"article:publisher\" content=\"https:\/\/web.facebook.com\/PotenciaRadiofonicaD\" \/>\n<meta property=\"article:published_time\" content=\"2026-04-30T03:31:12+00:00\" \/>\n<meta property=\"og:image\" content=\"https:\/\/potenciaradiofonicadominicana.com\/portal\/wp-content\/uploads\/2026\/04\/Diseno-sin-titulo-61-1.png\" \/>\n\t<meta property=\"og:image:width\" content=\"1300\" \/>\n\t<meta property=\"og:image:height\" content=\"731\" \/>\n\t<meta property=\"og:image:type\" content=\"image\/png\" \/>\n<meta name=\"author\" content=\"Potencia Radiof\u00f3nica Dominicana\" \/>\n<meta name=\"twitter:card\" content=\"summary_large_image\" \/>\n<meta name=\"twitter:label1\" content=\"Escrito por\" \/>\n\t<meta name=\"twitter:data1\" content=\"Potencia Radiof\u00f3nica Dominicana\" \/>\n\t<meta name=\"twitter:label2\" content=\"Tiempo de lectura\" \/>\n\t<meta name=\"twitter:data2\" content=\"2 minutos\" \/>\n<script type=\"application\/ld+json\" class=\"yoast-schema-graph\">{\"@context\":\"https:\/\/schema.org\",\"@graph\":[{\"@type\":\"Article\",\"@id\":\"https:\/\/potenciaradiofonicadominicana.com\/portal\/sns-fortalece-red-publica-con-mas-de-900-nombramientos-en-cuatro-meses\/#article\",\"isPartOf\":{\"@id\":\"https:\/\/potenciaradiofonicadominicana.com\/portal\/sns-fortalece-red-publica-con-mas-de-900-nombramientos-en-cuatro-meses\/\"},\"author\":{\"name\":\"Potencia Radiof\u00f3nica Dominicana\",\"@id\":\"https:\/\/potenciaradiofonicadominicana.com\/portal\/#\/schema\/person\/a5cf1fea13877803ee0573ac18b03490\"},\"headline\":\"SNS fortalece Red P\u00fablica con m\u00e1s de 900 nombramientos en cuatro meses\",\"datePublished\":\"2026-04-30T03:31:12+00:00\",\"mainEntityOfPage\":{\"@id\":\"https:\/\/potenciaradiofonicadominicana.com\/portal\/sns-fortalece-red-publica-con-mas-de-900-nombramientos-en-cuatro-meses\/\"},\"wordCount\":363,\"publisher\":{\"@id\":\"https:\/\/potenciaradiofonicadominicana.com\/portal\/#organization\"},\"image\":{\"@id\":\"https:\/\/potenciaradiofonicadominicana.com\/portal\/sns-fortalece-red-publica-con-mas-de-900-nombramientos-en-cuatro-meses\/#primaryimage\"},\"thumbnailUrl\":\"https:\/\/potenciaradiofonicadominicana.com\/portal\/wp-content\/uploads\/2026\/04\/Diseno-sin-titulo-61-1.png\",\"articleSection\":[\"Noticias\"],\"inLanguage\":\"es\"},{\"@type\":\"WebPage\",\"@id\":\"https:\/\/potenciaradiofonicadominicana.com\/portal\/sns-fortalece-red-publica-con-mas-de-900-nombramientos-en-cuatro-meses\/\",\"url\":\"https:\/\/potenciaradiofonicadominicana.com\/portal\/sns-fortalece-red-publica-con-mas-de-900-nombramientos-en-cuatro-meses\/\",\"name\":\"SNS fortalece Red P\u00fablica con m\u00e1s de 900 nombramientos en cuatro meses - PotenciaRadiofonicaDominicana.com\",\"isPartOf\":{\"@id\":\"https:\/\/potenciaradiofonicadominicana.com\/portal\/#website\"},\"primaryImageOfPage\":{\"@id\":\"https:\/\/potenciaradiofonicadominicana.com\/portal\/sns-fortalece-red-publica-con-mas-de-900-nombramientos-en-cuatro-meses\/#primaryimage\"},\"image\":{\"@id\":\"https:\/\/potenciaradiofonicadominicana.com\/portal\/sns-fortalece-red-publica-con-mas-de-900-nombramientos-en-cuatro-meses\/#primaryimage\"},\"thumbnailUrl\":\"https:\/\/potenciaradiofonicadominicana.com\/portal\/wp-content\/uploads\/2026\/04\/Diseno-sin-titulo-61-1.png\",\"datePublished\":\"2026-04-30T03:31:12+00:00\",\"breadcrumb\":{\"@id\":\"https:\/\/potenciaradiofonicadominicana.com\/portal\/sns-fortalece-red-publica-con-mas-de-900-nombramientos-en-cuatro-meses\/#breadcrumb\"},\"inLanguage\":\"es\",\"potentialAction\":[{\"@type\":\"ReadAction\",\"target\":[\"https:\/\/potenciaradiofonicadominicana.com\/portal\/sns-fortalece-red-publica-con-mas-de-900-nombramientos-en-cuatro-meses\/\"]}]},{\"@type\":\"ImageObject\",\"inLanguage\":\"es\",\"@id\":\"https:\/\/potenciaradiofonicadominicana.com\/portal\/sns-fortalece-red-publica-con-mas-de-900-nombramientos-en-cuatro-meses\/#primaryimage\",\"url\":\"https:\/\/potenciaradiofonicadominicana.com\/portal\/wp-content\/uploads\/2026\/04\/Diseno-sin-titulo-61-1.png\",\"contentUrl\":\"https:\/\/potenciaradiofonicadominicana.com\/portal\/wp-content\/uploads\/2026\/04\/Diseno-sin-titulo-61-1.png\",\"width\":1300,\"height\":731},{\"@type\":\"BreadcrumbList\",\"@id\":\"https:\/\/potenciaradiofonicadominicana.com\/portal\/sns-fortalece-red-publica-con-mas-de-900-nombramientos-en-cuatro-meses\/#breadcrumb\",\"itemListElement\":[{\"@type\":\"ListItem\",\"position\":1,\"name\":\"Portada\",\"item\":\"https:\/\/potenciaradiofonicadominicana.com\/portal\/\"},{\"@type\":\"ListItem\",\"position\":2,\"name\":\"SNS fortalece Red P\u00fablica con m\u00e1s de 900 nombramientos en cuatro meses\"}]},{\"@type\":\"WebSite\",\"@id\":\"https:\/\/potenciaradiofonicadominicana.com\/portal\/#website\",\"url\":\"https:\/\/potenciaradiofonicadominicana.com\/portal\/\",\"name\":\"PotenciaRadiofonicaDominicana.com\",\"description\":\"Peri\u00f3dico Digital\",\"publisher\":{\"@id\":\"https:\/\/potenciaradiofonicadominicana.com\/portal\/#organization\"},\"potentialAction\":[{\"@type\":\"SearchAction\",\"target\":{\"@type\":\"EntryPoint\",\"urlTemplate\":\"https:\/\/potenciaradiofonicadominicana.com\/portal\/?s={search_term_string}\"},\"query-input\":{\"@type\":\"PropertyValueSpecification\",\"valueRequired\":true,\"valueName\":\"search_term_string\"}}],\"inLanguage\":\"es\"},{\"@type\":\"Organization\",\"@id\":\"https:\/\/potenciaradiofonicadominicana.com\/portal\/#organization\",\"name\":\"PotenciaRadiofonicaDominicana.com\",\"url\":\"https:\/\/potenciaradiofonicadominicana.com\/portal\/\",\"logo\":{\"@type\":\"ImageObject\",\"inLanguage\":\"es\",\"@id\":\"https:\/\/potenciaradiofonicadominicana.com\/portal\/#\/schema\/logo\/image\/\",\"url\":\"https:\/\/potenciaradiofonicadominicana.com\/portal\/wp-content\/uploads\/2022\/01\/descarga.png\",\"contentUrl\":\"https:\/\/potenciaradiofonicadominicana.com\/portal\/wp-content\/uploads\/2022\/01\/descarga.png\",\"width\":300,\"height\":100,\"caption\":\"PotenciaRadiofonicaDominicana.com\"},\"image\":{\"@id\":\"https:\/\/potenciaradiofonicadominicana.com\/portal\/#\/schema\/logo\/image\/\"},\"sameAs\":[\"https:\/\/web.facebook.com\/PotenciaRadiofonicaD\"]},{\"@type\":\"Person\",\"@id\":\"https:\/\/potenciaradiofonicadominicana.com\/portal\/#\/schema\/person\/a5cf1fea13877803ee0573ac18b03490\",\"name\":\"Potencia Radiof\u00f3nica Dominicana\",\"image\":{\"@type\":\"ImageObject\",\"inLanguage\":\"es\",\"@id\":\"https:\/\/potenciaradiofonicadominicana.com\/portal\/#\/schema\/person\/image\/\",\"url\":\"https:\/\/secure.gravatar.com\/avatar\/42a55ab9e8ccc656ba34cd791990602a?s=96&d=mm&r=g\",\"contentUrl\":\"https:\/\/secure.gravatar.com\/avatar\/42a55ab9e8ccc656ba34cd791990602a?s=96&d=mm&r=g\",\"caption\":\"Potencia Radiof\u00f3nica Dominicana\"},\"url\":\"https:\/\/potenciaradiofonicadominicana.com\/portal\/author\/johannyalmanzar\/\"}]}<\/script>\n<!-- \/ Yoast SEO plugin. -->","yoast_head_json":{"title":"SNS fortalece Red P\u00fablica con m\u00e1s de 900 nombramientos en cuatro meses - PotenciaRadiofonicaDominicana.com","robots":{"index":"index","follow":"follow","max-snippet":"max-snippet:-1","max-image-preview":"max-image-preview:large","max-video-preview":"max-video-preview:-1"},"canonical":"https:\/\/potenciaradiofonicadominicana.com\/portal\/sns-fortalece-red-publica-con-mas-de-900-nombramientos-en-cuatro-meses\/","og_locale":"es_ES","og_type":"article","og_title":"SNS fortalece Red P\u00fablica con m\u00e1s de 900 nombramientos en cuatro meses - PotenciaRadiofonicaDominicana.com","og_description":"&nbsp; El director ejecutivo del Servicio Nacional de Salud (SNS), doctor Julio Landr\u00f3n,\u00a0inform\u00f3 que, en los primeros cuatro meses de ...","og_url":"https:\/\/potenciaradiofonicadominicana.com\/portal\/sns-fortalece-red-publica-con-mas-de-900-nombramientos-en-cuatro-meses\/","og_site_name":"PotenciaRadiofonicaDominicana.com","article_publisher":"https:\/\/web.facebook.com\/PotenciaRadiofonicaD","article_published_time":"2026-04-30T03:31:12+00:00","og_image":[{"width":1300,"height":731,"url":"https:\/\/potenciaradiofonicadominicana.com\/portal\/wp-content\/uploads\/2026\/04\/Diseno-sin-titulo-61-1.png","type":"image\/png"}],"author":"Potencia Radiof\u00f3nica Dominicana","twitter_card":"summary_large_image","twitter_misc":{"Escrito por":"Potencia Radiof\u00f3nica Dominicana","Tiempo de lectura":"2 minutos"},"schema":{"@context":"https:\/\/schema.org","@graph":[{"@type":"Article","@id":"https:\/\/potenciaradiofonicadominicana.com\/portal\/sns-fortalece-red-publica-con-mas-de-900-nombramientos-en-cuatro-meses\/#article","isPartOf":{"@id":"https:\/\/potenciaradiofonicadominicana.com\/portal\/sns-fortalece-red-publica-con-mas-de-900-nombramientos-en-cuatro-meses\/"},"author":{"name":"Potencia Radiof\u00f3nica Dominicana","@id":"https:\/\/potenciaradiofonicadominicana.com\/portal\/#\/schema\/person\/a5cf1fea13877803ee0573ac18b03490"},"headline":"SNS fortalece Red P\u00fablica con m\u00e1s de 900 nombramientos en cuatro meses","datePublished":"2026-04-30T03:31:12+00:00","mainEntityOfPage":{"@id":"https:\/\/potenciaradiofonicadominicana.com\/portal\/sns-fortalece-red-publica-con-mas-de-900-nombramientos-en-cuatro-meses\/"},"wordCount":363,"publisher":{"@id":"https:\/\/potenciaradiofonicadominicana.com\/portal\/#organization"},"image":{"@id":"https:\/\/potenciaradiofonicadominicana.com\/portal\/sns-fortalece-red-publica-con-mas-de-900-nombramientos-en-cuatro-meses\/#primaryimage"},"thumbnailUrl":"https:\/\/potenciaradiofonicadominicana.com\/portal\/wp-content\/uploads\/2026\/04\/Diseno-sin-titulo-61-1.png","articleSection":["Noticias"],"inLanguage":"es"},{"@type":"WebPage","@id":"https:\/\/potenciaradiofonicadominicana.com\/portal\/sns-fortalece-red-publica-con-mas-de-900-nombramientos-en-cuatro-meses\/","url":"https:\/\/potenciaradiofonicadominicana.com\/portal\/sns-fortalece-red-publica-con-mas-de-900-nombramientos-en-cuatro-meses\/","name":"SNS fortalece Red P\u00fablica con m\u00e1s de 900 nombramientos en cuatro meses - PotenciaRadiofonicaDominicana.com","isPartOf":{"@id":"https:\/\/potenciaradiofonicadominicana.com\/portal\/#website"},"primaryImageOfPage":{"@id":"https:\/\/potenciaradiofonicadominicana.com\/portal\/sns-fortalece-red-publica-con-mas-de-900-nombramientos-en-cuatro-meses\/#primaryimage"},"image":{"@id":"https:\/\/potenciaradiofonicadominicana.com\/portal\/sns-fortalece-red-publica-con-mas-de-900-nombramientos-en-cuatro-meses\/#primaryimage"},"thumbnailUrl":"https:\/\/potenciaradiofonicadominicana.com\/portal\/wp-content\/uploads\/2026\/04\/Diseno-sin-titulo-61-1.png","datePublished":"2026-04-30T03:31:12+00:00","breadcrumb":{"@id":"https:\/\/potenciaradiofonicadominicana.com\/portal\/sns-fortalece-red-publica-con-mas-de-900-nombramientos-en-cuatro-meses\/#breadcrumb"},"inLanguage":"es","potentialAction":[{"@type":"ReadAction","target":["https:\/\/potenciaradiofonicadominicana.com\/portal\/sns-fortalece-red-publica-con-mas-de-900-nombramientos-en-cuatro-meses\/"]}]},{"@type":"ImageObject","inLanguage":"es","@id":"https:\/\/potenciaradiofonicadominicana.com\/portal\/sns-fortalece-red-publica-con-mas-de-900-nombramientos-en-cuatro-meses\/#primaryimage","url":"https:\/\/potenciaradiofonicadominicana.com\/portal\/wp-content\/uploads\/2026\/04\/Diseno-sin-titulo-61-1.png","contentUrl":"https:\/\/potenciaradiofonicadominicana.com\/portal\/wp-content\/uploads\/2026\/04\/Diseno-sin-titulo-61-1.png","width":1300,"height":731},{"@type":"BreadcrumbList","@id":"https:\/\/potenciaradiofonicadominicana.com\/portal\/sns-fortalece-red-publica-con-mas-de-900-nombramientos-en-cuatro-meses\/#breadcrumb","itemListElement":[{"@type":"ListItem","position":1,"name":"Portada","item":"https:\/\/potenciaradiofonicadominicana.com\/portal\/"},{"@type":"ListItem","position":2,"name":"SNS fortalece Red P\u00fablica con m\u00e1s de 900 nombramientos en cuatro meses"}]},{"@type":"WebSite","@id":"https:\/\/potenciaradiofonicadominicana.com\/portal\/#website","url":"https:\/\/potenciaradiofonicadominicana.com\/portal\/","name":"PotenciaRadiofonicaDominicana.com","description":"Peri\u00f3dico Digital","publisher":{"@id":"https:\/\/potenciaradiofonicadominicana.com\/portal\/#organization"},"potentialAction":[{"@type":"SearchAction","target":{"@type":"EntryPoint","urlTemplate":"https:\/\/potenciaradiofonicadominicana.com\/portal\/?s={search_term_string}"},"query-input":{"@type":"PropertyValueSpecification","valueRequired":true,"valueName":"search_term_string"}}],"inLanguage":"es"},{"@type":"Organization","@id":"https:\/\/potenciaradiofonicadominicana.com\/portal\/#organization","name":"PotenciaRadiofonicaDominicana.com","url":"https:\/\/potenciaradiofonicadominicana.com\/portal\/","logo":{"@type":"ImageObject","inLanguage":"es","@id":"https:\/\/potenciaradiofonicadominicana.com\/portal\/#\/schema\/logo\/image\/","url":"https:\/\/potenciaradiofonicadominicana.com\/portal\/wp-content\/uploads\/2022\/01\/descarga.png","contentUrl":"https:\/\/potenciaradiofonicadominicana.com\/portal\/wp-content\/uploads\/2022\/01\/descarga.png","width":300,"height":100,"caption":"PotenciaRadiofonicaDominicana.com"},"image":{"@id":"https:\/\/potenciaradiofonicadominicana.com\/portal\/#\/schema\/logo\/image\/"},"sameAs":["https:\/\/web.facebook.com\/PotenciaRadiofonicaD"]},{"@type":"Person","@id":"https:\/\/potenciaradiofonicadominicana.com\/portal\/#\/schema\/person\/a5cf1fea13877803ee0573ac18b03490","name":"Potencia Radiof\u00f3nica Dominicana","image":{"@type":"ImageObject","inLanguage":"es","@id":"https:\/\/potenciaradiofonicadominicana.com\/portal\/#\/schema\/person\/image\/","url":"https:\/\/secure.gravatar.com\/avatar\/42a55ab9e8ccc656ba34cd791990602a?s=96&d=mm&r=g","contentUrl":"https:\/\/secure.gravatar.com\/avatar\/42a55ab9e8ccc656ba34cd791990602a?s=96&d=mm&r=g","caption":"Potencia Radiof\u00f3nica Dominicana"},"url":"https:\/\/potenciaradiofonicadominicana.com\/portal\/author\/johannyalmanzar\/"}]}},"_links":{"self":[{"href":"https:\/\/potenciaradiofonicadominicana.com\/portal\/wp-json\/wp\/v2\/posts\/216272","targetHints":{"allow":["GET"]}}],"collection":[{"href":"https:\/\/potenciaradiofonicadominicana.com\/portal\/wp-json\/wp\/v2\/posts"}],"about":[{"href":"https:\/\/potenciaradiofonicadominicana.com\/portal\/wp-json\/wp\/v2\/types\/post"}],"author":[{"embeddable":true,"href":"https:\/\/potenciaradiofonicadominicana.com\/portal\/wp-json\/wp\/v2\/users\/2"}],"replies":[{"embeddable":true,"href":"https:\/\/potenciaradiofonicadominicana.com\/portal\/wp-json\/wp\/v2\/comments?post=216272"}],"version-history":[{"count":1,"href":"https:\/\/potenciaradiofonicadominicana.com\/portal\/wp-json\/wp\/v2\/posts\/216272\/revisions"}],"predecessor-version":[{"id":216277,"href":"https:\/\/potenciaradiofonicadominicana.com\/portal\/wp-json\/wp\/v2\/posts\/216272\/revisions\/216277"}],"wp:featuredmedia":[{"embeddable":true,"href":"https:\/\/potenciaradiofonicadominicana.com\/portal\/wp-json\/wp\/v2\/media\/216275"}],"wp:attachment":[{"href":"https:\/\/potenciaradiofonicadominicana.com\/portal\/wp-json\/wp\/v2\/media?parent=216272"}],"wp:term":[{"taxonomy":"category","embeddable":true,"href":"https:\/\/potenciaradiofonicadominicana.com\/portal\/wp-json\/wp\/v2\/categories?post=216272"},{"taxonomy":"post_tag","embeddable":true,"href":"https:\/\/potenciaradiofonicadominicana.com\/portal\/wp-json\/wp\/v2\/tags?post=216272"}],"curies":[{"name":"wp","href":"https:\/\/api.w.org\/{rel}","templated":true}]}}