{"id":216267,"date":"2026-04-29T23:29:13","date_gmt":"2026-04-30T03:29:13","guid":{"rendered":"https:\/\/potenciaradiofonicadominicana.com\/portal\/?p=216267"},"modified":"2026-04-29T23:29:13","modified_gmt":"2026-04-30T03:29:13","slug":"ministro-andres-bautista-juramenta-a-carlos-alessandry-roa-howley-como-director-ejecutivo-del-plan-san-juan","status":"publish","type":"post","link":"https:\/\/potenciaradiofonicadominicana.com\/portal\/ministro-andres-bautista-juramenta-a-carlos-alessandry-roa-howley-como-director-ejecutivo-del-plan-san-juan\/","title":{"rendered":"Ministro Andr\u00e9s Bautista juramenta a Carlos Alessandry Roa Howley como director ejecutivo del Plan San Juan"},"content":{"rendered":"<p><a href=\"https:\/\/potenciaradiofonicadominicana.com\/portal\/wp-content\/uploads\/2026\/04\/Diseno-sin-titulo-68.png\"><img loading=\"lazy\" decoding=\"async\" class=\"alignnone size-full wp-image-216269\" src=\"https:\/\/potenciaradiofonicadominicana.com\/portal\/wp-content\/uploads\/2026\/04\/Diseno-sin-titulo-68.png\" alt=\"\" width=\"1300\" height=\"731\" srcset=\"https:\/\/potenciaradiofonicadominicana.com\/portal\/wp-content\/uploads\/2026\/04\/Diseno-sin-titulo-68.png 1300w, https:\/\/potenciaradiofonicadominicana.com\/portal\/wp-content\/uploads\/2026\/04\/Diseno-sin-titulo-68-300x169.png 300w, https:\/\/potenciaradiofonicadominicana.com\/portal\/wp-content\/uploads\/2026\/04\/Diseno-sin-titulo-68-1024x576.png 1024w, https:\/\/potenciaradiofonicadominicana.com\/portal\/wp-content\/uploads\/2026\/04\/Diseno-sin-titulo-68-768x432.png 768w\" sizes=\"auto, (max-width: 1300px) 100vw, 1300px\" \/><\/a><\/p>\n<p>El ministro administrativo de la Presidencia,\u00a0<strong style=\"font-weight: 500;\">Andr\u00e9s Bautista,<\/strong>\u00a0jurament\u00f3 este mi\u00e9rcoles a\u00a0<strong style=\"font-weight: 500;\">Carlos\u00a0<\/strong><strong style=\"font-weight: 500;\">Alessandry<\/strong><strong style=\"font-weight: 500;\">\u00a0Roa\u00a0<\/strong><strong style=\"font-weight: 500;\">Howley<\/strong>\u00a0como\u00a0<strong style=\"font-weight: 500;\">director ejecutivo<\/strong>\u00a0para el Desarrollo Econ\u00f3mico de la provincia San Juan, iniciativa denominada\u00a0<strong style=\"font-weight: 500;\">Plan San Juan.<\/strong><\/p>\n<p>Durante un breve acto de juramentaci\u00f3n en su despacho, Bautista resalt\u00f3 la confianza depositada en Roa\u00a0Howley\u00a0para asumir sus nuevas atribuciones en favor del\u00a0<strong style=\"font-weight: 500;\">desarrollo de la provincia de San Juan<\/strong>\u00a0y de la regi\u00f3n Sur.<\/p>\n<p><em>\u201cLe deseo el mayor de los \u00e9xitos y sabemos que usted har\u00e1 todo el esfuerzo con transparencia y eficiencia para el beneficio de San Juan y toda la regi\u00f3n\u201d,<\/em>\u00a0expres\u00f3.<\/p>\n<p>De su lado, Roa\u00a0Howley\u00a0se comprometi\u00f3 a trabajar desde la Direcci\u00f3n de la Comisi\u00f3n en favor de las acciones orientadas al\u00a0<strong style=\"font-weight: 500;\">desarrollo integral econ\u00f3mico y social<\/strong>\u00a0de los residentes de San Juan, sus comunidades y zonas aleda\u00f1as.<\/p>\n<p>La designaci\u00f3n fue realizada mediante el\u00a0<strong style=\"font-weight: 500;\">Decreto n\u00famero 285-26<\/strong>, emitido por el\u00a0<strong style=\"font-weight: 500;\">presidente Luis\u00a0<\/strong><strong style=\"font-weight: 500;\">Abinader<\/strong>.<\/p>\n<p><strong style=\"font-weight: 500;\">Sobre la comisi\u00f3n<\/strong><\/p>\n<p>La Direcci\u00f3n Ejecutiva de la Comisi\u00f3n del Plan San Juan tendr\u00e1 como responsabilidad realizar las\u00a0<strong style=\"font-weight: 500;\">coordinaciones t\u00e9cnicas<\/strong>\u00a0necesarias para que los proyectos aprobados se ejecuten dentro del cronograma establecido.<\/p>\n<p>Adem\u00e1s, tendr\u00e1 a su cargo la\u00a0<strong style=\"font-weight: 500;\">administraci\u00f3n de los fondos asignados<\/strong>\u00a0para la ejecuci\u00f3n de las acciones y actividades aprobadas, as\u00ed como la coordinaci\u00f3n en la formulaci\u00f3n de pol\u00edticas derivadas del Plan San Juan, incluyendo la definici\u00f3n y ejecuci\u00f3n\u00a0<strong style=\"font-weight: 500;\">de iniciativas, programas y proyectos\u00a0<\/strong>necesarios para alcanzar los resultados esperados.<\/p>\n","protected":false},"excerpt":{"rendered":"<p>El ministro administrativo de la Presidencia,\u00a0Andr\u00e9s Bautista,\u00a0jurament\u00f3 este mi\u00e9rcoles a\u00a0Carlos\u00a0Alessandry\u00a0Roa\u00a0Howley\u00a0como\u00a0director ejecutivo\u00a0para el Desarrollo Econ\u00f3mico de la provincia San Juan, iniciativa &#8230;<\/p>\n","protected":false},"author":2,"featured_media":216269,"comment_status":"closed","ping_status":"closed","sticky":false,"template":"","format":"standard","meta":{"footnotes":""},"categories":[25],"tags":[],"class_list":["post-216267","post","type-post","status-publish","format-standard","has-post-thumbnail","hentry","category-noticias"],"yoast_head":"<!-- This site is optimized with the Yoast SEO plugin v24.8.1 - https:\/\/yoast.com\/wordpress\/plugins\/seo\/ -->\n<title>Ministro Andr\u00e9s Bautista juramenta a Carlos Alessandry Roa Howley como director ejecutivo del Plan San Juan - PotenciaRadiofonicaDominicana.com<\/title>\n<meta name=\"robots\" content=\"index, follow, max-snippet:-1, max-image-preview:large, max-video-preview:-1\" \/>\n<link rel=\"canonical\" href=\"https:\/\/potenciaradiofonicadominicana.com\/portal\/ministro-andres-bautista-juramenta-a-carlos-alessandry-roa-howley-como-director-ejecutivo-del-plan-san-juan\/\" \/>\n<meta property=\"og:locale\" content=\"es_ES\" \/>\n<meta property=\"og:type\" content=\"article\" \/>\n<meta property=\"og:title\" content=\"Ministro Andr\u00e9s Bautista juramenta a Carlos Alessandry Roa Howley como director ejecutivo del Plan San Juan - PotenciaRadiofonicaDominicana.com\" \/>\n<meta property=\"og:description\" content=\"El ministro administrativo de la Presidencia,\u00a0Andr\u00e9s Bautista,\u00a0jurament\u00f3 este mi\u00e9rcoles a\u00a0Carlos\u00a0Alessandry\u00a0Roa\u00a0Howley\u00a0como\u00a0director ejecutivo\u00a0para el Desarrollo Econ\u00f3mico de la provincia San Juan, iniciativa ...\" \/>\n<meta property=\"og:url\" content=\"https:\/\/potenciaradiofonicadominicana.com\/portal\/ministro-andres-bautista-juramenta-a-carlos-alessandry-roa-howley-como-director-ejecutivo-del-plan-san-juan\/\" \/>\n<meta property=\"og:site_name\" content=\"PotenciaRadiofonicaDominicana.com\" \/>\n<meta property=\"article:publisher\" content=\"https:\/\/web.facebook.com\/PotenciaRadiofonicaD\" \/>\n<meta property=\"article:published_time\" content=\"2026-04-30T03:29:13+00:00\" \/>\n<meta property=\"og:image\" content=\"https:\/\/potenciaradiofonicadominicana.com\/portal\/wp-content\/uploads\/2026\/04\/Diseno-sin-titulo-68.png\" \/>\n\t<meta property=\"og:image:width\" content=\"1300\" \/>\n\t<meta property=\"og:image:height\" content=\"731\" \/>\n\t<meta property=\"og:image:type\" content=\"image\/png\" \/>\n<meta name=\"author\" content=\"Potencia Radiof\u00f3nica Dominicana\" \/>\n<meta name=\"twitter:card\" content=\"summary_large_image\" \/>\n<meta name=\"twitter:label1\" content=\"Escrito por\" \/>\n\t<meta name=\"twitter:data1\" content=\"Potencia Radiof\u00f3nica Dominicana\" \/>\n\t<meta name=\"twitter:label2\" content=\"Tiempo de lectura\" \/>\n\t<meta name=\"twitter:data2\" content=\"2 minutos\" \/>\n<script type=\"application\/ld+json\" class=\"yoast-schema-graph\">{\"@context\":\"https:\/\/schema.org\",\"@graph\":[{\"@type\":\"Article\",\"@id\":\"https:\/\/potenciaradiofonicadominicana.com\/portal\/ministro-andres-bautista-juramenta-a-carlos-alessandry-roa-howley-como-director-ejecutivo-del-plan-san-juan\/#article\",\"isPartOf\":{\"@id\":\"https:\/\/potenciaradiofonicadominicana.com\/portal\/ministro-andres-bautista-juramenta-a-carlos-alessandry-roa-howley-como-director-ejecutivo-del-plan-san-juan\/\"},\"author\":{\"name\":\"Potencia Radiof\u00f3nica Dominicana\",\"@id\":\"https:\/\/potenciaradiofonicadominicana.com\/portal\/#\/schema\/person\/a5cf1fea13877803ee0573ac18b03490\"},\"headline\":\"Ministro Andr\u00e9s Bautista juramenta a Carlos Alessandry Roa Howley como director ejecutivo del Plan San Juan\",\"datePublished\":\"2026-04-30T03:29:13+00:00\",\"mainEntityOfPage\":{\"@id\":\"https:\/\/potenciaradiofonicadominicana.com\/portal\/ministro-andres-bautista-juramenta-a-carlos-alessandry-roa-howley-como-director-ejecutivo-del-plan-san-juan\/\"},\"wordCount\":276,\"publisher\":{\"@id\":\"https:\/\/potenciaradiofonicadominicana.com\/portal\/#organization\"},\"image\":{\"@id\":\"https:\/\/potenciaradiofonicadominicana.com\/portal\/ministro-andres-bautista-juramenta-a-carlos-alessandry-roa-howley-como-director-ejecutivo-del-plan-san-juan\/#primaryimage\"},\"thumbnailUrl\":\"https:\/\/potenciaradiofonicadominicana.com\/portal\/wp-content\/uploads\/2026\/04\/Diseno-sin-titulo-68.png\",\"articleSection\":[\"Noticias\"],\"inLanguage\":\"es\"},{\"@type\":\"WebPage\",\"@id\":\"https:\/\/potenciaradiofonicadominicana.com\/portal\/ministro-andres-bautista-juramenta-a-carlos-alessandry-roa-howley-como-director-ejecutivo-del-plan-san-juan\/\",\"url\":\"https:\/\/potenciaradiofonicadominicana.com\/portal\/ministro-andres-bautista-juramenta-a-carlos-alessandry-roa-howley-como-director-ejecutivo-del-plan-san-juan\/\",\"name\":\"Ministro Andr\u00e9s Bautista juramenta a Carlos Alessandry Roa Howley como director ejecutivo del Plan San Juan - PotenciaRadiofonicaDominicana.com\",\"isPartOf\":{\"@id\":\"https:\/\/potenciaradiofonicadominicana.com\/portal\/#website\"},\"primaryImageOfPage\":{\"@id\":\"https:\/\/potenciaradiofonicadominicana.com\/portal\/ministro-andres-bautista-juramenta-a-carlos-alessandry-roa-howley-como-director-ejecutivo-del-plan-san-juan\/#primaryimage\"},\"image\":{\"@id\":\"https:\/\/potenciaradiofonicadominicana.com\/portal\/ministro-andres-bautista-juramenta-a-carlos-alessandry-roa-howley-como-director-ejecutivo-del-plan-san-juan\/#primaryimage\"},\"thumbnailUrl\":\"https:\/\/potenciaradiofonicadominicana.com\/portal\/wp-content\/uploads\/2026\/04\/Diseno-sin-titulo-68.png\",\"datePublished\":\"2026-04-30T03:29:13+00:00\",\"breadcrumb\":{\"@id\":\"https:\/\/potenciaradiofonicadominicana.com\/portal\/ministro-andres-bautista-juramenta-a-carlos-alessandry-roa-howley-como-director-ejecutivo-del-plan-san-juan\/#breadcrumb\"},\"inLanguage\":\"es\",\"potentialAction\":[{\"@type\":\"ReadAction\",\"target\":[\"https:\/\/potenciaradiofonicadominicana.com\/portal\/ministro-andres-bautista-juramenta-a-carlos-alessandry-roa-howley-como-director-ejecutivo-del-plan-san-juan\/\"]}]},{\"@type\":\"ImageObject\",\"inLanguage\":\"es\",\"@id\":\"https:\/\/potenciaradiofonicadominicana.com\/portal\/ministro-andres-bautista-juramenta-a-carlos-alessandry-roa-howley-como-director-ejecutivo-del-plan-san-juan\/#primaryimage\",\"url\":\"https:\/\/potenciaradiofonicadominicana.com\/portal\/wp-content\/uploads\/2026\/04\/Diseno-sin-titulo-68.png\",\"contentUrl\":\"https:\/\/potenciaradiofonicadominicana.com\/portal\/wp-content\/uploads\/2026\/04\/Diseno-sin-titulo-68.png\",\"width\":1300,\"height\":731},{\"@type\":\"BreadcrumbList\",\"@id\":\"https:\/\/potenciaradiofonicadominicana.com\/portal\/ministro-andres-bautista-juramenta-a-carlos-alessandry-roa-howley-como-director-ejecutivo-del-plan-san-juan\/#breadcrumb\",\"itemListElement\":[{\"@type\":\"ListItem\",\"position\":1,\"name\":\"Portada\",\"item\":\"https:\/\/potenciaradiofonicadominicana.com\/portal\/\"},{\"@type\":\"ListItem\",\"position\":2,\"name\":\"Ministro Andr\u00e9s Bautista juramenta a Carlos Alessandry Roa Howley como director ejecutivo del Plan San Juan\"}]},{\"@type\":\"WebSite\",\"@id\":\"https:\/\/potenciaradiofonicadominicana.com\/portal\/#website\",\"url\":\"https:\/\/potenciaradiofonicadominicana.com\/portal\/\",\"name\":\"PotenciaRadiofonicaDominicana.com\",\"description\":\"Peri\u00f3dico Digital\",\"publisher\":{\"@id\":\"https:\/\/potenciaradiofonicadominicana.com\/portal\/#organization\"},\"potentialAction\":[{\"@type\":\"SearchAction\",\"target\":{\"@type\":\"EntryPoint\",\"urlTemplate\":\"https:\/\/potenciaradiofonicadominicana.com\/portal\/?s={search_term_string}\"},\"query-input\":{\"@type\":\"PropertyValueSpecification\",\"valueRequired\":true,\"valueName\":\"search_term_string\"}}],\"inLanguage\":\"es\"},{\"@type\":\"Organization\",\"@id\":\"https:\/\/potenciaradiofonicadominicana.com\/portal\/#organization\",\"name\":\"PotenciaRadiofonicaDominicana.com\",\"url\":\"https:\/\/potenciaradiofonicadominicana.com\/portal\/\",\"logo\":{\"@type\":\"ImageObject\",\"inLanguage\":\"es\",\"@id\":\"https:\/\/potenciaradiofonicadominicana.com\/portal\/#\/schema\/logo\/image\/\",\"url\":\"https:\/\/potenciaradiofonicadominicana.com\/portal\/wp-content\/uploads\/2022\/01\/descarga.png\",\"contentUrl\":\"https:\/\/potenciaradiofonicadominicana.com\/portal\/wp-content\/uploads\/2022\/01\/descarga.png\",\"width\":300,\"height\":100,\"caption\":\"PotenciaRadiofonicaDominicana.com\"},\"image\":{\"@id\":\"https:\/\/potenciaradiofonicadominicana.com\/portal\/#\/schema\/logo\/image\/\"},\"sameAs\":[\"https:\/\/web.facebook.com\/PotenciaRadiofonicaD\"]},{\"@type\":\"Person\",\"@id\":\"https:\/\/potenciaradiofonicadominicana.com\/portal\/#\/schema\/person\/a5cf1fea13877803ee0573ac18b03490\",\"name\":\"Potencia Radiof\u00f3nica Dominicana\",\"image\":{\"@type\":\"ImageObject\",\"inLanguage\":\"es\",\"@id\":\"https:\/\/potenciaradiofonicadominicana.com\/portal\/#\/schema\/person\/image\/\",\"url\":\"https:\/\/secure.gravatar.com\/avatar\/42a55ab9e8ccc656ba34cd791990602a?s=96&d=mm&r=g\",\"contentUrl\":\"https:\/\/secure.gravatar.com\/avatar\/42a55ab9e8ccc656ba34cd791990602a?s=96&d=mm&r=g\",\"caption\":\"Potencia Radiof\u00f3nica Dominicana\"},\"url\":\"https:\/\/potenciaradiofonicadominicana.com\/portal\/author\/johannyalmanzar\/\"}]}<\/script>\n<!-- \/ Yoast SEO plugin. -->","yoast_head_json":{"title":"Ministro Andr\u00e9s Bautista juramenta a Carlos Alessandry Roa Howley como director ejecutivo del Plan San Juan - PotenciaRadiofonicaDominicana.com","robots":{"index":"index","follow":"follow","max-snippet":"max-snippet:-1","max-image-preview":"max-image-preview:large","max-video-preview":"max-video-preview:-1"},"canonical":"https:\/\/potenciaradiofonicadominicana.com\/portal\/ministro-andres-bautista-juramenta-a-carlos-alessandry-roa-howley-como-director-ejecutivo-del-plan-san-juan\/","og_locale":"es_ES","og_type":"article","og_title":"Ministro Andr\u00e9s Bautista juramenta a Carlos Alessandry Roa Howley como director ejecutivo del Plan San Juan - PotenciaRadiofonicaDominicana.com","og_description":"El ministro administrativo de la Presidencia,\u00a0Andr\u00e9s Bautista,\u00a0jurament\u00f3 este mi\u00e9rcoles a\u00a0Carlos\u00a0Alessandry\u00a0Roa\u00a0Howley\u00a0como\u00a0director ejecutivo\u00a0para el Desarrollo Econ\u00f3mico de la provincia San Juan, iniciativa ...","og_url":"https:\/\/potenciaradiofonicadominicana.com\/portal\/ministro-andres-bautista-juramenta-a-carlos-alessandry-roa-howley-como-director-ejecutivo-del-plan-san-juan\/","og_site_name":"PotenciaRadiofonicaDominicana.com","article_publisher":"https:\/\/web.facebook.com\/PotenciaRadiofonicaD","article_published_time":"2026-04-30T03:29:13+00:00","og_image":[{"width":1300,"height":731,"url":"https:\/\/potenciaradiofonicadominicana.com\/portal\/wp-content\/uploads\/2026\/04\/Diseno-sin-titulo-68.png","type":"image\/png"}],"author":"Potencia Radiof\u00f3nica Dominicana","twitter_card":"summary_large_image","twitter_misc":{"Escrito por":"Potencia Radiof\u00f3nica Dominicana","Tiempo de lectura":"2 minutos"},"schema":{"@context":"https:\/\/schema.org","@graph":[{"@type":"Article","@id":"https:\/\/potenciaradiofonicadominicana.com\/portal\/ministro-andres-bautista-juramenta-a-carlos-alessandry-roa-howley-como-director-ejecutivo-del-plan-san-juan\/#article","isPartOf":{"@id":"https:\/\/potenciaradiofonicadominicana.com\/portal\/ministro-andres-bautista-juramenta-a-carlos-alessandry-roa-howley-como-director-ejecutivo-del-plan-san-juan\/"},"author":{"name":"Potencia Radiof\u00f3nica Dominicana","@id":"https:\/\/potenciaradiofonicadominicana.com\/portal\/#\/schema\/person\/a5cf1fea13877803ee0573ac18b03490"},"headline":"Ministro Andr\u00e9s Bautista juramenta a Carlos Alessandry Roa Howley como director ejecutivo del Plan San Juan","datePublished":"2026-04-30T03:29:13+00:00","mainEntityOfPage":{"@id":"https:\/\/potenciaradiofonicadominicana.com\/portal\/ministro-andres-bautista-juramenta-a-carlos-alessandry-roa-howley-como-director-ejecutivo-del-plan-san-juan\/"},"wordCount":276,"publisher":{"@id":"https:\/\/potenciaradiofonicadominicana.com\/portal\/#organization"},"image":{"@id":"https:\/\/potenciaradiofonicadominicana.com\/portal\/ministro-andres-bautista-juramenta-a-carlos-alessandry-roa-howley-como-director-ejecutivo-del-plan-san-juan\/#primaryimage"},"thumbnailUrl":"https:\/\/potenciaradiofonicadominicana.com\/portal\/wp-content\/uploads\/2026\/04\/Diseno-sin-titulo-68.png","articleSection":["Noticias"],"inLanguage":"es"},{"@type":"WebPage","@id":"https:\/\/potenciaradiofonicadominicana.com\/portal\/ministro-andres-bautista-juramenta-a-carlos-alessandry-roa-howley-como-director-ejecutivo-del-plan-san-juan\/","url":"https:\/\/potenciaradiofonicadominicana.com\/portal\/ministro-andres-bautista-juramenta-a-carlos-alessandry-roa-howley-como-director-ejecutivo-del-plan-san-juan\/","name":"Ministro Andr\u00e9s Bautista juramenta a Carlos Alessandry Roa Howley como director ejecutivo del Plan San Juan - PotenciaRadiofonicaDominicana.com","isPartOf":{"@id":"https:\/\/potenciaradiofonicadominicana.com\/portal\/#website"},"primaryImageOfPage":{"@id":"https:\/\/potenciaradiofonicadominicana.com\/portal\/ministro-andres-bautista-juramenta-a-carlos-alessandry-roa-howley-como-director-ejecutivo-del-plan-san-juan\/#primaryimage"},"image":{"@id":"https:\/\/potenciaradiofonicadominicana.com\/portal\/ministro-andres-bautista-juramenta-a-carlos-alessandry-roa-howley-como-director-ejecutivo-del-plan-san-juan\/#primaryimage"},"thumbnailUrl":"https:\/\/potenciaradiofonicadominicana.com\/portal\/wp-content\/uploads\/2026\/04\/Diseno-sin-titulo-68.png","datePublished":"2026-04-30T03:29:13+00:00","breadcrumb":{"@id":"https:\/\/potenciaradiofonicadominicana.com\/portal\/ministro-andres-bautista-juramenta-a-carlos-alessandry-roa-howley-como-director-ejecutivo-del-plan-san-juan\/#breadcrumb"},"inLanguage":"es","potentialAction":[{"@type":"ReadAction","target":["https:\/\/potenciaradiofonicadominicana.com\/portal\/ministro-andres-bautista-juramenta-a-carlos-alessandry-roa-howley-como-director-ejecutivo-del-plan-san-juan\/"]}]},{"@type":"ImageObject","inLanguage":"es","@id":"https:\/\/potenciaradiofonicadominicana.com\/portal\/ministro-andres-bautista-juramenta-a-carlos-alessandry-roa-howley-como-director-ejecutivo-del-plan-san-juan\/#primaryimage","url":"https:\/\/potenciaradiofonicadominicana.com\/portal\/wp-content\/uploads\/2026\/04\/Diseno-sin-titulo-68.png","contentUrl":"https:\/\/potenciaradiofonicadominicana.com\/portal\/wp-content\/uploads\/2026\/04\/Diseno-sin-titulo-68.png","width":1300,"height":731},{"@type":"BreadcrumbList","@id":"https:\/\/potenciaradiofonicadominicana.com\/portal\/ministro-andres-bautista-juramenta-a-carlos-alessandry-roa-howley-como-director-ejecutivo-del-plan-san-juan\/#breadcrumb","itemListElement":[{"@type":"ListItem","position":1,"name":"Portada","item":"https:\/\/potenciaradiofonicadominicana.com\/portal\/"},{"@type":"ListItem","position":2,"name":"Ministro Andr\u00e9s Bautista juramenta a Carlos Alessandry Roa Howley como director ejecutivo del Plan San Juan"}]},{"@type":"WebSite","@id":"https:\/\/potenciaradiofonicadominicana.com\/portal\/#website","url":"https:\/\/potenciaradiofonicadominicana.com\/portal\/","name":"PotenciaRadiofonicaDominicana.com","description":"Peri\u00f3dico Digital","publisher":{"@id":"https:\/\/potenciaradiofonicadominicana.com\/portal\/#organization"},"potentialAction":[{"@type":"SearchAction","target":{"@type":"EntryPoint","urlTemplate":"https:\/\/potenciaradiofonicadominicana.com\/portal\/?s={search_term_string}"},"query-input":{"@type":"PropertyValueSpecification","valueRequired":true,"valueName":"search_term_string"}}],"inLanguage":"es"},{"@type":"Organization","@id":"https:\/\/potenciaradiofonicadominicana.com\/portal\/#organization","name":"PotenciaRadiofonicaDominicana.com","url":"https:\/\/potenciaradiofonicadominicana.com\/portal\/","logo":{"@type":"ImageObject","inLanguage":"es","@id":"https:\/\/potenciaradiofonicadominicana.com\/portal\/#\/schema\/logo\/image\/","url":"https:\/\/potenciaradiofonicadominicana.com\/portal\/wp-content\/uploads\/2022\/01\/descarga.png","contentUrl":"https:\/\/potenciaradiofonicadominicana.com\/portal\/wp-content\/uploads\/2022\/01\/descarga.png","width":300,"height":100,"caption":"PotenciaRadiofonicaDominicana.com"},"image":{"@id":"https:\/\/potenciaradiofonicadominicana.com\/portal\/#\/schema\/logo\/image\/"},"sameAs":["https:\/\/web.facebook.com\/PotenciaRadiofonicaD"]},{"@type":"Person","@id":"https:\/\/potenciaradiofonicadominicana.com\/portal\/#\/schema\/person\/a5cf1fea13877803ee0573ac18b03490","name":"Potencia Radiof\u00f3nica Dominicana","image":{"@type":"ImageObject","inLanguage":"es","@id":"https:\/\/potenciaradiofonicadominicana.com\/portal\/#\/schema\/person\/image\/","url":"https:\/\/secure.gravatar.com\/avatar\/42a55ab9e8ccc656ba34cd791990602a?s=96&d=mm&r=g","contentUrl":"https:\/\/secure.gravatar.com\/avatar\/42a55ab9e8ccc656ba34cd791990602a?s=96&d=mm&r=g","caption":"Potencia Radiof\u00f3nica Dominicana"},"url":"https:\/\/potenciaradiofonicadominicana.com\/portal\/author\/johannyalmanzar\/"}]}},"_links":{"self":[{"href":"https:\/\/potenciaradiofonicadominicana.com\/portal\/wp-json\/wp\/v2\/posts\/216267","targetHints":{"allow":["GET"]}}],"collection":[{"href":"https:\/\/potenciaradiofonicadominicana.com\/portal\/wp-json\/wp\/v2\/posts"}],"about":[{"href":"https:\/\/potenciaradiofonicadominicana.com\/portal\/wp-json\/wp\/v2\/types\/post"}],"author":[{"embeddable":true,"href":"https:\/\/potenciaradiofonicadominicana.com\/portal\/wp-json\/wp\/v2\/users\/2"}],"replies":[{"embeddable":true,"href":"https:\/\/potenciaradiofonicadominicana.com\/portal\/wp-json\/wp\/v2\/comments?post=216267"}],"version-history":[{"count":1,"href":"https:\/\/potenciaradiofonicadominicana.com\/portal\/wp-json\/wp\/v2\/posts\/216267\/revisions"}],"predecessor-version":[{"id":216270,"href":"https:\/\/potenciaradiofonicadominicana.com\/portal\/wp-json\/wp\/v2\/posts\/216267\/revisions\/216270"}],"wp:featuredmedia":[{"embeddable":true,"href":"https:\/\/potenciaradiofonicadominicana.com\/portal\/wp-json\/wp\/v2\/media\/216269"}],"wp:attachment":[{"href":"https:\/\/potenciaradiofonicadominicana.com\/portal\/wp-json\/wp\/v2\/media?parent=216267"}],"wp:term":[{"taxonomy":"category","embeddable":true,"href":"https:\/\/potenciaradiofonicadominicana.com\/portal\/wp-json\/wp\/v2\/categories?post=216267"},{"taxonomy":"post_tag","embeddable":true,"href":"https:\/\/potenciaradiofonicadominicana.com\/portal\/wp-json\/wp\/v2\/tags?post=216267"}],"curies":[{"name":"wp","href":"https:\/\/api.w.org\/{rel}","templated":true}]}}