{"id":216266,"date":"2026-04-29T23:29:38","date_gmt":"2026-04-30T03:29:38","guid":{"rendered":"https:\/\/potenciaradiofonicadominicana.com\/portal\/?p=216266"},"modified":"2026-04-29T23:29:38","modified_gmt":"2026-04-30T03:29:38","slug":"guerrilleros-asumen-autoria-de-atentado-con-21-muertos-en-colombia","status":"publish","type":"post","link":"https:\/\/potenciaradiofonicadominicana.com\/portal\/guerrilleros-asumen-autoria-de-atentado-con-21-muertos-en-colombia\/","title":{"rendered":"Guerrilleros asumen autor\u00eda de atentado con 21 muertos en Colombia"},"content":{"rendered":"<p><a href=\"https:\/\/potenciaradiofonicadominicana.com\/portal\/wp-content\/uploads\/2026\/04\/escena-atentado-colombia-efe-71a5a121919c7b05805a5be5636bf1b74f2dc514w-283fb9f0-focus-0-0-896-504.jpg\"><img loading=\"lazy\" decoding=\"async\" class=\"alignnone size-full wp-image-216268\" src=\"https:\/\/potenciaradiofonicadominicana.com\/portal\/wp-content\/uploads\/2026\/04\/escena-atentado-colombia-efe-71a5a121919c7b05805a5be5636bf1b74f2dc514w-283fb9f0-focus-0-0-896-504.jpg\" alt=\"\" width=\"896\" height=\"504\" srcset=\"https:\/\/potenciaradiofonicadominicana.com\/portal\/wp-content\/uploads\/2026\/04\/escena-atentado-colombia-efe-71a5a121919c7b05805a5be5636bf1b74f2dc514w-283fb9f0-focus-0-0-896-504.jpg 896w, https:\/\/potenciaradiofonicadominicana.com\/portal\/wp-content\/uploads\/2026\/04\/escena-atentado-colombia-efe-71a5a121919c7b05805a5be5636bf1b74f2dc514w-283fb9f0-focus-0-0-896-504-300x169.jpg 300w, https:\/\/potenciaradiofonicadominicana.com\/portal\/wp-content\/uploads\/2026\/04\/escena-atentado-colombia-efe-71a5a121919c7b05805a5be5636bf1b74f2dc514w-283fb9f0-focus-0-0-896-504-768x432.jpg 768w\" sizes=\"auto, (max-width: 896px) 100vw, 896px\" \/><\/a><\/p>\n<p><strong>Guerrilleros disidentes<\/strong>\u00a0de las\u00a0<strong>extintas FARC<\/strong>\u00a0asumieron con \u00abdolor\u00bb la autor\u00eda del atentado que, por un \u00ab<strong>error t\u00e1ctico<\/strong>\u00ab, caus\u00f3\u00a0<strong>21 civiles muertos<\/strong>\u00a0en\u00a0<strong>Colombia<\/strong>\u00a0el fin de semana, a poco m\u00e1s de un mes de las\u00a0<strong>elecciones presidenciales<\/strong>.<\/p>\n<p>El\u00a0<strong>Estado Mayor Central<\/strong>\u00a0(<strong>EMC<\/strong>), la principal de miembros de las\u00a0<strong>FARC<\/strong>\u00a0que no firmaron el acuerdo de paz de 2016, asegur\u00f3 la noche del martes en un comunicado que el hecho ocurri\u00f3 en medio de combates con el ej\u00e9rcito y se debi\u00f3 a \u00aberrores\u00bb en sus maniobras militares.<\/p>\n<p>\u00abCon profundo dolor debemos asumir la responsabilidad pol\u00edtica por este\u00a0<strong>error t\u00e1ctico<\/strong>, que no tiene justificaci\u00f3n alguna\u00bb, se\u00f1ala el texto.<\/p>\n<p><strong>Explosivos activados<\/strong>\u00a0por los rebeldes el s\u00e1bado en una carretera del\u00a0<strong>departamento del Cauca<\/strong>\u00a0(suroeste) tambi\u00e9n causaron\u00a0<strong>56 heridos<\/strong>.<\/p>\n<p>Se trata del\u00a0<strong>ataque guerrillero<\/strong>\u00a0<strong>m\u00e1s violento<\/strong>\u00a0contra civiles en dos d\u00e9cadas, y que se produjo a poco m\u00e1s de un mes de la primera vuelta de las presidenciales del 31 de mayo en las que el candidato de la\u00a0<strong>izquierda<\/strong> gobernante es favorito.<\/p>\n<p>Una\u00a0<strong>fuente del ej\u00e9rcito<\/strong>\u00a0dijo a la AFP que los guerrilleros hab\u00edan instalado un\u00a0<strong>puesto de control<\/strong>\u00a0en la carretera para tender una\u00a0<strong>emboscada a militares<\/strong>.<\/p>\n<p>Represalia por presi\u00f3n militar<\/p>\n<p>El\u00a0<strong>ministro de Defensa<\/strong>,\u00a0<strong>Pedro S\u00e1nchez<\/strong>, afirm\u00f3 que se trata de una represalia tras la presi\u00f3n militar, luego de las fallidas negociaciones de paz entre el presidente\u00a0<strong>Gustavo Petro<\/strong>\u00a0e Iv\u00e1n Mordisco, l\u00edder del\u00a0<strong>EMC<\/strong>\u00a0y el guerrillero m\u00e1s buscado del pa\u00eds.<\/p>\n<p>El principal\u00a0<strong>responsable<\/strong>\u00a0del atentado,\u00a0<strong>alias \u00abMi Pez\u00bb<\/strong>, fue\u00a0<strong>capturado<\/strong>\u00a0el martes.<\/p>\n<p>El mandatario asegur\u00f3 que el atentado buscaba \u00absabotear las\u00a0<strong>elecciones<\/strong>\u00bb en las que la\u00a0<strong>izquierda<\/strong>\u00a0busca conservar el poder tras llegar a la presidencia por primera vez en 2022.<\/p>\n<p><strong>Iv\u00e1n Cepeda<\/strong>, candidato del partido de Petro, es favorito en las encuestas para los comicios, en los que enfrenta al abogado derechista\u00a0<strong>Abelardo de la Espriella<\/strong>\u00a0y a la opositora\u00a0<strong>Paloma Valencia<\/strong>.<\/p>\n<p>La senadora propuso recientemente como su\u00a0<strong>ministro de Defensa<\/strong>\u00a0al expresidente\u00a0<strong>\u00c1lvaro Uribe<\/strong>\u00a0(2002-2010), que durante su gobierno diezm\u00f3 a las guerrillas con una fuerte arremetida de la mano de Estados Unidos.<\/p>\n","protected":false},"excerpt":{"rendered":"<p>Guerrilleros disidentes\u00a0de las\u00a0extintas FARC\u00a0asumieron con \u00abdolor\u00bb la autor\u00eda del atentado que, por un \u00aberror t\u00e1ctico\u00ab, caus\u00f3\u00a021 civiles muertos\u00a0en\u00a0Colombia\u00a0el fin de &#8230;<\/p>\n","protected":false},"author":2,"featured_media":216268,"comment_status":"closed","ping_status":"closed","sticky":false,"template":"","format":"standard","meta":{"footnotes":""},"categories":[30],"tags":[],"class_list":["post-216266","post","type-post","status-publish","format-standard","has-post-thumbnail","hentry","category-internacional"],"yoast_head":"<!-- This site is optimized with the Yoast SEO plugin v24.8.1 - https:\/\/yoast.com\/wordpress\/plugins\/seo\/ -->\n<title>Guerrilleros asumen autor\u00eda de atentado con 21 muertos en Colombia - PotenciaRadiofonicaDominicana.com<\/title>\n<meta name=\"robots\" content=\"index, follow, max-snippet:-1, max-image-preview:large, max-video-preview:-1\" \/>\n<link rel=\"canonical\" href=\"https:\/\/potenciaradiofonicadominicana.com\/portal\/guerrilleros-asumen-autoria-de-atentado-con-21-muertos-en-colombia\/\" \/>\n<meta property=\"og:locale\" content=\"es_ES\" \/>\n<meta property=\"og:type\" content=\"article\" \/>\n<meta property=\"og:title\" content=\"Guerrilleros asumen autor\u00eda de atentado con 21 muertos en Colombia - PotenciaRadiofonicaDominicana.com\" \/>\n<meta property=\"og:description\" content=\"Guerrilleros disidentes\u00a0de las\u00a0extintas FARC\u00a0asumieron con \u00abdolor\u00bb la autor\u00eda del atentado que, por un \u00aberror t\u00e1ctico\u00ab, caus\u00f3\u00a021 civiles muertos\u00a0en\u00a0Colombia\u00a0el fin de ...\" \/>\n<meta property=\"og:url\" content=\"https:\/\/potenciaradiofonicadominicana.com\/portal\/guerrilleros-asumen-autoria-de-atentado-con-21-muertos-en-colombia\/\" \/>\n<meta property=\"og:site_name\" content=\"PotenciaRadiofonicaDominicana.com\" \/>\n<meta property=\"article:publisher\" content=\"https:\/\/web.facebook.com\/PotenciaRadiofonicaD\" \/>\n<meta property=\"article:published_time\" content=\"2026-04-30T03:29:38+00:00\" \/>\n<meta property=\"og:image\" content=\"https:\/\/potenciaradiofonicadominicana.com\/portal\/wp-content\/uploads\/2026\/04\/escena-atentado-colombia-efe-71a5a121919c7b05805a5be5636bf1b74f2dc514w-283fb9f0-focus-0-0-896-504.jpg\" \/>\n\t<meta property=\"og:image:width\" content=\"896\" \/>\n\t<meta property=\"og:image:height\" content=\"504\" \/>\n\t<meta property=\"og:image:type\" content=\"image\/jpeg\" \/>\n<meta name=\"author\" content=\"Potencia Radiof\u00f3nica Dominicana\" \/>\n<meta name=\"twitter:card\" content=\"summary_large_image\" \/>\n<meta name=\"twitter:label1\" content=\"Escrito por\" \/>\n\t<meta name=\"twitter:data1\" content=\"Potencia Radiof\u00f3nica Dominicana\" \/>\n\t<meta name=\"twitter:label2\" content=\"Tiempo de lectura\" \/>\n\t<meta name=\"twitter:data2\" content=\"2 minutos\" \/>\n<script type=\"application\/ld+json\" class=\"yoast-schema-graph\">{\"@context\":\"https:\/\/schema.org\",\"@graph\":[{\"@type\":\"Article\",\"@id\":\"https:\/\/potenciaradiofonicadominicana.com\/portal\/guerrilleros-asumen-autoria-de-atentado-con-21-muertos-en-colombia\/#article\",\"isPartOf\":{\"@id\":\"https:\/\/potenciaradiofonicadominicana.com\/portal\/guerrilleros-asumen-autoria-de-atentado-con-21-muertos-en-colombia\/\"},\"author\":{\"name\":\"Potencia Radiof\u00f3nica Dominicana\",\"@id\":\"https:\/\/potenciaradiofonicadominicana.com\/portal\/#\/schema\/person\/a5cf1fea13877803ee0573ac18b03490\"},\"headline\":\"Guerrilleros asumen autor\u00eda de atentado con 21 muertos en Colombia\",\"datePublished\":\"2026-04-30T03:29:38+00:00\",\"mainEntityOfPage\":{\"@id\":\"https:\/\/potenciaradiofonicadominicana.com\/portal\/guerrilleros-asumen-autoria-de-atentado-con-21-muertos-en-colombia\/\"},\"wordCount\":375,\"publisher\":{\"@id\":\"https:\/\/potenciaradiofonicadominicana.com\/portal\/#organization\"},\"image\":{\"@id\":\"https:\/\/potenciaradiofonicadominicana.com\/portal\/guerrilleros-asumen-autoria-de-atentado-con-21-muertos-en-colombia\/#primaryimage\"},\"thumbnailUrl\":\"https:\/\/potenciaradiofonicadominicana.com\/portal\/wp-content\/uploads\/2026\/04\/escena-atentado-colombia-efe-71a5a121919c7b05805a5be5636bf1b74f2dc514w-283fb9f0-focus-0-0-896-504.jpg\",\"articleSection\":[\"Internacional\"],\"inLanguage\":\"es\"},{\"@type\":\"WebPage\",\"@id\":\"https:\/\/potenciaradiofonicadominicana.com\/portal\/guerrilleros-asumen-autoria-de-atentado-con-21-muertos-en-colombia\/\",\"url\":\"https:\/\/potenciaradiofonicadominicana.com\/portal\/guerrilleros-asumen-autoria-de-atentado-con-21-muertos-en-colombia\/\",\"name\":\"Guerrilleros asumen autor\u00eda de atentado con 21 muertos en Colombia - PotenciaRadiofonicaDominicana.com\",\"isPartOf\":{\"@id\":\"https:\/\/potenciaradiofonicadominicana.com\/portal\/#website\"},\"primaryImageOfPage\":{\"@id\":\"https:\/\/potenciaradiofonicadominicana.com\/portal\/guerrilleros-asumen-autoria-de-atentado-con-21-muertos-en-colombia\/#primaryimage\"},\"image\":{\"@id\":\"https:\/\/potenciaradiofonicadominicana.com\/portal\/guerrilleros-asumen-autoria-de-atentado-con-21-muertos-en-colombia\/#primaryimage\"},\"thumbnailUrl\":\"https:\/\/potenciaradiofonicadominicana.com\/portal\/wp-content\/uploads\/2026\/04\/escena-atentado-colombia-efe-71a5a121919c7b05805a5be5636bf1b74f2dc514w-283fb9f0-focus-0-0-896-504.jpg\",\"datePublished\":\"2026-04-30T03:29:38+00:00\",\"breadcrumb\":{\"@id\":\"https:\/\/potenciaradiofonicadominicana.com\/portal\/guerrilleros-asumen-autoria-de-atentado-con-21-muertos-en-colombia\/#breadcrumb\"},\"inLanguage\":\"es\",\"potentialAction\":[{\"@type\":\"ReadAction\",\"target\":[\"https:\/\/potenciaradiofonicadominicana.com\/portal\/guerrilleros-asumen-autoria-de-atentado-con-21-muertos-en-colombia\/\"]}]},{\"@type\":\"ImageObject\",\"inLanguage\":\"es\",\"@id\":\"https:\/\/potenciaradiofonicadominicana.com\/portal\/guerrilleros-asumen-autoria-de-atentado-con-21-muertos-en-colombia\/#primaryimage\",\"url\":\"https:\/\/potenciaradiofonicadominicana.com\/portal\/wp-content\/uploads\/2026\/04\/escena-atentado-colombia-efe-71a5a121919c7b05805a5be5636bf1b74f2dc514w-283fb9f0-focus-0-0-896-504.jpg\",\"contentUrl\":\"https:\/\/potenciaradiofonicadominicana.com\/portal\/wp-content\/uploads\/2026\/04\/escena-atentado-colombia-efe-71a5a121919c7b05805a5be5636bf1b74f2dc514w-283fb9f0-focus-0-0-896-504.jpg\",\"width\":896,\"height\":504},{\"@type\":\"BreadcrumbList\",\"@id\":\"https:\/\/potenciaradiofonicadominicana.com\/portal\/guerrilleros-asumen-autoria-de-atentado-con-21-muertos-en-colombia\/#breadcrumb\",\"itemListElement\":[{\"@type\":\"ListItem\",\"position\":1,\"name\":\"Portada\",\"item\":\"https:\/\/potenciaradiofonicadominicana.com\/portal\/\"},{\"@type\":\"ListItem\",\"position\":2,\"name\":\"Guerrilleros asumen autor\u00eda de atentado con 21 muertos en Colombia\"}]},{\"@type\":\"WebSite\",\"@id\":\"https:\/\/potenciaradiofonicadominicana.com\/portal\/#website\",\"url\":\"https:\/\/potenciaradiofonicadominicana.com\/portal\/\",\"name\":\"PotenciaRadiofonicaDominicana.com\",\"description\":\"Peri\u00f3dico Digital\",\"publisher\":{\"@id\":\"https:\/\/potenciaradiofonicadominicana.com\/portal\/#organization\"},\"potentialAction\":[{\"@type\":\"SearchAction\",\"target\":{\"@type\":\"EntryPoint\",\"urlTemplate\":\"https:\/\/potenciaradiofonicadominicana.com\/portal\/?s={search_term_string}\"},\"query-input\":{\"@type\":\"PropertyValueSpecification\",\"valueRequired\":true,\"valueName\":\"search_term_string\"}}],\"inLanguage\":\"es\"},{\"@type\":\"Organization\",\"@id\":\"https:\/\/potenciaradiofonicadominicana.com\/portal\/#organization\",\"name\":\"PotenciaRadiofonicaDominicana.com\",\"url\":\"https:\/\/potenciaradiofonicadominicana.com\/portal\/\",\"logo\":{\"@type\":\"ImageObject\",\"inLanguage\":\"es\",\"@id\":\"https:\/\/potenciaradiofonicadominicana.com\/portal\/#\/schema\/logo\/image\/\",\"url\":\"https:\/\/potenciaradiofonicadominicana.com\/portal\/wp-content\/uploads\/2022\/01\/descarga.png\",\"contentUrl\":\"https:\/\/potenciaradiofonicadominicana.com\/portal\/wp-content\/uploads\/2022\/01\/descarga.png\",\"width\":300,\"height\":100,\"caption\":\"PotenciaRadiofonicaDominicana.com\"},\"image\":{\"@id\":\"https:\/\/potenciaradiofonicadominicana.com\/portal\/#\/schema\/logo\/image\/\"},\"sameAs\":[\"https:\/\/web.facebook.com\/PotenciaRadiofonicaD\"]},{\"@type\":\"Person\",\"@id\":\"https:\/\/potenciaradiofonicadominicana.com\/portal\/#\/schema\/person\/a5cf1fea13877803ee0573ac18b03490\",\"name\":\"Potencia Radiof\u00f3nica Dominicana\",\"image\":{\"@type\":\"ImageObject\",\"inLanguage\":\"es\",\"@id\":\"https:\/\/potenciaradiofonicadominicana.com\/portal\/#\/schema\/person\/image\/\",\"url\":\"https:\/\/secure.gravatar.com\/avatar\/42a55ab9e8ccc656ba34cd791990602a?s=96&d=mm&r=g\",\"contentUrl\":\"https:\/\/secure.gravatar.com\/avatar\/42a55ab9e8ccc656ba34cd791990602a?s=96&d=mm&r=g\",\"caption\":\"Potencia Radiof\u00f3nica Dominicana\"},\"url\":\"https:\/\/potenciaradiofonicadominicana.com\/portal\/author\/johannyalmanzar\/\"}]}<\/script>\n<!-- \/ Yoast SEO plugin. -->","yoast_head_json":{"title":"Guerrilleros asumen autor\u00eda de atentado con 21 muertos en Colombia - PotenciaRadiofonicaDominicana.com","robots":{"index":"index","follow":"follow","max-snippet":"max-snippet:-1","max-image-preview":"max-image-preview:large","max-video-preview":"max-video-preview:-1"},"canonical":"https:\/\/potenciaradiofonicadominicana.com\/portal\/guerrilleros-asumen-autoria-de-atentado-con-21-muertos-en-colombia\/","og_locale":"es_ES","og_type":"article","og_title":"Guerrilleros asumen autor\u00eda de atentado con 21 muertos en Colombia - PotenciaRadiofonicaDominicana.com","og_description":"Guerrilleros disidentes\u00a0de las\u00a0extintas FARC\u00a0asumieron con \u00abdolor\u00bb la autor\u00eda del atentado que, por un \u00aberror t\u00e1ctico\u00ab, caus\u00f3\u00a021 civiles muertos\u00a0en\u00a0Colombia\u00a0el fin de ...","og_url":"https:\/\/potenciaradiofonicadominicana.com\/portal\/guerrilleros-asumen-autoria-de-atentado-con-21-muertos-en-colombia\/","og_site_name":"PotenciaRadiofonicaDominicana.com","article_publisher":"https:\/\/web.facebook.com\/PotenciaRadiofonicaD","article_published_time":"2026-04-30T03:29:38+00:00","og_image":[{"width":896,"height":504,"url":"https:\/\/potenciaradiofonicadominicana.com\/portal\/wp-content\/uploads\/2026\/04\/escena-atentado-colombia-efe-71a5a121919c7b05805a5be5636bf1b74f2dc514w-283fb9f0-focus-0-0-896-504.jpg","type":"image\/jpeg"}],"author":"Potencia Radiof\u00f3nica Dominicana","twitter_card":"summary_large_image","twitter_misc":{"Escrito por":"Potencia Radiof\u00f3nica Dominicana","Tiempo de lectura":"2 minutos"},"schema":{"@context":"https:\/\/schema.org","@graph":[{"@type":"Article","@id":"https:\/\/potenciaradiofonicadominicana.com\/portal\/guerrilleros-asumen-autoria-de-atentado-con-21-muertos-en-colombia\/#article","isPartOf":{"@id":"https:\/\/potenciaradiofonicadominicana.com\/portal\/guerrilleros-asumen-autoria-de-atentado-con-21-muertos-en-colombia\/"},"author":{"name":"Potencia Radiof\u00f3nica Dominicana","@id":"https:\/\/potenciaradiofonicadominicana.com\/portal\/#\/schema\/person\/a5cf1fea13877803ee0573ac18b03490"},"headline":"Guerrilleros asumen autor\u00eda de atentado con 21 muertos en Colombia","datePublished":"2026-04-30T03:29:38+00:00","mainEntityOfPage":{"@id":"https:\/\/potenciaradiofonicadominicana.com\/portal\/guerrilleros-asumen-autoria-de-atentado-con-21-muertos-en-colombia\/"},"wordCount":375,"publisher":{"@id":"https:\/\/potenciaradiofonicadominicana.com\/portal\/#organization"},"image":{"@id":"https:\/\/potenciaradiofonicadominicana.com\/portal\/guerrilleros-asumen-autoria-de-atentado-con-21-muertos-en-colombia\/#primaryimage"},"thumbnailUrl":"https:\/\/potenciaradiofonicadominicana.com\/portal\/wp-content\/uploads\/2026\/04\/escena-atentado-colombia-efe-71a5a121919c7b05805a5be5636bf1b74f2dc514w-283fb9f0-focus-0-0-896-504.jpg","articleSection":["Internacional"],"inLanguage":"es"},{"@type":"WebPage","@id":"https:\/\/potenciaradiofonicadominicana.com\/portal\/guerrilleros-asumen-autoria-de-atentado-con-21-muertos-en-colombia\/","url":"https:\/\/potenciaradiofonicadominicana.com\/portal\/guerrilleros-asumen-autoria-de-atentado-con-21-muertos-en-colombia\/","name":"Guerrilleros asumen autor\u00eda de atentado con 21 muertos en Colombia - PotenciaRadiofonicaDominicana.com","isPartOf":{"@id":"https:\/\/potenciaradiofonicadominicana.com\/portal\/#website"},"primaryImageOfPage":{"@id":"https:\/\/potenciaradiofonicadominicana.com\/portal\/guerrilleros-asumen-autoria-de-atentado-con-21-muertos-en-colombia\/#primaryimage"},"image":{"@id":"https:\/\/potenciaradiofonicadominicana.com\/portal\/guerrilleros-asumen-autoria-de-atentado-con-21-muertos-en-colombia\/#primaryimage"},"thumbnailUrl":"https:\/\/potenciaradiofonicadominicana.com\/portal\/wp-content\/uploads\/2026\/04\/escena-atentado-colombia-efe-71a5a121919c7b05805a5be5636bf1b74f2dc514w-283fb9f0-focus-0-0-896-504.jpg","datePublished":"2026-04-30T03:29:38+00:00","breadcrumb":{"@id":"https:\/\/potenciaradiofonicadominicana.com\/portal\/guerrilleros-asumen-autoria-de-atentado-con-21-muertos-en-colombia\/#breadcrumb"},"inLanguage":"es","potentialAction":[{"@type":"ReadAction","target":["https:\/\/potenciaradiofonicadominicana.com\/portal\/guerrilleros-asumen-autoria-de-atentado-con-21-muertos-en-colombia\/"]}]},{"@type":"ImageObject","inLanguage":"es","@id":"https:\/\/potenciaradiofonicadominicana.com\/portal\/guerrilleros-asumen-autoria-de-atentado-con-21-muertos-en-colombia\/#primaryimage","url":"https:\/\/potenciaradiofonicadominicana.com\/portal\/wp-content\/uploads\/2026\/04\/escena-atentado-colombia-efe-71a5a121919c7b05805a5be5636bf1b74f2dc514w-283fb9f0-focus-0-0-896-504.jpg","contentUrl":"https:\/\/potenciaradiofonicadominicana.com\/portal\/wp-content\/uploads\/2026\/04\/escena-atentado-colombia-efe-71a5a121919c7b05805a5be5636bf1b74f2dc514w-283fb9f0-focus-0-0-896-504.jpg","width":896,"height":504},{"@type":"BreadcrumbList","@id":"https:\/\/potenciaradiofonicadominicana.com\/portal\/guerrilleros-asumen-autoria-de-atentado-con-21-muertos-en-colombia\/#breadcrumb","itemListElement":[{"@type":"ListItem","position":1,"name":"Portada","item":"https:\/\/potenciaradiofonicadominicana.com\/portal\/"},{"@type":"ListItem","position":2,"name":"Guerrilleros asumen autor\u00eda de atentado con 21 muertos en Colombia"}]},{"@type":"WebSite","@id":"https:\/\/potenciaradiofonicadominicana.com\/portal\/#website","url":"https:\/\/potenciaradiofonicadominicana.com\/portal\/","name":"PotenciaRadiofonicaDominicana.com","description":"Peri\u00f3dico Digital","publisher":{"@id":"https:\/\/potenciaradiofonicadominicana.com\/portal\/#organization"},"potentialAction":[{"@type":"SearchAction","target":{"@type":"EntryPoint","urlTemplate":"https:\/\/potenciaradiofonicadominicana.com\/portal\/?s={search_term_string}"},"query-input":{"@type":"PropertyValueSpecification","valueRequired":true,"valueName":"search_term_string"}}],"inLanguage":"es"},{"@type":"Organization","@id":"https:\/\/potenciaradiofonicadominicana.com\/portal\/#organization","name":"PotenciaRadiofonicaDominicana.com","url":"https:\/\/potenciaradiofonicadominicana.com\/portal\/","logo":{"@type":"ImageObject","inLanguage":"es","@id":"https:\/\/potenciaradiofonicadominicana.com\/portal\/#\/schema\/logo\/image\/","url":"https:\/\/potenciaradiofonicadominicana.com\/portal\/wp-content\/uploads\/2022\/01\/descarga.png","contentUrl":"https:\/\/potenciaradiofonicadominicana.com\/portal\/wp-content\/uploads\/2022\/01\/descarga.png","width":300,"height":100,"caption":"PotenciaRadiofonicaDominicana.com"},"image":{"@id":"https:\/\/potenciaradiofonicadominicana.com\/portal\/#\/schema\/logo\/image\/"},"sameAs":["https:\/\/web.facebook.com\/PotenciaRadiofonicaD"]},{"@type":"Person","@id":"https:\/\/potenciaradiofonicadominicana.com\/portal\/#\/schema\/person\/a5cf1fea13877803ee0573ac18b03490","name":"Potencia Radiof\u00f3nica Dominicana","image":{"@type":"ImageObject","inLanguage":"es","@id":"https:\/\/potenciaradiofonicadominicana.com\/portal\/#\/schema\/person\/image\/","url":"https:\/\/secure.gravatar.com\/avatar\/42a55ab9e8ccc656ba34cd791990602a?s=96&d=mm&r=g","contentUrl":"https:\/\/secure.gravatar.com\/avatar\/42a55ab9e8ccc656ba34cd791990602a?s=96&d=mm&r=g","caption":"Potencia Radiof\u00f3nica Dominicana"},"url":"https:\/\/potenciaradiofonicadominicana.com\/portal\/author\/johannyalmanzar\/"}]}},"_links":{"self":[{"href":"https:\/\/potenciaradiofonicadominicana.com\/portal\/wp-json\/wp\/v2\/posts\/216266","targetHints":{"allow":["GET"]}}],"collection":[{"href":"https:\/\/potenciaradiofonicadominicana.com\/portal\/wp-json\/wp\/v2\/posts"}],"about":[{"href":"https:\/\/potenciaradiofonicadominicana.com\/portal\/wp-json\/wp\/v2\/types\/post"}],"author":[{"embeddable":true,"href":"https:\/\/potenciaradiofonicadominicana.com\/portal\/wp-json\/wp\/v2\/users\/2"}],"replies":[{"embeddable":true,"href":"https:\/\/potenciaradiofonicadominicana.com\/portal\/wp-json\/wp\/v2\/comments?post=216266"}],"version-history":[{"count":1,"href":"https:\/\/potenciaradiofonicadominicana.com\/portal\/wp-json\/wp\/v2\/posts\/216266\/revisions"}],"predecessor-version":[{"id":216271,"href":"https:\/\/potenciaradiofonicadominicana.com\/portal\/wp-json\/wp\/v2\/posts\/216266\/revisions\/216271"}],"wp:featuredmedia":[{"embeddable":true,"href":"https:\/\/potenciaradiofonicadominicana.com\/portal\/wp-json\/wp\/v2\/media\/216268"}],"wp:attachment":[{"href":"https:\/\/potenciaradiofonicadominicana.com\/portal\/wp-json\/wp\/v2\/media?parent=216266"}],"wp:term":[{"taxonomy":"category","embeddable":true,"href":"https:\/\/potenciaradiofonicadominicana.com\/portal\/wp-json\/wp\/v2\/categories?post=216266"},{"taxonomy":"post_tag","embeddable":true,"href":"https:\/\/potenciaradiofonicadominicana.com\/portal\/wp-json\/wp\/v2\/tags?post=216266"}],"curies":[{"name":"wp","href":"https:\/\/api.w.org\/{rel}","templated":true}]}}