{"id":216258,"date":"2026-04-29T23:27:11","date_gmt":"2026-04-30T03:27:11","guid":{"rendered":"https:\/\/potenciaradiofonicadominicana.com\/portal\/?p=216258"},"modified":"2026-04-29T23:27:11","modified_gmt":"2026-04-30T03:27:11","slug":"la-flotilla-global-sumud-reporta-once-barcos-interceptados-por-las-fuerzas-israelies","status":"publish","type":"post","link":"https:\/\/potenciaradiofonicadominicana.com\/portal\/la-flotilla-global-sumud-reporta-once-barcos-interceptados-por-las-fuerzas-israelies\/","title":{"rendered":"La Flotilla Global Sumud reporta once barcos interceptados por las fuerzas israel\u00edes"},"content":{"rendered":"<p><a href=\"https:\/\/potenciaradiofonicadominicana.com\/portal\/wp-content\/uploads\/2026\/04\/mayoria-de-detenidos-de-la-flotilla-acepta-deportacion-segun-fuente-2b03ee63-focus-0-0-896-504.jpg\"><img loading=\"lazy\" decoding=\"async\" class=\"alignnone size-full wp-image-216260\" src=\"https:\/\/potenciaradiofonicadominicana.com\/portal\/wp-content\/uploads\/2026\/04\/mayoria-de-detenidos-de-la-flotilla-acepta-deportacion-segun-fuente-2b03ee63-focus-0-0-896-504.jpg\" alt=\"\" width=\"896\" height=\"504\" srcset=\"https:\/\/potenciaradiofonicadominicana.com\/portal\/wp-content\/uploads\/2026\/04\/mayoria-de-detenidos-de-la-flotilla-acepta-deportacion-segun-fuente-2b03ee63-focus-0-0-896-504.jpg 896w, https:\/\/potenciaradiofonicadominicana.com\/portal\/wp-content\/uploads\/2026\/04\/mayoria-de-detenidos-de-la-flotilla-acepta-deportacion-segun-fuente-2b03ee63-focus-0-0-896-504-300x169.jpg 300w, https:\/\/potenciaradiofonicadominicana.com\/portal\/wp-content\/uploads\/2026\/04\/mayoria-de-detenidos-de-la-flotilla-acepta-deportacion-segun-fuente-2b03ee63-focus-0-0-896-504-768x432.jpg 768w\" sizes=\"auto, (max-width: 896px) 100vw, 896px\" \/><\/a><\/p>\n<p>La\u00a0<strong>Flotilla Global Sumud<\/strong>, que\u00a0<strong>navega rumbo<\/strong>\u00a0a la Franja de Gaza con 58 embarcaciones, report\u00f3 este jueves la\u00a0<strong>interceptaci\u00f3n de once barcos<\/strong>\u00a0por las fuerzas israel\u00edes en\u00a0<strong>aguas internacionales<\/strong>\u00a0cerca de las costas de Grecia, seg\u00fan su rastreador.<\/p>\n<p>Este anuncio llega despu\u00e9s de que la\u00a0<strong>misi\u00f3n humanitaria<\/strong>\u00a0anunciase horas antes que hab\u00eda ha perdido la comunicaci\u00f3n con once de sus naves, mientras que los\u00a0<strong>medios israel\u00edes<\/strong>\u00a0afirmaban que otras siete hab\u00edan sido interceptadas.<\/p>\n<p>\u00ab<strong>Embarcaciones militares israel\u00edes<\/strong>\u00a0han rodeado ilegalmente a la Flotilla en\u00a0<strong>aguas internacionales<\/strong>\u00a0y han\u00a0<strong>amenazado con secuestros<\/strong>\u00a0y violencia\u00bb, asegur\u00f3 la organizaci\u00f3n en un comunicado.<\/p>\n<p>En paralelo, el enviado de Israel ante la ONU,\u00a0<strong>Danny Danon<\/strong>, afirm\u00f3 en X que \u00abotra\u00a0<strong>flotilla provocadora<\/strong>\u00a0fue interceptada antes de llegar\u00bb a su \u00e1rea, tras asegurar que los\u00a0<strong>soldados israel\u00edes<\/strong>\u00a0que participaron en la operaci\u00f3n actuaron con \u00abprofesionalidad y determinaci\u00f3n al enfrentarse a un grupo de agitadores delirantes que buscaban llamar la atenci\u00f3n\u00bb.<\/p>\n<p>Las interceptaciones sucedieron en las aguas que separan la pen\u00ednsula griega del Peloponeso y la isla de Creta, seg\u00fan el rastreador de la propia Flotilla, que denunci\u00f3 \u00ab<strong>incidentes<\/strong>\u00bb con \u00ab<strong>drones y barcos militares<\/strong>\u00a0sospechosos\u00bb.<\/p>\n","protected":false},"excerpt":{"rendered":"<p>La\u00a0Flotilla Global Sumud, que\u00a0navega rumbo\u00a0a la Franja de Gaza con 58 embarcaciones, report\u00f3 este jueves la\u00a0interceptaci\u00f3n de once barcos\u00a0por las &#8230;<\/p>\n","protected":false},"author":2,"featured_media":216260,"comment_status":"closed","ping_status":"closed","sticky":false,"template":"","format":"standard","meta":{"footnotes":""},"categories":[30],"tags":[],"class_list":["post-216258","post","type-post","status-publish","format-standard","has-post-thumbnail","hentry","category-internacional"],"yoast_head":"<!-- This site is optimized with the Yoast SEO plugin v24.8.1 - https:\/\/yoast.com\/wordpress\/plugins\/seo\/ -->\n<title>La Flotilla Global Sumud reporta once barcos interceptados por las fuerzas israel\u00edes - PotenciaRadiofonicaDominicana.com<\/title>\n<meta name=\"robots\" content=\"index, follow, max-snippet:-1, max-image-preview:large, max-video-preview:-1\" \/>\n<link rel=\"canonical\" href=\"https:\/\/potenciaradiofonicadominicana.com\/portal\/la-flotilla-global-sumud-reporta-once-barcos-interceptados-por-las-fuerzas-israelies\/\" \/>\n<meta property=\"og:locale\" content=\"es_ES\" \/>\n<meta property=\"og:type\" content=\"article\" \/>\n<meta property=\"og:title\" content=\"La Flotilla Global Sumud reporta once barcos interceptados por las fuerzas israel\u00edes - PotenciaRadiofonicaDominicana.com\" \/>\n<meta property=\"og:description\" content=\"La\u00a0Flotilla Global Sumud, que\u00a0navega rumbo\u00a0a la Franja de Gaza con 58 embarcaciones, report\u00f3 este jueves la\u00a0interceptaci\u00f3n de once barcos\u00a0por las ...\" \/>\n<meta property=\"og:url\" content=\"https:\/\/potenciaradiofonicadominicana.com\/portal\/la-flotilla-global-sumud-reporta-once-barcos-interceptados-por-las-fuerzas-israelies\/\" \/>\n<meta property=\"og:site_name\" content=\"PotenciaRadiofonicaDominicana.com\" \/>\n<meta property=\"article:publisher\" content=\"https:\/\/web.facebook.com\/PotenciaRadiofonicaD\" \/>\n<meta property=\"article:published_time\" content=\"2026-04-30T03:27:11+00:00\" \/>\n<meta property=\"og:image\" content=\"https:\/\/potenciaradiofonicadominicana.com\/portal\/wp-content\/uploads\/2026\/04\/mayoria-de-detenidos-de-la-flotilla-acepta-deportacion-segun-fuente-2b03ee63-focus-0-0-896-504.jpg\" \/>\n\t<meta property=\"og:image:width\" content=\"896\" \/>\n\t<meta property=\"og:image:height\" content=\"504\" \/>\n\t<meta property=\"og:image:type\" content=\"image\/jpeg\" \/>\n<meta name=\"author\" content=\"Potencia Radiof\u00f3nica Dominicana\" \/>\n<meta name=\"twitter:card\" content=\"summary_large_image\" \/>\n<meta name=\"twitter:label1\" content=\"Escrito por\" \/>\n\t<meta name=\"twitter:data1\" content=\"Potencia Radiof\u00f3nica Dominicana\" \/>\n\t<meta name=\"twitter:label2\" content=\"Tiempo de lectura\" \/>\n\t<meta name=\"twitter:data2\" content=\"2 minutos\" \/>\n<script type=\"application\/ld+json\" class=\"yoast-schema-graph\">{\"@context\":\"https:\/\/schema.org\",\"@graph\":[{\"@type\":\"Article\",\"@id\":\"https:\/\/potenciaradiofonicadominicana.com\/portal\/la-flotilla-global-sumud-reporta-once-barcos-interceptados-por-las-fuerzas-israelies\/#article\",\"isPartOf\":{\"@id\":\"https:\/\/potenciaradiofonicadominicana.com\/portal\/la-flotilla-global-sumud-reporta-once-barcos-interceptados-por-las-fuerzas-israelies\/\"},\"author\":{\"name\":\"Potencia Radiof\u00f3nica Dominicana\",\"@id\":\"https:\/\/potenciaradiofonicadominicana.com\/portal\/#\/schema\/person\/a5cf1fea13877803ee0573ac18b03490\"},\"headline\":\"La Flotilla Global Sumud reporta once barcos interceptados por las fuerzas israel\u00edes\",\"datePublished\":\"2026-04-30T03:27:11+00:00\",\"mainEntityOfPage\":{\"@id\":\"https:\/\/potenciaradiofonicadominicana.com\/portal\/la-flotilla-global-sumud-reporta-once-barcos-interceptados-por-las-fuerzas-israelies\/\"},\"wordCount\":217,\"publisher\":{\"@id\":\"https:\/\/potenciaradiofonicadominicana.com\/portal\/#organization\"},\"image\":{\"@id\":\"https:\/\/potenciaradiofonicadominicana.com\/portal\/la-flotilla-global-sumud-reporta-once-barcos-interceptados-por-las-fuerzas-israelies\/#primaryimage\"},\"thumbnailUrl\":\"https:\/\/potenciaradiofonicadominicana.com\/portal\/wp-content\/uploads\/2026\/04\/mayoria-de-detenidos-de-la-flotilla-acepta-deportacion-segun-fuente-2b03ee63-focus-0-0-896-504.jpg\",\"articleSection\":[\"Internacional\"],\"inLanguage\":\"es\"},{\"@type\":\"WebPage\",\"@id\":\"https:\/\/potenciaradiofonicadominicana.com\/portal\/la-flotilla-global-sumud-reporta-once-barcos-interceptados-por-las-fuerzas-israelies\/\",\"url\":\"https:\/\/potenciaradiofonicadominicana.com\/portal\/la-flotilla-global-sumud-reporta-once-barcos-interceptados-por-las-fuerzas-israelies\/\",\"name\":\"La Flotilla Global Sumud reporta once barcos interceptados por las fuerzas israel\u00edes - PotenciaRadiofonicaDominicana.com\",\"isPartOf\":{\"@id\":\"https:\/\/potenciaradiofonicadominicana.com\/portal\/#website\"},\"primaryImageOfPage\":{\"@id\":\"https:\/\/potenciaradiofonicadominicana.com\/portal\/la-flotilla-global-sumud-reporta-once-barcos-interceptados-por-las-fuerzas-israelies\/#primaryimage\"},\"image\":{\"@id\":\"https:\/\/potenciaradiofonicadominicana.com\/portal\/la-flotilla-global-sumud-reporta-once-barcos-interceptados-por-las-fuerzas-israelies\/#primaryimage\"},\"thumbnailUrl\":\"https:\/\/potenciaradiofonicadominicana.com\/portal\/wp-content\/uploads\/2026\/04\/mayoria-de-detenidos-de-la-flotilla-acepta-deportacion-segun-fuente-2b03ee63-focus-0-0-896-504.jpg\",\"datePublished\":\"2026-04-30T03:27:11+00:00\",\"breadcrumb\":{\"@id\":\"https:\/\/potenciaradiofonicadominicana.com\/portal\/la-flotilla-global-sumud-reporta-once-barcos-interceptados-por-las-fuerzas-israelies\/#breadcrumb\"},\"inLanguage\":\"es\",\"potentialAction\":[{\"@type\":\"ReadAction\",\"target\":[\"https:\/\/potenciaradiofonicadominicana.com\/portal\/la-flotilla-global-sumud-reporta-once-barcos-interceptados-por-las-fuerzas-israelies\/\"]}]},{\"@type\":\"ImageObject\",\"inLanguage\":\"es\",\"@id\":\"https:\/\/potenciaradiofonicadominicana.com\/portal\/la-flotilla-global-sumud-reporta-once-barcos-interceptados-por-las-fuerzas-israelies\/#primaryimage\",\"url\":\"https:\/\/potenciaradiofonicadominicana.com\/portal\/wp-content\/uploads\/2026\/04\/mayoria-de-detenidos-de-la-flotilla-acepta-deportacion-segun-fuente-2b03ee63-focus-0-0-896-504.jpg\",\"contentUrl\":\"https:\/\/potenciaradiofonicadominicana.com\/portal\/wp-content\/uploads\/2026\/04\/mayoria-de-detenidos-de-la-flotilla-acepta-deportacion-segun-fuente-2b03ee63-focus-0-0-896-504.jpg\",\"width\":896,\"height\":504},{\"@type\":\"BreadcrumbList\",\"@id\":\"https:\/\/potenciaradiofonicadominicana.com\/portal\/la-flotilla-global-sumud-reporta-once-barcos-interceptados-por-las-fuerzas-israelies\/#breadcrumb\",\"itemListElement\":[{\"@type\":\"ListItem\",\"position\":1,\"name\":\"Portada\",\"item\":\"https:\/\/potenciaradiofonicadominicana.com\/portal\/\"},{\"@type\":\"ListItem\",\"position\":2,\"name\":\"La Flotilla Global Sumud reporta once barcos interceptados por las fuerzas israel\u00edes\"}]},{\"@type\":\"WebSite\",\"@id\":\"https:\/\/potenciaradiofonicadominicana.com\/portal\/#website\",\"url\":\"https:\/\/potenciaradiofonicadominicana.com\/portal\/\",\"name\":\"PotenciaRadiofonicaDominicana.com\",\"description\":\"Peri\u00f3dico Digital\",\"publisher\":{\"@id\":\"https:\/\/potenciaradiofonicadominicana.com\/portal\/#organization\"},\"potentialAction\":[{\"@type\":\"SearchAction\",\"target\":{\"@type\":\"EntryPoint\",\"urlTemplate\":\"https:\/\/potenciaradiofonicadominicana.com\/portal\/?s={search_term_string}\"},\"query-input\":{\"@type\":\"PropertyValueSpecification\",\"valueRequired\":true,\"valueName\":\"search_term_string\"}}],\"inLanguage\":\"es\"},{\"@type\":\"Organization\",\"@id\":\"https:\/\/potenciaradiofonicadominicana.com\/portal\/#organization\",\"name\":\"PotenciaRadiofonicaDominicana.com\",\"url\":\"https:\/\/potenciaradiofonicadominicana.com\/portal\/\",\"logo\":{\"@type\":\"ImageObject\",\"inLanguage\":\"es\",\"@id\":\"https:\/\/potenciaradiofonicadominicana.com\/portal\/#\/schema\/logo\/image\/\",\"url\":\"https:\/\/potenciaradiofonicadominicana.com\/portal\/wp-content\/uploads\/2022\/01\/descarga.png\",\"contentUrl\":\"https:\/\/potenciaradiofonicadominicana.com\/portal\/wp-content\/uploads\/2022\/01\/descarga.png\",\"width\":300,\"height\":100,\"caption\":\"PotenciaRadiofonicaDominicana.com\"},\"image\":{\"@id\":\"https:\/\/potenciaradiofonicadominicana.com\/portal\/#\/schema\/logo\/image\/\"},\"sameAs\":[\"https:\/\/web.facebook.com\/PotenciaRadiofonicaD\"]},{\"@type\":\"Person\",\"@id\":\"https:\/\/potenciaradiofonicadominicana.com\/portal\/#\/schema\/person\/a5cf1fea13877803ee0573ac18b03490\",\"name\":\"Potencia Radiof\u00f3nica Dominicana\",\"image\":{\"@type\":\"ImageObject\",\"inLanguage\":\"es\",\"@id\":\"https:\/\/potenciaradiofonicadominicana.com\/portal\/#\/schema\/person\/image\/\",\"url\":\"https:\/\/secure.gravatar.com\/avatar\/42a55ab9e8ccc656ba34cd791990602a?s=96&d=mm&r=g\",\"contentUrl\":\"https:\/\/secure.gravatar.com\/avatar\/42a55ab9e8ccc656ba34cd791990602a?s=96&d=mm&r=g\",\"caption\":\"Potencia Radiof\u00f3nica Dominicana\"},\"url\":\"https:\/\/potenciaradiofonicadominicana.com\/portal\/author\/johannyalmanzar\/\"}]}<\/script>\n<!-- \/ Yoast SEO plugin. -->","yoast_head_json":{"title":"La Flotilla Global Sumud reporta once barcos interceptados por las fuerzas israel\u00edes - PotenciaRadiofonicaDominicana.com","robots":{"index":"index","follow":"follow","max-snippet":"max-snippet:-1","max-image-preview":"max-image-preview:large","max-video-preview":"max-video-preview:-1"},"canonical":"https:\/\/potenciaradiofonicadominicana.com\/portal\/la-flotilla-global-sumud-reporta-once-barcos-interceptados-por-las-fuerzas-israelies\/","og_locale":"es_ES","og_type":"article","og_title":"La Flotilla Global Sumud reporta once barcos interceptados por las fuerzas israel\u00edes - PotenciaRadiofonicaDominicana.com","og_description":"La\u00a0Flotilla Global Sumud, que\u00a0navega rumbo\u00a0a la Franja de Gaza con 58 embarcaciones, report\u00f3 este jueves la\u00a0interceptaci\u00f3n de once barcos\u00a0por las ...","og_url":"https:\/\/potenciaradiofonicadominicana.com\/portal\/la-flotilla-global-sumud-reporta-once-barcos-interceptados-por-las-fuerzas-israelies\/","og_site_name":"PotenciaRadiofonicaDominicana.com","article_publisher":"https:\/\/web.facebook.com\/PotenciaRadiofonicaD","article_published_time":"2026-04-30T03:27:11+00:00","og_image":[{"width":896,"height":504,"url":"https:\/\/potenciaradiofonicadominicana.com\/portal\/wp-content\/uploads\/2026\/04\/mayoria-de-detenidos-de-la-flotilla-acepta-deportacion-segun-fuente-2b03ee63-focus-0-0-896-504.jpg","type":"image\/jpeg"}],"author":"Potencia Radiof\u00f3nica Dominicana","twitter_card":"summary_large_image","twitter_misc":{"Escrito por":"Potencia Radiof\u00f3nica Dominicana","Tiempo de lectura":"2 minutos"},"schema":{"@context":"https:\/\/schema.org","@graph":[{"@type":"Article","@id":"https:\/\/potenciaradiofonicadominicana.com\/portal\/la-flotilla-global-sumud-reporta-once-barcos-interceptados-por-las-fuerzas-israelies\/#article","isPartOf":{"@id":"https:\/\/potenciaradiofonicadominicana.com\/portal\/la-flotilla-global-sumud-reporta-once-barcos-interceptados-por-las-fuerzas-israelies\/"},"author":{"name":"Potencia Radiof\u00f3nica Dominicana","@id":"https:\/\/potenciaradiofonicadominicana.com\/portal\/#\/schema\/person\/a5cf1fea13877803ee0573ac18b03490"},"headline":"La Flotilla Global Sumud reporta once barcos interceptados por las fuerzas israel\u00edes","datePublished":"2026-04-30T03:27:11+00:00","mainEntityOfPage":{"@id":"https:\/\/potenciaradiofonicadominicana.com\/portal\/la-flotilla-global-sumud-reporta-once-barcos-interceptados-por-las-fuerzas-israelies\/"},"wordCount":217,"publisher":{"@id":"https:\/\/potenciaradiofonicadominicana.com\/portal\/#organization"},"image":{"@id":"https:\/\/potenciaradiofonicadominicana.com\/portal\/la-flotilla-global-sumud-reporta-once-barcos-interceptados-por-las-fuerzas-israelies\/#primaryimage"},"thumbnailUrl":"https:\/\/potenciaradiofonicadominicana.com\/portal\/wp-content\/uploads\/2026\/04\/mayoria-de-detenidos-de-la-flotilla-acepta-deportacion-segun-fuente-2b03ee63-focus-0-0-896-504.jpg","articleSection":["Internacional"],"inLanguage":"es"},{"@type":"WebPage","@id":"https:\/\/potenciaradiofonicadominicana.com\/portal\/la-flotilla-global-sumud-reporta-once-barcos-interceptados-por-las-fuerzas-israelies\/","url":"https:\/\/potenciaradiofonicadominicana.com\/portal\/la-flotilla-global-sumud-reporta-once-barcos-interceptados-por-las-fuerzas-israelies\/","name":"La Flotilla Global Sumud reporta once barcos interceptados por las fuerzas israel\u00edes - PotenciaRadiofonicaDominicana.com","isPartOf":{"@id":"https:\/\/potenciaradiofonicadominicana.com\/portal\/#website"},"primaryImageOfPage":{"@id":"https:\/\/potenciaradiofonicadominicana.com\/portal\/la-flotilla-global-sumud-reporta-once-barcos-interceptados-por-las-fuerzas-israelies\/#primaryimage"},"image":{"@id":"https:\/\/potenciaradiofonicadominicana.com\/portal\/la-flotilla-global-sumud-reporta-once-barcos-interceptados-por-las-fuerzas-israelies\/#primaryimage"},"thumbnailUrl":"https:\/\/potenciaradiofonicadominicana.com\/portal\/wp-content\/uploads\/2026\/04\/mayoria-de-detenidos-de-la-flotilla-acepta-deportacion-segun-fuente-2b03ee63-focus-0-0-896-504.jpg","datePublished":"2026-04-30T03:27:11+00:00","breadcrumb":{"@id":"https:\/\/potenciaradiofonicadominicana.com\/portal\/la-flotilla-global-sumud-reporta-once-barcos-interceptados-por-las-fuerzas-israelies\/#breadcrumb"},"inLanguage":"es","potentialAction":[{"@type":"ReadAction","target":["https:\/\/potenciaradiofonicadominicana.com\/portal\/la-flotilla-global-sumud-reporta-once-barcos-interceptados-por-las-fuerzas-israelies\/"]}]},{"@type":"ImageObject","inLanguage":"es","@id":"https:\/\/potenciaradiofonicadominicana.com\/portal\/la-flotilla-global-sumud-reporta-once-barcos-interceptados-por-las-fuerzas-israelies\/#primaryimage","url":"https:\/\/potenciaradiofonicadominicana.com\/portal\/wp-content\/uploads\/2026\/04\/mayoria-de-detenidos-de-la-flotilla-acepta-deportacion-segun-fuente-2b03ee63-focus-0-0-896-504.jpg","contentUrl":"https:\/\/potenciaradiofonicadominicana.com\/portal\/wp-content\/uploads\/2026\/04\/mayoria-de-detenidos-de-la-flotilla-acepta-deportacion-segun-fuente-2b03ee63-focus-0-0-896-504.jpg","width":896,"height":504},{"@type":"BreadcrumbList","@id":"https:\/\/potenciaradiofonicadominicana.com\/portal\/la-flotilla-global-sumud-reporta-once-barcos-interceptados-por-las-fuerzas-israelies\/#breadcrumb","itemListElement":[{"@type":"ListItem","position":1,"name":"Portada","item":"https:\/\/potenciaradiofonicadominicana.com\/portal\/"},{"@type":"ListItem","position":2,"name":"La Flotilla Global Sumud reporta once barcos interceptados por las fuerzas israel\u00edes"}]},{"@type":"WebSite","@id":"https:\/\/potenciaradiofonicadominicana.com\/portal\/#website","url":"https:\/\/potenciaradiofonicadominicana.com\/portal\/","name":"PotenciaRadiofonicaDominicana.com","description":"Peri\u00f3dico Digital","publisher":{"@id":"https:\/\/potenciaradiofonicadominicana.com\/portal\/#organization"},"potentialAction":[{"@type":"SearchAction","target":{"@type":"EntryPoint","urlTemplate":"https:\/\/potenciaradiofonicadominicana.com\/portal\/?s={search_term_string}"},"query-input":{"@type":"PropertyValueSpecification","valueRequired":true,"valueName":"search_term_string"}}],"inLanguage":"es"},{"@type":"Organization","@id":"https:\/\/potenciaradiofonicadominicana.com\/portal\/#organization","name":"PotenciaRadiofonicaDominicana.com","url":"https:\/\/potenciaradiofonicadominicana.com\/portal\/","logo":{"@type":"ImageObject","inLanguage":"es","@id":"https:\/\/potenciaradiofonicadominicana.com\/portal\/#\/schema\/logo\/image\/","url":"https:\/\/potenciaradiofonicadominicana.com\/portal\/wp-content\/uploads\/2022\/01\/descarga.png","contentUrl":"https:\/\/potenciaradiofonicadominicana.com\/portal\/wp-content\/uploads\/2022\/01\/descarga.png","width":300,"height":100,"caption":"PotenciaRadiofonicaDominicana.com"},"image":{"@id":"https:\/\/potenciaradiofonicadominicana.com\/portal\/#\/schema\/logo\/image\/"},"sameAs":["https:\/\/web.facebook.com\/PotenciaRadiofonicaD"]},{"@type":"Person","@id":"https:\/\/potenciaradiofonicadominicana.com\/portal\/#\/schema\/person\/a5cf1fea13877803ee0573ac18b03490","name":"Potencia Radiof\u00f3nica Dominicana","image":{"@type":"ImageObject","inLanguage":"es","@id":"https:\/\/potenciaradiofonicadominicana.com\/portal\/#\/schema\/person\/image\/","url":"https:\/\/secure.gravatar.com\/avatar\/42a55ab9e8ccc656ba34cd791990602a?s=96&d=mm&r=g","contentUrl":"https:\/\/secure.gravatar.com\/avatar\/42a55ab9e8ccc656ba34cd791990602a?s=96&d=mm&r=g","caption":"Potencia Radiof\u00f3nica Dominicana"},"url":"https:\/\/potenciaradiofonicadominicana.com\/portal\/author\/johannyalmanzar\/"}]}},"_links":{"self":[{"href":"https:\/\/potenciaradiofonicadominicana.com\/portal\/wp-json\/wp\/v2\/posts\/216258","targetHints":{"allow":["GET"]}}],"collection":[{"href":"https:\/\/potenciaradiofonicadominicana.com\/portal\/wp-json\/wp\/v2\/posts"}],"about":[{"href":"https:\/\/potenciaradiofonicadominicana.com\/portal\/wp-json\/wp\/v2\/types\/post"}],"author":[{"embeddable":true,"href":"https:\/\/potenciaradiofonicadominicana.com\/portal\/wp-json\/wp\/v2\/users\/2"}],"replies":[{"embeddable":true,"href":"https:\/\/potenciaradiofonicadominicana.com\/portal\/wp-json\/wp\/v2\/comments?post=216258"}],"version-history":[{"count":1,"href":"https:\/\/potenciaradiofonicadominicana.com\/portal\/wp-json\/wp\/v2\/posts\/216258\/revisions"}],"predecessor-version":[{"id":216263,"href":"https:\/\/potenciaradiofonicadominicana.com\/portal\/wp-json\/wp\/v2\/posts\/216258\/revisions\/216263"}],"wp:featuredmedia":[{"embeddable":true,"href":"https:\/\/potenciaradiofonicadominicana.com\/portal\/wp-json\/wp\/v2\/media\/216260"}],"wp:attachment":[{"href":"https:\/\/potenciaradiofonicadominicana.com\/portal\/wp-json\/wp\/v2\/media?parent=216258"}],"wp:term":[{"taxonomy":"category","embeddable":true,"href":"https:\/\/potenciaradiofonicadominicana.com\/portal\/wp-json\/wp\/v2\/categories?post=216258"},{"taxonomy":"post_tag","embeddable":true,"href":"https:\/\/potenciaradiofonicadominicana.com\/portal\/wp-json\/wp\/v2\/tags?post=216258"}],"curies":[{"name":"wp","href":"https:\/\/api.w.org\/{rel}","templated":true}]}}