{"id":216257,"date":"2026-04-29T23:26:44","date_gmt":"2026-04-30T03:26:44","guid":{"rendered":"https:\/\/potenciaradiofonicadominicana.com\/portal\/?p=216257"},"modified":"2026-04-29T23:26:44","modified_gmt":"2026-04-30T03:26:44","slug":"lula-sufre-una-derrota-historica-en-el-senado-a-cinco-meses-de-las-elecciones","status":"publish","type":"post","link":"https:\/\/potenciaradiofonicadominicana.com\/portal\/lula-sufre-una-derrota-historica-en-el-senado-a-cinco-meses-de-las-elecciones\/","title":{"rendered":"Lula sufre una derrota hist\u00f3rica en el Senado a cinco meses de las elecciones"},"content":{"rendered":"<p><a href=\"https:\/\/potenciaradiofonicadominicana.com\/portal\/wp-content\/uploads\/2026\/04\/lula-da-silva-brasil.webp\"><img loading=\"lazy\" decoding=\"async\" class=\"alignnone size-full wp-image-216259\" src=\"https:\/\/potenciaradiofonicadominicana.com\/portal\/wp-content\/uploads\/2026\/04\/lula-da-silva-brasil.webp\" alt=\"\" width=\"950\" height=\"468\" srcset=\"https:\/\/potenciaradiofonicadominicana.com\/portal\/wp-content\/uploads\/2026\/04\/lula-da-silva-brasil.webp 950w, https:\/\/potenciaradiofonicadominicana.com\/portal\/wp-content\/uploads\/2026\/04\/lula-da-silva-brasil-300x148.webp 300w, https:\/\/potenciaradiofonicadominicana.com\/portal\/wp-content\/uploads\/2026\/04\/lula-da-silva-brasil-768x378.webp 768w\" sizes=\"auto, (max-width: 950px) 100vw, 950px\" \/><\/a><\/p>\n<p><strong>\u00a0<\/strong>El presidente brasile\u00f1o, Luiz In\u00e1cio Lula da Silva, sufri\u00f3 este mi\u00e9rcoles una derrota hist\u00f3rica en una votaci\u00f3n en el Senado que lo deja en una situaci\u00f3n fr\u00e1gil en el Legislativo a cinco meses de las elecciones.<\/p>\n<p>Los senadores rechazaron el candidato que hab\u00eda presentado Lula para cubrir una vacante en el Tribunal Supremo, algo que no suced\u00eda desde 1894, hace m\u00e1s de un siglo.<\/p>\n<p>Jorge Messias, abogado general del Estado y visto como una figura muy cercana al mandatario, necesitaba el voto favorable de 41 senadores y solo obtuvo 34 apoyos.<\/p>\n<p>Tras el anuncio del resultado, la oposici\u00f3n de derechas y centro-derecha, que controla el Legislativo, celebr\u00f3 su victoria con v\u00edtores y coreando \u00ab\u00a1rechazado, rechazado!\u00bb.<\/p>\n<p>La elecci\u00f3n de Messias origin\u00f3 grandes resistencias desde que Lula lo eligi\u00f3 el pasado noviembre, por delante del expresidente del Senado Rodrigo Pacheco, quien tambi\u00e9n aspiraba al nombramiento y es muy cercano al actual titular de la C\u00e1mara alta, Davi Alcolumbre.<\/p>\n<p>Lula mantiene tensas relaciones con el Legislativo y tard\u00f3 cinco meses en iniciar los tr\u00e1mites de la votaci\u00f3n para dar tiempo a entablar unas largas negociaciones que a la postre han sido infructuosas.<\/p>\n<p>Despu\u00e9s de la votaci\u00f3n, Messias dijo que enfrent\u00f3 \u00abcinco meses de desconstrucci\u00f3n\u00bb de su imagen y, sin citar a nadie, pero en una aparente alusi\u00f3n a Alcolumbre, agreg\u00f3: \u00absabemos qui\u00e9n promovi\u00f3 todo esto\u00bb.<\/p>\n<p>La votaci\u00f3n, secreta, se decidi\u00f3 con un marcador de 42 votos en contra del candidato de Lula y 34 a favor, un par de horas despu\u00e9s de una votaci\u00f3n preliminar celebrada en una comisi\u00f3n del Senado, que gan\u00f3 Messias por cinco votos de diferencia.<\/p>\n<p>El tama\u00f1o de la derrota en el pleno del Senado caus\u00f3 sorpresa en el mundo pol\u00edtico, acostumbrado a que las votaciones de los jueces en el Senado fueran un mero tr\u00e1mite.<\/p>\n<p><strong>Un Gobierno fr\u00e1gil en v\u00edsperas de las elecciones<\/strong><\/p>\n<p>La derrota expone la fragilidad de la coalici\u00f3n de partidos que apoya al Gobierno de Lula en el Legislativo, a apenas cinco meses de las elecciones de octubre, en la que se elegir\u00e1 al nuevo presidente y se renovar\u00e1n la C\u00e1mara de los Diputados y el Senado.<\/p>\n<p>El senador Fl\u00e1vio Bolsonaro, principal candidato opositor en las elecciones presidenciales, afirm\u00f3 que esta derrota supone el \u00abfin\u00bb del Gobierno de Lula, quien ser\u00e1 su contrincante en las urnas el pr\u00f3ximo octubre.<\/p>\n<p>\u00abEsto tiene un impacto muy fuerte contra Lula. Es una prueba de la quiebra de su viabilidad pol\u00edtica, de la sustentaci\u00f3n pol\u00edtica de Lula en el Congreso\u00bb, dijo Fl\u00e1vio Bolsonaro a periodistas, tras la votaci\u00f3n.<\/p>\n<p>El senador Randolfe Rodrigues, l\u00edder del oficialismo en el Congreso Nacional, valor\u00f3 que \u00abla votaci\u00f3n estuvo presionada por el proceso electoral\u00bb.<\/p>\n<p>El voto de rechazo a Messias tambi\u00e9n supone un nuevo cap\u00edtulo de la constante disputa de poder que han protagonizado el Legislativo y el Tribunal Supremo desde 2023.<\/p>\n<p>El presidente del Tribunal Supremo, Edson Fachin, divulg\u00f3 un comunicado reconociendo la prerrogativa del Senado para votar los candidatos a la alta corte y, tras la derrota de Messias, dijo aguardar \u00abcon serenidad y sentido de responsabilidad institucional\u00bb los pr\u00f3ximos pasos.<\/p>\n<p>Lula tiene derecho de nombrar a otro candidato, pero no tiene un plazo definido por ley para hacerlo y todav\u00eda no ha adelantado sus intenciones.<\/p>\n<p>Los plazos pueden ser cortos dada la cercan\u00eda de las elecciones de octubre y las presiones de la oposici\u00f3n para aplazar la decisi\u00f3n hasta despu\u00e9s de los comicios.<\/p>\n<p>Los \u00faltimos sondeos muestran un empate t\u00e9cnico entre Lula, quien aspira a un cuarto mandato, y Fl\u00e1vio Bolsonaro.<\/p>\n<p>El pulso entre el Legislativo, Ejecutivo y Poder Judicial vivir\u00e1 un nuevo cap\u00edtulo este jueves, cuando el Congreso Nacional celebra una votaci\u00f3n que puede reducir el tiempo de condena de c\u00e1rcel al expresidente Jair Bolsonaro por golpe de Estado.<\/p>\n<p>En concreto, el Congreso votar\u00e1 si anula el veto del presidente Lula a una ley para la reducci\u00f3n de penas aprobada por el Legislativo a finales de 2025, que fue muy criticada por los jueces del Supremo.<\/p>\n","protected":false},"excerpt":{"rendered":"<p>\u00a0El presidente brasile\u00f1o, Luiz In\u00e1cio Lula da Silva, sufri\u00f3 este mi\u00e9rcoles una derrota hist\u00f3rica en una votaci\u00f3n en el Senado &#8230;<\/p>\n","protected":false},"author":2,"featured_media":216259,"comment_status":"closed","ping_status":"closed","sticky":false,"template":"","format":"standard","meta":{"footnotes":""},"categories":[30],"tags":[],"class_list":["post-216257","post","type-post","status-publish","format-standard","has-post-thumbnail","hentry","category-internacional"],"yoast_head":"<!-- This site is optimized with the Yoast SEO plugin v24.8.1 - https:\/\/yoast.com\/wordpress\/plugins\/seo\/ -->\n<title>Lula sufre una derrota hist\u00f3rica en el Senado a cinco meses de las elecciones - PotenciaRadiofonicaDominicana.com<\/title>\n<meta name=\"robots\" content=\"index, follow, max-snippet:-1, max-image-preview:large, max-video-preview:-1\" \/>\n<link rel=\"canonical\" href=\"https:\/\/potenciaradiofonicadominicana.com\/portal\/lula-sufre-una-derrota-historica-en-el-senado-a-cinco-meses-de-las-elecciones\/\" \/>\n<meta property=\"og:locale\" content=\"es_ES\" \/>\n<meta property=\"og:type\" content=\"article\" \/>\n<meta property=\"og:title\" content=\"Lula sufre una derrota hist\u00f3rica en el Senado a cinco meses de las elecciones - PotenciaRadiofonicaDominicana.com\" \/>\n<meta property=\"og:description\" content=\"\u00a0El presidente brasile\u00f1o, Luiz In\u00e1cio Lula da Silva, sufri\u00f3 este mi\u00e9rcoles una derrota hist\u00f3rica en una votaci\u00f3n en el Senado ...\" \/>\n<meta property=\"og:url\" content=\"https:\/\/potenciaradiofonicadominicana.com\/portal\/lula-sufre-una-derrota-historica-en-el-senado-a-cinco-meses-de-las-elecciones\/\" \/>\n<meta property=\"og:site_name\" content=\"PotenciaRadiofonicaDominicana.com\" \/>\n<meta property=\"article:publisher\" content=\"https:\/\/web.facebook.com\/PotenciaRadiofonicaD\" \/>\n<meta property=\"article:published_time\" content=\"2026-04-30T03:26:44+00:00\" \/>\n<meta property=\"og:image\" content=\"https:\/\/potenciaradiofonicadominicana.com\/portal\/wp-content\/uploads\/2026\/04\/lula-da-silva-brasil.webp\" \/>\n\t<meta property=\"og:image:width\" content=\"950\" \/>\n\t<meta property=\"og:image:height\" content=\"468\" \/>\n\t<meta property=\"og:image:type\" content=\"image\/webp\" \/>\n<meta name=\"author\" content=\"Potencia Radiof\u00f3nica Dominicana\" \/>\n<meta name=\"twitter:card\" content=\"summary_large_image\" \/>\n<meta name=\"twitter:label1\" content=\"Escrito por\" \/>\n\t<meta name=\"twitter:data1\" content=\"Potencia Radiof\u00f3nica Dominicana\" \/>\n\t<meta name=\"twitter:label2\" content=\"Tiempo de lectura\" \/>\n\t<meta name=\"twitter:data2\" content=\"4 minutos\" \/>\n<script type=\"application\/ld+json\" class=\"yoast-schema-graph\">{\"@context\":\"https:\/\/schema.org\",\"@graph\":[{\"@type\":\"Article\",\"@id\":\"https:\/\/potenciaradiofonicadominicana.com\/portal\/lula-sufre-una-derrota-historica-en-el-senado-a-cinco-meses-de-las-elecciones\/#article\",\"isPartOf\":{\"@id\":\"https:\/\/potenciaradiofonicadominicana.com\/portal\/lula-sufre-una-derrota-historica-en-el-senado-a-cinco-meses-de-las-elecciones\/\"},\"author\":{\"name\":\"Potencia Radiof\u00f3nica Dominicana\",\"@id\":\"https:\/\/potenciaradiofonicadominicana.com\/portal\/#\/schema\/person\/a5cf1fea13877803ee0573ac18b03490\"},\"headline\":\"Lula sufre una derrota hist\u00f3rica en el Senado a cinco meses de las elecciones\",\"datePublished\":\"2026-04-30T03:26:44+00:00\",\"mainEntityOfPage\":{\"@id\":\"https:\/\/potenciaradiofonicadominicana.com\/portal\/lula-sufre-una-derrota-historica-en-el-senado-a-cinco-meses-de-las-elecciones\/\"},\"wordCount\":721,\"publisher\":{\"@id\":\"https:\/\/potenciaradiofonicadominicana.com\/portal\/#organization\"},\"image\":{\"@id\":\"https:\/\/potenciaradiofonicadominicana.com\/portal\/lula-sufre-una-derrota-historica-en-el-senado-a-cinco-meses-de-las-elecciones\/#primaryimage\"},\"thumbnailUrl\":\"https:\/\/potenciaradiofonicadominicana.com\/portal\/wp-content\/uploads\/2026\/04\/lula-da-silva-brasil.webp\",\"articleSection\":[\"Internacional\"],\"inLanguage\":\"es\"},{\"@type\":\"WebPage\",\"@id\":\"https:\/\/potenciaradiofonicadominicana.com\/portal\/lula-sufre-una-derrota-historica-en-el-senado-a-cinco-meses-de-las-elecciones\/\",\"url\":\"https:\/\/potenciaradiofonicadominicana.com\/portal\/lula-sufre-una-derrota-historica-en-el-senado-a-cinco-meses-de-las-elecciones\/\",\"name\":\"Lula sufre una derrota hist\u00f3rica en el Senado a cinco meses de las elecciones - PotenciaRadiofonicaDominicana.com\",\"isPartOf\":{\"@id\":\"https:\/\/potenciaradiofonicadominicana.com\/portal\/#website\"},\"primaryImageOfPage\":{\"@id\":\"https:\/\/potenciaradiofonicadominicana.com\/portal\/lula-sufre-una-derrota-historica-en-el-senado-a-cinco-meses-de-las-elecciones\/#primaryimage\"},\"image\":{\"@id\":\"https:\/\/potenciaradiofonicadominicana.com\/portal\/lula-sufre-una-derrota-historica-en-el-senado-a-cinco-meses-de-las-elecciones\/#primaryimage\"},\"thumbnailUrl\":\"https:\/\/potenciaradiofonicadominicana.com\/portal\/wp-content\/uploads\/2026\/04\/lula-da-silva-brasil.webp\",\"datePublished\":\"2026-04-30T03:26:44+00:00\",\"breadcrumb\":{\"@id\":\"https:\/\/potenciaradiofonicadominicana.com\/portal\/lula-sufre-una-derrota-historica-en-el-senado-a-cinco-meses-de-las-elecciones\/#breadcrumb\"},\"inLanguage\":\"es\",\"potentialAction\":[{\"@type\":\"ReadAction\",\"target\":[\"https:\/\/potenciaradiofonicadominicana.com\/portal\/lula-sufre-una-derrota-historica-en-el-senado-a-cinco-meses-de-las-elecciones\/\"]}]},{\"@type\":\"ImageObject\",\"inLanguage\":\"es\",\"@id\":\"https:\/\/potenciaradiofonicadominicana.com\/portal\/lula-sufre-una-derrota-historica-en-el-senado-a-cinco-meses-de-las-elecciones\/#primaryimage\",\"url\":\"https:\/\/potenciaradiofonicadominicana.com\/portal\/wp-content\/uploads\/2026\/04\/lula-da-silva-brasil.webp\",\"contentUrl\":\"https:\/\/potenciaradiofonicadominicana.com\/portal\/wp-content\/uploads\/2026\/04\/lula-da-silva-brasil.webp\",\"width\":950,\"height\":468},{\"@type\":\"BreadcrumbList\",\"@id\":\"https:\/\/potenciaradiofonicadominicana.com\/portal\/lula-sufre-una-derrota-historica-en-el-senado-a-cinco-meses-de-las-elecciones\/#breadcrumb\",\"itemListElement\":[{\"@type\":\"ListItem\",\"position\":1,\"name\":\"Portada\",\"item\":\"https:\/\/potenciaradiofonicadominicana.com\/portal\/\"},{\"@type\":\"ListItem\",\"position\":2,\"name\":\"Lula sufre una derrota hist\u00f3rica en el Senado a cinco meses de las elecciones\"}]},{\"@type\":\"WebSite\",\"@id\":\"https:\/\/potenciaradiofonicadominicana.com\/portal\/#website\",\"url\":\"https:\/\/potenciaradiofonicadominicana.com\/portal\/\",\"name\":\"PotenciaRadiofonicaDominicana.com\",\"description\":\"Peri\u00f3dico Digital\",\"publisher\":{\"@id\":\"https:\/\/potenciaradiofonicadominicana.com\/portal\/#organization\"},\"potentialAction\":[{\"@type\":\"SearchAction\",\"target\":{\"@type\":\"EntryPoint\",\"urlTemplate\":\"https:\/\/potenciaradiofonicadominicana.com\/portal\/?s={search_term_string}\"},\"query-input\":{\"@type\":\"PropertyValueSpecification\",\"valueRequired\":true,\"valueName\":\"search_term_string\"}}],\"inLanguage\":\"es\"},{\"@type\":\"Organization\",\"@id\":\"https:\/\/potenciaradiofonicadominicana.com\/portal\/#organization\",\"name\":\"PotenciaRadiofonicaDominicana.com\",\"url\":\"https:\/\/potenciaradiofonicadominicana.com\/portal\/\",\"logo\":{\"@type\":\"ImageObject\",\"inLanguage\":\"es\",\"@id\":\"https:\/\/potenciaradiofonicadominicana.com\/portal\/#\/schema\/logo\/image\/\",\"url\":\"https:\/\/potenciaradiofonicadominicana.com\/portal\/wp-content\/uploads\/2022\/01\/descarga.png\",\"contentUrl\":\"https:\/\/potenciaradiofonicadominicana.com\/portal\/wp-content\/uploads\/2022\/01\/descarga.png\",\"width\":300,\"height\":100,\"caption\":\"PotenciaRadiofonicaDominicana.com\"},\"image\":{\"@id\":\"https:\/\/potenciaradiofonicadominicana.com\/portal\/#\/schema\/logo\/image\/\"},\"sameAs\":[\"https:\/\/web.facebook.com\/PotenciaRadiofonicaD\"]},{\"@type\":\"Person\",\"@id\":\"https:\/\/potenciaradiofonicadominicana.com\/portal\/#\/schema\/person\/a5cf1fea13877803ee0573ac18b03490\",\"name\":\"Potencia Radiof\u00f3nica Dominicana\",\"image\":{\"@type\":\"ImageObject\",\"inLanguage\":\"es\",\"@id\":\"https:\/\/potenciaradiofonicadominicana.com\/portal\/#\/schema\/person\/image\/\",\"url\":\"https:\/\/secure.gravatar.com\/avatar\/42a55ab9e8ccc656ba34cd791990602a?s=96&d=mm&r=g\",\"contentUrl\":\"https:\/\/secure.gravatar.com\/avatar\/42a55ab9e8ccc656ba34cd791990602a?s=96&d=mm&r=g\",\"caption\":\"Potencia Radiof\u00f3nica Dominicana\"},\"url\":\"https:\/\/potenciaradiofonicadominicana.com\/portal\/author\/johannyalmanzar\/\"}]}<\/script>\n<!-- \/ Yoast SEO plugin. -->","yoast_head_json":{"title":"Lula sufre una derrota hist\u00f3rica en el Senado a cinco meses de las elecciones - PotenciaRadiofonicaDominicana.com","robots":{"index":"index","follow":"follow","max-snippet":"max-snippet:-1","max-image-preview":"max-image-preview:large","max-video-preview":"max-video-preview:-1"},"canonical":"https:\/\/potenciaradiofonicadominicana.com\/portal\/lula-sufre-una-derrota-historica-en-el-senado-a-cinco-meses-de-las-elecciones\/","og_locale":"es_ES","og_type":"article","og_title":"Lula sufre una derrota hist\u00f3rica en el Senado a cinco meses de las elecciones - PotenciaRadiofonicaDominicana.com","og_description":"\u00a0El presidente brasile\u00f1o, Luiz In\u00e1cio Lula da Silva, sufri\u00f3 este mi\u00e9rcoles una derrota hist\u00f3rica en una votaci\u00f3n en el Senado ...","og_url":"https:\/\/potenciaradiofonicadominicana.com\/portal\/lula-sufre-una-derrota-historica-en-el-senado-a-cinco-meses-de-las-elecciones\/","og_site_name":"PotenciaRadiofonicaDominicana.com","article_publisher":"https:\/\/web.facebook.com\/PotenciaRadiofonicaD","article_published_time":"2026-04-30T03:26:44+00:00","og_image":[{"width":950,"height":468,"url":"https:\/\/potenciaradiofonicadominicana.com\/portal\/wp-content\/uploads\/2026\/04\/lula-da-silva-brasil.webp","type":"image\/webp"}],"author":"Potencia Radiof\u00f3nica Dominicana","twitter_card":"summary_large_image","twitter_misc":{"Escrito por":"Potencia Radiof\u00f3nica Dominicana","Tiempo de lectura":"4 minutos"},"schema":{"@context":"https:\/\/schema.org","@graph":[{"@type":"Article","@id":"https:\/\/potenciaradiofonicadominicana.com\/portal\/lula-sufre-una-derrota-historica-en-el-senado-a-cinco-meses-de-las-elecciones\/#article","isPartOf":{"@id":"https:\/\/potenciaradiofonicadominicana.com\/portal\/lula-sufre-una-derrota-historica-en-el-senado-a-cinco-meses-de-las-elecciones\/"},"author":{"name":"Potencia Radiof\u00f3nica Dominicana","@id":"https:\/\/potenciaradiofonicadominicana.com\/portal\/#\/schema\/person\/a5cf1fea13877803ee0573ac18b03490"},"headline":"Lula sufre una derrota hist\u00f3rica en el Senado a cinco meses de las elecciones","datePublished":"2026-04-30T03:26:44+00:00","mainEntityOfPage":{"@id":"https:\/\/potenciaradiofonicadominicana.com\/portal\/lula-sufre-una-derrota-historica-en-el-senado-a-cinco-meses-de-las-elecciones\/"},"wordCount":721,"publisher":{"@id":"https:\/\/potenciaradiofonicadominicana.com\/portal\/#organization"},"image":{"@id":"https:\/\/potenciaradiofonicadominicana.com\/portal\/lula-sufre-una-derrota-historica-en-el-senado-a-cinco-meses-de-las-elecciones\/#primaryimage"},"thumbnailUrl":"https:\/\/potenciaradiofonicadominicana.com\/portal\/wp-content\/uploads\/2026\/04\/lula-da-silva-brasil.webp","articleSection":["Internacional"],"inLanguage":"es"},{"@type":"WebPage","@id":"https:\/\/potenciaradiofonicadominicana.com\/portal\/lula-sufre-una-derrota-historica-en-el-senado-a-cinco-meses-de-las-elecciones\/","url":"https:\/\/potenciaradiofonicadominicana.com\/portal\/lula-sufre-una-derrota-historica-en-el-senado-a-cinco-meses-de-las-elecciones\/","name":"Lula sufre una derrota hist\u00f3rica en el Senado a cinco meses de las elecciones - PotenciaRadiofonicaDominicana.com","isPartOf":{"@id":"https:\/\/potenciaradiofonicadominicana.com\/portal\/#website"},"primaryImageOfPage":{"@id":"https:\/\/potenciaradiofonicadominicana.com\/portal\/lula-sufre-una-derrota-historica-en-el-senado-a-cinco-meses-de-las-elecciones\/#primaryimage"},"image":{"@id":"https:\/\/potenciaradiofonicadominicana.com\/portal\/lula-sufre-una-derrota-historica-en-el-senado-a-cinco-meses-de-las-elecciones\/#primaryimage"},"thumbnailUrl":"https:\/\/potenciaradiofonicadominicana.com\/portal\/wp-content\/uploads\/2026\/04\/lula-da-silva-brasil.webp","datePublished":"2026-04-30T03:26:44+00:00","breadcrumb":{"@id":"https:\/\/potenciaradiofonicadominicana.com\/portal\/lula-sufre-una-derrota-historica-en-el-senado-a-cinco-meses-de-las-elecciones\/#breadcrumb"},"inLanguage":"es","potentialAction":[{"@type":"ReadAction","target":["https:\/\/potenciaradiofonicadominicana.com\/portal\/lula-sufre-una-derrota-historica-en-el-senado-a-cinco-meses-de-las-elecciones\/"]}]},{"@type":"ImageObject","inLanguage":"es","@id":"https:\/\/potenciaradiofonicadominicana.com\/portal\/lula-sufre-una-derrota-historica-en-el-senado-a-cinco-meses-de-las-elecciones\/#primaryimage","url":"https:\/\/potenciaradiofonicadominicana.com\/portal\/wp-content\/uploads\/2026\/04\/lula-da-silva-brasil.webp","contentUrl":"https:\/\/potenciaradiofonicadominicana.com\/portal\/wp-content\/uploads\/2026\/04\/lula-da-silva-brasil.webp","width":950,"height":468},{"@type":"BreadcrumbList","@id":"https:\/\/potenciaradiofonicadominicana.com\/portal\/lula-sufre-una-derrota-historica-en-el-senado-a-cinco-meses-de-las-elecciones\/#breadcrumb","itemListElement":[{"@type":"ListItem","position":1,"name":"Portada","item":"https:\/\/potenciaradiofonicadominicana.com\/portal\/"},{"@type":"ListItem","position":2,"name":"Lula sufre una derrota hist\u00f3rica en el Senado a cinco meses de las elecciones"}]},{"@type":"WebSite","@id":"https:\/\/potenciaradiofonicadominicana.com\/portal\/#website","url":"https:\/\/potenciaradiofonicadominicana.com\/portal\/","name":"PotenciaRadiofonicaDominicana.com","description":"Peri\u00f3dico Digital","publisher":{"@id":"https:\/\/potenciaradiofonicadominicana.com\/portal\/#organization"},"potentialAction":[{"@type":"SearchAction","target":{"@type":"EntryPoint","urlTemplate":"https:\/\/potenciaradiofonicadominicana.com\/portal\/?s={search_term_string}"},"query-input":{"@type":"PropertyValueSpecification","valueRequired":true,"valueName":"search_term_string"}}],"inLanguage":"es"},{"@type":"Organization","@id":"https:\/\/potenciaradiofonicadominicana.com\/portal\/#organization","name":"PotenciaRadiofonicaDominicana.com","url":"https:\/\/potenciaradiofonicadominicana.com\/portal\/","logo":{"@type":"ImageObject","inLanguage":"es","@id":"https:\/\/potenciaradiofonicadominicana.com\/portal\/#\/schema\/logo\/image\/","url":"https:\/\/potenciaradiofonicadominicana.com\/portal\/wp-content\/uploads\/2022\/01\/descarga.png","contentUrl":"https:\/\/potenciaradiofonicadominicana.com\/portal\/wp-content\/uploads\/2022\/01\/descarga.png","width":300,"height":100,"caption":"PotenciaRadiofonicaDominicana.com"},"image":{"@id":"https:\/\/potenciaradiofonicadominicana.com\/portal\/#\/schema\/logo\/image\/"},"sameAs":["https:\/\/web.facebook.com\/PotenciaRadiofonicaD"]},{"@type":"Person","@id":"https:\/\/potenciaradiofonicadominicana.com\/portal\/#\/schema\/person\/a5cf1fea13877803ee0573ac18b03490","name":"Potencia Radiof\u00f3nica Dominicana","image":{"@type":"ImageObject","inLanguage":"es","@id":"https:\/\/potenciaradiofonicadominicana.com\/portal\/#\/schema\/person\/image\/","url":"https:\/\/secure.gravatar.com\/avatar\/42a55ab9e8ccc656ba34cd791990602a?s=96&d=mm&r=g","contentUrl":"https:\/\/secure.gravatar.com\/avatar\/42a55ab9e8ccc656ba34cd791990602a?s=96&d=mm&r=g","caption":"Potencia Radiof\u00f3nica Dominicana"},"url":"https:\/\/potenciaradiofonicadominicana.com\/portal\/author\/johannyalmanzar\/"}]}},"_links":{"self":[{"href":"https:\/\/potenciaradiofonicadominicana.com\/portal\/wp-json\/wp\/v2\/posts\/216257","targetHints":{"allow":["GET"]}}],"collection":[{"href":"https:\/\/potenciaradiofonicadominicana.com\/portal\/wp-json\/wp\/v2\/posts"}],"about":[{"href":"https:\/\/potenciaradiofonicadominicana.com\/portal\/wp-json\/wp\/v2\/types\/post"}],"author":[{"embeddable":true,"href":"https:\/\/potenciaradiofonicadominicana.com\/portal\/wp-json\/wp\/v2\/users\/2"}],"replies":[{"embeddable":true,"href":"https:\/\/potenciaradiofonicadominicana.com\/portal\/wp-json\/wp\/v2\/comments?post=216257"}],"version-history":[{"count":1,"href":"https:\/\/potenciaradiofonicadominicana.com\/portal\/wp-json\/wp\/v2\/posts\/216257\/revisions"}],"predecessor-version":[{"id":216261,"href":"https:\/\/potenciaradiofonicadominicana.com\/portal\/wp-json\/wp\/v2\/posts\/216257\/revisions\/216261"}],"wp:featuredmedia":[{"embeddable":true,"href":"https:\/\/potenciaradiofonicadominicana.com\/portal\/wp-json\/wp\/v2\/media\/216259"}],"wp:attachment":[{"href":"https:\/\/potenciaradiofonicadominicana.com\/portal\/wp-json\/wp\/v2\/media?parent=216257"}],"wp:term":[{"taxonomy":"category","embeddable":true,"href":"https:\/\/potenciaradiofonicadominicana.com\/portal\/wp-json\/wp\/v2\/categories?post=216257"},{"taxonomy":"post_tag","embeddable":true,"href":"https:\/\/potenciaradiofonicadominicana.com\/portal\/wp-json\/wp\/v2\/tags?post=216257"}],"curies":[{"name":"wp","href":"https:\/\/api.w.org\/{rel}","templated":true}]}}