{"id":216252,"date":"2026-04-29T23:25:20","date_gmt":"2026-04-30T03:25:20","guid":{"rendered":"https:\/\/potenciaradiofonicadominicana.com\/portal\/?p=216252"},"modified":"2026-04-29T23:25:20","modified_gmt":"2026-04-30T03:25:20","slug":"medicos-sin-fronteras-alerta-deterioro-en-haiti-y-pide-ampliar-protecciones-de-tps-en-ee-uu","status":"publish","type":"post","link":"https:\/\/potenciaradiofonicadominicana.com\/portal\/medicos-sin-fronteras-alerta-deterioro-en-haiti-y-pide-ampliar-protecciones-de-tps-en-ee-uu\/","title":{"rendered":"M\u00e9dicos Sin Fronteras alerta deterioro en Hait\u00ed y pide ampliar protecciones de TPS en EE.UU."},"content":{"rendered":"<p><a href=\"https:\/\/potenciaradiofonicadominicana.com\/portal\/wp-content\/uploads\/2026\/04\/haiti-1.webp\"><img loading=\"lazy\" decoding=\"async\" class=\"alignnone size-full wp-image-216254\" src=\"https:\/\/potenciaradiofonicadominicana.com\/portal\/wp-content\/uploads\/2026\/04\/haiti-1.webp\" alt=\"\" width=\"1242\" height=\"883\" srcset=\"https:\/\/potenciaradiofonicadominicana.com\/portal\/wp-content\/uploads\/2026\/04\/haiti-1.webp 1242w, https:\/\/potenciaradiofonicadominicana.com\/portal\/wp-content\/uploads\/2026\/04\/haiti-1-300x213.webp 300w, https:\/\/potenciaradiofonicadominicana.com\/portal\/wp-content\/uploads\/2026\/04\/haiti-1-1024x728.webp 1024w, https:\/\/potenciaradiofonicadominicana.com\/portal\/wp-content\/uploads\/2026\/04\/haiti-1-768x546.webp 768w\" sizes=\"auto, (max-width: 1242px) 100vw, 1242px\" \/><\/a><\/p>\n<p>Nueva York.- M\u00e9dicos Sin Fronteras (MSF) alert\u00f3 este mi\u00e9rcoles del \u00abgrave deterioro\u00bb de la situaci\u00f3n humanitaria en Hait\u00ed y pidi\u00f3 a los responsables pol\u00edticos estadounidenses que ampl\u00eden las protecciones migratorias para los ciudadanos de ese pa\u00eds, en el contexto de un caso que examina el Tribunal Supremo sobre el Estatus de Protecci\u00f3n Temporal (TPS).<\/p>\n<p>La posible revocaci\u00f3n del TPS por parte del Gobierno de Donald Trump podr\u00eda sentar un precedente para todos los beneficiarios del programa, seg\u00fan MSF, que advierte igualmente de que el aumento de la violencia de grupos armados, el colapso de servicios b\u00e1sicos y la crisis sanitaria \u00abhacen que el pa\u00eds no sea seguro para retornos forzados\u00bb.<\/p>\n<p>\u00abHait\u00ed se ha convertido en un lugar mucho m\u00e1s peligroso para vivir, trabajar o recibir atenci\u00f3n m\u00e9dica\u00bb, afirm\u00f3 en un comunicado Tirana Hassan, directora ejecutiva de MSF Estados Unidos.<\/p>\n<div id=\"div-gpt-ad-1519409790919-2\" class=\"gpt-ad-slot d-flex align-items-center justify-content-center my-2\" aria-label=\"div-gpt-ad-1519409790919-2\" data-google-query-id=\"CL_U__nPlJQDFQfx0gQdPyEkVA\">\n<div id=\"google_ads_iframe_\/1018679\/ElDia_Articulo\/ElDia_Articulo_300x250_3_0__container__\">Espa\u00f1a reafirma apoyo a Hait\u00ed y ofrece ayuda econ\u00f3mica y policial para frenar a las bandas<\/div>\n<\/div>\n<p>M\u00e1s de 350.000 haitianos residen actualmente en Estados Unidos bajo el TPS, un programa humanitario que permite vivir y trabajar en el pa\u00eds a ciudadanos de naciones afectadas por conflictos o desastres.<\/p>\n<p>La Administraci\u00f3n estadounidense ha impulsado revisiones del programa y en febrero se anunci\u00f3 el fin de la designaci\u00f3n para Hait\u00ed, aunque varias decisiones judiciales han bloqueado su aplicaci\u00f3n de forma temporal.<\/p>\n<p>Ahora, en un caso ante el Tribunal Supremo, &#8216;Trump contra Miot&#8217;, se espera que la Administraci\u00f3n defienda sus esfuerzos por poner fin al TPS, bas\u00e1ndose en parte en sus argumentos de que las condiciones en Hait\u00ed son lo suficientemente seguras como para que la gente regrese.<\/p>\n<p>No obstante, MSF y otras organizaciones aseguran que desde que la violencia se recrudeci\u00f3 a principios de 2024, \u00abseis de cada diez centros m\u00e9dicos de Puerto Pr\u00edncipe han cerrado o funcionan solo parcialmente\u00bb.<\/p>\n<p>\u00abAlgunos han sido saqueados, incendiados y abandonados, mientras que otros se enfrentan a una grave escasez de suministros, medicamentos o personal. Muchas personas tienen demasiado miedo para acudir a los servicios sanitarios, incluso cuando tienen una necesidad urgente\u00bb, se\u00f1ala la nota.<\/p>\n<p>Solo en la \u00faltima semana se han desatado \u00abcombates extremadamente violentos entre varios grupos armados rivales\u00bb en dos barrios de Puerto Pr\u00edncipe, lo que ha obligado a cientos de familias a \u00abhuir de sus hogares en plena noche bajo una lluvia torrencial\u00bb.<\/p>\n<p>\u00abDurante el fin de semana del 18 y 19 de abril, miembros de nuestro personal nos llamaron para decirnos que estaban atrapados en sus casas debido a los disparos y que no ten\u00edan forma de escapar\u00bb, explica en el comunicado Davina Hayles, coordinadora general de MSF en Hait\u00ed.<\/p>\n<p>\u00abCasi 40 personas, entre ellas miembros del personal de MSF acompa\u00f1ados de sus familias, acudieron a buscar refugio en nuestro hospital de Cit\u00e9 Soleil, al no tener ning\u00fan otro lugar seguro ad\u00f3nde ir\u00bb, agrega.<\/p>\n<p>Seg\u00fan Naciones Unidas, m\u00e1s de 1,4 millones de personas han huido de sus hogares a causa de la violencia en Hait\u00ed y han tenido que buscar refugio en otros lugares del pa\u00eds.<\/p>\n<p>\u00abSe trata de una situaci\u00f3n intolerable para la poblaci\u00f3n de Hait\u00ed, y devolver a los haitianos con TPS desde EE. UU. contra su voluntad, poni\u00e9ndolos en peligro, no har\u00eda m\u00e1s que agravar la crisis. Instamos a los responsables pol\u00edticos estadounidenses a que reconozcan esta realidad\u00bb, se\u00f1ala Hassan.<\/p>\n","protected":false},"excerpt":{"rendered":"<p>Nueva York.- M\u00e9dicos Sin Fronteras (MSF) alert\u00f3 este mi\u00e9rcoles del \u00abgrave deterioro\u00bb de la situaci\u00f3n humanitaria en Hait\u00ed y pidi\u00f3 &#8230;<\/p>\n","protected":false},"author":2,"featured_media":216254,"comment_status":"closed","ping_status":"closed","sticky":false,"template":"","format":"standard","meta":{"footnotes":""},"categories":[30],"tags":[],"class_list":["post-216252","post","type-post","status-publish","format-standard","has-post-thumbnail","hentry","category-internacional"],"yoast_head":"<!-- This site is optimized with the Yoast SEO plugin v24.8.1 - https:\/\/yoast.com\/wordpress\/plugins\/seo\/ -->\n<title>M\u00e9dicos Sin Fronteras alerta deterioro en Hait\u00ed y pide ampliar protecciones de TPS en EE.UU. - PotenciaRadiofonicaDominicana.com<\/title>\n<meta name=\"robots\" content=\"index, follow, max-snippet:-1, max-image-preview:large, max-video-preview:-1\" \/>\n<link rel=\"canonical\" href=\"https:\/\/potenciaradiofonicadominicana.com\/portal\/medicos-sin-fronteras-alerta-deterioro-en-haiti-y-pide-ampliar-protecciones-de-tps-en-ee-uu\/\" \/>\n<meta property=\"og:locale\" content=\"es_ES\" \/>\n<meta property=\"og:type\" content=\"article\" \/>\n<meta property=\"og:title\" content=\"M\u00e9dicos Sin Fronteras alerta deterioro en Hait\u00ed y pide ampliar protecciones de TPS en EE.UU. - PotenciaRadiofonicaDominicana.com\" \/>\n<meta property=\"og:description\" content=\"Nueva York.- M\u00e9dicos Sin Fronteras (MSF) alert\u00f3 este mi\u00e9rcoles del \u00abgrave deterioro\u00bb de la situaci\u00f3n humanitaria en Hait\u00ed y pidi\u00f3 ...\" \/>\n<meta property=\"og:url\" content=\"https:\/\/potenciaradiofonicadominicana.com\/portal\/medicos-sin-fronteras-alerta-deterioro-en-haiti-y-pide-ampliar-protecciones-de-tps-en-ee-uu\/\" \/>\n<meta property=\"og:site_name\" content=\"PotenciaRadiofonicaDominicana.com\" \/>\n<meta property=\"article:publisher\" content=\"https:\/\/web.facebook.com\/PotenciaRadiofonicaD\" \/>\n<meta property=\"article:published_time\" content=\"2026-04-30T03:25:20+00:00\" \/>\n<meta property=\"og:image\" content=\"https:\/\/potenciaradiofonicadominicana.com\/portal\/wp-content\/uploads\/2026\/04\/haiti-1.webp\" \/>\n\t<meta property=\"og:image:width\" content=\"1242\" \/>\n\t<meta property=\"og:image:height\" content=\"883\" \/>\n\t<meta property=\"og:image:type\" content=\"image\/webp\" \/>\n<meta name=\"author\" content=\"Potencia Radiof\u00f3nica Dominicana\" \/>\n<meta name=\"twitter:card\" content=\"summary_large_image\" \/>\n<meta name=\"twitter:label1\" content=\"Escrito por\" \/>\n\t<meta name=\"twitter:data1\" content=\"Potencia Radiof\u00f3nica Dominicana\" \/>\n\t<meta name=\"twitter:label2\" content=\"Tiempo de lectura\" \/>\n\t<meta name=\"twitter:data2\" content=\"3 minutos\" \/>\n<script type=\"application\/ld+json\" class=\"yoast-schema-graph\">{\"@context\":\"https:\/\/schema.org\",\"@graph\":[{\"@type\":\"Article\",\"@id\":\"https:\/\/potenciaradiofonicadominicana.com\/portal\/medicos-sin-fronteras-alerta-deterioro-en-haiti-y-pide-ampliar-protecciones-de-tps-en-ee-uu\/#article\",\"isPartOf\":{\"@id\":\"https:\/\/potenciaradiofonicadominicana.com\/portal\/medicos-sin-fronteras-alerta-deterioro-en-haiti-y-pide-ampliar-protecciones-de-tps-en-ee-uu\/\"},\"author\":{\"name\":\"Potencia Radiof\u00f3nica Dominicana\",\"@id\":\"https:\/\/potenciaradiofonicadominicana.com\/portal\/#\/schema\/person\/a5cf1fea13877803ee0573ac18b03490\"},\"headline\":\"M\u00e9dicos Sin Fronteras alerta deterioro en Hait\u00ed y pide ampliar protecciones de TPS en EE.UU.\",\"datePublished\":\"2026-04-30T03:25:20+00:00\",\"mainEntityOfPage\":{\"@id\":\"https:\/\/potenciaradiofonicadominicana.com\/portal\/medicos-sin-fronteras-alerta-deterioro-en-haiti-y-pide-ampliar-protecciones-de-tps-en-ee-uu\/\"},\"wordCount\":595,\"publisher\":{\"@id\":\"https:\/\/potenciaradiofonicadominicana.com\/portal\/#organization\"},\"image\":{\"@id\":\"https:\/\/potenciaradiofonicadominicana.com\/portal\/medicos-sin-fronteras-alerta-deterioro-en-haiti-y-pide-ampliar-protecciones-de-tps-en-ee-uu\/#primaryimage\"},\"thumbnailUrl\":\"https:\/\/potenciaradiofonicadominicana.com\/portal\/wp-content\/uploads\/2026\/04\/haiti-1.webp\",\"articleSection\":[\"Internacional\"],\"inLanguage\":\"es\"},{\"@type\":\"WebPage\",\"@id\":\"https:\/\/potenciaradiofonicadominicana.com\/portal\/medicos-sin-fronteras-alerta-deterioro-en-haiti-y-pide-ampliar-protecciones-de-tps-en-ee-uu\/\",\"url\":\"https:\/\/potenciaradiofonicadominicana.com\/portal\/medicos-sin-fronteras-alerta-deterioro-en-haiti-y-pide-ampliar-protecciones-de-tps-en-ee-uu\/\",\"name\":\"M\u00e9dicos Sin Fronteras alerta deterioro en Hait\u00ed y pide ampliar protecciones de TPS en EE.UU. - PotenciaRadiofonicaDominicana.com\",\"isPartOf\":{\"@id\":\"https:\/\/potenciaradiofonicadominicana.com\/portal\/#website\"},\"primaryImageOfPage\":{\"@id\":\"https:\/\/potenciaradiofonicadominicana.com\/portal\/medicos-sin-fronteras-alerta-deterioro-en-haiti-y-pide-ampliar-protecciones-de-tps-en-ee-uu\/#primaryimage\"},\"image\":{\"@id\":\"https:\/\/potenciaradiofonicadominicana.com\/portal\/medicos-sin-fronteras-alerta-deterioro-en-haiti-y-pide-ampliar-protecciones-de-tps-en-ee-uu\/#primaryimage\"},\"thumbnailUrl\":\"https:\/\/potenciaradiofonicadominicana.com\/portal\/wp-content\/uploads\/2026\/04\/haiti-1.webp\",\"datePublished\":\"2026-04-30T03:25:20+00:00\",\"breadcrumb\":{\"@id\":\"https:\/\/potenciaradiofonicadominicana.com\/portal\/medicos-sin-fronteras-alerta-deterioro-en-haiti-y-pide-ampliar-protecciones-de-tps-en-ee-uu\/#breadcrumb\"},\"inLanguage\":\"es\",\"potentialAction\":[{\"@type\":\"ReadAction\",\"target\":[\"https:\/\/potenciaradiofonicadominicana.com\/portal\/medicos-sin-fronteras-alerta-deterioro-en-haiti-y-pide-ampliar-protecciones-de-tps-en-ee-uu\/\"]}]},{\"@type\":\"ImageObject\",\"inLanguage\":\"es\",\"@id\":\"https:\/\/potenciaradiofonicadominicana.com\/portal\/medicos-sin-fronteras-alerta-deterioro-en-haiti-y-pide-ampliar-protecciones-de-tps-en-ee-uu\/#primaryimage\",\"url\":\"https:\/\/potenciaradiofonicadominicana.com\/portal\/wp-content\/uploads\/2026\/04\/haiti-1.webp\",\"contentUrl\":\"https:\/\/potenciaradiofonicadominicana.com\/portal\/wp-content\/uploads\/2026\/04\/haiti-1.webp\",\"width\":1242,\"height\":883},{\"@type\":\"BreadcrumbList\",\"@id\":\"https:\/\/potenciaradiofonicadominicana.com\/portal\/medicos-sin-fronteras-alerta-deterioro-en-haiti-y-pide-ampliar-protecciones-de-tps-en-ee-uu\/#breadcrumb\",\"itemListElement\":[{\"@type\":\"ListItem\",\"position\":1,\"name\":\"Portada\",\"item\":\"https:\/\/potenciaradiofonicadominicana.com\/portal\/\"},{\"@type\":\"ListItem\",\"position\":2,\"name\":\"M\u00e9dicos Sin Fronteras alerta deterioro en Hait\u00ed y pide ampliar protecciones de TPS en EE.UU.\"}]},{\"@type\":\"WebSite\",\"@id\":\"https:\/\/potenciaradiofonicadominicana.com\/portal\/#website\",\"url\":\"https:\/\/potenciaradiofonicadominicana.com\/portal\/\",\"name\":\"PotenciaRadiofonicaDominicana.com\",\"description\":\"Peri\u00f3dico Digital\",\"publisher\":{\"@id\":\"https:\/\/potenciaradiofonicadominicana.com\/portal\/#organization\"},\"potentialAction\":[{\"@type\":\"SearchAction\",\"target\":{\"@type\":\"EntryPoint\",\"urlTemplate\":\"https:\/\/potenciaradiofonicadominicana.com\/portal\/?s={search_term_string}\"},\"query-input\":{\"@type\":\"PropertyValueSpecification\",\"valueRequired\":true,\"valueName\":\"search_term_string\"}}],\"inLanguage\":\"es\"},{\"@type\":\"Organization\",\"@id\":\"https:\/\/potenciaradiofonicadominicana.com\/portal\/#organization\",\"name\":\"PotenciaRadiofonicaDominicana.com\",\"url\":\"https:\/\/potenciaradiofonicadominicana.com\/portal\/\",\"logo\":{\"@type\":\"ImageObject\",\"inLanguage\":\"es\",\"@id\":\"https:\/\/potenciaradiofonicadominicana.com\/portal\/#\/schema\/logo\/image\/\",\"url\":\"https:\/\/potenciaradiofonicadominicana.com\/portal\/wp-content\/uploads\/2022\/01\/descarga.png\",\"contentUrl\":\"https:\/\/potenciaradiofonicadominicana.com\/portal\/wp-content\/uploads\/2022\/01\/descarga.png\",\"width\":300,\"height\":100,\"caption\":\"PotenciaRadiofonicaDominicana.com\"},\"image\":{\"@id\":\"https:\/\/potenciaradiofonicadominicana.com\/portal\/#\/schema\/logo\/image\/\"},\"sameAs\":[\"https:\/\/web.facebook.com\/PotenciaRadiofonicaD\"]},{\"@type\":\"Person\",\"@id\":\"https:\/\/potenciaradiofonicadominicana.com\/portal\/#\/schema\/person\/a5cf1fea13877803ee0573ac18b03490\",\"name\":\"Potencia Radiof\u00f3nica Dominicana\",\"image\":{\"@type\":\"ImageObject\",\"inLanguage\":\"es\",\"@id\":\"https:\/\/potenciaradiofonicadominicana.com\/portal\/#\/schema\/person\/image\/\",\"url\":\"https:\/\/secure.gravatar.com\/avatar\/42a55ab9e8ccc656ba34cd791990602a?s=96&d=mm&r=g\",\"contentUrl\":\"https:\/\/secure.gravatar.com\/avatar\/42a55ab9e8ccc656ba34cd791990602a?s=96&d=mm&r=g\",\"caption\":\"Potencia Radiof\u00f3nica Dominicana\"},\"url\":\"https:\/\/potenciaradiofonicadominicana.com\/portal\/author\/johannyalmanzar\/\"}]}<\/script>\n<!-- \/ Yoast SEO plugin. -->","yoast_head_json":{"title":"M\u00e9dicos Sin Fronteras alerta deterioro en Hait\u00ed y pide ampliar protecciones de TPS en EE.UU. - PotenciaRadiofonicaDominicana.com","robots":{"index":"index","follow":"follow","max-snippet":"max-snippet:-1","max-image-preview":"max-image-preview:large","max-video-preview":"max-video-preview:-1"},"canonical":"https:\/\/potenciaradiofonicadominicana.com\/portal\/medicos-sin-fronteras-alerta-deterioro-en-haiti-y-pide-ampliar-protecciones-de-tps-en-ee-uu\/","og_locale":"es_ES","og_type":"article","og_title":"M\u00e9dicos Sin Fronteras alerta deterioro en Hait\u00ed y pide ampliar protecciones de TPS en EE.UU. - PotenciaRadiofonicaDominicana.com","og_description":"Nueva York.- M\u00e9dicos Sin Fronteras (MSF) alert\u00f3 este mi\u00e9rcoles del \u00abgrave deterioro\u00bb de la situaci\u00f3n humanitaria en Hait\u00ed y pidi\u00f3 ...","og_url":"https:\/\/potenciaradiofonicadominicana.com\/portal\/medicos-sin-fronteras-alerta-deterioro-en-haiti-y-pide-ampliar-protecciones-de-tps-en-ee-uu\/","og_site_name":"PotenciaRadiofonicaDominicana.com","article_publisher":"https:\/\/web.facebook.com\/PotenciaRadiofonicaD","article_published_time":"2026-04-30T03:25:20+00:00","og_image":[{"width":1242,"height":883,"url":"https:\/\/potenciaradiofonicadominicana.com\/portal\/wp-content\/uploads\/2026\/04\/haiti-1.webp","type":"image\/webp"}],"author":"Potencia Radiof\u00f3nica Dominicana","twitter_card":"summary_large_image","twitter_misc":{"Escrito por":"Potencia Radiof\u00f3nica Dominicana","Tiempo de lectura":"3 minutos"},"schema":{"@context":"https:\/\/schema.org","@graph":[{"@type":"Article","@id":"https:\/\/potenciaradiofonicadominicana.com\/portal\/medicos-sin-fronteras-alerta-deterioro-en-haiti-y-pide-ampliar-protecciones-de-tps-en-ee-uu\/#article","isPartOf":{"@id":"https:\/\/potenciaradiofonicadominicana.com\/portal\/medicos-sin-fronteras-alerta-deterioro-en-haiti-y-pide-ampliar-protecciones-de-tps-en-ee-uu\/"},"author":{"name":"Potencia Radiof\u00f3nica Dominicana","@id":"https:\/\/potenciaradiofonicadominicana.com\/portal\/#\/schema\/person\/a5cf1fea13877803ee0573ac18b03490"},"headline":"M\u00e9dicos Sin Fronteras alerta deterioro en Hait\u00ed y pide ampliar protecciones de TPS en EE.UU.","datePublished":"2026-04-30T03:25:20+00:00","mainEntityOfPage":{"@id":"https:\/\/potenciaradiofonicadominicana.com\/portal\/medicos-sin-fronteras-alerta-deterioro-en-haiti-y-pide-ampliar-protecciones-de-tps-en-ee-uu\/"},"wordCount":595,"publisher":{"@id":"https:\/\/potenciaradiofonicadominicana.com\/portal\/#organization"},"image":{"@id":"https:\/\/potenciaradiofonicadominicana.com\/portal\/medicos-sin-fronteras-alerta-deterioro-en-haiti-y-pide-ampliar-protecciones-de-tps-en-ee-uu\/#primaryimage"},"thumbnailUrl":"https:\/\/potenciaradiofonicadominicana.com\/portal\/wp-content\/uploads\/2026\/04\/haiti-1.webp","articleSection":["Internacional"],"inLanguage":"es"},{"@type":"WebPage","@id":"https:\/\/potenciaradiofonicadominicana.com\/portal\/medicos-sin-fronteras-alerta-deterioro-en-haiti-y-pide-ampliar-protecciones-de-tps-en-ee-uu\/","url":"https:\/\/potenciaradiofonicadominicana.com\/portal\/medicos-sin-fronteras-alerta-deterioro-en-haiti-y-pide-ampliar-protecciones-de-tps-en-ee-uu\/","name":"M\u00e9dicos Sin Fronteras alerta deterioro en Hait\u00ed y pide ampliar protecciones de TPS en EE.UU. - PotenciaRadiofonicaDominicana.com","isPartOf":{"@id":"https:\/\/potenciaradiofonicadominicana.com\/portal\/#website"},"primaryImageOfPage":{"@id":"https:\/\/potenciaradiofonicadominicana.com\/portal\/medicos-sin-fronteras-alerta-deterioro-en-haiti-y-pide-ampliar-protecciones-de-tps-en-ee-uu\/#primaryimage"},"image":{"@id":"https:\/\/potenciaradiofonicadominicana.com\/portal\/medicos-sin-fronteras-alerta-deterioro-en-haiti-y-pide-ampliar-protecciones-de-tps-en-ee-uu\/#primaryimage"},"thumbnailUrl":"https:\/\/potenciaradiofonicadominicana.com\/portal\/wp-content\/uploads\/2026\/04\/haiti-1.webp","datePublished":"2026-04-30T03:25:20+00:00","breadcrumb":{"@id":"https:\/\/potenciaradiofonicadominicana.com\/portal\/medicos-sin-fronteras-alerta-deterioro-en-haiti-y-pide-ampliar-protecciones-de-tps-en-ee-uu\/#breadcrumb"},"inLanguage":"es","potentialAction":[{"@type":"ReadAction","target":["https:\/\/potenciaradiofonicadominicana.com\/portal\/medicos-sin-fronteras-alerta-deterioro-en-haiti-y-pide-ampliar-protecciones-de-tps-en-ee-uu\/"]}]},{"@type":"ImageObject","inLanguage":"es","@id":"https:\/\/potenciaradiofonicadominicana.com\/portal\/medicos-sin-fronteras-alerta-deterioro-en-haiti-y-pide-ampliar-protecciones-de-tps-en-ee-uu\/#primaryimage","url":"https:\/\/potenciaradiofonicadominicana.com\/portal\/wp-content\/uploads\/2026\/04\/haiti-1.webp","contentUrl":"https:\/\/potenciaradiofonicadominicana.com\/portal\/wp-content\/uploads\/2026\/04\/haiti-1.webp","width":1242,"height":883},{"@type":"BreadcrumbList","@id":"https:\/\/potenciaradiofonicadominicana.com\/portal\/medicos-sin-fronteras-alerta-deterioro-en-haiti-y-pide-ampliar-protecciones-de-tps-en-ee-uu\/#breadcrumb","itemListElement":[{"@type":"ListItem","position":1,"name":"Portada","item":"https:\/\/potenciaradiofonicadominicana.com\/portal\/"},{"@type":"ListItem","position":2,"name":"M\u00e9dicos Sin Fronteras alerta deterioro en Hait\u00ed y pide ampliar protecciones de TPS en EE.UU."}]},{"@type":"WebSite","@id":"https:\/\/potenciaradiofonicadominicana.com\/portal\/#website","url":"https:\/\/potenciaradiofonicadominicana.com\/portal\/","name":"PotenciaRadiofonicaDominicana.com","description":"Peri\u00f3dico Digital","publisher":{"@id":"https:\/\/potenciaradiofonicadominicana.com\/portal\/#organization"},"potentialAction":[{"@type":"SearchAction","target":{"@type":"EntryPoint","urlTemplate":"https:\/\/potenciaradiofonicadominicana.com\/portal\/?s={search_term_string}"},"query-input":{"@type":"PropertyValueSpecification","valueRequired":true,"valueName":"search_term_string"}}],"inLanguage":"es"},{"@type":"Organization","@id":"https:\/\/potenciaradiofonicadominicana.com\/portal\/#organization","name":"PotenciaRadiofonicaDominicana.com","url":"https:\/\/potenciaradiofonicadominicana.com\/portal\/","logo":{"@type":"ImageObject","inLanguage":"es","@id":"https:\/\/potenciaradiofonicadominicana.com\/portal\/#\/schema\/logo\/image\/","url":"https:\/\/potenciaradiofonicadominicana.com\/portal\/wp-content\/uploads\/2022\/01\/descarga.png","contentUrl":"https:\/\/potenciaradiofonicadominicana.com\/portal\/wp-content\/uploads\/2022\/01\/descarga.png","width":300,"height":100,"caption":"PotenciaRadiofonicaDominicana.com"},"image":{"@id":"https:\/\/potenciaradiofonicadominicana.com\/portal\/#\/schema\/logo\/image\/"},"sameAs":["https:\/\/web.facebook.com\/PotenciaRadiofonicaD"]},{"@type":"Person","@id":"https:\/\/potenciaradiofonicadominicana.com\/portal\/#\/schema\/person\/a5cf1fea13877803ee0573ac18b03490","name":"Potencia Radiof\u00f3nica Dominicana","image":{"@type":"ImageObject","inLanguage":"es","@id":"https:\/\/potenciaradiofonicadominicana.com\/portal\/#\/schema\/person\/image\/","url":"https:\/\/secure.gravatar.com\/avatar\/42a55ab9e8ccc656ba34cd791990602a?s=96&d=mm&r=g","contentUrl":"https:\/\/secure.gravatar.com\/avatar\/42a55ab9e8ccc656ba34cd791990602a?s=96&d=mm&r=g","caption":"Potencia Radiof\u00f3nica Dominicana"},"url":"https:\/\/potenciaradiofonicadominicana.com\/portal\/author\/johannyalmanzar\/"}]}},"_links":{"self":[{"href":"https:\/\/potenciaradiofonicadominicana.com\/portal\/wp-json\/wp\/v2\/posts\/216252","targetHints":{"allow":["GET"]}}],"collection":[{"href":"https:\/\/potenciaradiofonicadominicana.com\/portal\/wp-json\/wp\/v2\/posts"}],"about":[{"href":"https:\/\/potenciaradiofonicadominicana.com\/portal\/wp-json\/wp\/v2\/types\/post"}],"author":[{"embeddable":true,"href":"https:\/\/potenciaradiofonicadominicana.com\/portal\/wp-json\/wp\/v2\/users\/2"}],"replies":[{"embeddable":true,"href":"https:\/\/potenciaradiofonicadominicana.com\/portal\/wp-json\/wp\/v2\/comments?post=216252"}],"version-history":[{"count":1,"href":"https:\/\/potenciaradiofonicadominicana.com\/portal\/wp-json\/wp\/v2\/posts\/216252\/revisions"}],"predecessor-version":[{"id":216256,"href":"https:\/\/potenciaradiofonicadominicana.com\/portal\/wp-json\/wp\/v2\/posts\/216252\/revisions\/216256"}],"wp:featuredmedia":[{"embeddable":true,"href":"https:\/\/potenciaradiofonicadominicana.com\/portal\/wp-json\/wp\/v2\/media\/216254"}],"wp:attachment":[{"href":"https:\/\/potenciaradiofonicadominicana.com\/portal\/wp-json\/wp\/v2\/media?parent=216252"}],"wp:term":[{"taxonomy":"category","embeddable":true,"href":"https:\/\/potenciaradiofonicadominicana.com\/portal\/wp-json\/wp\/v2\/categories?post=216252"},{"taxonomy":"post_tag","embeddable":true,"href":"https:\/\/potenciaradiofonicadominicana.com\/portal\/wp-json\/wp\/v2\/tags?post=216252"}],"curies":[{"name":"wp","href":"https:\/\/api.w.org\/{rel}","templated":true}]}}