{"id":216251,"date":"2026-04-29T23:25:20","date_gmt":"2026-04-30T03:25:20","guid":{"rendered":"https:\/\/potenciaradiofonicadominicana.com\/portal\/?p=216251"},"modified":"2026-04-29T23:25:20","modified_gmt":"2026-04-30T03:25:20","slug":"ee-uu-eleva-a-42-la-cifra-de-buques-iranies-que-ha-bloqueado-en-el-estrecho-de-ormuz","status":"publish","type":"post","link":"https:\/\/potenciaradiofonicadominicana.com\/portal\/ee-uu-eleva-a-42-la-cifra-de-buques-iranies-que-ha-bloqueado-en-el-estrecho-de-ormuz\/","title":{"rendered":"EE.UU. eleva a 42 la cifra de buques iran\u00edes que ha bloqueado en el estrecho de Ormuz"},"content":{"rendered":"<p><a href=\"https:\/\/potenciaradiofonicadominicana.com\/portal\/wp-content\/uploads\/2026\/04\/iran-amenaza-con-incendiar-barcos-en-el-estrecho-de-ormuz-37309062-focus-min0.56-min0.12-896-504.jpg\"><img loading=\"lazy\" decoding=\"async\" class=\"alignnone size-full wp-image-216253\" src=\"https:\/\/potenciaradiofonicadominicana.com\/portal\/wp-content\/uploads\/2026\/04\/iran-amenaza-con-incendiar-barcos-en-el-estrecho-de-ormuz-37309062-focus-min0.56-min0.12-896-504.jpg\" alt=\"\" width=\"896\" height=\"504\" srcset=\"https:\/\/potenciaradiofonicadominicana.com\/portal\/wp-content\/uploads\/2026\/04\/iran-amenaza-con-incendiar-barcos-en-el-estrecho-de-ormuz-37309062-focus-min0.56-min0.12-896-504.jpg 896w, https:\/\/potenciaradiofonicadominicana.com\/portal\/wp-content\/uploads\/2026\/04\/iran-amenaza-con-incendiar-barcos-en-el-estrecho-de-ormuz-37309062-focus-min0.56-min0.12-896-504-300x169.jpg 300w, https:\/\/potenciaradiofonicadominicana.com\/portal\/wp-content\/uploads\/2026\/04\/iran-amenaza-con-incendiar-barcos-en-el-estrecho-de-ormuz-37309062-focus-min0.56-min0.12-896-504-768x432.jpg 768w\" sizes=\"auto, (max-width: 896px) 100vw, 896px\" \/><\/a><\/p>\n<p>El\u00a0<strong>Ej\u00e9rcito de Estados Unidos<\/strong>\u00a0inform\u00f3 este mi\u00e9rcoles que ha impedido el paso de\u00a0<strong>42 buques<\/strong>\u00a0procedentes o con destino a puertos iran\u00edes, en el marco del bloqueo del\u00a0<strong>estrecho de Ormuz<\/strong>, mientras las conversaciones para alcanzar un acuerdo siguen estancadas.<\/p>\n<p>\u00abHoy, las fuerzas de EE. UU. lograron un hito significativo tras\u00a0<strong>redirigir<\/strong>\u00a0con \u00e9xito el\u00a0<strong>42\u00ba buque comercial<\/strong>\u00a0que intentaba violar el bloqueo\u00bb, inform\u00f3 el comandante del Mando Central del Ej\u00e9rcito de EE.UU. (Centcom),\u00a0<strong>Brad Cooper<\/strong>.<\/p>\n<p>El almirante agreg\u00f3 que el\u00a0<strong>bloqueo naval<\/strong>, en el que participan m\u00e1s de\u00a0<strong>200 aeronaves<\/strong>\u00a0y una cifra superior a\u00a0<strong>25 barcos<\/strong>, mantiene bloqueados a 41 petroleros \u00abcon 69 millones de barriles de petr\u00f3leo que el r\u00e9gimen iran\u00ed no puede vender\u00bb.<\/p>\n<p>\u00abEso es un estimado de m\u00e1s de seis mil millones de d\u00f3lares de los cuales el liderazgo de\u00a0<strong>Ir\u00e1n<\/strong>\u00a0no puede beneficiarse financieramente. El bloqueo es altamente efectivo y las fuerzas de EE. UU. siguen plenamente comprometidas con su\u00a0<strong>cumplimiento total<\/strong>\u00ab, agreg\u00f3 Cooper.<\/p>\n<p>El\u00a0<strong>bloqueo naval<\/strong>\u00a0sobre los puertos iran\u00edes se mantiene vigente desde el\u00a0<strong>13 de abril<\/strong>\u00a0y, seg\u00fan EE.UU., ha \u00abinterrumpido\u00bb casi en su totalidad el comercio de la\u00a0<strong>rep\u00fablica Isl\u00e1mica<\/strong>.<\/p>\n<p>El martes, el\u00a0<strong>Comando Central<\/strong>\u00a0intercept\u00f3 en el\u00a0<strong>mar Ar\u00e1bigo<\/strong>\u00a0un\u00a0<strong>buque comercial<\/strong>\u00a0por sospechar que se dirig\u00eda a\u00a0<strong>Ir\u00e1n<\/strong>, aunque lo soltaron tras determinar que no iba a un puerto de ese pa\u00eds.<\/p>\n<p>Mientras que el lunes, inform\u00f3 de que un destructor de la Marina estadounidense detuvo al petrolero\u00a0<strong>M\/T Stream<\/strong>, de\u00a0<strong>bandera iran\u00ed<\/strong>, lo que se suma a al menos dos cargueros de\u00a0<strong>Ir\u00e1n<\/strong>\u00a0capturados en semanas anteriores en operaciones de las fuerzas de EE.UU.<\/p>\n<p>El\u00a0<strong>bloqueo naval<\/strong>\u00a0estadounidense sobre los puertos iran\u00edes persiste mientras las conversaciones para alcanzar un acuerdo se mantienen estancadas, despu\u00e9s de que fuera pospuesta una segunda ronda de negociaciones prevista el pasado fin de semana en\u00a0<strong>Islamabad<\/strong>.<\/p>\n<p>Funcionarios de la\u00a0<strong>Rep\u00fablica Isl\u00e1mica<\/strong>\u00a0han exigido a Washington terminar con el\u00a0<strong>bloqueo de Ormuz<\/strong>\u00a0como condici\u00f3n para el avance del di\u00e1logo sobre el fin del conflicto.<\/p>\n","protected":false},"excerpt":{"rendered":"<p>El\u00a0Ej\u00e9rcito de Estados Unidos\u00a0inform\u00f3 este mi\u00e9rcoles que ha impedido el paso de\u00a042 buques\u00a0procedentes o con destino a puertos iran\u00edes, en &#8230;<\/p>\n","protected":false},"author":2,"featured_media":216253,"comment_status":"closed","ping_status":"closed","sticky":false,"template":"","format":"standard","meta":{"footnotes":""},"categories":[30],"tags":[],"class_list":["post-216251","post","type-post","status-publish","format-standard","has-post-thumbnail","hentry","category-internacional"],"yoast_head":"<!-- This site is optimized with the Yoast SEO plugin v24.8.1 - https:\/\/yoast.com\/wordpress\/plugins\/seo\/ -->\n<title>EE.UU. eleva a 42 la cifra de buques iran\u00edes que ha bloqueado en el estrecho de Ormuz - PotenciaRadiofonicaDominicana.com<\/title>\n<meta name=\"robots\" content=\"index, follow, max-snippet:-1, max-image-preview:large, max-video-preview:-1\" \/>\n<link rel=\"canonical\" href=\"https:\/\/potenciaradiofonicadominicana.com\/portal\/ee-uu-eleva-a-42-la-cifra-de-buques-iranies-que-ha-bloqueado-en-el-estrecho-de-ormuz\/\" \/>\n<meta property=\"og:locale\" content=\"es_ES\" \/>\n<meta property=\"og:type\" content=\"article\" \/>\n<meta property=\"og:title\" content=\"EE.UU. eleva a 42 la cifra de buques iran\u00edes que ha bloqueado en el estrecho de Ormuz - PotenciaRadiofonicaDominicana.com\" \/>\n<meta property=\"og:description\" content=\"El\u00a0Ej\u00e9rcito de Estados Unidos\u00a0inform\u00f3 este mi\u00e9rcoles que ha impedido el paso de\u00a042 buques\u00a0procedentes o con destino a puertos iran\u00edes, en ...\" \/>\n<meta property=\"og:url\" content=\"https:\/\/potenciaradiofonicadominicana.com\/portal\/ee-uu-eleva-a-42-la-cifra-de-buques-iranies-que-ha-bloqueado-en-el-estrecho-de-ormuz\/\" \/>\n<meta property=\"og:site_name\" content=\"PotenciaRadiofonicaDominicana.com\" \/>\n<meta property=\"article:publisher\" content=\"https:\/\/web.facebook.com\/PotenciaRadiofonicaD\" \/>\n<meta property=\"article:published_time\" content=\"2026-04-30T03:25:20+00:00\" \/>\n<meta property=\"og:image\" content=\"https:\/\/potenciaradiofonicadominicana.com\/portal\/wp-content\/uploads\/2026\/04\/iran-amenaza-con-incendiar-barcos-en-el-estrecho-de-ormuz-37309062-focus-min0.56-min0.12-896-504.jpg\" \/>\n\t<meta property=\"og:image:width\" content=\"896\" \/>\n\t<meta property=\"og:image:height\" content=\"504\" \/>\n\t<meta property=\"og:image:type\" content=\"image\/jpeg\" \/>\n<meta name=\"author\" content=\"Potencia Radiof\u00f3nica Dominicana\" \/>\n<meta name=\"twitter:card\" content=\"summary_large_image\" \/>\n<meta name=\"twitter:label1\" content=\"Escrito por\" \/>\n\t<meta name=\"twitter:data1\" content=\"Potencia Radiof\u00f3nica Dominicana\" \/>\n\t<meta name=\"twitter:label2\" content=\"Tiempo de lectura\" \/>\n\t<meta name=\"twitter:data2\" content=\"2 minutos\" \/>\n<script type=\"application\/ld+json\" class=\"yoast-schema-graph\">{\"@context\":\"https:\/\/schema.org\",\"@graph\":[{\"@type\":\"Article\",\"@id\":\"https:\/\/potenciaradiofonicadominicana.com\/portal\/ee-uu-eleva-a-42-la-cifra-de-buques-iranies-que-ha-bloqueado-en-el-estrecho-de-ormuz\/#article\",\"isPartOf\":{\"@id\":\"https:\/\/potenciaradiofonicadominicana.com\/portal\/ee-uu-eleva-a-42-la-cifra-de-buques-iranies-que-ha-bloqueado-en-el-estrecho-de-ormuz\/\"},\"author\":{\"name\":\"Potencia Radiof\u00f3nica Dominicana\",\"@id\":\"https:\/\/potenciaradiofonicadominicana.com\/portal\/#\/schema\/person\/a5cf1fea13877803ee0573ac18b03490\"},\"headline\":\"EE.UU. eleva a 42 la cifra de buques iran\u00edes que ha bloqueado en el estrecho de Ormuz\",\"datePublished\":\"2026-04-30T03:25:20+00:00\",\"mainEntityOfPage\":{\"@id\":\"https:\/\/potenciaradiofonicadominicana.com\/portal\/ee-uu-eleva-a-42-la-cifra-de-buques-iranies-que-ha-bloqueado-en-el-estrecho-de-ormuz\/\"},\"wordCount\":372,\"publisher\":{\"@id\":\"https:\/\/potenciaradiofonicadominicana.com\/portal\/#organization\"},\"image\":{\"@id\":\"https:\/\/potenciaradiofonicadominicana.com\/portal\/ee-uu-eleva-a-42-la-cifra-de-buques-iranies-que-ha-bloqueado-en-el-estrecho-de-ormuz\/#primaryimage\"},\"thumbnailUrl\":\"https:\/\/potenciaradiofonicadominicana.com\/portal\/wp-content\/uploads\/2026\/04\/iran-amenaza-con-incendiar-barcos-en-el-estrecho-de-ormuz-37309062-focus-min0.56-min0.12-896-504.jpg\",\"articleSection\":[\"Internacional\"],\"inLanguage\":\"es\"},{\"@type\":\"WebPage\",\"@id\":\"https:\/\/potenciaradiofonicadominicana.com\/portal\/ee-uu-eleva-a-42-la-cifra-de-buques-iranies-que-ha-bloqueado-en-el-estrecho-de-ormuz\/\",\"url\":\"https:\/\/potenciaradiofonicadominicana.com\/portal\/ee-uu-eleva-a-42-la-cifra-de-buques-iranies-que-ha-bloqueado-en-el-estrecho-de-ormuz\/\",\"name\":\"EE.UU. eleva a 42 la cifra de buques iran\u00edes que ha bloqueado en el estrecho de Ormuz - PotenciaRadiofonicaDominicana.com\",\"isPartOf\":{\"@id\":\"https:\/\/potenciaradiofonicadominicana.com\/portal\/#website\"},\"primaryImageOfPage\":{\"@id\":\"https:\/\/potenciaradiofonicadominicana.com\/portal\/ee-uu-eleva-a-42-la-cifra-de-buques-iranies-que-ha-bloqueado-en-el-estrecho-de-ormuz\/#primaryimage\"},\"image\":{\"@id\":\"https:\/\/potenciaradiofonicadominicana.com\/portal\/ee-uu-eleva-a-42-la-cifra-de-buques-iranies-que-ha-bloqueado-en-el-estrecho-de-ormuz\/#primaryimage\"},\"thumbnailUrl\":\"https:\/\/potenciaradiofonicadominicana.com\/portal\/wp-content\/uploads\/2026\/04\/iran-amenaza-con-incendiar-barcos-en-el-estrecho-de-ormuz-37309062-focus-min0.56-min0.12-896-504.jpg\",\"datePublished\":\"2026-04-30T03:25:20+00:00\",\"breadcrumb\":{\"@id\":\"https:\/\/potenciaradiofonicadominicana.com\/portal\/ee-uu-eleva-a-42-la-cifra-de-buques-iranies-que-ha-bloqueado-en-el-estrecho-de-ormuz\/#breadcrumb\"},\"inLanguage\":\"es\",\"potentialAction\":[{\"@type\":\"ReadAction\",\"target\":[\"https:\/\/potenciaradiofonicadominicana.com\/portal\/ee-uu-eleva-a-42-la-cifra-de-buques-iranies-que-ha-bloqueado-en-el-estrecho-de-ormuz\/\"]}]},{\"@type\":\"ImageObject\",\"inLanguage\":\"es\",\"@id\":\"https:\/\/potenciaradiofonicadominicana.com\/portal\/ee-uu-eleva-a-42-la-cifra-de-buques-iranies-que-ha-bloqueado-en-el-estrecho-de-ormuz\/#primaryimage\",\"url\":\"https:\/\/potenciaradiofonicadominicana.com\/portal\/wp-content\/uploads\/2026\/04\/iran-amenaza-con-incendiar-barcos-en-el-estrecho-de-ormuz-37309062-focus-min0.56-min0.12-896-504.jpg\",\"contentUrl\":\"https:\/\/potenciaradiofonicadominicana.com\/portal\/wp-content\/uploads\/2026\/04\/iran-amenaza-con-incendiar-barcos-en-el-estrecho-de-ormuz-37309062-focus-min0.56-min0.12-896-504.jpg\",\"width\":896,\"height\":504},{\"@type\":\"BreadcrumbList\",\"@id\":\"https:\/\/potenciaradiofonicadominicana.com\/portal\/ee-uu-eleva-a-42-la-cifra-de-buques-iranies-que-ha-bloqueado-en-el-estrecho-de-ormuz\/#breadcrumb\",\"itemListElement\":[{\"@type\":\"ListItem\",\"position\":1,\"name\":\"Portada\",\"item\":\"https:\/\/potenciaradiofonicadominicana.com\/portal\/\"},{\"@type\":\"ListItem\",\"position\":2,\"name\":\"EE.UU. eleva a 42 la cifra de buques iran\u00edes que ha bloqueado en el estrecho de Ormuz\"}]},{\"@type\":\"WebSite\",\"@id\":\"https:\/\/potenciaradiofonicadominicana.com\/portal\/#website\",\"url\":\"https:\/\/potenciaradiofonicadominicana.com\/portal\/\",\"name\":\"PotenciaRadiofonicaDominicana.com\",\"description\":\"Peri\u00f3dico Digital\",\"publisher\":{\"@id\":\"https:\/\/potenciaradiofonicadominicana.com\/portal\/#organization\"},\"potentialAction\":[{\"@type\":\"SearchAction\",\"target\":{\"@type\":\"EntryPoint\",\"urlTemplate\":\"https:\/\/potenciaradiofonicadominicana.com\/portal\/?s={search_term_string}\"},\"query-input\":{\"@type\":\"PropertyValueSpecification\",\"valueRequired\":true,\"valueName\":\"search_term_string\"}}],\"inLanguage\":\"es\"},{\"@type\":\"Organization\",\"@id\":\"https:\/\/potenciaradiofonicadominicana.com\/portal\/#organization\",\"name\":\"PotenciaRadiofonicaDominicana.com\",\"url\":\"https:\/\/potenciaradiofonicadominicana.com\/portal\/\",\"logo\":{\"@type\":\"ImageObject\",\"inLanguage\":\"es\",\"@id\":\"https:\/\/potenciaradiofonicadominicana.com\/portal\/#\/schema\/logo\/image\/\",\"url\":\"https:\/\/potenciaradiofonicadominicana.com\/portal\/wp-content\/uploads\/2022\/01\/descarga.png\",\"contentUrl\":\"https:\/\/potenciaradiofonicadominicana.com\/portal\/wp-content\/uploads\/2022\/01\/descarga.png\",\"width\":300,\"height\":100,\"caption\":\"PotenciaRadiofonicaDominicana.com\"},\"image\":{\"@id\":\"https:\/\/potenciaradiofonicadominicana.com\/portal\/#\/schema\/logo\/image\/\"},\"sameAs\":[\"https:\/\/web.facebook.com\/PotenciaRadiofonicaD\"]},{\"@type\":\"Person\",\"@id\":\"https:\/\/potenciaradiofonicadominicana.com\/portal\/#\/schema\/person\/a5cf1fea13877803ee0573ac18b03490\",\"name\":\"Potencia Radiof\u00f3nica Dominicana\",\"image\":{\"@type\":\"ImageObject\",\"inLanguage\":\"es\",\"@id\":\"https:\/\/potenciaradiofonicadominicana.com\/portal\/#\/schema\/person\/image\/\",\"url\":\"https:\/\/secure.gravatar.com\/avatar\/42a55ab9e8ccc656ba34cd791990602a?s=96&d=mm&r=g\",\"contentUrl\":\"https:\/\/secure.gravatar.com\/avatar\/42a55ab9e8ccc656ba34cd791990602a?s=96&d=mm&r=g\",\"caption\":\"Potencia Radiof\u00f3nica Dominicana\"},\"url\":\"https:\/\/potenciaradiofonicadominicana.com\/portal\/author\/johannyalmanzar\/\"}]}<\/script>\n<!-- \/ Yoast SEO plugin. -->","yoast_head_json":{"title":"EE.UU. eleva a 42 la cifra de buques iran\u00edes que ha bloqueado en el estrecho de Ormuz - PotenciaRadiofonicaDominicana.com","robots":{"index":"index","follow":"follow","max-snippet":"max-snippet:-1","max-image-preview":"max-image-preview:large","max-video-preview":"max-video-preview:-1"},"canonical":"https:\/\/potenciaradiofonicadominicana.com\/portal\/ee-uu-eleva-a-42-la-cifra-de-buques-iranies-que-ha-bloqueado-en-el-estrecho-de-ormuz\/","og_locale":"es_ES","og_type":"article","og_title":"EE.UU. eleva a 42 la cifra de buques iran\u00edes que ha bloqueado en el estrecho de Ormuz - PotenciaRadiofonicaDominicana.com","og_description":"El\u00a0Ej\u00e9rcito de Estados Unidos\u00a0inform\u00f3 este mi\u00e9rcoles que ha impedido el paso de\u00a042 buques\u00a0procedentes o con destino a puertos iran\u00edes, en ...","og_url":"https:\/\/potenciaradiofonicadominicana.com\/portal\/ee-uu-eleva-a-42-la-cifra-de-buques-iranies-que-ha-bloqueado-en-el-estrecho-de-ormuz\/","og_site_name":"PotenciaRadiofonicaDominicana.com","article_publisher":"https:\/\/web.facebook.com\/PotenciaRadiofonicaD","article_published_time":"2026-04-30T03:25:20+00:00","og_image":[{"width":896,"height":504,"url":"https:\/\/potenciaradiofonicadominicana.com\/portal\/wp-content\/uploads\/2026\/04\/iran-amenaza-con-incendiar-barcos-en-el-estrecho-de-ormuz-37309062-focus-min0.56-min0.12-896-504.jpg","type":"image\/jpeg"}],"author":"Potencia Radiof\u00f3nica Dominicana","twitter_card":"summary_large_image","twitter_misc":{"Escrito por":"Potencia Radiof\u00f3nica Dominicana","Tiempo de lectura":"2 minutos"},"schema":{"@context":"https:\/\/schema.org","@graph":[{"@type":"Article","@id":"https:\/\/potenciaradiofonicadominicana.com\/portal\/ee-uu-eleva-a-42-la-cifra-de-buques-iranies-que-ha-bloqueado-en-el-estrecho-de-ormuz\/#article","isPartOf":{"@id":"https:\/\/potenciaradiofonicadominicana.com\/portal\/ee-uu-eleva-a-42-la-cifra-de-buques-iranies-que-ha-bloqueado-en-el-estrecho-de-ormuz\/"},"author":{"name":"Potencia Radiof\u00f3nica Dominicana","@id":"https:\/\/potenciaradiofonicadominicana.com\/portal\/#\/schema\/person\/a5cf1fea13877803ee0573ac18b03490"},"headline":"EE.UU. eleva a 42 la cifra de buques iran\u00edes que ha bloqueado en el estrecho de Ormuz","datePublished":"2026-04-30T03:25:20+00:00","mainEntityOfPage":{"@id":"https:\/\/potenciaradiofonicadominicana.com\/portal\/ee-uu-eleva-a-42-la-cifra-de-buques-iranies-que-ha-bloqueado-en-el-estrecho-de-ormuz\/"},"wordCount":372,"publisher":{"@id":"https:\/\/potenciaradiofonicadominicana.com\/portal\/#organization"},"image":{"@id":"https:\/\/potenciaradiofonicadominicana.com\/portal\/ee-uu-eleva-a-42-la-cifra-de-buques-iranies-que-ha-bloqueado-en-el-estrecho-de-ormuz\/#primaryimage"},"thumbnailUrl":"https:\/\/potenciaradiofonicadominicana.com\/portal\/wp-content\/uploads\/2026\/04\/iran-amenaza-con-incendiar-barcos-en-el-estrecho-de-ormuz-37309062-focus-min0.56-min0.12-896-504.jpg","articleSection":["Internacional"],"inLanguage":"es"},{"@type":"WebPage","@id":"https:\/\/potenciaradiofonicadominicana.com\/portal\/ee-uu-eleva-a-42-la-cifra-de-buques-iranies-que-ha-bloqueado-en-el-estrecho-de-ormuz\/","url":"https:\/\/potenciaradiofonicadominicana.com\/portal\/ee-uu-eleva-a-42-la-cifra-de-buques-iranies-que-ha-bloqueado-en-el-estrecho-de-ormuz\/","name":"EE.UU. eleva a 42 la cifra de buques iran\u00edes que ha bloqueado en el estrecho de Ormuz - PotenciaRadiofonicaDominicana.com","isPartOf":{"@id":"https:\/\/potenciaradiofonicadominicana.com\/portal\/#website"},"primaryImageOfPage":{"@id":"https:\/\/potenciaradiofonicadominicana.com\/portal\/ee-uu-eleva-a-42-la-cifra-de-buques-iranies-que-ha-bloqueado-en-el-estrecho-de-ormuz\/#primaryimage"},"image":{"@id":"https:\/\/potenciaradiofonicadominicana.com\/portal\/ee-uu-eleva-a-42-la-cifra-de-buques-iranies-que-ha-bloqueado-en-el-estrecho-de-ormuz\/#primaryimage"},"thumbnailUrl":"https:\/\/potenciaradiofonicadominicana.com\/portal\/wp-content\/uploads\/2026\/04\/iran-amenaza-con-incendiar-barcos-en-el-estrecho-de-ormuz-37309062-focus-min0.56-min0.12-896-504.jpg","datePublished":"2026-04-30T03:25:20+00:00","breadcrumb":{"@id":"https:\/\/potenciaradiofonicadominicana.com\/portal\/ee-uu-eleva-a-42-la-cifra-de-buques-iranies-que-ha-bloqueado-en-el-estrecho-de-ormuz\/#breadcrumb"},"inLanguage":"es","potentialAction":[{"@type":"ReadAction","target":["https:\/\/potenciaradiofonicadominicana.com\/portal\/ee-uu-eleva-a-42-la-cifra-de-buques-iranies-que-ha-bloqueado-en-el-estrecho-de-ormuz\/"]}]},{"@type":"ImageObject","inLanguage":"es","@id":"https:\/\/potenciaradiofonicadominicana.com\/portal\/ee-uu-eleva-a-42-la-cifra-de-buques-iranies-que-ha-bloqueado-en-el-estrecho-de-ormuz\/#primaryimage","url":"https:\/\/potenciaradiofonicadominicana.com\/portal\/wp-content\/uploads\/2026\/04\/iran-amenaza-con-incendiar-barcos-en-el-estrecho-de-ormuz-37309062-focus-min0.56-min0.12-896-504.jpg","contentUrl":"https:\/\/potenciaradiofonicadominicana.com\/portal\/wp-content\/uploads\/2026\/04\/iran-amenaza-con-incendiar-barcos-en-el-estrecho-de-ormuz-37309062-focus-min0.56-min0.12-896-504.jpg","width":896,"height":504},{"@type":"BreadcrumbList","@id":"https:\/\/potenciaradiofonicadominicana.com\/portal\/ee-uu-eleva-a-42-la-cifra-de-buques-iranies-que-ha-bloqueado-en-el-estrecho-de-ormuz\/#breadcrumb","itemListElement":[{"@type":"ListItem","position":1,"name":"Portada","item":"https:\/\/potenciaradiofonicadominicana.com\/portal\/"},{"@type":"ListItem","position":2,"name":"EE.UU. eleva a 42 la cifra de buques iran\u00edes que ha bloqueado en el estrecho de Ormuz"}]},{"@type":"WebSite","@id":"https:\/\/potenciaradiofonicadominicana.com\/portal\/#website","url":"https:\/\/potenciaradiofonicadominicana.com\/portal\/","name":"PotenciaRadiofonicaDominicana.com","description":"Peri\u00f3dico Digital","publisher":{"@id":"https:\/\/potenciaradiofonicadominicana.com\/portal\/#organization"},"potentialAction":[{"@type":"SearchAction","target":{"@type":"EntryPoint","urlTemplate":"https:\/\/potenciaradiofonicadominicana.com\/portal\/?s={search_term_string}"},"query-input":{"@type":"PropertyValueSpecification","valueRequired":true,"valueName":"search_term_string"}}],"inLanguage":"es"},{"@type":"Organization","@id":"https:\/\/potenciaradiofonicadominicana.com\/portal\/#organization","name":"PotenciaRadiofonicaDominicana.com","url":"https:\/\/potenciaradiofonicadominicana.com\/portal\/","logo":{"@type":"ImageObject","inLanguage":"es","@id":"https:\/\/potenciaradiofonicadominicana.com\/portal\/#\/schema\/logo\/image\/","url":"https:\/\/potenciaradiofonicadominicana.com\/portal\/wp-content\/uploads\/2022\/01\/descarga.png","contentUrl":"https:\/\/potenciaradiofonicadominicana.com\/portal\/wp-content\/uploads\/2022\/01\/descarga.png","width":300,"height":100,"caption":"PotenciaRadiofonicaDominicana.com"},"image":{"@id":"https:\/\/potenciaradiofonicadominicana.com\/portal\/#\/schema\/logo\/image\/"},"sameAs":["https:\/\/web.facebook.com\/PotenciaRadiofonicaD"]},{"@type":"Person","@id":"https:\/\/potenciaradiofonicadominicana.com\/portal\/#\/schema\/person\/a5cf1fea13877803ee0573ac18b03490","name":"Potencia Radiof\u00f3nica Dominicana","image":{"@type":"ImageObject","inLanguage":"es","@id":"https:\/\/potenciaradiofonicadominicana.com\/portal\/#\/schema\/person\/image\/","url":"https:\/\/secure.gravatar.com\/avatar\/42a55ab9e8ccc656ba34cd791990602a?s=96&d=mm&r=g","contentUrl":"https:\/\/secure.gravatar.com\/avatar\/42a55ab9e8ccc656ba34cd791990602a?s=96&d=mm&r=g","caption":"Potencia Radiof\u00f3nica Dominicana"},"url":"https:\/\/potenciaradiofonicadominicana.com\/portal\/author\/johannyalmanzar\/"}]}},"_links":{"self":[{"href":"https:\/\/potenciaradiofonicadominicana.com\/portal\/wp-json\/wp\/v2\/posts\/216251","targetHints":{"allow":["GET"]}}],"collection":[{"href":"https:\/\/potenciaradiofonicadominicana.com\/portal\/wp-json\/wp\/v2\/posts"}],"about":[{"href":"https:\/\/potenciaradiofonicadominicana.com\/portal\/wp-json\/wp\/v2\/types\/post"}],"author":[{"embeddable":true,"href":"https:\/\/potenciaradiofonicadominicana.com\/portal\/wp-json\/wp\/v2\/users\/2"}],"replies":[{"embeddable":true,"href":"https:\/\/potenciaradiofonicadominicana.com\/portal\/wp-json\/wp\/v2\/comments?post=216251"}],"version-history":[{"count":1,"href":"https:\/\/potenciaradiofonicadominicana.com\/portal\/wp-json\/wp\/v2\/posts\/216251\/revisions"}],"predecessor-version":[{"id":216255,"href":"https:\/\/potenciaradiofonicadominicana.com\/portal\/wp-json\/wp\/v2\/posts\/216251\/revisions\/216255"}],"wp:featuredmedia":[{"embeddable":true,"href":"https:\/\/potenciaradiofonicadominicana.com\/portal\/wp-json\/wp\/v2\/media\/216253"}],"wp:attachment":[{"href":"https:\/\/potenciaradiofonicadominicana.com\/portal\/wp-json\/wp\/v2\/media?parent=216251"}],"wp:term":[{"taxonomy":"category","embeddable":true,"href":"https:\/\/potenciaradiofonicadominicana.com\/portal\/wp-json\/wp\/v2\/categories?post=216251"},{"taxonomy":"post_tag","embeddable":true,"href":"https:\/\/potenciaradiofonicadominicana.com\/portal\/wp-json\/wp\/v2\/tags?post=216251"}],"curies":[{"name":"wp","href":"https:\/\/api.w.org\/{rel}","templated":true}]}}