{"id":216246,"date":"2026-04-29T23:23:28","date_gmt":"2026-04-30T03:23:28","guid":{"rendered":"https:\/\/potenciaradiofonicadominicana.com\/portal\/?p=216246"},"modified":"2026-04-29T23:23:28","modified_gmt":"2026-04-30T03:23:28","slug":"fiscalia-de-mexico-inicia-investigacion-tras-acusacion-de-ee-uu-al-gobernador-de-sinaloa","status":"publish","type":"post","link":"https:\/\/potenciaradiofonicadominicana.com\/portal\/fiscalia-de-mexico-inicia-investigacion-tras-acusacion-de-ee-uu-al-gobernador-de-sinaloa\/","title":{"rendered":"Fiscal\u00eda de M\u00e9xico inicia investigaci\u00f3n tras acusaci\u00f3n de EE. UU. al gobernador de Sinaloa"},"content":{"rendered":"<p><a href=\"https:\/\/potenciaradiofonicadominicana.com\/portal\/wp-content\/uploads\/2026\/04\/gobernador-sinaloa-narcotrafico-fiscalia-de-mexico-investiga-acusacio-e3933b55-focus-0-0-896-504.jpg\"><img loading=\"lazy\" decoding=\"async\" class=\"alignnone size-full wp-image-216247\" src=\"https:\/\/potenciaradiofonicadominicana.com\/portal\/wp-content\/uploads\/2026\/04\/gobernador-sinaloa-narcotrafico-fiscalia-de-mexico-investiga-acusacio-e3933b55-focus-0-0-896-504.jpg\" alt=\"\" width=\"896\" height=\"504\" srcset=\"https:\/\/potenciaradiofonicadominicana.com\/portal\/wp-content\/uploads\/2026\/04\/gobernador-sinaloa-narcotrafico-fiscalia-de-mexico-investiga-acusacio-e3933b55-focus-0-0-896-504.jpg 896w, https:\/\/potenciaradiofonicadominicana.com\/portal\/wp-content\/uploads\/2026\/04\/gobernador-sinaloa-narcotrafico-fiscalia-de-mexico-investiga-acusacio-e3933b55-focus-0-0-896-504-300x169.jpg 300w, https:\/\/potenciaradiofonicadominicana.com\/portal\/wp-content\/uploads\/2026\/04\/gobernador-sinaloa-narcotrafico-fiscalia-de-mexico-investiga-acusacio-e3933b55-focus-0-0-896-504-768x432.jpg 768w\" sizes=\"auto, (max-width: 896px) 100vw, 896px\" \/><\/a><\/p>\n<p>La\u00a0<strong>Fiscal\u00eda General de la Rep\u00fablica<\/strong>\u00a0(FGR) de M\u00e9xico inform\u00f3 este mi\u00e9rcoles que iniciar\u00e1 una\u00a0<strong>investigaci\u00f3n<\/strong>\u00a0para determinar si \u00abexisten\u00a0<strong>datos de prueba<\/strong>\u00bb que sostengan la acusaci\u00f3n del\u00a0<strong>Departamento de Justicia<\/strong>\u00a0de EE. UU. hacia el\u00a0<strong>gobernador<\/strong>\u00a0del estado de\u00a0<strong>Sinaloa<\/strong>,\u00a0<strong>Rub\u00e9n Rocha Moya<\/strong>, as\u00ed como a otros nueve funcionarios por nexos con el\u00a0<strong>narcotr\u00e1fico<\/strong>\u00a0y posesi\u00f3n de armas.<\/p>\n<p>\u00abLa\u00a0<strong>Fiscal\u00eda de la Rep\u00fablica<\/strong>\u00a0iniciar\u00e1 una\u00a0<strong>investigaci\u00f3n<\/strong>\u00a0para allegarse de toda la informaci\u00f3n necesaria para conocer si existen datos de pruebas de que la acusaci\u00f3n hecha por autoridades estadounidenses cuente con el fundamento legal para solicitar \u00f3rdenes de aprehensi\u00f3n\u00bb, asegur\u00f3\u00a0<strong>Ulises Lara L\u00f3pez<\/strong>, fiscal Especial en\u00a0<strong>Investigaci\u00f3n<\/strong>\u00a0de Asuntos Relevantes y vocero de la FGR.<\/p>\n<p>Tambi\u00e9n, destac\u00f3 que como la ley mexicana lo indica, la\u00a0<strong>orden de aprehensi\u00f3n<\/strong>\u00a0requiere de \u00abpresentar\u00a0<strong>datos de prueba<\/strong>\u00a0que infieran la posibilidad de que alguna persona ha cometido un delito\u00bb, por lo que seg\u00fan el\u00a0<strong>Tratado Bilateral<\/strong>, \u00absolamente se conceder\u00e1 la\u00a0<strong>extradici\u00f3n<\/strong> si se determina que las pruebas son suficientes\u00bb.<\/p>\n<p>Asimismo, explic\u00f3 que toda\u00a0<strong>solicitud de detenci\u00f3n<\/strong>\u00a0provisional o de\u00a0<strong>extradici\u00f3n<\/strong>\u00a0del Gobierno de EE. UU. a M\u00e9xico no debe ser\u00a0<strong>divulgada<\/strong>\u00a0ni del dominio p\u00fablico, como \u00abocurri\u00f3 en este caso en particular\u00bb, en el que la\u00a0<strong>Fiscal\u00eda del Distrito Sur de Nueva York<\/strong>\u00a0difundi\u00f3 la acusaci\u00f3n contra los diez funcionarios del estado de Sinaloa.<\/p>\n<p>\u00abDar a conocer dicha informaci\u00f3n con otros fines distintos podr\u00eda ser un detrimento de la naturaleza confidencial de los\u00a0<strong>procedimientos penales<\/strong>\u00a0en Estados Unidos y contrario a las\u00a0<strong>normas procesales<\/strong>\u00a0que los gobiernan\u00bb, subray\u00f3.<\/p>\n<p>Por otro lado, precis\u00f3 que la propia legislaci\u00f3n del pa\u00eds indica que -en el caso de gobernadores y senadores- \u00abse requiere iniciar un\u00a0<strong>juicio de procedencia<\/strong>\u00a0para obtener una declaratoria que retire la\u00a0<strong>inmunidad procesal<\/strong>\u00bb a los\u00a0<strong>servidores p\u00fablicos<\/strong>\u00a0se\u00f1alados.<\/p>\n<p>El mensaje emitido por la FGR ocurre horas despu\u00e9s de que el\u00a0<strong>Departamento de Justicia<\/strong>\u00a0de EE. UU. informara de una\u00a0<strong>acusaci\u00f3n formal<\/strong>\u00a0contra Rocha Moya y otros nueve funcionarios de alto nivel en Sinaloa por delitos de narcotr\u00e1fico y armas, en un caso que los vincula, en particular, con la facci\u00f3n de\u00a0<strong>Los Chapitos<\/strong>.<\/p>\n<p>Los implicados habr\u00edan protegido operaciones del\u00a0<strong>cartel<\/strong>, facilitado informaci\u00f3n sensible y permitido el\u00a0<strong>trasiego de drogas<\/strong>\u00a0hacia Estados Unidos, a cambio de\u00a0<strong>sobornos millonarios<\/strong>.<\/p>\n<p>Reacciones y negaciones de los funcionarios se\u00f1alados<\/p>\n<p>Entre los acusados tambi\u00e9n se encuentra el\u00a0<strong>exsecretario de Seguridad P\u00fablica<\/strong>\u00a0de Sinaloa,\u00a0<strong>Gerardo M\u00e9rida S\u00e1nchez<\/strong>; as\u00ed como el alcalde de\u00a0<strong>Culiac\u00e1n<\/strong>,\u00a0<strong>Juan de Dios G\u00e1mez Mendivil<\/strong>, y el excomandante de la polic\u00eda municipal de Culiac\u00e1n,\u00a0<strong>Juan Valenzuela Mill\u00e1n<\/strong>.<\/p>\n<p>A trav\u00e9s de sus redes sociales, el gobernador neg\u00f3 \u00abcateg\u00f3ricamente\u00bb\u00a0<strong>estas acusaciones<\/strong>, as\u00ed tambi\u00e9n lo hizo el presidente municipal G\u00e1mez Mendivil, conocido por ser una persona allegada a Rocha Moya.<\/p>\n","protected":false},"excerpt":{"rendered":"<p>La\u00a0Fiscal\u00eda General de la Rep\u00fablica\u00a0(FGR) de M\u00e9xico inform\u00f3 este mi\u00e9rcoles que iniciar\u00e1 una\u00a0investigaci\u00f3n\u00a0para determinar si \u00abexisten\u00a0datos de prueba\u00bb que sostengan &#8230;<\/p>\n","protected":false},"author":2,"featured_media":216247,"comment_status":"closed","ping_status":"closed","sticky":false,"template":"","format":"standard","meta":{"footnotes":""},"categories":[30],"tags":[],"class_list":["post-216246","post","type-post","status-publish","format-standard","has-post-thumbnail","hentry","category-internacional"],"yoast_head":"<!-- This site is optimized with the Yoast SEO plugin v24.8.1 - https:\/\/yoast.com\/wordpress\/plugins\/seo\/ -->\n<title>Fiscal\u00eda de M\u00e9xico inicia investigaci\u00f3n tras acusaci\u00f3n de EE. UU. al gobernador de Sinaloa - PotenciaRadiofonicaDominicana.com<\/title>\n<meta name=\"robots\" content=\"index, follow, max-snippet:-1, max-image-preview:large, max-video-preview:-1\" \/>\n<link rel=\"canonical\" href=\"https:\/\/potenciaradiofonicadominicana.com\/portal\/fiscalia-de-mexico-inicia-investigacion-tras-acusacion-de-ee-uu-al-gobernador-de-sinaloa\/\" \/>\n<meta property=\"og:locale\" content=\"es_ES\" \/>\n<meta property=\"og:type\" content=\"article\" \/>\n<meta property=\"og:title\" content=\"Fiscal\u00eda de M\u00e9xico inicia investigaci\u00f3n tras acusaci\u00f3n de EE. UU. al gobernador de Sinaloa - PotenciaRadiofonicaDominicana.com\" \/>\n<meta property=\"og:description\" content=\"La\u00a0Fiscal\u00eda General de la Rep\u00fablica\u00a0(FGR) de M\u00e9xico inform\u00f3 este mi\u00e9rcoles que iniciar\u00e1 una\u00a0investigaci\u00f3n\u00a0para determinar si \u00abexisten\u00a0datos de prueba\u00bb que sostengan ...\" \/>\n<meta property=\"og:url\" content=\"https:\/\/potenciaradiofonicadominicana.com\/portal\/fiscalia-de-mexico-inicia-investigacion-tras-acusacion-de-ee-uu-al-gobernador-de-sinaloa\/\" \/>\n<meta property=\"og:site_name\" content=\"PotenciaRadiofonicaDominicana.com\" \/>\n<meta property=\"article:publisher\" content=\"https:\/\/web.facebook.com\/PotenciaRadiofonicaD\" \/>\n<meta property=\"article:published_time\" content=\"2026-04-30T03:23:28+00:00\" \/>\n<meta property=\"og:image\" content=\"https:\/\/potenciaradiofonicadominicana.com\/portal\/wp-content\/uploads\/2026\/04\/gobernador-sinaloa-narcotrafico-fiscalia-de-mexico-investiga-acusacio-e3933b55-focus-0-0-896-504.jpg\" \/>\n\t<meta property=\"og:image:width\" content=\"896\" \/>\n\t<meta property=\"og:image:height\" content=\"504\" \/>\n\t<meta property=\"og:image:type\" content=\"image\/jpeg\" \/>\n<meta name=\"author\" content=\"Potencia Radiof\u00f3nica Dominicana\" \/>\n<meta name=\"twitter:card\" content=\"summary_large_image\" \/>\n<meta name=\"twitter:label1\" content=\"Escrito por\" \/>\n\t<meta name=\"twitter:data1\" content=\"Potencia Radiof\u00f3nica Dominicana\" \/>\n\t<meta name=\"twitter:label2\" content=\"Tiempo de lectura\" \/>\n\t<meta name=\"twitter:data2\" content=\"3 minutos\" \/>\n<script type=\"application\/ld+json\" class=\"yoast-schema-graph\">{\"@context\":\"https:\/\/schema.org\",\"@graph\":[{\"@type\":\"Article\",\"@id\":\"https:\/\/potenciaradiofonicadominicana.com\/portal\/fiscalia-de-mexico-inicia-investigacion-tras-acusacion-de-ee-uu-al-gobernador-de-sinaloa\/#article\",\"isPartOf\":{\"@id\":\"https:\/\/potenciaradiofonicadominicana.com\/portal\/fiscalia-de-mexico-inicia-investigacion-tras-acusacion-de-ee-uu-al-gobernador-de-sinaloa\/\"},\"author\":{\"name\":\"Potencia Radiof\u00f3nica Dominicana\",\"@id\":\"https:\/\/potenciaradiofonicadominicana.com\/portal\/#\/schema\/person\/a5cf1fea13877803ee0573ac18b03490\"},\"headline\":\"Fiscal\u00eda de M\u00e9xico inicia investigaci\u00f3n tras acusaci\u00f3n de EE. UU. al gobernador de Sinaloa\",\"datePublished\":\"2026-04-30T03:23:28+00:00\",\"mainEntityOfPage\":{\"@id\":\"https:\/\/potenciaradiofonicadominicana.com\/portal\/fiscalia-de-mexico-inicia-investigacion-tras-acusacion-de-ee-uu-al-gobernador-de-sinaloa\/\"},\"wordCount\":521,\"publisher\":{\"@id\":\"https:\/\/potenciaradiofonicadominicana.com\/portal\/#organization\"},\"image\":{\"@id\":\"https:\/\/potenciaradiofonicadominicana.com\/portal\/fiscalia-de-mexico-inicia-investigacion-tras-acusacion-de-ee-uu-al-gobernador-de-sinaloa\/#primaryimage\"},\"thumbnailUrl\":\"https:\/\/potenciaradiofonicadominicana.com\/portal\/wp-content\/uploads\/2026\/04\/gobernador-sinaloa-narcotrafico-fiscalia-de-mexico-investiga-acusacio-e3933b55-focus-0-0-896-504.jpg\",\"articleSection\":[\"Internacional\"],\"inLanguage\":\"es\"},{\"@type\":\"WebPage\",\"@id\":\"https:\/\/potenciaradiofonicadominicana.com\/portal\/fiscalia-de-mexico-inicia-investigacion-tras-acusacion-de-ee-uu-al-gobernador-de-sinaloa\/\",\"url\":\"https:\/\/potenciaradiofonicadominicana.com\/portal\/fiscalia-de-mexico-inicia-investigacion-tras-acusacion-de-ee-uu-al-gobernador-de-sinaloa\/\",\"name\":\"Fiscal\u00eda de M\u00e9xico inicia investigaci\u00f3n tras acusaci\u00f3n de EE. UU. al gobernador de Sinaloa - PotenciaRadiofonicaDominicana.com\",\"isPartOf\":{\"@id\":\"https:\/\/potenciaradiofonicadominicana.com\/portal\/#website\"},\"primaryImageOfPage\":{\"@id\":\"https:\/\/potenciaradiofonicadominicana.com\/portal\/fiscalia-de-mexico-inicia-investigacion-tras-acusacion-de-ee-uu-al-gobernador-de-sinaloa\/#primaryimage\"},\"image\":{\"@id\":\"https:\/\/potenciaradiofonicadominicana.com\/portal\/fiscalia-de-mexico-inicia-investigacion-tras-acusacion-de-ee-uu-al-gobernador-de-sinaloa\/#primaryimage\"},\"thumbnailUrl\":\"https:\/\/potenciaradiofonicadominicana.com\/portal\/wp-content\/uploads\/2026\/04\/gobernador-sinaloa-narcotrafico-fiscalia-de-mexico-investiga-acusacio-e3933b55-focus-0-0-896-504.jpg\",\"datePublished\":\"2026-04-30T03:23:28+00:00\",\"breadcrumb\":{\"@id\":\"https:\/\/potenciaradiofonicadominicana.com\/portal\/fiscalia-de-mexico-inicia-investigacion-tras-acusacion-de-ee-uu-al-gobernador-de-sinaloa\/#breadcrumb\"},\"inLanguage\":\"es\",\"potentialAction\":[{\"@type\":\"ReadAction\",\"target\":[\"https:\/\/potenciaradiofonicadominicana.com\/portal\/fiscalia-de-mexico-inicia-investigacion-tras-acusacion-de-ee-uu-al-gobernador-de-sinaloa\/\"]}]},{\"@type\":\"ImageObject\",\"inLanguage\":\"es\",\"@id\":\"https:\/\/potenciaradiofonicadominicana.com\/portal\/fiscalia-de-mexico-inicia-investigacion-tras-acusacion-de-ee-uu-al-gobernador-de-sinaloa\/#primaryimage\",\"url\":\"https:\/\/potenciaradiofonicadominicana.com\/portal\/wp-content\/uploads\/2026\/04\/gobernador-sinaloa-narcotrafico-fiscalia-de-mexico-investiga-acusacio-e3933b55-focus-0-0-896-504.jpg\",\"contentUrl\":\"https:\/\/potenciaradiofonicadominicana.com\/portal\/wp-content\/uploads\/2026\/04\/gobernador-sinaloa-narcotrafico-fiscalia-de-mexico-investiga-acusacio-e3933b55-focus-0-0-896-504.jpg\",\"width\":896,\"height\":504},{\"@type\":\"BreadcrumbList\",\"@id\":\"https:\/\/potenciaradiofonicadominicana.com\/portal\/fiscalia-de-mexico-inicia-investigacion-tras-acusacion-de-ee-uu-al-gobernador-de-sinaloa\/#breadcrumb\",\"itemListElement\":[{\"@type\":\"ListItem\",\"position\":1,\"name\":\"Portada\",\"item\":\"https:\/\/potenciaradiofonicadominicana.com\/portal\/\"},{\"@type\":\"ListItem\",\"position\":2,\"name\":\"Fiscal\u00eda de M\u00e9xico inicia investigaci\u00f3n tras acusaci\u00f3n de EE. UU. al gobernador de Sinaloa\"}]},{\"@type\":\"WebSite\",\"@id\":\"https:\/\/potenciaradiofonicadominicana.com\/portal\/#website\",\"url\":\"https:\/\/potenciaradiofonicadominicana.com\/portal\/\",\"name\":\"PotenciaRadiofonicaDominicana.com\",\"description\":\"Peri\u00f3dico Digital\",\"publisher\":{\"@id\":\"https:\/\/potenciaradiofonicadominicana.com\/portal\/#organization\"},\"potentialAction\":[{\"@type\":\"SearchAction\",\"target\":{\"@type\":\"EntryPoint\",\"urlTemplate\":\"https:\/\/potenciaradiofonicadominicana.com\/portal\/?s={search_term_string}\"},\"query-input\":{\"@type\":\"PropertyValueSpecification\",\"valueRequired\":true,\"valueName\":\"search_term_string\"}}],\"inLanguage\":\"es\"},{\"@type\":\"Organization\",\"@id\":\"https:\/\/potenciaradiofonicadominicana.com\/portal\/#organization\",\"name\":\"PotenciaRadiofonicaDominicana.com\",\"url\":\"https:\/\/potenciaradiofonicadominicana.com\/portal\/\",\"logo\":{\"@type\":\"ImageObject\",\"inLanguage\":\"es\",\"@id\":\"https:\/\/potenciaradiofonicadominicana.com\/portal\/#\/schema\/logo\/image\/\",\"url\":\"https:\/\/potenciaradiofonicadominicana.com\/portal\/wp-content\/uploads\/2022\/01\/descarga.png\",\"contentUrl\":\"https:\/\/potenciaradiofonicadominicana.com\/portal\/wp-content\/uploads\/2022\/01\/descarga.png\",\"width\":300,\"height\":100,\"caption\":\"PotenciaRadiofonicaDominicana.com\"},\"image\":{\"@id\":\"https:\/\/potenciaradiofonicadominicana.com\/portal\/#\/schema\/logo\/image\/\"},\"sameAs\":[\"https:\/\/web.facebook.com\/PotenciaRadiofonicaD\"]},{\"@type\":\"Person\",\"@id\":\"https:\/\/potenciaradiofonicadominicana.com\/portal\/#\/schema\/person\/a5cf1fea13877803ee0573ac18b03490\",\"name\":\"Potencia Radiof\u00f3nica Dominicana\",\"image\":{\"@type\":\"ImageObject\",\"inLanguage\":\"es\",\"@id\":\"https:\/\/potenciaradiofonicadominicana.com\/portal\/#\/schema\/person\/image\/\",\"url\":\"https:\/\/secure.gravatar.com\/avatar\/42a55ab9e8ccc656ba34cd791990602a?s=96&d=mm&r=g\",\"contentUrl\":\"https:\/\/secure.gravatar.com\/avatar\/42a55ab9e8ccc656ba34cd791990602a?s=96&d=mm&r=g\",\"caption\":\"Potencia Radiof\u00f3nica Dominicana\"},\"url\":\"https:\/\/potenciaradiofonicadominicana.com\/portal\/author\/johannyalmanzar\/\"}]}<\/script>\n<!-- \/ Yoast SEO plugin. -->","yoast_head_json":{"title":"Fiscal\u00eda de M\u00e9xico inicia investigaci\u00f3n tras acusaci\u00f3n de EE. UU. al gobernador de Sinaloa - PotenciaRadiofonicaDominicana.com","robots":{"index":"index","follow":"follow","max-snippet":"max-snippet:-1","max-image-preview":"max-image-preview:large","max-video-preview":"max-video-preview:-1"},"canonical":"https:\/\/potenciaradiofonicadominicana.com\/portal\/fiscalia-de-mexico-inicia-investigacion-tras-acusacion-de-ee-uu-al-gobernador-de-sinaloa\/","og_locale":"es_ES","og_type":"article","og_title":"Fiscal\u00eda de M\u00e9xico inicia investigaci\u00f3n tras acusaci\u00f3n de EE. UU. al gobernador de Sinaloa - PotenciaRadiofonicaDominicana.com","og_description":"La\u00a0Fiscal\u00eda General de la Rep\u00fablica\u00a0(FGR) de M\u00e9xico inform\u00f3 este mi\u00e9rcoles que iniciar\u00e1 una\u00a0investigaci\u00f3n\u00a0para determinar si \u00abexisten\u00a0datos de prueba\u00bb que sostengan ...","og_url":"https:\/\/potenciaradiofonicadominicana.com\/portal\/fiscalia-de-mexico-inicia-investigacion-tras-acusacion-de-ee-uu-al-gobernador-de-sinaloa\/","og_site_name":"PotenciaRadiofonicaDominicana.com","article_publisher":"https:\/\/web.facebook.com\/PotenciaRadiofonicaD","article_published_time":"2026-04-30T03:23:28+00:00","og_image":[{"width":896,"height":504,"url":"https:\/\/potenciaradiofonicadominicana.com\/portal\/wp-content\/uploads\/2026\/04\/gobernador-sinaloa-narcotrafico-fiscalia-de-mexico-investiga-acusacio-e3933b55-focus-0-0-896-504.jpg","type":"image\/jpeg"}],"author":"Potencia Radiof\u00f3nica Dominicana","twitter_card":"summary_large_image","twitter_misc":{"Escrito por":"Potencia Radiof\u00f3nica Dominicana","Tiempo de lectura":"3 minutos"},"schema":{"@context":"https:\/\/schema.org","@graph":[{"@type":"Article","@id":"https:\/\/potenciaradiofonicadominicana.com\/portal\/fiscalia-de-mexico-inicia-investigacion-tras-acusacion-de-ee-uu-al-gobernador-de-sinaloa\/#article","isPartOf":{"@id":"https:\/\/potenciaradiofonicadominicana.com\/portal\/fiscalia-de-mexico-inicia-investigacion-tras-acusacion-de-ee-uu-al-gobernador-de-sinaloa\/"},"author":{"name":"Potencia Radiof\u00f3nica Dominicana","@id":"https:\/\/potenciaradiofonicadominicana.com\/portal\/#\/schema\/person\/a5cf1fea13877803ee0573ac18b03490"},"headline":"Fiscal\u00eda de M\u00e9xico inicia investigaci\u00f3n tras acusaci\u00f3n de EE. UU. al gobernador de Sinaloa","datePublished":"2026-04-30T03:23:28+00:00","mainEntityOfPage":{"@id":"https:\/\/potenciaradiofonicadominicana.com\/portal\/fiscalia-de-mexico-inicia-investigacion-tras-acusacion-de-ee-uu-al-gobernador-de-sinaloa\/"},"wordCount":521,"publisher":{"@id":"https:\/\/potenciaradiofonicadominicana.com\/portal\/#organization"},"image":{"@id":"https:\/\/potenciaradiofonicadominicana.com\/portal\/fiscalia-de-mexico-inicia-investigacion-tras-acusacion-de-ee-uu-al-gobernador-de-sinaloa\/#primaryimage"},"thumbnailUrl":"https:\/\/potenciaradiofonicadominicana.com\/portal\/wp-content\/uploads\/2026\/04\/gobernador-sinaloa-narcotrafico-fiscalia-de-mexico-investiga-acusacio-e3933b55-focus-0-0-896-504.jpg","articleSection":["Internacional"],"inLanguage":"es"},{"@type":"WebPage","@id":"https:\/\/potenciaradiofonicadominicana.com\/portal\/fiscalia-de-mexico-inicia-investigacion-tras-acusacion-de-ee-uu-al-gobernador-de-sinaloa\/","url":"https:\/\/potenciaradiofonicadominicana.com\/portal\/fiscalia-de-mexico-inicia-investigacion-tras-acusacion-de-ee-uu-al-gobernador-de-sinaloa\/","name":"Fiscal\u00eda de M\u00e9xico inicia investigaci\u00f3n tras acusaci\u00f3n de EE. UU. al gobernador de Sinaloa - PotenciaRadiofonicaDominicana.com","isPartOf":{"@id":"https:\/\/potenciaradiofonicadominicana.com\/portal\/#website"},"primaryImageOfPage":{"@id":"https:\/\/potenciaradiofonicadominicana.com\/portal\/fiscalia-de-mexico-inicia-investigacion-tras-acusacion-de-ee-uu-al-gobernador-de-sinaloa\/#primaryimage"},"image":{"@id":"https:\/\/potenciaradiofonicadominicana.com\/portal\/fiscalia-de-mexico-inicia-investigacion-tras-acusacion-de-ee-uu-al-gobernador-de-sinaloa\/#primaryimage"},"thumbnailUrl":"https:\/\/potenciaradiofonicadominicana.com\/portal\/wp-content\/uploads\/2026\/04\/gobernador-sinaloa-narcotrafico-fiscalia-de-mexico-investiga-acusacio-e3933b55-focus-0-0-896-504.jpg","datePublished":"2026-04-30T03:23:28+00:00","breadcrumb":{"@id":"https:\/\/potenciaradiofonicadominicana.com\/portal\/fiscalia-de-mexico-inicia-investigacion-tras-acusacion-de-ee-uu-al-gobernador-de-sinaloa\/#breadcrumb"},"inLanguage":"es","potentialAction":[{"@type":"ReadAction","target":["https:\/\/potenciaradiofonicadominicana.com\/portal\/fiscalia-de-mexico-inicia-investigacion-tras-acusacion-de-ee-uu-al-gobernador-de-sinaloa\/"]}]},{"@type":"ImageObject","inLanguage":"es","@id":"https:\/\/potenciaradiofonicadominicana.com\/portal\/fiscalia-de-mexico-inicia-investigacion-tras-acusacion-de-ee-uu-al-gobernador-de-sinaloa\/#primaryimage","url":"https:\/\/potenciaradiofonicadominicana.com\/portal\/wp-content\/uploads\/2026\/04\/gobernador-sinaloa-narcotrafico-fiscalia-de-mexico-investiga-acusacio-e3933b55-focus-0-0-896-504.jpg","contentUrl":"https:\/\/potenciaradiofonicadominicana.com\/portal\/wp-content\/uploads\/2026\/04\/gobernador-sinaloa-narcotrafico-fiscalia-de-mexico-investiga-acusacio-e3933b55-focus-0-0-896-504.jpg","width":896,"height":504},{"@type":"BreadcrumbList","@id":"https:\/\/potenciaradiofonicadominicana.com\/portal\/fiscalia-de-mexico-inicia-investigacion-tras-acusacion-de-ee-uu-al-gobernador-de-sinaloa\/#breadcrumb","itemListElement":[{"@type":"ListItem","position":1,"name":"Portada","item":"https:\/\/potenciaradiofonicadominicana.com\/portal\/"},{"@type":"ListItem","position":2,"name":"Fiscal\u00eda de M\u00e9xico inicia investigaci\u00f3n tras acusaci\u00f3n de EE. UU. al gobernador de Sinaloa"}]},{"@type":"WebSite","@id":"https:\/\/potenciaradiofonicadominicana.com\/portal\/#website","url":"https:\/\/potenciaradiofonicadominicana.com\/portal\/","name":"PotenciaRadiofonicaDominicana.com","description":"Peri\u00f3dico Digital","publisher":{"@id":"https:\/\/potenciaradiofonicadominicana.com\/portal\/#organization"},"potentialAction":[{"@type":"SearchAction","target":{"@type":"EntryPoint","urlTemplate":"https:\/\/potenciaradiofonicadominicana.com\/portal\/?s={search_term_string}"},"query-input":{"@type":"PropertyValueSpecification","valueRequired":true,"valueName":"search_term_string"}}],"inLanguage":"es"},{"@type":"Organization","@id":"https:\/\/potenciaradiofonicadominicana.com\/portal\/#organization","name":"PotenciaRadiofonicaDominicana.com","url":"https:\/\/potenciaradiofonicadominicana.com\/portal\/","logo":{"@type":"ImageObject","inLanguage":"es","@id":"https:\/\/potenciaradiofonicadominicana.com\/portal\/#\/schema\/logo\/image\/","url":"https:\/\/potenciaradiofonicadominicana.com\/portal\/wp-content\/uploads\/2022\/01\/descarga.png","contentUrl":"https:\/\/potenciaradiofonicadominicana.com\/portal\/wp-content\/uploads\/2022\/01\/descarga.png","width":300,"height":100,"caption":"PotenciaRadiofonicaDominicana.com"},"image":{"@id":"https:\/\/potenciaradiofonicadominicana.com\/portal\/#\/schema\/logo\/image\/"},"sameAs":["https:\/\/web.facebook.com\/PotenciaRadiofonicaD"]},{"@type":"Person","@id":"https:\/\/potenciaradiofonicadominicana.com\/portal\/#\/schema\/person\/a5cf1fea13877803ee0573ac18b03490","name":"Potencia Radiof\u00f3nica Dominicana","image":{"@type":"ImageObject","inLanguage":"es","@id":"https:\/\/potenciaradiofonicadominicana.com\/portal\/#\/schema\/person\/image\/","url":"https:\/\/secure.gravatar.com\/avatar\/42a55ab9e8ccc656ba34cd791990602a?s=96&d=mm&r=g","contentUrl":"https:\/\/secure.gravatar.com\/avatar\/42a55ab9e8ccc656ba34cd791990602a?s=96&d=mm&r=g","caption":"Potencia Radiof\u00f3nica Dominicana"},"url":"https:\/\/potenciaradiofonicadominicana.com\/portal\/author\/johannyalmanzar\/"}]}},"_links":{"self":[{"href":"https:\/\/potenciaradiofonicadominicana.com\/portal\/wp-json\/wp\/v2\/posts\/216246","targetHints":{"allow":["GET"]}}],"collection":[{"href":"https:\/\/potenciaradiofonicadominicana.com\/portal\/wp-json\/wp\/v2\/posts"}],"about":[{"href":"https:\/\/potenciaradiofonicadominicana.com\/portal\/wp-json\/wp\/v2\/types\/post"}],"author":[{"embeddable":true,"href":"https:\/\/potenciaradiofonicadominicana.com\/portal\/wp-json\/wp\/v2\/users\/2"}],"replies":[{"embeddable":true,"href":"https:\/\/potenciaradiofonicadominicana.com\/portal\/wp-json\/wp\/v2\/comments?post=216246"}],"version-history":[{"count":1,"href":"https:\/\/potenciaradiofonicadominicana.com\/portal\/wp-json\/wp\/v2\/posts\/216246\/revisions"}],"predecessor-version":[{"id":216250,"href":"https:\/\/potenciaradiofonicadominicana.com\/portal\/wp-json\/wp\/v2\/posts\/216246\/revisions\/216250"}],"wp:featuredmedia":[{"embeddable":true,"href":"https:\/\/potenciaradiofonicadominicana.com\/portal\/wp-json\/wp\/v2\/media\/216247"}],"wp:attachment":[{"href":"https:\/\/potenciaradiofonicadominicana.com\/portal\/wp-json\/wp\/v2\/media?parent=216246"}],"wp:term":[{"taxonomy":"category","embeddable":true,"href":"https:\/\/potenciaradiofonicadominicana.com\/portal\/wp-json\/wp\/v2\/categories?post=216246"},{"taxonomy":"post_tag","embeddable":true,"href":"https:\/\/potenciaradiofonicadominicana.com\/portal\/wp-json\/wp\/v2\/tags?post=216246"}],"curies":[{"name":"wp","href":"https:\/\/api.w.org\/{rel}","templated":true}]}}