{"id":216245,"date":"2026-04-29T23:23:18","date_gmt":"2026-04-30T03:23:18","guid":{"rendered":"https:\/\/potenciaradiofonicadominicana.com\/portal\/?p=216245"},"modified":"2026-04-29T23:23:18","modified_gmt":"2026-04-30T03:23:18","slug":"actor-de-bailando-con-lobos-es-condenando-por-agresion-sexual","status":"publish","type":"post","link":"https:\/\/potenciaradiofonicadominicana.com\/portal\/actor-de-bailando-con-lobos-es-condenando-por-agresion-sexual\/","title":{"rendered":"Actor de \u00abBailando con lobos\u00bb es condenando por agresi\u00f3n sexual"},"content":{"rendered":"<p><a href=\"https:\/\/potenciaradiofonicadominicana.com\/portal\/wp-content\/uploads\/2026\/04\/condenan-a-actor-de-bailando-con-lobos-por-agresion-sexual-dc6d4afb-focus-min0.04-0.49-1200-675.jpg\"><img loading=\"lazy\" decoding=\"async\" class=\"alignnone size-full wp-image-216248\" src=\"https:\/\/potenciaradiofonicadominicana.com\/portal\/wp-content\/uploads\/2026\/04\/condenan-a-actor-de-bailando-con-lobos-por-agresion-sexual-dc6d4afb-focus-min0.04-0.49-1200-675.jpg\" alt=\"\" width=\"1199\" height=\"675\" srcset=\"https:\/\/potenciaradiofonicadominicana.com\/portal\/wp-content\/uploads\/2026\/04\/condenan-a-actor-de-bailando-con-lobos-por-agresion-sexual-dc6d4afb-focus-min0.04-0.49-1200-675.jpg 1199w, https:\/\/potenciaradiofonicadominicana.com\/portal\/wp-content\/uploads\/2026\/04\/condenan-a-actor-de-bailando-con-lobos-por-agresion-sexual-dc6d4afb-focus-min0.04-0.49-1200-675-300x169.jpg 300w, https:\/\/potenciaradiofonicadominicana.com\/portal\/wp-content\/uploads\/2026\/04\/condenan-a-actor-de-bailando-con-lobos-por-agresion-sexual-dc6d4afb-focus-min0.04-0.49-1200-675-1024x576.jpg 1024w, https:\/\/potenciaradiofonicadominicana.com\/portal\/wp-content\/uploads\/2026\/04\/condenan-a-actor-de-bailando-con-lobos-por-agresion-sexual-dc6d4afb-focus-min0.04-0.49-1200-675-768x432.jpg 768w\" sizes=\"auto, (max-width: 1199px) 100vw, 1199px\" \/><\/a><\/p>\n<p>Las Vegas.- (EFE).- Un juzgado de Las Vegas (Estados Unidos) ha sentenciado al actor Nathan Chasing Horse, que apareci\u00f3 en la pel\u00edcula &#8216;Dances with Wolves&#8217; (\u2019Bailando con Lobos&#8217;), a permanecer d\u00e9cadas en prisi\u00f3n tras ser declarado culpable por agredir sexualmente a varias v\u00edctimas.<\/p>\n<div id=\"standard_2\" class=\"st-placement standard_2 inArticle\"><\/div>\n<p>Chasing Horse, de 49 a\u00f1os, interpret\u00f3 el papel de &#8216;Smiles a Lot&#8217; (Sonr\u00ede Mucho) en la pel\u00edcula protagonizada por Kevin Costner. El actor, que cumplir\u00e1 una pena entre 37 a\u00f1os y cadena perpetua, ha negado los hechos y califica el proceso como \u00abun error judicial\u00bb, seg\u00fan recoge el medio Las Vegas Review-Journal.<\/p>\n<p>El actor se consideraba un \u00abcurandero\u00bb y cometi\u00f3 delitos en Estados Unidos y Canad\u00e1 mientras dirig\u00eda The Circle (El C\u00edrculo), una secta que lleg\u00f3 a tener hasta 350 seguidores, seg\u00fan han declarado probado las autoridades estadounidense.<\/p>\n<div id=\"div-gpt-ad-1519409790919-2\" class=\"gpt-ad-slot d-flex align-items-center justify-content-center my-2\" aria-label=\"div-gpt-ad-1519409790919-2\" data-google-query-id=\"CMz63rDPlJQDFYaCdwEdsYkFiA\">\n<div id=\"google_ads_iframe_\/1018679\/ElDia_Articulo\/ElDia_Articulo_300x250_3_0__container__\"><\/div>\n<\/div>\n<p>El jurado lo declar\u00f3 culpable de trece cargos y no culpable de otros ocho. Durante el juicio, varias v\u00edctimas testificaron que Chasing Horse utiliz\u00f3 sus tradiciones espirituales para convertirlas en victimas.<\/p>\n<p>Una de las v\u00edctimas testific\u00f3 que Chasing Horse abus\u00f3 de ella cuando era ni\u00f1a, dici\u00e9ndole que deb\u00eda entregar su virginidad para curar el c\u00e1ncer de su madre. La madre de esta v\u00edctima describi\u00f3 al acusado como el &#8216;Epstein de Indian Country&#8217; afirmando que convirti\u00f3 \u00absagradas ceremonias Lakota en escenas del crimen\u00bb.<\/p>\n<p>Su madre, Lynnette Adams, quien mantuvo una larga amistad con Chasing Horse, se\u00f1al\u00f3: \u00abCuando la autoridad espiritual se usa para da\u00f1ar en lugar de proteger, no solo hiere el cuerpo, hiere el esp\u00edritu\u00bb.<\/p>\n<div id=\"div-gpt-ad-1519409790919-3\" class=\"gpt-ad-slot d-flex align-items-center justify-content-center my-2\" aria-label=\"div-gpt-ad-1519409790919-3\" data-google-query-id=\"CM363rDPlJQDFYaCdwEdsYkFiA\">\n<div id=\"google_ads_iframe_\/1018679\/ElDia_Articulo\/ElDia_Articulo_300x250_4_0__container__\"><\/div>\n<\/div>\n<p>Otra v\u00edctima relat\u00f3 que sufri\u00f3 depresi\u00f3n, pensamientos suicidas y dificultades para continuar con su vida. \u00abLos momentos m\u00e1s felices que experimento a veces siguen siendo interrumpidos por los recuerdos de lo que me hizo\u00bb, dijo.<\/p>\n<p>El abogado defensor del acusado pidi\u00f3 la sentencia m\u00ednima alegando que las v\u00edctimas eran \u00abmujeres j\u00f3venes descontentas\u00bb y que el actor era \u00abampliamente admirado\u00bb.<\/p>\n<p>La jueza encargada del caso se mostr\u00f3 impactada por la falta de remordimiento del acusado. \u00abUsted se aprovech\u00f3 de la confianza y la espiritualidad de estas mujeres y las manipul\u00f3 para su propia gratificaci\u00f3n personal\u00bb, sentenci\u00f3.<\/p>\n<p>La sentencia le declara culpable de m\u00faltiples cargos de agresi\u00f3n sexual a un menor de 16 a\u00f1os, un cargo de agresi\u00f3n sexual y un cargo de posesi\u00f3n de material de abuso sexual infantil, entre otros.EFE<\/p>\n","protected":false},"excerpt":{"rendered":"<p>Las Vegas.- (EFE).- Un juzgado de Las Vegas (Estados Unidos) ha sentenciado al actor Nathan Chasing Horse, que apareci\u00f3 en &#8230;<\/p>\n","protected":false},"author":2,"featured_media":216248,"comment_status":"closed","ping_status":"closed","sticky":false,"template":"","format":"standard","meta":{"footnotes":""},"categories":[31],"tags":[],"class_list":["post-216245","post","type-post","status-publish","format-standard","has-post-thumbnail","hentry","category-arte-y-espectaculo"],"yoast_head":"<!-- This site is optimized with the Yoast SEO plugin v24.8.1 - https:\/\/yoast.com\/wordpress\/plugins\/seo\/ -->\n<title>Actor de &quot;Bailando con lobos&quot; es condenando por agresi\u00f3n sexual - PotenciaRadiofonicaDominicana.com<\/title>\n<meta name=\"robots\" content=\"index, follow, max-snippet:-1, max-image-preview:large, max-video-preview:-1\" \/>\n<link rel=\"canonical\" href=\"https:\/\/potenciaradiofonicadominicana.com\/portal\/actor-de-bailando-con-lobos-es-condenando-por-agresion-sexual\/\" \/>\n<meta property=\"og:locale\" content=\"es_ES\" \/>\n<meta property=\"og:type\" content=\"article\" \/>\n<meta property=\"og:title\" content=\"Actor de &quot;Bailando con lobos&quot; es condenando por agresi\u00f3n sexual - PotenciaRadiofonicaDominicana.com\" \/>\n<meta property=\"og:description\" content=\"Las Vegas.- (EFE).- Un juzgado de Las Vegas (Estados Unidos) ha sentenciado al actor Nathan Chasing Horse, que apareci\u00f3 en ...\" \/>\n<meta property=\"og:url\" content=\"https:\/\/potenciaradiofonicadominicana.com\/portal\/actor-de-bailando-con-lobos-es-condenando-por-agresion-sexual\/\" \/>\n<meta property=\"og:site_name\" content=\"PotenciaRadiofonicaDominicana.com\" \/>\n<meta property=\"article:publisher\" content=\"https:\/\/web.facebook.com\/PotenciaRadiofonicaD\" \/>\n<meta property=\"article:published_time\" content=\"2026-04-30T03:23:18+00:00\" \/>\n<meta property=\"og:image\" content=\"https:\/\/potenciaradiofonicadominicana.com\/portal\/wp-content\/uploads\/2026\/04\/condenan-a-actor-de-bailando-con-lobos-por-agresion-sexual-dc6d4afb-focus-min0.04-0.49-1200-675.jpg\" \/>\n\t<meta property=\"og:image:width\" content=\"1199\" \/>\n\t<meta property=\"og:image:height\" content=\"675\" \/>\n\t<meta property=\"og:image:type\" content=\"image\/jpeg\" \/>\n<meta name=\"author\" content=\"Potencia Radiof\u00f3nica Dominicana\" \/>\n<meta name=\"twitter:card\" content=\"summary_large_image\" \/>\n<meta name=\"twitter:label1\" content=\"Escrito por\" \/>\n\t<meta name=\"twitter:data1\" content=\"Potencia Radiof\u00f3nica Dominicana\" \/>\n\t<meta name=\"twitter:label2\" content=\"Tiempo de lectura\" \/>\n\t<meta name=\"twitter:data2\" content=\"3 minutos\" \/>\n<script type=\"application\/ld+json\" class=\"yoast-schema-graph\">{\"@context\":\"https:\/\/schema.org\",\"@graph\":[{\"@type\":\"Article\",\"@id\":\"https:\/\/potenciaradiofonicadominicana.com\/portal\/actor-de-bailando-con-lobos-es-condenando-por-agresion-sexual\/#article\",\"isPartOf\":{\"@id\":\"https:\/\/potenciaradiofonicadominicana.com\/portal\/actor-de-bailando-con-lobos-es-condenando-por-agresion-sexual\/\"},\"author\":{\"name\":\"Potencia Radiof\u00f3nica Dominicana\",\"@id\":\"https:\/\/potenciaradiofonicadominicana.com\/portal\/#\/schema\/person\/a5cf1fea13877803ee0573ac18b03490\"},\"headline\":\"Actor de \u00abBailando con lobos\u00bb es condenando por agresi\u00f3n sexual\",\"datePublished\":\"2026-04-30T03:23:18+00:00\",\"mainEntityOfPage\":{\"@id\":\"https:\/\/potenciaradiofonicadominicana.com\/portal\/actor-de-bailando-con-lobos-es-condenando-por-agresion-sexual\/\"},\"wordCount\":420,\"publisher\":{\"@id\":\"https:\/\/potenciaradiofonicadominicana.com\/portal\/#organization\"},\"image\":{\"@id\":\"https:\/\/potenciaradiofonicadominicana.com\/portal\/actor-de-bailando-con-lobos-es-condenando-por-agresion-sexual\/#primaryimage\"},\"thumbnailUrl\":\"https:\/\/potenciaradiofonicadominicana.com\/portal\/wp-content\/uploads\/2026\/04\/condenan-a-actor-de-bailando-con-lobos-por-agresion-sexual-dc6d4afb-focus-min0.04-0.49-1200-675.jpg\",\"articleSection\":[\"Arte y Espectaculo\"],\"inLanguage\":\"es\"},{\"@type\":\"WebPage\",\"@id\":\"https:\/\/potenciaradiofonicadominicana.com\/portal\/actor-de-bailando-con-lobos-es-condenando-por-agresion-sexual\/\",\"url\":\"https:\/\/potenciaradiofonicadominicana.com\/portal\/actor-de-bailando-con-lobos-es-condenando-por-agresion-sexual\/\",\"name\":\"Actor de \\\"Bailando con lobos\\\" es condenando por agresi\u00f3n sexual - PotenciaRadiofonicaDominicana.com\",\"isPartOf\":{\"@id\":\"https:\/\/potenciaradiofonicadominicana.com\/portal\/#website\"},\"primaryImageOfPage\":{\"@id\":\"https:\/\/potenciaradiofonicadominicana.com\/portal\/actor-de-bailando-con-lobos-es-condenando-por-agresion-sexual\/#primaryimage\"},\"image\":{\"@id\":\"https:\/\/potenciaradiofonicadominicana.com\/portal\/actor-de-bailando-con-lobos-es-condenando-por-agresion-sexual\/#primaryimage\"},\"thumbnailUrl\":\"https:\/\/potenciaradiofonicadominicana.com\/portal\/wp-content\/uploads\/2026\/04\/condenan-a-actor-de-bailando-con-lobos-por-agresion-sexual-dc6d4afb-focus-min0.04-0.49-1200-675.jpg\",\"datePublished\":\"2026-04-30T03:23:18+00:00\",\"breadcrumb\":{\"@id\":\"https:\/\/potenciaradiofonicadominicana.com\/portal\/actor-de-bailando-con-lobos-es-condenando-por-agresion-sexual\/#breadcrumb\"},\"inLanguage\":\"es\",\"potentialAction\":[{\"@type\":\"ReadAction\",\"target\":[\"https:\/\/potenciaradiofonicadominicana.com\/portal\/actor-de-bailando-con-lobos-es-condenando-por-agresion-sexual\/\"]}]},{\"@type\":\"ImageObject\",\"inLanguage\":\"es\",\"@id\":\"https:\/\/potenciaradiofonicadominicana.com\/portal\/actor-de-bailando-con-lobos-es-condenando-por-agresion-sexual\/#primaryimage\",\"url\":\"https:\/\/potenciaradiofonicadominicana.com\/portal\/wp-content\/uploads\/2026\/04\/condenan-a-actor-de-bailando-con-lobos-por-agresion-sexual-dc6d4afb-focus-min0.04-0.49-1200-675.jpg\",\"contentUrl\":\"https:\/\/potenciaradiofonicadominicana.com\/portal\/wp-content\/uploads\/2026\/04\/condenan-a-actor-de-bailando-con-lobos-por-agresion-sexual-dc6d4afb-focus-min0.04-0.49-1200-675.jpg\",\"width\":1199,\"height\":675},{\"@type\":\"BreadcrumbList\",\"@id\":\"https:\/\/potenciaradiofonicadominicana.com\/portal\/actor-de-bailando-con-lobos-es-condenando-por-agresion-sexual\/#breadcrumb\",\"itemListElement\":[{\"@type\":\"ListItem\",\"position\":1,\"name\":\"Portada\",\"item\":\"https:\/\/potenciaradiofonicadominicana.com\/portal\/\"},{\"@type\":\"ListItem\",\"position\":2,\"name\":\"Actor de \u00abBailando con lobos\u00bb es condenando por agresi\u00f3n sexual\"}]},{\"@type\":\"WebSite\",\"@id\":\"https:\/\/potenciaradiofonicadominicana.com\/portal\/#website\",\"url\":\"https:\/\/potenciaradiofonicadominicana.com\/portal\/\",\"name\":\"PotenciaRadiofonicaDominicana.com\",\"description\":\"Peri\u00f3dico Digital\",\"publisher\":{\"@id\":\"https:\/\/potenciaradiofonicadominicana.com\/portal\/#organization\"},\"potentialAction\":[{\"@type\":\"SearchAction\",\"target\":{\"@type\":\"EntryPoint\",\"urlTemplate\":\"https:\/\/potenciaradiofonicadominicana.com\/portal\/?s={search_term_string}\"},\"query-input\":{\"@type\":\"PropertyValueSpecification\",\"valueRequired\":true,\"valueName\":\"search_term_string\"}}],\"inLanguage\":\"es\"},{\"@type\":\"Organization\",\"@id\":\"https:\/\/potenciaradiofonicadominicana.com\/portal\/#organization\",\"name\":\"PotenciaRadiofonicaDominicana.com\",\"url\":\"https:\/\/potenciaradiofonicadominicana.com\/portal\/\",\"logo\":{\"@type\":\"ImageObject\",\"inLanguage\":\"es\",\"@id\":\"https:\/\/potenciaradiofonicadominicana.com\/portal\/#\/schema\/logo\/image\/\",\"url\":\"https:\/\/potenciaradiofonicadominicana.com\/portal\/wp-content\/uploads\/2022\/01\/descarga.png\",\"contentUrl\":\"https:\/\/potenciaradiofonicadominicana.com\/portal\/wp-content\/uploads\/2022\/01\/descarga.png\",\"width\":300,\"height\":100,\"caption\":\"PotenciaRadiofonicaDominicana.com\"},\"image\":{\"@id\":\"https:\/\/potenciaradiofonicadominicana.com\/portal\/#\/schema\/logo\/image\/\"},\"sameAs\":[\"https:\/\/web.facebook.com\/PotenciaRadiofonicaD\"]},{\"@type\":\"Person\",\"@id\":\"https:\/\/potenciaradiofonicadominicana.com\/portal\/#\/schema\/person\/a5cf1fea13877803ee0573ac18b03490\",\"name\":\"Potencia Radiof\u00f3nica Dominicana\",\"image\":{\"@type\":\"ImageObject\",\"inLanguage\":\"es\",\"@id\":\"https:\/\/potenciaradiofonicadominicana.com\/portal\/#\/schema\/person\/image\/\",\"url\":\"https:\/\/secure.gravatar.com\/avatar\/42a55ab9e8ccc656ba34cd791990602a?s=96&d=mm&r=g\",\"contentUrl\":\"https:\/\/secure.gravatar.com\/avatar\/42a55ab9e8ccc656ba34cd791990602a?s=96&d=mm&r=g\",\"caption\":\"Potencia Radiof\u00f3nica Dominicana\"},\"url\":\"https:\/\/potenciaradiofonicadominicana.com\/portal\/author\/johannyalmanzar\/\"}]}<\/script>\n<!-- \/ Yoast SEO plugin. -->","yoast_head_json":{"title":"Actor de \"Bailando con lobos\" es condenando por agresi\u00f3n sexual - PotenciaRadiofonicaDominicana.com","robots":{"index":"index","follow":"follow","max-snippet":"max-snippet:-1","max-image-preview":"max-image-preview:large","max-video-preview":"max-video-preview:-1"},"canonical":"https:\/\/potenciaradiofonicadominicana.com\/portal\/actor-de-bailando-con-lobos-es-condenando-por-agresion-sexual\/","og_locale":"es_ES","og_type":"article","og_title":"Actor de \"Bailando con lobos\" es condenando por agresi\u00f3n sexual - PotenciaRadiofonicaDominicana.com","og_description":"Las Vegas.- (EFE).- Un juzgado de Las Vegas (Estados Unidos) ha sentenciado al actor Nathan Chasing Horse, que apareci\u00f3 en ...","og_url":"https:\/\/potenciaradiofonicadominicana.com\/portal\/actor-de-bailando-con-lobos-es-condenando-por-agresion-sexual\/","og_site_name":"PotenciaRadiofonicaDominicana.com","article_publisher":"https:\/\/web.facebook.com\/PotenciaRadiofonicaD","article_published_time":"2026-04-30T03:23:18+00:00","og_image":[{"width":1199,"height":675,"url":"https:\/\/potenciaradiofonicadominicana.com\/portal\/wp-content\/uploads\/2026\/04\/condenan-a-actor-de-bailando-con-lobos-por-agresion-sexual-dc6d4afb-focus-min0.04-0.49-1200-675.jpg","type":"image\/jpeg"}],"author":"Potencia Radiof\u00f3nica Dominicana","twitter_card":"summary_large_image","twitter_misc":{"Escrito por":"Potencia Radiof\u00f3nica Dominicana","Tiempo de lectura":"3 minutos"},"schema":{"@context":"https:\/\/schema.org","@graph":[{"@type":"Article","@id":"https:\/\/potenciaradiofonicadominicana.com\/portal\/actor-de-bailando-con-lobos-es-condenando-por-agresion-sexual\/#article","isPartOf":{"@id":"https:\/\/potenciaradiofonicadominicana.com\/portal\/actor-de-bailando-con-lobos-es-condenando-por-agresion-sexual\/"},"author":{"name":"Potencia Radiof\u00f3nica Dominicana","@id":"https:\/\/potenciaradiofonicadominicana.com\/portal\/#\/schema\/person\/a5cf1fea13877803ee0573ac18b03490"},"headline":"Actor de \u00abBailando con lobos\u00bb es condenando por agresi\u00f3n sexual","datePublished":"2026-04-30T03:23:18+00:00","mainEntityOfPage":{"@id":"https:\/\/potenciaradiofonicadominicana.com\/portal\/actor-de-bailando-con-lobos-es-condenando-por-agresion-sexual\/"},"wordCount":420,"publisher":{"@id":"https:\/\/potenciaradiofonicadominicana.com\/portal\/#organization"},"image":{"@id":"https:\/\/potenciaradiofonicadominicana.com\/portal\/actor-de-bailando-con-lobos-es-condenando-por-agresion-sexual\/#primaryimage"},"thumbnailUrl":"https:\/\/potenciaradiofonicadominicana.com\/portal\/wp-content\/uploads\/2026\/04\/condenan-a-actor-de-bailando-con-lobos-por-agresion-sexual-dc6d4afb-focus-min0.04-0.49-1200-675.jpg","articleSection":["Arte y Espectaculo"],"inLanguage":"es"},{"@type":"WebPage","@id":"https:\/\/potenciaradiofonicadominicana.com\/portal\/actor-de-bailando-con-lobos-es-condenando-por-agresion-sexual\/","url":"https:\/\/potenciaradiofonicadominicana.com\/portal\/actor-de-bailando-con-lobos-es-condenando-por-agresion-sexual\/","name":"Actor de \"Bailando con lobos\" es condenando por agresi\u00f3n sexual - PotenciaRadiofonicaDominicana.com","isPartOf":{"@id":"https:\/\/potenciaradiofonicadominicana.com\/portal\/#website"},"primaryImageOfPage":{"@id":"https:\/\/potenciaradiofonicadominicana.com\/portal\/actor-de-bailando-con-lobos-es-condenando-por-agresion-sexual\/#primaryimage"},"image":{"@id":"https:\/\/potenciaradiofonicadominicana.com\/portal\/actor-de-bailando-con-lobos-es-condenando-por-agresion-sexual\/#primaryimage"},"thumbnailUrl":"https:\/\/potenciaradiofonicadominicana.com\/portal\/wp-content\/uploads\/2026\/04\/condenan-a-actor-de-bailando-con-lobos-por-agresion-sexual-dc6d4afb-focus-min0.04-0.49-1200-675.jpg","datePublished":"2026-04-30T03:23:18+00:00","breadcrumb":{"@id":"https:\/\/potenciaradiofonicadominicana.com\/portal\/actor-de-bailando-con-lobos-es-condenando-por-agresion-sexual\/#breadcrumb"},"inLanguage":"es","potentialAction":[{"@type":"ReadAction","target":["https:\/\/potenciaradiofonicadominicana.com\/portal\/actor-de-bailando-con-lobos-es-condenando-por-agresion-sexual\/"]}]},{"@type":"ImageObject","inLanguage":"es","@id":"https:\/\/potenciaradiofonicadominicana.com\/portal\/actor-de-bailando-con-lobos-es-condenando-por-agresion-sexual\/#primaryimage","url":"https:\/\/potenciaradiofonicadominicana.com\/portal\/wp-content\/uploads\/2026\/04\/condenan-a-actor-de-bailando-con-lobos-por-agresion-sexual-dc6d4afb-focus-min0.04-0.49-1200-675.jpg","contentUrl":"https:\/\/potenciaradiofonicadominicana.com\/portal\/wp-content\/uploads\/2026\/04\/condenan-a-actor-de-bailando-con-lobos-por-agresion-sexual-dc6d4afb-focus-min0.04-0.49-1200-675.jpg","width":1199,"height":675},{"@type":"BreadcrumbList","@id":"https:\/\/potenciaradiofonicadominicana.com\/portal\/actor-de-bailando-con-lobos-es-condenando-por-agresion-sexual\/#breadcrumb","itemListElement":[{"@type":"ListItem","position":1,"name":"Portada","item":"https:\/\/potenciaradiofonicadominicana.com\/portal\/"},{"@type":"ListItem","position":2,"name":"Actor de \u00abBailando con lobos\u00bb es condenando por agresi\u00f3n sexual"}]},{"@type":"WebSite","@id":"https:\/\/potenciaradiofonicadominicana.com\/portal\/#website","url":"https:\/\/potenciaradiofonicadominicana.com\/portal\/","name":"PotenciaRadiofonicaDominicana.com","description":"Peri\u00f3dico Digital","publisher":{"@id":"https:\/\/potenciaradiofonicadominicana.com\/portal\/#organization"},"potentialAction":[{"@type":"SearchAction","target":{"@type":"EntryPoint","urlTemplate":"https:\/\/potenciaradiofonicadominicana.com\/portal\/?s={search_term_string}"},"query-input":{"@type":"PropertyValueSpecification","valueRequired":true,"valueName":"search_term_string"}}],"inLanguage":"es"},{"@type":"Organization","@id":"https:\/\/potenciaradiofonicadominicana.com\/portal\/#organization","name":"PotenciaRadiofonicaDominicana.com","url":"https:\/\/potenciaradiofonicadominicana.com\/portal\/","logo":{"@type":"ImageObject","inLanguage":"es","@id":"https:\/\/potenciaradiofonicadominicana.com\/portal\/#\/schema\/logo\/image\/","url":"https:\/\/potenciaradiofonicadominicana.com\/portal\/wp-content\/uploads\/2022\/01\/descarga.png","contentUrl":"https:\/\/potenciaradiofonicadominicana.com\/portal\/wp-content\/uploads\/2022\/01\/descarga.png","width":300,"height":100,"caption":"PotenciaRadiofonicaDominicana.com"},"image":{"@id":"https:\/\/potenciaradiofonicadominicana.com\/portal\/#\/schema\/logo\/image\/"},"sameAs":["https:\/\/web.facebook.com\/PotenciaRadiofonicaD"]},{"@type":"Person","@id":"https:\/\/potenciaradiofonicadominicana.com\/portal\/#\/schema\/person\/a5cf1fea13877803ee0573ac18b03490","name":"Potencia Radiof\u00f3nica Dominicana","image":{"@type":"ImageObject","inLanguage":"es","@id":"https:\/\/potenciaradiofonicadominicana.com\/portal\/#\/schema\/person\/image\/","url":"https:\/\/secure.gravatar.com\/avatar\/42a55ab9e8ccc656ba34cd791990602a?s=96&d=mm&r=g","contentUrl":"https:\/\/secure.gravatar.com\/avatar\/42a55ab9e8ccc656ba34cd791990602a?s=96&d=mm&r=g","caption":"Potencia Radiof\u00f3nica Dominicana"},"url":"https:\/\/potenciaradiofonicadominicana.com\/portal\/author\/johannyalmanzar\/"}]}},"_links":{"self":[{"href":"https:\/\/potenciaradiofonicadominicana.com\/portal\/wp-json\/wp\/v2\/posts\/216245","targetHints":{"allow":["GET"]}}],"collection":[{"href":"https:\/\/potenciaradiofonicadominicana.com\/portal\/wp-json\/wp\/v2\/posts"}],"about":[{"href":"https:\/\/potenciaradiofonicadominicana.com\/portal\/wp-json\/wp\/v2\/types\/post"}],"author":[{"embeddable":true,"href":"https:\/\/potenciaradiofonicadominicana.com\/portal\/wp-json\/wp\/v2\/users\/2"}],"replies":[{"embeddable":true,"href":"https:\/\/potenciaradiofonicadominicana.com\/portal\/wp-json\/wp\/v2\/comments?post=216245"}],"version-history":[{"count":1,"href":"https:\/\/potenciaradiofonicadominicana.com\/portal\/wp-json\/wp\/v2\/posts\/216245\/revisions"}],"predecessor-version":[{"id":216249,"href":"https:\/\/potenciaradiofonicadominicana.com\/portal\/wp-json\/wp\/v2\/posts\/216245\/revisions\/216249"}],"wp:featuredmedia":[{"embeddable":true,"href":"https:\/\/potenciaradiofonicadominicana.com\/portal\/wp-json\/wp\/v2\/media\/216248"}],"wp:attachment":[{"href":"https:\/\/potenciaradiofonicadominicana.com\/portal\/wp-json\/wp\/v2\/media?parent=216245"}],"wp:term":[{"taxonomy":"category","embeddable":true,"href":"https:\/\/potenciaradiofonicadominicana.com\/portal\/wp-json\/wp\/v2\/categories?post=216245"},{"taxonomy":"post_tag","embeddable":true,"href":"https:\/\/potenciaradiofonicadominicana.com\/portal\/wp-json\/wp\/v2\/tags?post=216245"}],"curies":[{"name":"wp","href":"https:\/\/api.w.org\/{rel}","templated":true}]}}