{"id":216237,"date":"2026-04-29T23:21:01","date_gmt":"2026-04-30T03:21:01","guid":{"rendered":"https:\/\/potenciaradiofonicadominicana.com\/portal\/?p=216237"},"modified":"2026-04-29T23:21:01","modified_gmt":"2026-04-30T03:21:01","slug":"el-director-de-toy-story-deja-abierta-la-puerta-a-nuevas-secuelas","status":"publish","type":"post","link":"https:\/\/potenciaradiofonicadominicana.com\/portal\/el-director-de-toy-story-deja-abierta-la-puerta-a-nuevas-secuelas\/","title":{"rendered":"El director de Toy Story deja abierta la puerta a nuevas secuelas"},"content":{"rendered":"<p><a href=\"https:\/\/potenciaradiofonicadominicana.com\/portal\/wp-content\/uploads\/2026\/04\/2025112013372911949.webp\"><img loading=\"lazy\" decoding=\"async\" class=\"alignnone size-full wp-image-216242\" src=\"https:\/\/potenciaradiofonicadominicana.com\/portal\/wp-content\/uploads\/2026\/04\/2025112013372911949.webp\" alt=\"\" width=\"1280\" height=\"720\" srcset=\"https:\/\/potenciaradiofonicadominicana.com\/portal\/wp-content\/uploads\/2026\/04\/2025112013372911949.webp 1280w, https:\/\/potenciaradiofonicadominicana.com\/portal\/wp-content\/uploads\/2026\/04\/2025112013372911949-300x169.webp 300w, https:\/\/potenciaradiofonicadominicana.com\/portal\/wp-content\/uploads\/2026\/04\/2025112013372911949-1024x576.webp 1024w, https:\/\/potenciaradiofonicadominicana.com\/portal\/wp-content\/uploads\/2026\/04\/2025112013372911949-768x432.webp 768w\" sizes=\"auto, (max-width: 1280px) 100vw, 1280px\" \/><\/a><\/p>\n<p>El cineasta\u00a0<strong>Andrew Stanton<\/strong>, una de las figuras clave en la historia de Pixar, no descarta que la exitosa saga animada contin\u00fae m\u00e1s all\u00e1 de su pr\u00f3xima entrega. Durante recientes declaraciones, el director asegur\u00f3 que las ideas surgidas durante el desarrollo de\u00a0<strong>Toy Story 5<\/strong> podr\u00edan dar pie incluso a una sexta y s\u00e9ptima pel\u00edcula.<\/p>\n<p>Stanton, quien trabaja actualmente en Toy Story 5 \u2014cuyo estreno est\u00e1 previsto para junio\u2014, considera que el proceso creativo ha generado suficiente material para expandir el universo de la franquicia. Seg\u00fan explic\u00f3, solo con las primeras etapas de\u00a0<strong>lluvia de ideas<\/strong>\u00a0ya surgieron conceptos que podr\u00edan sostener nuevas historias, posiblemente con otros personajes como protagonistas.<\/p>\n<h3 class=\"wp-block-heading\">Un posible cierre personal, pero no para la saga<\/h3>\n<p>A pesar de este potencial, el director dej\u00f3 entrever que esta podr\u00eda ser su \u00faltima pel\u00edcula al frente de un proyecto dentro de\u00a0<strong>Pixar<\/strong>. Con m\u00e1s de tres d\u00e9cadas en el estudio, Stanton busca ahora priorizar su tiempo personal, tras a\u00f1os dedicados a producciones que requieren largos periodos de desarrollo.<\/p>\n<p>Sin embargo, su v\u00ednculo con la compa\u00f1\u00eda no terminar\u00eda del todo. El creativo asegur\u00f3 que continuar\u00e1 como vicepresidente y que probablemente seguir\u00e1 asesorando futuros proyectos, aportando su experiencia a nuevas generaciones.<\/p>\n<p>La nueva entrega de la franquicia abordar\u00e1 un tema contempor\u00e1neo: la relaci\u00f3n entre los juguetes tradicionales y la tecnolog\u00eda. La historia girar\u00e1 en torno a Bonnie, quien ahora interact\u00faa con dispositivos electr\u00f3nicos, lo que plantea nuevos retos para los juguetes.<\/p>\n<p>El elenco original regresa con\u00a0<strong>Tom Hanks<\/strong> y Tim Allen en sus ic\u00f3nicos roles de Woody y Buzz Lightyear. Adem\u00e1s, se suman nuevas voces como Greta Lee y Conan O\u2019Brien.<\/p>\n<p>A tres d\u00e9cadas de su debut, Toy Story sigue consolid\u00e1ndose como una de las franquicias m\u00e1s influyentes del cine animado, con posibilidades abiertas para seguir creciendo en los pr\u00f3ximos a\u00f1os.<\/p>\n","protected":false},"excerpt":{"rendered":"<p>El cineasta\u00a0Andrew Stanton, una de las figuras clave en la historia de Pixar, no descarta que la exitosa saga animada &#8230;<\/p>\n","protected":false},"author":2,"featured_media":216242,"comment_status":"closed","ping_status":"closed","sticky":false,"template":"","format":"standard","meta":{"footnotes":""},"categories":[31],"tags":[],"class_list":["post-216237","post","type-post","status-publish","format-standard","has-post-thumbnail","hentry","category-arte-y-espectaculo"],"yoast_head":"<!-- This site is optimized with the Yoast SEO plugin v24.8.1 - https:\/\/yoast.com\/wordpress\/plugins\/seo\/ -->\n<title>El director de Toy Story deja abierta la puerta a nuevas secuelas - PotenciaRadiofonicaDominicana.com<\/title>\n<meta name=\"robots\" content=\"index, follow, max-snippet:-1, max-image-preview:large, max-video-preview:-1\" \/>\n<link rel=\"canonical\" href=\"https:\/\/potenciaradiofonicadominicana.com\/portal\/el-director-de-toy-story-deja-abierta-la-puerta-a-nuevas-secuelas\/\" \/>\n<meta property=\"og:locale\" content=\"es_ES\" \/>\n<meta property=\"og:type\" content=\"article\" \/>\n<meta property=\"og:title\" content=\"El director de Toy Story deja abierta la puerta a nuevas secuelas - PotenciaRadiofonicaDominicana.com\" \/>\n<meta property=\"og:description\" content=\"El cineasta\u00a0Andrew Stanton, una de las figuras clave en la historia de Pixar, no descarta que la exitosa saga animada ...\" \/>\n<meta property=\"og:url\" content=\"https:\/\/potenciaradiofonicadominicana.com\/portal\/el-director-de-toy-story-deja-abierta-la-puerta-a-nuevas-secuelas\/\" \/>\n<meta property=\"og:site_name\" content=\"PotenciaRadiofonicaDominicana.com\" \/>\n<meta property=\"article:publisher\" content=\"https:\/\/web.facebook.com\/PotenciaRadiofonicaD\" \/>\n<meta property=\"article:published_time\" content=\"2026-04-30T03:21:01+00:00\" \/>\n<meta property=\"og:image\" content=\"https:\/\/potenciaradiofonicadominicana.com\/portal\/wp-content\/uploads\/2026\/04\/2025112013372911949.webp\" \/>\n\t<meta property=\"og:image:width\" content=\"1280\" \/>\n\t<meta property=\"og:image:height\" content=\"720\" \/>\n\t<meta property=\"og:image:type\" content=\"image\/webp\" \/>\n<meta name=\"author\" content=\"Potencia Radiof\u00f3nica Dominicana\" \/>\n<meta name=\"twitter:card\" content=\"summary_large_image\" \/>\n<meta name=\"twitter:label1\" content=\"Escrito por\" \/>\n\t<meta name=\"twitter:data1\" content=\"Potencia Radiof\u00f3nica Dominicana\" \/>\n\t<meta name=\"twitter:label2\" content=\"Tiempo de lectura\" \/>\n\t<meta name=\"twitter:data2\" content=\"2 minutos\" \/>\n<script type=\"application\/ld+json\" class=\"yoast-schema-graph\">{\"@context\":\"https:\/\/schema.org\",\"@graph\":[{\"@type\":\"Article\",\"@id\":\"https:\/\/potenciaradiofonicadominicana.com\/portal\/el-director-de-toy-story-deja-abierta-la-puerta-a-nuevas-secuelas\/#article\",\"isPartOf\":{\"@id\":\"https:\/\/potenciaradiofonicadominicana.com\/portal\/el-director-de-toy-story-deja-abierta-la-puerta-a-nuevas-secuelas\/\"},\"author\":{\"name\":\"Potencia Radiof\u00f3nica Dominicana\",\"@id\":\"https:\/\/potenciaradiofonicadominicana.com\/portal\/#\/schema\/person\/a5cf1fea13877803ee0573ac18b03490\"},\"headline\":\"El director de Toy Story deja abierta la puerta a nuevas secuelas\",\"datePublished\":\"2026-04-30T03:21:01+00:00\",\"mainEntityOfPage\":{\"@id\":\"https:\/\/potenciaradiofonicadominicana.com\/portal\/el-director-de-toy-story-deja-abierta-la-puerta-a-nuevas-secuelas\/\"},\"wordCount\":339,\"publisher\":{\"@id\":\"https:\/\/potenciaradiofonicadominicana.com\/portal\/#organization\"},\"image\":{\"@id\":\"https:\/\/potenciaradiofonicadominicana.com\/portal\/el-director-de-toy-story-deja-abierta-la-puerta-a-nuevas-secuelas\/#primaryimage\"},\"thumbnailUrl\":\"https:\/\/potenciaradiofonicadominicana.com\/portal\/wp-content\/uploads\/2026\/04\/2025112013372911949.webp\",\"articleSection\":[\"Arte y Espectaculo\"],\"inLanguage\":\"es\"},{\"@type\":\"WebPage\",\"@id\":\"https:\/\/potenciaradiofonicadominicana.com\/portal\/el-director-de-toy-story-deja-abierta-la-puerta-a-nuevas-secuelas\/\",\"url\":\"https:\/\/potenciaradiofonicadominicana.com\/portal\/el-director-de-toy-story-deja-abierta-la-puerta-a-nuevas-secuelas\/\",\"name\":\"El director de Toy Story deja abierta la puerta a nuevas secuelas - PotenciaRadiofonicaDominicana.com\",\"isPartOf\":{\"@id\":\"https:\/\/potenciaradiofonicadominicana.com\/portal\/#website\"},\"primaryImageOfPage\":{\"@id\":\"https:\/\/potenciaradiofonicadominicana.com\/portal\/el-director-de-toy-story-deja-abierta-la-puerta-a-nuevas-secuelas\/#primaryimage\"},\"image\":{\"@id\":\"https:\/\/potenciaradiofonicadominicana.com\/portal\/el-director-de-toy-story-deja-abierta-la-puerta-a-nuevas-secuelas\/#primaryimage\"},\"thumbnailUrl\":\"https:\/\/potenciaradiofonicadominicana.com\/portal\/wp-content\/uploads\/2026\/04\/2025112013372911949.webp\",\"datePublished\":\"2026-04-30T03:21:01+00:00\",\"breadcrumb\":{\"@id\":\"https:\/\/potenciaradiofonicadominicana.com\/portal\/el-director-de-toy-story-deja-abierta-la-puerta-a-nuevas-secuelas\/#breadcrumb\"},\"inLanguage\":\"es\",\"potentialAction\":[{\"@type\":\"ReadAction\",\"target\":[\"https:\/\/potenciaradiofonicadominicana.com\/portal\/el-director-de-toy-story-deja-abierta-la-puerta-a-nuevas-secuelas\/\"]}]},{\"@type\":\"ImageObject\",\"inLanguage\":\"es\",\"@id\":\"https:\/\/potenciaradiofonicadominicana.com\/portal\/el-director-de-toy-story-deja-abierta-la-puerta-a-nuevas-secuelas\/#primaryimage\",\"url\":\"https:\/\/potenciaradiofonicadominicana.com\/portal\/wp-content\/uploads\/2026\/04\/2025112013372911949.webp\",\"contentUrl\":\"https:\/\/potenciaradiofonicadominicana.com\/portal\/wp-content\/uploads\/2026\/04\/2025112013372911949.webp\",\"width\":1280,\"height\":720},{\"@type\":\"BreadcrumbList\",\"@id\":\"https:\/\/potenciaradiofonicadominicana.com\/portal\/el-director-de-toy-story-deja-abierta-la-puerta-a-nuevas-secuelas\/#breadcrumb\",\"itemListElement\":[{\"@type\":\"ListItem\",\"position\":1,\"name\":\"Portada\",\"item\":\"https:\/\/potenciaradiofonicadominicana.com\/portal\/\"},{\"@type\":\"ListItem\",\"position\":2,\"name\":\"El director de Toy Story deja abierta la puerta a nuevas secuelas\"}]},{\"@type\":\"WebSite\",\"@id\":\"https:\/\/potenciaradiofonicadominicana.com\/portal\/#website\",\"url\":\"https:\/\/potenciaradiofonicadominicana.com\/portal\/\",\"name\":\"PotenciaRadiofonicaDominicana.com\",\"description\":\"Peri\u00f3dico Digital\",\"publisher\":{\"@id\":\"https:\/\/potenciaradiofonicadominicana.com\/portal\/#organization\"},\"potentialAction\":[{\"@type\":\"SearchAction\",\"target\":{\"@type\":\"EntryPoint\",\"urlTemplate\":\"https:\/\/potenciaradiofonicadominicana.com\/portal\/?s={search_term_string}\"},\"query-input\":{\"@type\":\"PropertyValueSpecification\",\"valueRequired\":true,\"valueName\":\"search_term_string\"}}],\"inLanguage\":\"es\"},{\"@type\":\"Organization\",\"@id\":\"https:\/\/potenciaradiofonicadominicana.com\/portal\/#organization\",\"name\":\"PotenciaRadiofonicaDominicana.com\",\"url\":\"https:\/\/potenciaradiofonicadominicana.com\/portal\/\",\"logo\":{\"@type\":\"ImageObject\",\"inLanguage\":\"es\",\"@id\":\"https:\/\/potenciaradiofonicadominicana.com\/portal\/#\/schema\/logo\/image\/\",\"url\":\"https:\/\/potenciaradiofonicadominicana.com\/portal\/wp-content\/uploads\/2022\/01\/descarga.png\",\"contentUrl\":\"https:\/\/potenciaradiofonicadominicana.com\/portal\/wp-content\/uploads\/2022\/01\/descarga.png\",\"width\":300,\"height\":100,\"caption\":\"PotenciaRadiofonicaDominicana.com\"},\"image\":{\"@id\":\"https:\/\/potenciaradiofonicadominicana.com\/portal\/#\/schema\/logo\/image\/\"},\"sameAs\":[\"https:\/\/web.facebook.com\/PotenciaRadiofonicaD\"]},{\"@type\":\"Person\",\"@id\":\"https:\/\/potenciaradiofonicadominicana.com\/portal\/#\/schema\/person\/a5cf1fea13877803ee0573ac18b03490\",\"name\":\"Potencia Radiof\u00f3nica Dominicana\",\"image\":{\"@type\":\"ImageObject\",\"inLanguage\":\"es\",\"@id\":\"https:\/\/potenciaradiofonicadominicana.com\/portal\/#\/schema\/person\/image\/\",\"url\":\"https:\/\/secure.gravatar.com\/avatar\/42a55ab9e8ccc656ba34cd791990602a?s=96&d=mm&r=g\",\"contentUrl\":\"https:\/\/secure.gravatar.com\/avatar\/42a55ab9e8ccc656ba34cd791990602a?s=96&d=mm&r=g\",\"caption\":\"Potencia Radiof\u00f3nica Dominicana\"},\"url\":\"https:\/\/potenciaradiofonicadominicana.com\/portal\/author\/johannyalmanzar\/\"}]}<\/script>\n<!-- \/ Yoast SEO plugin. -->","yoast_head_json":{"title":"El director de Toy Story deja abierta la puerta a nuevas secuelas - PotenciaRadiofonicaDominicana.com","robots":{"index":"index","follow":"follow","max-snippet":"max-snippet:-1","max-image-preview":"max-image-preview:large","max-video-preview":"max-video-preview:-1"},"canonical":"https:\/\/potenciaradiofonicadominicana.com\/portal\/el-director-de-toy-story-deja-abierta-la-puerta-a-nuevas-secuelas\/","og_locale":"es_ES","og_type":"article","og_title":"El director de Toy Story deja abierta la puerta a nuevas secuelas - PotenciaRadiofonicaDominicana.com","og_description":"El cineasta\u00a0Andrew Stanton, una de las figuras clave en la historia de Pixar, no descarta que la exitosa saga animada ...","og_url":"https:\/\/potenciaradiofonicadominicana.com\/portal\/el-director-de-toy-story-deja-abierta-la-puerta-a-nuevas-secuelas\/","og_site_name":"PotenciaRadiofonicaDominicana.com","article_publisher":"https:\/\/web.facebook.com\/PotenciaRadiofonicaD","article_published_time":"2026-04-30T03:21:01+00:00","og_image":[{"width":1280,"height":720,"url":"https:\/\/potenciaradiofonicadominicana.com\/portal\/wp-content\/uploads\/2026\/04\/2025112013372911949.webp","type":"image\/webp"}],"author":"Potencia Radiof\u00f3nica Dominicana","twitter_card":"summary_large_image","twitter_misc":{"Escrito por":"Potencia Radiof\u00f3nica Dominicana","Tiempo de lectura":"2 minutos"},"schema":{"@context":"https:\/\/schema.org","@graph":[{"@type":"Article","@id":"https:\/\/potenciaradiofonicadominicana.com\/portal\/el-director-de-toy-story-deja-abierta-la-puerta-a-nuevas-secuelas\/#article","isPartOf":{"@id":"https:\/\/potenciaradiofonicadominicana.com\/portal\/el-director-de-toy-story-deja-abierta-la-puerta-a-nuevas-secuelas\/"},"author":{"name":"Potencia Radiof\u00f3nica Dominicana","@id":"https:\/\/potenciaradiofonicadominicana.com\/portal\/#\/schema\/person\/a5cf1fea13877803ee0573ac18b03490"},"headline":"El director de Toy Story deja abierta la puerta a nuevas secuelas","datePublished":"2026-04-30T03:21:01+00:00","mainEntityOfPage":{"@id":"https:\/\/potenciaradiofonicadominicana.com\/portal\/el-director-de-toy-story-deja-abierta-la-puerta-a-nuevas-secuelas\/"},"wordCount":339,"publisher":{"@id":"https:\/\/potenciaradiofonicadominicana.com\/portal\/#organization"},"image":{"@id":"https:\/\/potenciaradiofonicadominicana.com\/portal\/el-director-de-toy-story-deja-abierta-la-puerta-a-nuevas-secuelas\/#primaryimage"},"thumbnailUrl":"https:\/\/potenciaradiofonicadominicana.com\/portal\/wp-content\/uploads\/2026\/04\/2025112013372911949.webp","articleSection":["Arte y Espectaculo"],"inLanguage":"es"},{"@type":"WebPage","@id":"https:\/\/potenciaradiofonicadominicana.com\/portal\/el-director-de-toy-story-deja-abierta-la-puerta-a-nuevas-secuelas\/","url":"https:\/\/potenciaradiofonicadominicana.com\/portal\/el-director-de-toy-story-deja-abierta-la-puerta-a-nuevas-secuelas\/","name":"El director de Toy Story deja abierta la puerta a nuevas secuelas - PotenciaRadiofonicaDominicana.com","isPartOf":{"@id":"https:\/\/potenciaradiofonicadominicana.com\/portal\/#website"},"primaryImageOfPage":{"@id":"https:\/\/potenciaradiofonicadominicana.com\/portal\/el-director-de-toy-story-deja-abierta-la-puerta-a-nuevas-secuelas\/#primaryimage"},"image":{"@id":"https:\/\/potenciaradiofonicadominicana.com\/portal\/el-director-de-toy-story-deja-abierta-la-puerta-a-nuevas-secuelas\/#primaryimage"},"thumbnailUrl":"https:\/\/potenciaradiofonicadominicana.com\/portal\/wp-content\/uploads\/2026\/04\/2025112013372911949.webp","datePublished":"2026-04-30T03:21:01+00:00","breadcrumb":{"@id":"https:\/\/potenciaradiofonicadominicana.com\/portal\/el-director-de-toy-story-deja-abierta-la-puerta-a-nuevas-secuelas\/#breadcrumb"},"inLanguage":"es","potentialAction":[{"@type":"ReadAction","target":["https:\/\/potenciaradiofonicadominicana.com\/portal\/el-director-de-toy-story-deja-abierta-la-puerta-a-nuevas-secuelas\/"]}]},{"@type":"ImageObject","inLanguage":"es","@id":"https:\/\/potenciaradiofonicadominicana.com\/portal\/el-director-de-toy-story-deja-abierta-la-puerta-a-nuevas-secuelas\/#primaryimage","url":"https:\/\/potenciaradiofonicadominicana.com\/portal\/wp-content\/uploads\/2026\/04\/2025112013372911949.webp","contentUrl":"https:\/\/potenciaradiofonicadominicana.com\/portal\/wp-content\/uploads\/2026\/04\/2025112013372911949.webp","width":1280,"height":720},{"@type":"BreadcrumbList","@id":"https:\/\/potenciaradiofonicadominicana.com\/portal\/el-director-de-toy-story-deja-abierta-la-puerta-a-nuevas-secuelas\/#breadcrumb","itemListElement":[{"@type":"ListItem","position":1,"name":"Portada","item":"https:\/\/potenciaradiofonicadominicana.com\/portal\/"},{"@type":"ListItem","position":2,"name":"El director de Toy Story deja abierta la puerta a nuevas secuelas"}]},{"@type":"WebSite","@id":"https:\/\/potenciaradiofonicadominicana.com\/portal\/#website","url":"https:\/\/potenciaradiofonicadominicana.com\/portal\/","name":"PotenciaRadiofonicaDominicana.com","description":"Peri\u00f3dico Digital","publisher":{"@id":"https:\/\/potenciaradiofonicadominicana.com\/portal\/#organization"},"potentialAction":[{"@type":"SearchAction","target":{"@type":"EntryPoint","urlTemplate":"https:\/\/potenciaradiofonicadominicana.com\/portal\/?s={search_term_string}"},"query-input":{"@type":"PropertyValueSpecification","valueRequired":true,"valueName":"search_term_string"}}],"inLanguage":"es"},{"@type":"Organization","@id":"https:\/\/potenciaradiofonicadominicana.com\/portal\/#organization","name":"PotenciaRadiofonicaDominicana.com","url":"https:\/\/potenciaradiofonicadominicana.com\/portal\/","logo":{"@type":"ImageObject","inLanguage":"es","@id":"https:\/\/potenciaradiofonicadominicana.com\/portal\/#\/schema\/logo\/image\/","url":"https:\/\/potenciaradiofonicadominicana.com\/portal\/wp-content\/uploads\/2022\/01\/descarga.png","contentUrl":"https:\/\/potenciaradiofonicadominicana.com\/portal\/wp-content\/uploads\/2022\/01\/descarga.png","width":300,"height":100,"caption":"PotenciaRadiofonicaDominicana.com"},"image":{"@id":"https:\/\/potenciaradiofonicadominicana.com\/portal\/#\/schema\/logo\/image\/"},"sameAs":["https:\/\/web.facebook.com\/PotenciaRadiofonicaD"]},{"@type":"Person","@id":"https:\/\/potenciaradiofonicadominicana.com\/portal\/#\/schema\/person\/a5cf1fea13877803ee0573ac18b03490","name":"Potencia Radiof\u00f3nica Dominicana","image":{"@type":"ImageObject","inLanguage":"es","@id":"https:\/\/potenciaradiofonicadominicana.com\/portal\/#\/schema\/person\/image\/","url":"https:\/\/secure.gravatar.com\/avatar\/42a55ab9e8ccc656ba34cd791990602a?s=96&d=mm&r=g","contentUrl":"https:\/\/secure.gravatar.com\/avatar\/42a55ab9e8ccc656ba34cd791990602a?s=96&d=mm&r=g","caption":"Potencia Radiof\u00f3nica Dominicana"},"url":"https:\/\/potenciaradiofonicadominicana.com\/portal\/author\/johannyalmanzar\/"}]}},"_links":{"self":[{"href":"https:\/\/potenciaradiofonicadominicana.com\/portal\/wp-json\/wp\/v2\/posts\/216237","targetHints":{"allow":["GET"]}}],"collection":[{"href":"https:\/\/potenciaradiofonicadominicana.com\/portal\/wp-json\/wp\/v2\/posts"}],"about":[{"href":"https:\/\/potenciaradiofonicadominicana.com\/portal\/wp-json\/wp\/v2\/types\/post"}],"author":[{"embeddable":true,"href":"https:\/\/potenciaradiofonicadominicana.com\/portal\/wp-json\/wp\/v2\/users\/2"}],"replies":[{"embeddable":true,"href":"https:\/\/potenciaradiofonicadominicana.com\/portal\/wp-json\/wp\/v2\/comments?post=216237"}],"version-history":[{"count":1,"href":"https:\/\/potenciaradiofonicadominicana.com\/portal\/wp-json\/wp\/v2\/posts\/216237\/revisions"}],"predecessor-version":[{"id":216243,"href":"https:\/\/potenciaradiofonicadominicana.com\/portal\/wp-json\/wp\/v2\/posts\/216237\/revisions\/216243"}],"wp:featuredmedia":[{"embeddable":true,"href":"https:\/\/potenciaradiofonicadominicana.com\/portal\/wp-json\/wp\/v2\/media\/216242"}],"wp:attachment":[{"href":"https:\/\/potenciaradiofonicadominicana.com\/portal\/wp-json\/wp\/v2\/media?parent=216237"}],"wp:term":[{"taxonomy":"category","embeddable":true,"href":"https:\/\/potenciaradiofonicadominicana.com\/portal\/wp-json\/wp\/v2\/categories?post=216237"},{"taxonomy":"post_tag","embeddable":true,"href":"https:\/\/potenciaradiofonicadominicana.com\/portal\/wp-json\/wp\/v2\/tags?post=216237"}],"curies":[{"name":"wp","href":"https:\/\/api.w.org\/{rel}","templated":true}]}}