{"id":216233,"date":"2026-04-29T23:19:09","date_gmt":"2026-04-30T03:19:09","guid":{"rendered":"https:\/\/potenciaradiofonicadominicana.com\/portal\/?p=216233"},"modified":"2026-04-29T23:19:09","modified_gmt":"2026-04-30T03:19:09","slug":"la-flotilla-rodeada-por-barcos-israelies-dice-haber-perdido-comunicacion-con-11-naves","status":"publish","type":"post","link":"https:\/\/potenciaradiofonicadominicana.com\/portal\/la-flotilla-rodeada-por-barcos-israelies-dice-haber-perdido-comunicacion-con-11-naves\/","title":{"rendered":"La Flotilla, rodeada por barcos israel\u00edes, dice haber perdido comunicaci\u00f3n con 11 naves"},"content":{"rendered":"<p><a href=\"https:\/\/potenciaradiofonicadominicana.com\/portal\/wp-content\/uploads\/2026\/04\/flotilla-global-sumud-denuncia-amenazas-de-barcos-militares-israelies-4fd76617-focus-0-0-896-504.jpg\"><img loading=\"lazy\" decoding=\"async\" class=\"alignnone size-full wp-image-216236\" src=\"https:\/\/potenciaradiofonicadominicana.com\/portal\/wp-content\/uploads\/2026\/04\/flotilla-global-sumud-denuncia-amenazas-de-barcos-militares-israelies-4fd76617-focus-0-0-896-504.jpg\" alt=\"\" width=\"896\" height=\"504\" srcset=\"https:\/\/potenciaradiofonicadominicana.com\/portal\/wp-content\/uploads\/2026\/04\/flotilla-global-sumud-denuncia-amenazas-de-barcos-militares-israelies-4fd76617-focus-0-0-896-504.jpg 896w, https:\/\/potenciaradiofonicadominicana.com\/portal\/wp-content\/uploads\/2026\/04\/flotilla-global-sumud-denuncia-amenazas-de-barcos-militares-israelies-4fd76617-focus-0-0-896-504-300x169.jpg 300w, https:\/\/potenciaradiofonicadominicana.com\/portal\/wp-content\/uploads\/2026\/04\/flotilla-global-sumud-denuncia-amenazas-de-barcos-militares-israelies-4fd76617-focus-0-0-896-504-768x432.jpg 768w\" sizes=\"auto, (max-width: 896px) 100vw, 896px\" \/><\/a><\/p>\n<p>La\u00a0Flotilla Global Sumud, compuesta por\u00a058 barcos, ha\u00a0denunciado\u00a0la madrugada de este jueves haber sido rodeada y\u00a0amenazada\u00a0por\u00a0naves militares israel\u00edes\u00a0en aguas internacionales, en su tercer d\u00eda de navegaci\u00f3n rumbo a la Franja de Gaza.<\/p>\n<p>\u00abEmbarcaciones\u00a0militares israel\u00edes han rodeado\u00a0ilegalmente\u00a0a la Flotilla en aguas internacionales y han amenazado con\u00a0secuestros\u00a0y\u00a0violencia\u00bb, asegura la organizaci\u00f3n en un comunicado.<\/p>\n<p>Asimismo, afirma que se ha perdido la\u00a0comunicaci\u00f3n\u00a0con\u00a011 naves\u00a0de la flotilla y que, seg\u00fan medios israel\u00edes, otras 7 han sido\u00a0interceptadas.<\/p>\n<p>La\u00a0Global Sumud Flotilla\u00a0exige a los Gobiernos \u00abactuar ahora\u00bb para proteger esta misi\u00f3n y \u00abexigir responsabilidades\u00a0a Israel\u00bb por lo que consideran unas \u00abflagrantes violaciones del derecho internacional\u00bb y \u00abpor el\u00a0genocidio continuo\u00bb en Palestina.<\/p>\n<p>La\u00a0misi\u00f3n naval\u00a0zarp\u00f3 el pasado domingo desde el puerto italiano de Augusta (sur) con el objetivo de cruzar el Mediterr\u00e1neo y llegar a la\u00a0Franja de Gaza\u00a0para entregar ah\u00ed\u00a0ayuda humanitaria.<\/p>\n<p>La supuesta\u00a0interceptaci\u00f3n\u00a0ha sucedido en las aguas que separan la pen\u00ednsula griega del Peloponeso y la isla de Creta, seg\u00fan el rastreador de la propia Flotilla, en el que consta un \u00abincidente\u00bb con \u00abdrones y barcos\u00a0militares sospechosos\u00bb.<\/p>\n<p>La Flotilla explic\u00f3 en sus redes que todo empez\u00f3 esta noche cuando\u00a0lanchas militares\u00a0\u00abidentific\u00e1ndose como israel\u00edes\u00bb, hostigaron a sus naves \u00abapuntando l\u00e1seres\u00a0y\u00a0armas semiautom\u00e1ticas\u00bb hacia la tripulaci\u00f3n de la\u00a0misi\u00f3n naval.<\/p>\n<p>\u00abLanchas militares\u00a0se acercaron a nuestros barcos, identific\u00e1ndose como israel\u00edes,\u00a0apuntando l\u00e1seres\u00a0y\u00a0armas semiautom\u00e1ticas\u00a0hacia nosotros y ordenando a los participantes que se dirigieran al frente de los botes y se pusieran de rodillas\u00bb, explic\u00f3 la Flotilla en su cuenta de X.<\/p>\n<p>La organizaci\u00f3n tambi\u00e9n denunci\u00f3 que las\u00a0comunicaciones\u00a0de las\u00a0embarcaciones\u00a0estaban siendo\u00a0interceptadas.<\/p>\n<div id=\"dl_300x250_inread_3\"><\/div>\n<p>La Flotilla difundi\u00f3 en X un mensaje transmitido por radio desde las\u00a0embarcaciones\u00a0militares a las de la flotilla, donde se escucha a alguien identificarse como \u00abFDI\u00bb, las siglas de las\u00a0Fuerzas de Defensa de Israel.<\/p>\n<p>\u00abEst\u00e1n obligados a cambiar su rumbo\u00a0 Cualquier intento de alcanzar Gaza pone su seguridad en riesgo y no deja a las FDI\u00a0ninguna otra opci\u00f3n que tomar todas las medidas a nuestra disposici\u00f3n para hacer cumplir el\u00a0bloqueo naval legal\u00bb a la Franja, dice la retransmisi\u00f3n radiof\u00f3nica.<\/p>\n<p>El ministro de Exteriores de Italia,\u00a0Antonio Tajani, ha ordenado a la\u00a0Unidad de Crisis\u00a0de su ministerio que recabe informaci\u00f3n sobre estos hechos con las\u00a0autoridades israel\u00edes y griegas, seg\u00fan avanzan los medios locales.<\/p>\n","protected":false},"excerpt":{"rendered":"<p>La\u00a0Flotilla Global Sumud, compuesta por\u00a058 barcos, ha\u00a0denunciado\u00a0la madrugada de este jueves haber sido rodeada y\u00a0amenazada\u00a0por\u00a0naves militares israel\u00edes\u00a0en aguas internacionales, en &#8230;<\/p>\n","protected":false},"author":2,"featured_media":216236,"comment_status":"closed","ping_status":"closed","sticky":false,"template":"","format":"standard","meta":{"footnotes":""},"categories":[30],"tags":[],"class_list":["post-216233","post","type-post","status-publish","format-standard","has-post-thumbnail","hentry","category-internacional"],"yoast_head":"<!-- This site is optimized with the Yoast SEO plugin v24.8.1 - https:\/\/yoast.com\/wordpress\/plugins\/seo\/ -->\n<title>La Flotilla, rodeada por barcos israel\u00edes, dice haber perdido comunicaci\u00f3n con 11 naves - PotenciaRadiofonicaDominicana.com<\/title>\n<meta name=\"robots\" content=\"index, follow, max-snippet:-1, max-image-preview:large, max-video-preview:-1\" \/>\n<link rel=\"canonical\" href=\"https:\/\/potenciaradiofonicadominicana.com\/portal\/la-flotilla-rodeada-por-barcos-israelies-dice-haber-perdido-comunicacion-con-11-naves\/\" \/>\n<meta property=\"og:locale\" content=\"es_ES\" \/>\n<meta property=\"og:type\" content=\"article\" \/>\n<meta property=\"og:title\" content=\"La Flotilla, rodeada por barcos israel\u00edes, dice haber perdido comunicaci\u00f3n con 11 naves - PotenciaRadiofonicaDominicana.com\" \/>\n<meta property=\"og:description\" content=\"La\u00a0Flotilla Global Sumud, compuesta por\u00a058 barcos, ha\u00a0denunciado\u00a0la madrugada de este jueves haber sido rodeada y\u00a0amenazada\u00a0por\u00a0naves militares israel\u00edes\u00a0en aguas internacionales, en ...\" \/>\n<meta property=\"og:url\" content=\"https:\/\/potenciaradiofonicadominicana.com\/portal\/la-flotilla-rodeada-por-barcos-israelies-dice-haber-perdido-comunicacion-con-11-naves\/\" \/>\n<meta property=\"og:site_name\" content=\"PotenciaRadiofonicaDominicana.com\" \/>\n<meta property=\"article:publisher\" content=\"https:\/\/web.facebook.com\/PotenciaRadiofonicaD\" \/>\n<meta property=\"article:published_time\" content=\"2026-04-30T03:19:09+00:00\" \/>\n<meta property=\"og:image\" content=\"https:\/\/potenciaradiofonicadominicana.com\/portal\/wp-content\/uploads\/2026\/04\/flotilla-global-sumud-denuncia-amenazas-de-barcos-militares-israelies-4fd76617-focus-0-0-896-504.jpg\" \/>\n\t<meta property=\"og:image:width\" content=\"896\" \/>\n\t<meta property=\"og:image:height\" content=\"504\" \/>\n\t<meta property=\"og:image:type\" content=\"image\/jpeg\" \/>\n<meta name=\"author\" content=\"Potencia Radiof\u00f3nica Dominicana\" \/>\n<meta name=\"twitter:card\" content=\"summary_large_image\" \/>\n<meta name=\"twitter:label1\" content=\"Escrito por\" \/>\n\t<meta name=\"twitter:data1\" content=\"Potencia Radiof\u00f3nica Dominicana\" \/>\n\t<meta name=\"twitter:label2\" content=\"Tiempo de lectura\" \/>\n\t<meta name=\"twitter:data2\" content=\"3 minutos\" \/>\n<script type=\"application\/ld+json\" class=\"yoast-schema-graph\">{\"@context\":\"https:\/\/schema.org\",\"@graph\":[{\"@type\":\"Article\",\"@id\":\"https:\/\/potenciaradiofonicadominicana.com\/portal\/la-flotilla-rodeada-por-barcos-israelies-dice-haber-perdido-comunicacion-con-11-naves\/#article\",\"isPartOf\":{\"@id\":\"https:\/\/potenciaradiofonicadominicana.com\/portal\/la-flotilla-rodeada-por-barcos-israelies-dice-haber-perdido-comunicacion-con-11-naves\/\"},\"author\":{\"name\":\"Potencia Radiof\u00f3nica Dominicana\",\"@id\":\"https:\/\/potenciaradiofonicadominicana.com\/portal\/#\/schema\/person\/a5cf1fea13877803ee0573ac18b03490\"},\"headline\":\"La Flotilla, rodeada por barcos israel\u00edes, dice haber perdido comunicaci\u00f3n con 11 naves\",\"datePublished\":\"2026-04-30T03:19:09+00:00\",\"mainEntityOfPage\":{\"@id\":\"https:\/\/potenciaradiofonicadominicana.com\/portal\/la-flotilla-rodeada-por-barcos-israelies-dice-haber-perdido-comunicacion-con-11-naves\/\"},\"wordCount\":448,\"publisher\":{\"@id\":\"https:\/\/potenciaradiofonicadominicana.com\/portal\/#organization\"},\"image\":{\"@id\":\"https:\/\/potenciaradiofonicadominicana.com\/portal\/la-flotilla-rodeada-por-barcos-israelies-dice-haber-perdido-comunicacion-con-11-naves\/#primaryimage\"},\"thumbnailUrl\":\"https:\/\/potenciaradiofonicadominicana.com\/portal\/wp-content\/uploads\/2026\/04\/flotilla-global-sumud-denuncia-amenazas-de-barcos-militares-israelies-4fd76617-focus-0-0-896-504.jpg\",\"articleSection\":[\"Internacional\"],\"inLanguage\":\"es\"},{\"@type\":\"WebPage\",\"@id\":\"https:\/\/potenciaradiofonicadominicana.com\/portal\/la-flotilla-rodeada-por-barcos-israelies-dice-haber-perdido-comunicacion-con-11-naves\/\",\"url\":\"https:\/\/potenciaradiofonicadominicana.com\/portal\/la-flotilla-rodeada-por-barcos-israelies-dice-haber-perdido-comunicacion-con-11-naves\/\",\"name\":\"La Flotilla, rodeada por barcos israel\u00edes, dice haber perdido comunicaci\u00f3n con 11 naves - PotenciaRadiofonicaDominicana.com\",\"isPartOf\":{\"@id\":\"https:\/\/potenciaradiofonicadominicana.com\/portal\/#website\"},\"primaryImageOfPage\":{\"@id\":\"https:\/\/potenciaradiofonicadominicana.com\/portal\/la-flotilla-rodeada-por-barcos-israelies-dice-haber-perdido-comunicacion-con-11-naves\/#primaryimage\"},\"image\":{\"@id\":\"https:\/\/potenciaradiofonicadominicana.com\/portal\/la-flotilla-rodeada-por-barcos-israelies-dice-haber-perdido-comunicacion-con-11-naves\/#primaryimage\"},\"thumbnailUrl\":\"https:\/\/potenciaradiofonicadominicana.com\/portal\/wp-content\/uploads\/2026\/04\/flotilla-global-sumud-denuncia-amenazas-de-barcos-militares-israelies-4fd76617-focus-0-0-896-504.jpg\",\"datePublished\":\"2026-04-30T03:19:09+00:00\",\"breadcrumb\":{\"@id\":\"https:\/\/potenciaradiofonicadominicana.com\/portal\/la-flotilla-rodeada-por-barcos-israelies-dice-haber-perdido-comunicacion-con-11-naves\/#breadcrumb\"},\"inLanguage\":\"es\",\"potentialAction\":[{\"@type\":\"ReadAction\",\"target\":[\"https:\/\/potenciaradiofonicadominicana.com\/portal\/la-flotilla-rodeada-por-barcos-israelies-dice-haber-perdido-comunicacion-con-11-naves\/\"]}]},{\"@type\":\"ImageObject\",\"inLanguage\":\"es\",\"@id\":\"https:\/\/potenciaradiofonicadominicana.com\/portal\/la-flotilla-rodeada-por-barcos-israelies-dice-haber-perdido-comunicacion-con-11-naves\/#primaryimage\",\"url\":\"https:\/\/potenciaradiofonicadominicana.com\/portal\/wp-content\/uploads\/2026\/04\/flotilla-global-sumud-denuncia-amenazas-de-barcos-militares-israelies-4fd76617-focus-0-0-896-504.jpg\",\"contentUrl\":\"https:\/\/potenciaradiofonicadominicana.com\/portal\/wp-content\/uploads\/2026\/04\/flotilla-global-sumud-denuncia-amenazas-de-barcos-militares-israelies-4fd76617-focus-0-0-896-504.jpg\",\"width\":896,\"height\":504},{\"@type\":\"BreadcrumbList\",\"@id\":\"https:\/\/potenciaradiofonicadominicana.com\/portal\/la-flotilla-rodeada-por-barcos-israelies-dice-haber-perdido-comunicacion-con-11-naves\/#breadcrumb\",\"itemListElement\":[{\"@type\":\"ListItem\",\"position\":1,\"name\":\"Portada\",\"item\":\"https:\/\/potenciaradiofonicadominicana.com\/portal\/\"},{\"@type\":\"ListItem\",\"position\":2,\"name\":\"La Flotilla, rodeada por barcos israel\u00edes, dice haber perdido comunicaci\u00f3n con 11 naves\"}]},{\"@type\":\"WebSite\",\"@id\":\"https:\/\/potenciaradiofonicadominicana.com\/portal\/#website\",\"url\":\"https:\/\/potenciaradiofonicadominicana.com\/portal\/\",\"name\":\"PotenciaRadiofonicaDominicana.com\",\"description\":\"Peri\u00f3dico Digital\",\"publisher\":{\"@id\":\"https:\/\/potenciaradiofonicadominicana.com\/portal\/#organization\"},\"potentialAction\":[{\"@type\":\"SearchAction\",\"target\":{\"@type\":\"EntryPoint\",\"urlTemplate\":\"https:\/\/potenciaradiofonicadominicana.com\/portal\/?s={search_term_string}\"},\"query-input\":{\"@type\":\"PropertyValueSpecification\",\"valueRequired\":true,\"valueName\":\"search_term_string\"}}],\"inLanguage\":\"es\"},{\"@type\":\"Organization\",\"@id\":\"https:\/\/potenciaradiofonicadominicana.com\/portal\/#organization\",\"name\":\"PotenciaRadiofonicaDominicana.com\",\"url\":\"https:\/\/potenciaradiofonicadominicana.com\/portal\/\",\"logo\":{\"@type\":\"ImageObject\",\"inLanguage\":\"es\",\"@id\":\"https:\/\/potenciaradiofonicadominicana.com\/portal\/#\/schema\/logo\/image\/\",\"url\":\"https:\/\/potenciaradiofonicadominicana.com\/portal\/wp-content\/uploads\/2022\/01\/descarga.png\",\"contentUrl\":\"https:\/\/potenciaradiofonicadominicana.com\/portal\/wp-content\/uploads\/2022\/01\/descarga.png\",\"width\":300,\"height\":100,\"caption\":\"PotenciaRadiofonicaDominicana.com\"},\"image\":{\"@id\":\"https:\/\/potenciaradiofonicadominicana.com\/portal\/#\/schema\/logo\/image\/\"},\"sameAs\":[\"https:\/\/web.facebook.com\/PotenciaRadiofonicaD\"]},{\"@type\":\"Person\",\"@id\":\"https:\/\/potenciaradiofonicadominicana.com\/portal\/#\/schema\/person\/a5cf1fea13877803ee0573ac18b03490\",\"name\":\"Potencia Radiof\u00f3nica Dominicana\",\"image\":{\"@type\":\"ImageObject\",\"inLanguage\":\"es\",\"@id\":\"https:\/\/potenciaradiofonicadominicana.com\/portal\/#\/schema\/person\/image\/\",\"url\":\"https:\/\/secure.gravatar.com\/avatar\/42a55ab9e8ccc656ba34cd791990602a?s=96&d=mm&r=g\",\"contentUrl\":\"https:\/\/secure.gravatar.com\/avatar\/42a55ab9e8ccc656ba34cd791990602a?s=96&d=mm&r=g\",\"caption\":\"Potencia Radiof\u00f3nica Dominicana\"},\"url\":\"https:\/\/potenciaradiofonicadominicana.com\/portal\/author\/johannyalmanzar\/\"}]}<\/script>\n<!-- \/ Yoast SEO plugin. -->","yoast_head_json":{"title":"La Flotilla, rodeada por barcos israel\u00edes, dice haber perdido comunicaci\u00f3n con 11 naves - PotenciaRadiofonicaDominicana.com","robots":{"index":"index","follow":"follow","max-snippet":"max-snippet:-1","max-image-preview":"max-image-preview:large","max-video-preview":"max-video-preview:-1"},"canonical":"https:\/\/potenciaradiofonicadominicana.com\/portal\/la-flotilla-rodeada-por-barcos-israelies-dice-haber-perdido-comunicacion-con-11-naves\/","og_locale":"es_ES","og_type":"article","og_title":"La Flotilla, rodeada por barcos israel\u00edes, dice haber perdido comunicaci\u00f3n con 11 naves - PotenciaRadiofonicaDominicana.com","og_description":"La\u00a0Flotilla Global Sumud, compuesta por\u00a058 barcos, ha\u00a0denunciado\u00a0la madrugada de este jueves haber sido rodeada y\u00a0amenazada\u00a0por\u00a0naves militares israel\u00edes\u00a0en aguas internacionales, en ...","og_url":"https:\/\/potenciaradiofonicadominicana.com\/portal\/la-flotilla-rodeada-por-barcos-israelies-dice-haber-perdido-comunicacion-con-11-naves\/","og_site_name":"PotenciaRadiofonicaDominicana.com","article_publisher":"https:\/\/web.facebook.com\/PotenciaRadiofonicaD","article_published_time":"2026-04-30T03:19:09+00:00","og_image":[{"width":896,"height":504,"url":"https:\/\/potenciaradiofonicadominicana.com\/portal\/wp-content\/uploads\/2026\/04\/flotilla-global-sumud-denuncia-amenazas-de-barcos-militares-israelies-4fd76617-focus-0-0-896-504.jpg","type":"image\/jpeg"}],"author":"Potencia Radiof\u00f3nica Dominicana","twitter_card":"summary_large_image","twitter_misc":{"Escrito por":"Potencia Radiof\u00f3nica Dominicana","Tiempo de lectura":"3 minutos"},"schema":{"@context":"https:\/\/schema.org","@graph":[{"@type":"Article","@id":"https:\/\/potenciaradiofonicadominicana.com\/portal\/la-flotilla-rodeada-por-barcos-israelies-dice-haber-perdido-comunicacion-con-11-naves\/#article","isPartOf":{"@id":"https:\/\/potenciaradiofonicadominicana.com\/portal\/la-flotilla-rodeada-por-barcos-israelies-dice-haber-perdido-comunicacion-con-11-naves\/"},"author":{"name":"Potencia Radiof\u00f3nica Dominicana","@id":"https:\/\/potenciaradiofonicadominicana.com\/portal\/#\/schema\/person\/a5cf1fea13877803ee0573ac18b03490"},"headline":"La Flotilla, rodeada por barcos israel\u00edes, dice haber perdido comunicaci\u00f3n con 11 naves","datePublished":"2026-04-30T03:19:09+00:00","mainEntityOfPage":{"@id":"https:\/\/potenciaradiofonicadominicana.com\/portal\/la-flotilla-rodeada-por-barcos-israelies-dice-haber-perdido-comunicacion-con-11-naves\/"},"wordCount":448,"publisher":{"@id":"https:\/\/potenciaradiofonicadominicana.com\/portal\/#organization"},"image":{"@id":"https:\/\/potenciaradiofonicadominicana.com\/portal\/la-flotilla-rodeada-por-barcos-israelies-dice-haber-perdido-comunicacion-con-11-naves\/#primaryimage"},"thumbnailUrl":"https:\/\/potenciaradiofonicadominicana.com\/portal\/wp-content\/uploads\/2026\/04\/flotilla-global-sumud-denuncia-amenazas-de-barcos-militares-israelies-4fd76617-focus-0-0-896-504.jpg","articleSection":["Internacional"],"inLanguage":"es"},{"@type":"WebPage","@id":"https:\/\/potenciaradiofonicadominicana.com\/portal\/la-flotilla-rodeada-por-barcos-israelies-dice-haber-perdido-comunicacion-con-11-naves\/","url":"https:\/\/potenciaradiofonicadominicana.com\/portal\/la-flotilla-rodeada-por-barcos-israelies-dice-haber-perdido-comunicacion-con-11-naves\/","name":"La Flotilla, rodeada por barcos israel\u00edes, dice haber perdido comunicaci\u00f3n con 11 naves - PotenciaRadiofonicaDominicana.com","isPartOf":{"@id":"https:\/\/potenciaradiofonicadominicana.com\/portal\/#website"},"primaryImageOfPage":{"@id":"https:\/\/potenciaradiofonicadominicana.com\/portal\/la-flotilla-rodeada-por-barcos-israelies-dice-haber-perdido-comunicacion-con-11-naves\/#primaryimage"},"image":{"@id":"https:\/\/potenciaradiofonicadominicana.com\/portal\/la-flotilla-rodeada-por-barcos-israelies-dice-haber-perdido-comunicacion-con-11-naves\/#primaryimage"},"thumbnailUrl":"https:\/\/potenciaradiofonicadominicana.com\/portal\/wp-content\/uploads\/2026\/04\/flotilla-global-sumud-denuncia-amenazas-de-barcos-militares-israelies-4fd76617-focus-0-0-896-504.jpg","datePublished":"2026-04-30T03:19:09+00:00","breadcrumb":{"@id":"https:\/\/potenciaradiofonicadominicana.com\/portal\/la-flotilla-rodeada-por-barcos-israelies-dice-haber-perdido-comunicacion-con-11-naves\/#breadcrumb"},"inLanguage":"es","potentialAction":[{"@type":"ReadAction","target":["https:\/\/potenciaradiofonicadominicana.com\/portal\/la-flotilla-rodeada-por-barcos-israelies-dice-haber-perdido-comunicacion-con-11-naves\/"]}]},{"@type":"ImageObject","inLanguage":"es","@id":"https:\/\/potenciaradiofonicadominicana.com\/portal\/la-flotilla-rodeada-por-barcos-israelies-dice-haber-perdido-comunicacion-con-11-naves\/#primaryimage","url":"https:\/\/potenciaradiofonicadominicana.com\/portal\/wp-content\/uploads\/2026\/04\/flotilla-global-sumud-denuncia-amenazas-de-barcos-militares-israelies-4fd76617-focus-0-0-896-504.jpg","contentUrl":"https:\/\/potenciaradiofonicadominicana.com\/portal\/wp-content\/uploads\/2026\/04\/flotilla-global-sumud-denuncia-amenazas-de-barcos-militares-israelies-4fd76617-focus-0-0-896-504.jpg","width":896,"height":504},{"@type":"BreadcrumbList","@id":"https:\/\/potenciaradiofonicadominicana.com\/portal\/la-flotilla-rodeada-por-barcos-israelies-dice-haber-perdido-comunicacion-con-11-naves\/#breadcrumb","itemListElement":[{"@type":"ListItem","position":1,"name":"Portada","item":"https:\/\/potenciaradiofonicadominicana.com\/portal\/"},{"@type":"ListItem","position":2,"name":"La Flotilla, rodeada por barcos israel\u00edes, dice haber perdido comunicaci\u00f3n con 11 naves"}]},{"@type":"WebSite","@id":"https:\/\/potenciaradiofonicadominicana.com\/portal\/#website","url":"https:\/\/potenciaradiofonicadominicana.com\/portal\/","name":"PotenciaRadiofonicaDominicana.com","description":"Peri\u00f3dico Digital","publisher":{"@id":"https:\/\/potenciaradiofonicadominicana.com\/portal\/#organization"},"potentialAction":[{"@type":"SearchAction","target":{"@type":"EntryPoint","urlTemplate":"https:\/\/potenciaradiofonicadominicana.com\/portal\/?s={search_term_string}"},"query-input":{"@type":"PropertyValueSpecification","valueRequired":true,"valueName":"search_term_string"}}],"inLanguage":"es"},{"@type":"Organization","@id":"https:\/\/potenciaradiofonicadominicana.com\/portal\/#organization","name":"PotenciaRadiofonicaDominicana.com","url":"https:\/\/potenciaradiofonicadominicana.com\/portal\/","logo":{"@type":"ImageObject","inLanguage":"es","@id":"https:\/\/potenciaradiofonicadominicana.com\/portal\/#\/schema\/logo\/image\/","url":"https:\/\/potenciaradiofonicadominicana.com\/portal\/wp-content\/uploads\/2022\/01\/descarga.png","contentUrl":"https:\/\/potenciaradiofonicadominicana.com\/portal\/wp-content\/uploads\/2022\/01\/descarga.png","width":300,"height":100,"caption":"PotenciaRadiofonicaDominicana.com"},"image":{"@id":"https:\/\/potenciaradiofonicadominicana.com\/portal\/#\/schema\/logo\/image\/"},"sameAs":["https:\/\/web.facebook.com\/PotenciaRadiofonicaD"]},{"@type":"Person","@id":"https:\/\/potenciaradiofonicadominicana.com\/portal\/#\/schema\/person\/a5cf1fea13877803ee0573ac18b03490","name":"Potencia Radiof\u00f3nica Dominicana","image":{"@type":"ImageObject","inLanguage":"es","@id":"https:\/\/potenciaradiofonicadominicana.com\/portal\/#\/schema\/person\/image\/","url":"https:\/\/secure.gravatar.com\/avatar\/42a55ab9e8ccc656ba34cd791990602a?s=96&d=mm&r=g","contentUrl":"https:\/\/secure.gravatar.com\/avatar\/42a55ab9e8ccc656ba34cd791990602a?s=96&d=mm&r=g","caption":"Potencia Radiof\u00f3nica Dominicana"},"url":"https:\/\/potenciaradiofonicadominicana.com\/portal\/author\/johannyalmanzar\/"}]}},"_links":{"self":[{"href":"https:\/\/potenciaradiofonicadominicana.com\/portal\/wp-json\/wp\/v2\/posts\/216233","targetHints":{"allow":["GET"]}}],"collection":[{"href":"https:\/\/potenciaradiofonicadominicana.com\/portal\/wp-json\/wp\/v2\/posts"}],"about":[{"href":"https:\/\/potenciaradiofonicadominicana.com\/portal\/wp-json\/wp\/v2\/types\/post"}],"author":[{"embeddable":true,"href":"https:\/\/potenciaradiofonicadominicana.com\/portal\/wp-json\/wp\/v2\/users\/2"}],"replies":[{"embeddable":true,"href":"https:\/\/potenciaradiofonicadominicana.com\/portal\/wp-json\/wp\/v2\/comments?post=216233"}],"version-history":[{"count":1,"href":"https:\/\/potenciaradiofonicadominicana.com\/portal\/wp-json\/wp\/v2\/posts\/216233\/revisions"}],"predecessor-version":[{"id":216239,"href":"https:\/\/potenciaradiofonicadominicana.com\/portal\/wp-json\/wp\/v2\/posts\/216233\/revisions\/216239"}],"wp:featuredmedia":[{"embeddable":true,"href":"https:\/\/potenciaradiofonicadominicana.com\/portal\/wp-json\/wp\/v2\/media\/216236"}],"wp:attachment":[{"href":"https:\/\/potenciaradiofonicadominicana.com\/portal\/wp-json\/wp\/v2\/media?parent=216233"}],"wp:term":[{"taxonomy":"category","embeddable":true,"href":"https:\/\/potenciaradiofonicadominicana.com\/portal\/wp-json\/wp\/v2\/categories?post=216233"},{"taxonomy":"post_tag","embeddable":true,"href":"https:\/\/potenciaradiofonicadominicana.com\/portal\/wp-json\/wp\/v2\/tags?post=216233"}],"curies":[{"name":"wp","href":"https:\/\/api.w.org\/{rel}","templated":true}]}}