{"id":216227,"date":"2026-04-29T23:16:00","date_gmt":"2026-04-30T03:16:00","guid":{"rendered":"https:\/\/potenciaradiofonicadominicana.com\/portal\/?p=216227"},"modified":"2026-04-29T23:16:00","modified_gmt":"2026-04-30T03:16:00","slug":"trump-analiza-posible-reduccion-de-tropas-estadounidenses-en-alemania","status":"publish","type":"post","link":"https:\/\/potenciaradiofonicadominicana.com\/portal\/trump-analiza-posible-reduccion-de-tropas-estadounidenses-en-alemania\/","title":{"rendered":"Trump analiza posible reducci\u00f3n de tropas estadounidenses en Alemania"},"content":{"rendered":"<p><a href=\"https:\/\/potenciaradiofonicadominicana.com\/portal\/wp-content\/uploads\/2026\/04\/trump-estudia-reduccion-de-tropas-en-alemania-6d0b61f5-focus-0-0-896-504.jpg\"><img loading=\"lazy\" decoding=\"async\" class=\"alignnone size-full wp-image-216229\" src=\"https:\/\/potenciaradiofonicadominicana.com\/portal\/wp-content\/uploads\/2026\/04\/trump-estudia-reduccion-de-tropas-en-alemania-6d0b61f5-focus-0-0-896-504.jpg\" alt=\"\" width=\"896\" height=\"504\" srcset=\"https:\/\/potenciaradiofonicadominicana.com\/portal\/wp-content\/uploads\/2026\/04\/trump-estudia-reduccion-de-tropas-en-alemania-6d0b61f5-focus-0-0-896-504.jpg 896w, https:\/\/potenciaradiofonicadominicana.com\/portal\/wp-content\/uploads\/2026\/04\/trump-estudia-reduccion-de-tropas-en-alemania-6d0b61f5-focus-0-0-896-504-300x169.jpg 300w, https:\/\/potenciaradiofonicadominicana.com\/portal\/wp-content\/uploads\/2026\/04\/trump-estudia-reduccion-de-tropas-en-alemania-6d0b61f5-focus-0-0-896-504-768x432.jpg 768w\" sizes=\"auto, (max-width: 896px) 100vw, 896px\" \/><\/a><\/p>\n<p>El presidente de\u00a0Estados Unidos,\u00a0Donald Trump, dijo este mi\u00e9rcoles en redes sociales que est\u00e1 estudiando la\u00a0posible reducci\u00f3n\u00a0de tropas de su pa\u00eds en\u00a0Alemania, un mensaje que llega despu\u00e9s de que el canciller alem\u00e1n,\u00a0Friedrich Merz, asegurara que Ir\u00e1n ha \u00abhumillado\u00bb a su Administraci\u00f3n durante las negociaciones para poner fin a la guerra.<\/p>\n<p>\u00abEstados Unidos\u00a0est\u00e1 estudiando y analizando la\u00a0posible reducci\u00f3n\u00a0de\u00a0tropas en Alemania\u00bb, indic\u00f3\u00a0Trump\u00a0en su cuenta oficial de Truth Social.<\/p>\n<p>El mandatario agreg\u00f3 que la\u00a0decisi\u00f3n\u00a0podr\u00eda ser\u00a0anunciada\u00a0en los\u00a0pr\u00f3ximos d\u00edas.<\/p>\n<p>Estados Unidos\u00a0mantiene aproximadamente\u00a040,000 soldados\u00a0en\u00a0Alemania, lo que la convierte en el pa\u00eds europeo con mayor\u00a0presencia militar estadounidense.<\/p>\n<p>Estas fuerzas est\u00e1n distribuidas en varias bases clave como Ramstein y\u00a0Stuttgart, que sirven como\u00a0centros de mando, log\u00edstica y operaciones.<\/p>\n<p>Seg\u00fan el Ej\u00e9rcito de EE. UU. en Europa y \u00c1frica (USAREUR-AF), este despliegue sostiene la capacidad de \u00abdisuasi\u00f3n\u00a0y\u00a0respuesta r\u00e1pida\u00bb de la OTAN.<\/p>\n<p>Disgusto de Trump\u00a0por\u00a0cr\u00edticas\u00a0de Merz<\/p>\n<p>El canciller alem\u00e1n,\u00a0Friedrich Merz, critic\u00f3 el lunes la\u00a0estrategia de Washington en el conflicto con Ir\u00e1n y asegur\u00f3 que la Administraci\u00f3n estadounidense ha sido \u00abhumillada\u00bb durante las negociaciones para poner fin a la guerra.<\/p>\n<p>Merz sostuvo adem\u00e1s que\u00a0Estados Unidos\u00a0carece de una estrategia coherente de salida y advirti\u00f3 de que\u00a0Teher\u00e1n\u00a0ha sabido aprovechar las debilidades diplom\u00e1ticas occidentales en el proceso.<\/p>\n<p>En respuesta a esas declaraciones,\u00a0Trump\u00a0rechaz\u00f3 las\u00a0cr\u00edticas\u00a0y acus\u00f3 al l\u00edder alem\u00e1n de \u00absubestimar\u00bb la presi\u00f3n militar y diplom\u00e1tica de Washington sobre Ir\u00e1n.<\/p>\n<p>Trump\u00a0insisti\u00f3 en que su Gobierno mantiene una\u00a0postura firme\u00a0frente a\u00a0Teher\u00e1n\u00a0y defendi\u00f3 que cualquier cuestionamiento europeo ignora los avances logrados en materia de seguridad y contenci\u00f3n del programa nuclear iran\u00ed.<\/p>\n","protected":false},"excerpt":{"rendered":"<p>El presidente de\u00a0Estados Unidos,\u00a0Donald Trump, dijo este mi\u00e9rcoles en redes sociales que est\u00e1 estudiando la\u00a0posible reducci\u00f3n\u00a0de tropas de su pa\u00eds &#8230;<\/p>\n","protected":false},"author":2,"featured_media":216229,"comment_status":"closed","ping_status":"closed","sticky":false,"template":"","format":"standard","meta":{"footnotes":""},"categories":[30],"tags":[],"class_list":["post-216227","post","type-post","status-publish","format-standard","has-post-thumbnail","hentry","category-internacional"],"yoast_head":"<!-- This site is optimized with the Yoast SEO plugin v24.8.1 - https:\/\/yoast.com\/wordpress\/plugins\/seo\/ -->\n<title>Trump analiza posible reducci\u00f3n de tropas estadounidenses en Alemania - PotenciaRadiofonicaDominicana.com<\/title>\n<meta name=\"robots\" content=\"index, follow, max-snippet:-1, max-image-preview:large, max-video-preview:-1\" \/>\n<link rel=\"canonical\" href=\"https:\/\/potenciaradiofonicadominicana.com\/portal\/trump-analiza-posible-reduccion-de-tropas-estadounidenses-en-alemania\/\" \/>\n<meta property=\"og:locale\" content=\"es_ES\" \/>\n<meta property=\"og:type\" content=\"article\" \/>\n<meta property=\"og:title\" content=\"Trump analiza posible reducci\u00f3n de tropas estadounidenses en Alemania - PotenciaRadiofonicaDominicana.com\" \/>\n<meta property=\"og:description\" content=\"El presidente de\u00a0Estados Unidos,\u00a0Donald Trump, dijo este mi\u00e9rcoles en redes sociales que est\u00e1 estudiando la\u00a0posible reducci\u00f3n\u00a0de tropas de su pa\u00eds ...\" \/>\n<meta property=\"og:url\" content=\"https:\/\/potenciaradiofonicadominicana.com\/portal\/trump-analiza-posible-reduccion-de-tropas-estadounidenses-en-alemania\/\" \/>\n<meta property=\"og:site_name\" content=\"PotenciaRadiofonicaDominicana.com\" \/>\n<meta property=\"article:publisher\" content=\"https:\/\/web.facebook.com\/PotenciaRadiofonicaD\" \/>\n<meta property=\"article:published_time\" content=\"2026-04-30T03:16:00+00:00\" \/>\n<meta property=\"og:image\" content=\"https:\/\/potenciaradiofonicadominicana.com\/portal\/wp-content\/uploads\/2026\/04\/trump-estudia-reduccion-de-tropas-en-alemania-6d0b61f5-focus-0-0-896-504.jpg\" \/>\n\t<meta property=\"og:image:width\" content=\"896\" \/>\n\t<meta property=\"og:image:height\" content=\"504\" \/>\n\t<meta property=\"og:image:type\" content=\"image\/jpeg\" \/>\n<meta name=\"author\" content=\"Potencia Radiof\u00f3nica Dominicana\" \/>\n<meta name=\"twitter:card\" content=\"summary_large_image\" \/>\n<meta name=\"twitter:label1\" content=\"Escrito por\" \/>\n\t<meta name=\"twitter:data1\" content=\"Potencia Radiof\u00f3nica Dominicana\" \/>\n\t<meta name=\"twitter:label2\" content=\"Tiempo de lectura\" \/>\n\t<meta name=\"twitter:data2\" content=\"2 minutos\" \/>\n<script type=\"application\/ld+json\" class=\"yoast-schema-graph\">{\"@context\":\"https:\/\/schema.org\",\"@graph\":[{\"@type\":\"Article\",\"@id\":\"https:\/\/potenciaradiofonicadominicana.com\/portal\/trump-analiza-posible-reduccion-de-tropas-estadounidenses-en-alemania\/#article\",\"isPartOf\":{\"@id\":\"https:\/\/potenciaradiofonicadominicana.com\/portal\/trump-analiza-posible-reduccion-de-tropas-estadounidenses-en-alemania\/\"},\"author\":{\"name\":\"Potencia Radiof\u00f3nica Dominicana\",\"@id\":\"https:\/\/potenciaradiofonicadominicana.com\/portal\/#\/schema\/person\/a5cf1fea13877803ee0573ac18b03490\"},\"headline\":\"Trump analiza posible reducci\u00f3n de tropas estadounidenses en Alemania\",\"datePublished\":\"2026-04-30T03:16:00+00:00\",\"mainEntityOfPage\":{\"@id\":\"https:\/\/potenciaradiofonicadominicana.com\/portal\/trump-analiza-posible-reduccion-de-tropas-estadounidenses-en-alemania\/\"},\"wordCount\":327,\"publisher\":{\"@id\":\"https:\/\/potenciaradiofonicadominicana.com\/portal\/#organization\"},\"image\":{\"@id\":\"https:\/\/potenciaradiofonicadominicana.com\/portal\/trump-analiza-posible-reduccion-de-tropas-estadounidenses-en-alemania\/#primaryimage\"},\"thumbnailUrl\":\"https:\/\/potenciaradiofonicadominicana.com\/portal\/wp-content\/uploads\/2026\/04\/trump-estudia-reduccion-de-tropas-en-alemania-6d0b61f5-focus-0-0-896-504.jpg\",\"articleSection\":[\"Internacional\"],\"inLanguage\":\"es\"},{\"@type\":\"WebPage\",\"@id\":\"https:\/\/potenciaradiofonicadominicana.com\/portal\/trump-analiza-posible-reduccion-de-tropas-estadounidenses-en-alemania\/\",\"url\":\"https:\/\/potenciaradiofonicadominicana.com\/portal\/trump-analiza-posible-reduccion-de-tropas-estadounidenses-en-alemania\/\",\"name\":\"Trump analiza posible reducci\u00f3n de tropas estadounidenses en Alemania - PotenciaRadiofonicaDominicana.com\",\"isPartOf\":{\"@id\":\"https:\/\/potenciaradiofonicadominicana.com\/portal\/#website\"},\"primaryImageOfPage\":{\"@id\":\"https:\/\/potenciaradiofonicadominicana.com\/portal\/trump-analiza-posible-reduccion-de-tropas-estadounidenses-en-alemania\/#primaryimage\"},\"image\":{\"@id\":\"https:\/\/potenciaradiofonicadominicana.com\/portal\/trump-analiza-posible-reduccion-de-tropas-estadounidenses-en-alemania\/#primaryimage\"},\"thumbnailUrl\":\"https:\/\/potenciaradiofonicadominicana.com\/portal\/wp-content\/uploads\/2026\/04\/trump-estudia-reduccion-de-tropas-en-alemania-6d0b61f5-focus-0-0-896-504.jpg\",\"datePublished\":\"2026-04-30T03:16:00+00:00\",\"breadcrumb\":{\"@id\":\"https:\/\/potenciaradiofonicadominicana.com\/portal\/trump-analiza-posible-reduccion-de-tropas-estadounidenses-en-alemania\/#breadcrumb\"},\"inLanguage\":\"es\",\"potentialAction\":[{\"@type\":\"ReadAction\",\"target\":[\"https:\/\/potenciaradiofonicadominicana.com\/portal\/trump-analiza-posible-reduccion-de-tropas-estadounidenses-en-alemania\/\"]}]},{\"@type\":\"ImageObject\",\"inLanguage\":\"es\",\"@id\":\"https:\/\/potenciaradiofonicadominicana.com\/portal\/trump-analiza-posible-reduccion-de-tropas-estadounidenses-en-alemania\/#primaryimage\",\"url\":\"https:\/\/potenciaradiofonicadominicana.com\/portal\/wp-content\/uploads\/2026\/04\/trump-estudia-reduccion-de-tropas-en-alemania-6d0b61f5-focus-0-0-896-504.jpg\",\"contentUrl\":\"https:\/\/potenciaradiofonicadominicana.com\/portal\/wp-content\/uploads\/2026\/04\/trump-estudia-reduccion-de-tropas-en-alemania-6d0b61f5-focus-0-0-896-504.jpg\",\"width\":896,\"height\":504},{\"@type\":\"BreadcrumbList\",\"@id\":\"https:\/\/potenciaradiofonicadominicana.com\/portal\/trump-analiza-posible-reduccion-de-tropas-estadounidenses-en-alemania\/#breadcrumb\",\"itemListElement\":[{\"@type\":\"ListItem\",\"position\":1,\"name\":\"Portada\",\"item\":\"https:\/\/potenciaradiofonicadominicana.com\/portal\/\"},{\"@type\":\"ListItem\",\"position\":2,\"name\":\"Trump analiza posible reducci\u00f3n de tropas estadounidenses en Alemania\"}]},{\"@type\":\"WebSite\",\"@id\":\"https:\/\/potenciaradiofonicadominicana.com\/portal\/#website\",\"url\":\"https:\/\/potenciaradiofonicadominicana.com\/portal\/\",\"name\":\"PotenciaRadiofonicaDominicana.com\",\"description\":\"Peri\u00f3dico Digital\",\"publisher\":{\"@id\":\"https:\/\/potenciaradiofonicadominicana.com\/portal\/#organization\"},\"potentialAction\":[{\"@type\":\"SearchAction\",\"target\":{\"@type\":\"EntryPoint\",\"urlTemplate\":\"https:\/\/potenciaradiofonicadominicana.com\/portal\/?s={search_term_string}\"},\"query-input\":{\"@type\":\"PropertyValueSpecification\",\"valueRequired\":true,\"valueName\":\"search_term_string\"}}],\"inLanguage\":\"es\"},{\"@type\":\"Organization\",\"@id\":\"https:\/\/potenciaradiofonicadominicana.com\/portal\/#organization\",\"name\":\"PotenciaRadiofonicaDominicana.com\",\"url\":\"https:\/\/potenciaradiofonicadominicana.com\/portal\/\",\"logo\":{\"@type\":\"ImageObject\",\"inLanguage\":\"es\",\"@id\":\"https:\/\/potenciaradiofonicadominicana.com\/portal\/#\/schema\/logo\/image\/\",\"url\":\"https:\/\/potenciaradiofonicadominicana.com\/portal\/wp-content\/uploads\/2022\/01\/descarga.png\",\"contentUrl\":\"https:\/\/potenciaradiofonicadominicana.com\/portal\/wp-content\/uploads\/2022\/01\/descarga.png\",\"width\":300,\"height\":100,\"caption\":\"PotenciaRadiofonicaDominicana.com\"},\"image\":{\"@id\":\"https:\/\/potenciaradiofonicadominicana.com\/portal\/#\/schema\/logo\/image\/\"},\"sameAs\":[\"https:\/\/web.facebook.com\/PotenciaRadiofonicaD\"]},{\"@type\":\"Person\",\"@id\":\"https:\/\/potenciaradiofonicadominicana.com\/portal\/#\/schema\/person\/a5cf1fea13877803ee0573ac18b03490\",\"name\":\"Potencia Radiof\u00f3nica Dominicana\",\"image\":{\"@type\":\"ImageObject\",\"inLanguage\":\"es\",\"@id\":\"https:\/\/potenciaradiofonicadominicana.com\/portal\/#\/schema\/person\/image\/\",\"url\":\"https:\/\/secure.gravatar.com\/avatar\/42a55ab9e8ccc656ba34cd791990602a?s=96&d=mm&r=g\",\"contentUrl\":\"https:\/\/secure.gravatar.com\/avatar\/42a55ab9e8ccc656ba34cd791990602a?s=96&d=mm&r=g\",\"caption\":\"Potencia Radiof\u00f3nica Dominicana\"},\"url\":\"https:\/\/potenciaradiofonicadominicana.com\/portal\/author\/johannyalmanzar\/\"}]}<\/script>\n<!-- \/ Yoast SEO plugin. -->","yoast_head_json":{"title":"Trump analiza posible reducci\u00f3n de tropas estadounidenses en Alemania - PotenciaRadiofonicaDominicana.com","robots":{"index":"index","follow":"follow","max-snippet":"max-snippet:-1","max-image-preview":"max-image-preview:large","max-video-preview":"max-video-preview:-1"},"canonical":"https:\/\/potenciaradiofonicadominicana.com\/portal\/trump-analiza-posible-reduccion-de-tropas-estadounidenses-en-alemania\/","og_locale":"es_ES","og_type":"article","og_title":"Trump analiza posible reducci\u00f3n de tropas estadounidenses en Alemania - PotenciaRadiofonicaDominicana.com","og_description":"El presidente de\u00a0Estados Unidos,\u00a0Donald Trump, dijo este mi\u00e9rcoles en redes sociales que est\u00e1 estudiando la\u00a0posible reducci\u00f3n\u00a0de tropas de su pa\u00eds ...","og_url":"https:\/\/potenciaradiofonicadominicana.com\/portal\/trump-analiza-posible-reduccion-de-tropas-estadounidenses-en-alemania\/","og_site_name":"PotenciaRadiofonicaDominicana.com","article_publisher":"https:\/\/web.facebook.com\/PotenciaRadiofonicaD","article_published_time":"2026-04-30T03:16:00+00:00","og_image":[{"width":896,"height":504,"url":"https:\/\/potenciaradiofonicadominicana.com\/portal\/wp-content\/uploads\/2026\/04\/trump-estudia-reduccion-de-tropas-en-alemania-6d0b61f5-focus-0-0-896-504.jpg","type":"image\/jpeg"}],"author":"Potencia Radiof\u00f3nica Dominicana","twitter_card":"summary_large_image","twitter_misc":{"Escrito por":"Potencia Radiof\u00f3nica Dominicana","Tiempo de lectura":"2 minutos"},"schema":{"@context":"https:\/\/schema.org","@graph":[{"@type":"Article","@id":"https:\/\/potenciaradiofonicadominicana.com\/portal\/trump-analiza-posible-reduccion-de-tropas-estadounidenses-en-alemania\/#article","isPartOf":{"@id":"https:\/\/potenciaradiofonicadominicana.com\/portal\/trump-analiza-posible-reduccion-de-tropas-estadounidenses-en-alemania\/"},"author":{"name":"Potencia Radiof\u00f3nica Dominicana","@id":"https:\/\/potenciaradiofonicadominicana.com\/portal\/#\/schema\/person\/a5cf1fea13877803ee0573ac18b03490"},"headline":"Trump analiza posible reducci\u00f3n de tropas estadounidenses en Alemania","datePublished":"2026-04-30T03:16:00+00:00","mainEntityOfPage":{"@id":"https:\/\/potenciaradiofonicadominicana.com\/portal\/trump-analiza-posible-reduccion-de-tropas-estadounidenses-en-alemania\/"},"wordCount":327,"publisher":{"@id":"https:\/\/potenciaradiofonicadominicana.com\/portal\/#organization"},"image":{"@id":"https:\/\/potenciaradiofonicadominicana.com\/portal\/trump-analiza-posible-reduccion-de-tropas-estadounidenses-en-alemania\/#primaryimage"},"thumbnailUrl":"https:\/\/potenciaradiofonicadominicana.com\/portal\/wp-content\/uploads\/2026\/04\/trump-estudia-reduccion-de-tropas-en-alemania-6d0b61f5-focus-0-0-896-504.jpg","articleSection":["Internacional"],"inLanguage":"es"},{"@type":"WebPage","@id":"https:\/\/potenciaradiofonicadominicana.com\/portal\/trump-analiza-posible-reduccion-de-tropas-estadounidenses-en-alemania\/","url":"https:\/\/potenciaradiofonicadominicana.com\/portal\/trump-analiza-posible-reduccion-de-tropas-estadounidenses-en-alemania\/","name":"Trump analiza posible reducci\u00f3n de tropas estadounidenses en Alemania - PotenciaRadiofonicaDominicana.com","isPartOf":{"@id":"https:\/\/potenciaradiofonicadominicana.com\/portal\/#website"},"primaryImageOfPage":{"@id":"https:\/\/potenciaradiofonicadominicana.com\/portal\/trump-analiza-posible-reduccion-de-tropas-estadounidenses-en-alemania\/#primaryimage"},"image":{"@id":"https:\/\/potenciaradiofonicadominicana.com\/portal\/trump-analiza-posible-reduccion-de-tropas-estadounidenses-en-alemania\/#primaryimage"},"thumbnailUrl":"https:\/\/potenciaradiofonicadominicana.com\/portal\/wp-content\/uploads\/2026\/04\/trump-estudia-reduccion-de-tropas-en-alemania-6d0b61f5-focus-0-0-896-504.jpg","datePublished":"2026-04-30T03:16:00+00:00","breadcrumb":{"@id":"https:\/\/potenciaradiofonicadominicana.com\/portal\/trump-analiza-posible-reduccion-de-tropas-estadounidenses-en-alemania\/#breadcrumb"},"inLanguage":"es","potentialAction":[{"@type":"ReadAction","target":["https:\/\/potenciaradiofonicadominicana.com\/portal\/trump-analiza-posible-reduccion-de-tropas-estadounidenses-en-alemania\/"]}]},{"@type":"ImageObject","inLanguage":"es","@id":"https:\/\/potenciaradiofonicadominicana.com\/portal\/trump-analiza-posible-reduccion-de-tropas-estadounidenses-en-alemania\/#primaryimage","url":"https:\/\/potenciaradiofonicadominicana.com\/portal\/wp-content\/uploads\/2026\/04\/trump-estudia-reduccion-de-tropas-en-alemania-6d0b61f5-focus-0-0-896-504.jpg","contentUrl":"https:\/\/potenciaradiofonicadominicana.com\/portal\/wp-content\/uploads\/2026\/04\/trump-estudia-reduccion-de-tropas-en-alemania-6d0b61f5-focus-0-0-896-504.jpg","width":896,"height":504},{"@type":"BreadcrumbList","@id":"https:\/\/potenciaradiofonicadominicana.com\/portal\/trump-analiza-posible-reduccion-de-tropas-estadounidenses-en-alemania\/#breadcrumb","itemListElement":[{"@type":"ListItem","position":1,"name":"Portada","item":"https:\/\/potenciaradiofonicadominicana.com\/portal\/"},{"@type":"ListItem","position":2,"name":"Trump analiza posible reducci\u00f3n de tropas estadounidenses en Alemania"}]},{"@type":"WebSite","@id":"https:\/\/potenciaradiofonicadominicana.com\/portal\/#website","url":"https:\/\/potenciaradiofonicadominicana.com\/portal\/","name":"PotenciaRadiofonicaDominicana.com","description":"Peri\u00f3dico Digital","publisher":{"@id":"https:\/\/potenciaradiofonicadominicana.com\/portal\/#organization"},"potentialAction":[{"@type":"SearchAction","target":{"@type":"EntryPoint","urlTemplate":"https:\/\/potenciaradiofonicadominicana.com\/portal\/?s={search_term_string}"},"query-input":{"@type":"PropertyValueSpecification","valueRequired":true,"valueName":"search_term_string"}}],"inLanguage":"es"},{"@type":"Organization","@id":"https:\/\/potenciaradiofonicadominicana.com\/portal\/#organization","name":"PotenciaRadiofonicaDominicana.com","url":"https:\/\/potenciaradiofonicadominicana.com\/portal\/","logo":{"@type":"ImageObject","inLanguage":"es","@id":"https:\/\/potenciaradiofonicadominicana.com\/portal\/#\/schema\/logo\/image\/","url":"https:\/\/potenciaradiofonicadominicana.com\/portal\/wp-content\/uploads\/2022\/01\/descarga.png","contentUrl":"https:\/\/potenciaradiofonicadominicana.com\/portal\/wp-content\/uploads\/2022\/01\/descarga.png","width":300,"height":100,"caption":"PotenciaRadiofonicaDominicana.com"},"image":{"@id":"https:\/\/potenciaradiofonicadominicana.com\/portal\/#\/schema\/logo\/image\/"},"sameAs":["https:\/\/web.facebook.com\/PotenciaRadiofonicaD"]},{"@type":"Person","@id":"https:\/\/potenciaradiofonicadominicana.com\/portal\/#\/schema\/person\/a5cf1fea13877803ee0573ac18b03490","name":"Potencia Radiof\u00f3nica Dominicana","image":{"@type":"ImageObject","inLanguage":"es","@id":"https:\/\/potenciaradiofonicadominicana.com\/portal\/#\/schema\/person\/image\/","url":"https:\/\/secure.gravatar.com\/avatar\/42a55ab9e8ccc656ba34cd791990602a?s=96&d=mm&r=g","contentUrl":"https:\/\/secure.gravatar.com\/avatar\/42a55ab9e8ccc656ba34cd791990602a?s=96&d=mm&r=g","caption":"Potencia Radiof\u00f3nica Dominicana"},"url":"https:\/\/potenciaradiofonicadominicana.com\/portal\/author\/johannyalmanzar\/"}]}},"_links":{"self":[{"href":"https:\/\/potenciaradiofonicadominicana.com\/portal\/wp-json\/wp\/v2\/posts\/216227","targetHints":{"allow":["GET"]}}],"collection":[{"href":"https:\/\/potenciaradiofonicadominicana.com\/portal\/wp-json\/wp\/v2\/posts"}],"about":[{"href":"https:\/\/potenciaradiofonicadominicana.com\/portal\/wp-json\/wp\/v2\/types\/post"}],"author":[{"embeddable":true,"href":"https:\/\/potenciaradiofonicadominicana.com\/portal\/wp-json\/wp\/v2\/users\/2"}],"replies":[{"embeddable":true,"href":"https:\/\/potenciaradiofonicadominicana.com\/portal\/wp-json\/wp\/v2\/comments?post=216227"}],"version-history":[{"count":1,"href":"https:\/\/potenciaradiofonicadominicana.com\/portal\/wp-json\/wp\/v2\/posts\/216227\/revisions"}],"predecessor-version":[{"id":216232,"href":"https:\/\/potenciaradiofonicadominicana.com\/portal\/wp-json\/wp\/v2\/posts\/216227\/revisions\/216232"}],"wp:featuredmedia":[{"embeddable":true,"href":"https:\/\/potenciaradiofonicadominicana.com\/portal\/wp-json\/wp\/v2\/media\/216229"}],"wp:attachment":[{"href":"https:\/\/potenciaradiofonicadominicana.com\/portal\/wp-json\/wp\/v2\/media?parent=216227"}],"wp:term":[{"taxonomy":"category","embeddable":true,"href":"https:\/\/potenciaradiofonicadominicana.com\/portal\/wp-json\/wp\/v2\/categories?post=216227"},{"taxonomy":"post_tag","embeddable":true,"href":"https:\/\/potenciaradiofonicadominicana.com\/portal\/wp-json\/wp\/v2\/tags?post=216227"}],"curies":[{"name":"wp","href":"https:\/\/api.w.org\/{rel}","templated":true}]}}