{"id":216226,"date":"2026-04-29T23:14:45","date_gmt":"2026-04-30T03:14:45","guid":{"rendered":"https:\/\/potenciaradiofonicadominicana.com\/portal\/?p=216226"},"modified":"2026-04-29T23:14:45","modified_gmt":"2026-04-30T03:14:45","slug":"chiquis-hace-pausa-la-musica-mexicana-de-banda-con-un-album-sobre-temas-de-sanacion","status":"publish","type":"post","link":"https:\/\/potenciaradiofonicadominicana.com\/portal\/chiquis-hace-pausa-la-musica-mexicana-de-banda-con-un-album-sobre-temas-de-sanacion\/","title":{"rendered":"Chiquis hace pausa la m\u00fasica mexicana de banda con un \u00e1lbum sobre temas de sanaci\u00f3n"},"content":{"rendered":"<p><a href=\"https:\/\/potenciaradiofonicadominicana.com\/portal\/wp-content\/uploads\/2026\/04\/rss-efe3da591a7be2848e4d0e926f0cac4b42ac197ff8fw.jpg\"><img loading=\"lazy\" decoding=\"async\" class=\"size-full wp-image-216228\" src=\"https:\/\/potenciaradiofonicadominicana.com\/portal\/wp-content\/uploads\/2026\/04\/rss-efe3da591a7be2848e4d0e926f0cac4b42ac197ff8fw.jpg\" alt=\"\" width=\"1920\" height=\"1280\" srcset=\"https:\/\/potenciaradiofonicadominicana.com\/portal\/wp-content\/uploads\/2026\/04\/rss-efe3da591a7be2848e4d0e926f0cac4b42ac197ff8fw.jpg 1920w, https:\/\/potenciaradiofonicadominicana.com\/portal\/wp-content\/uploads\/2026\/04\/rss-efe3da591a7be2848e4d0e926f0cac4b42ac197ff8fw-300x200.jpg 300w, https:\/\/potenciaradiofonicadominicana.com\/portal\/wp-content\/uploads\/2026\/04\/rss-efe3da591a7be2848e4d0e926f0cac4b42ac197ff8fw-1024x683.jpg 1024w, https:\/\/potenciaradiofonicadominicana.com\/portal\/wp-content\/uploads\/2026\/04\/rss-efe3da591a7be2848e4d0e926f0cac4b42ac197ff8fw-768x512.jpg 768w, https:\/\/potenciaradiofonicadominicana.com\/portal\/wp-content\/uploads\/2026\/04\/rss-efe3da591a7be2848e4d0e926f0cac4b42ac197ff8fw-1536x1024.jpg 1536w\" sizes=\"auto, (max-width: 1920px) 100vw, 1920px\" \/><\/a><\/p>\n<p>Miami (EE.UU.), (EFE).- La cantante Chiquis pausa sus discos del g\u00e9nero mexicano de banda, del que es un icono en Estados Unidos, al lanzar este jueves &#8216;Janney&#8217;, un \u00e1lbum que exhibe su lado m\u00e1s \u00abvulnerable\u00bb con temas sobre la \u00absanaci\u00f3n\u00bb y colaboraciones con Lila Downs y Jesse &amp; Joy.<\/p>\n<p>\u00abYo sab\u00eda que mucha gente iba a estar un poco, quiz\u00e1s, confundida, porque yo lo que canto es banda, pero esto tambi\u00e9n es muy real para m\u00ed, y yo llegu\u00e9, o m\u00e1s bien volv\u00ed y regres\u00e9 a mi esencia, a trav\u00e9s de un proceso de sanaci\u00f3n, de decir: &#8216;OK, esto de sanaci\u00f3n va a ser toda la vida'\u00bb, expuso en una entrevista con EFE en Miami.<\/p>\n<p>El disco, titulado con el nombre real de la artista, muestra el \u00ablado m\u00e1s vulnerable\u00bb de Chiquis, hija de la fallecida Diva de la Banda, Jenni Rivera, y quien ha ganado tres veces el Latin Grammy en la categor\u00eda de Mejor \u00c1lbum de Banda por &#8216;Playlist&#8217; (2020), &#8216;Abeja reina&#8217; (2022) y &#8216;Diamantes&#8217; (2024).<\/p>\n<p>\u00abMi voz es mucho m\u00e1s suave en esta m\u00fasica. Es como un lado de mi voz que ni yo conoc\u00eda. Gracias a la banda, que fue mi escuela, que aprend\u00ed, porque cantar banda no es nada f\u00e1cil, pero a trav\u00e9s de esa escuela encontr\u00e9 y naci\u00f3 esta voz que, yo creo, que quiz\u00e1s de cierta manera, ten\u00eda miedo de salir\u00bb, apunt\u00f3.<\/p>\n<p>Un \u00abviaje por la sanaci\u00f3n\u00bb<br \/>\nLa californiana, nacida en Los \u00c1ngeles, promete llevar al p\u00fablico en \u00abun viaje\u00bb a lo largo de las 20 canciones del material, que describe como un disco \u00abcontinuo\u00bb de 45 minutos y \u00abuna aventura de sanaci\u00f3n\u00bb para que \u00abentiendan bien\u00bb lo que ella ha \u00absobrevivido\u00bb.<\/p>\n<p>\u00abEn su momento a m\u00ed tambi\u00e9n se me olvid\u00f3 lo bueno que es la vida y tambi\u00e9n la esperanza, y por eso quise para mi gente que va a escuchar el disco, pero tambi\u00e9n para m\u00ed, poder soltar y contar este lado de m\u00ed que mucha gente no ha visto\u00bb, resalt\u00f3 la int\u00e9rprete.<\/p>\n<p>El \u00e1lbum incluye &#8216;Malibu&#8217;, colaboraci\u00f3n con el d\u00fao mexicano Jesse &amp; Joy sobre la alegr\u00eda de vivir el presente, y &#8216;Esp\u00edritu&#8217;, tema con la cantautora mexicoestadounidense Lila Downs, conocida por mezclar g\u00e9neros contempor\u00e1neos con sus ra\u00edces ind\u00edgenas y m\u00fasica popular mexicana.<\/p>\n<p>La producci\u00f3n, el noveno \u00e1lbum de estudio de Chiquis, es un sonido pop contempor\u00e1neo con matices de folk, cumbia y otros g\u00e9neros.<\/p>\n<p>Fluye entre espa\u00f1ol e ingl\u00e9s, y se lanza bajo su propio sello discogr\u00e1fico, Sweet Sound Records.<\/p>\n<p>\u00abYa no le tengo miedo a la vida, ya no le tengo miedo al qu\u00e9 dir\u00e1n, estoy haciendo lo que mi alma quiere hacer y antes estaba haciendo lo que ten\u00eda que hacer para sobrevivir. Ahorita estoy viviendo, estoy disfrutando el presente\u00bb, enfatiz\u00f3.<\/p>\n<p>El rol de las mujeres latinas en la m\u00fasica<br \/>\nLa tambi\u00e9n empresaria fue la presentadora la semana pasada de Billboard Mujeres Latinas en la M\u00fasica 2026, una gala en Miami que premi\u00f3 a artistas como Rosal\u00eda, Gloria Trevi, Ivy Queen, Julieta Venegas, Lola \u00cdndigo, Young Miko y Joy Huerta, de Jesse &amp; Joy.<\/p>\n<p>Chiquis destac\u00f3 el \u00abgran papel\u00bb de las mujeres en el auge de la m\u00fasica en espa\u00f1ol, una industria que logr\u00f3 su d\u00e9cimo a\u00f1o consecutivo de crecimiento en 2025 en Estados Unidos hasta un m\u00e1ximo de 1.000 millones de d\u00f3lares en ingresos.<\/p>\n<p>La artista celebr\u00f3 que se derribe la idea \u00abque ya nom\u00e1s una mujer puede estar en cada g\u00e9nero\u00bb como en la banda, pues se pens\u00f3 por \u00abmucho tiempo que esa m\u00fasica mexicana solamente los hombres pueden cantarla\u00bb.<\/p>\n<p>\u00abGracias a mi madre, Jenni Rivera, aunque no fuera mi mam\u00e1, yo ser\u00eda fan de su m\u00fasica porque ella representa el poder de decir: &#8216;Aunque me digan que no, yo les voy a mostrar que s\u00ed puedo'\u00bb, concluy\u00f3. EFE<\/p>\n","protected":false},"excerpt":{"rendered":"<p>Miami (EE.UU.), (EFE).- La cantante Chiquis pausa sus discos del g\u00e9nero mexicano de banda, del que es un icono en &#8230;<\/p>\n","protected":false},"author":2,"featured_media":216228,"comment_status":"closed","ping_status":"closed","sticky":false,"template":"","format":"standard","meta":{"footnotes":""},"categories":[31],"tags":[],"class_list":["post-216226","post","type-post","status-publish","format-standard","has-post-thumbnail","hentry","category-arte-y-espectaculo"],"yoast_head":"<!-- This site is optimized with the Yoast SEO plugin v24.8.1 - https:\/\/yoast.com\/wordpress\/plugins\/seo\/ -->\n<title>Chiquis hace pausa la m\u00fasica mexicana de banda con un \u00e1lbum sobre temas de sanaci\u00f3n - PotenciaRadiofonicaDominicana.com<\/title>\n<meta name=\"robots\" content=\"index, follow, max-snippet:-1, max-image-preview:large, max-video-preview:-1\" \/>\n<link rel=\"canonical\" href=\"https:\/\/potenciaradiofonicadominicana.com\/portal\/chiquis-hace-pausa-la-musica-mexicana-de-banda-con-un-album-sobre-temas-de-sanacion\/\" \/>\n<meta property=\"og:locale\" content=\"es_ES\" \/>\n<meta property=\"og:type\" content=\"article\" \/>\n<meta property=\"og:title\" content=\"Chiquis hace pausa la m\u00fasica mexicana de banda con un \u00e1lbum sobre temas de sanaci\u00f3n - PotenciaRadiofonicaDominicana.com\" \/>\n<meta property=\"og:description\" content=\"Miami (EE.UU.), (EFE).- La cantante Chiquis pausa sus discos del g\u00e9nero mexicano de banda, del que es un icono en ...\" \/>\n<meta property=\"og:url\" content=\"https:\/\/potenciaradiofonicadominicana.com\/portal\/chiquis-hace-pausa-la-musica-mexicana-de-banda-con-un-album-sobre-temas-de-sanacion\/\" \/>\n<meta property=\"og:site_name\" content=\"PotenciaRadiofonicaDominicana.com\" \/>\n<meta property=\"article:publisher\" content=\"https:\/\/web.facebook.com\/PotenciaRadiofonicaD\" \/>\n<meta property=\"article:published_time\" content=\"2026-04-30T03:14:45+00:00\" \/>\n<meta property=\"og:image\" content=\"https:\/\/potenciaradiofonicadominicana.com\/portal\/wp-content\/uploads\/2026\/04\/rss-efe3da591a7be2848e4d0e926f0cac4b42ac197ff8fw.jpg\" \/>\n\t<meta property=\"og:image:width\" content=\"1920\" \/>\n\t<meta property=\"og:image:height\" content=\"1280\" \/>\n\t<meta property=\"og:image:type\" content=\"image\/jpeg\" \/>\n<meta name=\"author\" content=\"Potencia Radiof\u00f3nica Dominicana\" \/>\n<meta name=\"twitter:card\" content=\"summary_large_image\" \/>\n<meta name=\"twitter:label1\" content=\"Escrito por\" \/>\n\t<meta name=\"twitter:data1\" content=\"Potencia Radiof\u00f3nica Dominicana\" \/>\n\t<meta name=\"twitter:label2\" content=\"Tiempo de lectura\" \/>\n\t<meta name=\"twitter:data2\" content=\"4 minutos\" \/>\n<script type=\"application\/ld+json\" class=\"yoast-schema-graph\">{\"@context\":\"https:\/\/schema.org\",\"@graph\":[{\"@type\":\"Article\",\"@id\":\"https:\/\/potenciaradiofonicadominicana.com\/portal\/chiquis-hace-pausa-la-musica-mexicana-de-banda-con-un-album-sobre-temas-de-sanacion\/#article\",\"isPartOf\":{\"@id\":\"https:\/\/potenciaradiofonicadominicana.com\/portal\/chiquis-hace-pausa-la-musica-mexicana-de-banda-con-un-album-sobre-temas-de-sanacion\/\"},\"author\":{\"name\":\"Potencia Radiof\u00f3nica Dominicana\",\"@id\":\"https:\/\/potenciaradiofonicadominicana.com\/portal\/#\/schema\/person\/a5cf1fea13877803ee0573ac18b03490\"},\"headline\":\"Chiquis hace pausa la m\u00fasica mexicana de banda con un \u00e1lbum sobre temas de sanaci\u00f3n\",\"datePublished\":\"2026-04-30T03:14:45+00:00\",\"mainEntityOfPage\":{\"@id\":\"https:\/\/potenciaradiofonicadominicana.com\/portal\/chiquis-hace-pausa-la-musica-mexicana-de-banda-con-un-album-sobre-temas-de-sanacion\/\"},\"wordCount\":693,\"publisher\":{\"@id\":\"https:\/\/potenciaradiofonicadominicana.com\/portal\/#organization\"},\"image\":{\"@id\":\"https:\/\/potenciaradiofonicadominicana.com\/portal\/chiquis-hace-pausa-la-musica-mexicana-de-banda-con-un-album-sobre-temas-de-sanacion\/#primaryimage\"},\"thumbnailUrl\":\"https:\/\/potenciaradiofonicadominicana.com\/portal\/wp-content\/uploads\/2026\/04\/rss-efe3da591a7be2848e4d0e926f0cac4b42ac197ff8fw.jpg\",\"articleSection\":[\"Arte y Espectaculo\"],\"inLanguage\":\"es\"},{\"@type\":\"WebPage\",\"@id\":\"https:\/\/potenciaradiofonicadominicana.com\/portal\/chiquis-hace-pausa-la-musica-mexicana-de-banda-con-un-album-sobre-temas-de-sanacion\/\",\"url\":\"https:\/\/potenciaradiofonicadominicana.com\/portal\/chiquis-hace-pausa-la-musica-mexicana-de-banda-con-un-album-sobre-temas-de-sanacion\/\",\"name\":\"Chiquis hace pausa la m\u00fasica mexicana de banda con un \u00e1lbum sobre temas de sanaci\u00f3n - PotenciaRadiofonicaDominicana.com\",\"isPartOf\":{\"@id\":\"https:\/\/potenciaradiofonicadominicana.com\/portal\/#website\"},\"primaryImageOfPage\":{\"@id\":\"https:\/\/potenciaradiofonicadominicana.com\/portal\/chiquis-hace-pausa-la-musica-mexicana-de-banda-con-un-album-sobre-temas-de-sanacion\/#primaryimage\"},\"image\":{\"@id\":\"https:\/\/potenciaradiofonicadominicana.com\/portal\/chiquis-hace-pausa-la-musica-mexicana-de-banda-con-un-album-sobre-temas-de-sanacion\/#primaryimage\"},\"thumbnailUrl\":\"https:\/\/potenciaradiofonicadominicana.com\/portal\/wp-content\/uploads\/2026\/04\/rss-efe3da591a7be2848e4d0e926f0cac4b42ac197ff8fw.jpg\",\"datePublished\":\"2026-04-30T03:14:45+00:00\",\"breadcrumb\":{\"@id\":\"https:\/\/potenciaradiofonicadominicana.com\/portal\/chiquis-hace-pausa-la-musica-mexicana-de-banda-con-un-album-sobre-temas-de-sanacion\/#breadcrumb\"},\"inLanguage\":\"es\",\"potentialAction\":[{\"@type\":\"ReadAction\",\"target\":[\"https:\/\/potenciaradiofonicadominicana.com\/portal\/chiquis-hace-pausa-la-musica-mexicana-de-banda-con-un-album-sobre-temas-de-sanacion\/\"]}]},{\"@type\":\"ImageObject\",\"inLanguage\":\"es\",\"@id\":\"https:\/\/potenciaradiofonicadominicana.com\/portal\/chiquis-hace-pausa-la-musica-mexicana-de-banda-con-un-album-sobre-temas-de-sanacion\/#primaryimage\",\"url\":\"https:\/\/potenciaradiofonicadominicana.com\/portal\/wp-content\/uploads\/2026\/04\/rss-efe3da591a7be2848e4d0e926f0cac4b42ac197ff8fw.jpg\",\"contentUrl\":\"https:\/\/potenciaradiofonicadominicana.com\/portal\/wp-content\/uploads\/2026\/04\/rss-efe3da591a7be2848e4d0e926f0cac4b42ac197ff8fw.jpg\",\"width\":1920,\"height\":1280,\"caption\":\"Fotograf\u00eda del 23 de abril de 2026 de la cantante Chiquis posando durante una entrevista con EFE en Miami, Florida (EE.UU.). EFE\/Alberto Boal\"},{\"@type\":\"BreadcrumbList\",\"@id\":\"https:\/\/potenciaradiofonicadominicana.com\/portal\/chiquis-hace-pausa-la-musica-mexicana-de-banda-con-un-album-sobre-temas-de-sanacion\/#breadcrumb\",\"itemListElement\":[{\"@type\":\"ListItem\",\"position\":1,\"name\":\"Portada\",\"item\":\"https:\/\/potenciaradiofonicadominicana.com\/portal\/\"},{\"@type\":\"ListItem\",\"position\":2,\"name\":\"Chiquis hace pausa la m\u00fasica mexicana de banda con un \u00e1lbum sobre temas de sanaci\u00f3n\"}]},{\"@type\":\"WebSite\",\"@id\":\"https:\/\/potenciaradiofonicadominicana.com\/portal\/#website\",\"url\":\"https:\/\/potenciaradiofonicadominicana.com\/portal\/\",\"name\":\"PotenciaRadiofonicaDominicana.com\",\"description\":\"Peri\u00f3dico Digital\",\"publisher\":{\"@id\":\"https:\/\/potenciaradiofonicadominicana.com\/portal\/#organization\"},\"potentialAction\":[{\"@type\":\"SearchAction\",\"target\":{\"@type\":\"EntryPoint\",\"urlTemplate\":\"https:\/\/potenciaradiofonicadominicana.com\/portal\/?s={search_term_string}\"},\"query-input\":{\"@type\":\"PropertyValueSpecification\",\"valueRequired\":true,\"valueName\":\"search_term_string\"}}],\"inLanguage\":\"es\"},{\"@type\":\"Organization\",\"@id\":\"https:\/\/potenciaradiofonicadominicana.com\/portal\/#organization\",\"name\":\"PotenciaRadiofonicaDominicana.com\",\"url\":\"https:\/\/potenciaradiofonicadominicana.com\/portal\/\",\"logo\":{\"@type\":\"ImageObject\",\"inLanguage\":\"es\",\"@id\":\"https:\/\/potenciaradiofonicadominicana.com\/portal\/#\/schema\/logo\/image\/\",\"url\":\"https:\/\/potenciaradiofonicadominicana.com\/portal\/wp-content\/uploads\/2022\/01\/descarga.png\",\"contentUrl\":\"https:\/\/potenciaradiofonicadominicana.com\/portal\/wp-content\/uploads\/2022\/01\/descarga.png\",\"width\":300,\"height\":100,\"caption\":\"PotenciaRadiofonicaDominicana.com\"},\"image\":{\"@id\":\"https:\/\/potenciaradiofonicadominicana.com\/portal\/#\/schema\/logo\/image\/\"},\"sameAs\":[\"https:\/\/web.facebook.com\/PotenciaRadiofonicaD\"]},{\"@type\":\"Person\",\"@id\":\"https:\/\/potenciaradiofonicadominicana.com\/portal\/#\/schema\/person\/a5cf1fea13877803ee0573ac18b03490\",\"name\":\"Potencia Radiof\u00f3nica Dominicana\",\"image\":{\"@type\":\"ImageObject\",\"inLanguage\":\"es\",\"@id\":\"https:\/\/potenciaradiofonicadominicana.com\/portal\/#\/schema\/person\/image\/\",\"url\":\"https:\/\/secure.gravatar.com\/avatar\/42a55ab9e8ccc656ba34cd791990602a?s=96&d=mm&r=g\",\"contentUrl\":\"https:\/\/secure.gravatar.com\/avatar\/42a55ab9e8ccc656ba34cd791990602a?s=96&d=mm&r=g\",\"caption\":\"Potencia Radiof\u00f3nica Dominicana\"},\"url\":\"https:\/\/potenciaradiofonicadominicana.com\/portal\/author\/johannyalmanzar\/\"}]}<\/script>\n<!-- \/ Yoast SEO plugin. -->","yoast_head_json":{"title":"Chiquis hace pausa la m\u00fasica mexicana de banda con un \u00e1lbum sobre temas de sanaci\u00f3n - PotenciaRadiofonicaDominicana.com","robots":{"index":"index","follow":"follow","max-snippet":"max-snippet:-1","max-image-preview":"max-image-preview:large","max-video-preview":"max-video-preview:-1"},"canonical":"https:\/\/potenciaradiofonicadominicana.com\/portal\/chiquis-hace-pausa-la-musica-mexicana-de-banda-con-un-album-sobre-temas-de-sanacion\/","og_locale":"es_ES","og_type":"article","og_title":"Chiquis hace pausa la m\u00fasica mexicana de banda con un \u00e1lbum sobre temas de sanaci\u00f3n - PotenciaRadiofonicaDominicana.com","og_description":"Miami (EE.UU.), (EFE).- La cantante Chiquis pausa sus discos del g\u00e9nero mexicano de banda, del que es un icono en ...","og_url":"https:\/\/potenciaradiofonicadominicana.com\/portal\/chiquis-hace-pausa-la-musica-mexicana-de-banda-con-un-album-sobre-temas-de-sanacion\/","og_site_name":"PotenciaRadiofonicaDominicana.com","article_publisher":"https:\/\/web.facebook.com\/PotenciaRadiofonicaD","article_published_time":"2026-04-30T03:14:45+00:00","og_image":[{"width":1920,"height":1280,"url":"https:\/\/potenciaradiofonicadominicana.com\/portal\/wp-content\/uploads\/2026\/04\/rss-efe3da591a7be2848e4d0e926f0cac4b42ac197ff8fw.jpg","type":"image\/jpeg"}],"author":"Potencia Radiof\u00f3nica Dominicana","twitter_card":"summary_large_image","twitter_misc":{"Escrito por":"Potencia Radiof\u00f3nica Dominicana","Tiempo de lectura":"4 minutos"},"schema":{"@context":"https:\/\/schema.org","@graph":[{"@type":"Article","@id":"https:\/\/potenciaradiofonicadominicana.com\/portal\/chiquis-hace-pausa-la-musica-mexicana-de-banda-con-un-album-sobre-temas-de-sanacion\/#article","isPartOf":{"@id":"https:\/\/potenciaradiofonicadominicana.com\/portal\/chiquis-hace-pausa-la-musica-mexicana-de-banda-con-un-album-sobre-temas-de-sanacion\/"},"author":{"name":"Potencia Radiof\u00f3nica Dominicana","@id":"https:\/\/potenciaradiofonicadominicana.com\/portal\/#\/schema\/person\/a5cf1fea13877803ee0573ac18b03490"},"headline":"Chiquis hace pausa la m\u00fasica mexicana de banda con un \u00e1lbum sobre temas de sanaci\u00f3n","datePublished":"2026-04-30T03:14:45+00:00","mainEntityOfPage":{"@id":"https:\/\/potenciaradiofonicadominicana.com\/portal\/chiquis-hace-pausa-la-musica-mexicana-de-banda-con-un-album-sobre-temas-de-sanacion\/"},"wordCount":693,"publisher":{"@id":"https:\/\/potenciaradiofonicadominicana.com\/portal\/#organization"},"image":{"@id":"https:\/\/potenciaradiofonicadominicana.com\/portal\/chiquis-hace-pausa-la-musica-mexicana-de-banda-con-un-album-sobre-temas-de-sanacion\/#primaryimage"},"thumbnailUrl":"https:\/\/potenciaradiofonicadominicana.com\/portal\/wp-content\/uploads\/2026\/04\/rss-efe3da591a7be2848e4d0e926f0cac4b42ac197ff8fw.jpg","articleSection":["Arte y Espectaculo"],"inLanguage":"es"},{"@type":"WebPage","@id":"https:\/\/potenciaradiofonicadominicana.com\/portal\/chiquis-hace-pausa-la-musica-mexicana-de-banda-con-un-album-sobre-temas-de-sanacion\/","url":"https:\/\/potenciaradiofonicadominicana.com\/portal\/chiquis-hace-pausa-la-musica-mexicana-de-banda-con-un-album-sobre-temas-de-sanacion\/","name":"Chiquis hace pausa la m\u00fasica mexicana de banda con un \u00e1lbum sobre temas de sanaci\u00f3n - PotenciaRadiofonicaDominicana.com","isPartOf":{"@id":"https:\/\/potenciaradiofonicadominicana.com\/portal\/#website"},"primaryImageOfPage":{"@id":"https:\/\/potenciaradiofonicadominicana.com\/portal\/chiquis-hace-pausa-la-musica-mexicana-de-banda-con-un-album-sobre-temas-de-sanacion\/#primaryimage"},"image":{"@id":"https:\/\/potenciaradiofonicadominicana.com\/portal\/chiquis-hace-pausa-la-musica-mexicana-de-banda-con-un-album-sobre-temas-de-sanacion\/#primaryimage"},"thumbnailUrl":"https:\/\/potenciaradiofonicadominicana.com\/portal\/wp-content\/uploads\/2026\/04\/rss-efe3da591a7be2848e4d0e926f0cac4b42ac197ff8fw.jpg","datePublished":"2026-04-30T03:14:45+00:00","breadcrumb":{"@id":"https:\/\/potenciaradiofonicadominicana.com\/portal\/chiquis-hace-pausa-la-musica-mexicana-de-banda-con-un-album-sobre-temas-de-sanacion\/#breadcrumb"},"inLanguage":"es","potentialAction":[{"@type":"ReadAction","target":["https:\/\/potenciaradiofonicadominicana.com\/portal\/chiquis-hace-pausa-la-musica-mexicana-de-banda-con-un-album-sobre-temas-de-sanacion\/"]}]},{"@type":"ImageObject","inLanguage":"es","@id":"https:\/\/potenciaradiofonicadominicana.com\/portal\/chiquis-hace-pausa-la-musica-mexicana-de-banda-con-un-album-sobre-temas-de-sanacion\/#primaryimage","url":"https:\/\/potenciaradiofonicadominicana.com\/portal\/wp-content\/uploads\/2026\/04\/rss-efe3da591a7be2848e4d0e926f0cac4b42ac197ff8fw.jpg","contentUrl":"https:\/\/potenciaradiofonicadominicana.com\/portal\/wp-content\/uploads\/2026\/04\/rss-efe3da591a7be2848e4d0e926f0cac4b42ac197ff8fw.jpg","width":1920,"height":1280,"caption":"Fotograf\u00eda del 23 de abril de 2026 de la cantante Chiquis posando durante una entrevista con EFE en Miami, Florida (EE.UU.). EFE\/Alberto Boal"},{"@type":"BreadcrumbList","@id":"https:\/\/potenciaradiofonicadominicana.com\/portal\/chiquis-hace-pausa-la-musica-mexicana-de-banda-con-un-album-sobre-temas-de-sanacion\/#breadcrumb","itemListElement":[{"@type":"ListItem","position":1,"name":"Portada","item":"https:\/\/potenciaradiofonicadominicana.com\/portal\/"},{"@type":"ListItem","position":2,"name":"Chiquis hace pausa la m\u00fasica mexicana de banda con un \u00e1lbum sobre temas de sanaci\u00f3n"}]},{"@type":"WebSite","@id":"https:\/\/potenciaradiofonicadominicana.com\/portal\/#website","url":"https:\/\/potenciaradiofonicadominicana.com\/portal\/","name":"PotenciaRadiofonicaDominicana.com","description":"Peri\u00f3dico Digital","publisher":{"@id":"https:\/\/potenciaradiofonicadominicana.com\/portal\/#organization"},"potentialAction":[{"@type":"SearchAction","target":{"@type":"EntryPoint","urlTemplate":"https:\/\/potenciaradiofonicadominicana.com\/portal\/?s={search_term_string}"},"query-input":{"@type":"PropertyValueSpecification","valueRequired":true,"valueName":"search_term_string"}}],"inLanguage":"es"},{"@type":"Organization","@id":"https:\/\/potenciaradiofonicadominicana.com\/portal\/#organization","name":"PotenciaRadiofonicaDominicana.com","url":"https:\/\/potenciaradiofonicadominicana.com\/portal\/","logo":{"@type":"ImageObject","inLanguage":"es","@id":"https:\/\/potenciaradiofonicadominicana.com\/portal\/#\/schema\/logo\/image\/","url":"https:\/\/potenciaradiofonicadominicana.com\/portal\/wp-content\/uploads\/2022\/01\/descarga.png","contentUrl":"https:\/\/potenciaradiofonicadominicana.com\/portal\/wp-content\/uploads\/2022\/01\/descarga.png","width":300,"height":100,"caption":"PotenciaRadiofonicaDominicana.com"},"image":{"@id":"https:\/\/potenciaradiofonicadominicana.com\/portal\/#\/schema\/logo\/image\/"},"sameAs":["https:\/\/web.facebook.com\/PotenciaRadiofonicaD"]},{"@type":"Person","@id":"https:\/\/potenciaradiofonicadominicana.com\/portal\/#\/schema\/person\/a5cf1fea13877803ee0573ac18b03490","name":"Potencia Radiof\u00f3nica Dominicana","image":{"@type":"ImageObject","inLanguage":"es","@id":"https:\/\/potenciaradiofonicadominicana.com\/portal\/#\/schema\/person\/image\/","url":"https:\/\/secure.gravatar.com\/avatar\/42a55ab9e8ccc656ba34cd791990602a?s=96&d=mm&r=g","contentUrl":"https:\/\/secure.gravatar.com\/avatar\/42a55ab9e8ccc656ba34cd791990602a?s=96&d=mm&r=g","caption":"Potencia Radiof\u00f3nica Dominicana"},"url":"https:\/\/potenciaradiofonicadominicana.com\/portal\/author\/johannyalmanzar\/"}]}},"_links":{"self":[{"href":"https:\/\/potenciaradiofonicadominicana.com\/portal\/wp-json\/wp\/v2\/posts\/216226","targetHints":{"allow":["GET"]}}],"collection":[{"href":"https:\/\/potenciaradiofonicadominicana.com\/portal\/wp-json\/wp\/v2\/posts"}],"about":[{"href":"https:\/\/potenciaradiofonicadominicana.com\/portal\/wp-json\/wp\/v2\/types\/post"}],"author":[{"embeddable":true,"href":"https:\/\/potenciaradiofonicadominicana.com\/portal\/wp-json\/wp\/v2\/users\/2"}],"replies":[{"embeddable":true,"href":"https:\/\/potenciaradiofonicadominicana.com\/portal\/wp-json\/wp\/v2\/comments?post=216226"}],"version-history":[{"count":1,"href":"https:\/\/potenciaradiofonicadominicana.com\/portal\/wp-json\/wp\/v2\/posts\/216226\/revisions"}],"predecessor-version":[{"id":216230,"href":"https:\/\/potenciaradiofonicadominicana.com\/portal\/wp-json\/wp\/v2\/posts\/216226\/revisions\/216230"}],"wp:featuredmedia":[{"embeddable":true,"href":"https:\/\/potenciaradiofonicadominicana.com\/portal\/wp-json\/wp\/v2\/media\/216228"}],"wp:attachment":[{"href":"https:\/\/potenciaradiofonicadominicana.com\/portal\/wp-json\/wp\/v2\/media?parent=216226"}],"wp:term":[{"taxonomy":"category","embeddable":true,"href":"https:\/\/potenciaradiofonicadominicana.com\/portal\/wp-json\/wp\/v2\/categories?post=216226"},{"taxonomy":"post_tag","embeddable":true,"href":"https:\/\/potenciaradiofonicadominicana.com\/portal\/wp-json\/wp\/v2\/tags?post=216226"}],"curies":[{"name":"wp","href":"https:\/\/api.w.org\/{rel}","templated":true}]}}