{"id":216221,"date":"2026-04-29T23:13:09","date_gmt":"2026-04-30T03:13:09","guid":{"rendered":"https:\/\/potenciaradiofonicadominicana.com\/portal\/?p=216221"},"modified":"2026-04-29T23:13:09","modified_gmt":"2026-04-30T03:13:09","slug":"precios-del-petroleo-escalan-con-fuerza-este-miercoles","status":"publish","type":"post","link":"https:\/\/potenciaradiofonicadominicana.com\/portal\/precios-del-petroleo-escalan-con-fuerza-este-miercoles\/","title":{"rendered":"Precios del petr\u00f3leo escalan con fuerza este mi\u00e9rcoles"},"content":{"rendered":"<p><a href=\"https:\/\/potenciaradiofonicadominicana.com\/portal\/wp-content\/uploads\/2026\/04\/shutterstock-395788411_13873357_20200512104526-focus-0-0-896-504.jpg\"><img loading=\"lazy\" decoding=\"async\" class=\"alignnone size-full wp-image-216223\" src=\"https:\/\/potenciaradiofonicadominicana.com\/portal\/wp-content\/uploads\/2026\/04\/shutterstock-395788411_13873357_20200512104526-focus-0-0-896-504.jpg\" alt=\"\" width=\"896\" height=\"504\" srcset=\"https:\/\/potenciaradiofonicadominicana.com\/portal\/wp-content\/uploads\/2026\/04\/shutterstock-395788411_13873357_20200512104526-focus-0-0-896-504.jpg 896w, https:\/\/potenciaradiofonicadominicana.com\/portal\/wp-content\/uploads\/2026\/04\/shutterstock-395788411_13873357_20200512104526-focus-0-0-896-504-300x169.jpg 300w, https:\/\/potenciaradiofonicadominicana.com\/portal\/wp-content\/uploads\/2026\/04\/shutterstock-395788411_13873357_20200512104526-focus-0-0-896-504-768x432.jpg 768w\" sizes=\"auto, (max-width: 896px) 100vw, 896px\" \/><\/a><\/p>\n<p><span>El precio del\u00a0<\/span>petr\u00f3leo intermedio de Texas\u00a0(WTI, por sus siglas en ingl\u00e9s), de referencia para la Rep\u00fablica Dominicana,\u00a0escal\u00f3\u00a0este mi\u00e9rcoles\u00a0por encima de los 107 d\u00f3lares, mientras que el barril del Brent cerr\u00f3 superando los 118 d\u00f3lares, impulsados por la indefinici\u00f3n del conflicto b\u00e9lico en Medio Oriente.<\/p>\n<p>El\u00a0WTI cerr\u00f3\u00a0con una\u00a0subida del 6.95 %, hasta los 106.8 d\u00f3lares por barril, ante la falta de avances en las negociaciones entre Estados Unidos e Ir\u00e1n. Los contratos de futuros del Texas para entrega en junio sumaron 6.9 d\u00f3lares con respecto al cierre del d\u00eda anterior.<\/p>\n<p>El\u00a0precio del barril\u00a0del crudo se dispar\u00f3 por el\u00a0prolongado cierre\u00a0del\u00a0estrecho de Ormuz, pese al alto al fuego acordado por ambos pa\u00edses.<\/p>\n<p>El presidente de Estados Unidos,\u00a0Donald Trump, escribi\u00f3 antes en su red Truth Social que Ir\u00e1n \u00abno logra ponerse de acuerdo\u00bb ni \u00absabe c\u00f3mo firmar un acuerdo no nuclear\u00bb, y urgi\u00f3 al pa\u00eds persa a \u00abespabilar pronto\u00bb, mientras las conversaciones siguen estancadas.<\/p>\n<p>Precio del Brent<\/p>\n<p>De igual forma, el costo del\u00a0barril de petr\u00f3leo Brent, para entrega en junio,\u00a0subi\u00f3 un 6.08 % y finaliz\u00f3 la jornada por encima de los 118 d\u00f3lares en el mercado de futuros de Londres, tambi\u00e9n impulsado por el bloqueo de la citada v\u00eda mar\u00edtima.<\/p>\n<div class=\"my-12 component web-insert-bullet relative border bg-component\">\n<p>El precio del crudo del mar del Norte, de referencia en Europa, concluy\u00f3 en 118.03 d\u00f3lares en el Intercontinental Exchange (ICE) londinense, 6.77 d\u00f3lares m\u00e1s que al cierre de la jornada anterior, correspondiente al martes, cuando finaliz\u00f3 en 111.26 d\u00f3lares. En esta sesi\u00f3n, el Brent toc\u00f3 su m\u00e1ximo intrad\u00eda desde el inicio de la guerra en Oriente Medio, en los 119.76 d\u00f3lares, despu\u00e9s de haber subido m\u00e1s del 7.6 %.<\/p>\n<\/div>\n<p>Pese a este\u00a0m\u00e1ximo intrad\u00eda, el\u00a0precio al cierre\u00a0del mercado no ha logrado batir el r\u00e9cord al cierre desde el inicio del conflicto en Oriente Medio, establecido en 118.35 d\u00f3lares el pasado\u00a031 de marzo.<\/p>\n","protected":false},"excerpt":{"rendered":"<p>El precio del\u00a0petr\u00f3leo intermedio de Texas\u00a0(WTI, por sus siglas en ingl\u00e9s), de referencia para la Rep\u00fablica Dominicana,\u00a0escal\u00f3\u00a0este mi\u00e9rcoles\u00a0por encima de &#8230;<\/p>\n","protected":false},"author":2,"featured_media":216223,"comment_status":"closed","ping_status":"closed","sticky":false,"template":"","format":"standard","meta":{"footnotes":""},"categories":[26],"tags":[],"class_list":["post-216221","post","type-post","status-publish","format-standard","has-post-thumbnail","hentry","category-economia"],"yoast_head":"<!-- This site is optimized with the Yoast SEO plugin v24.8.1 - https:\/\/yoast.com\/wordpress\/plugins\/seo\/ -->\n<title>Precios del petr\u00f3leo escalan con fuerza este mi\u00e9rcoles - PotenciaRadiofonicaDominicana.com<\/title>\n<meta name=\"robots\" content=\"index, follow, max-snippet:-1, max-image-preview:large, max-video-preview:-1\" \/>\n<link rel=\"canonical\" href=\"https:\/\/potenciaradiofonicadominicana.com\/portal\/precios-del-petroleo-escalan-con-fuerza-este-miercoles\/\" \/>\n<meta property=\"og:locale\" content=\"es_ES\" \/>\n<meta property=\"og:type\" content=\"article\" \/>\n<meta property=\"og:title\" content=\"Precios del petr\u00f3leo escalan con fuerza este mi\u00e9rcoles - PotenciaRadiofonicaDominicana.com\" \/>\n<meta property=\"og:description\" content=\"El precio del\u00a0petr\u00f3leo intermedio de Texas\u00a0(WTI, por sus siglas en ingl\u00e9s), de referencia para la Rep\u00fablica Dominicana,\u00a0escal\u00f3\u00a0este mi\u00e9rcoles\u00a0por encima de ...\" \/>\n<meta property=\"og:url\" content=\"https:\/\/potenciaradiofonicadominicana.com\/portal\/precios-del-petroleo-escalan-con-fuerza-este-miercoles\/\" \/>\n<meta property=\"og:site_name\" content=\"PotenciaRadiofonicaDominicana.com\" \/>\n<meta property=\"article:publisher\" content=\"https:\/\/web.facebook.com\/PotenciaRadiofonicaD\" \/>\n<meta property=\"article:published_time\" content=\"2026-04-30T03:13:09+00:00\" \/>\n<meta property=\"og:image\" content=\"https:\/\/potenciaradiofonicadominicana.com\/portal\/wp-content\/uploads\/2026\/04\/shutterstock-395788411_13873357_20200512104526-focus-0-0-896-504.jpg\" \/>\n\t<meta property=\"og:image:width\" content=\"896\" \/>\n\t<meta property=\"og:image:height\" content=\"504\" \/>\n\t<meta property=\"og:image:type\" content=\"image\/jpeg\" \/>\n<meta name=\"author\" content=\"Potencia Radiof\u00f3nica Dominicana\" \/>\n<meta name=\"twitter:card\" content=\"summary_large_image\" \/>\n<meta name=\"twitter:label1\" content=\"Escrito por\" \/>\n\t<meta name=\"twitter:data1\" content=\"Potencia Radiof\u00f3nica Dominicana\" \/>\n\t<meta name=\"twitter:label2\" content=\"Tiempo de lectura\" \/>\n\t<meta name=\"twitter:data2\" content=\"2 minutos\" \/>\n<script type=\"application\/ld+json\" class=\"yoast-schema-graph\">{\"@context\":\"https:\/\/schema.org\",\"@graph\":[{\"@type\":\"Article\",\"@id\":\"https:\/\/potenciaradiofonicadominicana.com\/portal\/precios-del-petroleo-escalan-con-fuerza-este-miercoles\/#article\",\"isPartOf\":{\"@id\":\"https:\/\/potenciaradiofonicadominicana.com\/portal\/precios-del-petroleo-escalan-con-fuerza-este-miercoles\/\"},\"author\":{\"name\":\"Potencia Radiof\u00f3nica Dominicana\",\"@id\":\"https:\/\/potenciaradiofonicadominicana.com\/portal\/#\/schema\/person\/a5cf1fea13877803ee0573ac18b03490\"},\"headline\":\"Precios del petr\u00f3leo escalan con fuerza este mi\u00e9rcoles\",\"datePublished\":\"2026-04-30T03:13:09+00:00\",\"mainEntityOfPage\":{\"@id\":\"https:\/\/potenciaradiofonicadominicana.com\/portal\/precios-del-petroleo-escalan-con-fuerza-este-miercoles\/\"},\"wordCount\":346,\"publisher\":{\"@id\":\"https:\/\/potenciaradiofonicadominicana.com\/portal\/#organization\"},\"image\":{\"@id\":\"https:\/\/potenciaradiofonicadominicana.com\/portal\/precios-del-petroleo-escalan-con-fuerza-este-miercoles\/#primaryimage\"},\"thumbnailUrl\":\"https:\/\/potenciaradiofonicadominicana.com\/portal\/wp-content\/uploads\/2026\/04\/shutterstock-395788411_13873357_20200512104526-focus-0-0-896-504.jpg\",\"articleSection\":[\"Econom\u00eda\"],\"inLanguage\":\"es\"},{\"@type\":\"WebPage\",\"@id\":\"https:\/\/potenciaradiofonicadominicana.com\/portal\/precios-del-petroleo-escalan-con-fuerza-este-miercoles\/\",\"url\":\"https:\/\/potenciaradiofonicadominicana.com\/portal\/precios-del-petroleo-escalan-con-fuerza-este-miercoles\/\",\"name\":\"Precios del petr\u00f3leo escalan con fuerza este mi\u00e9rcoles - PotenciaRadiofonicaDominicana.com\",\"isPartOf\":{\"@id\":\"https:\/\/potenciaradiofonicadominicana.com\/portal\/#website\"},\"primaryImageOfPage\":{\"@id\":\"https:\/\/potenciaradiofonicadominicana.com\/portal\/precios-del-petroleo-escalan-con-fuerza-este-miercoles\/#primaryimage\"},\"image\":{\"@id\":\"https:\/\/potenciaradiofonicadominicana.com\/portal\/precios-del-petroleo-escalan-con-fuerza-este-miercoles\/#primaryimage\"},\"thumbnailUrl\":\"https:\/\/potenciaradiofonicadominicana.com\/portal\/wp-content\/uploads\/2026\/04\/shutterstock-395788411_13873357_20200512104526-focus-0-0-896-504.jpg\",\"datePublished\":\"2026-04-30T03:13:09+00:00\",\"breadcrumb\":{\"@id\":\"https:\/\/potenciaradiofonicadominicana.com\/portal\/precios-del-petroleo-escalan-con-fuerza-este-miercoles\/#breadcrumb\"},\"inLanguage\":\"es\",\"potentialAction\":[{\"@type\":\"ReadAction\",\"target\":[\"https:\/\/potenciaradiofonicadominicana.com\/portal\/precios-del-petroleo-escalan-con-fuerza-este-miercoles\/\"]}]},{\"@type\":\"ImageObject\",\"inLanguage\":\"es\",\"@id\":\"https:\/\/potenciaradiofonicadominicana.com\/portal\/precios-del-petroleo-escalan-con-fuerza-este-miercoles\/#primaryimage\",\"url\":\"https:\/\/potenciaradiofonicadominicana.com\/portal\/wp-content\/uploads\/2026\/04\/shutterstock-395788411_13873357_20200512104526-focus-0-0-896-504.jpg\",\"contentUrl\":\"https:\/\/potenciaradiofonicadominicana.com\/portal\/wp-content\/uploads\/2026\/04\/shutterstock-395788411_13873357_20200512104526-focus-0-0-896-504.jpg\",\"width\":896,\"height\":504},{\"@type\":\"BreadcrumbList\",\"@id\":\"https:\/\/potenciaradiofonicadominicana.com\/portal\/precios-del-petroleo-escalan-con-fuerza-este-miercoles\/#breadcrumb\",\"itemListElement\":[{\"@type\":\"ListItem\",\"position\":1,\"name\":\"Portada\",\"item\":\"https:\/\/potenciaradiofonicadominicana.com\/portal\/\"},{\"@type\":\"ListItem\",\"position\":2,\"name\":\"Precios del petr\u00f3leo escalan con fuerza este mi\u00e9rcoles\"}]},{\"@type\":\"WebSite\",\"@id\":\"https:\/\/potenciaradiofonicadominicana.com\/portal\/#website\",\"url\":\"https:\/\/potenciaradiofonicadominicana.com\/portal\/\",\"name\":\"PotenciaRadiofonicaDominicana.com\",\"description\":\"Peri\u00f3dico Digital\",\"publisher\":{\"@id\":\"https:\/\/potenciaradiofonicadominicana.com\/portal\/#organization\"},\"potentialAction\":[{\"@type\":\"SearchAction\",\"target\":{\"@type\":\"EntryPoint\",\"urlTemplate\":\"https:\/\/potenciaradiofonicadominicana.com\/portal\/?s={search_term_string}\"},\"query-input\":{\"@type\":\"PropertyValueSpecification\",\"valueRequired\":true,\"valueName\":\"search_term_string\"}}],\"inLanguage\":\"es\"},{\"@type\":\"Organization\",\"@id\":\"https:\/\/potenciaradiofonicadominicana.com\/portal\/#organization\",\"name\":\"PotenciaRadiofonicaDominicana.com\",\"url\":\"https:\/\/potenciaradiofonicadominicana.com\/portal\/\",\"logo\":{\"@type\":\"ImageObject\",\"inLanguage\":\"es\",\"@id\":\"https:\/\/potenciaradiofonicadominicana.com\/portal\/#\/schema\/logo\/image\/\",\"url\":\"https:\/\/potenciaradiofonicadominicana.com\/portal\/wp-content\/uploads\/2022\/01\/descarga.png\",\"contentUrl\":\"https:\/\/potenciaradiofonicadominicana.com\/portal\/wp-content\/uploads\/2022\/01\/descarga.png\",\"width\":300,\"height\":100,\"caption\":\"PotenciaRadiofonicaDominicana.com\"},\"image\":{\"@id\":\"https:\/\/potenciaradiofonicadominicana.com\/portal\/#\/schema\/logo\/image\/\"},\"sameAs\":[\"https:\/\/web.facebook.com\/PotenciaRadiofonicaD\"]},{\"@type\":\"Person\",\"@id\":\"https:\/\/potenciaradiofonicadominicana.com\/portal\/#\/schema\/person\/a5cf1fea13877803ee0573ac18b03490\",\"name\":\"Potencia Radiof\u00f3nica Dominicana\",\"image\":{\"@type\":\"ImageObject\",\"inLanguage\":\"es\",\"@id\":\"https:\/\/potenciaradiofonicadominicana.com\/portal\/#\/schema\/person\/image\/\",\"url\":\"https:\/\/secure.gravatar.com\/avatar\/42a55ab9e8ccc656ba34cd791990602a?s=96&d=mm&r=g\",\"contentUrl\":\"https:\/\/secure.gravatar.com\/avatar\/42a55ab9e8ccc656ba34cd791990602a?s=96&d=mm&r=g\",\"caption\":\"Potencia Radiof\u00f3nica Dominicana\"},\"url\":\"https:\/\/potenciaradiofonicadominicana.com\/portal\/author\/johannyalmanzar\/\"}]}<\/script>\n<!-- \/ Yoast SEO plugin. -->","yoast_head_json":{"title":"Precios del petr\u00f3leo escalan con fuerza este mi\u00e9rcoles - PotenciaRadiofonicaDominicana.com","robots":{"index":"index","follow":"follow","max-snippet":"max-snippet:-1","max-image-preview":"max-image-preview:large","max-video-preview":"max-video-preview:-1"},"canonical":"https:\/\/potenciaradiofonicadominicana.com\/portal\/precios-del-petroleo-escalan-con-fuerza-este-miercoles\/","og_locale":"es_ES","og_type":"article","og_title":"Precios del petr\u00f3leo escalan con fuerza este mi\u00e9rcoles - PotenciaRadiofonicaDominicana.com","og_description":"El precio del\u00a0petr\u00f3leo intermedio de Texas\u00a0(WTI, por sus siglas en ingl\u00e9s), de referencia para la Rep\u00fablica Dominicana,\u00a0escal\u00f3\u00a0este mi\u00e9rcoles\u00a0por encima de ...","og_url":"https:\/\/potenciaradiofonicadominicana.com\/portal\/precios-del-petroleo-escalan-con-fuerza-este-miercoles\/","og_site_name":"PotenciaRadiofonicaDominicana.com","article_publisher":"https:\/\/web.facebook.com\/PotenciaRadiofonicaD","article_published_time":"2026-04-30T03:13:09+00:00","og_image":[{"width":896,"height":504,"url":"https:\/\/potenciaradiofonicadominicana.com\/portal\/wp-content\/uploads\/2026\/04\/shutterstock-395788411_13873357_20200512104526-focus-0-0-896-504.jpg","type":"image\/jpeg"}],"author":"Potencia Radiof\u00f3nica Dominicana","twitter_card":"summary_large_image","twitter_misc":{"Escrito por":"Potencia Radiof\u00f3nica Dominicana","Tiempo de lectura":"2 minutos"},"schema":{"@context":"https:\/\/schema.org","@graph":[{"@type":"Article","@id":"https:\/\/potenciaradiofonicadominicana.com\/portal\/precios-del-petroleo-escalan-con-fuerza-este-miercoles\/#article","isPartOf":{"@id":"https:\/\/potenciaradiofonicadominicana.com\/portal\/precios-del-petroleo-escalan-con-fuerza-este-miercoles\/"},"author":{"name":"Potencia Radiof\u00f3nica Dominicana","@id":"https:\/\/potenciaradiofonicadominicana.com\/portal\/#\/schema\/person\/a5cf1fea13877803ee0573ac18b03490"},"headline":"Precios del petr\u00f3leo escalan con fuerza este mi\u00e9rcoles","datePublished":"2026-04-30T03:13:09+00:00","mainEntityOfPage":{"@id":"https:\/\/potenciaradiofonicadominicana.com\/portal\/precios-del-petroleo-escalan-con-fuerza-este-miercoles\/"},"wordCount":346,"publisher":{"@id":"https:\/\/potenciaradiofonicadominicana.com\/portal\/#organization"},"image":{"@id":"https:\/\/potenciaradiofonicadominicana.com\/portal\/precios-del-petroleo-escalan-con-fuerza-este-miercoles\/#primaryimage"},"thumbnailUrl":"https:\/\/potenciaradiofonicadominicana.com\/portal\/wp-content\/uploads\/2026\/04\/shutterstock-395788411_13873357_20200512104526-focus-0-0-896-504.jpg","articleSection":["Econom\u00eda"],"inLanguage":"es"},{"@type":"WebPage","@id":"https:\/\/potenciaradiofonicadominicana.com\/portal\/precios-del-petroleo-escalan-con-fuerza-este-miercoles\/","url":"https:\/\/potenciaradiofonicadominicana.com\/portal\/precios-del-petroleo-escalan-con-fuerza-este-miercoles\/","name":"Precios del petr\u00f3leo escalan con fuerza este mi\u00e9rcoles - PotenciaRadiofonicaDominicana.com","isPartOf":{"@id":"https:\/\/potenciaradiofonicadominicana.com\/portal\/#website"},"primaryImageOfPage":{"@id":"https:\/\/potenciaradiofonicadominicana.com\/portal\/precios-del-petroleo-escalan-con-fuerza-este-miercoles\/#primaryimage"},"image":{"@id":"https:\/\/potenciaradiofonicadominicana.com\/portal\/precios-del-petroleo-escalan-con-fuerza-este-miercoles\/#primaryimage"},"thumbnailUrl":"https:\/\/potenciaradiofonicadominicana.com\/portal\/wp-content\/uploads\/2026\/04\/shutterstock-395788411_13873357_20200512104526-focus-0-0-896-504.jpg","datePublished":"2026-04-30T03:13:09+00:00","breadcrumb":{"@id":"https:\/\/potenciaradiofonicadominicana.com\/portal\/precios-del-petroleo-escalan-con-fuerza-este-miercoles\/#breadcrumb"},"inLanguage":"es","potentialAction":[{"@type":"ReadAction","target":["https:\/\/potenciaradiofonicadominicana.com\/portal\/precios-del-petroleo-escalan-con-fuerza-este-miercoles\/"]}]},{"@type":"ImageObject","inLanguage":"es","@id":"https:\/\/potenciaradiofonicadominicana.com\/portal\/precios-del-petroleo-escalan-con-fuerza-este-miercoles\/#primaryimage","url":"https:\/\/potenciaradiofonicadominicana.com\/portal\/wp-content\/uploads\/2026\/04\/shutterstock-395788411_13873357_20200512104526-focus-0-0-896-504.jpg","contentUrl":"https:\/\/potenciaradiofonicadominicana.com\/portal\/wp-content\/uploads\/2026\/04\/shutterstock-395788411_13873357_20200512104526-focus-0-0-896-504.jpg","width":896,"height":504},{"@type":"BreadcrumbList","@id":"https:\/\/potenciaradiofonicadominicana.com\/portal\/precios-del-petroleo-escalan-con-fuerza-este-miercoles\/#breadcrumb","itemListElement":[{"@type":"ListItem","position":1,"name":"Portada","item":"https:\/\/potenciaradiofonicadominicana.com\/portal\/"},{"@type":"ListItem","position":2,"name":"Precios del petr\u00f3leo escalan con fuerza este mi\u00e9rcoles"}]},{"@type":"WebSite","@id":"https:\/\/potenciaradiofonicadominicana.com\/portal\/#website","url":"https:\/\/potenciaradiofonicadominicana.com\/portal\/","name":"PotenciaRadiofonicaDominicana.com","description":"Peri\u00f3dico Digital","publisher":{"@id":"https:\/\/potenciaradiofonicadominicana.com\/portal\/#organization"},"potentialAction":[{"@type":"SearchAction","target":{"@type":"EntryPoint","urlTemplate":"https:\/\/potenciaradiofonicadominicana.com\/portal\/?s={search_term_string}"},"query-input":{"@type":"PropertyValueSpecification","valueRequired":true,"valueName":"search_term_string"}}],"inLanguage":"es"},{"@type":"Organization","@id":"https:\/\/potenciaradiofonicadominicana.com\/portal\/#organization","name":"PotenciaRadiofonicaDominicana.com","url":"https:\/\/potenciaradiofonicadominicana.com\/portal\/","logo":{"@type":"ImageObject","inLanguage":"es","@id":"https:\/\/potenciaradiofonicadominicana.com\/portal\/#\/schema\/logo\/image\/","url":"https:\/\/potenciaradiofonicadominicana.com\/portal\/wp-content\/uploads\/2022\/01\/descarga.png","contentUrl":"https:\/\/potenciaradiofonicadominicana.com\/portal\/wp-content\/uploads\/2022\/01\/descarga.png","width":300,"height":100,"caption":"PotenciaRadiofonicaDominicana.com"},"image":{"@id":"https:\/\/potenciaradiofonicadominicana.com\/portal\/#\/schema\/logo\/image\/"},"sameAs":["https:\/\/web.facebook.com\/PotenciaRadiofonicaD"]},{"@type":"Person","@id":"https:\/\/potenciaradiofonicadominicana.com\/portal\/#\/schema\/person\/a5cf1fea13877803ee0573ac18b03490","name":"Potencia Radiof\u00f3nica Dominicana","image":{"@type":"ImageObject","inLanguage":"es","@id":"https:\/\/potenciaradiofonicadominicana.com\/portal\/#\/schema\/person\/image\/","url":"https:\/\/secure.gravatar.com\/avatar\/42a55ab9e8ccc656ba34cd791990602a?s=96&d=mm&r=g","contentUrl":"https:\/\/secure.gravatar.com\/avatar\/42a55ab9e8ccc656ba34cd791990602a?s=96&d=mm&r=g","caption":"Potencia Radiof\u00f3nica Dominicana"},"url":"https:\/\/potenciaradiofonicadominicana.com\/portal\/author\/johannyalmanzar\/"}]}},"_links":{"self":[{"href":"https:\/\/potenciaradiofonicadominicana.com\/portal\/wp-json\/wp\/v2\/posts\/216221","targetHints":{"allow":["GET"]}}],"collection":[{"href":"https:\/\/potenciaradiofonicadominicana.com\/portal\/wp-json\/wp\/v2\/posts"}],"about":[{"href":"https:\/\/potenciaradiofonicadominicana.com\/portal\/wp-json\/wp\/v2\/types\/post"}],"author":[{"embeddable":true,"href":"https:\/\/potenciaradiofonicadominicana.com\/portal\/wp-json\/wp\/v2\/users\/2"}],"replies":[{"embeddable":true,"href":"https:\/\/potenciaradiofonicadominicana.com\/portal\/wp-json\/wp\/v2\/comments?post=216221"}],"version-history":[{"count":1,"href":"https:\/\/potenciaradiofonicadominicana.com\/portal\/wp-json\/wp\/v2\/posts\/216221\/revisions"}],"predecessor-version":[{"id":216225,"href":"https:\/\/potenciaradiofonicadominicana.com\/portal\/wp-json\/wp\/v2\/posts\/216221\/revisions\/216225"}],"wp:featuredmedia":[{"embeddable":true,"href":"https:\/\/potenciaradiofonicadominicana.com\/portal\/wp-json\/wp\/v2\/media\/216223"}],"wp:attachment":[{"href":"https:\/\/potenciaradiofonicadominicana.com\/portal\/wp-json\/wp\/v2\/media?parent=216221"}],"wp:term":[{"taxonomy":"category","embeddable":true,"href":"https:\/\/potenciaradiofonicadominicana.com\/portal\/wp-json\/wp\/v2\/categories?post=216221"},{"taxonomy":"post_tag","embeddable":true,"href":"https:\/\/potenciaradiofonicadominicana.com\/portal\/wp-json\/wp\/v2\/tags?post=216221"}],"curies":[{"name":"wp","href":"https:\/\/api.w.org\/{rel}","templated":true}]}}