{"id":216220,"date":"2026-04-29T23:12:52","date_gmt":"2026-04-30T03:12:52","guid":{"rendered":"https:\/\/potenciaradiofonicadominicana.com\/portal\/?p=216220"},"modified":"2026-04-29T23:12:52","modified_gmt":"2026-04-30T03:12:52","slug":"caroline-aquino-congelo-sus-ovulos-estoy-trabajando-para-ser-mama-otra-vez","status":"publish","type":"post","link":"https:\/\/potenciaradiofonicadominicana.com\/portal\/caroline-aquino-congelo-sus-ovulos-estoy-trabajando-para-ser-mama-otra-vez\/","title":{"rendered":"Caroline Aquino congel\u00f3 sus \u00f3vulos: \u201cEstoy trabajando para ser mam\u00e1 otra vez\u201d"},"content":{"rendered":"<p><a href=\"https:\/\/potenciaradiofonicadominicana.com\/portal\/wp-content\/uploads\/2026\/04\/66b3864a4ebc6.r_d.459-307-0.jpeg\"><img loading=\"lazy\" decoding=\"async\" class=\"alignnone size-full wp-image-216222\" src=\"https:\/\/potenciaradiofonicadominicana.com\/portal\/wp-content\/uploads\/2026\/04\/66b3864a4ebc6.r_d.459-307-0.jpeg\" alt=\"\" width=\"1200\" height=\"675\" srcset=\"https:\/\/potenciaradiofonicadominicana.com\/portal\/wp-content\/uploads\/2026\/04\/66b3864a4ebc6.r_d.459-307-0.jpeg 1200w, https:\/\/potenciaradiofonicadominicana.com\/portal\/wp-content\/uploads\/2026\/04\/66b3864a4ebc6.r_d.459-307-0-300x169.jpeg 300w, https:\/\/potenciaradiofonicadominicana.com\/portal\/wp-content\/uploads\/2026\/04\/66b3864a4ebc6.r_d.459-307-0-1024x576.jpeg 1024w, https:\/\/potenciaradiofonicadominicana.com\/portal\/wp-content\/uploads\/2026\/04\/66b3864a4ebc6.r_d.459-307-0-768x432.jpeg 768w\" sizes=\"auto, (max-width: 1200px) 100vw, 1200px\" \/><\/a><\/p>\n<p>La\u00a0<strong>comunicadora Caroline Aquino<\/strong>\u00a0sorprendi\u00f3 al revelar que se someti\u00f3 a un proceso de congelaci\u00f3n de\u00a0<strong>\u00f3vulos como parte de su planificaci\u00f3n personal\u00a0<\/strong>y no descart\u00f3 la posibilidad de convertirse en madre soltera en el futuro.<\/p>\n<p><strong>\u201cHace un tiempecito ya me realic\u00e9 la congelaci\u00f3n de \u00f3vulos.\u00a0<\/strong>Yo congel\u00e9 al momento de mi divorcio. Me sent\u00e9 a evaluar qu\u00e9 quer\u00eda a futuro y dije:<strong>\u00a0\u2018Vamos a prepararnos para cuando sea el momento\u2019\u201d,<\/strong>\u00a0expres\u00f3.<\/p>\n<p>La presentadora explic\u00f3 que la decisi\u00f3n responde a su deseo de ampliar su familia, independientemente de su situaci\u00f3n sentimental.<\/p>\n<p><strong>\u201cClaro que s\u00ed, yo ser\u00eda mam\u00e1 soltera<\/strong>. Yo amo mi rol como madre\u201d, afirm\u00f3 en el Programa Solo para Mujeres.<\/p>\n<div class=\"puede-leer-module\">\n<div class=\"puede-leer-image\"><img decoding=\"async\" src=\"https:\/\/eldia.com.do\/wp-content\/uploads\/2026\/04\/WhatsApp-Image-2024-07-22-at-15.54.26.jpeg\" alt=\"\u201cEsto no es solo conciencia\u201d: el llamado de Caroline Aquino sobre el autismo\" \/><\/div>\n<div class=\"puede-leer-content\">\n<h3 class=\"puede-leer-title\">\u201cEsto no es solo conciencia\u201d: el llamado de Caroline Aquino sobre el autismo<\/h3>\n<\/div>\n<\/div>\n<h2 class=\"wp-block-heading\">Volver a ser madre<\/h2>\n<p>Aquino, quien ya es madre de un ni\u00f1o de nueve a\u00f1os, asegur\u00f3 que sue\u00f1a con tener otro hijo y que est\u00e1 enfocada en lograrlo.<\/p>\n<p>\u201cSi Dios lo permite,<strong>\u00a0voy a trabajar para que el pr\u00f3ximo a\u00f1o sea el a\u00f1o de Caroline<\/strong> volver a ser mam\u00e1\u201d, dijo.<\/p>\n<p>Aunque reconoci\u00f3 que le gustar\u00eda formar una familia tradicional, dej\u00f3 claro que esto no condiciona su felicidad.<\/p>\n<p>\u201cCrec\u00ed en una formaci\u00f3n familiar,\u00a0<strong>con pap\u00e1 y mam\u00e1, y me gustar\u00eda repetirlo,\u00a0<\/strong>pero de no ser posible, igual me sentir\u00eda completa y feliz\u201d, sostuvo.<\/p>\n<h2 class=\"wp-block-heading\">Trayectoria y disciplina en los medios<\/h2>\n<p>Con m\u00e1s de una d\u00e9cada en la industria, la tambi\u00e9n conductora destac\u00f3 su recorrido profesional, que inici\u00f3 en la radio en Santiago antes de dar el salto a la televisi\u00f3n.<\/p>\n<p><strong>Record\u00f3 que comenz\u00f3 en emisoras AM\u00a0<\/strong>y luego pas\u00f3 a la pantalla chica con segmentos de cine, hasta integrarse a Telemicro, donde consolid\u00f3 su carrera.<\/p>\n<p><strong>\u201cYo amo la comunicaci\u00f3n, amo el arte.\u00a0<\/strong>Llevo m\u00e1s de 14 a\u00f1os viajando constantemente entre Santiago y la capital\u201d, coment\u00f3, al referirse a los retos que ha enfrentado en su trayectoria.<\/p>\n<h2 class=\"wp-block-heading\">\u201cEllas en la noche\u201d<\/h2>\n<p>Actualmente, Aquino se prepara para su pr\u00f3ximo reto profesional con el programa \u201cEllas en la noche\u201d, que conducir\u00e1 junto a\u00a0<strong>Nahiony Reyes.<\/strong><\/p>\n<p>Aunque no confirm\u00f3 si mantiene una relaci\u00f3n sentimental, reiter\u00f3 que est\u00e1 enfocada en sus metas personales y profesionales, incluyendo su deseo de convertirse nuevamente en madre.<\/p>\n","protected":false},"excerpt":{"rendered":"<p>La\u00a0comunicadora Caroline Aquino\u00a0sorprendi\u00f3 al revelar que se someti\u00f3 a un proceso de congelaci\u00f3n de\u00a0\u00f3vulos como parte de su planificaci\u00f3n personal\u00a0y &#8230;<\/p>\n","protected":false},"author":2,"featured_media":216222,"comment_status":"closed","ping_status":"closed","sticky":false,"template":"","format":"standard","meta":{"footnotes":""},"categories":[31],"tags":[],"class_list":["post-216220","post","type-post","status-publish","format-standard","has-post-thumbnail","hentry","category-arte-y-espectaculo"],"yoast_head":"<!-- This site is optimized with the Yoast SEO plugin v24.8.1 - https:\/\/yoast.com\/wordpress\/plugins\/seo\/ -->\n<title>Caroline Aquino congel\u00f3 sus \u00f3vulos: \u201cEstoy trabajando para ser mam\u00e1 otra vez\u201d - PotenciaRadiofonicaDominicana.com<\/title>\n<meta name=\"robots\" content=\"index, follow, max-snippet:-1, max-image-preview:large, max-video-preview:-1\" \/>\n<link rel=\"canonical\" href=\"https:\/\/potenciaradiofonicadominicana.com\/portal\/caroline-aquino-congelo-sus-ovulos-estoy-trabajando-para-ser-mama-otra-vez\/\" \/>\n<meta property=\"og:locale\" content=\"es_ES\" \/>\n<meta property=\"og:type\" content=\"article\" \/>\n<meta property=\"og:title\" content=\"Caroline Aquino congel\u00f3 sus \u00f3vulos: \u201cEstoy trabajando para ser mam\u00e1 otra vez\u201d - PotenciaRadiofonicaDominicana.com\" \/>\n<meta property=\"og:description\" content=\"La\u00a0comunicadora Caroline Aquino\u00a0sorprendi\u00f3 al revelar que se someti\u00f3 a un proceso de congelaci\u00f3n de\u00a0\u00f3vulos como parte de su planificaci\u00f3n personal\u00a0y ...\" \/>\n<meta property=\"og:url\" content=\"https:\/\/potenciaradiofonicadominicana.com\/portal\/caroline-aquino-congelo-sus-ovulos-estoy-trabajando-para-ser-mama-otra-vez\/\" \/>\n<meta property=\"og:site_name\" content=\"PotenciaRadiofonicaDominicana.com\" \/>\n<meta property=\"article:publisher\" content=\"https:\/\/web.facebook.com\/PotenciaRadiofonicaD\" \/>\n<meta property=\"article:published_time\" content=\"2026-04-30T03:12:52+00:00\" \/>\n<meta property=\"og:image\" content=\"https:\/\/potenciaradiofonicadominicana.com\/portal\/wp-content\/uploads\/2026\/04\/66b3864a4ebc6.r_d.459-307-0.jpeg\" \/>\n\t<meta property=\"og:image:width\" content=\"1200\" \/>\n\t<meta property=\"og:image:height\" content=\"675\" \/>\n\t<meta property=\"og:image:type\" content=\"image\/jpeg\" \/>\n<meta name=\"author\" content=\"Potencia Radiof\u00f3nica Dominicana\" \/>\n<meta name=\"twitter:card\" content=\"summary_large_image\" \/>\n<meta name=\"twitter:label1\" content=\"Escrito por\" \/>\n\t<meta name=\"twitter:data1\" content=\"Potencia Radiof\u00f3nica Dominicana\" \/>\n\t<meta name=\"twitter:label2\" content=\"Tiempo de lectura\" \/>\n\t<meta name=\"twitter:data2\" content=\"3 minutos\" \/>\n<script type=\"application\/ld+json\" class=\"yoast-schema-graph\">{\"@context\":\"https:\/\/schema.org\",\"@graph\":[{\"@type\":\"Article\",\"@id\":\"https:\/\/potenciaradiofonicadominicana.com\/portal\/caroline-aquino-congelo-sus-ovulos-estoy-trabajando-para-ser-mama-otra-vez\/#article\",\"isPartOf\":{\"@id\":\"https:\/\/potenciaradiofonicadominicana.com\/portal\/caroline-aquino-congelo-sus-ovulos-estoy-trabajando-para-ser-mama-otra-vez\/\"},\"author\":{\"name\":\"Potencia Radiof\u00f3nica Dominicana\",\"@id\":\"https:\/\/potenciaradiofonicadominicana.com\/portal\/#\/schema\/person\/a5cf1fea13877803ee0573ac18b03490\"},\"headline\":\"Caroline Aquino congel\u00f3 sus \u00f3vulos: \u201cEstoy trabajando para ser mam\u00e1 otra vez\u201d\",\"datePublished\":\"2026-04-30T03:12:52+00:00\",\"mainEntityOfPage\":{\"@id\":\"https:\/\/potenciaradiofonicadominicana.com\/portal\/caroline-aquino-congelo-sus-ovulos-estoy-trabajando-para-ser-mama-otra-vez\/\"},\"wordCount\":397,\"publisher\":{\"@id\":\"https:\/\/potenciaradiofonicadominicana.com\/portal\/#organization\"},\"image\":{\"@id\":\"https:\/\/potenciaradiofonicadominicana.com\/portal\/caroline-aquino-congelo-sus-ovulos-estoy-trabajando-para-ser-mama-otra-vez\/#primaryimage\"},\"thumbnailUrl\":\"https:\/\/potenciaradiofonicadominicana.com\/portal\/wp-content\/uploads\/2026\/04\/66b3864a4ebc6.r_d.459-307-0.jpeg\",\"articleSection\":[\"Arte y Espectaculo\"],\"inLanguage\":\"es\"},{\"@type\":\"WebPage\",\"@id\":\"https:\/\/potenciaradiofonicadominicana.com\/portal\/caroline-aquino-congelo-sus-ovulos-estoy-trabajando-para-ser-mama-otra-vez\/\",\"url\":\"https:\/\/potenciaradiofonicadominicana.com\/portal\/caroline-aquino-congelo-sus-ovulos-estoy-trabajando-para-ser-mama-otra-vez\/\",\"name\":\"Caroline Aquino congel\u00f3 sus \u00f3vulos: \u201cEstoy trabajando para ser mam\u00e1 otra vez\u201d - PotenciaRadiofonicaDominicana.com\",\"isPartOf\":{\"@id\":\"https:\/\/potenciaradiofonicadominicana.com\/portal\/#website\"},\"primaryImageOfPage\":{\"@id\":\"https:\/\/potenciaradiofonicadominicana.com\/portal\/caroline-aquino-congelo-sus-ovulos-estoy-trabajando-para-ser-mama-otra-vez\/#primaryimage\"},\"image\":{\"@id\":\"https:\/\/potenciaradiofonicadominicana.com\/portal\/caroline-aquino-congelo-sus-ovulos-estoy-trabajando-para-ser-mama-otra-vez\/#primaryimage\"},\"thumbnailUrl\":\"https:\/\/potenciaradiofonicadominicana.com\/portal\/wp-content\/uploads\/2026\/04\/66b3864a4ebc6.r_d.459-307-0.jpeg\",\"datePublished\":\"2026-04-30T03:12:52+00:00\",\"breadcrumb\":{\"@id\":\"https:\/\/potenciaradiofonicadominicana.com\/portal\/caroline-aquino-congelo-sus-ovulos-estoy-trabajando-para-ser-mama-otra-vez\/#breadcrumb\"},\"inLanguage\":\"es\",\"potentialAction\":[{\"@type\":\"ReadAction\",\"target\":[\"https:\/\/potenciaradiofonicadominicana.com\/portal\/caroline-aquino-congelo-sus-ovulos-estoy-trabajando-para-ser-mama-otra-vez\/\"]}]},{\"@type\":\"ImageObject\",\"inLanguage\":\"es\",\"@id\":\"https:\/\/potenciaradiofonicadominicana.com\/portal\/caroline-aquino-congelo-sus-ovulos-estoy-trabajando-para-ser-mama-otra-vez\/#primaryimage\",\"url\":\"https:\/\/potenciaradiofonicadominicana.com\/portal\/wp-content\/uploads\/2026\/04\/66b3864a4ebc6.r_d.459-307-0.jpeg\",\"contentUrl\":\"https:\/\/potenciaradiofonicadominicana.com\/portal\/wp-content\/uploads\/2026\/04\/66b3864a4ebc6.r_d.459-307-0.jpeg\",\"width\":1200,\"height\":675},{\"@type\":\"BreadcrumbList\",\"@id\":\"https:\/\/potenciaradiofonicadominicana.com\/portal\/caroline-aquino-congelo-sus-ovulos-estoy-trabajando-para-ser-mama-otra-vez\/#breadcrumb\",\"itemListElement\":[{\"@type\":\"ListItem\",\"position\":1,\"name\":\"Portada\",\"item\":\"https:\/\/potenciaradiofonicadominicana.com\/portal\/\"},{\"@type\":\"ListItem\",\"position\":2,\"name\":\"Caroline Aquino congel\u00f3 sus \u00f3vulos: \u201cEstoy trabajando para ser mam\u00e1 otra vez\u201d\"}]},{\"@type\":\"WebSite\",\"@id\":\"https:\/\/potenciaradiofonicadominicana.com\/portal\/#website\",\"url\":\"https:\/\/potenciaradiofonicadominicana.com\/portal\/\",\"name\":\"PotenciaRadiofonicaDominicana.com\",\"description\":\"Peri\u00f3dico Digital\",\"publisher\":{\"@id\":\"https:\/\/potenciaradiofonicadominicana.com\/portal\/#organization\"},\"potentialAction\":[{\"@type\":\"SearchAction\",\"target\":{\"@type\":\"EntryPoint\",\"urlTemplate\":\"https:\/\/potenciaradiofonicadominicana.com\/portal\/?s={search_term_string}\"},\"query-input\":{\"@type\":\"PropertyValueSpecification\",\"valueRequired\":true,\"valueName\":\"search_term_string\"}}],\"inLanguage\":\"es\"},{\"@type\":\"Organization\",\"@id\":\"https:\/\/potenciaradiofonicadominicana.com\/portal\/#organization\",\"name\":\"PotenciaRadiofonicaDominicana.com\",\"url\":\"https:\/\/potenciaradiofonicadominicana.com\/portal\/\",\"logo\":{\"@type\":\"ImageObject\",\"inLanguage\":\"es\",\"@id\":\"https:\/\/potenciaradiofonicadominicana.com\/portal\/#\/schema\/logo\/image\/\",\"url\":\"https:\/\/potenciaradiofonicadominicana.com\/portal\/wp-content\/uploads\/2022\/01\/descarga.png\",\"contentUrl\":\"https:\/\/potenciaradiofonicadominicana.com\/portal\/wp-content\/uploads\/2022\/01\/descarga.png\",\"width\":300,\"height\":100,\"caption\":\"PotenciaRadiofonicaDominicana.com\"},\"image\":{\"@id\":\"https:\/\/potenciaradiofonicadominicana.com\/portal\/#\/schema\/logo\/image\/\"},\"sameAs\":[\"https:\/\/web.facebook.com\/PotenciaRadiofonicaD\"]},{\"@type\":\"Person\",\"@id\":\"https:\/\/potenciaradiofonicadominicana.com\/portal\/#\/schema\/person\/a5cf1fea13877803ee0573ac18b03490\",\"name\":\"Potencia Radiof\u00f3nica Dominicana\",\"image\":{\"@type\":\"ImageObject\",\"inLanguage\":\"es\",\"@id\":\"https:\/\/potenciaradiofonicadominicana.com\/portal\/#\/schema\/person\/image\/\",\"url\":\"https:\/\/secure.gravatar.com\/avatar\/42a55ab9e8ccc656ba34cd791990602a?s=96&d=mm&r=g\",\"contentUrl\":\"https:\/\/secure.gravatar.com\/avatar\/42a55ab9e8ccc656ba34cd791990602a?s=96&d=mm&r=g\",\"caption\":\"Potencia Radiof\u00f3nica Dominicana\"},\"url\":\"https:\/\/potenciaradiofonicadominicana.com\/portal\/author\/johannyalmanzar\/\"}]}<\/script>\n<!-- \/ Yoast SEO plugin. -->","yoast_head_json":{"title":"Caroline Aquino congel\u00f3 sus \u00f3vulos: \u201cEstoy trabajando para ser mam\u00e1 otra vez\u201d - PotenciaRadiofonicaDominicana.com","robots":{"index":"index","follow":"follow","max-snippet":"max-snippet:-1","max-image-preview":"max-image-preview:large","max-video-preview":"max-video-preview:-1"},"canonical":"https:\/\/potenciaradiofonicadominicana.com\/portal\/caroline-aquino-congelo-sus-ovulos-estoy-trabajando-para-ser-mama-otra-vez\/","og_locale":"es_ES","og_type":"article","og_title":"Caroline Aquino congel\u00f3 sus \u00f3vulos: \u201cEstoy trabajando para ser mam\u00e1 otra vez\u201d - PotenciaRadiofonicaDominicana.com","og_description":"La\u00a0comunicadora Caroline Aquino\u00a0sorprendi\u00f3 al revelar que se someti\u00f3 a un proceso de congelaci\u00f3n de\u00a0\u00f3vulos como parte de su planificaci\u00f3n personal\u00a0y ...","og_url":"https:\/\/potenciaradiofonicadominicana.com\/portal\/caroline-aquino-congelo-sus-ovulos-estoy-trabajando-para-ser-mama-otra-vez\/","og_site_name":"PotenciaRadiofonicaDominicana.com","article_publisher":"https:\/\/web.facebook.com\/PotenciaRadiofonicaD","article_published_time":"2026-04-30T03:12:52+00:00","og_image":[{"width":1200,"height":675,"url":"https:\/\/potenciaradiofonicadominicana.com\/portal\/wp-content\/uploads\/2026\/04\/66b3864a4ebc6.r_d.459-307-0.jpeg","type":"image\/jpeg"}],"author":"Potencia Radiof\u00f3nica Dominicana","twitter_card":"summary_large_image","twitter_misc":{"Escrito por":"Potencia Radiof\u00f3nica Dominicana","Tiempo de lectura":"3 minutos"},"schema":{"@context":"https:\/\/schema.org","@graph":[{"@type":"Article","@id":"https:\/\/potenciaradiofonicadominicana.com\/portal\/caroline-aquino-congelo-sus-ovulos-estoy-trabajando-para-ser-mama-otra-vez\/#article","isPartOf":{"@id":"https:\/\/potenciaradiofonicadominicana.com\/portal\/caroline-aquino-congelo-sus-ovulos-estoy-trabajando-para-ser-mama-otra-vez\/"},"author":{"name":"Potencia Radiof\u00f3nica Dominicana","@id":"https:\/\/potenciaradiofonicadominicana.com\/portal\/#\/schema\/person\/a5cf1fea13877803ee0573ac18b03490"},"headline":"Caroline Aquino congel\u00f3 sus \u00f3vulos: \u201cEstoy trabajando para ser mam\u00e1 otra vez\u201d","datePublished":"2026-04-30T03:12:52+00:00","mainEntityOfPage":{"@id":"https:\/\/potenciaradiofonicadominicana.com\/portal\/caroline-aquino-congelo-sus-ovulos-estoy-trabajando-para-ser-mama-otra-vez\/"},"wordCount":397,"publisher":{"@id":"https:\/\/potenciaradiofonicadominicana.com\/portal\/#organization"},"image":{"@id":"https:\/\/potenciaradiofonicadominicana.com\/portal\/caroline-aquino-congelo-sus-ovulos-estoy-trabajando-para-ser-mama-otra-vez\/#primaryimage"},"thumbnailUrl":"https:\/\/potenciaradiofonicadominicana.com\/portal\/wp-content\/uploads\/2026\/04\/66b3864a4ebc6.r_d.459-307-0.jpeg","articleSection":["Arte y Espectaculo"],"inLanguage":"es"},{"@type":"WebPage","@id":"https:\/\/potenciaradiofonicadominicana.com\/portal\/caroline-aquino-congelo-sus-ovulos-estoy-trabajando-para-ser-mama-otra-vez\/","url":"https:\/\/potenciaradiofonicadominicana.com\/portal\/caroline-aquino-congelo-sus-ovulos-estoy-trabajando-para-ser-mama-otra-vez\/","name":"Caroline Aquino congel\u00f3 sus \u00f3vulos: \u201cEstoy trabajando para ser mam\u00e1 otra vez\u201d - PotenciaRadiofonicaDominicana.com","isPartOf":{"@id":"https:\/\/potenciaradiofonicadominicana.com\/portal\/#website"},"primaryImageOfPage":{"@id":"https:\/\/potenciaradiofonicadominicana.com\/portal\/caroline-aquino-congelo-sus-ovulos-estoy-trabajando-para-ser-mama-otra-vez\/#primaryimage"},"image":{"@id":"https:\/\/potenciaradiofonicadominicana.com\/portal\/caroline-aquino-congelo-sus-ovulos-estoy-trabajando-para-ser-mama-otra-vez\/#primaryimage"},"thumbnailUrl":"https:\/\/potenciaradiofonicadominicana.com\/portal\/wp-content\/uploads\/2026\/04\/66b3864a4ebc6.r_d.459-307-0.jpeg","datePublished":"2026-04-30T03:12:52+00:00","breadcrumb":{"@id":"https:\/\/potenciaradiofonicadominicana.com\/portal\/caroline-aquino-congelo-sus-ovulos-estoy-trabajando-para-ser-mama-otra-vez\/#breadcrumb"},"inLanguage":"es","potentialAction":[{"@type":"ReadAction","target":["https:\/\/potenciaradiofonicadominicana.com\/portal\/caroline-aquino-congelo-sus-ovulos-estoy-trabajando-para-ser-mama-otra-vez\/"]}]},{"@type":"ImageObject","inLanguage":"es","@id":"https:\/\/potenciaradiofonicadominicana.com\/portal\/caroline-aquino-congelo-sus-ovulos-estoy-trabajando-para-ser-mama-otra-vez\/#primaryimage","url":"https:\/\/potenciaradiofonicadominicana.com\/portal\/wp-content\/uploads\/2026\/04\/66b3864a4ebc6.r_d.459-307-0.jpeg","contentUrl":"https:\/\/potenciaradiofonicadominicana.com\/portal\/wp-content\/uploads\/2026\/04\/66b3864a4ebc6.r_d.459-307-0.jpeg","width":1200,"height":675},{"@type":"BreadcrumbList","@id":"https:\/\/potenciaradiofonicadominicana.com\/portal\/caroline-aquino-congelo-sus-ovulos-estoy-trabajando-para-ser-mama-otra-vez\/#breadcrumb","itemListElement":[{"@type":"ListItem","position":1,"name":"Portada","item":"https:\/\/potenciaradiofonicadominicana.com\/portal\/"},{"@type":"ListItem","position":2,"name":"Caroline Aquino congel\u00f3 sus \u00f3vulos: \u201cEstoy trabajando para ser mam\u00e1 otra vez\u201d"}]},{"@type":"WebSite","@id":"https:\/\/potenciaradiofonicadominicana.com\/portal\/#website","url":"https:\/\/potenciaradiofonicadominicana.com\/portal\/","name":"PotenciaRadiofonicaDominicana.com","description":"Peri\u00f3dico Digital","publisher":{"@id":"https:\/\/potenciaradiofonicadominicana.com\/portal\/#organization"},"potentialAction":[{"@type":"SearchAction","target":{"@type":"EntryPoint","urlTemplate":"https:\/\/potenciaradiofonicadominicana.com\/portal\/?s={search_term_string}"},"query-input":{"@type":"PropertyValueSpecification","valueRequired":true,"valueName":"search_term_string"}}],"inLanguage":"es"},{"@type":"Organization","@id":"https:\/\/potenciaradiofonicadominicana.com\/portal\/#organization","name":"PotenciaRadiofonicaDominicana.com","url":"https:\/\/potenciaradiofonicadominicana.com\/portal\/","logo":{"@type":"ImageObject","inLanguage":"es","@id":"https:\/\/potenciaradiofonicadominicana.com\/portal\/#\/schema\/logo\/image\/","url":"https:\/\/potenciaradiofonicadominicana.com\/portal\/wp-content\/uploads\/2022\/01\/descarga.png","contentUrl":"https:\/\/potenciaradiofonicadominicana.com\/portal\/wp-content\/uploads\/2022\/01\/descarga.png","width":300,"height":100,"caption":"PotenciaRadiofonicaDominicana.com"},"image":{"@id":"https:\/\/potenciaradiofonicadominicana.com\/portal\/#\/schema\/logo\/image\/"},"sameAs":["https:\/\/web.facebook.com\/PotenciaRadiofonicaD"]},{"@type":"Person","@id":"https:\/\/potenciaradiofonicadominicana.com\/portal\/#\/schema\/person\/a5cf1fea13877803ee0573ac18b03490","name":"Potencia Radiof\u00f3nica Dominicana","image":{"@type":"ImageObject","inLanguage":"es","@id":"https:\/\/potenciaradiofonicadominicana.com\/portal\/#\/schema\/person\/image\/","url":"https:\/\/secure.gravatar.com\/avatar\/42a55ab9e8ccc656ba34cd791990602a?s=96&d=mm&r=g","contentUrl":"https:\/\/secure.gravatar.com\/avatar\/42a55ab9e8ccc656ba34cd791990602a?s=96&d=mm&r=g","caption":"Potencia Radiof\u00f3nica Dominicana"},"url":"https:\/\/potenciaradiofonicadominicana.com\/portal\/author\/johannyalmanzar\/"}]}},"_links":{"self":[{"href":"https:\/\/potenciaradiofonicadominicana.com\/portal\/wp-json\/wp\/v2\/posts\/216220","targetHints":{"allow":["GET"]}}],"collection":[{"href":"https:\/\/potenciaradiofonicadominicana.com\/portal\/wp-json\/wp\/v2\/posts"}],"about":[{"href":"https:\/\/potenciaradiofonicadominicana.com\/portal\/wp-json\/wp\/v2\/types\/post"}],"author":[{"embeddable":true,"href":"https:\/\/potenciaradiofonicadominicana.com\/portal\/wp-json\/wp\/v2\/users\/2"}],"replies":[{"embeddable":true,"href":"https:\/\/potenciaradiofonicadominicana.com\/portal\/wp-json\/wp\/v2\/comments?post=216220"}],"version-history":[{"count":1,"href":"https:\/\/potenciaradiofonicadominicana.com\/portal\/wp-json\/wp\/v2\/posts\/216220\/revisions"}],"predecessor-version":[{"id":216224,"href":"https:\/\/potenciaradiofonicadominicana.com\/portal\/wp-json\/wp\/v2\/posts\/216220\/revisions\/216224"}],"wp:featuredmedia":[{"embeddable":true,"href":"https:\/\/potenciaradiofonicadominicana.com\/portal\/wp-json\/wp\/v2\/media\/216222"}],"wp:attachment":[{"href":"https:\/\/potenciaradiofonicadominicana.com\/portal\/wp-json\/wp\/v2\/media?parent=216220"}],"wp:term":[{"taxonomy":"category","embeddable":true,"href":"https:\/\/potenciaradiofonicadominicana.com\/portal\/wp-json\/wp\/v2\/categories?post=216220"},{"taxonomy":"post_tag","embeddable":true,"href":"https:\/\/potenciaradiofonicadominicana.com\/portal\/wp-json\/wp\/v2\/tags?post=216220"}],"curies":[{"name":"wp","href":"https:\/\/api.w.org\/{rel}","templated":true}]}}