{"id":216214,"date":"2026-04-29T23:11:15","date_gmt":"2026-04-30T03:11:15","guid":{"rendered":"https:\/\/potenciaradiofonicadominicana.com\/portal\/?p=216214"},"modified":"2026-04-29T23:11:15","modified_gmt":"2026-04-30T03:11:15","slug":"exportaciones-dominicanas-alcanzan-los-us3738-6-millones-en-el-primer-trimestre","status":"publish","type":"post","link":"https:\/\/potenciaradiofonicadominicana.com\/portal\/exportaciones-dominicanas-alcanzan-los-us3738-6-millones-en-el-primer-trimestre\/","title":{"rendered":"Exportaciones dominicanas alcanzan los US$3,738.6 millones en el primer trimestre"},"content":{"rendered":"<p><a href=\"https:\/\/potenciaradiofonicadominicana.com\/portal\/wp-content\/uploads\/2026\/04\/exportaciones-superan-los-us3600-millones-en-primer-trimestre-2026-f66071eb-focus-0.39-0.09-896-504.jpg\"><img loading=\"lazy\" decoding=\"async\" class=\"alignnone size-full wp-image-216216\" src=\"https:\/\/potenciaradiofonicadominicana.com\/portal\/wp-content\/uploads\/2026\/04\/exportaciones-superan-los-us3600-millones-en-primer-trimestre-2026-f66071eb-focus-0.39-0.09-896-504.jpg\" alt=\"\" width=\"896\" height=\"504\" srcset=\"https:\/\/potenciaradiofonicadominicana.com\/portal\/wp-content\/uploads\/2026\/04\/exportaciones-superan-los-us3600-millones-en-primer-trimestre-2026-f66071eb-focus-0.39-0.09-896-504.jpg 896w, https:\/\/potenciaradiofonicadominicana.com\/portal\/wp-content\/uploads\/2026\/04\/exportaciones-superan-los-us3600-millones-en-primer-trimestre-2026-f66071eb-focus-0.39-0.09-896-504-300x169.jpg 300w, https:\/\/potenciaradiofonicadominicana.com\/portal\/wp-content\/uploads\/2026\/04\/exportaciones-superan-los-us3600-millones-en-primer-trimestre-2026-f66071eb-focus-0.39-0.09-896-504-768x432.jpg 768w\" sizes=\"auto, (max-width: 896px) 100vw, 896px\" \/><\/a><\/p>\n<p>La directora ejecutiva del Centro de Exportaci\u00f3n e Inversi\u00f3n de la Rep\u00fablica Dominicana\u00a0(ProDominicana),\u00a0Biviana Riveiro, afirm\u00f3 que durante el per\u00edodo enero\u2013marzo de 2026 las\u00a0exportaciones\u00a0del pa\u00eds alcanzaron los\u00a03,738.6 millones de d\u00f3lares.<\/p>\n<p>Riveiro indic\u00f3 que estos resultados evidencian la\u00a0resiliencia\u00a0y el potencial de la oferta exportable nacional, la cual dijo contin\u00faa posicion\u00e1ndose en\u00a0mercados estrat\u00e9gicos\u00a0como Estados Unidos, Canad\u00e1, Hait\u00ed, India, Puerto Rico, Pa\u00edses Bajos y China, reflejando una\u00a0diversificaci\u00f3n sostenida\u00a0de los destinos de exportaci\u00f3n.<\/p>\n<p>\u00abEl\u00a0fortalecimiento\u00a0de la\u00a0competitividad exportadora\u00a0no es una opci\u00f3n, sino una\u00a0necesidad\u00a0para garantizar la inserci\u00f3n efectiva de nuestras empresas en el comercio global\u00bb, expres\u00f3.<\/p>\n<p>Sus declaraciones fueron ofrecidas durante el\u00a0encuentro\u00a0\u00abCompetitividad exportadora: c\u00f3mo diversificar mercados y competir globalmente\u00bb, un evento realizado en conjunto con\u00a0Banco Popular Dominicano\u00a0y la Red Global de Exportaci\u00f3n (RGX).<\/p>\n<p>Acciones y retos<\/p>\n<p>El director de RGX,\u00a0Diego Frediani, present\u00f3 el \u00cdndice de\u00a0Competitividad Exportadora\u00a0Sostenible, abordando las principales\u00a0brechas y retos\u00a0del sector y dijo que el pa\u00eds cuenta con un gran potencial exportador, pero es fundamental continuar cerrando brechas en competitividad, innovaci\u00f3n y adaptaci\u00f3n a las exigencias de los\u00a0mercados internacionales.<\/p>\n<div class=\"my-12 component web-insert-bullet relative border bg-component\">\n<p>Frediani tambi\u00e9n destac\u00f3 la importancia de la diversificaci\u00f3n de mercados en un contexto global desafiante, al se\u00f1alar que la identificaci\u00f3n de la demanda internacional, el uso de herramientas digitales, el comercio electr\u00f3nico y la inteligencia artificial, junto con certificaciones de calidad, son factores determinantes para lograr una inserci\u00f3n exitosa en el comercio mundial.<\/p>\n<\/div>\n<p>En materia financiera, el vicepresidente de productos especializados del Banco Popular,\u00a0Jorge Luis Arias,\u00a0manifest\u00f3 el rol del\u00a0financiamiento\u00a0como habilitador del\u00a0crecimiento exportador.<\/p>\n<p>\u00abEl\u00a0acceso a herramientas financieras\u00a0adecuadas permite a las empresas fortalecer su capacidad productiva,\u00a0innovar\u00a0y competir en\u00a0mercados internacionales\u00a0con mayor valor agregado\u00bb, indic\u00f3.<\/p>\n<div id=\"dl_300x250_inread_3\" data-google-query-id=\"CNj-39nMlJQDFbUSigMdsl4vRQ\">\n<div id=\"google_ads_iframe_\/1659553\/dl_300x250_inread_3_0__container__\"><\/div>\n<\/div>\n","protected":false},"excerpt":{"rendered":"<p>La directora ejecutiva del Centro de Exportaci\u00f3n e Inversi\u00f3n de la Rep\u00fablica Dominicana\u00a0(ProDominicana),\u00a0Biviana Riveiro, afirm\u00f3 que durante el per\u00edodo enero\u2013marzo &#8230;<\/p>\n","protected":false},"author":2,"featured_media":216216,"comment_status":"closed","ping_status":"closed","sticky":false,"template":"","format":"standard","meta":{"footnotes":""},"categories":[26],"tags":[],"class_list":["post-216214","post","type-post","status-publish","format-standard","has-post-thumbnail","hentry","category-economia"],"yoast_head":"<!-- This site is optimized with the Yoast SEO plugin v24.8.1 - https:\/\/yoast.com\/wordpress\/plugins\/seo\/ -->\n<title>Exportaciones dominicanas alcanzan los US$3,738.6 millones en el primer trimestre - PotenciaRadiofonicaDominicana.com<\/title>\n<meta name=\"robots\" content=\"index, follow, max-snippet:-1, max-image-preview:large, max-video-preview:-1\" \/>\n<link rel=\"canonical\" href=\"https:\/\/potenciaradiofonicadominicana.com\/portal\/exportaciones-dominicanas-alcanzan-los-us3738-6-millones-en-el-primer-trimestre\/\" \/>\n<meta property=\"og:locale\" content=\"es_ES\" \/>\n<meta property=\"og:type\" content=\"article\" \/>\n<meta property=\"og:title\" content=\"Exportaciones dominicanas alcanzan los US$3,738.6 millones en el primer trimestre - PotenciaRadiofonicaDominicana.com\" \/>\n<meta property=\"og:description\" content=\"La directora ejecutiva del Centro de Exportaci\u00f3n e Inversi\u00f3n de la Rep\u00fablica Dominicana\u00a0(ProDominicana),\u00a0Biviana Riveiro, afirm\u00f3 que durante el per\u00edodo enero\u2013marzo ...\" \/>\n<meta property=\"og:url\" content=\"https:\/\/potenciaradiofonicadominicana.com\/portal\/exportaciones-dominicanas-alcanzan-los-us3738-6-millones-en-el-primer-trimestre\/\" \/>\n<meta property=\"og:site_name\" content=\"PotenciaRadiofonicaDominicana.com\" \/>\n<meta property=\"article:publisher\" content=\"https:\/\/web.facebook.com\/PotenciaRadiofonicaD\" \/>\n<meta property=\"article:published_time\" content=\"2026-04-30T03:11:15+00:00\" \/>\n<meta property=\"og:image\" content=\"https:\/\/potenciaradiofonicadominicana.com\/portal\/wp-content\/uploads\/2026\/04\/exportaciones-superan-los-us3600-millones-en-primer-trimestre-2026-f66071eb-focus-0.39-0.09-896-504.jpg\" \/>\n\t<meta property=\"og:image:width\" content=\"896\" \/>\n\t<meta property=\"og:image:height\" content=\"504\" \/>\n\t<meta property=\"og:image:type\" content=\"image\/jpeg\" \/>\n<meta name=\"author\" content=\"Potencia Radiof\u00f3nica Dominicana\" \/>\n<meta name=\"twitter:card\" content=\"summary_large_image\" \/>\n<meta name=\"twitter:label1\" content=\"Escrito por\" \/>\n\t<meta name=\"twitter:data1\" content=\"Potencia Radiof\u00f3nica Dominicana\" \/>\n\t<meta name=\"twitter:label2\" content=\"Tiempo de lectura\" \/>\n\t<meta name=\"twitter:data2\" content=\"2 minutos\" \/>\n<script type=\"application\/ld+json\" class=\"yoast-schema-graph\">{\"@context\":\"https:\/\/schema.org\",\"@graph\":[{\"@type\":\"Article\",\"@id\":\"https:\/\/potenciaradiofonicadominicana.com\/portal\/exportaciones-dominicanas-alcanzan-los-us3738-6-millones-en-el-primer-trimestre\/#article\",\"isPartOf\":{\"@id\":\"https:\/\/potenciaradiofonicadominicana.com\/portal\/exportaciones-dominicanas-alcanzan-los-us3738-6-millones-en-el-primer-trimestre\/\"},\"author\":{\"name\":\"Potencia Radiof\u00f3nica Dominicana\",\"@id\":\"https:\/\/potenciaradiofonicadominicana.com\/portal\/#\/schema\/person\/a5cf1fea13877803ee0573ac18b03490\"},\"headline\":\"Exportaciones dominicanas alcanzan los US$3,738.6 millones en el primer trimestre\",\"datePublished\":\"2026-04-30T03:11:15+00:00\",\"mainEntityOfPage\":{\"@id\":\"https:\/\/potenciaradiofonicadominicana.com\/portal\/exportaciones-dominicanas-alcanzan-los-us3738-6-millones-en-el-primer-trimestre\/\"},\"wordCount\":325,\"publisher\":{\"@id\":\"https:\/\/potenciaradiofonicadominicana.com\/portal\/#organization\"},\"image\":{\"@id\":\"https:\/\/potenciaradiofonicadominicana.com\/portal\/exportaciones-dominicanas-alcanzan-los-us3738-6-millones-en-el-primer-trimestre\/#primaryimage\"},\"thumbnailUrl\":\"https:\/\/potenciaradiofonicadominicana.com\/portal\/wp-content\/uploads\/2026\/04\/exportaciones-superan-los-us3600-millones-en-primer-trimestre-2026-f66071eb-focus-0.39-0.09-896-504.jpg\",\"articleSection\":[\"Econom\u00eda\"],\"inLanguage\":\"es\"},{\"@type\":\"WebPage\",\"@id\":\"https:\/\/potenciaradiofonicadominicana.com\/portal\/exportaciones-dominicanas-alcanzan-los-us3738-6-millones-en-el-primer-trimestre\/\",\"url\":\"https:\/\/potenciaradiofonicadominicana.com\/portal\/exportaciones-dominicanas-alcanzan-los-us3738-6-millones-en-el-primer-trimestre\/\",\"name\":\"Exportaciones dominicanas alcanzan los US$3,738.6 millones en el primer trimestre - PotenciaRadiofonicaDominicana.com\",\"isPartOf\":{\"@id\":\"https:\/\/potenciaradiofonicadominicana.com\/portal\/#website\"},\"primaryImageOfPage\":{\"@id\":\"https:\/\/potenciaradiofonicadominicana.com\/portal\/exportaciones-dominicanas-alcanzan-los-us3738-6-millones-en-el-primer-trimestre\/#primaryimage\"},\"image\":{\"@id\":\"https:\/\/potenciaradiofonicadominicana.com\/portal\/exportaciones-dominicanas-alcanzan-los-us3738-6-millones-en-el-primer-trimestre\/#primaryimage\"},\"thumbnailUrl\":\"https:\/\/potenciaradiofonicadominicana.com\/portal\/wp-content\/uploads\/2026\/04\/exportaciones-superan-los-us3600-millones-en-primer-trimestre-2026-f66071eb-focus-0.39-0.09-896-504.jpg\",\"datePublished\":\"2026-04-30T03:11:15+00:00\",\"breadcrumb\":{\"@id\":\"https:\/\/potenciaradiofonicadominicana.com\/portal\/exportaciones-dominicanas-alcanzan-los-us3738-6-millones-en-el-primer-trimestre\/#breadcrumb\"},\"inLanguage\":\"es\",\"potentialAction\":[{\"@type\":\"ReadAction\",\"target\":[\"https:\/\/potenciaradiofonicadominicana.com\/portal\/exportaciones-dominicanas-alcanzan-los-us3738-6-millones-en-el-primer-trimestre\/\"]}]},{\"@type\":\"ImageObject\",\"inLanguage\":\"es\",\"@id\":\"https:\/\/potenciaradiofonicadominicana.com\/portal\/exportaciones-dominicanas-alcanzan-los-us3738-6-millones-en-el-primer-trimestre\/#primaryimage\",\"url\":\"https:\/\/potenciaradiofonicadominicana.com\/portal\/wp-content\/uploads\/2026\/04\/exportaciones-superan-los-us3600-millones-en-primer-trimestre-2026-f66071eb-focus-0.39-0.09-896-504.jpg\",\"contentUrl\":\"https:\/\/potenciaradiofonicadominicana.com\/portal\/wp-content\/uploads\/2026\/04\/exportaciones-superan-los-us3600-millones-en-primer-trimestre-2026-f66071eb-focus-0.39-0.09-896-504.jpg\",\"width\":896,\"height\":504},{\"@type\":\"BreadcrumbList\",\"@id\":\"https:\/\/potenciaradiofonicadominicana.com\/portal\/exportaciones-dominicanas-alcanzan-los-us3738-6-millones-en-el-primer-trimestre\/#breadcrumb\",\"itemListElement\":[{\"@type\":\"ListItem\",\"position\":1,\"name\":\"Portada\",\"item\":\"https:\/\/potenciaradiofonicadominicana.com\/portal\/\"},{\"@type\":\"ListItem\",\"position\":2,\"name\":\"Exportaciones dominicanas alcanzan los US$3,738.6 millones en el primer trimestre\"}]},{\"@type\":\"WebSite\",\"@id\":\"https:\/\/potenciaradiofonicadominicana.com\/portal\/#website\",\"url\":\"https:\/\/potenciaradiofonicadominicana.com\/portal\/\",\"name\":\"PotenciaRadiofonicaDominicana.com\",\"description\":\"Peri\u00f3dico Digital\",\"publisher\":{\"@id\":\"https:\/\/potenciaradiofonicadominicana.com\/portal\/#organization\"},\"potentialAction\":[{\"@type\":\"SearchAction\",\"target\":{\"@type\":\"EntryPoint\",\"urlTemplate\":\"https:\/\/potenciaradiofonicadominicana.com\/portal\/?s={search_term_string}\"},\"query-input\":{\"@type\":\"PropertyValueSpecification\",\"valueRequired\":true,\"valueName\":\"search_term_string\"}}],\"inLanguage\":\"es\"},{\"@type\":\"Organization\",\"@id\":\"https:\/\/potenciaradiofonicadominicana.com\/portal\/#organization\",\"name\":\"PotenciaRadiofonicaDominicana.com\",\"url\":\"https:\/\/potenciaradiofonicadominicana.com\/portal\/\",\"logo\":{\"@type\":\"ImageObject\",\"inLanguage\":\"es\",\"@id\":\"https:\/\/potenciaradiofonicadominicana.com\/portal\/#\/schema\/logo\/image\/\",\"url\":\"https:\/\/potenciaradiofonicadominicana.com\/portal\/wp-content\/uploads\/2022\/01\/descarga.png\",\"contentUrl\":\"https:\/\/potenciaradiofonicadominicana.com\/portal\/wp-content\/uploads\/2022\/01\/descarga.png\",\"width\":300,\"height\":100,\"caption\":\"PotenciaRadiofonicaDominicana.com\"},\"image\":{\"@id\":\"https:\/\/potenciaradiofonicadominicana.com\/portal\/#\/schema\/logo\/image\/\"},\"sameAs\":[\"https:\/\/web.facebook.com\/PotenciaRadiofonicaD\"]},{\"@type\":\"Person\",\"@id\":\"https:\/\/potenciaradiofonicadominicana.com\/portal\/#\/schema\/person\/a5cf1fea13877803ee0573ac18b03490\",\"name\":\"Potencia Radiof\u00f3nica Dominicana\",\"image\":{\"@type\":\"ImageObject\",\"inLanguage\":\"es\",\"@id\":\"https:\/\/potenciaradiofonicadominicana.com\/portal\/#\/schema\/person\/image\/\",\"url\":\"https:\/\/secure.gravatar.com\/avatar\/42a55ab9e8ccc656ba34cd791990602a?s=96&d=mm&r=g\",\"contentUrl\":\"https:\/\/secure.gravatar.com\/avatar\/42a55ab9e8ccc656ba34cd791990602a?s=96&d=mm&r=g\",\"caption\":\"Potencia Radiof\u00f3nica Dominicana\"},\"url\":\"https:\/\/potenciaradiofonicadominicana.com\/portal\/author\/johannyalmanzar\/\"}]}<\/script>\n<!-- \/ Yoast SEO plugin. -->","yoast_head_json":{"title":"Exportaciones dominicanas alcanzan los US$3,738.6 millones en el primer trimestre - PotenciaRadiofonicaDominicana.com","robots":{"index":"index","follow":"follow","max-snippet":"max-snippet:-1","max-image-preview":"max-image-preview:large","max-video-preview":"max-video-preview:-1"},"canonical":"https:\/\/potenciaradiofonicadominicana.com\/portal\/exportaciones-dominicanas-alcanzan-los-us3738-6-millones-en-el-primer-trimestre\/","og_locale":"es_ES","og_type":"article","og_title":"Exportaciones dominicanas alcanzan los US$3,738.6 millones en el primer trimestre - PotenciaRadiofonicaDominicana.com","og_description":"La directora ejecutiva del Centro de Exportaci\u00f3n e Inversi\u00f3n de la Rep\u00fablica Dominicana\u00a0(ProDominicana),\u00a0Biviana Riveiro, afirm\u00f3 que durante el per\u00edodo enero\u2013marzo ...","og_url":"https:\/\/potenciaradiofonicadominicana.com\/portal\/exportaciones-dominicanas-alcanzan-los-us3738-6-millones-en-el-primer-trimestre\/","og_site_name":"PotenciaRadiofonicaDominicana.com","article_publisher":"https:\/\/web.facebook.com\/PotenciaRadiofonicaD","article_published_time":"2026-04-30T03:11:15+00:00","og_image":[{"width":896,"height":504,"url":"https:\/\/potenciaradiofonicadominicana.com\/portal\/wp-content\/uploads\/2026\/04\/exportaciones-superan-los-us3600-millones-en-primer-trimestre-2026-f66071eb-focus-0.39-0.09-896-504.jpg","type":"image\/jpeg"}],"author":"Potencia Radiof\u00f3nica Dominicana","twitter_card":"summary_large_image","twitter_misc":{"Escrito por":"Potencia Radiof\u00f3nica Dominicana","Tiempo de lectura":"2 minutos"},"schema":{"@context":"https:\/\/schema.org","@graph":[{"@type":"Article","@id":"https:\/\/potenciaradiofonicadominicana.com\/portal\/exportaciones-dominicanas-alcanzan-los-us3738-6-millones-en-el-primer-trimestre\/#article","isPartOf":{"@id":"https:\/\/potenciaradiofonicadominicana.com\/portal\/exportaciones-dominicanas-alcanzan-los-us3738-6-millones-en-el-primer-trimestre\/"},"author":{"name":"Potencia Radiof\u00f3nica Dominicana","@id":"https:\/\/potenciaradiofonicadominicana.com\/portal\/#\/schema\/person\/a5cf1fea13877803ee0573ac18b03490"},"headline":"Exportaciones dominicanas alcanzan los US$3,738.6 millones en el primer trimestre","datePublished":"2026-04-30T03:11:15+00:00","mainEntityOfPage":{"@id":"https:\/\/potenciaradiofonicadominicana.com\/portal\/exportaciones-dominicanas-alcanzan-los-us3738-6-millones-en-el-primer-trimestre\/"},"wordCount":325,"publisher":{"@id":"https:\/\/potenciaradiofonicadominicana.com\/portal\/#organization"},"image":{"@id":"https:\/\/potenciaradiofonicadominicana.com\/portal\/exportaciones-dominicanas-alcanzan-los-us3738-6-millones-en-el-primer-trimestre\/#primaryimage"},"thumbnailUrl":"https:\/\/potenciaradiofonicadominicana.com\/portal\/wp-content\/uploads\/2026\/04\/exportaciones-superan-los-us3600-millones-en-primer-trimestre-2026-f66071eb-focus-0.39-0.09-896-504.jpg","articleSection":["Econom\u00eda"],"inLanguage":"es"},{"@type":"WebPage","@id":"https:\/\/potenciaradiofonicadominicana.com\/portal\/exportaciones-dominicanas-alcanzan-los-us3738-6-millones-en-el-primer-trimestre\/","url":"https:\/\/potenciaradiofonicadominicana.com\/portal\/exportaciones-dominicanas-alcanzan-los-us3738-6-millones-en-el-primer-trimestre\/","name":"Exportaciones dominicanas alcanzan los US$3,738.6 millones en el primer trimestre - PotenciaRadiofonicaDominicana.com","isPartOf":{"@id":"https:\/\/potenciaradiofonicadominicana.com\/portal\/#website"},"primaryImageOfPage":{"@id":"https:\/\/potenciaradiofonicadominicana.com\/portal\/exportaciones-dominicanas-alcanzan-los-us3738-6-millones-en-el-primer-trimestre\/#primaryimage"},"image":{"@id":"https:\/\/potenciaradiofonicadominicana.com\/portal\/exportaciones-dominicanas-alcanzan-los-us3738-6-millones-en-el-primer-trimestre\/#primaryimage"},"thumbnailUrl":"https:\/\/potenciaradiofonicadominicana.com\/portal\/wp-content\/uploads\/2026\/04\/exportaciones-superan-los-us3600-millones-en-primer-trimestre-2026-f66071eb-focus-0.39-0.09-896-504.jpg","datePublished":"2026-04-30T03:11:15+00:00","breadcrumb":{"@id":"https:\/\/potenciaradiofonicadominicana.com\/portal\/exportaciones-dominicanas-alcanzan-los-us3738-6-millones-en-el-primer-trimestre\/#breadcrumb"},"inLanguage":"es","potentialAction":[{"@type":"ReadAction","target":["https:\/\/potenciaradiofonicadominicana.com\/portal\/exportaciones-dominicanas-alcanzan-los-us3738-6-millones-en-el-primer-trimestre\/"]}]},{"@type":"ImageObject","inLanguage":"es","@id":"https:\/\/potenciaradiofonicadominicana.com\/portal\/exportaciones-dominicanas-alcanzan-los-us3738-6-millones-en-el-primer-trimestre\/#primaryimage","url":"https:\/\/potenciaradiofonicadominicana.com\/portal\/wp-content\/uploads\/2026\/04\/exportaciones-superan-los-us3600-millones-en-primer-trimestre-2026-f66071eb-focus-0.39-0.09-896-504.jpg","contentUrl":"https:\/\/potenciaradiofonicadominicana.com\/portal\/wp-content\/uploads\/2026\/04\/exportaciones-superan-los-us3600-millones-en-primer-trimestre-2026-f66071eb-focus-0.39-0.09-896-504.jpg","width":896,"height":504},{"@type":"BreadcrumbList","@id":"https:\/\/potenciaradiofonicadominicana.com\/portal\/exportaciones-dominicanas-alcanzan-los-us3738-6-millones-en-el-primer-trimestre\/#breadcrumb","itemListElement":[{"@type":"ListItem","position":1,"name":"Portada","item":"https:\/\/potenciaradiofonicadominicana.com\/portal\/"},{"@type":"ListItem","position":2,"name":"Exportaciones dominicanas alcanzan los US$3,738.6 millones en el primer trimestre"}]},{"@type":"WebSite","@id":"https:\/\/potenciaradiofonicadominicana.com\/portal\/#website","url":"https:\/\/potenciaradiofonicadominicana.com\/portal\/","name":"PotenciaRadiofonicaDominicana.com","description":"Peri\u00f3dico Digital","publisher":{"@id":"https:\/\/potenciaradiofonicadominicana.com\/portal\/#organization"},"potentialAction":[{"@type":"SearchAction","target":{"@type":"EntryPoint","urlTemplate":"https:\/\/potenciaradiofonicadominicana.com\/portal\/?s={search_term_string}"},"query-input":{"@type":"PropertyValueSpecification","valueRequired":true,"valueName":"search_term_string"}}],"inLanguage":"es"},{"@type":"Organization","@id":"https:\/\/potenciaradiofonicadominicana.com\/portal\/#organization","name":"PotenciaRadiofonicaDominicana.com","url":"https:\/\/potenciaradiofonicadominicana.com\/portal\/","logo":{"@type":"ImageObject","inLanguage":"es","@id":"https:\/\/potenciaradiofonicadominicana.com\/portal\/#\/schema\/logo\/image\/","url":"https:\/\/potenciaradiofonicadominicana.com\/portal\/wp-content\/uploads\/2022\/01\/descarga.png","contentUrl":"https:\/\/potenciaradiofonicadominicana.com\/portal\/wp-content\/uploads\/2022\/01\/descarga.png","width":300,"height":100,"caption":"PotenciaRadiofonicaDominicana.com"},"image":{"@id":"https:\/\/potenciaradiofonicadominicana.com\/portal\/#\/schema\/logo\/image\/"},"sameAs":["https:\/\/web.facebook.com\/PotenciaRadiofonicaD"]},{"@type":"Person","@id":"https:\/\/potenciaradiofonicadominicana.com\/portal\/#\/schema\/person\/a5cf1fea13877803ee0573ac18b03490","name":"Potencia Radiof\u00f3nica Dominicana","image":{"@type":"ImageObject","inLanguage":"es","@id":"https:\/\/potenciaradiofonicadominicana.com\/portal\/#\/schema\/person\/image\/","url":"https:\/\/secure.gravatar.com\/avatar\/42a55ab9e8ccc656ba34cd791990602a?s=96&d=mm&r=g","contentUrl":"https:\/\/secure.gravatar.com\/avatar\/42a55ab9e8ccc656ba34cd791990602a?s=96&d=mm&r=g","caption":"Potencia Radiof\u00f3nica Dominicana"},"url":"https:\/\/potenciaradiofonicadominicana.com\/portal\/author\/johannyalmanzar\/"}]}},"_links":{"self":[{"href":"https:\/\/potenciaradiofonicadominicana.com\/portal\/wp-json\/wp\/v2\/posts\/216214","targetHints":{"allow":["GET"]}}],"collection":[{"href":"https:\/\/potenciaradiofonicadominicana.com\/portal\/wp-json\/wp\/v2\/posts"}],"about":[{"href":"https:\/\/potenciaradiofonicadominicana.com\/portal\/wp-json\/wp\/v2\/types\/post"}],"author":[{"embeddable":true,"href":"https:\/\/potenciaradiofonicadominicana.com\/portal\/wp-json\/wp\/v2\/users\/2"}],"replies":[{"embeddable":true,"href":"https:\/\/potenciaradiofonicadominicana.com\/portal\/wp-json\/wp\/v2\/comments?post=216214"}],"version-history":[{"count":1,"href":"https:\/\/potenciaradiofonicadominicana.com\/portal\/wp-json\/wp\/v2\/posts\/216214\/revisions"}],"predecessor-version":[{"id":216218,"href":"https:\/\/potenciaradiofonicadominicana.com\/portal\/wp-json\/wp\/v2\/posts\/216214\/revisions\/216218"}],"wp:featuredmedia":[{"embeddable":true,"href":"https:\/\/potenciaradiofonicadominicana.com\/portal\/wp-json\/wp\/v2\/media\/216216"}],"wp:attachment":[{"href":"https:\/\/potenciaradiofonicadominicana.com\/portal\/wp-json\/wp\/v2\/media?parent=216214"}],"wp:term":[{"taxonomy":"category","embeddable":true,"href":"https:\/\/potenciaradiofonicadominicana.com\/portal\/wp-json\/wp\/v2\/categories?post=216214"},{"taxonomy":"post_tag","embeddable":true,"href":"https:\/\/potenciaradiofonicadominicana.com\/portal\/wp-json\/wp\/v2\/tags?post=216214"}],"curies":[{"name":"wp","href":"https:\/\/api.w.org\/{rel}","templated":true}]}}