{"id":216212,"date":"2026-04-29T23:10:33","date_gmt":"2026-04-30T03:10:33","guid":{"rendered":"https:\/\/potenciaradiofonicadominicana.com\/portal\/?p=216212"},"modified":"2026-04-29T23:10:33","modified_gmt":"2026-04-30T03:10:33","slug":"madre-de-jaafar-tuvo-una-relacion-sentimental-e-hijos-con-dos-de-los-hermanos-del-rey-del-pop","status":"publish","type":"post","link":"https:\/\/potenciaradiofonicadominicana.com\/portal\/madre-de-jaafar-tuvo-una-relacion-sentimental-e-hijos-con-dos-de-los-hermanos-del-rey-del-pop\/","title":{"rendered":"Madre de Jaafar tuvo una relaci\u00f3n sentimental e hijos con dos de los hermanos del Rey del Pop"},"content":{"rendered":"<p><a href=\"https:\/\/potenciaradiofonicadominicana.com\/portal\/wp-content\/uploads\/2026\/04\/94592dfdd93f-gettyimages-2272395382.jpg\"><img loading=\"lazy\" decoding=\"async\" class=\"alignnone size-full wp-image-216215\" src=\"https:\/\/potenciaradiofonicadominicana.com\/portal\/wp-content\/uploads\/2026\/04\/94592dfdd93f-gettyimages-2272395382.jpg\" alt=\"\" width=\"960\" height=\"639\" srcset=\"https:\/\/potenciaradiofonicadominicana.com\/portal\/wp-content\/uploads\/2026\/04\/94592dfdd93f-gettyimages-2272395382.jpg 960w, https:\/\/potenciaradiofonicadominicana.com\/portal\/wp-content\/uploads\/2026\/04\/94592dfdd93f-gettyimages-2272395382-300x200.jpg 300w, https:\/\/potenciaradiofonicadominicana.com\/portal\/wp-content\/uploads\/2026\/04\/94592dfdd93f-gettyimages-2272395382-768x511.jpg 768w\" sizes=\"auto, (max-width: 960px) 100vw, 960px\" \/><\/a><\/p>\n<p>Nueva York.- La historia de Alejandra, la madre de Jaafar, sobrino del Rey del Pop, en la familia Jackson es singular, pues tuvo una relaci\u00f3n sentimental e hijos con dos de los hermanos del fallecido cantante.<\/p>\n<p>Seg\u00fan relat\u00f3 ella misma hace unos a\u00f1os en una entrevista con el programa Los Informantes, de Caracol Televisi\u00f3n, se fue de Colombia junto a su familia a vivir a California a los 11 a\u00f1os.<\/p>\n<p>Siendo muy joven, conoci\u00f3 a Randy, el menor de los varones Jackson, iniciaron una relaci\u00f3n y qued\u00f3 embarazada de su primera hija, Genevieve.<\/p>\n<p>Pero la relaci\u00f3n se deterior\u00f3 y ella decidi\u00f3 volver a Colombia. Al llegar, se enter\u00f3 de que estaba embarazada de nuevo.<\/p>\n<p>Alejandra tuvo a su segundo hijo, Randy Jr., en su pa\u00eds natal y vivi\u00f3 algunos meses con ambos en un pueblo de los llanos orientales. Hasta all\u00ed lleg\u00f3 busc\u00e1ndola Randy padre.<\/p>\n<p>Durante esa visita, en 1993, el hermano Jackson fue brevemente retenido por la guerrilla del ELN, seg\u00fan registr\u00f3 en su momento la revista Newsweek.<\/p>\n<p>Los guerrilleros no sab\u00edan de qui\u00e9n se trataba y lo terminaron liberando creyendo que era un pastor cristiano, cont\u00f3 Alejandra en el programa Los Informantes.<\/p>\n<p>Despu\u00e9s de este episodio, Alejandra volvi\u00f3 a Estados Unidos, y desde ese momento vivi\u00f3 en una enorme propiedad de la familia Jackson.<\/p>\n<p>Su relaci\u00f3n con Randy se termin\u00f3 definitivamente unos a\u00f1os despu\u00e9s, y fue entonces cuando Alejandra empez\u00f3 a acercarse a otro de los Jackson, Jermaine.<\/p>\n<p>El periodista Stacy Brown, quien fue amigo cercano de la familia Jackson y luego revel\u00f3 varias de sus intimidades, record\u00f3 en un art\u00edculo para el New York Post que Alejandra le dijo: \u00abRandy no me trataba como si yo fuera la indicada. Simplemente pens\u00e9 que Jermaine era diferente, que estaba m\u00e1s orientado a la familia\u00bb.<\/p>\n<p>La relaci\u00f3n evolucion\u00f3 r\u00e1pidamente y terminaron cas\u00e1ndose a escondidas en 1995.<\/p>\n<p>De ese matrimonio, nacieron otros dos ni\u00f1os: Jaafar, quien interpreta a Michael Jackson en la pel\u00edcula recientemente estrenada, y Jermajesty.<\/p>\n<p>Alejandra y Jermaine se divorciaron tras 13 a\u00f1os de matrimonio en 2008.<\/p>\n<p>Junto a sus cinco hijos, Alejandra grab\u00f3 una serie de telerrealidad llamada Living With The Jacksons. Se esperaba que esta saliera al aire en 2014, pero nunca ocurri\u00f3. Solo se conoce el tr\u00e1iler de la misma.<\/p>\n<p>\u00abTenemos una madre, pero dos padres que resulta que son hermanos\u00bb, dice Genevieve, la hija mayor de Alejandra, en el tr\u00e1iler. \u00abY todos somos miembros de la familia Jackson\u00bb, agrega.<\/p>\n<p>El video muestra que la familia mantuvo un v\u00ednculo cercano con Colombia. Se ve a Alejandra en Bogot\u00e1 hablando por videollamada con sus hijos en California, y tambi\u00e9n a Genevieve viajando a Bogot\u00e1 para grabar una canci\u00f3n en espa\u00f1ol.<\/p>\n<p>Luego, Alejandra relata que, tras la muerte de Michael Jackson, los abogados les pidieron a ella y sus hijos que abandonaran la propiedad en la que hab\u00edan vivido durante a\u00f1os.<\/p>\n<p>La serie deb\u00eda mostrar los primeros a\u00f1os de la familia viviendo en una casa independiente separada del resto de los Jackson.<\/p>\n<p>De la vida de Jaafar, no se conocen demasiados detalles.<\/p>\n<p>Su carrera empez\u00f3 en la m\u00fasica. En 2017, debut\u00f3 en los escenarios con una presentaci\u00f3n junto a su padre, Jermaine, y su hermano, Jermajesty. Y en 2019, lanz\u00f3 un \u00fanico sencillo llamado Got Me Singing, en el que resaltaba su tono de voz similar al de su t\u00edo y sus movimientos de baile.<\/p>\n<p>Jaafar afirm\u00f3 en una entrevista que la canci\u00f3n estaba influida por sonidos latinos, por su ascendencia colombiana.<\/p>\n<p>En 2023, se conoci\u00f3 que protagonizar\u00eda la pel\u00edcula sobre la vida de su t\u00edo Michael.<\/p>\n<p>El filme se rod\u00f3 inicialmente en la primera mitad de 2024, pero qued\u00f3 enredado en la pol\u00e9mica por las graves acusaciones de abuso infantil contra el fallecido cantante.<\/p>\n<p>El guion termin\u00f3 ajust\u00e1ndose para dejar fuera los episodios de los que se acusa al cantante y se realizaron regrabaciones en 2025.<\/p>\n<p>Pese a su \u00e9xito en taquilla, la pel\u00edcula no ha sido bien recibida por la cr\u00edtica. El sitio web Rotten Tomatoes, que promedia las evaluaciones de la cr\u00edtica especializada, le da 38 de 100 puntos.<\/p>\n<p>Pese a su \u00e9xito en taquilla, la pel\u00edcula no ha sido bien recibida por la cr\u00edtica. El sitio web Rotten Tomatoes, que promedia las evaluaciones de la cr\u00edtica especializada, le da 38 de 100 puntos.<\/p>\n<p>la pel\u00edcula<\/p>\n<p>Dirigida por Antoine Fuqua, la cinta recorre varias d\u00e9cadas de la carrera de Michael Jackson, desde que era parte de The Jackson 5 hasta la c\u00faspide de su fama en los a\u00f1os 80.<\/p>\n<p>Lleg\u00f3 a las salas de cine el pasado 24 de abril y se convirti\u00f3 en el segundo estreno m\u00e1s exitoso en EE.UU. en lo que va del a\u00f1o al recaudar m\u00e1s de US$97 millones en taquillas durante su primer fin de semana.<\/p>\n","protected":false},"excerpt":{"rendered":"<p>Nueva York.- La historia de Alejandra, la madre de Jaafar, sobrino del Rey del Pop, en la familia Jackson es &#8230;<\/p>\n","protected":false},"author":2,"featured_media":216215,"comment_status":"closed","ping_status":"closed","sticky":false,"template":"","format":"standard","meta":{"footnotes":""},"categories":[31],"tags":[],"class_list":["post-216212","post","type-post","status-publish","format-standard","has-post-thumbnail","hentry","category-arte-y-espectaculo"],"yoast_head":"<!-- This site is optimized with the Yoast SEO plugin v24.8.1 - https:\/\/yoast.com\/wordpress\/plugins\/seo\/ -->\n<title>Madre de Jaafar tuvo una relaci\u00f3n sentimental e hijos con dos de los hermanos del Rey del Pop - PotenciaRadiofonicaDominicana.com<\/title>\n<meta name=\"robots\" content=\"index, follow, max-snippet:-1, max-image-preview:large, max-video-preview:-1\" \/>\n<link rel=\"canonical\" href=\"https:\/\/potenciaradiofonicadominicana.com\/portal\/madre-de-jaafar-tuvo-una-relacion-sentimental-e-hijos-con-dos-de-los-hermanos-del-rey-del-pop\/\" \/>\n<meta property=\"og:locale\" content=\"es_ES\" \/>\n<meta property=\"og:type\" content=\"article\" \/>\n<meta property=\"og:title\" content=\"Madre de Jaafar tuvo una relaci\u00f3n sentimental e hijos con dos de los hermanos del Rey del Pop - PotenciaRadiofonicaDominicana.com\" \/>\n<meta property=\"og:description\" content=\"Nueva York.- La historia de Alejandra, la madre de Jaafar, sobrino del Rey del Pop, en la familia Jackson es ...\" \/>\n<meta property=\"og:url\" content=\"https:\/\/potenciaradiofonicadominicana.com\/portal\/madre-de-jaafar-tuvo-una-relacion-sentimental-e-hijos-con-dos-de-los-hermanos-del-rey-del-pop\/\" \/>\n<meta property=\"og:site_name\" content=\"PotenciaRadiofonicaDominicana.com\" \/>\n<meta property=\"article:publisher\" content=\"https:\/\/web.facebook.com\/PotenciaRadiofonicaD\" \/>\n<meta property=\"article:published_time\" content=\"2026-04-30T03:10:33+00:00\" \/>\n<meta property=\"og:image\" content=\"https:\/\/potenciaradiofonicadominicana.com\/portal\/wp-content\/uploads\/2026\/04\/94592dfdd93f-gettyimages-2272395382.jpg\" \/>\n\t<meta property=\"og:image:width\" content=\"960\" \/>\n\t<meta property=\"og:image:height\" content=\"639\" \/>\n\t<meta property=\"og:image:type\" content=\"image\/jpeg\" \/>\n<meta name=\"author\" content=\"Potencia Radiof\u00f3nica Dominicana\" \/>\n<meta name=\"twitter:card\" content=\"summary_large_image\" \/>\n<meta name=\"twitter:label1\" content=\"Escrito por\" \/>\n\t<meta name=\"twitter:data1\" content=\"Potencia Radiof\u00f3nica Dominicana\" \/>\n\t<meta name=\"twitter:label2\" content=\"Tiempo de lectura\" \/>\n\t<meta name=\"twitter:data2\" content=\"5 minutos\" \/>\n<script type=\"application\/ld+json\" class=\"yoast-schema-graph\">{\"@context\":\"https:\/\/schema.org\",\"@graph\":[{\"@type\":\"Article\",\"@id\":\"https:\/\/potenciaradiofonicadominicana.com\/portal\/madre-de-jaafar-tuvo-una-relacion-sentimental-e-hijos-con-dos-de-los-hermanos-del-rey-del-pop\/#article\",\"isPartOf\":{\"@id\":\"https:\/\/potenciaradiofonicadominicana.com\/portal\/madre-de-jaafar-tuvo-una-relacion-sentimental-e-hijos-con-dos-de-los-hermanos-del-rey-del-pop\/\"},\"author\":{\"name\":\"Potencia Radiof\u00f3nica Dominicana\",\"@id\":\"https:\/\/potenciaradiofonicadominicana.com\/portal\/#\/schema\/person\/a5cf1fea13877803ee0573ac18b03490\"},\"headline\":\"Madre de Jaafar tuvo una relaci\u00f3n sentimental e hijos con dos de los hermanos del Rey del Pop\",\"datePublished\":\"2026-04-30T03:10:33+00:00\",\"mainEntityOfPage\":{\"@id\":\"https:\/\/potenciaradiofonicadominicana.com\/portal\/madre-de-jaafar-tuvo-una-relacion-sentimental-e-hijos-con-dos-de-los-hermanos-del-rey-del-pop\/\"},\"wordCount\":845,\"publisher\":{\"@id\":\"https:\/\/potenciaradiofonicadominicana.com\/portal\/#organization\"},\"image\":{\"@id\":\"https:\/\/potenciaradiofonicadominicana.com\/portal\/madre-de-jaafar-tuvo-una-relacion-sentimental-e-hijos-con-dos-de-los-hermanos-del-rey-del-pop\/#primaryimage\"},\"thumbnailUrl\":\"https:\/\/potenciaradiofonicadominicana.com\/portal\/wp-content\/uploads\/2026\/04\/94592dfdd93f-gettyimages-2272395382.jpg\",\"articleSection\":[\"Arte y Espectaculo\"],\"inLanguage\":\"es\"},{\"@type\":\"WebPage\",\"@id\":\"https:\/\/potenciaradiofonicadominicana.com\/portal\/madre-de-jaafar-tuvo-una-relacion-sentimental-e-hijos-con-dos-de-los-hermanos-del-rey-del-pop\/\",\"url\":\"https:\/\/potenciaradiofonicadominicana.com\/portal\/madre-de-jaafar-tuvo-una-relacion-sentimental-e-hijos-con-dos-de-los-hermanos-del-rey-del-pop\/\",\"name\":\"Madre de Jaafar tuvo una relaci\u00f3n sentimental e hijos con dos de los hermanos del Rey del Pop - PotenciaRadiofonicaDominicana.com\",\"isPartOf\":{\"@id\":\"https:\/\/potenciaradiofonicadominicana.com\/portal\/#website\"},\"primaryImageOfPage\":{\"@id\":\"https:\/\/potenciaradiofonicadominicana.com\/portal\/madre-de-jaafar-tuvo-una-relacion-sentimental-e-hijos-con-dos-de-los-hermanos-del-rey-del-pop\/#primaryimage\"},\"image\":{\"@id\":\"https:\/\/potenciaradiofonicadominicana.com\/portal\/madre-de-jaafar-tuvo-una-relacion-sentimental-e-hijos-con-dos-de-los-hermanos-del-rey-del-pop\/#primaryimage\"},\"thumbnailUrl\":\"https:\/\/potenciaradiofonicadominicana.com\/portal\/wp-content\/uploads\/2026\/04\/94592dfdd93f-gettyimages-2272395382.jpg\",\"datePublished\":\"2026-04-30T03:10:33+00:00\",\"breadcrumb\":{\"@id\":\"https:\/\/potenciaradiofonicadominicana.com\/portal\/madre-de-jaafar-tuvo-una-relacion-sentimental-e-hijos-con-dos-de-los-hermanos-del-rey-del-pop\/#breadcrumb\"},\"inLanguage\":\"es\",\"potentialAction\":[{\"@type\":\"ReadAction\",\"target\":[\"https:\/\/potenciaradiofonicadominicana.com\/portal\/madre-de-jaafar-tuvo-una-relacion-sentimental-e-hijos-con-dos-de-los-hermanos-del-rey-del-pop\/\"]}]},{\"@type\":\"ImageObject\",\"inLanguage\":\"es\",\"@id\":\"https:\/\/potenciaradiofonicadominicana.com\/portal\/madre-de-jaafar-tuvo-una-relacion-sentimental-e-hijos-con-dos-de-los-hermanos-del-rey-del-pop\/#primaryimage\",\"url\":\"https:\/\/potenciaradiofonicadominicana.com\/portal\/wp-content\/uploads\/2026\/04\/94592dfdd93f-gettyimages-2272395382.jpg\",\"contentUrl\":\"https:\/\/potenciaradiofonicadominicana.com\/portal\/wp-content\/uploads\/2026\/04\/94592dfdd93f-gettyimages-2272395382.jpg\",\"width\":960,\"height\":639},{\"@type\":\"BreadcrumbList\",\"@id\":\"https:\/\/potenciaradiofonicadominicana.com\/portal\/madre-de-jaafar-tuvo-una-relacion-sentimental-e-hijos-con-dos-de-los-hermanos-del-rey-del-pop\/#breadcrumb\",\"itemListElement\":[{\"@type\":\"ListItem\",\"position\":1,\"name\":\"Portada\",\"item\":\"https:\/\/potenciaradiofonicadominicana.com\/portal\/\"},{\"@type\":\"ListItem\",\"position\":2,\"name\":\"Madre de Jaafar tuvo una relaci\u00f3n sentimental e hijos con dos de los hermanos del Rey del Pop\"}]},{\"@type\":\"WebSite\",\"@id\":\"https:\/\/potenciaradiofonicadominicana.com\/portal\/#website\",\"url\":\"https:\/\/potenciaradiofonicadominicana.com\/portal\/\",\"name\":\"PotenciaRadiofonicaDominicana.com\",\"description\":\"Peri\u00f3dico Digital\",\"publisher\":{\"@id\":\"https:\/\/potenciaradiofonicadominicana.com\/portal\/#organization\"},\"potentialAction\":[{\"@type\":\"SearchAction\",\"target\":{\"@type\":\"EntryPoint\",\"urlTemplate\":\"https:\/\/potenciaradiofonicadominicana.com\/portal\/?s={search_term_string}\"},\"query-input\":{\"@type\":\"PropertyValueSpecification\",\"valueRequired\":true,\"valueName\":\"search_term_string\"}}],\"inLanguage\":\"es\"},{\"@type\":\"Organization\",\"@id\":\"https:\/\/potenciaradiofonicadominicana.com\/portal\/#organization\",\"name\":\"PotenciaRadiofonicaDominicana.com\",\"url\":\"https:\/\/potenciaradiofonicadominicana.com\/portal\/\",\"logo\":{\"@type\":\"ImageObject\",\"inLanguage\":\"es\",\"@id\":\"https:\/\/potenciaradiofonicadominicana.com\/portal\/#\/schema\/logo\/image\/\",\"url\":\"https:\/\/potenciaradiofonicadominicana.com\/portal\/wp-content\/uploads\/2022\/01\/descarga.png\",\"contentUrl\":\"https:\/\/potenciaradiofonicadominicana.com\/portal\/wp-content\/uploads\/2022\/01\/descarga.png\",\"width\":300,\"height\":100,\"caption\":\"PotenciaRadiofonicaDominicana.com\"},\"image\":{\"@id\":\"https:\/\/potenciaradiofonicadominicana.com\/portal\/#\/schema\/logo\/image\/\"},\"sameAs\":[\"https:\/\/web.facebook.com\/PotenciaRadiofonicaD\"]},{\"@type\":\"Person\",\"@id\":\"https:\/\/potenciaradiofonicadominicana.com\/portal\/#\/schema\/person\/a5cf1fea13877803ee0573ac18b03490\",\"name\":\"Potencia Radiof\u00f3nica Dominicana\",\"image\":{\"@type\":\"ImageObject\",\"inLanguage\":\"es\",\"@id\":\"https:\/\/potenciaradiofonicadominicana.com\/portal\/#\/schema\/person\/image\/\",\"url\":\"https:\/\/secure.gravatar.com\/avatar\/42a55ab9e8ccc656ba34cd791990602a?s=96&d=mm&r=g\",\"contentUrl\":\"https:\/\/secure.gravatar.com\/avatar\/42a55ab9e8ccc656ba34cd791990602a?s=96&d=mm&r=g\",\"caption\":\"Potencia Radiof\u00f3nica Dominicana\"},\"url\":\"https:\/\/potenciaradiofonicadominicana.com\/portal\/author\/johannyalmanzar\/\"}]}<\/script>\n<!-- \/ Yoast SEO plugin. -->","yoast_head_json":{"title":"Madre de Jaafar tuvo una relaci\u00f3n sentimental e hijos con dos de los hermanos del Rey del Pop - PotenciaRadiofonicaDominicana.com","robots":{"index":"index","follow":"follow","max-snippet":"max-snippet:-1","max-image-preview":"max-image-preview:large","max-video-preview":"max-video-preview:-1"},"canonical":"https:\/\/potenciaradiofonicadominicana.com\/portal\/madre-de-jaafar-tuvo-una-relacion-sentimental-e-hijos-con-dos-de-los-hermanos-del-rey-del-pop\/","og_locale":"es_ES","og_type":"article","og_title":"Madre de Jaafar tuvo una relaci\u00f3n sentimental e hijos con dos de los hermanos del Rey del Pop - PotenciaRadiofonicaDominicana.com","og_description":"Nueva York.- La historia de Alejandra, la madre de Jaafar, sobrino del Rey del Pop, en la familia Jackson es ...","og_url":"https:\/\/potenciaradiofonicadominicana.com\/portal\/madre-de-jaafar-tuvo-una-relacion-sentimental-e-hijos-con-dos-de-los-hermanos-del-rey-del-pop\/","og_site_name":"PotenciaRadiofonicaDominicana.com","article_publisher":"https:\/\/web.facebook.com\/PotenciaRadiofonicaD","article_published_time":"2026-04-30T03:10:33+00:00","og_image":[{"width":960,"height":639,"url":"https:\/\/potenciaradiofonicadominicana.com\/portal\/wp-content\/uploads\/2026\/04\/94592dfdd93f-gettyimages-2272395382.jpg","type":"image\/jpeg"}],"author":"Potencia Radiof\u00f3nica Dominicana","twitter_card":"summary_large_image","twitter_misc":{"Escrito por":"Potencia Radiof\u00f3nica Dominicana","Tiempo de lectura":"5 minutos"},"schema":{"@context":"https:\/\/schema.org","@graph":[{"@type":"Article","@id":"https:\/\/potenciaradiofonicadominicana.com\/portal\/madre-de-jaafar-tuvo-una-relacion-sentimental-e-hijos-con-dos-de-los-hermanos-del-rey-del-pop\/#article","isPartOf":{"@id":"https:\/\/potenciaradiofonicadominicana.com\/portal\/madre-de-jaafar-tuvo-una-relacion-sentimental-e-hijos-con-dos-de-los-hermanos-del-rey-del-pop\/"},"author":{"name":"Potencia Radiof\u00f3nica Dominicana","@id":"https:\/\/potenciaradiofonicadominicana.com\/portal\/#\/schema\/person\/a5cf1fea13877803ee0573ac18b03490"},"headline":"Madre de Jaafar tuvo una relaci\u00f3n sentimental e hijos con dos de los hermanos del Rey del Pop","datePublished":"2026-04-30T03:10:33+00:00","mainEntityOfPage":{"@id":"https:\/\/potenciaradiofonicadominicana.com\/portal\/madre-de-jaafar-tuvo-una-relacion-sentimental-e-hijos-con-dos-de-los-hermanos-del-rey-del-pop\/"},"wordCount":845,"publisher":{"@id":"https:\/\/potenciaradiofonicadominicana.com\/portal\/#organization"},"image":{"@id":"https:\/\/potenciaradiofonicadominicana.com\/portal\/madre-de-jaafar-tuvo-una-relacion-sentimental-e-hijos-con-dos-de-los-hermanos-del-rey-del-pop\/#primaryimage"},"thumbnailUrl":"https:\/\/potenciaradiofonicadominicana.com\/portal\/wp-content\/uploads\/2026\/04\/94592dfdd93f-gettyimages-2272395382.jpg","articleSection":["Arte y Espectaculo"],"inLanguage":"es"},{"@type":"WebPage","@id":"https:\/\/potenciaradiofonicadominicana.com\/portal\/madre-de-jaafar-tuvo-una-relacion-sentimental-e-hijos-con-dos-de-los-hermanos-del-rey-del-pop\/","url":"https:\/\/potenciaradiofonicadominicana.com\/portal\/madre-de-jaafar-tuvo-una-relacion-sentimental-e-hijos-con-dos-de-los-hermanos-del-rey-del-pop\/","name":"Madre de Jaafar tuvo una relaci\u00f3n sentimental e hijos con dos de los hermanos del Rey del Pop - PotenciaRadiofonicaDominicana.com","isPartOf":{"@id":"https:\/\/potenciaradiofonicadominicana.com\/portal\/#website"},"primaryImageOfPage":{"@id":"https:\/\/potenciaradiofonicadominicana.com\/portal\/madre-de-jaafar-tuvo-una-relacion-sentimental-e-hijos-con-dos-de-los-hermanos-del-rey-del-pop\/#primaryimage"},"image":{"@id":"https:\/\/potenciaradiofonicadominicana.com\/portal\/madre-de-jaafar-tuvo-una-relacion-sentimental-e-hijos-con-dos-de-los-hermanos-del-rey-del-pop\/#primaryimage"},"thumbnailUrl":"https:\/\/potenciaradiofonicadominicana.com\/portal\/wp-content\/uploads\/2026\/04\/94592dfdd93f-gettyimages-2272395382.jpg","datePublished":"2026-04-30T03:10:33+00:00","breadcrumb":{"@id":"https:\/\/potenciaradiofonicadominicana.com\/portal\/madre-de-jaafar-tuvo-una-relacion-sentimental-e-hijos-con-dos-de-los-hermanos-del-rey-del-pop\/#breadcrumb"},"inLanguage":"es","potentialAction":[{"@type":"ReadAction","target":["https:\/\/potenciaradiofonicadominicana.com\/portal\/madre-de-jaafar-tuvo-una-relacion-sentimental-e-hijos-con-dos-de-los-hermanos-del-rey-del-pop\/"]}]},{"@type":"ImageObject","inLanguage":"es","@id":"https:\/\/potenciaradiofonicadominicana.com\/portal\/madre-de-jaafar-tuvo-una-relacion-sentimental-e-hijos-con-dos-de-los-hermanos-del-rey-del-pop\/#primaryimage","url":"https:\/\/potenciaradiofonicadominicana.com\/portal\/wp-content\/uploads\/2026\/04\/94592dfdd93f-gettyimages-2272395382.jpg","contentUrl":"https:\/\/potenciaradiofonicadominicana.com\/portal\/wp-content\/uploads\/2026\/04\/94592dfdd93f-gettyimages-2272395382.jpg","width":960,"height":639},{"@type":"BreadcrumbList","@id":"https:\/\/potenciaradiofonicadominicana.com\/portal\/madre-de-jaafar-tuvo-una-relacion-sentimental-e-hijos-con-dos-de-los-hermanos-del-rey-del-pop\/#breadcrumb","itemListElement":[{"@type":"ListItem","position":1,"name":"Portada","item":"https:\/\/potenciaradiofonicadominicana.com\/portal\/"},{"@type":"ListItem","position":2,"name":"Madre de Jaafar tuvo una relaci\u00f3n sentimental e hijos con dos de los hermanos del Rey del Pop"}]},{"@type":"WebSite","@id":"https:\/\/potenciaradiofonicadominicana.com\/portal\/#website","url":"https:\/\/potenciaradiofonicadominicana.com\/portal\/","name":"PotenciaRadiofonicaDominicana.com","description":"Peri\u00f3dico Digital","publisher":{"@id":"https:\/\/potenciaradiofonicadominicana.com\/portal\/#organization"},"potentialAction":[{"@type":"SearchAction","target":{"@type":"EntryPoint","urlTemplate":"https:\/\/potenciaradiofonicadominicana.com\/portal\/?s={search_term_string}"},"query-input":{"@type":"PropertyValueSpecification","valueRequired":true,"valueName":"search_term_string"}}],"inLanguage":"es"},{"@type":"Organization","@id":"https:\/\/potenciaradiofonicadominicana.com\/portal\/#organization","name":"PotenciaRadiofonicaDominicana.com","url":"https:\/\/potenciaradiofonicadominicana.com\/portal\/","logo":{"@type":"ImageObject","inLanguage":"es","@id":"https:\/\/potenciaradiofonicadominicana.com\/portal\/#\/schema\/logo\/image\/","url":"https:\/\/potenciaradiofonicadominicana.com\/portal\/wp-content\/uploads\/2022\/01\/descarga.png","contentUrl":"https:\/\/potenciaradiofonicadominicana.com\/portal\/wp-content\/uploads\/2022\/01\/descarga.png","width":300,"height":100,"caption":"PotenciaRadiofonicaDominicana.com"},"image":{"@id":"https:\/\/potenciaradiofonicadominicana.com\/portal\/#\/schema\/logo\/image\/"},"sameAs":["https:\/\/web.facebook.com\/PotenciaRadiofonicaD"]},{"@type":"Person","@id":"https:\/\/potenciaradiofonicadominicana.com\/portal\/#\/schema\/person\/a5cf1fea13877803ee0573ac18b03490","name":"Potencia Radiof\u00f3nica Dominicana","image":{"@type":"ImageObject","inLanguage":"es","@id":"https:\/\/potenciaradiofonicadominicana.com\/portal\/#\/schema\/person\/image\/","url":"https:\/\/secure.gravatar.com\/avatar\/42a55ab9e8ccc656ba34cd791990602a?s=96&d=mm&r=g","contentUrl":"https:\/\/secure.gravatar.com\/avatar\/42a55ab9e8ccc656ba34cd791990602a?s=96&d=mm&r=g","caption":"Potencia Radiof\u00f3nica Dominicana"},"url":"https:\/\/potenciaradiofonicadominicana.com\/portal\/author\/johannyalmanzar\/"}]}},"_links":{"self":[{"href":"https:\/\/potenciaradiofonicadominicana.com\/portal\/wp-json\/wp\/v2\/posts\/216212","targetHints":{"allow":["GET"]}}],"collection":[{"href":"https:\/\/potenciaradiofonicadominicana.com\/portal\/wp-json\/wp\/v2\/posts"}],"about":[{"href":"https:\/\/potenciaradiofonicadominicana.com\/portal\/wp-json\/wp\/v2\/types\/post"}],"author":[{"embeddable":true,"href":"https:\/\/potenciaradiofonicadominicana.com\/portal\/wp-json\/wp\/v2\/users\/2"}],"replies":[{"embeddable":true,"href":"https:\/\/potenciaradiofonicadominicana.com\/portal\/wp-json\/wp\/v2\/comments?post=216212"}],"version-history":[{"count":1,"href":"https:\/\/potenciaradiofonicadominicana.com\/portal\/wp-json\/wp\/v2\/posts\/216212\/revisions"}],"predecessor-version":[{"id":216217,"href":"https:\/\/potenciaradiofonicadominicana.com\/portal\/wp-json\/wp\/v2\/posts\/216212\/revisions\/216217"}],"wp:featuredmedia":[{"embeddable":true,"href":"https:\/\/potenciaradiofonicadominicana.com\/portal\/wp-json\/wp\/v2\/media\/216215"}],"wp:attachment":[{"href":"https:\/\/potenciaradiofonicadominicana.com\/portal\/wp-json\/wp\/v2\/media?parent=216212"}],"wp:term":[{"taxonomy":"category","embeddable":true,"href":"https:\/\/potenciaradiofonicadominicana.com\/portal\/wp-json\/wp\/v2\/categories?post=216212"},{"taxonomy":"post_tag","embeddable":true,"href":"https:\/\/potenciaradiofonicadominicana.com\/portal\/wp-json\/wp\/v2\/tags?post=216212"}],"curies":[{"name":"wp","href":"https:\/\/api.w.org\/{rel}","templated":true}]}}