{"id":216208,"date":"2026-04-29T23:09:24","date_gmt":"2026-04-30T03:09:24","guid":{"rendered":"https:\/\/potenciaradiofonicadominicana.com\/portal\/?p=216208"},"modified":"2026-04-29T23:09:24","modified_gmt":"2026-04-30T03:09:24","slug":"aguilera-reafirma-compromiso-de-banreservas-con-la-etica-y-la-transparencia","status":"publish","type":"post","link":"https:\/\/potenciaradiofonicadominicana.com\/portal\/aguilera-reafirma-compromiso-de-banreservas-con-la-etica-y-la-transparencia\/","title":{"rendered":"Aguilera reafirma compromiso de Banreservas con la \u00e9tica y la transparencia"},"content":{"rendered":"<p><a href=\"https:\/\/potenciaradiofonicadominicana.com\/portal\/wp-content\/uploads\/2026\/04\/aguilera-resalta-etica-en-dia-ciudadano-00bc12ff-focus-0-0-896-504.jpg\"><img loading=\"lazy\" decoding=\"async\" class=\"alignnone size-full wp-image-216209\" src=\"https:\/\/potenciaradiofonicadominicana.com\/portal\/wp-content\/uploads\/2026\/04\/aguilera-resalta-etica-en-dia-ciudadano-00bc12ff-focus-0-0-896-504.jpg\" alt=\"\" width=\"895\" height=\"504\" srcset=\"https:\/\/potenciaradiofonicadominicana.com\/portal\/wp-content\/uploads\/2026\/04\/aguilera-resalta-etica-en-dia-ciudadano-00bc12ff-focus-0-0-896-504.jpg 895w, https:\/\/potenciaradiofonicadominicana.com\/portal\/wp-content\/uploads\/2026\/04\/aguilera-resalta-etica-en-dia-ciudadano-00bc12ff-focus-0-0-896-504-300x169.jpg 300w, https:\/\/potenciaradiofonicadominicana.com\/portal\/wp-content\/uploads\/2026\/04\/aguilera-resalta-etica-en-dia-ciudadano-00bc12ff-focus-0-0-896-504-768x432.jpg 768w\" sizes=\"auto, (max-width: 895px) 100vw, 895px\" \/><\/a><\/p>\n<p>El presidente ejecutivo de\u00a0Banreservas,\u00a0Leonardo Aguilera, reafirm\u00f3 el\u00a0compromiso\u00a0de la instituci\u00f3n con la la\u00a0transparencia\u00a0y la rendici\u00f3n de cuentas, en el marco de la conferencia \u00abLa\u00a0\u00e9tica: el pilar del \u00e9xito en las personas y las organizaciones\u00bb, realizada con motivo del D\u00eda Nacional de la\u00a0\u00c9tica\u00a0Ciudadana.<\/p>\n<p>Aguilera\u00a0destac\u00f3 que en\u00a0Banreservas\u00a0ese valor no es una opci\u00f3n, sino un eje transversal que orienta la toma de\u00a0decisiones\u00a0fortalece la\u00a0gobernanza\u00a0y sostiene la reputaci\u00f3n institucional.<\/p>\n<p>\u00abCuando la\u00a0\u00e9tica\u00a0gu\u00eda nuestro accionar, no solo cumplimos con est\u00e1ndares nacionales e internacionales, sino que generamos\u00a0valor\u00a0que se traduce en\u00a0confianza,\u00a0transparencia, respeto por los recursos que administramos y, sobre todo, en un\u00a0compromiso genuino con el bienestar de nuestra naci\u00f3n\u00bb, sostuvo.<\/p>\n<p>Adem\u00e1s, el titular de la entidad financiera declar\u00f3 que una cultura\u00a0\u00e9tica\u00a0s\u00f3lida se refleja tanto en las grandes\u00a0decisiones\u00a0como en las acciones diarias, en la forma de gestionar la informaci\u00f3n, abordar los conflictos de inter\u00e9s y administrar los recursos con\u00a0responsabilidad.<\/p>\n<p>Certificaci\u00f3n ISO 37001<\/p>\n<p>Como parte de estos esfuerzos, el funcionario manifest\u00f3 que una prueba fehaciente del\u00a0compromiso\u00a0de\u00a0Banreservas\u00a0con la\u00a0integridad\u00a0y la\u00a0transparencia\u00a0es la validaci\u00f3n de su\u00a0recertificaci\u00f3n\u00a0bajo la norma\u00a0ISO 37001\u00a0sobre el Sistema de Gesti\u00f3n Antisoborno, logro que ratifica la solidez, eficacia y madurez de su sistema de gesti\u00f3n.<\/p>\n<div class=\"my-12 component web-insert-bullet relative border bg-component\">\n<p>A\u00f1adi\u00f3 que las vicepresidencias de Auditor\u00eda, Negocios Personales, Tesorer\u00eda, Contabilidad, Legal, Ingenier\u00eda, Negocios Gubernamentales, Capital Humano, Administrativa y Cumplimiento cuentan con esta certificaci\u00f3n, lo que convierte a la entidad en la primera y \u00fanica instituci\u00f3n financiera de la Rep\u00fablica Dominicana y de la regi\u00f3n del Caribe en alcanzar este nivel.<\/p>\n<\/div>\n<p>Aguilera\u00a0sostuvo que estas\u00a0acreditaciones internacionales\u00a0refuerzan la\u00a0confianza\u00a0de los organismos reguladores, bancos corresponsales y dem\u00e1s grupos de inter\u00e9s, al ofrecer garant\u00edas de\u00a0transparencia\u00a0en la gesti\u00f3n,\u00a0integridad\u00a0en las operaciones y confiabilidad en el entorno de control institucional ante clientes y aliados estrat\u00e9gicos.<\/p>\n<p>Mientras que la presidente del Comit\u00e9 de Cumplimiento de\u00a0Banreservas,\u00a0Johanna Reyes, precis\u00f3 que como\u00a0primera instituci\u00f3n\u00a0en certificarse en materia de\u00a0anticorrupci\u00f3n\u00a0y antisoborno, reitera su\u00a0compromiso\u00a0de seguir impulsando iniciativas que fortalezcan una cultura\u00a0\u00e9tica\u00a0s\u00f3lida, capaz de incidir de manera efectiva en la gesti\u00f3n integral de los riesgos.<\/p>\n<p>En la actividad participaron el director general de Persecuci\u00f3n,\u00a0Wilson Camacho; el superintendente de Bancos,\u00a0Alejandro Fern\u00e1ndez; la presidenta ejecutiva de la Asociaci\u00f3n de Bancos M\u00faltiples de la Rep\u00fablica Dominicana (ABA),\u00a0Rosanna Ruiz; el ministro de la Juventud, Carlos Valdez, as\u00ed como ejecutivos de\u00a0Banreservas\u00a0y otras instituciones.<\/p>\n","protected":false},"excerpt":{"rendered":"<p>El presidente ejecutivo de\u00a0Banreservas,\u00a0Leonardo Aguilera, reafirm\u00f3 el\u00a0compromiso\u00a0de la instituci\u00f3n con la la\u00a0transparencia\u00a0y la rendici\u00f3n de cuentas, en el marco de &#8230;<\/p>\n","protected":false},"author":2,"featured_media":216209,"comment_status":"closed","ping_status":"closed","sticky":false,"template":"","format":"standard","meta":{"footnotes":""},"categories":[26],"tags":[],"class_list":["post-216208","post","type-post","status-publish","format-standard","has-post-thumbnail","hentry","category-economia"],"yoast_head":"<!-- This site is optimized with the Yoast SEO plugin v24.8.1 - https:\/\/yoast.com\/wordpress\/plugins\/seo\/ -->\n<title>Aguilera reafirma compromiso de Banreservas con la \u00e9tica y la transparencia - PotenciaRadiofonicaDominicana.com<\/title>\n<meta name=\"robots\" content=\"index, follow, max-snippet:-1, max-image-preview:large, max-video-preview:-1\" \/>\n<link rel=\"canonical\" href=\"https:\/\/potenciaradiofonicadominicana.com\/portal\/aguilera-reafirma-compromiso-de-banreservas-con-la-etica-y-la-transparencia\/\" \/>\n<meta property=\"og:locale\" content=\"es_ES\" \/>\n<meta property=\"og:type\" content=\"article\" \/>\n<meta property=\"og:title\" content=\"Aguilera reafirma compromiso de Banreservas con la \u00e9tica y la transparencia - PotenciaRadiofonicaDominicana.com\" \/>\n<meta property=\"og:description\" content=\"El presidente ejecutivo de\u00a0Banreservas,\u00a0Leonardo Aguilera, reafirm\u00f3 el\u00a0compromiso\u00a0de la instituci\u00f3n con la la\u00a0transparencia\u00a0y la rendici\u00f3n de cuentas, en el marco de ...\" \/>\n<meta property=\"og:url\" content=\"https:\/\/potenciaradiofonicadominicana.com\/portal\/aguilera-reafirma-compromiso-de-banreservas-con-la-etica-y-la-transparencia\/\" \/>\n<meta property=\"og:site_name\" content=\"PotenciaRadiofonicaDominicana.com\" \/>\n<meta property=\"article:publisher\" content=\"https:\/\/web.facebook.com\/PotenciaRadiofonicaD\" \/>\n<meta property=\"article:published_time\" content=\"2026-04-30T03:09:24+00:00\" \/>\n<meta property=\"og:image\" content=\"https:\/\/potenciaradiofonicadominicana.com\/portal\/wp-content\/uploads\/2026\/04\/aguilera-resalta-etica-en-dia-ciudadano-00bc12ff-focus-0-0-896-504.jpg\" \/>\n\t<meta property=\"og:image:width\" content=\"895\" \/>\n\t<meta property=\"og:image:height\" content=\"504\" \/>\n\t<meta property=\"og:image:type\" content=\"image\/jpeg\" \/>\n<meta name=\"author\" content=\"Potencia Radiof\u00f3nica Dominicana\" \/>\n<meta name=\"twitter:card\" content=\"summary_large_image\" \/>\n<meta name=\"twitter:label1\" content=\"Escrito por\" \/>\n\t<meta name=\"twitter:data1\" content=\"Potencia Radiof\u00f3nica Dominicana\" \/>\n\t<meta name=\"twitter:label2\" content=\"Tiempo de lectura\" \/>\n\t<meta name=\"twitter:data2\" content=\"3 minutos\" \/>\n<script type=\"application\/ld+json\" class=\"yoast-schema-graph\">{\"@context\":\"https:\/\/schema.org\",\"@graph\":[{\"@type\":\"Article\",\"@id\":\"https:\/\/potenciaradiofonicadominicana.com\/portal\/aguilera-reafirma-compromiso-de-banreservas-con-la-etica-y-la-transparencia\/#article\",\"isPartOf\":{\"@id\":\"https:\/\/potenciaradiofonicadominicana.com\/portal\/aguilera-reafirma-compromiso-de-banreservas-con-la-etica-y-la-transparencia\/\"},\"author\":{\"name\":\"Potencia Radiof\u00f3nica Dominicana\",\"@id\":\"https:\/\/potenciaradiofonicadominicana.com\/portal\/#\/schema\/person\/a5cf1fea13877803ee0573ac18b03490\"},\"headline\":\"Aguilera reafirma compromiso de Banreservas con la \u00e9tica y la transparencia\",\"datePublished\":\"2026-04-30T03:09:24+00:00\",\"mainEntityOfPage\":{\"@id\":\"https:\/\/potenciaradiofonicadominicana.com\/portal\/aguilera-reafirma-compromiso-de-banreservas-con-la-etica-y-la-transparencia\/\"},\"wordCount\":463,\"publisher\":{\"@id\":\"https:\/\/potenciaradiofonicadominicana.com\/portal\/#organization\"},\"image\":{\"@id\":\"https:\/\/potenciaradiofonicadominicana.com\/portal\/aguilera-reafirma-compromiso-de-banreservas-con-la-etica-y-la-transparencia\/#primaryimage\"},\"thumbnailUrl\":\"https:\/\/potenciaradiofonicadominicana.com\/portal\/wp-content\/uploads\/2026\/04\/aguilera-resalta-etica-en-dia-ciudadano-00bc12ff-focus-0-0-896-504.jpg\",\"articleSection\":[\"Econom\u00eda\"],\"inLanguage\":\"es\"},{\"@type\":\"WebPage\",\"@id\":\"https:\/\/potenciaradiofonicadominicana.com\/portal\/aguilera-reafirma-compromiso-de-banreservas-con-la-etica-y-la-transparencia\/\",\"url\":\"https:\/\/potenciaradiofonicadominicana.com\/portal\/aguilera-reafirma-compromiso-de-banreservas-con-la-etica-y-la-transparencia\/\",\"name\":\"Aguilera reafirma compromiso de Banreservas con la \u00e9tica y la transparencia - PotenciaRadiofonicaDominicana.com\",\"isPartOf\":{\"@id\":\"https:\/\/potenciaradiofonicadominicana.com\/portal\/#website\"},\"primaryImageOfPage\":{\"@id\":\"https:\/\/potenciaradiofonicadominicana.com\/portal\/aguilera-reafirma-compromiso-de-banreservas-con-la-etica-y-la-transparencia\/#primaryimage\"},\"image\":{\"@id\":\"https:\/\/potenciaradiofonicadominicana.com\/portal\/aguilera-reafirma-compromiso-de-banreservas-con-la-etica-y-la-transparencia\/#primaryimage\"},\"thumbnailUrl\":\"https:\/\/potenciaradiofonicadominicana.com\/portal\/wp-content\/uploads\/2026\/04\/aguilera-resalta-etica-en-dia-ciudadano-00bc12ff-focus-0-0-896-504.jpg\",\"datePublished\":\"2026-04-30T03:09:24+00:00\",\"breadcrumb\":{\"@id\":\"https:\/\/potenciaradiofonicadominicana.com\/portal\/aguilera-reafirma-compromiso-de-banreservas-con-la-etica-y-la-transparencia\/#breadcrumb\"},\"inLanguage\":\"es\",\"potentialAction\":[{\"@type\":\"ReadAction\",\"target\":[\"https:\/\/potenciaradiofonicadominicana.com\/portal\/aguilera-reafirma-compromiso-de-banreservas-con-la-etica-y-la-transparencia\/\"]}]},{\"@type\":\"ImageObject\",\"inLanguage\":\"es\",\"@id\":\"https:\/\/potenciaradiofonicadominicana.com\/portal\/aguilera-reafirma-compromiso-de-banreservas-con-la-etica-y-la-transparencia\/#primaryimage\",\"url\":\"https:\/\/potenciaradiofonicadominicana.com\/portal\/wp-content\/uploads\/2026\/04\/aguilera-resalta-etica-en-dia-ciudadano-00bc12ff-focus-0-0-896-504.jpg\",\"contentUrl\":\"https:\/\/potenciaradiofonicadominicana.com\/portal\/wp-content\/uploads\/2026\/04\/aguilera-resalta-etica-en-dia-ciudadano-00bc12ff-focus-0-0-896-504.jpg\",\"width\":895,\"height\":504},{\"@type\":\"BreadcrumbList\",\"@id\":\"https:\/\/potenciaradiofonicadominicana.com\/portal\/aguilera-reafirma-compromiso-de-banreservas-con-la-etica-y-la-transparencia\/#breadcrumb\",\"itemListElement\":[{\"@type\":\"ListItem\",\"position\":1,\"name\":\"Portada\",\"item\":\"https:\/\/potenciaradiofonicadominicana.com\/portal\/\"},{\"@type\":\"ListItem\",\"position\":2,\"name\":\"Aguilera reafirma compromiso de Banreservas con la \u00e9tica y la transparencia\"}]},{\"@type\":\"WebSite\",\"@id\":\"https:\/\/potenciaradiofonicadominicana.com\/portal\/#website\",\"url\":\"https:\/\/potenciaradiofonicadominicana.com\/portal\/\",\"name\":\"PotenciaRadiofonicaDominicana.com\",\"description\":\"Peri\u00f3dico Digital\",\"publisher\":{\"@id\":\"https:\/\/potenciaradiofonicadominicana.com\/portal\/#organization\"},\"potentialAction\":[{\"@type\":\"SearchAction\",\"target\":{\"@type\":\"EntryPoint\",\"urlTemplate\":\"https:\/\/potenciaradiofonicadominicana.com\/portal\/?s={search_term_string}\"},\"query-input\":{\"@type\":\"PropertyValueSpecification\",\"valueRequired\":true,\"valueName\":\"search_term_string\"}}],\"inLanguage\":\"es\"},{\"@type\":\"Organization\",\"@id\":\"https:\/\/potenciaradiofonicadominicana.com\/portal\/#organization\",\"name\":\"PotenciaRadiofonicaDominicana.com\",\"url\":\"https:\/\/potenciaradiofonicadominicana.com\/portal\/\",\"logo\":{\"@type\":\"ImageObject\",\"inLanguage\":\"es\",\"@id\":\"https:\/\/potenciaradiofonicadominicana.com\/portal\/#\/schema\/logo\/image\/\",\"url\":\"https:\/\/potenciaradiofonicadominicana.com\/portal\/wp-content\/uploads\/2022\/01\/descarga.png\",\"contentUrl\":\"https:\/\/potenciaradiofonicadominicana.com\/portal\/wp-content\/uploads\/2022\/01\/descarga.png\",\"width\":300,\"height\":100,\"caption\":\"PotenciaRadiofonicaDominicana.com\"},\"image\":{\"@id\":\"https:\/\/potenciaradiofonicadominicana.com\/portal\/#\/schema\/logo\/image\/\"},\"sameAs\":[\"https:\/\/web.facebook.com\/PotenciaRadiofonicaD\"]},{\"@type\":\"Person\",\"@id\":\"https:\/\/potenciaradiofonicadominicana.com\/portal\/#\/schema\/person\/a5cf1fea13877803ee0573ac18b03490\",\"name\":\"Potencia Radiof\u00f3nica Dominicana\",\"image\":{\"@type\":\"ImageObject\",\"inLanguage\":\"es\",\"@id\":\"https:\/\/potenciaradiofonicadominicana.com\/portal\/#\/schema\/person\/image\/\",\"url\":\"https:\/\/secure.gravatar.com\/avatar\/42a55ab9e8ccc656ba34cd791990602a?s=96&d=mm&r=g\",\"contentUrl\":\"https:\/\/secure.gravatar.com\/avatar\/42a55ab9e8ccc656ba34cd791990602a?s=96&d=mm&r=g\",\"caption\":\"Potencia Radiof\u00f3nica Dominicana\"},\"url\":\"https:\/\/potenciaradiofonicadominicana.com\/portal\/author\/johannyalmanzar\/\"}]}<\/script>\n<!-- \/ Yoast SEO plugin. -->","yoast_head_json":{"title":"Aguilera reafirma compromiso de Banreservas con la \u00e9tica y la transparencia - PotenciaRadiofonicaDominicana.com","robots":{"index":"index","follow":"follow","max-snippet":"max-snippet:-1","max-image-preview":"max-image-preview:large","max-video-preview":"max-video-preview:-1"},"canonical":"https:\/\/potenciaradiofonicadominicana.com\/portal\/aguilera-reafirma-compromiso-de-banreservas-con-la-etica-y-la-transparencia\/","og_locale":"es_ES","og_type":"article","og_title":"Aguilera reafirma compromiso de Banreservas con la \u00e9tica y la transparencia - PotenciaRadiofonicaDominicana.com","og_description":"El presidente ejecutivo de\u00a0Banreservas,\u00a0Leonardo Aguilera, reafirm\u00f3 el\u00a0compromiso\u00a0de la instituci\u00f3n con la la\u00a0transparencia\u00a0y la rendici\u00f3n de cuentas, en el marco de ...","og_url":"https:\/\/potenciaradiofonicadominicana.com\/portal\/aguilera-reafirma-compromiso-de-banreservas-con-la-etica-y-la-transparencia\/","og_site_name":"PotenciaRadiofonicaDominicana.com","article_publisher":"https:\/\/web.facebook.com\/PotenciaRadiofonicaD","article_published_time":"2026-04-30T03:09:24+00:00","og_image":[{"width":895,"height":504,"url":"https:\/\/potenciaradiofonicadominicana.com\/portal\/wp-content\/uploads\/2026\/04\/aguilera-resalta-etica-en-dia-ciudadano-00bc12ff-focus-0-0-896-504.jpg","type":"image\/jpeg"}],"author":"Potencia Radiof\u00f3nica Dominicana","twitter_card":"summary_large_image","twitter_misc":{"Escrito por":"Potencia Radiof\u00f3nica Dominicana","Tiempo de lectura":"3 minutos"},"schema":{"@context":"https:\/\/schema.org","@graph":[{"@type":"Article","@id":"https:\/\/potenciaradiofonicadominicana.com\/portal\/aguilera-reafirma-compromiso-de-banreservas-con-la-etica-y-la-transparencia\/#article","isPartOf":{"@id":"https:\/\/potenciaradiofonicadominicana.com\/portal\/aguilera-reafirma-compromiso-de-banreservas-con-la-etica-y-la-transparencia\/"},"author":{"name":"Potencia Radiof\u00f3nica Dominicana","@id":"https:\/\/potenciaradiofonicadominicana.com\/portal\/#\/schema\/person\/a5cf1fea13877803ee0573ac18b03490"},"headline":"Aguilera reafirma compromiso de Banreservas con la \u00e9tica y la transparencia","datePublished":"2026-04-30T03:09:24+00:00","mainEntityOfPage":{"@id":"https:\/\/potenciaradiofonicadominicana.com\/portal\/aguilera-reafirma-compromiso-de-banreservas-con-la-etica-y-la-transparencia\/"},"wordCount":463,"publisher":{"@id":"https:\/\/potenciaradiofonicadominicana.com\/portal\/#organization"},"image":{"@id":"https:\/\/potenciaradiofonicadominicana.com\/portal\/aguilera-reafirma-compromiso-de-banreservas-con-la-etica-y-la-transparencia\/#primaryimage"},"thumbnailUrl":"https:\/\/potenciaradiofonicadominicana.com\/portal\/wp-content\/uploads\/2026\/04\/aguilera-resalta-etica-en-dia-ciudadano-00bc12ff-focus-0-0-896-504.jpg","articleSection":["Econom\u00eda"],"inLanguage":"es"},{"@type":"WebPage","@id":"https:\/\/potenciaradiofonicadominicana.com\/portal\/aguilera-reafirma-compromiso-de-banreservas-con-la-etica-y-la-transparencia\/","url":"https:\/\/potenciaradiofonicadominicana.com\/portal\/aguilera-reafirma-compromiso-de-banreservas-con-la-etica-y-la-transparencia\/","name":"Aguilera reafirma compromiso de Banreservas con la \u00e9tica y la transparencia - PotenciaRadiofonicaDominicana.com","isPartOf":{"@id":"https:\/\/potenciaradiofonicadominicana.com\/portal\/#website"},"primaryImageOfPage":{"@id":"https:\/\/potenciaradiofonicadominicana.com\/portal\/aguilera-reafirma-compromiso-de-banreservas-con-la-etica-y-la-transparencia\/#primaryimage"},"image":{"@id":"https:\/\/potenciaradiofonicadominicana.com\/portal\/aguilera-reafirma-compromiso-de-banreservas-con-la-etica-y-la-transparencia\/#primaryimage"},"thumbnailUrl":"https:\/\/potenciaradiofonicadominicana.com\/portal\/wp-content\/uploads\/2026\/04\/aguilera-resalta-etica-en-dia-ciudadano-00bc12ff-focus-0-0-896-504.jpg","datePublished":"2026-04-30T03:09:24+00:00","breadcrumb":{"@id":"https:\/\/potenciaradiofonicadominicana.com\/portal\/aguilera-reafirma-compromiso-de-banreservas-con-la-etica-y-la-transparencia\/#breadcrumb"},"inLanguage":"es","potentialAction":[{"@type":"ReadAction","target":["https:\/\/potenciaradiofonicadominicana.com\/portal\/aguilera-reafirma-compromiso-de-banreservas-con-la-etica-y-la-transparencia\/"]}]},{"@type":"ImageObject","inLanguage":"es","@id":"https:\/\/potenciaradiofonicadominicana.com\/portal\/aguilera-reafirma-compromiso-de-banreservas-con-la-etica-y-la-transparencia\/#primaryimage","url":"https:\/\/potenciaradiofonicadominicana.com\/portal\/wp-content\/uploads\/2026\/04\/aguilera-resalta-etica-en-dia-ciudadano-00bc12ff-focus-0-0-896-504.jpg","contentUrl":"https:\/\/potenciaradiofonicadominicana.com\/portal\/wp-content\/uploads\/2026\/04\/aguilera-resalta-etica-en-dia-ciudadano-00bc12ff-focus-0-0-896-504.jpg","width":895,"height":504},{"@type":"BreadcrumbList","@id":"https:\/\/potenciaradiofonicadominicana.com\/portal\/aguilera-reafirma-compromiso-de-banreservas-con-la-etica-y-la-transparencia\/#breadcrumb","itemListElement":[{"@type":"ListItem","position":1,"name":"Portada","item":"https:\/\/potenciaradiofonicadominicana.com\/portal\/"},{"@type":"ListItem","position":2,"name":"Aguilera reafirma compromiso de Banreservas con la \u00e9tica y la transparencia"}]},{"@type":"WebSite","@id":"https:\/\/potenciaradiofonicadominicana.com\/portal\/#website","url":"https:\/\/potenciaradiofonicadominicana.com\/portal\/","name":"PotenciaRadiofonicaDominicana.com","description":"Peri\u00f3dico Digital","publisher":{"@id":"https:\/\/potenciaradiofonicadominicana.com\/portal\/#organization"},"potentialAction":[{"@type":"SearchAction","target":{"@type":"EntryPoint","urlTemplate":"https:\/\/potenciaradiofonicadominicana.com\/portal\/?s={search_term_string}"},"query-input":{"@type":"PropertyValueSpecification","valueRequired":true,"valueName":"search_term_string"}}],"inLanguage":"es"},{"@type":"Organization","@id":"https:\/\/potenciaradiofonicadominicana.com\/portal\/#organization","name":"PotenciaRadiofonicaDominicana.com","url":"https:\/\/potenciaradiofonicadominicana.com\/portal\/","logo":{"@type":"ImageObject","inLanguage":"es","@id":"https:\/\/potenciaradiofonicadominicana.com\/portal\/#\/schema\/logo\/image\/","url":"https:\/\/potenciaradiofonicadominicana.com\/portal\/wp-content\/uploads\/2022\/01\/descarga.png","contentUrl":"https:\/\/potenciaradiofonicadominicana.com\/portal\/wp-content\/uploads\/2022\/01\/descarga.png","width":300,"height":100,"caption":"PotenciaRadiofonicaDominicana.com"},"image":{"@id":"https:\/\/potenciaradiofonicadominicana.com\/portal\/#\/schema\/logo\/image\/"},"sameAs":["https:\/\/web.facebook.com\/PotenciaRadiofonicaD"]},{"@type":"Person","@id":"https:\/\/potenciaradiofonicadominicana.com\/portal\/#\/schema\/person\/a5cf1fea13877803ee0573ac18b03490","name":"Potencia Radiof\u00f3nica Dominicana","image":{"@type":"ImageObject","inLanguage":"es","@id":"https:\/\/potenciaradiofonicadominicana.com\/portal\/#\/schema\/person\/image\/","url":"https:\/\/secure.gravatar.com\/avatar\/42a55ab9e8ccc656ba34cd791990602a?s=96&d=mm&r=g","contentUrl":"https:\/\/secure.gravatar.com\/avatar\/42a55ab9e8ccc656ba34cd791990602a?s=96&d=mm&r=g","caption":"Potencia Radiof\u00f3nica Dominicana"},"url":"https:\/\/potenciaradiofonicadominicana.com\/portal\/author\/johannyalmanzar\/"}]}},"_links":{"self":[{"href":"https:\/\/potenciaradiofonicadominicana.com\/portal\/wp-json\/wp\/v2\/posts\/216208","targetHints":{"allow":["GET"]}}],"collection":[{"href":"https:\/\/potenciaradiofonicadominicana.com\/portal\/wp-json\/wp\/v2\/posts"}],"about":[{"href":"https:\/\/potenciaradiofonicadominicana.com\/portal\/wp-json\/wp\/v2\/types\/post"}],"author":[{"embeddable":true,"href":"https:\/\/potenciaradiofonicadominicana.com\/portal\/wp-json\/wp\/v2\/users\/2"}],"replies":[{"embeddable":true,"href":"https:\/\/potenciaradiofonicadominicana.com\/portal\/wp-json\/wp\/v2\/comments?post=216208"}],"version-history":[{"count":1,"href":"https:\/\/potenciaradiofonicadominicana.com\/portal\/wp-json\/wp\/v2\/posts\/216208\/revisions"}],"predecessor-version":[{"id":216213,"href":"https:\/\/potenciaradiofonicadominicana.com\/portal\/wp-json\/wp\/v2\/posts\/216208\/revisions\/216213"}],"wp:featuredmedia":[{"embeddable":true,"href":"https:\/\/potenciaradiofonicadominicana.com\/portal\/wp-json\/wp\/v2\/media\/216209"}],"wp:attachment":[{"href":"https:\/\/potenciaradiofonicadominicana.com\/portal\/wp-json\/wp\/v2\/media?parent=216208"}],"wp:term":[{"taxonomy":"category","embeddable":true,"href":"https:\/\/potenciaradiofonicadominicana.com\/portal\/wp-json\/wp\/v2\/categories?post=216208"},{"taxonomy":"post_tag","embeddable":true,"href":"https:\/\/potenciaradiofonicadominicana.com\/portal\/wp-json\/wp\/v2\/tags?post=216208"}],"curies":[{"name":"wp","href":"https:\/\/api.w.org\/{rel}","templated":true}]}}