{"id":216206,"date":"2026-04-29T23:09:02","date_gmt":"2026-04-30T03:09:02","guid":{"rendered":"https:\/\/potenciaradiofonicadominicana.com\/portal\/?p=216206"},"modified":"2026-04-29T23:09:02","modified_gmt":"2026-04-30T03:09:02","slug":"alexis-y-fido-recibira-premio-a-la-trayectoria-artistica-en-premios-tu-musica-urbano","status":"publish","type":"post","link":"https:\/\/potenciaradiofonicadominicana.com\/portal\/alexis-y-fido-recibira-premio-a-la-trayectoria-artistica-en-premios-tu-musica-urbano\/","title":{"rendered":"Alexis y Fido recibir\u00e1 Premio a la Trayectoria Art\u00edstica en Premios Tu M\u00fasica Urbano"},"content":{"rendered":"<p><a href=\"https:\/\/potenciaradiofonicadominicana.com\/portal\/wp-content\/uploads\/2026\/04\/JXULSQXNJFAR7I4ATEXEBZQWRQ.jpg\"><img loading=\"lazy\" decoding=\"async\" class=\"alignnone size-full wp-image-216210\" src=\"https:\/\/potenciaradiofonicadominicana.com\/portal\/wp-content\/uploads\/2026\/04\/JXULSQXNJFAR7I4ATEXEBZQWRQ.jpg\" alt=\"\" width=\"2560\" height=\"1914\" srcset=\"https:\/\/potenciaradiofonicadominicana.com\/portal\/wp-content\/uploads\/2026\/04\/JXULSQXNJFAR7I4ATEXEBZQWRQ.jpg 2560w, https:\/\/potenciaradiofonicadominicana.com\/portal\/wp-content\/uploads\/2026\/04\/JXULSQXNJFAR7I4ATEXEBZQWRQ-300x224.jpg 300w, https:\/\/potenciaradiofonicadominicana.com\/portal\/wp-content\/uploads\/2026\/04\/JXULSQXNJFAR7I4ATEXEBZQWRQ-1024x766.jpg 1024w, https:\/\/potenciaradiofonicadominicana.com\/portal\/wp-content\/uploads\/2026\/04\/JXULSQXNJFAR7I4ATEXEBZQWRQ-768x574.jpg 768w, https:\/\/potenciaradiofonicadominicana.com\/portal\/wp-content\/uploads\/2026\/04\/JXULSQXNJFAR7I4ATEXEBZQWRQ-1536x1148.jpg 1536w, https:\/\/potenciaradiofonicadominicana.com\/portal\/wp-content\/uploads\/2026\/04\/JXULSQXNJFAR7I4ATEXEBZQWRQ-2048x1531.jpg 2048w, https:\/\/potenciaradiofonicadominicana.com\/portal\/wp-content\/uploads\/2026\/04\/JXULSQXNJFAR7I4ATEXEBZQWRQ-600x448.jpg 600w\" sizes=\"auto, (max-width: 2560px) 100vw, 2560px\" \/><\/a><\/p>\n<p><strong>Puerto Rico.-<\/strong>\u00a0El d\u00fao puertorrique\u00f1o de reguet\u00f3n de Alexis y Fido, conocido como &#8216;Los reyes del perreo&#8217;, ser\u00e1 reconocido con el Premio a la Trayectoria Art\u00edstica en la sexta edici\u00f3n de los Premios Tu M\u00fasica Urbano Mix 2026.<\/p>\n<p>Esta ceremonia se llevar\u00e1 a cabo el lugar el 4 de junio de 2026, en el Coca Cola Music Hall en el Distrito T-Mobile, Puerto, en una celebraci\u00f3n especial dedicada a la historia del g\u00e9nero<\/p>\n<p>Este galard\u00f3n rinde homenaje a sus m\u00e1s de dos d\u00e9cadas de exitosa carrera y su gran legado dentro de la m\u00fasica urbana<\/p>\n<p>Con este reconocimiento, se destaca el impacto duradero que han dejado \u00abLos Reyes del Perreo\u00bb desde sus inicios en la industria, consolid\u00e1ndose como uno de los pilares m\u00e1s s\u00f3lidos y respetados del reggaet\u00f3n<\/p>\n","protected":false},"excerpt":{"rendered":"<p>Puerto Rico.-\u00a0El d\u00fao puertorrique\u00f1o de reguet\u00f3n de Alexis y Fido, conocido como &#8216;Los reyes del perreo&#8217;, ser\u00e1 reconocido con el &#8230;<\/p>\n","protected":false},"author":2,"featured_media":216210,"comment_status":"closed","ping_status":"closed","sticky":false,"template":"","format":"standard","meta":{"footnotes":""},"categories":[31],"tags":[],"class_list":["post-216206","post","type-post","status-publish","format-standard","has-post-thumbnail","hentry","category-arte-y-espectaculo"],"yoast_head":"<!-- This site is optimized with the Yoast SEO plugin v24.8.1 - https:\/\/yoast.com\/wordpress\/plugins\/seo\/ -->\n<title>Alexis y Fido recibir\u00e1 Premio a la Trayectoria Art\u00edstica en Premios Tu M\u00fasica Urbano - PotenciaRadiofonicaDominicana.com<\/title>\n<meta name=\"robots\" content=\"index, follow, max-snippet:-1, max-image-preview:large, max-video-preview:-1\" \/>\n<link rel=\"canonical\" href=\"https:\/\/potenciaradiofonicadominicana.com\/portal\/alexis-y-fido-recibira-premio-a-la-trayectoria-artistica-en-premios-tu-musica-urbano\/\" \/>\n<meta property=\"og:locale\" content=\"es_ES\" \/>\n<meta property=\"og:type\" content=\"article\" \/>\n<meta property=\"og:title\" content=\"Alexis y Fido recibir\u00e1 Premio a la Trayectoria Art\u00edstica en Premios Tu M\u00fasica Urbano - PotenciaRadiofonicaDominicana.com\" \/>\n<meta property=\"og:description\" content=\"Puerto Rico.-\u00a0El d\u00fao puertorrique\u00f1o de reguet\u00f3n de Alexis y Fido, conocido como &#8216;Los reyes del perreo&#8217;, ser\u00e1 reconocido con el ...\" \/>\n<meta property=\"og:url\" content=\"https:\/\/potenciaradiofonicadominicana.com\/portal\/alexis-y-fido-recibira-premio-a-la-trayectoria-artistica-en-premios-tu-musica-urbano\/\" \/>\n<meta property=\"og:site_name\" content=\"PotenciaRadiofonicaDominicana.com\" \/>\n<meta property=\"article:publisher\" content=\"https:\/\/web.facebook.com\/PotenciaRadiofonicaD\" \/>\n<meta property=\"article:published_time\" content=\"2026-04-30T03:09:02+00:00\" \/>\n<meta property=\"og:image\" content=\"https:\/\/potenciaradiofonicadominicana.com\/portal\/wp-content\/uploads\/2026\/04\/JXULSQXNJFAR7I4ATEXEBZQWRQ.jpg\" \/>\n\t<meta property=\"og:image:width\" content=\"2560\" \/>\n\t<meta property=\"og:image:height\" content=\"1914\" \/>\n\t<meta property=\"og:image:type\" content=\"image\/jpeg\" \/>\n<meta name=\"author\" content=\"Potencia Radiof\u00f3nica Dominicana\" \/>\n<meta name=\"twitter:card\" content=\"summary_large_image\" \/>\n<meta name=\"twitter:label1\" content=\"Escrito por\" \/>\n\t<meta name=\"twitter:data1\" content=\"Potencia Radiof\u00f3nica Dominicana\" \/>\n\t<meta name=\"twitter:label2\" content=\"Tiempo de lectura\" \/>\n\t<meta name=\"twitter:data2\" content=\"1 minuto\" \/>\n<script type=\"application\/ld+json\" class=\"yoast-schema-graph\">{\"@context\":\"https:\/\/schema.org\",\"@graph\":[{\"@type\":\"Article\",\"@id\":\"https:\/\/potenciaradiofonicadominicana.com\/portal\/alexis-y-fido-recibira-premio-a-la-trayectoria-artistica-en-premios-tu-musica-urbano\/#article\",\"isPartOf\":{\"@id\":\"https:\/\/potenciaradiofonicadominicana.com\/portal\/alexis-y-fido-recibira-premio-a-la-trayectoria-artistica-en-premios-tu-musica-urbano\/\"},\"author\":{\"name\":\"Potencia Radiof\u00f3nica Dominicana\",\"@id\":\"https:\/\/potenciaradiofonicadominicana.com\/portal\/#\/schema\/person\/a5cf1fea13877803ee0573ac18b03490\"},\"headline\":\"Alexis y Fido recibir\u00e1 Premio a la Trayectoria Art\u00edstica en Premios Tu M\u00fasica Urbano\",\"datePublished\":\"2026-04-30T03:09:02+00:00\",\"mainEntityOfPage\":{\"@id\":\"https:\/\/potenciaradiofonicadominicana.com\/portal\/alexis-y-fido-recibira-premio-a-la-trayectoria-artistica-en-premios-tu-musica-urbano\/\"},\"wordCount\":158,\"publisher\":{\"@id\":\"https:\/\/potenciaradiofonicadominicana.com\/portal\/#organization\"},\"image\":{\"@id\":\"https:\/\/potenciaradiofonicadominicana.com\/portal\/alexis-y-fido-recibira-premio-a-la-trayectoria-artistica-en-premios-tu-musica-urbano\/#primaryimage\"},\"thumbnailUrl\":\"https:\/\/potenciaradiofonicadominicana.com\/portal\/wp-content\/uploads\/2026\/04\/JXULSQXNJFAR7I4ATEXEBZQWRQ.jpg\",\"articleSection\":[\"Arte y Espectaculo\"],\"inLanguage\":\"es\"},{\"@type\":\"WebPage\",\"@id\":\"https:\/\/potenciaradiofonicadominicana.com\/portal\/alexis-y-fido-recibira-premio-a-la-trayectoria-artistica-en-premios-tu-musica-urbano\/\",\"url\":\"https:\/\/potenciaradiofonicadominicana.com\/portal\/alexis-y-fido-recibira-premio-a-la-trayectoria-artistica-en-premios-tu-musica-urbano\/\",\"name\":\"Alexis y Fido recibir\u00e1 Premio a la Trayectoria Art\u00edstica en Premios Tu M\u00fasica Urbano - PotenciaRadiofonicaDominicana.com\",\"isPartOf\":{\"@id\":\"https:\/\/potenciaradiofonicadominicana.com\/portal\/#website\"},\"primaryImageOfPage\":{\"@id\":\"https:\/\/potenciaradiofonicadominicana.com\/portal\/alexis-y-fido-recibira-premio-a-la-trayectoria-artistica-en-premios-tu-musica-urbano\/#primaryimage\"},\"image\":{\"@id\":\"https:\/\/potenciaradiofonicadominicana.com\/portal\/alexis-y-fido-recibira-premio-a-la-trayectoria-artistica-en-premios-tu-musica-urbano\/#primaryimage\"},\"thumbnailUrl\":\"https:\/\/potenciaradiofonicadominicana.com\/portal\/wp-content\/uploads\/2026\/04\/JXULSQXNJFAR7I4ATEXEBZQWRQ.jpg\",\"datePublished\":\"2026-04-30T03:09:02+00:00\",\"breadcrumb\":{\"@id\":\"https:\/\/potenciaradiofonicadominicana.com\/portal\/alexis-y-fido-recibira-premio-a-la-trayectoria-artistica-en-premios-tu-musica-urbano\/#breadcrumb\"},\"inLanguage\":\"es\",\"potentialAction\":[{\"@type\":\"ReadAction\",\"target\":[\"https:\/\/potenciaradiofonicadominicana.com\/portal\/alexis-y-fido-recibira-premio-a-la-trayectoria-artistica-en-premios-tu-musica-urbano\/\"]}]},{\"@type\":\"ImageObject\",\"inLanguage\":\"es\",\"@id\":\"https:\/\/potenciaradiofonicadominicana.com\/portal\/alexis-y-fido-recibira-premio-a-la-trayectoria-artistica-en-premios-tu-musica-urbano\/#primaryimage\",\"url\":\"https:\/\/potenciaradiofonicadominicana.com\/portal\/wp-content\/uploads\/2026\/04\/JXULSQXNJFAR7I4ATEXEBZQWRQ.jpg\",\"contentUrl\":\"https:\/\/potenciaradiofonicadominicana.com\/portal\/wp-content\/uploads\/2026\/04\/JXULSQXNJFAR7I4ATEXEBZQWRQ.jpg\",\"width\":2560,\"height\":1914},{\"@type\":\"BreadcrumbList\",\"@id\":\"https:\/\/potenciaradiofonicadominicana.com\/portal\/alexis-y-fido-recibira-premio-a-la-trayectoria-artistica-en-premios-tu-musica-urbano\/#breadcrumb\",\"itemListElement\":[{\"@type\":\"ListItem\",\"position\":1,\"name\":\"Portada\",\"item\":\"https:\/\/potenciaradiofonicadominicana.com\/portal\/\"},{\"@type\":\"ListItem\",\"position\":2,\"name\":\"Alexis y Fido recibir\u00e1 Premio a la Trayectoria Art\u00edstica en Premios Tu M\u00fasica Urbano\"}]},{\"@type\":\"WebSite\",\"@id\":\"https:\/\/potenciaradiofonicadominicana.com\/portal\/#website\",\"url\":\"https:\/\/potenciaradiofonicadominicana.com\/portal\/\",\"name\":\"PotenciaRadiofonicaDominicana.com\",\"description\":\"Peri\u00f3dico Digital\",\"publisher\":{\"@id\":\"https:\/\/potenciaradiofonicadominicana.com\/portal\/#organization\"},\"potentialAction\":[{\"@type\":\"SearchAction\",\"target\":{\"@type\":\"EntryPoint\",\"urlTemplate\":\"https:\/\/potenciaradiofonicadominicana.com\/portal\/?s={search_term_string}\"},\"query-input\":{\"@type\":\"PropertyValueSpecification\",\"valueRequired\":true,\"valueName\":\"search_term_string\"}}],\"inLanguage\":\"es\"},{\"@type\":\"Organization\",\"@id\":\"https:\/\/potenciaradiofonicadominicana.com\/portal\/#organization\",\"name\":\"PotenciaRadiofonicaDominicana.com\",\"url\":\"https:\/\/potenciaradiofonicadominicana.com\/portal\/\",\"logo\":{\"@type\":\"ImageObject\",\"inLanguage\":\"es\",\"@id\":\"https:\/\/potenciaradiofonicadominicana.com\/portal\/#\/schema\/logo\/image\/\",\"url\":\"https:\/\/potenciaradiofonicadominicana.com\/portal\/wp-content\/uploads\/2022\/01\/descarga.png\",\"contentUrl\":\"https:\/\/potenciaradiofonicadominicana.com\/portal\/wp-content\/uploads\/2022\/01\/descarga.png\",\"width\":300,\"height\":100,\"caption\":\"PotenciaRadiofonicaDominicana.com\"},\"image\":{\"@id\":\"https:\/\/potenciaradiofonicadominicana.com\/portal\/#\/schema\/logo\/image\/\"},\"sameAs\":[\"https:\/\/web.facebook.com\/PotenciaRadiofonicaD\"]},{\"@type\":\"Person\",\"@id\":\"https:\/\/potenciaradiofonicadominicana.com\/portal\/#\/schema\/person\/a5cf1fea13877803ee0573ac18b03490\",\"name\":\"Potencia Radiof\u00f3nica Dominicana\",\"image\":{\"@type\":\"ImageObject\",\"inLanguage\":\"es\",\"@id\":\"https:\/\/potenciaradiofonicadominicana.com\/portal\/#\/schema\/person\/image\/\",\"url\":\"https:\/\/secure.gravatar.com\/avatar\/42a55ab9e8ccc656ba34cd791990602a?s=96&d=mm&r=g\",\"contentUrl\":\"https:\/\/secure.gravatar.com\/avatar\/42a55ab9e8ccc656ba34cd791990602a?s=96&d=mm&r=g\",\"caption\":\"Potencia Radiof\u00f3nica Dominicana\"},\"url\":\"https:\/\/potenciaradiofonicadominicana.com\/portal\/author\/johannyalmanzar\/\"}]}<\/script>\n<!-- \/ Yoast SEO plugin. -->","yoast_head_json":{"title":"Alexis y Fido recibir\u00e1 Premio a la Trayectoria Art\u00edstica en Premios Tu M\u00fasica Urbano - PotenciaRadiofonicaDominicana.com","robots":{"index":"index","follow":"follow","max-snippet":"max-snippet:-1","max-image-preview":"max-image-preview:large","max-video-preview":"max-video-preview:-1"},"canonical":"https:\/\/potenciaradiofonicadominicana.com\/portal\/alexis-y-fido-recibira-premio-a-la-trayectoria-artistica-en-premios-tu-musica-urbano\/","og_locale":"es_ES","og_type":"article","og_title":"Alexis y Fido recibir\u00e1 Premio a la Trayectoria Art\u00edstica en Premios Tu M\u00fasica Urbano - PotenciaRadiofonicaDominicana.com","og_description":"Puerto Rico.-\u00a0El d\u00fao puertorrique\u00f1o de reguet\u00f3n de Alexis y Fido, conocido como &#8216;Los reyes del perreo&#8217;, ser\u00e1 reconocido con el ...","og_url":"https:\/\/potenciaradiofonicadominicana.com\/portal\/alexis-y-fido-recibira-premio-a-la-trayectoria-artistica-en-premios-tu-musica-urbano\/","og_site_name":"PotenciaRadiofonicaDominicana.com","article_publisher":"https:\/\/web.facebook.com\/PotenciaRadiofonicaD","article_published_time":"2026-04-30T03:09:02+00:00","og_image":[{"width":2560,"height":1914,"url":"https:\/\/potenciaradiofonicadominicana.com\/portal\/wp-content\/uploads\/2026\/04\/JXULSQXNJFAR7I4ATEXEBZQWRQ.jpg","type":"image\/jpeg"}],"author":"Potencia Radiof\u00f3nica Dominicana","twitter_card":"summary_large_image","twitter_misc":{"Escrito por":"Potencia Radiof\u00f3nica Dominicana","Tiempo de lectura":"1 minuto"},"schema":{"@context":"https:\/\/schema.org","@graph":[{"@type":"Article","@id":"https:\/\/potenciaradiofonicadominicana.com\/portal\/alexis-y-fido-recibira-premio-a-la-trayectoria-artistica-en-premios-tu-musica-urbano\/#article","isPartOf":{"@id":"https:\/\/potenciaradiofonicadominicana.com\/portal\/alexis-y-fido-recibira-premio-a-la-trayectoria-artistica-en-premios-tu-musica-urbano\/"},"author":{"name":"Potencia Radiof\u00f3nica Dominicana","@id":"https:\/\/potenciaradiofonicadominicana.com\/portal\/#\/schema\/person\/a5cf1fea13877803ee0573ac18b03490"},"headline":"Alexis y Fido recibir\u00e1 Premio a la Trayectoria Art\u00edstica en Premios Tu M\u00fasica Urbano","datePublished":"2026-04-30T03:09:02+00:00","mainEntityOfPage":{"@id":"https:\/\/potenciaradiofonicadominicana.com\/portal\/alexis-y-fido-recibira-premio-a-la-trayectoria-artistica-en-premios-tu-musica-urbano\/"},"wordCount":158,"publisher":{"@id":"https:\/\/potenciaradiofonicadominicana.com\/portal\/#organization"},"image":{"@id":"https:\/\/potenciaradiofonicadominicana.com\/portal\/alexis-y-fido-recibira-premio-a-la-trayectoria-artistica-en-premios-tu-musica-urbano\/#primaryimage"},"thumbnailUrl":"https:\/\/potenciaradiofonicadominicana.com\/portal\/wp-content\/uploads\/2026\/04\/JXULSQXNJFAR7I4ATEXEBZQWRQ.jpg","articleSection":["Arte y Espectaculo"],"inLanguage":"es"},{"@type":"WebPage","@id":"https:\/\/potenciaradiofonicadominicana.com\/portal\/alexis-y-fido-recibira-premio-a-la-trayectoria-artistica-en-premios-tu-musica-urbano\/","url":"https:\/\/potenciaradiofonicadominicana.com\/portal\/alexis-y-fido-recibira-premio-a-la-trayectoria-artistica-en-premios-tu-musica-urbano\/","name":"Alexis y Fido recibir\u00e1 Premio a la Trayectoria Art\u00edstica en Premios Tu M\u00fasica Urbano - PotenciaRadiofonicaDominicana.com","isPartOf":{"@id":"https:\/\/potenciaradiofonicadominicana.com\/portal\/#website"},"primaryImageOfPage":{"@id":"https:\/\/potenciaradiofonicadominicana.com\/portal\/alexis-y-fido-recibira-premio-a-la-trayectoria-artistica-en-premios-tu-musica-urbano\/#primaryimage"},"image":{"@id":"https:\/\/potenciaradiofonicadominicana.com\/portal\/alexis-y-fido-recibira-premio-a-la-trayectoria-artistica-en-premios-tu-musica-urbano\/#primaryimage"},"thumbnailUrl":"https:\/\/potenciaradiofonicadominicana.com\/portal\/wp-content\/uploads\/2026\/04\/JXULSQXNJFAR7I4ATEXEBZQWRQ.jpg","datePublished":"2026-04-30T03:09:02+00:00","breadcrumb":{"@id":"https:\/\/potenciaradiofonicadominicana.com\/portal\/alexis-y-fido-recibira-premio-a-la-trayectoria-artistica-en-premios-tu-musica-urbano\/#breadcrumb"},"inLanguage":"es","potentialAction":[{"@type":"ReadAction","target":["https:\/\/potenciaradiofonicadominicana.com\/portal\/alexis-y-fido-recibira-premio-a-la-trayectoria-artistica-en-premios-tu-musica-urbano\/"]}]},{"@type":"ImageObject","inLanguage":"es","@id":"https:\/\/potenciaradiofonicadominicana.com\/portal\/alexis-y-fido-recibira-premio-a-la-trayectoria-artistica-en-premios-tu-musica-urbano\/#primaryimage","url":"https:\/\/potenciaradiofonicadominicana.com\/portal\/wp-content\/uploads\/2026\/04\/JXULSQXNJFAR7I4ATEXEBZQWRQ.jpg","contentUrl":"https:\/\/potenciaradiofonicadominicana.com\/portal\/wp-content\/uploads\/2026\/04\/JXULSQXNJFAR7I4ATEXEBZQWRQ.jpg","width":2560,"height":1914},{"@type":"BreadcrumbList","@id":"https:\/\/potenciaradiofonicadominicana.com\/portal\/alexis-y-fido-recibira-premio-a-la-trayectoria-artistica-en-premios-tu-musica-urbano\/#breadcrumb","itemListElement":[{"@type":"ListItem","position":1,"name":"Portada","item":"https:\/\/potenciaradiofonicadominicana.com\/portal\/"},{"@type":"ListItem","position":2,"name":"Alexis y Fido recibir\u00e1 Premio a la Trayectoria Art\u00edstica en Premios Tu M\u00fasica Urbano"}]},{"@type":"WebSite","@id":"https:\/\/potenciaradiofonicadominicana.com\/portal\/#website","url":"https:\/\/potenciaradiofonicadominicana.com\/portal\/","name":"PotenciaRadiofonicaDominicana.com","description":"Peri\u00f3dico Digital","publisher":{"@id":"https:\/\/potenciaradiofonicadominicana.com\/portal\/#organization"},"potentialAction":[{"@type":"SearchAction","target":{"@type":"EntryPoint","urlTemplate":"https:\/\/potenciaradiofonicadominicana.com\/portal\/?s={search_term_string}"},"query-input":{"@type":"PropertyValueSpecification","valueRequired":true,"valueName":"search_term_string"}}],"inLanguage":"es"},{"@type":"Organization","@id":"https:\/\/potenciaradiofonicadominicana.com\/portal\/#organization","name":"PotenciaRadiofonicaDominicana.com","url":"https:\/\/potenciaradiofonicadominicana.com\/portal\/","logo":{"@type":"ImageObject","inLanguage":"es","@id":"https:\/\/potenciaradiofonicadominicana.com\/portal\/#\/schema\/logo\/image\/","url":"https:\/\/potenciaradiofonicadominicana.com\/portal\/wp-content\/uploads\/2022\/01\/descarga.png","contentUrl":"https:\/\/potenciaradiofonicadominicana.com\/portal\/wp-content\/uploads\/2022\/01\/descarga.png","width":300,"height":100,"caption":"PotenciaRadiofonicaDominicana.com"},"image":{"@id":"https:\/\/potenciaradiofonicadominicana.com\/portal\/#\/schema\/logo\/image\/"},"sameAs":["https:\/\/web.facebook.com\/PotenciaRadiofonicaD"]},{"@type":"Person","@id":"https:\/\/potenciaradiofonicadominicana.com\/portal\/#\/schema\/person\/a5cf1fea13877803ee0573ac18b03490","name":"Potencia Radiof\u00f3nica Dominicana","image":{"@type":"ImageObject","inLanguage":"es","@id":"https:\/\/potenciaradiofonicadominicana.com\/portal\/#\/schema\/person\/image\/","url":"https:\/\/secure.gravatar.com\/avatar\/42a55ab9e8ccc656ba34cd791990602a?s=96&d=mm&r=g","contentUrl":"https:\/\/secure.gravatar.com\/avatar\/42a55ab9e8ccc656ba34cd791990602a?s=96&d=mm&r=g","caption":"Potencia Radiof\u00f3nica Dominicana"},"url":"https:\/\/potenciaradiofonicadominicana.com\/portal\/author\/johannyalmanzar\/"}]}},"_links":{"self":[{"href":"https:\/\/potenciaradiofonicadominicana.com\/portal\/wp-json\/wp\/v2\/posts\/216206","targetHints":{"allow":["GET"]}}],"collection":[{"href":"https:\/\/potenciaradiofonicadominicana.com\/portal\/wp-json\/wp\/v2\/posts"}],"about":[{"href":"https:\/\/potenciaradiofonicadominicana.com\/portal\/wp-json\/wp\/v2\/types\/post"}],"author":[{"embeddable":true,"href":"https:\/\/potenciaradiofonicadominicana.com\/portal\/wp-json\/wp\/v2\/users\/2"}],"replies":[{"embeddable":true,"href":"https:\/\/potenciaradiofonicadominicana.com\/portal\/wp-json\/wp\/v2\/comments?post=216206"}],"version-history":[{"count":1,"href":"https:\/\/potenciaradiofonicadominicana.com\/portal\/wp-json\/wp\/v2\/posts\/216206\/revisions"}],"predecessor-version":[{"id":216211,"href":"https:\/\/potenciaradiofonicadominicana.com\/portal\/wp-json\/wp\/v2\/posts\/216206\/revisions\/216211"}],"wp:featuredmedia":[{"embeddable":true,"href":"https:\/\/potenciaradiofonicadominicana.com\/portal\/wp-json\/wp\/v2\/media\/216210"}],"wp:attachment":[{"href":"https:\/\/potenciaradiofonicadominicana.com\/portal\/wp-json\/wp\/v2\/media?parent=216206"}],"wp:term":[{"taxonomy":"category","embeddable":true,"href":"https:\/\/potenciaradiofonicadominicana.com\/portal\/wp-json\/wp\/v2\/categories?post=216206"},{"taxonomy":"post_tag","embeddable":true,"href":"https:\/\/potenciaradiofonicadominicana.com\/portal\/wp-json\/wp\/v2\/tags?post=216206"}],"curies":[{"name":"wp","href":"https:\/\/api.w.org\/{rel}","templated":true}]}}