{"id":216202,"date":"2026-04-29T23:07:16","date_gmt":"2026-04-30T03:07:16","guid":{"rendered":"https:\/\/potenciaradiofonicadominicana.com\/portal\/?p=216202"},"modified":"2026-04-29T23:07:16","modified_gmt":"2026-04-30T03:07:16","slug":"el-gobierno-destina-rd30-millones-para-dinamizar-sector-lechero","status":"publish","type":"post","link":"https:\/\/potenciaradiofonicadominicana.com\/portal\/el-gobierno-destina-rd30-millones-para-dinamizar-sector-lechero\/","title":{"rendered":"El Gobierno destina RD$30 millones para dinamizar sector lechero"},"content":{"rendered":"<p><a href=\"https:\/\/potenciaradiofonicadominicana.com\/portal\/wp-content\/uploads\/2026\/04\/abren-convocatoria-de-fotesir-con-rd30-millones-en-incentivos-cc8f16c9-focus-0-0-896-504.jpg\"><img loading=\"lazy\" decoding=\"async\" class=\"alignnone size-full wp-image-216203\" src=\"https:\/\/potenciaradiofonicadominicana.com\/portal\/wp-content\/uploads\/2026\/04\/abren-convocatoria-de-fotesir-con-rd30-millones-en-incentivos-cc8f16c9-focus-0-0-896-504.jpg\" alt=\"\" width=\"895\" height=\"504\" srcset=\"https:\/\/potenciaradiofonicadominicana.com\/portal\/wp-content\/uploads\/2026\/04\/abren-convocatoria-de-fotesir-con-rd30-millones-en-incentivos-cc8f16c9-focus-0-0-896-504.jpg 895w, https:\/\/potenciaradiofonicadominicana.com\/portal\/wp-content\/uploads\/2026\/04\/abren-convocatoria-de-fotesir-con-rd30-millones-en-incentivos-cc8f16c9-focus-0-0-896-504-300x169.jpg 300w, https:\/\/potenciaradiofonicadominicana.com\/portal\/wp-content\/uploads\/2026\/04\/abren-convocatoria-de-fotesir-con-rd30-millones-en-incentivos-cc8f16c9-focus-0-0-896-504-768x432.jpg 768w\" sizes=\"auto, (max-width: 895px) 100vw, 895px\" \/><\/a><\/p>\n<p>Autoridades aperturaron\u00a0la convocatoria del\u00a0Fondo de Fomento\u00a0a la Tecnificaci\u00f3n del Sistema Nacional de Riego (Fotesir), dirigida a productores interesados en recibir\u00a0bonos no reembolsables\u00a0de hasta un 70 % para fortalecer la producci\u00f3n de pasto hacia ganado lechero.<\/p>\n<p>La iniciativa dispone de\u00a030 millones de pesos\u00a0en incentivos destinados a impulsar\u00a0peque\u00f1os proyectos\u00a0de productores ganaderos, debidamente registrados en el Consejo Nacional para la Reglamentaci\u00f3n y Fomento de la Industria Lechera (Conaleche), que implementen tecnolog\u00edas agr\u00edcolas como sistemas de riego, con el fin de eficientizar el uso del agua en la ganader\u00eda.<\/p>\n<p>El proyecto es dirigido por la\u00a0Direcci\u00f3n Ejecutiva de Tecnificaci\u00f3n Nacional\u00a0de Riego (TNR), el\u00a0Banco Agr\u00edcola\u00a0y el\u00a0Conaleche, adem\u00e1s, forma parte del\u00a0programa Bagri-Riego.<\/p>\n<p>Claudio Caama\u00f1o V\u00e9lez, director de la TNR, indic\u00f3 que la convocatoria est\u00e1 dirigida a\u00a0proyectos de riego\u00a0de hasta 100 tareas de productores lecheros.<\/p>\n<p>Inform\u00f3 que el\u00a0proceso de convocatoria\u00a0estar\u00e1 abierto hasta el\u00a029 de junio\u00a0del a\u00f1o en curso, per\u00edodo durante el cual los interesados en la producci\u00f3n de pasto y forraje a nivel nacional deber\u00e1n cumplir con los\u00a0requisitos establecidos\u00a0y formalizar su participaci\u00f3n.<\/p>\n<p>Agreg\u00f3 que las\u00a0ediciones anteriores\u00a0de convocatorias, junto al\u00a0programa Bagri-Riego, han permitido reducir a m\u00e1s de la mitad los costos de instalaci\u00f3n de los sistemas de riego y acelerar los tiempos de ejecuci\u00f3n para los productores beneficiarios.<\/p>\n<p>De su lado, Luis\u00a0S\u00e1nchez Falette, titular de\u00a0Conaleche, explic\u00f3 que esta convocatoria constituye un paso firme para fortalecer el\u00a0sector lechero\u00a0nacional, al buscar no solo aumentar la productividad, sino tambi\u00e9n asegurar que los productores cuenten con herramientas y respaldo para un\u00a0crecimiento sostenible.<\/p>\n<p>Destac\u00f3, adem\u00e1s, que el\u00a0acceso al agua\u00a0y al riego es fundamental para la\u00a0producci\u00f3n de leche, debido a que una gesti\u00f3n adecuada de estos recursos permite alimentar el ganado, mantener la calidad y garantizar la continuidad de las operaciones, impactando tanto en la producci\u00f3n como en las\u00a0condiciones de vida de las familias rurales.<\/p>\n<p>Financiamiento del banco<\/p>\n<p>En tanto,\u00a0Eddy Mont\u00e1s, subadministrador del\u00a0Bagr\u00edcola, reiter\u00f3 que la instituci\u00f3n est\u00e1 ofreciendo\u00a0condiciones de financiamiento\u00a0para impulsar la tecnificaci\u00f3n, especialmente mediante la implementaci\u00f3n de sistemas modernos de producci\u00f3n.<\/p>\n<p>Indic\u00f3 que los productores podr\u00e1n acceder a financiamiento con una cobertura del 30 %, mientras que el 70 % restante ser\u00e1 cubierto a trav\u00e9s de\u00a0bonos de apoyo.<\/p>\n<p>El convenio, firmado entre el director de la TNR, Claudio Caama\u00f1o, y el titular de\u00a0Conaleche,\u00a0Luis S\u00e1nchez Falette, establece un marco de colaboraci\u00f3n para incrementar la productividad del sector ganadero, reducir el impacto ambiental y ampliar las \u00e1reas destinadas a la producci\u00f3n de pastos, contribuyendo a la\u00a0seguridad alimentaria\u00a0del pa\u00eds.<\/p>\n","protected":false},"excerpt":{"rendered":"<p>Autoridades aperturaron\u00a0la convocatoria del\u00a0Fondo de Fomento\u00a0a la Tecnificaci\u00f3n del Sistema Nacional de Riego (Fotesir), dirigida a productores interesados en recibir\u00a0bonos &#8230;<\/p>\n","protected":false},"author":2,"featured_media":216203,"comment_status":"closed","ping_status":"closed","sticky":false,"template":"","format":"standard","meta":{"footnotes":""},"categories":[26],"tags":[],"class_list":["post-216202","post","type-post","status-publish","format-standard","has-post-thumbnail","hentry","category-economia"],"yoast_head":"<!-- This site is optimized with the Yoast SEO plugin v24.8.1 - https:\/\/yoast.com\/wordpress\/plugins\/seo\/ -->\n<title>El Gobierno destina RD$30 millones para dinamizar sector lechero - PotenciaRadiofonicaDominicana.com<\/title>\n<meta name=\"robots\" content=\"index, follow, max-snippet:-1, max-image-preview:large, max-video-preview:-1\" \/>\n<link rel=\"canonical\" href=\"https:\/\/potenciaradiofonicadominicana.com\/portal\/el-gobierno-destina-rd30-millones-para-dinamizar-sector-lechero\/\" \/>\n<meta property=\"og:locale\" content=\"es_ES\" \/>\n<meta property=\"og:type\" content=\"article\" \/>\n<meta property=\"og:title\" content=\"El Gobierno destina RD$30 millones para dinamizar sector lechero - PotenciaRadiofonicaDominicana.com\" \/>\n<meta property=\"og:description\" content=\"Autoridades aperturaron\u00a0la convocatoria del\u00a0Fondo de Fomento\u00a0a la Tecnificaci\u00f3n del Sistema Nacional de Riego (Fotesir), dirigida a productores interesados en recibir\u00a0bonos ...\" \/>\n<meta property=\"og:url\" content=\"https:\/\/potenciaradiofonicadominicana.com\/portal\/el-gobierno-destina-rd30-millones-para-dinamizar-sector-lechero\/\" \/>\n<meta property=\"og:site_name\" content=\"PotenciaRadiofonicaDominicana.com\" \/>\n<meta property=\"article:publisher\" content=\"https:\/\/web.facebook.com\/PotenciaRadiofonicaD\" \/>\n<meta property=\"article:published_time\" content=\"2026-04-30T03:07:16+00:00\" \/>\n<meta property=\"og:image\" content=\"https:\/\/potenciaradiofonicadominicana.com\/portal\/wp-content\/uploads\/2026\/04\/abren-convocatoria-de-fotesir-con-rd30-millones-en-incentivos-cc8f16c9-focus-0-0-896-504.jpg\" \/>\n\t<meta property=\"og:image:width\" content=\"895\" \/>\n\t<meta property=\"og:image:height\" content=\"504\" \/>\n\t<meta property=\"og:image:type\" content=\"image\/jpeg\" \/>\n<meta name=\"author\" content=\"Potencia Radiof\u00f3nica Dominicana\" \/>\n<meta name=\"twitter:card\" content=\"summary_large_image\" \/>\n<meta name=\"twitter:label1\" content=\"Escrito por\" \/>\n\t<meta name=\"twitter:data1\" content=\"Potencia Radiof\u00f3nica Dominicana\" \/>\n\t<meta name=\"twitter:label2\" content=\"Tiempo de lectura\" \/>\n\t<meta name=\"twitter:data2\" content=\"3 minutos\" \/>\n<script type=\"application\/ld+json\" class=\"yoast-schema-graph\">{\"@context\":\"https:\/\/schema.org\",\"@graph\":[{\"@type\":\"Article\",\"@id\":\"https:\/\/potenciaradiofonicadominicana.com\/portal\/el-gobierno-destina-rd30-millones-para-dinamizar-sector-lechero\/#article\",\"isPartOf\":{\"@id\":\"https:\/\/potenciaradiofonicadominicana.com\/portal\/el-gobierno-destina-rd30-millones-para-dinamizar-sector-lechero\/\"},\"author\":{\"name\":\"Potencia Radiof\u00f3nica Dominicana\",\"@id\":\"https:\/\/potenciaradiofonicadominicana.com\/portal\/#\/schema\/person\/a5cf1fea13877803ee0573ac18b03490\"},\"headline\":\"El Gobierno destina RD$30 millones para dinamizar sector lechero\",\"datePublished\":\"2026-04-30T03:07:16+00:00\",\"mainEntityOfPage\":{\"@id\":\"https:\/\/potenciaradiofonicadominicana.com\/portal\/el-gobierno-destina-rd30-millones-para-dinamizar-sector-lechero\/\"},\"wordCount\":477,\"publisher\":{\"@id\":\"https:\/\/potenciaradiofonicadominicana.com\/portal\/#organization\"},\"image\":{\"@id\":\"https:\/\/potenciaradiofonicadominicana.com\/portal\/el-gobierno-destina-rd30-millones-para-dinamizar-sector-lechero\/#primaryimage\"},\"thumbnailUrl\":\"https:\/\/potenciaradiofonicadominicana.com\/portal\/wp-content\/uploads\/2026\/04\/abren-convocatoria-de-fotesir-con-rd30-millones-en-incentivos-cc8f16c9-focus-0-0-896-504.jpg\",\"articleSection\":[\"Econom\u00eda\"],\"inLanguage\":\"es\"},{\"@type\":\"WebPage\",\"@id\":\"https:\/\/potenciaradiofonicadominicana.com\/portal\/el-gobierno-destina-rd30-millones-para-dinamizar-sector-lechero\/\",\"url\":\"https:\/\/potenciaradiofonicadominicana.com\/portal\/el-gobierno-destina-rd30-millones-para-dinamizar-sector-lechero\/\",\"name\":\"El Gobierno destina RD$30 millones para dinamizar sector lechero - PotenciaRadiofonicaDominicana.com\",\"isPartOf\":{\"@id\":\"https:\/\/potenciaradiofonicadominicana.com\/portal\/#website\"},\"primaryImageOfPage\":{\"@id\":\"https:\/\/potenciaradiofonicadominicana.com\/portal\/el-gobierno-destina-rd30-millones-para-dinamizar-sector-lechero\/#primaryimage\"},\"image\":{\"@id\":\"https:\/\/potenciaradiofonicadominicana.com\/portal\/el-gobierno-destina-rd30-millones-para-dinamizar-sector-lechero\/#primaryimage\"},\"thumbnailUrl\":\"https:\/\/potenciaradiofonicadominicana.com\/portal\/wp-content\/uploads\/2026\/04\/abren-convocatoria-de-fotesir-con-rd30-millones-en-incentivos-cc8f16c9-focus-0-0-896-504.jpg\",\"datePublished\":\"2026-04-30T03:07:16+00:00\",\"breadcrumb\":{\"@id\":\"https:\/\/potenciaradiofonicadominicana.com\/portal\/el-gobierno-destina-rd30-millones-para-dinamizar-sector-lechero\/#breadcrumb\"},\"inLanguage\":\"es\",\"potentialAction\":[{\"@type\":\"ReadAction\",\"target\":[\"https:\/\/potenciaradiofonicadominicana.com\/portal\/el-gobierno-destina-rd30-millones-para-dinamizar-sector-lechero\/\"]}]},{\"@type\":\"ImageObject\",\"inLanguage\":\"es\",\"@id\":\"https:\/\/potenciaradiofonicadominicana.com\/portal\/el-gobierno-destina-rd30-millones-para-dinamizar-sector-lechero\/#primaryimage\",\"url\":\"https:\/\/potenciaradiofonicadominicana.com\/portal\/wp-content\/uploads\/2026\/04\/abren-convocatoria-de-fotesir-con-rd30-millones-en-incentivos-cc8f16c9-focus-0-0-896-504.jpg\",\"contentUrl\":\"https:\/\/potenciaradiofonicadominicana.com\/portal\/wp-content\/uploads\/2026\/04\/abren-convocatoria-de-fotesir-con-rd30-millones-en-incentivos-cc8f16c9-focus-0-0-896-504.jpg\",\"width\":895,\"height\":504},{\"@type\":\"BreadcrumbList\",\"@id\":\"https:\/\/potenciaradiofonicadominicana.com\/portal\/el-gobierno-destina-rd30-millones-para-dinamizar-sector-lechero\/#breadcrumb\",\"itemListElement\":[{\"@type\":\"ListItem\",\"position\":1,\"name\":\"Portada\",\"item\":\"https:\/\/potenciaradiofonicadominicana.com\/portal\/\"},{\"@type\":\"ListItem\",\"position\":2,\"name\":\"El Gobierno destina RD$30 millones para dinamizar sector lechero\"}]},{\"@type\":\"WebSite\",\"@id\":\"https:\/\/potenciaradiofonicadominicana.com\/portal\/#website\",\"url\":\"https:\/\/potenciaradiofonicadominicana.com\/portal\/\",\"name\":\"PotenciaRadiofonicaDominicana.com\",\"description\":\"Peri\u00f3dico Digital\",\"publisher\":{\"@id\":\"https:\/\/potenciaradiofonicadominicana.com\/portal\/#organization\"},\"potentialAction\":[{\"@type\":\"SearchAction\",\"target\":{\"@type\":\"EntryPoint\",\"urlTemplate\":\"https:\/\/potenciaradiofonicadominicana.com\/portal\/?s={search_term_string}\"},\"query-input\":{\"@type\":\"PropertyValueSpecification\",\"valueRequired\":true,\"valueName\":\"search_term_string\"}}],\"inLanguage\":\"es\"},{\"@type\":\"Organization\",\"@id\":\"https:\/\/potenciaradiofonicadominicana.com\/portal\/#organization\",\"name\":\"PotenciaRadiofonicaDominicana.com\",\"url\":\"https:\/\/potenciaradiofonicadominicana.com\/portal\/\",\"logo\":{\"@type\":\"ImageObject\",\"inLanguage\":\"es\",\"@id\":\"https:\/\/potenciaradiofonicadominicana.com\/portal\/#\/schema\/logo\/image\/\",\"url\":\"https:\/\/potenciaradiofonicadominicana.com\/portal\/wp-content\/uploads\/2022\/01\/descarga.png\",\"contentUrl\":\"https:\/\/potenciaradiofonicadominicana.com\/portal\/wp-content\/uploads\/2022\/01\/descarga.png\",\"width\":300,\"height\":100,\"caption\":\"PotenciaRadiofonicaDominicana.com\"},\"image\":{\"@id\":\"https:\/\/potenciaradiofonicadominicana.com\/portal\/#\/schema\/logo\/image\/\"},\"sameAs\":[\"https:\/\/web.facebook.com\/PotenciaRadiofonicaD\"]},{\"@type\":\"Person\",\"@id\":\"https:\/\/potenciaradiofonicadominicana.com\/portal\/#\/schema\/person\/a5cf1fea13877803ee0573ac18b03490\",\"name\":\"Potencia Radiof\u00f3nica Dominicana\",\"image\":{\"@type\":\"ImageObject\",\"inLanguage\":\"es\",\"@id\":\"https:\/\/potenciaradiofonicadominicana.com\/portal\/#\/schema\/person\/image\/\",\"url\":\"https:\/\/secure.gravatar.com\/avatar\/42a55ab9e8ccc656ba34cd791990602a?s=96&d=mm&r=g\",\"contentUrl\":\"https:\/\/secure.gravatar.com\/avatar\/42a55ab9e8ccc656ba34cd791990602a?s=96&d=mm&r=g\",\"caption\":\"Potencia Radiof\u00f3nica Dominicana\"},\"url\":\"https:\/\/potenciaradiofonicadominicana.com\/portal\/author\/johannyalmanzar\/\"}]}<\/script>\n<!-- \/ Yoast SEO plugin. -->","yoast_head_json":{"title":"El Gobierno destina RD$30 millones para dinamizar sector lechero - PotenciaRadiofonicaDominicana.com","robots":{"index":"index","follow":"follow","max-snippet":"max-snippet:-1","max-image-preview":"max-image-preview:large","max-video-preview":"max-video-preview:-1"},"canonical":"https:\/\/potenciaradiofonicadominicana.com\/portal\/el-gobierno-destina-rd30-millones-para-dinamizar-sector-lechero\/","og_locale":"es_ES","og_type":"article","og_title":"El Gobierno destina RD$30 millones para dinamizar sector lechero - PotenciaRadiofonicaDominicana.com","og_description":"Autoridades aperturaron\u00a0la convocatoria del\u00a0Fondo de Fomento\u00a0a la Tecnificaci\u00f3n del Sistema Nacional de Riego (Fotesir), dirigida a productores interesados en recibir\u00a0bonos ...","og_url":"https:\/\/potenciaradiofonicadominicana.com\/portal\/el-gobierno-destina-rd30-millones-para-dinamizar-sector-lechero\/","og_site_name":"PotenciaRadiofonicaDominicana.com","article_publisher":"https:\/\/web.facebook.com\/PotenciaRadiofonicaD","article_published_time":"2026-04-30T03:07:16+00:00","og_image":[{"width":895,"height":504,"url":"https:\/\/potenciaradiofonicadominicana.com\/portal\/wp-content\/uploads\/2026\/04\/abren-convocatoria-de-fotesir-con-rd30-millones-en-incentivos-cc8f16c9-focus-0-0-896-504.jpg","type":"image\/jpeg"}],"author":"Potencia Radiof\u00f3nica Dominicana","twitter_card":"summary_large_image","twitter_misc":{"Escrito por":"Potencia Radiof\u00f3nica Dominicana","Tiempo de lectura":"3 minutos"},"schema":{"@context":"https:\/\/schema.org","@graph":[{"@type":"Article","@id":"https:\/\/potenciaradiofonicadominicana.com\/portal\/el-gobierno-destina-rd30-millones-para-dinamizar-sector-lechero\/#article","isPartOf":{"@id":"https:\/\/potenciaradiofonicadominicana.com\/portal\/el-gobierno-destina-rd30-millones-para-dinamizar-sector-lechero\/"},"author":{"name":"Potencia Radiof\u00f3nica Dominicana","@id":"https:\/\/potenciaradiofonicadominicana.com\/portal\/#\/schema\/person\/a5cf1fea13877803ee0573ac18b03490"},"headline":"El Gobierno destina RD$30 millones para dinamizar sector lechero","datePublished":"2026-04-30T03:07:16+00:00","mainEntityOfPage":{"@id":"https:\/\/potenciaradiofonicadominicana.com\/portal\/el-gobierno-destina-rd30-millones-para-dinamizar-sector-lechero\/"},"wordCount":477,"publisher":{"@id":"https:\/\/potenciaradiofonicadominicana.com\/portal\/#organization"},"image":{"@id":"https:\/\/potenciaradiofonicadominicana.com\/portal\/el-gobierno-destina-rd30-millones-para-dinamizar-sector-lechero\/#primaryimage"},"thumbnailUrl":"https:\/\/potenciaradiofonicadominicana.com\/portal\/wp-content\/uploads\/2026\/04\/abren-convocatoria-de-fotesir-con-rd30-millones-en-incentivos-cc8f16c9-focus-0-0-896-504.jpg","articleSection":["Econom\u00eda"],"inLanguage":"es"},{"@type":"WebPage","@id":"https:\/\/potenciaradiofonicadominicana.com\/portal\/el-gobierno-destina-rd30-millones-para-dinamizar-sector-lechero\/","url":"https:\/\/potenciaradiofonicadominicana.com\/portal\/el-gobierno-destina-rd30-millones-para-dinamizar-sector-lechero\/","name":"El Gobierno destina RD$30 millones para dinamizar sector lechero - PotenciaRadiofonicaDominicana.com","isPartOf":{"@id":"https:\/\/potenciaradiofonicadominicana.com\/portal\/#website"},"primaryImageOfPage":{"@id":"https:\/\/potenciaradiofonicadominicana.com\/portal\/el-gobierno-destina-rd30-millones-para-dinamizar-sector-lechero\/#primaryimage"},"image":{"@id":"https:\/\/potenciaradiofonicadominicana.com\/portal\/el-gobierno-destina-rd30-millones-para-dinamizar-sector-lechero\/#primaryimage"},"thumbnailUrl":"https:\/\/potenciaradiofonicadominicana.com\/portal\/wp-content\/uploads\/2026\/04\/abren-convocatoria-de-fotesir-con-rd30-millones-en-incentivos-cc8f16c9-focus-0-0-896-504.jpg","datePublished":"2026-04-30T03:07:16+00:00","breadcrumb":{"@id":"https:\/\/potenciaradiofonicadominicana.com\/portal\/el-gobierno-destina-rd30-millones-para-dinamizar-sector-lechero\/#breadcrumb"},"inLanguage":"es","potentialAction":[{"@type":"ReadAction","target":["https:\/\/potenciaradiofonicadominicana.com\/portal\/el-gobierno-destina-rd30-millones-para-dinamizar-sector-lechero\/"]}]},{"@type":"ImageObject","inLanguage":"es","@id":"https:\/\/potenciaradiofonicadominicana.com\/portal\/el-gobierno-destina-rd30-millones-para-dinamizar-sector-lechero\/#primaryimage","url":"https:\/\/potenciaradiofonicadominicana.com\/portal\/wp-content\/uploads\/2026\/04\/abren-convocatoria-de-fotesir-con-rd30-millones-en-incentivos-cc8f16c9-focus-0-0-896-504.jpg","contentUrl":"https:\/\/potenciaradiofonicadominicana.com\/portal\/wp-content\/uploads\/2026\/04\/abren-convocatoria-de-fotesir-con-rd30-millones-en-incentivos-cc8f16c9-focus-0-0-896-504.jpg","width":895,"height":504},{"@type":"BreadcrumbList","@id":"https:\/\/potenciaradiofonicadominicana.com\/portal\/el-gobierno-destina-rd30-millones-para-dinamizar-sector-lechero\/#breadcrumb","itemListElement":[{"@type":"ListItem","position":1,"name":"Portada","item":"https:\/\/potenciaradiofonicadominicana.com\/portal\/"},{"@type":"ListItem","position":2,"name":"El Gobierno destina RD$30 millones para dinamizar sector lechero"}]},{"@type":"WebSite","@id":"https:\/\/potenciaradiofonicadominicana.com\/portal\/#website","url":"https:\/\/potenciaradiofonicadominicana.com\/portal\/","name":"PotenciaRadiofonicaDominicana.com","description":"Peri\u00f3dico Digital","publisher":{"@id":"https:\/\/potenciaradiofonicadominicana.com\/portal\/#organization"},"potentialAction":[{"@type":"SearchAction","target":{"@type":"EntryPoint","urlTemplate":"https:\/\/potenciaradiofonicadominicana.com\/portal\/?s={search_term_string}"},"query-input":{"@type":"PropertyValueSpecification","valueRequired":true,"valueName":"search_term_string"}}],"inLanguage":"es"},{"@type":"Organization","@id":"https:\/\/potenciaradiofonicadominicana.com\/portal\/#organization","name":"PotenciaRadiofonicaDominicana.com","url":"https:\/\/potenciaradiofonicadominicana.com\/portal\/","logo":{"@type":"ImageObject","inLanguage":"es","@id":"https:\/\/potenciaradiofonicadominicana.com\/portal\/#\/schema\/logo\/image\/","url":"https:\/\/potenciaradiofonicadominicana.com\/portal\/wp-content\/uploads\/2022\/01\/descarga.png","contentUrl":"https:\/\/potenciaradiofonicadominicana.com\/portal\/wp-content\/uploads\/2022\/01\/descarga.png","width":300,"height":100,"caption":"PotenciaRadiofonicaDominicana.com"},"image":{"@id":"https:\/\/potenciaradiofonicadominicana.com\/portal\/#\/schema\/logo\/image\/"},"sameAs":["https:\/\/web.facebook.com\/PotenciaRadiofonicaD"]},{"@type":"Person","@id":"https:\/\/potenciaradiofonicadominicana.com\/portal\/#\/schema\/person\/a5cf1fea13877803ee0573ac18b03490","name":"Potencia Radiof\u00f3nica Dominicana","image":{"@type":"ImageObject","inLanguage":"es","@id":"https:\/\/potenciaradiofonicadominicana.com\/portal\/#\/schema\/person\/image\/","url":"https:\/\/secure.gravatar.com\/avatar\/42a55ab9e8ccc656ba34cd791990602a?s=96&d=mm&r=g","contentUrl":"https:\/\/secure.gravatar.com\/avatar\/42a55ab9e8ccc656ba34cd791990602a?s=96&d=mm&r=g","caption":"Potencia Radiof\u00f3nica Dominicana"},"url":"https:\/\/potenciaradiofonicadominicana.com\/portal\/author\/johannyalmanzar\/"}]}},"_links":{"self":[{"href":"https:\/\/potenciaradiofonicadominicana.com\/portal\/wp-json\/wp\/v2\/posts\/216202","targetHints":{"allow":["GET"]}}],"collection":[{"href":"https:\/\/potenciaradiofonicadominicana.com\/portal\/wp-json\/wp\/v2\/posts"}],"about":[{"href":"https:\/\/potenciaradiofonicadominicana.com\/portal\/wp-json\/wp\/v2\/types\/post"}],"author":[{"embeddable":true,"href":"https:\/\/potenciaradiofonicadominicana.com\/portal\/wp-json\/wp\/v2\/users\/2"}],"replies":[{"embeddable":true,"href":"https:\/\/potenciaradiofonicadominicana.com\/portal\/wp-json\/wp\/v2\/comments?post=216202"}],"version-history":[{"count":1,"href":"https:\/\/potenciaradiofonicadominicana.com\/portal\/wp-json\/wp\/v2\/posts\/216202\/revisions"}],"predecessor-version":[{"id":216207,"href":"https:\/\/potenciaradiofonicadominicana.com\/portal\/wp-json\/wp\/v2\/posts\/216202\/revisions\/216207"}],"wp:featuredmedia":[{"embeddable":true,"href":"https:\/\/potenciaradiofonicadominicana.com\/portal\/wp-json\/wp\/v2\/media\/216203"}],"wp:attachment":[{"href":"https:\/\/potenciaradiofonicadominicana.com\/portal\/wp-json\/wp\/v2\/media?parent=216202"}],"wp:term":[{"taxonomy":"category","embeddable":true,"href":"https:\/\/potenciaradiofonicadominicana.com\/portal\/wp-json\/wp\/v2\/categories?post=216202"},{"taxonomy":"post_tag","embeddable":true,"href":"https:\/\/potenciaradiofonicadominicana.com\/portal\/wp-json\/wp\/v2\/tags?post=216202"}],"curies":[{"name":"wp","href":"https:\/\/api.w.org\/{rel}","templated":true}]}}