{"id":216201,"date":"2026-04-29T23:06:48","date_gmt":"2026-04-30T03:06:48","guid":{"rendered":"https:\/\/potenciaradiofonicadominicana.com\/portal\/?p=216201"},"modified":"2026-04-29T23:06:48","modified_gmt":"2026-04-30T03:06:48","slug":"daddy-yankee-y-shenseea-unen-sus-voces-en-album-oficial-de-la-copa-mundial-de-fifa-2026","status":"publish","type":"post","link":"https:\/\/potenciaradiofonicadominicana.com\/portal\/daddy-yankee-y-shenseea-unen-sus-voces-en-album-oficial-de-la-copa-mundial-de-fifa-2026\/","title":{"rendered":"Daddy Yankee y Shenseea unen sus voces en \u00e1lbum oficial de la Copa Mundial de FIFA 2026"},"content":{"rendered":"<p><a href=\"https:\/\/potenciaradiofonicadominicana.com\/portal\/wp-content\/uploads\/2026\/04\/Album-Oficial-de-la-Copa-Mundial-de-la-FIFA-2026-1.webp\"><img loading=\"lazy\" decoding=\"async\" class=\"alignnone size-full wp-image-216204\" src=\"https:\/\/potenciaradiofonicadominicana.com\/portal\/wp-content\/uploads\/2026\/04\/Album-Oficial-de-la-Copa-Mundial-de-la-FIFA-2026-1.webp\" alt=\"\" width=\"1360\" height=\"768\" srcset=\"https:\/\/potenciaradiofonicadominicana.com\/portal\/wp-content\/uploads\/2026\/04\/Album-Oficial-de-la-Copa-Mundial-de-la-FIFA-2026-1.webp 1360w, https:\/\/potenciaradiofonicadominicana.com\/portal\/wp-content\/uploads\/2026\/04\/Album-Oficial-de-la-Copa-Mundial-de-la-FIFA-2026-1-300x169.webp 300w, https:\/\/potenciaradiofonicadominicana.com\/portal\/wp-content\/uploads\/2026\/04\/Album-Oficial-de-la-Copa-Mundial-de-la-FIFA-2026-1-1024x578.webp 1024w, https:\/\/potenciaradiofonicadominicana.com\/portal\/wp-content\/uploads\/2026\/04\/Album-Oficial-de-la-Copa-Mundial-de-la-FIFA-2026-1-768x434.webp 768w\" sizes=\"auto, (max-width: 1360px) 100vw, 1360px\" \/><\/a><\/p>\n<p>El \u00e1lbum oficial de la Copa Mundial de la FIFA 2026\u2122 se ampl\u00eda con el lanzamiento de \u00abEcho\u00bb, una nueva colaboraci\u00f3n entre Daddy Yankee y Shenseea, publicada a trav\u00e9s de SALXCO UAM y Def Jam Recordings. Coproducido y con producci\u00f3n ejecutiva a cargo del ganador de varios premios GRAMMY Tainy, el tema samplea \u00abRed &amp; Black Light\u00bb de Ibrahim Maalouf, con producci\u00f3n adicional de Maalouf, Massari, Adium, Jota Rosa y Albert Hype. \u00abEcho\u00bb re\u00fane a dos de las voces m\u00e1s influyentes del dancehall y el reguet\u00f3n y aporta una nueva dimensi\u00f3n al sonido global del \u00e1lbum.<\/p>\n<p>Aldea Estudio abre casting en busca de la doble de Emely Peguero para pel\u00edcula<br \/>\nAl combinar el estilo din\u00e1mico y ecl\u00e9ctico de Shenseea con la influencia perdurable de Daddy Yankee en el reguet\u00f3n, \u00abEcho\u00bb fusiona el dancehall y el reguet\u00f3n a trav\u00e9s de una base r\u00edtmica com\u00fan. El tema captura la energ\u00eda y el dinamismo de ambos g\u00e9neros, creando un sonido que resulta inmediato y con resonancia mundial, al tiempo que refleja el v\u00ednculo cultural entre las escenas musicales caribe\u00f1a y latina.<\/p>\n<p>Sobre \u00abEcho\u00bb y su inclusi\u00f3n en el \u00e1lbum oficial de la Copa Mundial de la FIFA 2026, Daddy Yankee comenta: \u00abQu\u00e9 bendici\u00f3n poder unir al mundo a trav\u00e9s de la m\u00fasica y el f\u00fatbol. Es una oportunidad para acercar a las personas m\u00e1s all\u00e1 de cualquier idioma o frontera\u00bb. Shenseea a\u00f1ade: \u00abTanto la m\u00fasica como el f\u00fatbol hablan un lenguaje universal, y formar parte de algo que une al mundo de esta manera es algo especial\u00bb.<\/p>\n<p>\u201cEcho\u201d llega tras el lanzamiento de \u201cLighter\u201d, de Jelly Roll y Car\u00edn Le\u00f3n, y \u201cPor Ella\u201d, de Los \u00c1ngeles Azules y Belinda, y supone el tercer sencillo del \u00e1lbum oficial de la Copa Mundial de la FIFA 2026. Cada lanzamiento aporta un sonido y una perspectiva distintos desde la colaboraci\u00f3n transfronteriza de los pa\u00edses anfitriones hasta un tema latino con ra\u00edces culturales que contribuyen a crear una visi\u00f3n m\u00e1s amplia de la identidad global del proyecto. Con \u00abEcho\u00bb, el \u00e1lbum evoluciona a\u00fan m\u00e1s, poniendo de relieve las influencias caribe\u00f1as y latinas como parte de su identidad sonora en expansi\u00f3n.<\/p>\n<p>Inicia juicio contra dos j\u00f3venes por atentado en concierto de Taylor Swift<br \/>\nA medida que se va dando a conocer el \u00c1lbum Oficial de la Copa Mundial de la FIFA 2026, este re\u00fane a artistas de todos los continentes y g\u00e9neros, reflejando la diversidad y el alcance global del torneo. El proyecto refleja la energ\u00eda y la riqueza cultural del deporte rey, y sirve como plataforma unificadora en la que se entrecruzan la m\u00fasica y el deporte, conectando a aficionados, comunidades y sonidos de todo el mundo.<\/p>\n","protected":false},"excerpt":{"rendered":"<p>El \u00e1lbum oficial de la Copa Mundial de la FIFA 2026\u2122 se ampl\u00eda con el lanzamiento de \u00abEcho\u00bb, una nueva &#8230;<\/p>\n","protected":false},"author":2,"featured_media":216204,"comment_status":"closed","ping_status":"closed","sticky":false,"template":"","format":"standard","meta":{"footnotes":""},"categories":[31],"tags":[],"class_list":["post-216201","post","type-post","status-publish","format-standard","has-post-thumbnail","hentry","category-arte-y-espectaculo"],"yoast_head":"<!-- This site is optimized with the Yoast SEO plugin v24.8.1 - https:\/\/yoast.com\/wordpress\/plugins\/seo\/ -->\n<title>Daddy Yankee y Shenseea unen sus voces en \u00e1lbum oficial de la Copa Mundial de FIFA 2026 - PotenciaRadiofonicaDominicana.com<\/title>\n<meta name=\"robots\" content=\"index, follow, max-snippet:-1, max-image-preview:large, max-video-preview:-1\" \/>\n<link rel=\"canonical\" href=\"https:\/\/potenciaradiofonicadominicana.com\/portal\/daddy-yankee-y-shenseea-unen-sus-voces-en-album-oficial-de-la-copa-mundial-de-fifa-2026\/\" \/>\n<meta property=\"og:locale\" content=\"es_ES\" \/>\n<meta property=\"og:type\" content=\"article\" \/>\n<meta property=\"og:title\" content=\"Daddy Yankee y Shenseea unen sus voces en \u00e1lbum oficial de la Copa Mundial de FIFA 2026 - PotenciaRadiofonicaDominicana.com\" \/>\n<meta property=\"og:description\" content=\"El \u00e1lbum oficial de la Copa Mundial de la FIFA 2026\u2122 se ampl\u00eda con el lanzamiento de \u00abEcho\u00bb, una nueva ...\" \/>\n<meta property=\"og:url\" content=\"https:\/\/potenciaradiofonicadominicana.com\/portal\/daddy-yankee-y-shenseea-unen-sus-voces-en-album-oficial-de-la-copa-mundial-de-fifa-2026\/\" \/>\n<meta property=\"og:site_name\" content=\"PotenciaRadiofonicaDominicana.com\" \/>\n<meta property=\"article:publisher\" content=\"https:\/\/web.facebook.com\/PotenciaRadiofonicaD\" \/>\n<meta property=\"article:published_time\" content=\"2026-04-30T03:06:48+00:00\" \/>\n<meta property=\"og:image\" content=\"https:\/\/potenciaradiofonicadominicana.com\/portal\/wp-content\/uploads\/2026\/04\/Album-Oficial-de-la-Copa-Mundial-de-la-FIFA-2026-1.webp\" \/>\n\t<meta property=\"og:image:width\" content=\"1360\" \/>\n\t<meta property=\"og:image:height\" content=\"768\" \/>\n\t<meta property=\"og:image:type\" content=\"image\/webp\" \/>\n<meta name=\"author\" content=\"Potencia Radiof\u00f3nica Dominicana\" \/>\n<meta name=\"twitter:card\" content=\"summary_large_image\" \/>\n<meta name=\"twitter:label1\" content=\"Escrito por\" \/>\n\t<meta name=\"twitter:data1\" content=\"Potencia Radiof\u00f3nica Dominicana\" \/>\n\t<meta name=\"twitter:label2\" content=\"Tiempo de lectura\" \/>\n\t<meta name=\"twitter:data2\" content=\"3 minutos\" \/>\n<script type=\"application\/ld+json\" class=\"yoast-schema-graph\">{\"@context\":\"https:\/\/schema.org\",\"@graph\":[{\"@type\":\"Article\",\"@id\":\"https:\/\/potenciaradiofonicadominicana.com\/portal\/daddy-yankee-y-shenseea-unen-sus-voces-en-album-oficial-de-la-copa-mundial-de-fifa-2026\/#article\",\"isPartOf\":{\"@id\":\"https:\/\/potenciaradiofonicadominicana.com\/portal\/daddy-yankee-y-shenseea-unen-sus-voces-en-album-oficial-de-la-copa-mundial-de-fifa-2026\/\"},\"author\":{\"name\":\"Potencia Radiof\u00f3nica Dominicana\",\"@id\":\"https:\/\/potenciaradiofonicadominicana.com\/portal\/#\/schema\/person\/a5cf1fea13877803ee0573ac18b03490\"},\"headline\":\"Daddy Yankee y Shenseea unen sus voces en \u00e1lbum oficial de la Copa Mundial de FIFA 2026\",\"datePublished\":\"2026-04-30T03:06:48+00:00\",\"mainEntityOfPage\":{\"@id\":\"https:\/\/potenciaradiofonicadominicana.com\/portal\/daddy-yankee-y-shenseea-unen-sus-voces-en-album-oficial-de-la-copa-mundial-de-fifa-2026\/\"},\"wordCount\":498,\"publisher\":{\"@id\":\"https:\/\/potenciaradiofonicadominicana.com\/portal\/#organization\"},\"image\":{\"@id\":\"https:\/\/potenciaradiofonicadominicana.com\/portal\/daddy-yankee-y-shenseea-unen-sus-voces-en-album-oficial-de-la-copa-mundial-de-fifa-2026\/#primaryimage\"},\"thumbnailUrl\":\"https:\/\/potenciaradiofonicadominicana.com\/portal\/wp-content\/uploads\/2026\/04\/Album-Oficial-de-la-Copa-Mundial-de-la-FIFA-2026-1.webp\",\"articleSection\":[\"Arte y Espectaculo\"],\"inLanguage\":\"es\"},{\"@type\":\"WebPage\",\"@id\":\"https:\/\/potenciaradiofonicadominicana.com\/portal\/daddy-yankee-y-shenseea-unen-sus-voces-en-album-oficial-de-la-copa-mundial-de-fifa-2026\/\",\"url\":\"https:\/\/potenciaradiofonicadominicana.com\/portal\/daddy-yankee-y-shenseea-unen-sus-voces-en-album-oficial-de-la-copa-mundial-de-fifa-2026\/\",\"name\":\"Daddy Yankee y Shenseea unen sus voces en \u00e1lbum oficial de la Copa Mundial de FIFA 2026 - PotenciaRadiofonicaDominicana.com\",\"isPartOf\":{\"@id\":\"https:\/\/potenciaradiofonicadominicana.com\/portal\/#website\"},\"primaryImageOfPage\":{\"@id\":\"https:\/\/potenciaradiofonicadominicana.com\/portal\/daddy-yankee-y-shenseea-unen-sus-voces-en-album-oficial-de-la-copa-mundial-de-fifa-2026\/#primaryimage\"},\"image\":{\"@id\":\"https:\/\/potenciaradiofonicadominicana.com\/portal\/daddy-yankee-y-shenseea-unen-sus-voces-en-album-oficial-de-la-copa-mundial-de-fifa-2026\/#primaryimage\"},\"thumbnailUrl\":\"https:\/\/potenciaradiofonicadominicana.com\/portal\/wp-content\/uploads\/2026\/04\/Album-Oficial-de-la-Copa-Mundial-de-la-FIFA-2026-1.webp\",\"datePublished\":\"2026-04-30T03:06:48+00:00\",\"breadcrumb\":{\"@id\":\"https:\/\/potenciaradiofonicadominicana.com\/portal\/daddy-yankee-y-shenseea-unen-sus-voces-en-album-oficial-de-la-copa-mundial-de-fifa-2026\/#breadcrumb\"},\"inLanguage\":\"es\",\"potentialAction\":[{\"@type\":\"ReadAction\",\"target\":[\"https:\/\/potenciaradiofonicadominicana.com\/portal\/daddy-yankee-y-shenseea-unen-sus-voces-en-album-oficial-de-la-copa-mundial-de-fifa-2026\/\"]}]},{\"@type\":\"ImageObject\",\"inLanguage\":\"es\",\"@id\":\"https:\/\/potenciaradiofonicadominicana.com\/portal\/daddy-yankee-y-shenseea-unen-sus-voces-en-album-oficial-de-la-copa-mundial-de-fifa-2026\/#primaryimage\",\"url\":\"https:\/\/potenciaradiofonicadominicana.com\/portal\/wp-content\/uploads\/2026\/04\/Album-Oficial-de-la-Copa-Mundial-de-la-FIFA-2026-1.webp\",\"contentUrl\":\"https:\/\/potenciaradiofonicadominicana.com\/portal\/wp-content\/uploads\/2026\/04\/Album-Oficial-de-la-Copa-Mundial-de-la-FIFA-2026-1.webp\",\"width\":1360,\"height\":768},{\"@type\":\"BreadcrumbList\",\"@id\":\"https:\/\/potenciaradiofonicadominicana.com\/portal\/daddy-yankee-y-shenseea-unen-sus-voces-en-album-oficial-de-la-copa-mundial-de-fifa-2026\/#breadcrumb\",\"itemListElement\":[{\"@type\":\"ListItem\",\"position\":1,\"name\":\"Portada\",\"item\":\"https:\/\/potenciaradiofonicadominicana.com\/portal\/\"},{\"@type\":\"ListItem\",\"position\":2,\"name\":\"Daddy Yankee y Shenseea unen sus voces en \u00e1lbum oficial de la Copa Mundial de FIFA 2026\"}]},{\"@type\":\"WebSite\",\"@id\":\"https:\/\/potenciaradiofonicadominicana.com\/portal\/#website\",\"url\":\"https:\/\/potenciaradiofonicadominicana.com\/portal\/\",\"name\":\"PotenciaRadiofonicaDominicana.com\",\"description\":\"Peri\u00f3dico Digital\",\"publisher\":{\"@id\":\"https:\/\/potenciaradiofonicadominicana.com\/portal\/#organization\"},\"potentialAction\":[{\"@type\":\"SearchAction\",\"target\":{\"@type\":\"EntryPoint\",\"urlTemplate\":\"https:\/\/potenciaradiofonicadominicana.com\/portal\/?s={search_term_string}\"},\"query-input\":{\"@type\":\"PropertyValueSpecification\",\"valueRequired\":true,\"valueName\":\"search_term_string\"}}],\"inLanguage\":\"es\"},{\"@type\":\"Organization\",\"@id\":\"https:\/\/potenciaradiofonicadominicana.com\/portal\/#organization\",\"name\":\"PotenciaRadiofonicaDominicana.com\",\"url\":\"https:\/\/potenciaradiofonicadominicana.com\/portal\/\",\"logo\":{\"@type\":\"ImageObject\",\"inLanguage\":\"es\",\"@id\":\"https:\/\/potenciaradiofonicadominicana.com\/portal\/#\/schema\/logo\/image\/\",\"url\":\"https:\/\/potenciaradiofonicadominicana.com\/portal\/wp-content\/uploads\/2022\/01\/descarga.png\",\"contentUrl\":\"https:\/\/potenciaradiofonicadominicana.com\/portal\/wp-content\/uploads\/2022\/01\/descarga.png\",\"width\":300,\"height\":100,\"caption\":\"PotenciaRadiofonicaDominicana.com\"},\"image\":{\"@id\":\"https:\/\/potenciaradiofonicadominicana.com\/portal\/#\/schema\/logo\/image\/\"},\"sameAs\":[\"https:\/\/web.facebook.com\/PotenciaRadiofonicaD\"]},{\"@type\":\"Person\",\"@id\":\"https:\/\/potenciaradiofonicadominicana.com\/portal\/#\/schema\/person\/a5cf1fea13877803ee0573ac18b03490\",\"name\":\"Potencia Radiof\u00f3nica Dominicana\",\"image\":{\"@type\":\"ImageObject\",\"inLanguage\":\"es\",\"@id\":\"https:\/\/potenciaradiofonicadominicana.com\/portal\/#\/schema\/person\/image\/\",\"url\":\"https:\/\/secure.gravatar.com\/avatar\/42a55ab9e8ccc656ba34cd791990602a?s=96&d=mm&r=g\",\"contentUrl\":\"https:\/\/secure.gravatar.com\/avatar\/42a55ab9e8ccc656ba34cd791990602a?s=96&d=mm&r=g\",\"caption\":\"Potencia Radiof\u00f3nica Dominicana\"},\"url\":\"https:\/\/potenciaradiofonicadominicana.com\/portal\/author\/johannyalmanzar\/\"}]}<\/script>\n<!-- \/ Yoast SEO plugin. -->","yoast_head_json":{"title":"Daddy Yankee y Shenseea unen sus voces en \u00e1lbum oficial de la Copa Mundial de FIFA 2026 - PotenciaRadiofonicaDominicana.com","robots":{"index":"index","follow":"follow","max-snippet":"max-snippet:-1","max-image-preview":"max-image-preview:large","max-video-preview":"max-video-preview:-1"},"canonical":"https:\/\/potenciaradiofonicadominicana.com\/portal\/daddy-yankee-y-shenseea-unen-sus-voces-en-album-oficial-de-la-copa-mundial-de-fifa-2026\/","og_locale":"es_ES","og_type":"article","og_title":"Daddy Yankee y Shenseea unen sus voces en \u00e1lbum oficial de la Copa Mundial de FIFA 2026 - PotenciaRadiofonicaDominicana.com","og_description":"El \u00e1lbum oficial de la Copa Mundial de la FIFA 2026\u2122 se ampl\u00eda con el lanzamiento de \u00abEcho\u00bb, una nueva ...","og_url":"https:\/\/potenciaradiofonicadominicana.com\/portal\/daddy-yankee-y-shenseea-unen-sus-voces-en-album-oficial-de-la-copa-mundial-de-fifa-2026\/","og_site_name":"PotenciaRadiofonicaDominicana.com","article_publisher":"https:\/\/web.facebook.com\/PotenciaRadiofonicaD","article_published_time":"2026-04-30T03:06:48+00:00","og_image":[{"width":1360,"height":768,"url":"https:\/\/potenciaradiofonicadominicana.com\/portal\/wp-content\/uploads\/2026\/04\/Album-Oficial-de-la-Copa-Mundial-de-la-FIFA-2026-1.webp","type":"image\/webp"}],"author":"Potencia Radiof\u00f3nica Dominicana","twitter_card":"summary_large_image","twitter_misc":{"Escrito por":"Potencia Radiof\u00f3nica Dominicana","Tiempo de lectura":"3 minutos"},"schema":{"@context":"https:\/\/schema.org","@graph":[{"@type":"Article","@id":"https:\/\/potenciaradiofonicadominicana.com\/portal\/daddy-yankee-y-shenseea-unen-sus-voces-en-album-oficial-de-la-copa-mundial-de-fifa-2026\/#article","isPartOf":{"@id":"https:\/\/potenciaradiofonicadominicana.com\/portal\/daddy-yankee-y-shenseea-unen-sus-voces-en-album-oficial-de-la-copa-mundial-de-fifa-2026\/"},"author":{"name":"Potencia Radiof\u00f3nica Dominicana","@id":"https:\/\/potenciaradiofonicadominicana.com\/portal\/#\/schema\/person\/a5cf1fea13877803ee0573ac18b03490"},"headline":"Daddy Yankee y Shenseea unen sus voces en \u00e1lbum oficial de la Copa Mundial de FIFA 2026","datePublished":"2026-04-30T03:06:48+00:00","mainEntityOfPage":{"@id":"https:\/\/potenciaradiofonicadominicana.com\/portal\/daddy-yankee-y-shenseea-unen-sus-voces-en-album-oficial-de-la-copa-mundial-de-fifa-2026\/"},"wordCount":498,"publisher":{"@id":"https:\/\/potenciaradiofonicadominicana.com\/portal\/#organization"},"image":{"@id":"https:\/\/potenciaradiofonicadominicana.com\/portal\/daddy-yankee-y-shenseea-unen-sus-voces-en-album-oficial-de-la-copa-mundial-de-fifa-2026\/#primaryimage"},"thumbnailUrl":"https:\/\/potenciaradiofonicadominicana.com\/portal\/wp-content\/uploads\/2026\/04\/Album-Oficial-de-la-Copa-Mundial-de-la-FIFA-2026-1.webp","articleSection":["Arte y Espectaculo"],"inLanguage":"es"},{"@type":"WebPage","@id":"https:\/\/potenciaradiofonicadominicana.com\/portal\/daddy-yankee-y-shenseea-unen-sus-voces-en-album-oficial-de-la-copa-mundial-de-fifa-2026\/","url":"https:\/\/potenciaradiofonicadominicana.com\/portal\/daddy-yankee-y-shenseea-unen-sus-voces-en-album-oficial-de-la-copa-mundial-de-fifa-2026\/","name":"Daddy Yankee y Shenseea unen sus voces en \u00e1lbum oficial de la Copa Mundial de FIFA 2026 - PotenciaRadiofonicaDominicana.com","isPartOf":{"@id":"https:\/\/potenciaradiofonicadominicana.com\/portal\/#website"},"primaryImageOfPage":{"@id":"https:\/\/potenciaradiofonicadominicana.com\/portal\/daddy-yankee-y-shenseea-unen-sus-voces-en-album-oficial-de-la-copa-mundial-de-fifa-2026\/#primaryimage"},"image":{"@id":"https:\/\/potenciaradiofonicadominicana.com\/portal\/daddy-yankee-y-shenseea-unen-sus-voces-en-album-oficial-de-la-copa-mundial-de-fifa-2026\/#primaryimage"},"thumbnailUrl":"https:\/\/potenciaradiofonicadominicana.com\/portal\/wp-content\/uploads\/2026\/04\/Album-Oficial-de-la-Copa-Mundial-de-la-FIFA-2026-1.webp","datePublished":"2026-04-30T03:06:48+00:00","breadcrumb":{"@id":"https:\/\/potenciaradiofonicadominicana.com\/portal\/daddy-yankee-y-shenseea-unen-sus-voces-en-album-oficial-de-la-copa-mundial-de-fifa-2026\/#breadcrumb"},"inLanguage":"es","potentialAction":[{"@type":"ReadAction","target":["https:\/\/potenciaradiofonicadominicana.com\/portal\/daddy-yankee-y-shenseea-unen-sus-voces-en-album-oficial-de-la-copa-mundial-de-fifa-2026\/"]}]},{"@type":"ImageObject","inLanguage":"es","@id":"https:\/\/potenciaradiofonicadominicana.com\/portal\/daddy-yankee-y-shenseea-unen-sus-voces-en-album-oficial-de-la-copa-mundial-de-fifa-2026\/#primaryimage","url":"https:\/\/potenciaradiofonicadominicana.com\/portal\/wp-content\/uploads\/2026\/04\/Album-Oficial-de-la-Copa-Mundial-de-la-FIFA-2026-1.webp","contentUrl":"https:\/\/potenciaradiofonicadominicana.com\/portal\/wp-content\/uploads\/2026\/04\/Album-Oficial-de-la-Copa-Mundial-de-la-FIFA-2026-1.webp","width":1360,"height":768},{"@type":"BreadcrumbList","@id":"https:\/\/potenciaradiofonicadominicana.com\/portal\/daddy-yankee-y-shenseea-unen-sus-voces-en-album-oficial-de-la-copa-mundial-de-fifa-2026\/#breadcrumb","itemListElement":[{"@type":"ListItem","position":1,"name":"Portada","item":"https:\/\/potenciaradiofonicadominicana.com\/portal\/"},{"@type":"ListItem","position":2,"name":"Daddy Yankee y Shenseea unen sus voces en \u00e1lbum oficial de la Copa Mundial de FIFA 2026"}]},{"@type":"WebSite","@id":"https:\/\/potenciaradiofonicadominicana.com\/portal\/#website","url":"https:\/\/potenciaradiofonicadominicana.com\/portal\/","name":"PotenciaRadiofonicaDominicana.com","description":"Peri\u00f3dico Digital","publisher":{"@id":"https:\/\/potenciaradiofonicadominicana.com\/portal\/#organization"},"potentialAction":[{"@type":"SearchAction","target":{"@type":"EntryPoint","urlTemplate":"https:\/\/potenciaradiofonicadominicana.com\/portal\/?s={search_term_string}"},"query-input":{"@type":"PropertyValueSpecification","valueRequired":true,"valueName":"search_term_string"}}],"inLanguage":"es"},{"@type":"Organization","@id":"https:\/\/potenciaradiofonicadominicana.com\/portal\/#organization","name":"PotenciaRadiofonicaDominicana.com","url":"https:\/\/potenciaradiofonicadominicana.com\/portal\/","logo":{"@type":"ImageObject","inLanguage":"es","@id":"https:\/\/potenciaradiofonicadominicana.com\/portal\/#\/schema\/logo\/image\/","url":"https:\/\/potenciaradiofonicadominicana.com\/portal\/wp-content\/uploads\/2022\/01\/descarga.png","contentUrl":"https:\/\/potenciaradiofonicadominicana.com\/portal\/wp-content\/uploads\/2022\/01\/descarga.png","width":300,"height":100,"caption":"PotenciaRadiofonicaDominicana.com"},"image":{"@id":"https:\/\/potenciaradiofonicadominicana.com\/portal\/#\/schema\/logo\/image\/"},"sameAs":["https:\/\/web.facebook.com\/PotenciaRadiofonicaD"]},{"@type":"Person","@id":"https:\/\/potenciaradiofonicadominicana.com\/portal\/#\/schema\/person\/a5cf1fea13877803ee0573ac18b03490","name":"Potencia Radiof\u00f3nica Dominicana","image":{"@type":"ImageObject","inLanguage":"es","@id":"https:\/\/potenciaradiofonicadominicana.com\/portal\/#\/schema\/person\/image\/","url":"https:\/\/secure.gravatar.com\/avatar\/42a55ab9e8ccc656ba34cd791990602a?s=96&d=mm&r=g","contentUrl":"https:\/\/secure.gravatar.com\/avatar\/42a55ab9e8ccc656ba34cd791990602a?s=96&d=mm&r=g","caption":"Potencia Radiof\u00f3nica Dominicana"},"url":"https:\/\/potenciaradiofonicadominicana.com\/portal\/author\/johannyalmanzar\/"}]}},"_links":{"self":[{"href":"https:\/\/potenciaradiofonicadominicana.com\/portal\/wp-json\/wp\/v2\/posts\/216201","targetHints":{"allow":["GET"]}}],"collection":[{"href":"https:\/\/potenciaradiofonicadominicana.com\/portal\/wp-json\/wp\/v2\/posts"}],"about":[{"href":"https:\/\/potenciaradiofonicadominicana.com\/portal\/wp-json\/wp\/v2\/types\/post"}],"author":[{"embeddable":true,"href":"https:\/\/potenciaradiofonicadominicana.com\/portal\/wp-json\/wp\/v2\/users\/2"}],"replies":[{"embeddable":true,"href":"https:\/\/potenciaradiofonicadominicana.com\/portal\/wp-json\/wp\/v2\/comments?post=216201"}],"version-history":[{"count":1,"href":"https:\/\/potenciaradiofonicadominicana.com\/portal\/wp-json\/wp\/v2\/posts\/216201\/revisions"}],"predecessor-version":[{"id":216205,"href":"https:\/\/potenciaradiofonicadominicana.com\/portal\/wp-json\/wp\/v2\/posts\/216201\/revisions\/216205"}],"wp:featuredmedia":[{"embeddable":true,"href":"https:\/\/potenciaradiofonicadominicana.com\/portal\/wp-json\/wp\/v2\/media\/216204"}],"wp:attachment":[{"href":"https:\/\/potenciaradiofonicadominicana.com\/portal\/wp-json\/wp\/v2\/media?parent=216201"}],"wp:term":[{"taxonomy":"category","embeddable":true,"href":"https:\/\/potenciaradiofonicadominicana.com\/portal\/wp-json\/wp\/v2\/categories?post=216201"},{"taxonomy":"post_tag","embeddable":true,"href":"https:\/\/potenciaradiofonicadominicana.com\/portal\/wp-json\/wp\/v2\/tags?post=216201"}],"curies":[{"name":"wp","href":"https:\/\/api.w.org\/{rel}","templated":true}]}}