{"id":216195,"date":"2026-04-29T23:05:15","date_gmt":"2026-04-30T03:05:15","guid":{"rendered":"https:\/\/potenciaradiofonicadominicana.com\/portal\/?p=216195"},"modified":"2026-04-29T23:05:15","modified_gmt":"2026-04-30T03:05:15","slug":"el-banco-central-realiza-la-premiacion-de-economistas-del-futuro","status":"publish","type":"post","link":"https:\/\/potenciaradiofonicadominicana.com\/portal\/el-banco-central-realiza-la-premiacion-de-economistas-del-futuro\/","title":{"rendered":"El Banco Central realiza la premiaci\u00f3n de \u00abEconomistas del Futuro\u00bb"},"content":{"rendered":"<p><a href=\"https:\/\/potenciaradiofonicadominicana.com\/portal\/wp-content\/uploads\/2026\/04\/valdez-albizu-encabeza-la-premiacion-de-economistas-del-futuro-255506c8-focus-0-0-896-504.jpg\"><img loading=\"lazy\" decoding=\"async\" class=\"alignnone size-full wp-image-216197\" src=\"https:\/\/potenciaradiofonicadominicana.com\/portal\/wp-content\/uploads\/2026\/04\/valdez-albizu-encabeza-la-premiacion-de-economistas-del-futuro-255506c8-focus-0-0-896-504.jpg\" alt=\"\" width=\"895\" height=\"504\" srcset=\"https:\/\/potenciaradiofonicadominicana.com\/portal\/wp-content\/uploads\/2026\/04\/valdez-albizu-encabeza-la-premiacion-de-economistas-del-futuro-255506c8-focus-0-0-896-504.jpg 895w, https:\/\/potenciaradiofonicadominicana.com\/portal\/wp-content\/uploads\/2026\/04\/valdez-albizu-encabeza-la-premiacion-de-economistas-del-futuro-255506c8-focus-0-0-896-504-300x169.jpg 300w, https:\/\/potenciaradiofonicadominicana.com\/portal\/wp-content\/uploads\/2026\/04\/valdez-albizu-encabeza-la-premiacion-de-economistas-del-futuro-255506c8-focus-0-0-896-504-768x432.jpg 768w\" sizes=\"auto, (max-width: 895px) 100vw, 895px\" \/><\/a><\/p>\n<p>El\u00a0gobernador\u00a0del Banco Central de la Rep\u00fablica Dominicana (BCRD),\u00a0H\u00e9ctor Valdez Albizu, presidi\u00f3 la\u00a0entrega de premios\u00a0correspondiente a la XIII competencia acad\u00e9mica \u00abEconomistas del futuro\u00bb, auspiciada por la instituci\u00f3n monetaria, un certamen donde anualmente estudiantes de \u00faltimo a\u00f1o de secundaria participan en representaci\u00f3n de sus centros educativos para presentar sus trabajos sobre econom\u00eda o finanzas.<\/p>\n<p>En esta edici\u00f3n, los estudiantes desarrollaron en sus trabajos el\u00a0tema\u00a0\u00abEstudiar para crecer: \u00bfc\u00f3mo la\u00a0educaci\u00f3n impulsa\u00a0el\u00a0desarrollo econ\u00f3mico?\u00bb.<\/p>\n<p>\u00abEn la convocatoria de este a\u00f1o recibimos el total m\u00e1s alto de trabajos presentados, sumando\u00a062 propuestas, con lo cual alcanzamos un total de\u00a01,491 estudiantes\u00a0que en trece versiones han representado a 497 centros educativos p\u00fablicos y privados de todo el pa\u00eds\u00bb, destac\u00f3 Valdez Albizu.<\/p>\n<p>Resalt\u00f3, adem\u00e1s, que este 2026 la balanza indica que cada vez son m\u00e1s los equipos procedentes de centros p\u00fablicos y, a su vez, tambi\u00e9n se incrementaron los procedentes de\u00a0localidades provinciales.<\/p>\n<p>Asimismo, expres\u00f3 que la\u00a0educaci\u00f3n econ\u00f3mica\u00a0y financiera no debe discriminar entre capas sociales, entornos urbanos o rurales, financiaci\u00f3n p\u00fablica o privada, ni entre distancias.<\/p>\n<p>En esta convocatoria, el\u00a0jurado evaluador\u00a0seleccion\u00f3\u00a015 finalistas\u00a0del Distrito Nacional, Santo Domingo Este, Santo Domingo Oeste,\u00a0Santiago, Espaillat, La Vega, Duarte, Hermanas Mirabal, Saman\u00e1, Valverde, La Altagracia, San Pedro de Macor\u00eds, La Romana, San Crist\u00f3bal, San Jos\u00e9 de Ocoa, Azua y San Juan.<\/p>\n<div class=\"my-12 component web-insert-bullet relative border bg-component\">\n<p>El primer lugar correspondi\u00f3 al Instituto Salesiano Don Bosco, con un equipo de estudiantes compuesto por Diego Jos\u00e9 Guzm\u00e1n Gonz\u00e1lez, Jes\u00fas Am\u00edn Encarnaci\u00f3n, Crisbeth Sarai Rodr\u00edguez Jim\u00e9nez, orientados por el profesor Cleison Berig\u00fcete, quienes recibieron una MacBook 13 Pro cada uno y el docente 50,000 pesos.<\/p>\n<\/div>\n<p>El\u00a0segundo lugar\u00a0fue para el\u00a0Colegio San Judas Tadeo, con un equipo de estudiantes integrado por Jes\u00fas Geraldo Mart\u00ednez B\u00e1ez, H\u00e9ctor Antonio Rosario P\u00e9rez, Julio Antonio P\u00e9rez Rodr\u00edguez, siendo la asesora Josefa Del Toro G\u00f3mez, quienes recibieron in\u00a0iPad Pro\u00a0cada uno y el docente 45,000 pesos.<\/p>\n<p>El\u00a0tercer premio\u00a0se otorg\u00f3 a\u00a0Internacional School of Santo Domingo, con un equipo de estudiantes integrado por Mia Isabella Reyes Defrank, Daniel Richi Pierre Paulino, Joe Roberto Ortiz Peralta, siendo el profesor Marcos Antonio D\u00edaz, recibiendo cada uno in\u00a0iPad mini, y el tutor 40,000 pesos.<\/p>\n<p>Y el\u00a0Colegio Triumphare\u00a0result\u00f3 ganador de una\u00a0menci\u00f3n de honor, con un equipo compuesto por los estudiantes L\u00eda Camila Collado V\u00e1squez, Ana Balbina Echavarr\u00eda Acosta y Jos\u00e9 Ernesto del Orbe Rubirosa, orientados por el\u00a0profesor F\u00e9lix Fern\u00e1ndez.<\/p>\n<p>Las palabras en nombre de los miembros del jurado fueron pronunciadas por\u00a0Patricia P\u00e9rez, consultora econ\u00f3mica del\u00a0BCRD, quien destac\u00f3 la notable calidad en los trabajos y las presentaciones, asi como tambi\u00e9n la profundidad de las investigaciones y la creatividad de las propuestas.<\/p>\n<p>Adem\u00e1s de P\u00e9rez, el\u00a0equipo evaluador\u00a0estuvo integrado por\u00a0Carlos Delgado, director de Regulaci\u00f3n y Estabilidad Financiera; Elina Rosario, directora de Cuentas Nacionales; \u00c1ngel Gonz\u00e1lez, director de Sistema de Pagos; y los consultores econ\u00f3micos\u00a0Alexander Medina\u00a0e Ian Abud.<\/p>\n<p>De su lado el joven\u00a0Jes\u00fas Amin Encarnaci\u00f3n, del Don Bosco, dio las gracias en nombre de todos los participantes destacando la importancia de este tipo de certamen para el futuro de los j\u00f3venes estudiantes.<\/p>\n","protected":false},"excerpt":{"rendered":"<p>El\u00a0gobernador\u00a0del Banco Central de la Rep\u00fablica Dominicana (BCRD),\u00a0H\u00e9ctor Valdez Albizu, presidi\u00f3 la\u00a0entrega de premios\u00a0correspondiente a la XIII competencia acad\u00e9mica \u00abEconomistas &#8230;<\/p>\n","protected":false},"author":2,"featured_media":216197,"comment_status":"closed","ping_status":"closed","sticky":false,"template":"","format":"standard","meta":{"footnotes":""},"categories":[26],"tags":[],"class_list":["post-216195","post","type-post","status-publish","format-standard","has-post-thumbnail","hentry","category-economia"],"yoast_head":"<!-- This site is optimized with the Yoast SEO plugin v24.8.1 - https:\/\/yoast.com\/wordpress\/plugins\/seo\/ -->\n<title>El Banco Central realiza la premiaci\u00f3n de &quot;Economistas del Futuro&quot; - PotenciaRadiofonicaDominicana.com<\/title>\n<meta name=\"robots\" content=\"index, follow, max-snippet:-1, max-image-preview:large, max-video-preview:-1\" \/>\n<link rel=\"canonical\" href=\"https:\/\/potenciaradiofonicadominicana.com\/portal\/el-banco-central-realiza-la-premiacion-de-economistas-del-futuro\/\" \/>\n<meta property=\"og:locale\" content=\"es_ES\" \/>\n<meta property=\"og:type\" content=\"article\" \/>\n<meta property=\"og:title\" content=\"El Banco Central realiza la premiaci\u00f3n de &quot;Economistas del Futuro&quot; - PotenciaRadiofonicaDominicana.com\" \/>\n<meta property=\"og:description\" content=\"El\u00a0gobernador\u00a0del Banco Central de la Rep\u00fablica Dominicana (BCRD),\u00a0H\u00e9ctor Valdez Albizu, presidi\u00f3 la\u00a0entrega de premios\u00a0correspondiente a la XIII competencia acad\u00e9mica \u00abEconomistas ...\" \/>\n<meta property=\"og:url\" content=\"https:\/\/potenciaradiofonicadominicana.com\/portal\/el-banco-central-realiza-la-premiacion-de-economistas-del-futuro\/\" \/>\n<meta property=\"og:site_name\" content=\"PotenciaRadiofonicaDominicana.com\" \/>\n<meta property=\"article:publisher\" content=\"https:\/\/web.facebook.com\/PotenciaRadiofonicaD\" \/>\n<meta property=\"article:published_time\" content=\"2026-04-30T03:05:15+00:00\" \/>\n<meta property=\"og:image\" content=\"https:\/\/potenciaradiofonicadominicana.com\/portal\/wp-content\/uploads\/2026\/04\/valdez-albizu-encabeza-la-premiacion-de-economistas-del-futuro-255506c8-focus-0-0-896-504.jpg\" \/>\n\t<meta property=\"og:image:width\" content=\"895\" \/>\n\t<meta property=\"og:image:height\" content=\"504\" \/>\n\t<meta property=\"og:image:type\" content=\"image\/jpeg\" \/>\n<meta name=\"author\" content=\"Potencia Radiof\u00f3nica Dominicana\" \/>\n<meta name=\"twitter:card\" content=\"summary_large_image\" \/>\n<meta name=\"twitter:label1\" content=\"Escrito por\" \/>\n\t<meta name=\"twitter:data1\" content=\"Potencia Radiof\u00f3nica Dominicana\" \/>\n\t<meta name=\"twitter:label2\" content=\"Tiempo de lectura\" \/>\n\t<meta name=\"twitter:data2\" content=\"3 minutos\" \/>\n<script type=\"application\/ld+json\" class=\"yoast-schema-graph\">{\"@context\":\"https:\/\/schema.org\",\"@graph\":[{\"@type\":\"Article\",\"@id\":\"https:\/\/potenciaradiofonicadominicana.com\/portal\/el-banco-central-realiza-la-premiacion-de-economistas-del-futuro\/#article\",\"isPartOf\":{\"@id\":\"https:\/\/potenciaradiofonicadominicana.com\/portal\/el-banco-central-realiza-la-premiacion-de-economistas-del-futuro\/\"},\"author\":{\"name\":\"Potencia Radiof\u00f3nica Dominicana\",\"@id\":\"https:\/\/potenciaradiofonicadominicana.com\/portal\/#\/schema\/person\/a5cf1fea13877803ee0573ac18b03490\"},\"headline\":\"El Banco Central realiza la premiaci\u00f3n de \u00abEconomistas del Futuro\u00bb\",\"datePublished\":\"2026-04-30T03:05:15+00:00\",\"mainEntityOfPage\":{\"@id\":\"https:\/\/potenciaradiofonicadominicana.com\/portal\/el-banco-central-realiza-la-premiacion-de-economistas-del-futuro\/\"},\"wordCount\":582,\"publisher\":{\"@id\":\"https:\/\/potenciaradiofonicadominicana.com\/portal\/#organization\"},\"image\":{\"@id\":\"https:\/\/potenciaradiofonicadominicana.com\/portal\/el-banco-central-realiza-la-premiacion-de-economistas-del-futuro\/#primaryimage\"},\"thumbnailUrl\":\"https:\/\/potenciaradiofonicadominicana.com\/portal\/wp-content\/uploads\/2026\/04\/valdez-albizu-encabeza-la-premiacion-de-economistas-del-futuro-255506c8-focus-0-0-896-504.jpg\",\"articleSection\":[\"Econom\u00eda\"],\"inLanguage\":\"es\"},{\"@type\":\"WebPage\",\"@id\":\"https:\/\/potenciaradiofonicadominicana.com\/portal\/el-banco-central-realiza-la-premiacion-de-economistas-del-futuro\/\",\"url\":\"https:\/\/potenciaradiofonicadominicana.com\/portal\/el-banco-central-realiza-la-premiacion-de-economistas-del-futuro\/\",\"name\":\"El Banco Central realiza la premiaci\u00f3n de \\\"Economistas del Futuro\\\" - PotenciaRadiofonicaDominicana.com\",\"isPartOf\":{\"@id\":\"https:\/\/potenciaradiofonicadominicana.com\/portal\/#website\"},\"primaryImageOfPage\":{\"@id\":\"https:\/\/potenciaradiofonicadominicana.com\/portal\/el-banco-central-realiza-la-premiacion-de-economistas-del-futuro\/#primaryimage\"},\"image\":{\"@id\":\"https:\/\/potenciaradiofonicadominicana.com\/portal\/el-banco-central-realiza-la-premiacion-de-economistas-del-futuro\/#primaryimage\"},\"thumbnailUrl\":\"https:\/\/potenciaradiofonicadominicana.com\/portal\/wp-content\/uploads\/2026\/04\/valdez-albizu-encabeza-la-premiacion-de-economistas-del-futuro-255506c8-focus-0-0-896-504.jpg\",\"datePublished\":\"2026-04-30T03:05:15+00:00\",\"breadcrumb\":{\"@id\":\"https:\/\/potenciaradiofonicadominicana.com\/portal\/el-banco-central-realiza-la-premiacion-de-economistas-del-futuro\/#breadcrumb\"},\"inLanguage\":\"es\",\"potentialAction\":[{\"@type\":\"ReadAction\",\"target\":[\"https:\/\/potenciaradiofonicadominicana.com\/portal\/el-banco-central-realiza-la-premiacion-de-economistas-del-futuro\/\"]}]},{\"@type\":\"ImageObject\",\"inLanguage\":\"es\",\"@id\":\"https:\/\/potenciaradiofonicadominicana.com\/portal\/el-banco-central-realiza-la-premiacion-de-economistas-del-futuro\/#primaryimage\",\"url\":\"https:\/\/potenciaradiofonicadominicana.com\/portal\/wp-content\/uploads\/2026\/04\/valdez-albizu-encabeza-la-premiacion-de-economistas-del-futuro-255506c8-focus-0-0-896-504.jpg\",\"contentUrl\":\"https:\/\/potenciaradiofonicadominicana.com\/portal\/wp-content\/uploads\/2026\/04\/valdez-albizu-encabeza-la-premiacion-de-economistas-del-futuro-255506c8-focus-0-0-896-504.jpg\",\"width\":895,\"height\":504},{\"@type\":\"BreadcrumbList\",\"@id\":\"https:\/\/potenciaradiofonicadominicana.com\/portal\/el-banco-central-realiza-la-premiacion-de-economistas-del-futuro\/#breadcrumb\",\"itemListElement\":[{\"@type\":\"ListItem\",\"position\":1,\"name\":\"Portada\",\"item\":\"https:\/\/potenciaradiofonicadominicana.com\/portal\/\"},{\"@type\":\"ListItem\",\"position\":2,\"name\":\"El Banco Central realiza la premiaci\u00f3n de \u00abEconomistas del Futuro\u00bb\"}]},{\"@type\":\"WebSite\",\"@id\":\"https:\/\/potenciaradiofonicadominicana.com\/portal\/#website\",\"url\":\"https:\/\/potenciaradiofonicadominicana.com\/portal\/\",\"name\":\"PotenciaRadiofonicaDominicana.com\",\"description\":\"Peri\u00f3dico Digital\",\"publisher\":{\"@id\":\"https:\/\/potenciaradiofonicadominicana.com\/portal\/#organization\"},\"potentialAction\":[{\"@type\":\"SearchAction\",\"target\":{\"@type\":\"EntryPoint\",\"urlTemplate\":\"https:\/\/potenciaradiofonicadominicana.com\/portal\/?s={search_term_string}\"},\"query-input\":{\"@type\":\"PropertyValueSpecification\",\"valueRequired\":true,\"valueName\":\"search_term_string\"}}],\"inLanguage\":\"es\"},{\"@type\":\"Organization\",\"@id\":\"https:\/\/potenciaradiofonicadominicana.com\/portal\/#organization\",\"name\":\"PotenciaRadiofonicaDominicana.com\",\"url\":\"https:\/\/potenciaradiofonicadominicana.com\/portal\/\",\"logo\":{\"@type\":\"ImageObject\",\"inLanguage\":\"es\",\"@id\":\"https:\/\/potenciaradiofonicadominicana.com\/portal\/#\/schema\/logo\/image\/\",\"url\":\"https:\/\/potenciaradiofonicadominicana.com\/portal\/wp-content\/uploads\/2022\/01\/descarga.png\",\"contentUrl\":\"https:\/\/potenciaradiofonicadominicana.com\/portal\/wp-content\/uploads\/2022\/01\/descarga.png\",\"width\":300,\"height\":100,\"caption\":\"PotenciaRadiofonicaDominicana.com\"},\"image\":{\"@id\":\"https:\/\/potenciaradiofonicadominicana.com\/portal\/#\/schema\/logo\/image\/\"},\"sameAs\":[\"https:\/\/web.facebook.com\/PotenciaRadiofonicaD\"]},{\"@type\":\"Person\",\"@id\":\"https:\/\/potenciaradiofonicadominicana.com\/portal\/#\/schema\/person\/a5cf1fea13877803ee0573ac18b03490\",\"name\":\"Potencia Radiof\u00f3nica Dominicana\",\"image\":{\"@type\":\"ImageObject\",\"inLanguage\":\"es\",\"@id\":\"https:\/\/potenciaradiofonicadominicana.com\/portal\/#\/schema\/person\/image\/\",\"url\":\"https:\/\/secure.gravatar.com\/avatar\/42a55ab9e8ccc656ba34cd791990602a?s=96&d=mm&r=g\",\"contentUrl\":\"https:\/\/secure.gravatar.com\/avatar\/42a55ab9e8ccc656ba34cd791990602a?s=96&d=mm&r=g\",\"caption\":\"Potencia Radiof\u00f3nica Dominicana\"},\"url\":\"https:\/\/potenciaradiofonicadominicana.com\/portal\/author\/johannyalmanzar\/\"}]}<\/script>\n<!-- \/ Yoast SEO plugin. -->","yoast_head_json":{"title":"El Banco Central realiza la premiaci\u00f3n de \"Economistas del Futuro\" - PotenciaRadiofonicaDominicana.com","robots":{"index":"index","follow":"follow","max-snippet":"max-snippet:-1","max-image-preview":"max-image-preview:large","max-video-preview":"max-video-preview:-1"},"canonical":"https:\/\/potenciaradiofonicadominicana.com\/portal\/el-banco-central-realiza-la-premiacion-de-economistas-del-futuro\/","og_locale":"es_ES","og_type":"article","og_title":"El Banco Central realiza la premiaci\u00f3n de \"Economistas del Futuro\" - PotenciaRadiofonicaDominicana.com","og_description":"El\u00a0gobernador\u00a0del Banco Central de la Rep\u00fablica Dominicana (BCRD),\u00a0H\u00e9ctor Valdez Albizu, presidi\u00f3 la\u00a0entrega de premios\u00a0correspondiente a la XIII competencia acad\u00e9mica \u00abEconomistas ...","og_url":"https:\/\/potenciaradiofonicadominicana.com\/portal\/el-banco-central-realiza-la-premiacion-de-economistas-del-futuro\/","og_site_name":"PotenciaRadiofonicaDominicana.com","article_publisher":"https:\/\/web.facebook.com\/PotenciaRadiofonicaD","article_published_time":"2026-04-30T03:05:15+00:00","og_image":[{"width":895,"height":504,"url":"https:\/\/potenciaradiofonicadominicana.com\/portal\/wp-content\/uploads\/2026\/04\/valdez-albizu-encabeza-la-premiacion-de-economistas-del-futuro-255506c8-focus-0-0-896-504.jpg","type":"image\/jpeg"}],"author":"Potencia Radiof\u00f3nica Dominicana","twitter_card":"summary_large_image","twitter_misc":{"Escrito por":"Potencia Radiof\u00f3nica Dominicana","Tiempo de lectura":"3 minutos"},"schema":{"@context":"https:\/\/schema.org","@graph":[{"@type":"Article","@id":"https:\/\/potenciaradiofonicadominicana.com\/portal\/el-banco-central-realiza-la-premiacion-de-economistas-del-futuro\/#article","isPartOf":{"@id":"https:\/\/potenciaradiofonicadominicana.com\/portal\/el-banco-central-realiza-la-premiacion-de-economistas-del-futuro\/"},"author":{"name":"Potencia Radiof\u00f3nica Dominicana","@id":"https:\/\/potenciaradiofonicadominicana.com\/portal\/#\/schema\/person\/a5cf1fea13877803ee0573ac18b03490"},"headline":"El Banco Central realiza la premiaci\u00f3n de \u00abEconomistas del Futuro\u00bb","datePublished":"2026-04-30T03:05:15+00:00","mainEntityOfPage":{"@id":"https:\/\/potenciaradiofonicadominicana.com\/portal\/el-banco-central-realiza-la-premiacion-de-economistas-del-futuro\/"},"wordCount":582,"publisher":{"@id":"https:\/\/potenciaradiofonicadominicana.com\/portal\/#organization"},"image":{"@id":"https:\/\/potenciaradiofonicadominicana.com\/portal\/el-banco-central-realiza-la-premiacion-de-economistas-del-futuro\/#primaryimage"},"thumbnailUrl":"https:\/\/potenciaradiofonicadominicana.com\/portal\/wp-content\/uploads\/2026\/04\/valdez-albizu-encabeza-la-premiacion-de-economistas-del-futuro-255506c8-focus-0-0-896-504.jpg","articleSection":["Econom\u00eda"],"inLanguage":"es"},{"@type":"WebPage","@id":"https:\/\/potenciaradiofonicadominicana.com\/portal\/el-banco-central-realiza-la-premiacion-de-economistas-del-futuro\/","url":"https:\/\/potenciaradiofonicadominicana.com\/portal\/el-banco-central-realiza-la-premiacion-de-economistas-del-futuro\/","name":"El Banco Central realiza la premiaci\u00f3n de \"Economistas del Futuro\" - PotenciaRadiofonicaDominicana.com","isPartOf":{"@id":"https:\/\/potenciaradiofonicadominicana.com\/portal\/#website"},"primaryImageOfPage":{"@id":"https:\/\/potenciaradiofonicadominicana.com\/portal\/el-banco-central-realiza-la-premiacion-de-economistas-del-futuro\/#primaryimage"},"image":{"@id":"https:\/\/potenciaradiofonicadominicana.com\/portal\/el-banco-central-realiza-la-premiacion-de-economistas-del-futuro\/#primaryimage"},"thumbnailUrl":"https:\/\/potenciaradiofonicadominicana.com\/portal\/wp-content\/uploads\/2026\/04\/valdez-albizu-encabeza-la-premiacion-de-economistas-del-futuro-255506c8-focus-0-0-896-504.jpg","datePublished":"2026-04-30T03:05:15+00:00","breadcrumb":{"@id":"https:\/\/potenciaradiofonicadominicana.com\/portal\/el-banco-central-realiza-la-premiacion-de-economistas-del-futuro\/#breadcrumb"},"inLanguage":"es","potentialAction":[{"@type":"ReadAction","target":["https:\/\/potenciaradiofonicadominicana.com\/portal\/el-banco-central-realiza-la-premiacion-de-economistas-del-futuro\/"]}]},{"@type":"ImageObject","inLanguage":"es","@id":"https:\/\/potenciaradiofonicadominicana.com\/portal\/el-banco-central-realiza-la-premiacion-de-economistas-del-futuro\/#primaryimage","url":"https:\/\/potenciaradiofonicadominicana.com\/portal\/wp-content\/uploads\/2026\/04\/valdez-albizu-encabeza-la-premiacion-de-economistas-del-futuro-255506c8-focus-0-0-896-504.jpg","contentUrl":"https:\/\/potenciaradiofonicadominicana.com\/portal\/wp-content\/uploads\/2026\/04\/valdez-albizu-encabeza-la-premiacion-de-economistas-del-futuro-255506c8-focus-0-0-896-504.jpg","width":895,"height":504},{"@type":"BreadcrumbList","@id":"https:\/\/potenciaradiofonicadominicana.com\/portal\/el-banco-central-realiza-la-premiacion-de-economistas-del-futuro\/#breadcrumb","itemListElement":[{"@type":"ListItem","position":1,"name":"Portada","item":"https:\/\/potenciaradiofonicadominicana.com\/portal\/"},{"@type":"ListItem","position":2,"name":"El Banco Central realiza la premiaci\u00f3n de \u00abEconomistas del Futuro\u00bb"}]},{"@type":"WebSite","@id":"https:\/\/potenciaradiofonicadominicana.com\/portal\/#website","url":"https:\/\/potenciaradiofonicadominicana.com\/portal\/","name":"PotenciaRadiofonicaDominicana.com","description":"Peri\u00f3dico Digital","publisher":{"@id":"https:\/\/potenciaradiofonicadominicana.com\/portal\/#organization"},"potentialAction":[{"@type":"SearchAction","target":{"@type":"EntryPoint","urlTemplate":"https:\/\/potenciaradiofonicadominicana.com\/portal\/?s={search_term_string}"},"query-input":{"@type":"PropertyValueSpecification","valueRequired":true,"valueName":"search_term_string"}}],"inLanguage":"es"},{"@type":"Organization","@id":"https:\/\/potenciaradiofonicadominicana.com\/portal\/#organization","name":"PotenciaRadiofonicaDominicana.com","url":"https:\/\/potenciaradiofonicadominicana.com\/portal\/","logo":{"@type":"ImageObject","inLanguage":"es","@id":"https:\/\/potenciaradiofonicadominicana.com\/portal\/#\/schema\/logo\/image\/","url":"https:\/\/potenciaradiofonicadominicana.com\/portal\/wp-content\/uploads\/2022\/01\/descarga.png","contentUrl":"https:\/\/potenciaradiofonicadominicana.com\/portal\/wp-content\/uploads\/2022\/01\/descarga.png","width":300,"height":100,"caption":"PotenciaRadiofonicaDominicana.com"},"image":{"@id":"https:\/\/potenciaradiofonicadominicana.com\/portal\/#\/schema\/logo\/image\/"},"sameAs":["https:\/\/web.facebook.com\/PotenciaRadiofonicaD"]},{"@type":"Person","@id":"https:\/\/potenciaradiofonicadominicana.com\/portal\/#\/schema\/person\/a5cf1fea13877803ee0573ac18b03490","name":"Potencia Radiof\u00f3nica Dominicana","image":{"@type":"ImageObject","inLanguage":"es","@id":"https:\/\/potenciaradiofonicadominicana.com\/portal\/#\/schema\/person\/image\/","url":"https:\/\/secure.gravatar.com\/avatar\/42a55ab9e8ccc656ba34cd791990602a?s=96&d=mm&r=g","contentUrl":"https:\/\/secure.gravatar.com\/avatar\/42a55ab9e8ccc656ba34cd791990602a?s=96&d=mm&r=g","caption":"Potencia Radiof\u00f3nica Dominicana"},"url":"https:\/\/potenciaradiofonicadominicana.com\/portal\/author\/johannyalmanzar\/"}]}},"_links":{"self":[{"href":"https:\/\/potenciaradiofonicadominicana.com\/portal\/wp-json\/wp\/v2\/posts\/216195","targetHints":{"allow":["GET"]}}],"collection":[{"href":"https:\/\/potenciaradiofonicadominicana.com\/portal\/wp-json\/wp\/v2\/posts"}],"about":[{"href":"https:\/\/potenciaradiofonicadominicana.com\/portal\/wp-json\/wp\/v2\/types\/post"}],"author":[{"embeddable":true,"href":"https:\/\/potenciaradiofonicadominicana.com\/portal\/wp-json\/wp\/v2\/users\/2"}],"replies":[{"embeddable":true,"href":"https:\/\/potenciaradiofonicadominicana.com\/portal\/wp-json\/wp\/v2\/comments?post=216195"}],"version-history":[{"count":1,"href":"https:\/\/potenciaradiofonicadominicana.com\/portal\/wp-json\/wp\/v2\/posts\/216195\/revisions"}],"predecessor-version":[{"id":216200,"href":"https:\/\/potenciaradiofonicadominicana.com\/portal\/wp-json\/wp\/v2\/posts\/216195\/revisions\/216200"}],"wp:featuredmedia":[{"embeddable":true,"href":"https:\/\/potenciaradiofonicadominicana.com\/portal\/wp-json\/wp\/v2\/media\/216197"}],"wp:attachment":[{"href":"https:\/\/potenciaradiofonicadominicana.com\/portal\/wp-json\/wp\/v2\/media?parent=216195"}],"wp:term":[{"taxonomy":"category","embeddable":true,"href":"https:\/\/potenciaradiofonicadominicana.com\/portal\/wp-json\/wp\/v2\/categories?post=216195"},{"taxonomy":"post_tag","embeddable":true,"href":"https:\/\/potenciaradiofonicadominicana.com\/portal\/wp-json\/wp\/v2\/tags?post=216195"}],"curies":[{"name":"wp","href":"https:\/\/api.w.org\/{rel}","templated":true}]}}