{"id":216182,"date":"2026-04-29T22:59:33","date_gmt":"2026-04-30T02:59:33","guid":{"rendered":"https:\/\/potenciaradiofonicadominicana.com\/portal\/?p=216182"},"modified":"2026-04-29T22:59:33","modified_gmt":"2026-04-30T02:59:33","slug":"edesur-inicia-construccion-de-tres-subestaciones-con-inversion-de-rd3140-millones","status":"publish","type":"post","link":"https:\/\/potenciaradiofonicadominicana.com\/portal\/edesur-inicia-construccion-de-tres-subestaciones-con-inversion-de-rd3140-millones\/","title":{"rendered":"Edesur inicia construcci\u00f3n de tres subestaciones con inversi\u00f3n de RD$3,140 millones"},"content":{"rendered":"<p><a href=\"https:\/\/potenciaradiofonicadominicana.com\/portal\/wp-content\/uploads\/2026\/04\/whatsapp-image-2026-04-29-at-33228-pm-61080d61-focus-0-0-896-504.jpg\"><img loading=\"lazy\" decoding=\"async\" class=\"alignnone size-full wp-image-216184\" src=\"https:\/\/potenciaradiofonicadominicana.com\/portal\/wp-content\/uploads\/2026\/04\/whatsapp-image-2026-04-29-at-33228-pm-61080d61-focus-0-0-896-504.jpg\" alt=\"\" width=\"896\" height=\"504\" srcset=\"https:\/\/potenciaradiofonicadominicana.com\/portal\/wp-content\/uploads\/2026\/04\/whatsapp-image-2026-04-29-at-33228-pm-61080d61-focus-0-0-896-504.jpg 896w, https:\/\/potenciaradiofonicadominicana.com\/portal\/wp-content\/uploads\/2026\/04\/whatsapp-image-2026-04-29-at-33228-pm-61080d61-focus-0-0-896-504-300x169.jpg 300w, https:\/\/potenciaradiofonicadominicana.com\/portal\/wp-content\/uploads\/2026\/04\/whatsapp-image-2026-04-29-at-33228-pm-61080d61-focus-0-0-896-504-768x432.jpg 768w\" sizes=\"auto, (max-width: 896px) 100vw, 896px\" \/><\/a><\/p>\n<p>La empresa distribuidora de electricidad\u00a0<strong>Edesur<\/strong>\u00a0Dominicana inici\u00f3 la construcci\u00f3n de tres\u00a0<strong>nuevas<\/strong>\u00a0<strong>subestaciones<\/strong>\u00a0en los sectores Engombe y Herrera, en Santo Domingo Oeste, y en el municipio de Haina, provincia San Crist\u00f3bal, con una\u00a0<strong>inversi\u00f3n<\/strong>\u00a0de 3,140 millones de pesos.<\/p>\n<p>Las obras forman parte de la segunda fase del\u00a0<strong>Plan de expansi\u00f3n de redes<\/strong>\u00a0y reducci\u00f3n de p\u00e9rdidas t\u00e9cnicas en distribuci\u00f3n, impulsado por la compa\u00f1\u00eda con el objetivo de mejorar la eficiencia operativa del sistema el\u00e9ctrico y fortalecer la calidad del servicio.<\/p>\n<p>A trav\u00e9s de una nota de prensa,\u00a0<strong>Edesur<\/strong>\u00a0inform\u00f3 que las nuevas infraestructuras permitir\u00e1n<strong>\u00a0reducir p\u00e9rdidas t\u00e9cnicas<\/strong>, aumentar la continuidad del suministro energ\u00e9tico y ampliar la capacidad instalada para responder al crecimiento de la demanda en su zona de concesi\u00f3n.<\/p>\n<p>Con la entrada en funcionamiento de las subestaciones se agregar\u00e1n<strong>\u00a0240 megavoltioamperios\u00a0<\/strong>(MVA) al sistema el\u00e9ctrico. Las instalaciones operar\u00e1n con niveles de tensi\u00f3n de<strong>\u00a0138\/12.5 kilovoltios\u00a0<\/strong>y contar\u00e1n con sistemas modernos de protecci\u00f3n y automatizaci\u00f3n.<\/p>\n<p>Ubicaci\u00f3n de las subestaciones<\/p>\n<p>Las subestaciones estar\u00e1n ubicadas en la avenida<strong>\u00a0Prolongaci\u00f3n 27 de Febrero<\/strong>, en el sector Engombe; otra en los terrenos del antiguo Aeropuerto de Herrera, en la avenida Luper\u00f3n, ambas en Santo Domingo Oeste, y en la carretera S\u00e1nchez Vieja, en Haina, San Crist\u00f3bal.<\/p>\n<div class=\"my-12 component web-insert-bullet relative border bg-component\">\n<p>El comunicado indica que la iniciativa tambi\u00e9n est\u00e1 acordada con el Banco Interamericano de Desarrollo (BID), que contempla una inversi\u00f3n total de 155 millones de d\u00f3lares. El programa incluye la construcci\u00f3n y adecuaci\u00f3n de nuevas subestaciones, la repotenciaci\u00f3n de infraestructuras existentes, la expansi\u00f3n de redes troncales y mejoras en los sistemas de automatizaci\u00f3n y control de la red el\u00e9ctrica.<\/p>\n<\/div>\n<p><strong>Edesur<\/strong>\u00a0indic\u00f3 que cerca de\u00a0<strong>436,000 clientes ser\u00e1n beneficiados\u00a0<\/strong>de manera directa e indirecta con estos proyectos, especialmente en zonas de alta actividad comercial e institucional.<\/p>\n<p>Entre los sectores favorecidos figuran Engombe, Manoguayabo, La Altagracia, Buenos Aires de Herrera, La Rosa, Loyola, Galaxia, Villa Aura y Las Caobas, en Santo Domingo Oeste. Tambi\u00e9n impactar\u00e1\u00a0<strong>el Distrito Nacional, en sectores\u00a0<\/strong>como Los Prados, Ciudad Moderna, San Ger\u00f3nimo, La Castellana y Las Praderas, adem\u00e1s del municipio de Haina.<\/p>\n","protected":false},"excerpt":{"rendered":"<p>La empresa distribuidora de electricidad\u00a0Edesur\u00a0Dominicana inici\u00f3 la construcci\u00f3n de tres\u00a0nuevas\u00a0subestaciones\u00a0en los sectores Engombe y Herrera, en Santo Domingo Oeste, y &#8230;<\/p>\n","protected":false},"author":2,"featured_media":216184,"comment_status":"closed","ping_status":"closed","sticky":false,"template":"","format":"standard","meta":{"footnotes":""},"categories":[26],"tags":[],"class_list":["post-216182","post","type-post","status-publish","format-standard","has-post-thumbnail","hentry","category-economia"],"yoast_head":"<!-- This site is optimized with the Yoast SEO plugin v24.8.1 - https:\/\/yoast.com\/wordpress\/plugins\/seo\/ -->\n<title>Edesur inicia construcci\u00f3n de tres subestaciones con inversi\u00f3n de RD$3,140 millones - PotenciaRadiofonicaDominicana.com<\/title>\n<meta name=\"robots\" content=\"index, follow, max-snippet:-1, max-image-preview:large, max-video-preview:-1\" \/>\n<link rel=\"canonical\" href=\"https:\/\/potenciaradiofonicadominicana.com\/portal\/edesur-inicia-construccion-de-tres-subestaciones-con-inversion-de-rd3140-millones\/\" \/>\n<meta property=\"og:locale\" content=\"es_ES\" \/>\n<meta property=\"og:type\" content=\"article\" \/>\n<meta property=\"og:title\" content=\"Edesur inicia construcci\u00f3n de tres subestaciones con inversi\u00f3n de RD$3,140 millones - PotenciaRadiofonicaDominicana.com\" \/>\n<meta property=\"og:description\" content=\"La empresa distribuidora de electricidad\u00a0Edesur\u00a0Dominicana inici\u00f3 la construcci\u00f3n de tres\u00a0nuevas\u00a0subestaciones\u00a0en los sectores Engombe y Herrera, en Santo Domingo Oeste, y ...\" \/>\n<meta property=\"og:url\" content=\"https:\/\/potenciaradiofonicadominicana.com\/portal\/edesur-inicia-construccion-de-tres-subestaciones-con-inversion-de-rd3140-millones\/\" \/>\n<meta property=\"og:site_name\" content=\"PotenciaRadiofonicaDominicana.com\" \/>\n<meta property=\"article:publisher\" content=\"https:\/\/web.facebook.com\/PotenciaRadiofonicaD\" \/>\n<meta property=\"article:published_time\" content=\"2026-04-30T02:59:33+00:00\" \/>\n<meta property=\"og:image\" content=\"https:\/\/potenciaradiofonicadominicana.com\/portal\/wp-content\/uploads\/2026\/04\/whatsapp-image-2026-04-29-at-33228-pm-61080d61-focus-0-0-896-504.jpg\" \/>\n\t<meta property=\"og:image:width\" content=\"896\" \/>\n\t<meta property=\"og:image:height\" content=\"504\" \/>\n\t<meta property=\"og:image:type\" content=\"image\/jpeg\" \/>\n<meta name=\"author\" content=\"Potencia Radiof\u00f3nica Dominicana\" \/>\n<meta name=\"twitter:card\" content=\"summary_large_image\" \/>\n<meta name=\"twitter:label1\" content=\"Escrito por\" \/>\n\t<meta name=\"twitter:data1\" content=\"Potencia Radiof\u00f3nica Dominicana\" \/>\n\t<meta name=\"twitter:label2\" content=\"Tiempo de lectura\" \/>\n\t<meta name=\"twitter:data2\" content=\"2 minutos\" \/>\n<script type=\"application\/ld+json\" class=\"yoast-schema-graph\">{\"@context\":\"https:\/\/schema.org\",\"@graph\":[{\"@type\":\"Article\",\"@id\":\"https:\/\/potenciaradiofonicadominicana.com\/portal\/edesur-inicia-construccion-de-tres-subestaciones-con-inversion-de-rd3140-millones\/#article\",\"isPartOf\":{\"@id\":\"https:\/\/potenciaradiofonicadominicana.com\/portal\/edesur-inicia-construccion-de-tres-subestaciones-con-inversion-de-rd3140-millones\/\"},\"author\":{\"name\":\"Potencia Radiof\u00f3nica Dominicana\",\"@id\":\"https:\/\/potenciaradiofonicadominicana.com\/portal\/#\/schema\/person\/a5cf1fea13877803ee0573ac18b03490\"},\"headline\":\"Edesur inicia construcci\u00f3n de tres subestaciones con inversi\u00f3n de RD$3,140 millones\",\"datePublished\":\"2026-04-30T02:59:33+00:00\",\"mainEntityOfPage\":{\"@id\":\"https:\/\/potenciaradiofonicadominicana.com\/portal\/edesur-inicia-construccion-de-tres-subestaciones-con-inversion-de-rd3140-millones\/\"},\"wordCount\":389,\"publisher\":{\"@id\":\"https:\/\/potenciaradiofonicadominicana.com\/portal\/#organization\"},\"image\":{\"@id\":\"https:\/\/potenciaradiofonicadominicana.com\/portal\/edesur-inicia-construccion-de-tres-subestaciones-con-inversion-de-rd3140-millones\/#primaryimage\"},\"thumbnailUrl\":\"https:\/\/potenciaradiofonicadominicana.com\/portal\/wp-content\/uploads\/2026\/04\/whatsapp-image-2026-04-29-at-33228-pm-61080d61-focus-0-0-896-504.jpg\",\"articleSection\":[\"Econom\u00eda\"],\"inLanguage\":\"es\"},{\"@type\":\"WebPage\",\"@id\":\"https:\/\/potenciaradiofonicadominicana.com\/portal\/edesur-inicia-construccion-de-tres-subestaciones-con-inversion-de-rd3140-millones\/\",\"url\":\"https:\/\/potenciaradiofonicadominicana.com\/portal\/edesur-inicia-construccion-de-tres-subestaciones-con-inversion-de-rd3140-millones\/\",\"name\":\"Edesur inicia construcci\u00f3n de tres subestaciones con inversi\u00f3n de RD$3,140 millones - PotenciaRadiofonicaDominicana.com\",\"isPartOf\":{\"@id\":\"https:\/\/potenciaradiofonicadominicana.com\/portal\/#website\"},\"primaryImageOfPage\":{\"@id\":\"https:\/\/potenciaradiofonicadominicana.com\/portal\/edesur-inicia-construccion-de-tres-subestaciones-con-inversion-de-rd3140-millones\/#primaryimage\"},\"image\":{\"@id\":\"https:\/\/potenciaradiofonicadominicana.com\/portal\/edesur-inicia-construccion-de-tres-subestaciones-con-inversion-de-rd3140-millones\/#primaryimage\"},\"thumbnailUrl\":\"https:\/\/potenciaradiofonicadominicana.com\/portal\/wp-content\/uploads\/2026\/04\/whatsapp-image-2026-04-29-at-33228-pm-61080d61-focus-0-0-896-504.jpg\",\"datePublished\":\"2026-04-30T02:59:33+00:00\",\"breadcrumb\":{\"@id\":\"https:\/\/potenciaradiofonicadominicana.com\/portal\/edesur-inicia-construccion-de-tres-subestaciones-con-inversion-de-rd3140-millones\/#breadcrumb\"},\"inLanguage\":\"es\",\"potentialAction\":[{\"@type\":\"ReadAction\",\"target\":[\"https:\/\/potenciaradiofonicadominicana.com\/portal\/edesur-inicia-construccion-de-tres-subestaciones-con-inversion-de-rd3140-millones\/\"]}]},{\"@type\":\"ImageObject\",\"inLanguage\":\"es\",\"@id\":\"https:\/\/potenciaradiofonicadominicana.com\/portal\/edesur-inicia-construccion-de-tres-subestaciones-con-inversion-de-rd3140-millones\/#primaryimage\",\"url\":\"https:\/\/potenciaradiofonicadominicana.com\/portal\/wp-content\/uploads\/2026\/04\/whatsapp-image-2026-04-29-at-33228-pm-61080d61-focus-0-0-896-504.jpg\",\"contentUrl\":\"https:\/\/potenciaradiofonicadominicana.com\/portal\/wp-content\/uploads\/2026\/04\/whatsapp-image-2026-04-29-at-33228-pm-61080d61-focus-0-0-896-504.jpg\",\"width\":896,\"height\":504},{\"@type\":\"BreadcrumbList\",\"@id\":\"https:\/\/potenciaradiofonicadominicana.com\/portal\/edesur-inicia-construccion-de-tres-subestaciones-con-inversion-de-rd3140-millones\/#breadcrumb\",\"itemListElement\":[{\"@type\":\"ListItem\",\"position\":1,\"name\":\"Portada\",\"item\":\"https:\/\/potenciaradiofonicadominicana.com\/portal\/\"},{\"@type\":\"ListItem\",\"position\":2,\"name\":\"Edesur inicia construcci\u00f3n de tres subestaciones con inversi\u00f3n de RD$3,140 millones\"}]},{\"@type\":\"WebSite\",\"@id\":\"https:\/\/potenciaradiofonicadominicana.com\/portal\/#website\",\"url\":\"https:\/\/potenciaradiofonicadominicana.com\/portal\/\",\"name\":\"PotenciaRadiofonicaDominicana.com\",\"description\":\"Peri\u00f3dico Digital\",\"publisher\":{\"@id\":\"https:\/\/potenciaradiofonicadominicana.com\/portal\/#organization\"},\"potentialAction\":[{\"@type\":\"SearchAction\",\"target\":{\"@type\":\"EntryPoint\",\"urlTemplate\":\"https:\/\/potenciaradiofonicadominicana.com\/portal\/?s={search_term_string}\"},\"query-input\":{\"@type\":\"PropertyValueSpecification\",\"valueRequired\":true,\"valueName\":\"search_term_string\"}}],\"inLanguage\":\"es\"},{\"@type\":\"Organization\",\"@id\":\"https:\/\/potenciaradiofonicadominicana.com\/portal\/#organization\",\"name\":\"PotenciaRadiofonicaDominicana.com\",\"url\":\"https:\/\/potenciaradiofonicadominicana.com\/portal\/\",\"logo\":{\"@type\":\"ImageObject\",\"inLanguage\":\"es\",\"@id\":\"https:\/\/potenciaradiofonicadominicana.com\/portal\/#\/schema\/logo\/image\/\",\"url\":\"https:\/\/potenciaradiofonicadominicana.com\/portal\/wp-content\/uploads\/2022\/01\/descarga.png\",\"contentUrl\":\"https:\/\/potenciaradiofonicadominicana.com\/portal\/wp-content\/uploads\/2022\/01\/descarga.png\",\"width\":300,\"height\":100,\"caption\":\"PotenciaRadiofonicaDominicana.com\"},\"image\":{\"@id\":\"https:\/\/potenciaradiofonicadominicana.com\/portal\/#\/schema\/logo\/image\/\"},\"sameAs\":[\"https:\/\/web.facebook.com\/PotenciaRadiofonicaD\"]},{\"@type\":\"Person\",\"@id\":\"https:\/\/potenciaradiofonicadominicana.com\/portal\/#\/schema\/person\/a5cf1fea13877803ee0573ac18b03490\",\"name\":\"Potencia Radiof\u00f3nica Dominicana\",\"image\":{\"@type\":\"ImageObject\",\"inLanguage\":\"es\",\"@id\":\"https:\/\/potenciaradiofonicadominicana.com\/portal\/#\/schema\/person\/image\/\",\"url\":\"https:\/\/secure.gravatar.com\/avatar\/42a55ab9e8ccc656ba34cd791990602a?s=96&d=mm&r=g\",\"contentUrl\":\"https:\/\/secure.gravatar.com\/avatar\/42a55ab9e8ccc656ba34cd791990602a?s=96&d=mm&r=g\",\"caption\":\"Potencia Radiof\u00f3nica Dominicana\"},\"url\":\"https:\/\/potenciaradiofonicadominicana.com\/portal\/author\/johannyalmanzar\/\"}]}<\/script>\n<!-- \/ Yoast SEO plugin. -->","yoast_head_json":{"title":"Edesur inicia construcci\u00f3n de tres subestaciones con inversi\u00f3n de RD$3,140 millones - PotenciaRadiofonicaDominicana.com","robots":{"index":"index","follow":"follow","max-snippet":"max-snippet:-1","max-image-preview":"max-image-preview:large","max-video-preview":"max-video-preview:-1"},"canonical":"https:\/\/potenciaradiofonicadominicana.com\/portal\/edesur-inicia-construccion-de-tres-subestaciones-con-inversion-de-rd3140-millones\/","og_locale":"es_ES","og_type":"article","og_title":"Edesur inicia construcci\u00f3n de tres subestaciones con inversi\u00f3n de RD$3,140 millones - PotenciaRadiofonicaDominicana.com","og_description":"La empresa distribuidora de electricidad\u00a0Edesur\u00a0Dominicana inici\u00f3 la construcci\u00f3n de tres\u00a0nuevas\u00a0subestaciones\u00a0en los sectores Engombe y Herrera, en Santo Domingo Oeste, y ...","og_url":"https:\/\/potenciaradiofonicadominicana.com\/portal\/edesur-inicia-construccion-de-tres-subestaciones-con-inversion-de-rd3140-millones\/","og_site_name":"PotenciaRadiofonicaDominicana.com","article_publisher":"https:\/\/web.facebook.com\/PotenciaRadiofonicaD","article_published_time":"2026-04-30T02:59:33+00:00","og_image":[{"width":896,"height":504,"url":"https:\/\/potenciaradiofonicadominicana.com\/portal\/wp-content\/uploads\/2026\/04\/whatsapp-image-2026-04-29-at-33228-pm-61080d61-focus-0-0-896-504.jpg","type":"image\/jpeg"}],"author":"Potencia Radiof\u00f3nica Dominicana","twitter_card":"summary_large_image","twitter_misc":{"Escrito por":"Potencia Radiof\u00f3nica Dominicana","Tiempo de lectura":"2 minutos"},"schema":{"@context":"https:\/\/schema.org","@graph":[{"@type":"Article","@id":"https:\/\/potenciaradiofonicadominicana.com\/portal\/edesur-inicia-construccion-de-tres-subestaciones-con-inversion-de-rd3140-millones\/#article","isPartOf":{"@id":"https:\/\/potenciaradiofonicadominicana.com\/portal\/edesur-inicia-construccion-de-tres-subestaciones-con-inversion-de-rd3140-millones\/"},"author":{"name":"Potencia Radiof\u00f3nica Dominicana","@id":"https:\/\/potenciaradiofonicadominicana.com\/portal\/#\/schema\/person\/a5cf1fea13877803ee0573ac18b03490"},"headline":"Edesur inicia construcci\u00f3n de tres subestaciones con inversi\u00f3n de RD$3,140 millones","datePublished":"2026-04-30T02:59:33+00:00","mainEntityOfPage":{"@id":"https:\/\/potenciaradiofonicadominicana.com\/portal\/edesur-inicia-construccion-de-tres-subestaciones-con-inversion-de-rd3140-millones\/"},"wordCount":389,"publisher":{"@id":"https:\/\/potenciaradiofonicadominicana.com\/portal\/#organization"},"image":{"@id":"https:\/\/potenciaradiofonicadominicana.com\/portal\/edesur-inicia-construccion-de-tres-subestaciones-con-inversion-de-rd3140-millones\/#primaryimage"},"thumbnailUrl":"https:\/\/potenciaradiofonicadominicana.com\/portal\/wp-content\/uploads\/2026\/04\/whatsapp-image-2026-04-29-at-33228-pm-61080d61-focus-0-0-896-504.jpg","articleSection":["Econom\u00eda"],"inLanguage":"es"},{"@type":"WebPage","@id":"https:\/\/potenciaradiofonicadominicana.com\/portal\/edesur-inicia-construccion-de-tres-subestaciones-con-inversion-de-rd3140-millones\/","url":"https:\/\/potenciaradiofonicadominicana.com\/portal\/edesur-inicia-construccion-de-tres-subestaciones-con-inversion-de-rd3140-millones\/","name":"Edesur inicia construcci\u00f3n de tres subestaciones con inversi\u00f3n de RD$3,140 millones - PotenciaRadiofonicaDominicana.com","isPartOf":{"@id":"https:\/\/potenciaradiofonicadominicana.com\/portal\/#website"},"primaryImageOfPage":{"@id":"https:\/\/potenciaradiofonicadominicana.com\/portal\/edesur-inicia-construccion-de-tres-subestaciones-con-inversion-de-rd3140-millones\/#primaryimage"},"image":{"@id":"https:\/\/potenciaradiofonicadominicana.com\/portal\/edesur-inicia-construccion-de-tres-subestaciones-con-inversion-de-rd3140-millones\/#primaryimage"},"thumbnailUrl":"https:\/\/potenciaradiofonicadominicana.com\/portal\/wp-content\/uploads\/2026\/04\/whatsapp-image-2026-04-29-at-33228-pm-61080d61-focus-0-0-896-504.jpg","datePublished":"2026-04-30T02:59:33+00:00","breadcrumb":{"@id":"https:\/\/potenciaradiofonicadominicana.com\/portal\/edesur-inicia-construccion-de-tres-subestaciones-con-inversion-de-rd3140-millones\/#breadcrumb"},"inLanguage":"es","potentialAction":[{"@type":"ReadAction","target":["https:\/\/potenciaradiofonicadominicana.com\/portal\/edesur-inicia-construccion-de-tres-subestaciones-con-inversion-de-rd3140-millones\/"]}]},{"@type":"ImageObject","inLanguage":"es","@id":"https:\/\/potenciaradiofonicadominicana.com\/portal\/edesur-inicia-construccion-de-tres-subestaciones-con-inversion-de-rd3140-millones\/#primaryimage","url":"https:\/\/potenciaradiofonicadominicana.com\/portal\/wp-content\/uploads\/2026\/04\/whatsapp-image-2026-04-29-at-33228-pm-61080d61-focus-0-0-896-504.jpg","contentUrl":"https:\/\/potenciaradiofonicadominicana.com\/portal\/wp-content\/uploads\/2026\/04\/whatsapp-image-2026-04-29-at-33228-pm-61080d61-focus-0-0-896-504.jpg","width":896,"height":504},{"@type":"BreadcrumbList","@id":"https:\/\/potenciaradiofonicadominicana.com\/portal\/edesur-inicia-construccion-de-tres-subestaciones-con-inversion-de-rd3140-millones\/#breadcrumb","itemListElement":[{"@type":"ListItem","position":1,"name":"Portada","item":"https:\/\/potenciaradiofonicadominicana.com\/portal\/"},{"@type":"ListItem","position":2,"name":"Edesur inicia construcci\u00f3n de tres subestaciones con inversi\u00f3n de RD$3,140 millones"}]},{"@type":"WebSite","@id":"https:\/\/potenciaradiofonicadominicana.com\/portal\/#website","url":"https:\/\/potenciaradiofonicadominicana.com\/portal\/","name":"PotenciaRadiofonicaDominicana.com","description":"Peri\u00f3dico Digital","publisher":{"@id":"https:\/\/potenciaradiofonicadominicana.com\/portal\/#organization"},"potentialAction":[{"@type":"SearchAction","target":{"@type":"EntryPoint","urlTemplate":"https:\/\/potenciaradiofonicadominicana.com\/portal\/?s={search_term_string}"},"query-input":{"@type":"PropertyValueSpecification","valueRequired":true,"valueName":"search_term_string"}}],"inLanguage":"es"},{"@type":"Organization","@id":"https:\/\/potenciaradiofonicadominicana.com\/portal\/#organization","name":"PotenciaRadiofonicaDominicana.com","url":"https:\/\/potenciaradiofonicadominicana.com\/portal\/","logo":{"@type":"ImageObject","inLanguage":"es","@id":"https:\/\/potenciaradiofonicadominicana.com\/portal\/#\/schema\/logo\/image\/","url":"https:\/\/potenciaradiofonicadominicana.com\/portal\/wp-content\/uploads\/2022\/01\/descarga.png","contentUrl":"https:\/\/potenciaradiofonicadominicana.com\/portal\/wp-content\/uploads\/2022\/01\/descarga.png","width":300,"height":100,"caption":"PotenciaRadiofonicaDominicana.com"},"image":{"@id":"https:\/\/potenciaradiofonicadominicana.com\/portal\/#\/schema\/logo\/image\/"},"sameAs":["https:\/\/web.facebook.com\/PotenciaRadiofonicaD"]},{"@type":"Person","@id":"https:\/\/potenciaradiofonicadominicana.com\/portal\/#\/schema\/person\/a5cf1fea13877803ee0573ac18b03490","name":"Potencia Radiof\u00f3nica Dominicana","image":{"@type":"ImageObject","inLanguage":"es","@id":"https:\/\/potenciaradiofonicadominicana.com\/portal\/#\/schema\/person\/image\/","url":"https:\/\/secure.gravatar.com\/avatar\/42a55ab9e8ccc656ba34cd791990602a?s=96&d=mm&r=g","contentUrl":"https:\/\/secure.gravatar.com\/avatar\/42a55ab9e8ccc656ba34cd791990602a?s=96&d=mm&r=g","caption":"Potencia Radiof\u00f3nica Dominicana"},"url":"https:\/\/potenciaradiofonicadominicana.com\/portal\/author\/johannyalmanzar\/"}]}},"_links":{"self":[{"href":"https:\/\/potenciaradiofonicadominicana.com\/portal\/wp-json\/wp\/v2\/posts\/216182","targetHints":{"allow":["GET"]}}],"collection":[{"href":"https:\/\/potenciaradiofonicadominicana.com\/portal\/wp-json\/wp\/v2\/posts"}],"about":[{"href":"https:\/\/potenciaradiofonicadominicana.com\/portal\/wp-json\/wp\/v2\/types\/post"}],"author":[{"embeddable":true,"href":"https:\/\/potenciaradiofonicadominicana.com\/portal\/wp-json\/wp\/v2\/users\/2"}],"replies":[{"embeddable":true,"href":"https:\/\/potenciaradiofonicadominicana.com\/portal\/wp-json\/wp\/v2\/comments?post=216182"}],"version-history":[{"count":1,"href":"https:\/\/potenciaradiofonicadominicana.com\/portal\/wp-json\/wp\/v2\/posts\/216182\/revisions"}],"predecessor-version":[{"id":216186,"href":"https:\/\/potenciaradiofonicadominicana.com\/portal\/wp-json\/wp\/v2\/posts\/216182\/revisions\/216186"}],"wp:featuredmedia":[{"embeddable":true,"href":"https:\/\/potenciaradiofonicadominicana.com\/portal\/wp-json\/wp\/v2\/media\/216184"}],"wp:attachment":[{"href":"https:\/\/potenciaradiofonicadominicana.com\/portal\/wp-json\/wp\/v2\/media?parent=216182"}],"wp:term":[{"taxonomy":"category","embeddable":true,"href":"https:\/\/potenciaradiofonicadominicana.com\/portal\/wp-json\/wp\/v2\/categories?post=216182"},{"taxonomy":"post_tag","embeddable":true,"href":"https:\/\/potenciaradiofonicadominicana.com\/portal\/wp-json\/wp\/v2\/tags?post=216182"}],"curies":[{"name":"wp","href":"https:\/\/api.w.org\/{rel}","templated":true}]}}