{"id":216176,"date":"2026-04-29T22:56:42","date_gmt":"2026-04-30T02:56:42","guid":{"rendered":"https:\/\/potenciaradiofonicadominicana.com\/portal\/?p=216176"},"modified":"2026-04-29T22:56:42","modified_gmt":"2026-04-30T02:56:42","slug":"los-mogotes-y-villa-barren-en-beisbol-rbi-rica-de-villa-altagracia","status":"publish","type":"post","link":"https:\/\/potenciaradiofonicadominicana.com\/portal\/los-mogotes-y-villa-barren-en-beisbol-rbi-rica-de-villa-altagracia\/","title":{"rendered":"Los Mogotes y Villa barren en b\u00e9isbol RBI Rica de Villa Altagracia"},"content":{"rendered":"<p><a href=\"https:\/\/potenciaradiofonicadominicana.com\/portal\/wp-content\/uploads\/2026\/04\/PELOTA-1.jpg\"><img loading=\"lazy\" decoding=\"async\" class=\"alignnone size-full wp-image-216177\" src=\"https:\/\/potenciaradiofonicadominicana.com\/portal\/wp-content\/uploads\/2026\/04\/PELOTA-1.jpg\" alt=\"\" width=\"1343\" height=\"906\" srcset=\"https:\/\/potenciaradiofonicadominicana.com\/portal\/wp-content\/uploads\/2026\/04\/PELOTA-1.jpg 1343w, https:\/\/potenciaradiofonicadominicana.com\/portal\/wp-content\/uploads\/2026\/04\/PELOTA-1-300x202.jpg 300w, https:\/\/potenciaradiofonicadominicana.com\/portal\/wp-content\/uploads\/2026\/04\/PELOTA-1-1024x691.jpg 1024w, https:\/\/potenciaradiofonicadominicana.com\/portal\/wp-content\/uploads\/2026\/04\/PELOTA-1-768x518.jpg 768w\" sizes=\"auto, (max-width: 1343px) 100vw, 1343px\" \/><\/a><\/p>\n<p>Villa Altagracia-. Los conjuntos Los Mogotes de categor\u00eda 14-15 a\u00f1os\u00a0<strong>y Villa<\/strong>\u00a0en 12-13 solventaron barridas en sus dobles compromisos en la quinta jornada del\u00a0<strong>XV Torneo de B\u00e9isbol RBI<\/strong>,\u00a0<strong>Fundaci\u00f3n Rica de Villa Altagracia<\/strong>, dedicado al jugador en retiro de\u00a0<strong>Grandes Ligas Nelson Cruz.<\/strong><\/p>\n<p>El elenco de B\u00e1sima, en 16-18 a\u00f1os, gan\u00f3 dos de tres partidos de reposici\u00f3n que disput\u00f3 entre el s\u00e1bado 25 y domingo 26 de abril, por suspensiones en jornadas previas a causa del mal tiempo.<\/p>\n<p>Durante su trayectoria, el certamen se realiza mediante una coordinaci\u00f3n entre el Grupo Rica y la Oficina de Major League Baseball (MLB) de Santo Domingo.<\/p>\n<p>Los Mogotes dio cuenta par de veces del Barrio Puerto Rico en la categor\u00eda intermedia por 5-4 y 15-5 vueltas, con triunfos para los lanzadores Y\u00fanior Arias y Eskeler Matos Cabral, sobre Alan Garbes y Jos\u00e9 de la Cruz.<\/p>\n<p>De los ganadores, Daniel Quintana combin\u00f3 tres dobles y dos sencillos, impuls\u00f3 cinco carreras; Abel Jos\u00e9 Lora tres hits, Lewis Abreu dos dobletes, Daniel Hern\u00e1ndez dos hits. Del Barrio PR, Enamnuel V\u00e1squez y J\u00fanior Ben\u00edtez dos singles. Hazael Ortiz un triple, Yohancel de la Cruz un doble.<\/p>\n<p>Villa barri\u00f3 su doble choque por 9-6 y 7-5 al Barrio Duarte en 12-13 a\u00f1os. El lanzador Jerem\u00edas P\u00e9rez gan\u00f3 el primero y salv\u00f3 el segundo, que fue ganado por \u00c1ngel Lara. Obed Alexander S\u00e1nchez rescat\u00f3 el inicial y los vencidos fueron Ronald Soto y Hansel Hern\u00e1ndez.<\/p>\n<p>Maicol M\u00e1rmol combin\u00f3 tres dobles, triple y sencillo, con siete carreras impulsadas; Enmanuel Solano jonr\u00f3n, doble y sencillo, anot\u00f3 cinco; Obed A. S\u00e1nchez triple, doble y dos simples, por Villa. Del B. Duarte, Andreury de los Santos y Randy Reynoso ligaron triple y single; Hemer Vargas doble y simple; Willy Pascual Arias un doble.<\/p>\n<p>En 16-18 a\u00f1os, B\u00e1sima venci\u00f3 7-6 a El Puerto, con Luis Junior Ferm\u00edn de ganador, sobre Alejandro Pineda. En el segundo super\u00f3 4-2 a La Cumbre con Cristopher Lebr\u00f3n el victorioso ante Lisandro Mesa. Anferni Castillo lig\u00f3 tr\u00edo de hits, \u00c1ngel Prensa un doble. Por el Puerto, Jos\u00e9 Junior Vargas un triple y sencillo. De La Cumbre, Enmanuel Almonte y Luis. J. Castillo un single.<\/p>\n<p>El Kil\u00f3metro 61 s\u00ed pudo con B\u00e1sima, 8 por 5, con Elian Manuel D\u00edaz de ganador ante Ismael de Jes\u00fas. Luis Daniel Ferreras logr\u00f3 un triple y Jan Carlos Mesa un doble por el ganador; Anferni M. Castillo doble y sencillo, \u00c1ngel Alberto Prensa, Enmanuel L\u00f3pez y Jefry Pie un doble para el equipo vencido.<\/p>\n<p>En choque de los 14-15 a\u00f1os hubo repartici\u00f3n de victorias entre Guananito, que gan\u00f3 el primero 5-1; y B\u00e1sima, que se desquit\u00f3 por 5-2. Guananito se ampar\u00f3 en el pitcheo de Joshua B\u00e1ez (ganador) y \u00c1ngel Adames, que salv\u00f3. Perdi\u00f3 L\u00edan Daniel Figueroa. El segundo lo gan\u00f3 L\u00edan D. Figueroa, con salve de Drey Reyes y perdi\u00f3 Josu\u00e9 David.<\/p>\n<p>Por Guananito, \u00c1ngel Luis Francisco despach\u00f3 doble y par de sencillos, 3CE; Roniel Eli\u00e1n Castillo par de hits, Ancel Luis Nova y Elvin Josu\u00e9 Marte un doble cada uno. De B\u00e1sima, Cristopher Rosario, Luis Alberto Merejildo y Osvaldo Fajardo doble y sencillo por unidad; Misael Miranda un doble.<\/p>\n<p>Dos m\u00e1s que re\u00f1idos partidos escenificaron Pueblo Nuevo y Barrio INVI en los 12-13 a\u00f1os. El primero culmin\u00f3 en igualdad a cuatro vueltas, pero los del Pueblo se impusieron en el cierre 9-8, con victoria para Steven Aquino, salvamento de Ever Jean Pierre y el rev\u00e9s para Frederick Pe\u00f1a.<\/p>\n<p>Daniel Hern\u00e1ndez combin\u00f3 cuatro dobles, un triple y remolc\u00f3 cuatro carreras por Pueblo Nuevo; Ender Aquino, triple y sencillo; Derek Casado, doble y par de simples; Frederick Ure\u00f1a, dos sencillos. Por el INVI, Rodernys Almonte dio jonr\u00f3n y par de dobles, 2CE, 3CA; Jerem\u00edas Soriano un cuadrangular, tr\u00edo de remolques; Esmil Puello, un doble.<\/p>\n","protected":false},"excerpt":{"rendered":"<p>Villa Altagracia-. Los conjuntos Los Mogotes de categor\u00eda 14-15 a\u00f1os\u00a0y Villa\u00a0en 12-13 solventaron barridas en sus dobles compromisos en la &#8230;<\/p>\n","protected":false},"author":2,"featured_media":216177,"comment_status":"closed","ping_status":"closed","sticky":false,"template":"","format":"standard","meta":{"footnotes":""},"categories":[28],"tags":[],"class_list":["post-216176","post","type-post","status-publish","format-standard","has-post-thumbnail","hentry","category-deportes"],"yoast_head":"<!-- This site is optimized with the Yoast SEO plugin v24.8.1 - https:\/\/yoast.com\/wordpress\/plugins\/seo\/ -->\n<title>Los Mogotes y Villa barren en b\u00e9isbol RBI Rica de Villa Altagracia - PotenciaRadiofonicaDominicana.com<\/title>\n<meta name=\"robots\" content=\"index, follow, max-snippet:-1, max-image-preview:large, max-video-preview:-1\" \/>\n<link rel=\"canonical\" href=\"https:\/\/potenciaradiofonicadominicana.com\/portal\/los-mogotes-y-villa-barren-en-beisbol-rbi-rica-de-villa-altagracia\/\" \/>\n<meta property=\"og:locale\" content=\"es_ES\" \/>\n<meta property=\"og:type\" content=\"article\" \/>\n<meta property=\"og:title\" content=\"Los Mogotes y Villa barren en b\u00e9isbol RBI Rica de Villa Altagracia - PotenciaRadiofonicaDominicana.com\" \/>\n<meta property=\"og:description\" content=\"Villa Altagracia-. Los conjuntos Los Mogotes de categor\u00eda 14-15 a\u00f1os\u00a0y Villa\u00a0en 12-13 solventaron barridas en sus dobles compromisos en la ...\" \/>\n<meta property=\"og:url\" content=\"https:\/\/potenciaradiofonicadominicana.com\/portal\/los-mogotes-y-villa-barren-en-beisbol-rbi-rica-de-villa-altagracia\/\" \/>\n<meta property=\"og:site_name\" content=\"PotenciaRadiofonicaDominicana.com\" \/>\n<meta property=\"article:publisher\" content=\"https:\/\/web.facebook.com\/PotenciaRadiofonicaD\" \/>\n<meta property=\"article:published_time\" content=\"2026-04-30T02:56:42+00:00\" \/>\n<meta property=\"og:image\" content=\"https:\/\/potenciaradiofonicadominicana.com\/portal\/wp-content\/uploads\/2026\/04\/PELOTA-1.jpg\" \/>\n\t<meta property=\"og:image:width\" content=\"1343\" \/>\n\t<meta property=\"og:image:height\" content=\"906\" \/>\n\t<meta property=\"og:image:type\" content=\"image\/jpeg\" \/>\n<meta name=\"author\" content=\"Potencia Radiof\u00f3nica Dominicana\" \/>\n<meta name=\"twitter:card\" content=\"summary_large_image\" \/>\n<meta name=\"twitter:label1\" content=\"Escrito por\" \/>\n\t<meta name=\"twitter:data1\" content=\"Potencia Radiof\u00f3nica Dominicana\" \/>\n\t<meta name=\"twitter:label2\" content=\"Tiempo de lectura\" \/>\n\t<meta name=\"twitter:data2\" content=\"4 minutos\" \/>\n<script type=\"application\/ld+json\" class=\"yoast-schema-graph\">{\"@context\":\"https:\/\/schema.org\",\"@graph\":[{\"@type\":\"Article\",\"@id\":\"https:\/\/potenciaradiofonicadominicana.com\/portal\/los-mogotes-y-villa-barren-en-beisbol-rbi-rica-de-villa-altagracia\/#article\",\"isPartOf\":{\"@id\":\"https:\/\/potenciaradiofonicadominicana.com\/portal\/los-mogotes-y-villa-barren-en-beisbol-rbi-rica-de-villa-altagracia\/\"},\"author\":{\"name\":\"Potencia Radiof\u00f3nica Dominicana\",\"@id\":\"https:\/\/potenciaradiofonicadominicana.com\/portal\/#\/schema\/person\/a5cf1fea13877803ee0573ac18b03490\"},\"headline\":\"Los Mogotes y Villa barren en b\u00e9isbol RBI Rica de Villa Altagracia\",\"datePublished\":\"2026-04-30T02:56:42+00:00\",\"mainEntityOfPage\":{\"@id\":\"https:\/\/potenciaradiofonicadominicana.com\/portal\/los-mogotes-y-villa-barren-en-beisbol-rbi-rica-de-villa-altagracia\/\"},\"wordCount\":681,\"publisher\":{\"@id\":\"https:\/\/potenciaradiofonicadominicana.com\/portal\/#organization\"},\"image\":{\"@id\":\"https:\/\/potenciaradiofonicadominicana.com\/portal\/los-mogotes-y-villa-barren-en-beisbol-rbi-rica-de-villa-altagracia\/#primaryimage\"},\"thumbnailUrl\":\"https:\/\/potenciaradiofonicadominicana.com\/portal\/wp-content\/uploads\/2026\/04\/PELOTA-1.jpg\",\"articleSection\":[\"Deportes\"],\"inLanguage\":\"es\"},{\"@type\":\"WebPage\",\"@id\":\"https:\/\/potenciaradiofonicadominicana.com\/portal\/los-mogotes-y-villa-barren-en-beisbol-rbi-rica-de-villa-altagracia\/\",\"url\":\"https:\/\/potenciaradiofonicadominicana.com\/portal\/los-mogotes-y-villa-barren-en-beisbol-rbi-rica-de-villa-altagracia\/\",\"name\":\"Los Mogotes y Villa barren en b\u00e9isbol RBI Rica de Villa Altagracia - PotenciaRadiofonicaDominicana.com\",\"isPartOf\":{\"@id\":\"https:\/\/potenciaradiofonicadominicana.com\/portal\/#website\"},\"primaryImageOfPage\":{\"@id\":\"https:\/\/potenciaradiofonicadominicana.com\/portal\/los-mogotes-y-villa-barren-en-beisbol-rbi-rica-de-villa-altagracia\/#primaryimage\"},\"image\":{\"@id\":\"https:\/\/potenciaradiofonicadominicana.com\/portal\/los-mogotes-y-villa-barren-en-beisbol-rbi-rica-de-villa-altagracia\/#primaryimage\"},\"thumbnailUrl\":\"https:\/\/potenciaradiofonicadominicana.com\/portal\/wp-content\/uploads\/2026\/04\/PELOTA-1.jpg\",\"datePublished\":\"2026-04-30T02:56:42+00:00\",\"breadcrumb\":{\"@id\":\"https:\/\/potenciaradiofonicadominicana.com\/portal\/los-mogotes-y-villa-barren-en-beisbol-rbi-rica-de-villa-altagracia\/#breadcrumb\"},\"inLanguage\":\"es\",\"potentialAction\":[{\"@type\":\"ReadAction\",\"target\":[\"https:\/\/potenciaradiofonicadominicana.com\/portal\/los-mogotes-y-villa-barren-en-beisbol-rbi-rica-de-villa-altagracia\/\"]}]},{\"@type\":\"ImageObject\",\"inLanguage\":\"es\",\"@id\":\"https:\/\/potenciaradiofonicadominicana.com\/portal\/los-mogotes-y-villa-barren-en-beisbol-rbi-rica-de-villa-altagracia\/#primaryimage\",\"url\":\"https:\/\/potenciaradiofonicadominicana.com\/portal\/wp-content\/uploads\/2026\/04\/PELOTA-1.jpg\",\"contentUrl\":\"https:\/\/potenciaradiofonicadominicana.com\/portal\/wp-content\/uploads\/2026\/04\/PELOTA-1.jpg\",\"width\":1343,\"height\":906},{\"@type\":\"BreadcrumbList\",\"@id\":\"https:\/\/potenciaradiofonicadominicana.com\/portal\/los-mogotes-y-villa-barren-en-beisbol-rbi-rica-de-villa-altagracia\/#breadcrumb\",\"itemListElement\":[{\"@type\":\"ListItem\",\"position\":1,\"name\":\"Portada\",\"item\":\"https:\/\/potenciaradiofonicadominicana.com\/portal\/\"},{\"@type\":\"ListItem\",\"position\":2,\"name\":\"Los Mogotes y Villa barren en b\u00e9isbol RBI Rica de Villa Altagracia\"}]},{\"@type\":\"WebSite\",\"@id\":\"https:\/\/potenciaradiofonicadominicana.com\/portal\/#website\",\"url\":\"https:\/\/potenciaradiofonicadominicana.com\/portal\/\",\"name\":\"PotenciaRadiofonicaDominicana.com\",\"description\":\"Peri\u00f3dico Digital\",\"publisher\":{\"@id\":\"https:\/\/potenciaradiofonicadominicana.com\/portal\/#organization\"},\"potentialAction\":[{\"@type\":\"SearchAction\",\"target\":{\"@type\":\"EntryPoint\",\"urlTemplate\":\"https:\/\/potenciaradiofonicadominicana.com\/portal\/?s={search_term_string}\"},\"query-input\":{\"@type\":\"PropertyValueSpecification\",\"valueRequired\":true,\"valueName\":\"search_term_string\"}}],\"inLanguage\":\"es\"},{\"@type\":\"Organization\",\"@id\":\"https:\/\/potenciaradiofonicadominicana.com\/portal\/#organization\",\"name\":\"PotenciaRadiofonicaDominicana.com\",\"url\":\"https:\/\/potenciaradiofonicadominicana.com\/portal\/\",\"logo\":{\"@type\":\"ImageObject\",\"inLanguage\":\"es\",\"@id\":\"https:\/\/potenciaradiofonicadominicana.com\/portal\/#\/schema\/logo\/image\/\",\"url\":\"https:\/\/potenciaradiofonicadominicana.com\/portal\/wp-content\/uploads\/2022\/01\/descarga.png\",\"contentUrl\":\"https:\/\/potenciaradiofonicadominicana.com\/portal\/wp-content\/uploads\/2022\/01\/descarga.png\",\"width\":300,\"height\":100,\"caption\":\"PotenciaRadiofonicaDominicana.com\"},\"image\":{\"@id\":\"https:\/\/potenciaradiofonicadominicana.com\/portal\/#\/schema\/logo\/image\/\"},\"sameAs\":[\"https:\/\/web.facebook.com\/PotenciaRadiofonicaD\"]},{\"@type\":\"Person\",\"@id\":\"https:\/\/potenciaradiofonicadominicana.com\/portal\/#\/schema\/person\/a5cf1fea13877803ee0573ac18b03490\",\"name\":\"Potencia Radiof\u00f3nica Dominicana\",\"image\":{\"@type\":\"ImageObject\",\"inLanguage\":\"es\",\"@id\":\"https:\/\/potenciaradiofonicadominicana.com\/portal\/#\/schema\/person\/image\/\",\"url\":\"https:\/\/secure.gravatar.com\/avatar\/42a55ab9e8ccc656ba34cd791990602a?s=96&d=mm&r=g\",\"contentUrl\":\"https:\/\/secure.gravatar.com\/avatar\/42a55ab9e8ccc656ba34cd791990602a?s=96&d=mm&r=g\",\"caption\":\"Potencia Radiof\u00f3nica Dominicana\"},\"url\":\"https:\/\/potenciaradiofonicadominicana.com\/portal\/author\/johannyalmanzar\/\"}]}<\/script>\n<!-- \/ Yoast SEO plugin. -->","yoast_head_json":{"title":"Los Mogotes y Villa barren en b\u00e9isbol RBI Rica de Villa Altagracia - PotenciaRadiofonicaDominicana.com","robots":{"index":"index","follow":"follow","max-snippet":"max-snippet:-1","max-image-preview":"max-image-preview:large","max-video-preview":"max-video-preview:-1"},"canonical":"https:\/\/potenciaradiofonicadominicana.com\/portal\/los-mogotes-y-villa-barren-en-beisbol-rbi-rica-de-villa-altagracia\/","og_locale":"es_ES","og_type":"article","og_title":"Los Mogotes y Villa barren en b\u00e9isbol RBI Rica de Villa Altagracia - PotenciaRadiofonicaDominicana.com","og_description":"Villa Altagracia-. Los conjuntos Los Mogotes de categor\u00eda 14-15 a\u00f1os\u00a0y Villa\u00a0en 12-13 solventaron barridas en sus dobles compromisos en la ...","og_url":"https:\/\/potenciaradiofonicadominicana.com\/portal\/los-mogotes-y-villa-barren-en-beisbol-rbi-rica-de-villa-altagracia\/","og_site_name":"PotenciaRadiofonicaDominicana.com","article_publisher":"https:\/\/web.facebook.com\/PotenciaRadiofonicaD","article_published_time":"2026-04-30T02:56:42+00:00","og_image":[{"width":1343,"height":906,"url":"https:\/\/potenciaradiofonicadominicana.com\/portal\/wp-content\/uploads\/2026\/04\/PELOTA-1.jpg","type":"image\/jpeg"}],"author":"Potencia Radiof\u00f3nica Dominicana","twitter_card":"summary_large_image","twitter_misc":{"Escrito por":"Potencia Radiof\u00f3nica Dominicana","Tiempo de lectura":"4 minutos"},"schema":{"@context":"https:\/\/schema.org","@graph":[{"@type":"Article","@id":"https:\/\/potenciaradiofonicadominicana.com\/portal\/los-mogotes-y-villa-barren-en-beisbol-rbi-rica-de-villa-altagracia\/#article","isPartOf":{"@id":"https:\/\/potenciaradiofonicadominicana.com\/portal\/los-mogotes-y-villa-barren-en-beisbol-rbi-rica-de-villa-altagracia\/"},"author":{"name":"Potencia Radiof\u00f3nica Dominicana","@id":"https:\/\/potenciaradiofonicadominicana.com\/portal\/#\/schema\/person\/a5cf1fea13877803ee0573ac18b03490"},"headline":"Los Mogotes y Villa barren en b\u00e9isbol RBI Rica de Villa Altagracia","datePublished":"2026-04-30T02:56:42+00:00","mainEntityOfPage":{"@id":"https:\/\/potenciaradiofonicadominicana.com\/portal\/los-mogotes-y-villa-barren-en-beisbol-rbi-rica-de-villa-altagracia\/"},"wordCount":681,"publisher":{"@id":"https:\/\/potenciaradiofonicadominicana.com\/portal\/#organization"},"image":{"@id":"https:\/\/potenciaradiofonicadominicana.com\/portal\/los-mogotes-y-villa-barren-en-beisbol-rbi-rica-de-villa-altagracia\/#primaryimage"},"thumbnailUrl":"https:\/\/potenciaradiofonicadominicana.com\/portal\/wp-content\/uploads\/2026\/04\/PELOTA-1.jpg","articleSection":["Deportes"],"inLanguage":"es"},{"@type":"WebPage","@id":"https:\/\/potenciaradiofonicadominicana.com\/portal\/los-mogotes-y-villa-barren-en-beisbol-rbi-rica-de-villa-altagracia\/","url":"https:\/\/potenciaradiofonicadominicana.com\/portal\/los-mogotes-y-villa-barren-en-beisbol-rbi-rica-de-villa-altagracia\/","name":"Los Mogotes y Villa barren en b\u00e9isbol RBI Rica de Villa Altagracia - PotenciaRadiofonicaDominicana.com","isPartOf":{"@id":"https:\/\/potenciaradiofonicadominicana.com\/portal\/#website"},"primaryImageOfPage":{"@id":"https:\/\/potenciaradiofonicadominicana.com\/portal\/los-mogotes-y-villa-barren-en-beisbol-rbi-rica-de-villa-altagracia\/#primaryimage"},"image":{"@id":"https:\/\/potenciaradiofonicadominicana.com\/portal\/los-mogotes-y-villa-barren-en-beisbol-rbi-rica-de-villa-altagracia\/#primaryimage"},"thumbnailUrl":"https:\/\/potenciaradiofonicadominicana.com\/portal\/wp-content\/uploads\/2026\/04\/PELOTA-1.jpg","datePublished":"2026-04-30T02:56:42+00:00","breadcrumb":{"@id":"https:\/\/potenciaradiofonicadominicana.com\/portal\/los-mogotes-y-villa-barren-en-beisbol-rbi-rica-de-villa-altagracia\/#breadcrumb"},"inLanguage":"es","potentialAction":[{"@type":"ReadAction","target":["https:\/\/potenciaradiofonicadominicana.com\/portal\/los-mogotes-y-villa-barren-en-beisbol-rbi-rica-de-villa-altagracia\/"]}]},{"@type":"ImageObject","inLanguage":"es","@id":"https:\/\/potenciaradiofonicadominicana.com\/portal\/los-mogotes-y-villa-barren-en-beisbol-rbi-rica-de-villa-altagracia\/#primaryimage","url":"https:\/\/potenciaradiofonicadominicana.com\/portal\/wp-content\/uploads\/2026\/04\/PELOTA-1.jpg","contentUrl":"https:\/\/potenciaradiofonicadominicana.com\/portal\/wp-content\/uploads\/2026\/04\/PELOTA-1.jpg","width":1343,"height":906},{"@type":"BreadcrumbList","@id":"https:\/\/potenciaradiofonicadominicana.com\/portal\/los-mogotes-y-villa-barren-en-beisbol-rbi-rica-de-villa-altagracia\/#breadcrumb","itemListElement":[{"@type":"ListItem","position":1,"name":"Portada","item":"https:\/\/potenciaradiofonicadominicana.com\/portal\/"},{"@type":"ListItem","position":2,"name":"Los Mogotes y Villa barren en b\u00e9isbol RBI Rica de Villa Altagracia"}]},{"@type":"WebSite","@id":"https:\/\/potenciaradiofonicadominicana.com\/portal\/#website","url":"https:\/\/potenciaradiofonicadominicana.com\/portal\/","name":"PotenciaRadiofonicaDominicana.com","description":"Peri\u00f3dico Digital","publisher":{"@id":"https:\/\/potenciaradiofonicadominicana.com\/portal\/#organization"},"potentialAction":[{"@type":"SearchAction","target":{"@type":"EntryPoint","urlTemplate":"https:\/\/potenciaradiofonicadominicana.com\/portal\/?s={search_term_string}"},"query-input":{"@type":"PropertyValueSpecification","valueRequired":true,"valueName":"search_term_string"}}],"inLanguage":"es"},{"@type":"Organization","@id":"https:\/\/potenciaradiofonicadominicana.com\/portal\/#organization","name":"PotenciaRadiofonicaDominicana.com","url":"https:\/\/potenciaradiofonicadominicana.com\/portal\/","logo":{"@type":"ImageObject","inLanguage":"es","@id":"https:\/\/potenciaradiofonicadominicana.com\/portal\/#\/schema\/logo\/image\/","url":"https:\/\/potenciaradiofonicadominicana.com\/portal\/wp-content\/uploads\/2022\/01\/descarga.png","contentUrl":"https:\/\/potenciaradiofonicadominicana.com\/portal\/wp-content\/uploads\/2022\/01\/descarga.png","width":300,"height":100,"caption":"PotenciaRadiofonicaDominicana.com"},"image":{"@id":"https:\/\/potenciaradiofonicadominicana.com\/portal\/#\/schema\/logo\/image\/"},"sameAs":["https:\/\/web.facebook.com\/PotenciaRadiofonicaD"]},{"@type":"Person","@id":"https:\/\/potenciaradiofonicadominicana.com\/portal\/#\/schema\/person\/a5cf1fea13877803ee0573ac18b03490","name":"Potencia Radiof\u00f3nica Dominicana","image":{"@type":"ImageObject","inLanguage":"es","@id":"https:\/\/potenciaradiofonicadominicana.com\/portal\/#\/schema\/person\/image\/","url":"https:\/\/secure.gravatar.com\/avatar\/42a55ab9e8ccc656ba34cd791990602a?s=96&d=mm&r=g","contentUrl":"https:\/\/secure.gravatar.com\/avatar\/42a55ab9e8ccc656ba34cd791990602a?s=96&d=mm&r=g","caption":"Potencia Radiof\u00f3nica Dominicana"},"url":"https:\/\/potenciaradiofonicadominicana.com\/portal\/author\/johannyalmanzar\/"}]}},"_links":{"self":[{"href":"https:\/\/potenciaradiofonicadominicana.com\/portal\/wp-json\/wp\/v2\/posts\/216176","targetHints":{"allow":["GET"]}}],"collection":[{"href":"https:\/\/potenciaradiofonicadominicana.com\/portal\/wp-json\/wp\/v2\/posts"}],"about":[{"href":"https:\/\/potenciaradiofonicadominicana.com\/portal\/wp-json\/wp\/v2\/types\/post"}],"author":[{"embeddable":true,"href":"https:\/\/potenciaradiofonicadominicana.com\/portal\/wp-json\/wp\/v2\/users\/2"}],"replies":[{"embeddable":true,"href":"https:\/\/potenciaradiofonicadominicana.com\/portal\/wp-json\/wp\/v2\/comments?post=216176"}],"version-history":[{"count":1,"href":"https:\/\/potenciaradiofonicadominicana.com\/portal\/wp-json\/wp\/v2\/posts\/216176\/revisions"}],"predecessor-version":[{"id":216178,"href":"https:\/\/potenciaradiofonicadominicana.com\/portal\/wp-json\/wp\/v2\/posts\/216176\/revisions\/216178"}],"wp:featuredmedia":[{"embeddable":true,"href":"https:\/\/potenciaradiofonicadominicana.com\/portal\/wp-json\/wp\/v2\/media\/216177"}],"wp:attachment":[{"href":"https:\/\/potenciaradiofonicadominicana.com\/portal\/wp-json\/wp\/v2\/media?parent=216176"}],"wp:term":[{"taxonomy":"category","embeddable":true,"href":"https:\/\/potenciaradiofonicadominicana.com\/portal\/wp-json\/wp\/v2\/categories?post=216176"},{"taxonomy":"post_tag","embeddable":true,"href":"https:\/\/potenciaradiofonicadominicana.com\/portal\/wp-json\/wp\/v2\/tags?post=216176"}],"curies":[{"name":"wp","href":"https:\/\/api.w.org\/{rel}","templated":true}]}}