{"id":216161,"date":"2026-04-29T22:49:52","date_gmt":"2026-04-30T02:49:52","guid":{"rendered":"https:\/\/potenciaradiofonicadominicana.com\/portal\/?p=216161"},"modified":"2026-04-29T22:49:52","modified_gmt":"2026-04-30T02:49:52","slug":"yankees-debutan-al-prometedor-prospecto-de-22-anos-elmer-rodriguez","status":"publish","type":"post","link":"https:\/\/potenciaradiofonicadominicana.com\/portal\/yankees-debutan-al-prometedor-prospecto-de-22-anos-elmer-rodriguez\/","title":{"rendered":"Yankees debutan al prometedor prospecto de 22 a\u00f1os, Elmer Rodr\u00edguez"},"content":{"rendered":"<p><a href=\"https:\/\/potenciaradiofonicadominicana.com\/portal\/wp-content\/uploads\/2026\/04\/elmer-rodriguez.jpg\"><img loading=\"lazy\" decoding=\"async\" class=\"alignnone size-full wp-image-216163\" src=\"https:\/\/potenciaradiofonicadominicana.com\/portal\/wp-content\/uploads\/2026\/04\/elmer-rodriguez.jpg\" alt=\"\" width=\"1536\" height=\"864\" srcset=\"https:\/\/potenciaradiofonicadominicana.com\/portal\/wp-content\/uploads\/2026\/04\/elmer-rodriguez.jpg 1536w, https:\/\/potenciaradiofonicadominicana.com\/portal\/wp-content\/uploads\/2026\/04\/elmer-rodriguez-300x169.jpg 300w, https:\/\/potenciaradiofonicadominicana.com\/portal\/wp-content\/uploads\/2026\/04\/elmer-rodriguez-1024x576.jpg 1024w, https:\/\/potenciaradiofonicadominicana.com\/portal\/wp-content\/uploads\/2026\/04\/elmer-rodriguez-768x432.jpg 768w\" sizes=\"auto, (max-width: 1536px) 100vw, 1536px\" \/><\/a><\/p>\n<p class=\"paragraph\">El boricua\u00a0<b>Elmer Rodr\u00edguez<\/b>\u00a0consigui\u00f3 su primer ponche en las Grandes Ligas en una extra\u00f1a jugada de doble matanza y sali\u00f3 ileso de la primera situaci\u00f3n de bases llenas en su debut con los\u00a0<b>Yankees de Nueva York<\/b>\u00a0el mi\u00e9rcoles.<\/p>\n<p class=\"paragraph\">El joven de 22 a\u00f1os, uno de los mejores prospectos de los Yankees, lanz\u00f3 hasta la quinta entrada, cuando los\u00a0<b>Rangers de Texas<\/b>\u00a0llenaron las bases sin outs y\u00a0<b>Josh Jung<\/b>\u00a0conect\u00f3 un sencillo de dos carreras que lo sac\u00f3 del juego tras 80 lanzamientos.<\/p>\n<p class=\"paragraph\">\u201cEst\u00e1 listo para esto. Se lo ha ganado. Independientemente del resultado de hoy, es capaz de salir al mont\u00edculo y ponchar a bateadores de Grandes Ligas\u201d, dijo el m\u00e1nager de Nueva York,\u00a0<b>Aaron Boone<\/b>, antes del partido. \u201cTiene el repertorio. Creo que este chico tendr\u00e1 una larga carrera como abridor en esta liga\u201d.<\/p>\n<p class=\"paragraph\">Rodr\u00edguez ocup\u00f3 el puesto del derecho Luis Gil en la rotaci\u00f3n despu\u00e9s de que el Novato del A\u00f1o de la Liga Americana de 2024 fuera enviado a Triple-A tras la derrota por 7-4 ante los Astros el domingo. Se trata de un ajuste en la parte final de la rotaci\u00f3n mientras\u00a0<b>Carlos Rod\u00f3n y Gerrit Cole\u00a0<\/b>se recuperan de sus lesiones.<\/p>\n<p class=\"paragraph\">Rodr\u00edguez otorg\u00f3 cuatro bases por bolas y ponch\u00f3 a tres, lanzando 42 de 80 lanzamientos en la zona de strike.<\/p>\n<p class=\"paragraph\">Se convirti\u00f3 en el cuarto lanzador nacido en Puerto Rico en abrir un juego para los Yankees, el primero desde\u00a0<b>Javier V\u00e1zquez\u00a0<\/b>en 2010. Rodr\u00edguez lanz\u00f3 para su pa\u00eds natal en el Cl\u00e1sico Mundial de B\u00e9isbol el mes pasado.<\/p>\n","protected":false},"excerpt":{"rendered":"<p>El boricua\u00a0Elmer Rodr\u00edguez\u00a0consigui\u00f3 su primer ponche en las Grandes Ligas en una extra\u00f1a jugada de doble matanza y sali\u00f3 ileso &#8230;<\/p>\n","protected":false},"author":2,"featured_media":216163,"comment_status":"closed","ping_status":"closed","sticky":false,"template":"","format":"standard","meta":{"footnotes":""},"categories":[28],"tags":[],"class_list":["post-216161","post","type-post","status-publish","format-standard","has-post-thumbnail","hentry","category-deportes"],"yoast_head":"<!-- This site is optimized with the Yoast SEO plugin v24.8.1 - https:\/\/yoast.com\/wordpress\/plugins\/seo\/ -->\n<title>Yankees debutan al prometedor prospecto de 22 a\u00f1os, Elmer Rodr\u00edguez - PotenciaRadiofonicaDominicana.com<\/title>\n<meta name=\"robots\" content=\"index, follow, max-snippet:-1, max-image-preview:large, max-video-preview:-1\" \/>\n<link rel=\"canonical\" href=\"https:\/\/potenciaradiofonicadominicana.com\/portal\/yankees-debutan-al-prometedor-prospecto-de-22-anos-elmer-rodriguez\/\" \/>\n<meta property=\"og:locale\" content=\"es_ES\" \/>\n<meta property=\"og:type\" content=\"article\" \/>\n<meta property=\"og:title\" content=\"Yankees debutan al prometedor prospecto de 22 a\u00f1os, Elmer Rodr\u00edguez - PotenciaRadiofonicaDominicana.com\" \/>\n<meta property=\"og:description\" content=\"El boricua\u00a0Elmer Rodr\u00edguez\u00a0consigui\u00f3 su primer ponche en las Grandes Ligas en una extra\u00f1a jugada de doble matanza y sali\u00f3 ileso ...\" \/>\n<meta property=\"og:url\" content=\"https:\/\/potenciaradiofonicadominicana.com\/portal\/yankees-debutan-al-prometedor-prospecto-de-22-anos-elmer-rodriguez\/\" \/>\n<meta property=\"og:site_name\" content=\"PotenciaRadiofonicaDominicana.com\" \/>\n<meta property=\"article:publisher\" content=\"https:\/\/web.facebook.com\/PotenciaRadiofonicaD\" \/>\n<meta property=\"article:published_time\" content=\"2026-04-30T02:49:52+00:00\" \/>\n<meta property=\"og:image\" content=\"https:\/\/potenciaradiofonicadominicana.com\/portal\/wp-content\/uploads\/2026\/04\/elmer-rodriguez.jpg\" \/>\n\t<meta property=\"og:image:width\" content=\"1536\" \/>\n\t<meta property=\"og:image:height\" content=\"864\" \/>\n\t<meta property=\"og:image:type\" content=\"image\/jpeg\" \/>\n<meta name=\"author\" content=\"Potencia Radiof\u00f3nica Dominicana\" \/>\n<meta name=\"twitter:card\" content=\"summary_large_image\" \/>\n<meta name=\"twitter:label1\" content=\"Escrito por\" \/>\n\t<meta name=\"twitter:data1\" content=\"Potencia Radiof\u00f3nica Dominicana\" \/>\n\t<meta name=\"twitter:label2\" content=\"Tiempo de lectura\" \/>\n\t<meta name=\"twitter:data2\" content=\"2 minutos\" \/>\n<script type=\"application\/ld+json\" class=\"yoast-schema-graph\">{\"@context\":\"https:\/\/schema.org\",\"@graph\":[{\"@type\":\"Article\",\"@id\":\"https:\/\/potenciaradiofonicadominicana.com\/portal\/yankees-debutan-al-prometedor-prospecto-de-22-anos-elmer-rodriguez\/#article\",\"isPartOf\":{\"@id\":\"https:\/\/potenciaradiofonicadominicana.com\/portal\/yankees-debutan-al-prometedor-prospecto-de-22-anos-elmer-rodriguez\/\"},\"author\":{\"name\":\"Potencia Radiof\u00f3nica Dominicana\",\"@id\":\"https:\/\/potenciaradiofonicadominicana.com\/portal\/#\/schema\/person\/a5cf1fea13877803ee0573ac18b03490\"},\"headline\":\"Yankees debutan al prometedor prospecto de 22 a\u00f1os, Elmer Rodr\u00edguez\",\"datePublished\":\"2026-04-30T02:49:52+00:00\",\"mainEntityOfPage\":{\"@id\":\"https:\/\/potenciaradiofonicadominicana.com\/portal\/yankees-debutan-al-prometedor-prospecto-de-22-anos-elmer-rodriguez\/\"},\"wordCount\":282,\"publisher\":{\"@id\":\"https:\/\/potenciaradiofonicadominicana.com\/portal\/#organization\"},\"image\":{\"@id\":\"https:\/\/potenciaradiofonicadominicana.com\/portal\/yankees-debutan-al-prometedor-prospecto-de-22-anos-elmer-rodriguez\/#primaryimage\"},\"thumbnailUrl\":\"https:\/\/potenciaradiofonicadominicana.com\/portal\/wp-content\/uploads\/2026\/04\/elmer-rodriguez.jpg\",\"articleSection\":[\"Deportes\"],\"inLanguage\":\"es\"},{\"@type\":\"WebPage\",\"@id\":\"https:\/\/potenciaradiofonicadominicana.com\/portal\/yankees-debutan-al-prometedor-prospecto-de-22-anos-elmer-rodriguez\/\",\"url\":\"https:\/\/potenciaradiofonicadominicana.com\/portal\/yankees-debutan-al-prometedor-prospecto-de-22-anos-elmer-rodriguez\/\",\"name\":\"Yankees debutan al prometedor prospecto de 22 a\u00f1os, Elmer Rodr\u00edguez - PotenciaRadiofonicaDominicana.com\",\"isPartOf\":{\"@id\":\"https:\/\/potenciaradiofonicadominicana.com\/portal\/#website\"},\"primaryImageOfPage\":{\"@id\":\"https:\/\/potenciaradiofonicadominicana.com\/portal\/yankees-debutan-al-prometedor-prospecto-de-22-anos-elmer-rodriguez\/#primaryimage\"},\"image\":{\"@id\":\"https:\/\/potenciaradiofonicadominicana.com\/portal\/yankees-debutan-al-prometedor-prospecto-de-22-anos-elmer-rodriguez\/#primaryimage\"},\"thumbnailUrl\":\"https:\/\/potenciaradiofonicadominicana.com\/portal\/wp-content\/uploads\/2026\/04\/elmer-rodriguez.jpg\",\"datePublished\":\"2026-04-30T02:49:52+00:00\",\"breadcrumb\":{\"@id\":\"https:\/\/potenciaradiofonicadominicana.com\/portal\/yankees-debutan-al-prometedor-prospecto-de-22-anos-elmer-rodriguez\/#breadcrumb\"},\"inLanguage\":\"es\",\"potentialAction\":[{\"@type\":\"ReadAction\",\"target\":[\"https:\/\/potenciaradiofonicadominicana.com\/portal\/yankees-debutan-al-prometedor-prospecto-de-22-anos-elmer-rodriguez\/\"]}]},{\"@type\":\"ImageObject\",\"inLanguage\":\"es\",\"@id\":\"https:\/\/potenciaradiofonicadominicana.com\/portal\/yankees-debutan-al-prometedor-prospecto-de-22-anos-elmer-rodriguez\/#primaryimage\",\"url\":\"https:\/\/potenciaradiofonicadominicana.com\/portal\/wp-content\/uploads\/2026\/04\/elmer-rodriguez.jpg\",\"contentUrl\":\"https:\/\/potenciaradiofonicadominicana.com\/portal\/wp-content\/uploads\/2026\/04\/elmer-rodriguez.jpg\",\"width\":1536,\"height\":864},{\"@type\":\"BreadcrumbList\",\"@id\":\"https:\/\/potenciaradiofonicadominicana.com\/portal\/yankees-debutan-al-prometedor-prospecto-de-22-anos-elmer-rodriguez\/#breadcrumb\",\"itemListElement\":[{\"@type\":\"ListItem\",\"position\":1,\"name\":\"Portada\",\"item\":\"https:\/\/potenciaradiofonicadominicana.com\/portal\/\"},{\"@type\":\"ListItem\",\"position\":2,\"name\":\"Yankees debutan al prometedor prospecto de 22 a\u00f1os, Elmer Rodr\u00edguez\"}]},{\"@type\":\"WebSite\",\"@id\":\"https:\/\/potenciaradiofonicadominicana.com\/portal\/#website\",\"url\":\"https:\/\/potenciaradiofonicadominicana.com\/portal\/\",\"name\":\"PotenciaRadiofonicaDominicana.com\",\"description\":\"Peri\u00f3dico Digital\",\"publisher\":{\"@id\":\"https:\/\/potenciaradiofonicadominicana.com\/portal\/#organization\"},\"potentialAction\":[{\"@type\":\"SearchAction\",\"target\":{\"@type\":\"EntryPoint\",\"urlTemplate\":\"https:\/\/potenciaradiofonicadominicana.com\/portal\/?s={search_term_string}\"},\"query-input\":{\"@type\":\"PropertyValueSpecification\",\"valueRequired\":true,\"valueName\":\"search_term_string\"}}],\"inLanguage\":\"es\"},{\"@type\":\"Organization\",\"@id\":\"https:\/\/potenciaradiofonicadominicana.com\/portal\/#organization\",\"name\":\"PotenciaRadiofonicaDominicana.com\",\"url\":\"https:\/\/potenciaradiofonicadominicana.com\/portal\/\",\"logo\":{\"@type\":\"ImageObject\",\"inLanguage\":\"es\",\"@id\":\"https:\/\/potenciaradiofonicadominicana.com\/portal\/#\/schema\/logo\/image\/\",\"url\":\"https:\/\/potenciaradiofonicadominicana.com\/portal\/wp-content\/uploads\/2022\/01\/descarga.png\",\"contentUrl\":\"https:\/\/potenciaradiofonicadominicana.com\/portal\/wp-content\/uploads\/2022\/01\/descarga.png\",\"width\":300,\"height\":100,\"caption\":\"PotenciaRadiofonicaDominicana.com\"},\"image\":{\"@id\":\"https:\/\/potenciaradiofonicadominicana.com\/portal\/#\/schema\/logo\/image\/\"},\"sameAs\":[\"https:\/\/web.facebook.com\/PotenciaRadiofonicaD\"]},{\"@type\":\"Person\",\"@id\":\"https:\/\/potenciaradiofonicadominicana.com\/portal\/#\/schema\/person\/a5cf1fea13877803ee0573ac18b03490\",\"name\":\"Potencia Radiof\u00f3nica Dominicana\",\"image\":{\"@type\":\"ImageObject\",\"inLanguage\":\"es\",\"@id\":\"https:\/\/potenciaradiofonicadominicana.com\/portal\/#\/schema\/person\/image\/\",\"url\":\"https:\/\/secure.gravatar.com\/avatar\/42a55ab9e8ccc656ba34cd791990602a?s=96&d=mm&r=g\",\"contentUrl\":\"https:\/\/secure.gravatar.com\/avatar\/42a55ab9e8ccc656ba34cd791990602a?s=96&d=mm&r=g\",\"caption\":\"Potencia Radiof\u00f3nica Dominicana\"},\"url\":\"https:\/\/potenciaradiofonicadominicana.com\/portal\/author\/johannyalmanzar\/\"}]}<\/script>\n<!-- \/ Yoast SEO plugin. -->","yoast_head_json":{"title":"Yankees debutan al prometedor prospecto de 22 a\u00f1os, Elmer Rodr\u00edguez - PotenciaRadiofonicaDominicana.com","robots":{"index":"index","follow":"follow","max-snippet":"max-snippet:-1","max-image-preview":"max-image-preview:large","max-video-preview":"max-video-preview:-1"},"canonical":"https:\/\/potenciaradiofonicadominicana.com\/portal\/yankees-debutan-al-prometedor-prospecto-de-22-anos-elmer-rodriguez\/","og_locale":"es_ES","og_type":"article","og_title":"Yankees debutan al prometedor prospecto de 22 a\u00f1os, Elmer Rodr\u00edguez - PotenciaRadiofonicaDominicana.com","og_description":"El boricua\u00a0Elmer Rodr\u00edguez\u00a0consigui\u00f3 su primer ponche en las Grandes Ligas en una extra\u00f1a jugada de doble matanza y sali\u00f3 ileso ...","og_url":"https:\/\/potenciaradiofonicadominicana.com\/portal\/yankees-debutan-al-prometedor-prospecto-de-22-anos-elmer-rodriguez\/","og_site_name":"PotenciaRadiofonicaDominicana.com","article_publisher":"https:\/\/web.facebook.com\/PotenciaRadiofonicaD","article_published_time":"2026-04-30T02:49:52+00:00","og_image":[{"width":1536,"height":864,"url":"https:\/\/potenciaradiofonicadominicana.com\/portal\/wp-content\/uploads\/2026\/04\/elmer-rodriguez.jpg","type":"image\/jpeg"}],"author":"Potencia Radiof\u00f3nica Dominicana","twitter_card":"summary_large_image","twitter_misc":{"Escrito por":"Potencia Radiof\u00f3nica Dominicana","Tiempo de lectura":"2 minutos"},"schema":{"@context":"https:\/\/schema.org","@graph":[{"@type":"Article","@id":"https:\/\/potenciaradiofonicadominicana.com\/portal\/yankees-debutan-al-prometedor-prospecto-de-22-anos-elmer-rodriguez\/#article","isPartOf":{"@id":"https:\/\/potenciaradiofonicadominicana.com\/portal\/yankees-debutan-al-prometedor-prospecto-de-22-anos-elmer-rodriguez\/"},"author":{"name":"Potencia Radiof\u00f3nica Dominicana","@id":"https:\/\/potenciaradiofonicadominicana.com\/portal\/#\/schema\/person\/a5cf1fea13877803ee0573ac18b03490"},"headline":"Yankees debutan al prometedor prospecto de 22 a\u00f1os, Elmer Rodr\u00edguez","datePublished":"2026-04-30T02:49:52+00:00","mainEntityOfPage":{"@id":"https:\/\/potenciaradiofonicadominicana.com\/portal\/yankees-debutan-al-prometedor-prospecto-de-22-anos-elmer-rodriguez\/"},"wordCount":282,"publisher":{"@id":"https:\/\/potenciaradiofonicadominicana.com\/portal\/#organization"},"image":{"@id":"https:\/\/potenciaradiofonicadominicana.com\/portal\/yankees-debutan-al-prometedor-prospecto-de-22-anos-elmer-rodriguez\/#primaryimage"},"thumbnailUrl":"https:\/\/potenciaradiofonicadominicana.com\/portal\/wp-content\/uploads\/2026\/04\/elmer-rodriguez.jpg","articleSection":["Deportes"],"inLanguage":"es"},{"@type":"WebPage","@id":"https:\/\/potenciaradiofonicadominicana.com\/portal\/yankees-debutan-al-prometedor-prospecto-de-22-anos-elmer-rodriguez\/","url":"https:\/\/potenciaradiofonicadominicana.com\/portal\/yankees-debutan-al-prometedor-prospecto-de-22-anos-elmer-rodriguez\/","name":"Yankees debutan al prometedor prospecto de 22 a\u00f1os, Elmer Rodr\u00edguez - PotenciaRadiofonicaDominicana.com","isPartOf":{"@id":"https:\/\/potenciaradiofonicadominicana.com\/portal\/#website"},"primaryImageOfPage":{"@id":"https:\/\/potenciaradiofonicadominicana.com\/portal\/yankees-debutan-al-prometedor-prospecto-de-22-anos-elmer-rodriguez\/#primaryimage"},"image":{"@id":"https:\/\/potenciaradiofonicadominicana.com\/portal\/yankees-debutan-al-prometedor-prospecto-de-22-anos-elmer-rodriguez\/#primaryimage"},"thumbnailUrl":"https:\/\/potenciaradiofonicadominicana.com\/portal\/wp-content\/uploads\/2026\/04\/elmer-rodriguez.jpg","datePublished":"2026-04-30T02:49:52+00:00","breadcrumb":{"@id":"https:\/\/potenciaradiofonicadominicana.com\/portal\/yankees-debutan-al-prometedor-prospecto-de-22-anos-elmer-rodriguez\/#breadcrumb"},"inLanguage":"es","potentialAction":[{"@type":"ReadAction","target":["https:\/\/potenciaradiofonicadominicana.com\/portal\/yankees-debutan-al-prometedor-prospecto-de-22-anos-elmer-rodriguez\/"]}]},{"@type":"ImageObject","inLanguage":"es","@id":"https:\/\/potenciaradiofonicadominicana.com\/portal\/yankees-debutan-al-prometedor-prospecto-de-22-anos-elmer-rodriguez\/#primaryimage","url":"https:\/\/potenciaradiofonicadominicana.com\/portal\/wp-content\/uploads\/2026\/04\/elmer-rodriguez.jpg","contentUrl":"https:\/\/potenciaradiofonicadominicana.com\/portal\/wp-content\/uploads\/2026\/04\/elmer-rodriguez.jpg","width":1536,"height":864},{"@type":"BreadcrumbList","@id":"https:\/\/potenciaradiofonicadominicana.com\/portal\/yankees-debutan-al-prometedor-prospecto-de-22-anos-elmer-rodriguez\/#breadcrumb","itemListElement":[{"@type":"ListItem","position":1,"name":"Portada","item":"https:\/\/potenciaradiofonicadominicana.com\/portal\/"},{"@type":"ListItem","position":2,"name":"Yankees debutan al prometedor prospecto de 22 a\u00f1os, Elmer Rodr\u00edguez"}]},{"@type":"WebSite","@id":"https:\/\/potenciaradiofonicadominicana.com\/portal\/#website","url":"https:\/\/potenciaradiofonicadominicana.com\/portal\/","name":"PotenciaRadiofonicaDominicana.com","description":"Peri\u00f3dico Digital","publisher":{"@id":"https:\/\/potenciaradiofonicadominicana.com\/portal\/#organization"},"potentialAction":[{"@type":"SearchAction","target":{"@type":"EntryPoint","urlTemplate":"https:\/\/potenciaradiofonicadominicana.com\/portal\/?s={search_term_string}"},"query-input":{"@type":"PropertyValueSpecification","valueRequired":true,"valueName":"search_term_string"}}],"inLanguage":"es"},{"@type":"Organization","@id":"https:\/\/potenciaradiofonicadominicana.com\/portal\/#organization","name":"PotenciaRadiofonicaDominicana.com","url":"https:\/\/potenciaradiofonicadominicana.com\/portal\/","logo":{"@type":"ImageObject","inLanguage":"es","@id":"https:\/\/potenciaradiofonicadominicana.com\/portal\/#\/schema\/logo\/image\/","url":"https:\/\/potenciaradiofonicadominicana.com\/portal\/wp-content\/uploads\/2022\/01\/descarga.png","contentUrl":"https:\/\/potenciaradiofonicadominicana.com\/portal\/wp-content\/uploads\/2022\/01\/descarga.png","width":300,"height":100,"caption":"PotenciaRadiofonicaDominicana.com"},"image":{"@id":"https:\/\/potenciaradiofonicadominicana.com\/portal\/#\/schema\/logo\/image\/"},"sameAs":["https:\/\/web.facebook.com\/PotenciaRadiofonicaD"]},{"@type":"Person","@id":"https:\/\/potenciaradiofonicadominicana.com\/portal\/#\/schema\/person\/a5cf1fea13877803ee0573ac18b03490","name":"Potencia Radiof\u00f3nica Dominicana","image":{"@type":"ImageObject","inLanguage":"es","@id":"https:\/\/potenciaradiofonicadominicana.com\/portal\/#\/schema\/person\/image\/","url":"https:\/\/secure.gravatar.com\/avatar\/42a55ab9e8ccc656ba34cd791990602a?s=96&d=mm&r=g","contentUrl":"https:\/\/secure.gravatar.com\/avatar\/42a55ab9e8ccc656ba34cd791990602a?s=96&d=mm&r=g","caption":"Potencia Radiof\u00f3nica Dominicana"},"url":"https:\/\/potenciaradiofonicadominicana.com\/portal\/author\/johannyalmanzar\/"}]}},"_links":{"self":[{"href":"https:\/\/potenciaradiofonicadominicana.com\/portal\/wp-json\/wp\/v2\/posts\/216161","targetHints":{"allow":["GET"]}}],"collection":[{"href":"https:\/\/potenciaradiofonicadominicana.com\/portal\/wp-json\/wp\/v2\/posts"}],"about":[{"href":"https:\/\/potenciaradiofonicadominicana.com\/portal\/wp-json\/wp\/v2\/types\/post"}],"author":[{"embeddable":true,"href":"https:\/\/potenciaradiofonicadominicana.com\/portal\/wp-json\/wp\/v2\/users\/2"}],"replies":[{"embeddable":true,"href":"https:\/\/potenciaradiofonicadominicana.com\/portal\/wp-json\/wp\/v2\/comments?post=216161"}],"version-history":[{"count":1,"href":"https:\/\/potenciaradiofonicadominicana.com\/portal\/wp-json\/wp\/v2\/posts\/216161\/revisions"}],"predecessor-version":[{"id":216165,"href":"https:\/\/potenciaradiofonicadominicana.com\/portal\/wp-json\/wp\/v2\/posts\/216161\/revisions\/216165"}],"wp:featuredmedia":[{"embeddable":true,"href":"https:\/\/potenciaradiofonicadominicana.com\/portal\/wp-json\/wp\/v2\/media\/216163"}],"wp:attachment":[{"href":"https:\/\/potenciaradiofonicadominicana.com\/portal\/wp-json\/wp\/v2\/media?parent=216161"}],"wp:term":[{"taxonomy":"category","embeddable":true,"href":"https:\/\/potenciaradiofonicadominicana.com\/portal\/wp-json\/wp\/v2\/categories?post=216161"},{"taxonomy":"post_tag","embeddable":true,"href":"https:\/\/potenciaradiofonicadominicana.com\/portal\/wp-json\/wp\/v2\/tags?post=216161"}],"curies":[{"name":"wp","href":"https:\/\/api.w.org\/{rel}","templated":true}]}}