{"id":216156,"date":"2026-04-29T22:48:48","date_gmt":"2026-04-30T02:48:48","guid":{"rendered":"https:\/\/potenciaradiofonicadominicana.com\/portal\/?p=216156"},"modified":"2026-04-29T22:48:48","modified_gmt":"2026-04-30T02:48:48","slug":"powell-concentra-atencion-de-reunion-de-la-fed-que-se-preve-mantenga-las-tasas","status":"publish","type":"post","link":"https:\/\/potenciaradiofonicadominicana.com\/portal\/powell-concentra-atencion-de-reunion-de-la-fed-que-se-preve-mantenga-las-tasas\/","title":{"rendered":"Powell concentra atenci\u00f3n de reuni\u00f3n de la Fed, que se prev\u00e9 mantenga las tasas"},"content":{"rendered":"<p><a href=\"https:\/\/potenciaradiofonicadominicana.com\/portal\/wp-content\/uploads\/2026\/04\/jerome-f7e443fe-focus-0.18-0.26-896-504.jpg\"><img loading=\"lazy\" decoding=\"async\" class=\"alignnone size-full wp-image-216157\" src=\"https:\/\/potenciaradiofonicadominicana.com\/portal\/wp-content\/uploads\/2026\/04\/jerome-f7e443fe-focus-0.18-0.26-896-504.jpg\" alt=\"\" width=\"896\" height=\"504\" srcset=\"https:\/\/potenciaradiofonicadominicana.com\/portal\/wp-content\/uploads\/2026\/04\/jerome-f7e443fe-focus-0.18-0.26-896-504.jpg 896w, https:\/\/potenciaradiofonicadominicana.com\/portal\/wp-content\/uploads\/2026\/04\/jerome-f7e443fe-focus-0.18-0.26-896-504-300x169.jpg 300w, https:\/\/potenciaradiofonicadominicana.com\/portal\/wp-content\/uploads\/2026\/04\/jerome-f7e443fe-focus-0.18-0.26-896-504-768x432.jpg 768w\" sizes=\"auto, (max-width: 896px) 100vw, 896px\" \/><\/a><\/p>\n<p>La\u00a0Reserva Federal\u00a0de Estados Unidos mantendr\u00e1 este mi\u00e9rcoles sin cambios sus\u00a0tasas de inter\u00e9s, en sinton\u00eda con las previsiones del mercado, en una reuni\u00f3n que podr\u00eda ser la \u00faltima de pol\u00edtica monetaria encabezada por\u00a0Jerome Powell\u00a0como\u00a0presidente\u00a0del banco central.<\/p>\n<p>De los 12 miembros del\u00a0Comit\u00e9 de Pol\u00edtica Monetaria\u00a0de la\u00a0Fed\u00a0(FOMC) que votan sobre las tasas, la mayor\u00eda ha dicho que quiere\u00a0esperar\u00a0a ver c\u00f3mo afecta a la econom\u00eda la\u00a0guerra en Oriente Medio, que ya dispar\u00f3 los precios de la energ\u00eda.<\/p>\n<p>Seg\u00fan las previsiones de los analistas, los\u00a0tipos de referencia\u00a0de la\u00a0Fed\u00a0permanecer\u00e1n entre el 3.50% y el 3.75%, su nivel\u00a0desde diciembre.<\/p>\n<p>Sin sorpresas en este aspecto, la\u00a0atenci\u00f3n\u00a0se centrar\u00e1 en los\u00a0planes futuros\u00a0de\u00a0Powell, blanco frecuente de la ira del\u00a0presidente\u00a0Donald Trump.<\/p>\n<p>Si bien el\u00a0mandato de Powell\u00a0como jefe de la\u00a0Fed\u00a0termina el 15 de mayo, su periodo como miembro de la\u00a0Junta de Gobernadores se extiende hasta enero de 2028.<\/p>\n<p>La\u00a0conferencia de prensa\u00a0de\u00a0Powell\u00a0est\u00e1 programada, como de costumbre, a las\u00a014H30 locales\u00a0(18H30 GMT) tras el anuncio de la\u00a0decisi\u00f3n del FOMC.<\/p>\n<p>Desde que volvi\u00f3 al poder el a\u00f1o pasado, Trump ha\u00a0criticado\u00a0e insultado con frecuencia a\u00a0Powell\u00a0por no recortar las\u00a0tasas de inter\u00e9s, una pol\u00edtica que impulsar\u00eda con fuerza la actividad econ\u00f3mica pero que podr\u00eda avivar la\u00a0inflaci\u00f3n.<\/p>\n<p>Por ahora, el exgobernador de la\u00a0Fed\u00a0(2006-2011)\u00a0Kevin Warsh, nominado por Trump, parte con ventaja para sustituirlo.<\/p>\n<p>Una\u00a0comisi\u00f3n del Senado\u00a0de mayor\u00eda republicana aprob\u00f3 este mi\u00e9rcoles su\u00a0nombramiento, allanando el camino para su designaci\u00f3n definitiva, que debe obtener el\u00a0visto bueno\u00a0del pleno de la C\u00e1mara Alta.<\/p>\n<p>Una sucesi\u00f3n tan fluida no estaba garantizada hasta hace apenas unos\u00a0d\u00edas, debido a un\u00a0embrollo pol\u00edtico-monetario-judicial.<\/p>\n<p>Un legislador del partido Republicano de Trump amenazaba con bloquear todo el proceso mientras el Departamento de Justicia no archivara una\u00a0investigaci\u00f3n contra Powell, percibida como un intento de intimidaci\u00f3n avalado por Trump.<\/p>\n","protected":false},"excerpt":{"rendered":"<p>La\u00a0Reserva Federal\u00a0de Estados Unidos mantendr\u00e1 este mi\u00e9rcoles sin cambios sus\u00a0tasas de inter\u00e9s, en sinton\u00eda con las previsiones del mercado, en &#8230;<\/p>\n","protected":false},"author":2,"featured_media":216157,"comment_status":"closed","ping_status":"closed","sticky":false,"template":"","format":"standard","meta":{"footnotes":""},"categories":[26],"tags":[],"class_list":["post-216156","post","type-post","status-publish","format-standard","has-post-thumbnail","hentry","category-economia"],"yoast_head":"<!-- This site is optimized with the Yoast SEO plugin v24.8.1 - https:\/\/yoast.com\/wordpress\/plugins\/seo\/ -->\n<title>Powell concentra atenci\u00f3n de reuni\u00f3n de la Fed, que se prev\u00e9 mantenga las tasas - PotenciaRadiofonicaDominicana.com<\/title>\n<meta name=\"robots\" content=\"index, follow, max-snippet:-1, max-image-preview:large, max-video-preview:-1\" \/>\n<link rel=\"canonical\" href=\"https:\/\/potenciaradiofonicadominicana.com\/portal\/powell-concentra-atencion-de-reunion-de-la-fed-que-se-preve-mantenga-las-tasas\/\" \/>\n<meta property=\"og:locale\" content=\"es_ES\" \/>\n<meta property=\"og:type\" content=\"article\" \/>\n<meta property=\"og:title\" content=\"Powell concentra atenci\u00f3n de reuni\u00f3n de la Fed, que se prev\u00e9 mantenga las tasas - PotenciaRadiofonicaDominicana.com\" \/>\n<meta property=\"og:description\" content=\"La\u00a0Reserva Federal\u00a0de Estados Unidos mantendr\u00e1 este mi\u00e9rcoles sin cambios sus\u00a0tasas de inter\u00e9s, en sinton\u00eda con las previsiones del mercado, en ...\" \/>\n<meta property=\"og:url\" content=\"https:\/\/potenciaradiofonicadominicana.com\/portal\/powell-concentra-atencion-de-reunion-de-la-fed-que-se-preve-mantenga-las-tasas\/\" \/>\n<meta property=\"og:site_name\" content=\"PotenciaRadiofonicaDominicana.com\" \/>\n<meta property=\"article:publisher\" content=\"https:\/\/web.facebook.com\/PotenciaRadiofonicaD\" \/>\n<meta property=\"article:published_time\" content=\"2026-04-30T02:48:48+00:00\" \/>\n<meta property=\"og:image\" content=\"https:\/\/potenciaradiofonicadominicana.com\/portal\/wp-content\/uploads\/2026\/04\/jerome-f7e443fe-focus-0.18-0.26-896-504.jpg\" \/>\n\t<meta property=\"og:image:width\" content=\"896\" \/>\n\t<meta property=\"og:image:height\" content=\"504\" \/>\n\t<meta property=\"og:image:type\" content=\"image\/jpeg\" \/>\n<meta name=\"author\" content=\"Potencia Radiof\u00f3nica Dominicana\" \/>\n<meta name=\"twitter:card\" content=\"summary_large_image\" \/>\n<meta name=\"twitter:label1\" content=\"Escrito por\" \/>\n\t<meta name=\"twitter:data1\" content=\"Potencia Radiof\u00f3nica Dominicana\" \/>\n\t<meta name=\"twitter:label2\" content=\"Tiempo de lectura\" \/>\n\t<meta name=\"twitter:data2\" content=\"2 minutos\" \/>\n<script type=\"application\/ld+json\" class=\"yoast-schema-graph\">{\"@context\":\"https:\/\/schema.org\",\"@graph\":[{\"@type\":\"Article\",\"@id\":\"https:\/\/potenciaradiofonicadominicana.com\/portal\/powell-concentra-atencion-de-reunion-de-la-fed-que-se-preve-mantenga-las-tasas\/#article\",\"isPartOf\":{\"@id\":\"https:\/\/potenciaradiofonicadominicana.com\/portal\/powell-concentra-atencion-de-reunion-de-la-fed-que-se-preve-mantenga-las-tasas\/\"},\"author\":{\"name\":\"Potencia Radiof\u00f3nica Dominicana\",\"@id\":\"https:\/\/potenciaradiofonicadominicana.com\/portal\/#\/schema\/person\/a5cf1fea13877803ee0573ac18b03490\"},\"headline\":\"Powell concentra atenci\u00f3n de reuni\u00f3n de la Fed, que se prev\u00e9 mantenga las tasas\",\"datePublished\":\"2026-04-30T02:48:48+00:00\",\"mainEntityOfPage\":{\"@id\":\"https:\/\/potenciaradiofonicadominicana.com\/portal\/powell-concentra-atencion-de-reunion-de-la-fed-que-se-preve-mantenga-las-tasas\/\"},\"wordCount\":372,\"publisher\":{\"@id\":\"https:\/\/potenciaradiofonicadominicana.com\/portal\/#organization\"},\"image\":{\"@id\":\"https:\/\/potenciaradiofonicadominicana.com\/portal\/powell-concentra-atencion-de-reunion-de-la-fed-que-se-preve-mantenga-las-tasas\/#primaryimage\"},\"thumbnailUrl\":\"https:\/\/potenciaradiofonicadominicana.com\/portal\/wp-content\/uploads\/2026\/04\/jerome-f7e443fe-focus-0.18-0.26-896-504.jpg\",\"articleSection\":[\"Econom\u00eda\"],\"inLanguage\":\"es\"},{\"@type\":\"WebPage\",\"@id\":\"https:\/\/potenciaradiofonicadominicana.com\/portal\/powell-concentra-atencion-de-reunion-de-la-fed-que-se-preve-mantenga-las-tasas\/\",\"url\":\"https:\/\/potenciaradiofonicadominicana.com\/portal\/powell-concentra-atencion-de-reunion-de-la-fed-que-se-preve-mantenga-las-tasas\/\",\"name\":\"Powell concentra atenci\u00f3n de reuni\u00f3n de la Fed, que se prev\u00e9 mantenga las tasas - PotenciaRadiofonicaDominicana.com\",\"isPartOf\":{\"@id\":\"https:\/\/potenciaradiofonicadominicana.com\/portal\/#website\"},\"primaryImageOfPage\":{\"@id\":\"https:\/\/potenciaradiofonicadominicana.com\/portal\/powell-concentra-atencion-de-reunion-de-la-fed-que-se-preve-mantenga-las-tasas\/#primaryimage\"},\"image\":{\"@id\":\"https:\/\/potenciaradiofonicadominicana.com\/portal\/powell-concentra-atencion-de-reunion-de-la-fed-que-se-preve-mantenga-las-tasas\/#primaryimage\"},\"thumbnailUrl\":\"https:\/\/potenciaradiofonicadominicana.com\/portal\/wp-content\/uploads\/2026\/04\/jerome-f7e443fe-focus-0.18-0.26-896-504.jpg\",\"datePublished\":\"2026-04-30T02:48:48+00:00\",\"breadcrumb\":{\"@id\":\"https:\/\/potenciaradiofonicadominicana.com\/portal\/powell-concentra-atencion-de-reunion-de-la-fed-que-se-preve-mantenga-las-tasas\/#breadcrumb\"},\"inLanguage\":\"es\",\"potentialAction\":[{\"@type\":\"ReadAction\",\"target\":[\"https:\/\/potenciaradiofonicadominicana.com\/portal\/powell-concentra-atencion-de-reunion-de-la-fed-que-se-preve-mantenga-las-tasas\/\"]}]},{\"@type\":\"ImageObject\",\"inLanguage\":\"es\",\"@id\":\"https:\/\/potenciaradiofonicadominicana.com\/portal\/powell-concentra-atencion-de-reunion-de-la-fed-que-se-preve-mantenga-las-tasas\/#primaryimage\",\"url\":\"https:\/\/potenciaradiofonicadominicana.com\/portal\/wp-content\/uploads\/2026\/04\/jerome-f7e443fe-focus-0.18-0.26-896-504.jpg\",\"contentUrl\":\"https:\/\/potenciaradiofonicadominicana.com\/portal\/wp-content\/uploads\/2026\/04\/jerome-f7e443fe-focus-0.18-0.26-896-504.jpg\",\"width\":896,\"height\":504},{\"@type\":\"BreadcrumbList\",\"@id\":\"https:\/\/potenciaradiofonicadominicana.com\/portal\/powell-concentra-atencion-de-reunion-de-la-fed-que-se-preve-mantenga-las-tasas\/#breadcrumb\",\"itemListElement\":[{\"@type\":\"ListItem\",\"position\":1,\"name\":\"Portada\",\"item\":\"https:\/\/potenciaradiofonicadominicana.com\/portal\/\"},{\"@type\":\"ListItem\",\"position\":2,\"name\":\"Powell concentra atenci\u00f3n de reuni\u00f3n de la Fed, que se prev\u00e9 mantenga las tasas\"}]},{\"@type\":\"WebSite\",\"@id\":\"https:\/\/potenciaradiofonicadominicana.com\/portal\/#website\",\"url\":\"https:\/\/potenciaradiofonicadominicana.com\/portal\/\",\"name\":\"PotenciaRadiofonicaDominicana.com\",\"description\":\"Peri\u00f3dico Digital\",\"publisher\":{\"@id\":\"https:\/\/potenciaradiofonicadominicana.com\/portal\/#organization\"},\"potentialAction\":[{\"@type\":\"SearchAction\",\"target\":{\"@type\":\"EntryPoint\",\"urlTemplate\":\"https:\/\/potenciaradiofonicadominicana.com\/portal\/?s={search_term_string}\"},\"query-input\":{\"@type\":\"PropertyValueSpecification\",\"valueRequired\":true,\"valueName\":\"search_term_string\"}}],\"inLanguage\":\"es\"},{\"@type\":\"Organization\",\"@id\":\"https:\/\/potenciaradiofonicadominicana.com\/portal\/#organization\",\"name\":\"PotenciaRadiofonicaDominicana.com\",\"url\":\"https:\/\/potenciaradiofonicadominicana.com\/portal\/\",\"logo\":{\"@type\":\"ImageObject\",\"inLanguage\":\"es\",\"@id\":\"https:\/\/potenciaradiofonicadominicana.com\/portal\/#\/schema\/logo\/image\/\",\"url\":\"https:\/\/potenciaradiofonicadominicana.com\/portal\/wp-content\/uploads\/2022\/01\/descarga.png\",\"contentUrl\":\"https:\/\/potenciaradiofonicadominicana.com\/portal\/wp-content\/uploads\/2022\/01\/descarga.png\",\"width\":300,\"height\":100,\"caption\":\"PotenciaRadiofonicaDominicana.com\"},\"image\":{\"@id\":\"https:\/\/potenciaradiofonicadominicana.com\/portal\/#\/schema\/logo\/image\/\"},\"sameAs\":[\"https:\/\/web.facebook.com\/PotenciaRadiofonicaD\"]},{\"@type\":\"Person\",\"@id\":\"https:\/\/potenciaradiofonicadominicana.com\/portal\/#\/schema\/person\/a5cf1fea13877803ee0573ac18b03490\",\"name\":\"Potencia Radiof\u00f3nica Dominicana\",\"image\":{\"@type\":\"ImageObject\",\"inLanguage\":\"es\",\"@id\":\"https:\/\/potenciaradiofonicadominicana.com\/portal\/#\/schema\/person\/image\/\",\"url\":\"https:\/\/secure.gravatar.com\/avatar\/42a55ab9e8ccc656ba34cd791990602a?s=96&d=mm&r=g\",\"contentUrl\":\"https:\/\/secure.gravatar.com\/avatar\/42a55ab9e8ccc656ba34cd791990602a?s=96&d=mm&r=g\",\"caption\":\"Potencia Radiof\u00f3nica Dominicana\"},\"url\":\"https:\/\/potenciaradiofonicadominicana.com\/portal\/author\/johannyalmanzar\/\"}]}<\/script>\n<!-- \/ Yoast SEO plugin. -->","yoast_head_json":{"title":"Powell concentra atenci\u00f3n de reuni\u00f3n de la Fed, que se prev\u00e9 mantenga las tasas - PotenciaRadiofonicaDominicana.com","robots":{"index":"index","follow":"follow","max-snippet":"max-snippet:-1","max-image-preview":"max-image-preview:large","max-video-preview":"max-video-preview:-1"},"canonical":"https:\/\/potenciaradiofonicadominicana.com\/portal\/powell-concentra-atencion-de-reunion-de-la-fed-que-se-preve-mantenga-las-tasas\/","og_locale":"es_ES","og_type":"article","og_title":"Powell concentra atenci\u00f3n de reuni\u00f3n de la Fed, que se prev\u00e9 mantenga las tasas - PotenciaRadiofonicaDominicana.com","og_description":"La\u00a0Reserva Federal\u00a0de Estados Unidos mantendr\u00e1 este mi\u00e9rcoles sin cambios sus\u00a0tasas de inter\u00e9s, en sinton\u00eda con las previsiones del mercado, en ...","og_url":"https:\/\/potenciaradiofonicadominicana.com\/portal\/powell-concentra-atencion-de-reunion-de-la-fed-que-se-preve-mantenga-las-tasas\/","og_site_name":"PotenciaRadiofonicaDominicana.com","article_publisher":"https:\/\/web.facebook.com\/PotenciaRadiofonicaD","article_published_time":"2026-04-30T02:48:48+00:00","og_image":[{"width":896,"height":504,"url":"https:\/\/potenciaradiofonicadominicana.com\/portal\/wp-content\/uploads\/2026\/04\/jerome-f7e443fe-focus-0.18-0.26-896-504.jpg","type":"image\/jpeg"}],"author":"Potencia Radiof\u00f3nica Dominicana","twitter_card":"summary_large_image","twitter_misc":{"Escrito por":"Potencia Radiof\u00f3nica Dominicana","Tiempo de lectura":"2 minutos"},"schema":{"@context":"https:\/\/schema.org","@graph":[{"@type":"Article","@id":"https:\/\/potenciaradiofonicadominicana.com\/portal\/powell-concentra-atencion-de-reunion-de-la-fed-que-se-preve-mantenga-las-tasas\/#article","isPartOf":{"@id":"https:\/\/potenciaradiofonicadominicana.com\/portal\/powell-concentra-atencion-de-reunion-de-la-fed-que-se-preve-mantenga-las-tasas\/"},"author":{"name":"Potencia Radiof\u00f3nica Dominicana","@id":"https:\/\/potenciaradiofonicadominicana.com\/portal\/#\/schema\/person\/a5cf1fea13877803ee0573ac18b03490"},"headline":"Powell concentra atenci\u00f3n de reuni\u00f3n de la Fed, que se prev\u00e9 mantenga las tasas","datePublished":"2026-04-30T02:48:48+00:00","mainEntityOfPage":{"@id":"https:\/\/potenciaradiofonicadominicana.com\/portal\/powell-concentra-atencion-de-reunion-de-la-fed-que-se-preve-mantenga-las-tasas\/"},"wordCount":372,"publisher":{"@id":"https:\/\/potenciaradiofonicadominicana.com\/portal\/#organization"},"image":{"@id":"https:\/\/potenciaradiofonicadominicana.com\/portal\/powell-concentra-atencion-de-reunion-de-la-fed-que-se-preve-mantenga-las-tasas\/#primaryimage"},"thumbnailUrl":"https:\/\/potenciaradiofonicadominicana.com\/portal\/wp-content\/uploads\/2026\/04\/jerome-f7e443fe-focus-0.18-0.26-896-504.jpg","articleSection":["Econom\u00eda"],"inLanguage":"es"},{"@type":"WebPage","@id":"https:\/\/potenciaradiofonicadominicana.com\/portal\/powell-concentra-atencion-de-reunion-de-la-fed-que-se-preve-mantenga-las-tasas\/","url":"https:\/\/potenciaradiofonicadominicana.com\/portal\/powell-concentra-atencion-de-reunion-de-la-fed-que-se-preve-mantenga-las-tasas\/","name":"Powell concentra atenci\u00f3n de reuni\u00f3n de la Fed, que se prev\u00e9 mantenga las tasas - PotenciaRadiofonicaDominicana.com","isPartOf":{"@id":"https:\/\/potenciaradiofonicadominicana.com\/portal\/#website"},"primaryImageOfPage":{"@id":"https:\/\/potenciaradiofonicadominicana.com\/portal\/powell-concentra-atencion-de-reunion-de-la-fed-que-se-preve-mantenga-las-tasas\/#primaryimage"},"image":{"@id":"https:\/\/potenciaradiofonicadominicana.com\/portal\/powell-concentra-atencion-de-reunion-de-la-fed-que-se-preve-mantenga-las-tasas\/#primaryimage"},"thumbnailUrl":"https:\/\/potenciaradiofonicadominicana.com\/portal\/wp-content\/uploads\/2026\/04\/jerome-f7e443fe-focus-0.18-0.26-896-504.jpg","datePublished":"2026-04-30T02:48:48+00:00","breadcrumb":{"@id":"https:\/\/potenciaradiofonicadominicana.com\/portal\/powell-concentra-atencion-de-reunion-de-la-fed-que-se-preve-mantenga-las-tasas\/#breadcrumb"},"inLanguage":"es","potentialAction":[{"@type":"ReadAction","target":["https:\/\/potenciaradiofonicadominicana.com\/portal\/powell-concentra-atencion-de-reunion-de-la-fed-que-se-preve-mantenga-las-tasas\/"]}]},{"@type":"ImageObject","inLanguage":"es","@id":"https:\/\/potenciaradiofonicadominicana.com\/portal\/powell-concentra-atencion-de-reunion-de-la-fed-que-se-preve-mantenga-las-tasas\/#primaryimage","url":"https:\/\/potenciaradiofonicadominicana.com\/portal\/wp-content\/uploads\/2026\/04\/jerome-f7e443fe-focus-0.18-0.26-896-504.jpg","contentUrl":"https:\/\/potenciaradiofonicadominicana.com\/portal\/wp-content\/uploads\/2026\/04\/jerome-f7e443fe-focus-0.18-0.26-896-504.jpg","width":896,"height":504},{"@type":"BreadcrumbList","@id":"https:\/\/potenciaradiofonicadominicana.com\/portal\/powell-concentra-atencion-de-reunion-de-la-fed-que-se-preve-mantenga-las-tasas\/#breadcrumb","itemListElement":[{"@type":"ListItem","position":1,"name":"Portada","item":"https:\/\/potenciaradiofonicadominicana.com\/portal\/"},{"@type":"ListItem","position":2,"name":"Powell concentra atenci\u00f3n de reuni\u00f3n de la Fed, que se prev\u00e9 mantenga las tasas"}]},{"@type":"WebSite","@id":"https:\/\/potenciaradiofonicadominicana.com\/portal\/#website","url":"https:\/\/potenciaradiofonicadominicana.com\/portal\/","name":"PotenciaRadiofonicaDominicana.com","description":"Peri\u00f3dico Digital","publisher":{"@id":"https:\/\/potenciaradiofonicadominicana.com\/portal\/#organization"},"potentialAction":[{"@type":"SearchAction","target":{"@type":"EntryPoint","urlTemplate":"https:\/\/potenciaradiofonicadominicana.com\/portal\/?s={search_term_string}"},"query-input":{"@type":"PropertyValueSpecification","valueRequired":true,"valueName":"search_term_string"}}],"inLanguage":"es"},{"@type":"Organization","@id":"https:\/\/potenciaradiofonicadominicana.com\/portal\/#organization","name":"PotenciaRadiofonicaDominicana.com","url":"https:\/\/potenciaradiofonicadominicana.com\/portal\/","logo":{"@type":"ImageObject","inLanguage":"es","@id":"https:\/\/potenciaradiofonicadominicana.com\/portal\/#\/schema\/logo\/image\/","url":"https:\/\/potenciaradiofonicadominicana.com\/portal\/wp-content\/uploads\/2022\/01\/descarga.png","contentUrl":"https:\/\/potenciaradiofonicadominicana.com\/portal\/wp-content\/uploads\/2022\/01\/descarga.png","width":300,"height":100,"caption":"PotenciaRadiofonicaDominicana.com"},"image":{"@id":"https:\/\/potenciaradiofonicadominicana.com\/portal\/#\/schema\/logo\/image\/"},"sameAs":["https:\/\/web.facebook.com\/PotenciaRadiofonicaD"]},{"@type":"Person","@id":"https:\/\/potenciaradiofonicadominicana.com\/portal\/#\/schema\/person\/a5cf1fea13877803ee0573ac18b03490","name":"Potencia Radiof\u00f3nica Dominicana","image":{"@type":"ImageObject","inLanguage":"es","@id":"https:\/\/potenciaradiofonicadominicana.com\/portal\/#\/schema\/person\/image\/","url":"https:\/\/secure.gravatar.com\/avatar\/42a55ab9e8ccc656ba34cd791990602a?s=96&d=mm&r=g","contentUrl":"https:\/\/secure.gravatar.com\/avatar\/42a55ab9e8ccc656ba34cd791990602a?s=96&d=mm&r=g","caption":"Potencia Radiof\u00f3nica Dominicana"},"url":"https:\/\/potenciaradiofonicadominicana.com\/portal\/author\/johannyalmanzar\/"}]}},"_links":{"self":[{"href":"https:\/\/potenciaradiofonicadominicana.com\/portal\/wp-json\/wp\/v2\/posts\/216156","targetHints":{"allow":["GET"]}}],"collection":[{"href":"https:\/\/potenciaradiofonicadominicana.com\/portal\/wp-json\/wp\/v2\/posts"}],"about":[{"href":"https:\/\/potenciaradiofonicadominicana.com\/portal\/wp-json\/wp\/v2\/types\/post"}],"author":[{"embeddable":true,"href":"https:\/\/potenciaradiofonicadominicana.com\/portal\/wp-json\/wp\/v2\/users\/2"}],"replies":[{"embeddable":true,"href":"https:\/\/potenciaradiofonicadominicana.com\/portal\/wp-json\/wp\/v2\/comments?post=216156"}],"version-history":[{"count":1,"href":"https:\/\/potenciaradiofonicadominicana.com\/portal\/wp-json\/wp\/v2\/posts\/216156\/revisions"}],"predecessor-version":[{"id":216160,"href":"https:\/\/potenciaradiofonicadominicana.com\/portal\/wp-json\/wp\/v2\/posts\/216156\/revisions\/216160"}],"wp:featuredmedia":[{"embeddable":true,"href":"https:\/\/potenciaradiofonicadominicana.com\/portal\/wp-json\/wp\/v2\/media\/216157"}],"wp:attachment":[{"href":"https:\/\/potenciaradiofonicadominicana.com\/portal\/wp-json\/wp\/v2\/media?parent=216156"}],"wp:term":[{"taxonomy":"category","embeddable":true,"href":"https:\/\/potenciaradiofonicadominicana.com\/portal\/wp-json\/wp\/v2\/categories?post=216156"},{"taxonomy":"post_tag","embeddable":true,"href":"https:\/\/potenciaradiofonicadominicana.com\/portal\/wp-json\/wp\/v2\/tags?post=216156"}],"curies":[{"name":"wp","href":"https:\/\/api.w.org\/{rel}","templated":true}]}}