{"id":216154,"date":"2026-04-29T22:48:46","date_gmt":"2026-04-30T02:48:46","guid":{"rendered":"https:\/\/potenciaradiofonicadominicana.com\/portal\/?p=216154"},"modified":"2026-04-29T22:48:46","modified_gmt":"2026-04-30T02:48:46","slug":"arsenal-y-atletico-empatan-1-1-en-el-partido-de-ida-de-las-semifinales-de-liga-de-campeones","status":"publish","type":"post","link":"https:\/\/potenciaradiofonicadominicana.com\/portal\/arsenal-y-atletico-empatan-1-1-en-el-partido-de-ida-de-las-semifinales-de-liga-de-campeones\/","title":{"rendered":"Arsenal y Atl\u00e9tico empatan 1-1 en el partido de ida de las semifinales de Liga de Campeones"},"content":{"rendered":"<p><a href=\"https:\/\/potenciaradiofonicadominicana.com\/portal\/wp-content\/uploads\/2026\/04\/9e46c5f1de95b4349f367ad791ba12b5d3650ad9miniw.jpg\"><img loading=\"lazy\" decoding=\"async\" class=\"size-full wp-image-216158\" src=\"https:\/\/potenciaradiofonicadominicana.com\/portal\/wp-content\/uploads\/2026\/04\/9e46c5f1de95b4349f367ad791ba12b5d3650ad9miniw.jpg\" alt=\"\" width=\"900\" height=\"598\" srcset=\"https:\/\/potenciaradiofonicadominicana.com\/portal\/wp-content\/uploads\/2026\/04\/9e46c5f1de95b4349f367ad791ba12b5d3650ad9miniw.jpg 900w, https:\/\/potenciaradiofonicadominicana.com\/portal\/wp-content\/uploads\/2026\/04\/9e46c5f1de95b4349f367ad791ba12b5d3650ad9miniw-300x199.jpg 300w, https:\/\/potenciaradiofonicadominicana.com\/portal\/wp-content\/uploads\/2026\/04\/9e46c5f1de95b4349f367ad791ba12b5d3650ad9miniw-768x510.jpg 768w\" sizes=\"auto, (max-width: 900px) 100vw, 900px\" \/><\/a><\/p>\n<p>&nbsp;<\/p>\n<p class=\"paragraph\">El\u00a0<b>Atl\u00e9tico de Madrid<\/b>\u00a0y el\u00a0<b>Arsenal<\/b>\u00a0empataron 1-1 en el partido de ida de las semifinales de la\u00a0<b>Liga de Campeones<\/b>\u00a0el mi\u00e9rcoles.<\/p>\n<p class=\"paragraph\">Fue un encuentro intenso en Madrid entre dos clubes que buscaban regresar a la final tras una larga ausencia y conquistar el t\u00edtulo europeo por primera vez.<\/p>\n<p class=\"paragraph\">Fue un marcado contraste con la semifinal del martes, en la que el vigente campe\u00f3n, el\u00a0<b>Paris Saint-Germain<\/b>, se impuso al\u00a0<b>Bayern de M\u00fanich<\/b>\u00a0por 5-4 en un emocionante partido en Francia.<\/p>\n<p class=\"paragraph\">Viktor Gy\u00f6keres adelant\u00f3 al Arsenal en el Estadio Metropolitano al convertir un penalti en el minuto 44.\u00a0<b>Juli\u00e1n \u00c1lvarez<\/b>\u00a0empat\u00f3 para el Atl\u00e9tico, tambi\u00e9n de penalti, en el minuto 56.<\/p>\n<p class=\"paragraph\">El Arsenal dispuso de otro penalti en el minuto 78 despu\u00e9s de que Eberechi Eze fuera derribado por David Hancko dentro del \u00e1rea, pero la decisi\u00f3n fue anulada, minutos despu\u00e9s, tras la revisi\u00f3n del VAR.<\/p>\n<p class=\"paragraph\">El partido de vuelta se disputar\u00e1 el pr\u00f3ximo martes en Londres. En la fase de grupos de la competici\u00f3n, el Arsenal gole\u00f3 al Atl\u00e9tico por 4-0 en el Emirates Stadium.<\/p>\n<p class=\"paragraph\">El Atl\u00e9tico de Madrid lleg\u00f3 por \u00faltima vez a la final de la\u00a0<b>Liga de Campeones<\/b>\u00a0en 2016, cuando perdi\u00f3 contra su rival de ciudad, el\u00a0<b>Real Madrid.<\/b><\/p>\n<p>&nbsp;<\/p>\n","protected":false},"excerpt":{"rendered":"<p>&nbsp; El\u00a0Atl\u00e9tico de Madrid\u00a0y el\u00a0Arsenal\u00a0empataron 1-1 en el partido de ida de las semifinales de la\u00a0Liga de Campeones\u00a0el mi\u00e9rcoles. Fue &#8230;<\/p>\n","protected":false},"author":2,"featured_media":216158,"comment_status":"closed","ping_status":"closed","sticky":false,"template":"","format":"standard","meta":{"footnotes":""},"categories":[28],"tags":[],"class_list":["post-216154","post","type-post","status-publish","format-standard","has-post-thumbnail","hentry","category-deportes"],"yoast_head":"<!-- This site is optimized with the Yoast SEO plugin v24.8.1 - https:\/\/yoast.com\/wordpress\/plugins\/seo\/ -->\n<title>Arsenal y Atl\u00e9tico empatan 1-1 en el partido de ida de las semifinales de Liga de Campeones - PotenciaRadiofonicaDominicana.com<\/title>\n<meta name=\"robots\" content=\"index, follow, max-snippet:-1, max-image-preview:large, max-video-preview:-1\" \/>\n<link rel=\"canonical\" href=\"https:\/\/potenciaradiofonicadominicana.com\/portal\/arsenal-y-atletico-empatan-1-1-en-el-partido-de-ida-de-las-semifinales-de-liga-de-campeones\/\" \/>\n<meta property=\"og:locale\" content=\"es_ES\" \/>\n<meta property=\"og:type\" content=\"article\" \/>\n<meta property=\"og:title\" content=\"Arsenal y Atl\u00e9tico empatan 1-1 en el partido de ida de las semifinales de Liga de Campeones - PotenciaRadiofonicaDominicana.com\" \/>\n<meta property=\"og:description\" content=\"&nbsp; El\u00a0Atl\u00e9tico de Madrid\u00a0y el\u00a0Arsenal\u00a0empataron 1-1 en el partido de ida de las semifinales de la\u00a0Liga de Campeones\u00a0el mi\u00e9rcoles. Fue ...\" \/>\n<meta property=\"og:url\" content=\"https:\/\/potenciaradiofonicadominicana.com\/portal\/arsenal-y-atletico-empatan-1-1-en-el-partido-de-ida-de-las-semifinales-de-liga-de-campeones\/\" \/>\n<meta property=\"og:site_name\" content=\"PotenciaRadiofonicaDominicana.com\" \/>\n<meta property=\"article:publisher\" content=\"https:\/\/web.facebook.com\/PotenciaRadiofonicaD\" \/>\n<meta property=\"article:published_time\" content=\"2026-04-30T02:48:46+00:00\" \/>\n<meta property=\"og:image\" content=\"https:\/\/potenciaradiofonicadominicana.com\/portal\/wp-content\/uploads\/2026\/04\/9e46c5f1de95b4349f367ad791ba12b5d3650ad9miniw.jpg\" \/>\n\t<meta property=\"og:image:width\" content=\"900\" \/>\n\t<meta property=\"og:image:height\" content=\"598\" \/>\n\t<meta property=\"og:image:type\" content=\"image\/jpeg\" \/>\n<meta name=\"author\" content=\"Potencia Radiof\u00f3nica Dominicana\" \/>\n<meta name=\"twitter:card\" content=\"summary_large_image\" \/>\n<meta name=\"twitter:label1\" content=\"Escrito por\" \/>\n\t<meta name=\"twitter:data1\" content=\"Potencia Radiof\u00f3nica Dominicana\" \/>\n\t<meta name=\"twitter:label2\" content=\"Tiempo de lectura\" \/>\n\t<meta name=\"twitter:data2\" content=\"2 minutos\" \/>\n<script type=\"application\/ld+json\" class=\"yoast-schema-graph\">{\"@context\":\"https:\/\/schema.org\",\"@graph\":[{\"@type\":\"Article\",\"@id\":\"https:\/\/potenciaradiofonicadominicana.com\/portal\/arsenal-y-atletico-empatan-1-1-en-el-partido-de-ida-de-las-semifinales-de-liga-de-campeones\/#article\",\"isPartOf\":{\"@id\":\"https:\/\/potenciaradiofonicadominicana.com\/portal\/arsenal-y-atletico-empatan-1-1-en-el-partido-de-ida-de-las-semifinales-de-liga-de-campeones\/\"},\"author\":{\"name\":\"Potencia Radiof\u00f3nica Dominicana\",\"@id\":\"https:\/\/potenciaradiofonicadominicana.com\/portal\/#\/schema\/person\/a5cf1fea13877803ee0573ac18b03490\"},\"headline\":\"Arsenal y Atl\u00e9tico empatan 1-1 en el partido de ida de las semifinales de Liga de Campeones\",\"datePublished\":\"2026-04-30T02:48:46+00:00\",\"mainEntityOfPage\":{\"@id\":\"https:\/\/potenciaradiofonicadominicana.com\/portal\/arsenal-y-atletico-empatan-1-1-en-el-partido-de-ida-de-las-semifinales-de-liga-de-campeones\/\"},\"wordCount\":239,\"publisher\":{\"@id\":\"https:\/\/potenciaradiofonicadominicana.com\/portal\/#organization\"},\"image\":{\"@id\":\"https:\/\/potenciaradiofonicadominicana.com\/portal\/arsenal-y-atletico-empatan-1-1-en-el-partido-de-ida-de-las-semifinales-de-liga-de-campeones\/#primaryimage\"},\"thumbnailUrl\":\"https:\/\/potenciaradiofonicadominicana.com\/portal\/wp-content\/uploads\/2026\/04\/9e46c5f1de95b4349f367ad791ba12b5d3650ad9miniw.jpg\",\"articleSection\":[\"Deportes\"],\"inLanguage\":\"es\"},{\"@type\":\"WebPage\",\"@id\":\"https:\/\/potenciaradiofonicadominicana.com\/portal\/arsenal-y-atletico-empatan-1-1-en-el-partido-de-ida-de-las-semifinales-de-liga-de-campeones\/\",\"url\":\"https:\/\/potenciaradiofonicadominicana.com\/portal\/arsenal-y-atletico-empatan-1-1-en-el-partido-de-ida-de-las-semifinales-de-liga-de-campeones\/\",\"name\":\"Arsenal y Atl\u00e9tico empatan 1-1 en el partido de ida de las semifinales de Liga de Campeones - PotenciaRadiofonicaDominicana.com\",\"isPartOf\":{\"@id\":\"https:\/\/potenciaradiofonicadominicana.com\/portal\/#website\"},\"primaryImageOfPage\":{\"@id\":\"https:\/\/potenciaradiofonicadominicana.com\/portal\/arsenal-y-atletico-empatan-1-1-en-el-partido-de-ida-de-las-semifinales-de-liga-de-campeones\/#primaryimage\"},\"image\":{\"@id\":\"https:\/\/potenciaradiofonicadominicana.com\/portal\/arsenal-y-atletico-empatan-1-1-en-el-partido-de-ida-de-las-semifinales-de-liga-de-campeones\/#primaryimage\"},\"thumbnailUrl\":\"https:\/\/potenciaradiofonicadominicana.com\/portal\/wp-content\/uploads\/2026\/04\/9e46c5f1de95b4349f367ad791ba12b5d3650ad9miniw.jpg\",\"datePublished\":\"2026-04-30T02:48:46+00:00\",\"breadcrumb\":{\"@id\":\"https:\/\/potenciaradiofonicadominicana.com\/portal\/arsenal-y-atletico-empatan-1-1-en-el-partido-de-ida-de-las-semifinales-de-liga-de-campeones\/#breadcrumb\"},\"inLanguage\":\"es\",\"potentialAction\":[{\"@type\":\"ReadAction\",\"target\":[\"https:\/\/potenciaradiofonicadominicana.com\/portal\/arsenal-y-atletico-empatan-1-1-en-el-partido-de-ida-de-las-semifinales-de-liga-de-campeones\/\"]}]},{\"@type\":\"ImageObject\",\"inLanguage\":\"es\",\"@id\":\"https:\/\/potenciaradiofonicadominicana.com\/portal\/arsenal-y-atletico-empatan-1-1-en-el-partido-de-ida-de-las-semifinales-de-liga-de-campeones\/#primaryimage\",\"url\":\"https:\/\/potenciaradiofonicadominicana.com\/portal\/wp-content\/uploads\/2026\/04\/9e46c5f1de95b4349f367ad791ba12b5d3650ad9miniw.jpg\",\"contentUrl\":\"https:\/\/potenciaradiofonicadominicana.com\/portal\/wp-content\/uploads\/2026\/04\/9e46c5f1de95b4349f367ad791ba12b5d3650ad9miniw.jpg\",\"width\":900,\"height\":598,\"caption\":\"El delantero del Atl\u00e9tico de Madrid Juli\u00e1n \u00c1lvarez (c) celebra tras marcar el 1-1 durante el encuentro correspondiente a la ida de las semifinales de la Liga de Campeones que Atl\u00e9tico de Madrid y Arsenal disputaro en el estadio Metropolitano, en Madrid. EFE\/Juanjo Mart\u00edn\"},{\"@type\":\"BreadcrumbList\",\"@id\":\"https:\/\/potenciaradiofonicadominicana.com\/portal\/arsenal-y-atletico-empatan-1-1-en-el-partido-de-ida-de-las-semifinales-de-liga-de-campeones\/#breadcrumb\",\"itemListElement\":[{\"@type\":\"ListItem\",\"position\":1,\"name\":\"Portada\",\"item\":\"https:\/\/potenciaradiofonicadominicana.com\/portal\/\"},{\"@type\":\"ListItem\",\"position\":2,\"name\":\"Arsenal y Atl\u00e9tico empatan 1-1 en el partido de ida de las semifinales de Liga de Campeones\"}]},{\"@type\":\"WebSite\",\"@id\":\"https:\/\/potenciaradiofonicadominicana.com\/portal\/#website\",\"url\":\"https:\/\/potenciaradiofonicadominicana.com\/portal\/\",\"name\":\"PotenciaRadiofonicaDominicana.com\",\"description\":\"Peri\u00f3dico Digital\",\"publisher\":{\"@id\":\"https:\/\/potenciaradiofonicadominicana.com\/portal\/#organization\"},\"potentialAction\":[{\"@type\":\"SearchAction\",\"target\":{\"@type\":\"EntryPoint\",\"urlTemplate\":\"https:\/\/potenciaradiofonicadominicana.com\/portal\/?s={search_term_string}\"},\"query-input\":{\"@type\":\"PropertyValueSpecification\",\"valueRequired\":true,\"valueName\":\"search_term_string\"}}],\"inLanguage\":\"es\"},{\"@type\":\"Organization\",\"@id\":\"https:\/\/potenciaradiofonicadominicana.com\/portal\/#organization\",\"name\":\"PotenciaRadiofonicaDominicana.com\",\"url\":\"https:\/\/potenciaradiofonicadominicana.com\/portal\/\",\"logo\":{\"@type\":\"ImageObject\",\"inLanguage\":\"es\",\"@id\":\"https:\/\/potenciaradiofonicadominicana.com\/portal\/#\/schema\/logo\/image\/\",\"url\":\"https:\/\/potenciaradiofonicadominicana.com\/portal\/wp-content\/uploads\/2022\/01\/descarga.png\",\"contentUrl\":\"https:\/\/potenciaradiofonicadominicana.com\/portal\/wp-content\/uploads\/2022\/01\/descarga.png\",\"width\":300,\"height\":100,\"caption\":\"PotenciaRadiofonicaDominicana.com\"},\"image\":{\"@id\":\"https:\/\/potenciaradiofonicadominicana.com\/portal\/#\/schema\/logo\/image\/\"},\"sameAs\":[\"https:\/\/web.facebook.com\/PotenciaRadiofonicaD\"]},{\"@type\":\"Person\",\"@id\":\"https:\/\/potenciaradiofonicadominicana.com\/portal\/#\/schema\/person\/a5cf1fea13877803ee0573ac18b03490\",\"name\":\"Potencia Radiof\u00f3nica Dominicana\",\"image\":{\"@type\":\"ImageObject\",\"inLanguage\":\"es\",\"@id\":\"https:\/\/potenciaradiofonicadominicana.com\/portal\/#\/schema\/person\/image\/\",\"url\":\"https:\/\/secure.gravatar.com\/avatar\/42a55ab9e8ccc656ba34cd791990602a?s=96&d=mm&r=g\",\"contentUrl\":\"https:\/\/secure.gravatar.com\/avatar\/42a55ab9e8ccc656ba34cd791990602a?s=96&d=mm&r=g\",\"caption\":\"Potencia Radiof\u00f3nica Dominicana\"},\"url\":\"https:\/\/potenciaradiofonicadominicana.com\/portal\/author\/johannyalmanzar\/\"}]}<\/script>\n<!-- \/ Yoast SEO plugin. -->","yoast_head_json":{"title":"Arsenal y Atl\u00e9tico empatan 1-1 en el partido de ida de las semifinales de Liga de Campeones - PotenciaRadiofonicaDominicana.com","robots":{"index":"index","follow":"follow","max-snippet":"max-snippet:-1","max-image-preview":"max-image-preview:large","max-video-preview":"max-video-preview:-1"},"canonical":"https:\/\/potenciaradiofonicadominicana.com\/portal\/arsenal-y-atletico-empatan-1-1-en-el-partido-de-ida-de-las-semifinales-de-liga-de-campeones\/","og_locale":"es_ES","og_type":"article","og_title":"Arsenal y Atl\u00e9tico empatan 1-1 en el partido de ida de las semifinales de Liga de Campeones - PotenciaRadiofonicaDominicana.com","og_description":"&nbsp; El\u00a0Atl\u00e9tico de Madrid\u00a0y el\u00a0Arsenal\u00a0empataron 1-1 en el partido de ida de las semifinales de la\u00a0Liga de Campeones\u00a0el mi\u00e9rcoles. Fue ...","og_url":"https:\/\/potenciaradiofonicadominicana.com\/portal\/arsenal-y-atletico-empatan-1-1-en-el-partido-de-ida-de-las-semifinales-de-liga-de-campeones\/","og_site_name":"PotenciaRadiofonicaDominicana.com","article_publisher":"https:\/\/web.facebook.com\/PotenciaRadiofonicaD","article_published_time":"2026-04-30T02:48:46+00:00","og_image":[{"width":900,"height":598,"url":"https:\/\/potenciaradiofonicadominicana.com\/portal\/wp-content\/uploads\/2026\/04\/9e46c5f1de95b4349f367ad791ba12b5d3650ad9miniw.jpg","type":"image\/jpeg"}],"author":"Potencia Radiof\u00f3nica Dominicana","twitter_card":"summary_large_image","twitter_misc":{"Escrito por":"Potencia Radiof\u00f3nica Dominicana","Tiempo de lectura":"2 minutos"},"schema":{"@context":"https:\/\/schema.org","@graph":[{"@type":"Article","@id":"https:\/\/potenciaradiofonicadominicana.com\/portal\/arsenal-y-atletico-empatan-1-1-en-el-partido-de-ida-de-las-semifinales-de-liga-de-campeones\/#article","isPartOf":{"@id":"https:\/\/potenciaradiofonicadominicana.com\/portal\/arsenal-y-atletico-empatan-1-1-en-el-partido-de-ida-de-las-semifinales-de-liga-de-campeones\/"},"author":{"name":"Potencia Radiof\u00f3nica Dominicana","@id":"https:\/\/potenciaradiofonicadominicana.com\/portal\/#\/schema\/person\/a5cf1fea13877803ee0573ac18b03490"},"headline":"Arsenal y Atl\u00e9tico empatan 1-1 en el partido de ida de las semifinales de Liga de Campeones","datePublished":"2026-04-30T02:48:46+00:00","mainEntityOfPage":{"@id":"https:\/\/potenciaradiofonicadominicana.com\/portal\/arsenal-y-atletico-empatan-1-1-en-el-partido-de-ida-de-las-semifinales-de-liga-de-campeones\/"},"wordCount":239,"publisher":{"@id":"https:\/\/potenciaradiofonicadominicana.com\/portal\/#organization"},"image":{"@id":"https:\/\/potenciaradiofonicadominicana.com\/portal\/arsenal-y-atletico-empatan-1-1-en-el-partido-de-ida-de-las-semifinales-de-liga-de-campeones\/#primaryimage"},"thumbnailUrl":"https:\/\/potenciaradiofonicadominicana.com\/portal\/wp-content\/uploads\/2026\/04\/9e46c5f1de95b4349f367ad791ba12b5d3650ad9miniw.jpg","articleSection":["Deportes"],"inLanguage":"es"},{"@type":"WebPage","@id":"https:\/\/potenciaradiofonicadominicana.com\/portal\/arsenal-y-atletico-empatan-1-1-en-el-partido-de-ida-de-las-semifinales-de-liga-de-campeones\/","url":"https:\/\/potenciaradiofonicadominicana.com\/portal\/arsenal-y-atletico-empatan-1-1-en-el-partido-de-ida-de-las-semifinales-de-liga-de-campeones\/","name":"Arsenal y Atl\u00e9tico empatan 1-1 en el partido de ida de las semifinales de Liga de Campeones - PotenciaRadiofonicaDominicana.com","isPartOf":{"@id":"https:\/\/potenciaradiofonicadominicana.com\/portal\/#website"},"primaryImageOfPage":{"@id":"https:\/\/potenciaradiofonicadominicana.com\/portal\/arsenal-y-atletico-empatan-1-1-en-el-partido-de-ida-de-las-semifinales-de-liga-de-campeones\/#primaryimage"},"image":{"@id":"https:\/\/potenciaradiofonicadominicana.com\/portal\/arsenal-y-atletico-empatan-1-1-en-el-partido-de-ida-de-las-semifinales-de-liga-de-campeones\/#primaryimage"},"thumbnailUrl":"https:\/\/potenciaradiofonicadominicana.com\/portal\/wp-content\/uploads\/2026\/04\/9e46c5f1de95b4349f367ad791ba12b5d3650ad9miniw.jpg","datePublished":"2026-04-30T02:48:46+00:00","breadcrumb":{"@id":"https:\/\/potenciaradiofonicadominicana.com\/portal\/arsenal-y-atletico-empatan-1-1-en-el-partido-de-ida-de-las-semifinales-de-liga-de-campeones\/#breadcrumb"},"inLanguage":"es","potentialAction":[{"@type":"ReadAction","target":["https:\/\/potenciaradiofonicadominicana.com\/portal\/arsenal-y-atletico-empatan-1-1-en-el-partido-de-ida-de-las-semifinales-de-liga-de-campeones\/"]}]},{"@type":"ImageObject","inLanguage":"es","@id":"https:\/\/potenciaradiofonicadominicana.com\/portal\/arsenal-y-atletico-empatan-1-1-en-el-partido-de-ida-de-las-semifinales-de-liga-de-campeones\/#primaryimage","url":"https:\/\/potenciaradiofonicadominicana.com\/portal\/wp-content\/uploads\/2026\/04\/9e46c5f1de95b4349f367ad791ba12b5d3650ad9miniw.jpg","contentUrl":"https:\/\/potenciaradiofonicadominicana.com\/portal\/wp-content\/uploads\/2026\/04\/9e46c5f1de95b4349f367ad791ba12b5d3650ad9miniw.jpg","width":900,"height":598,"caption":"El delantero del Atl\u00e9tico de Madrid Juli\u00e1n \u00c1lvarez (c) celebra tras marcar el 1-1 durante el encuentro correspondiente a la ida de las semifinales de la Liga de Campeones que Atl\u00e9tico de Madrid y Arsenal disputaro en el estadio Metropolitano, en Madrid. EFE\/Juanjo Mart\u00edn"},{"@type":"BreadcrumbList","@id":"https:\/\/potenciaradiofonicadominicana.com\/portal\/arsenal-y-atletico-empatan-1-1-en-el-partido-de-ida-de-las-semifinales-de-liga-de-campeones\/#breadcrumb","itemListElement":[{"@type":"ListItem","position":1,"name":"Portada","item":"https:\/\/potenciaradiofonicadominicana.com\/portal\/"},{"@type":"ListItem","position":2,"name":"Arsenal y Atl\u00e9tico empatan 1-1 en el partido de ida de las semifinales de Liga de Campeones"}]},{"@type":"WebSite","@id":"https:\/\/potenciaradiofonicadominicana.com\/portal\/#website","url":"https:\/\/potenciaradiofonicadominicana.com\/portal\/","name":"PotenciaRadiofonicaDominicana.com","description":"Peri\u00f3dico Digital","publisher":{"@id":"https:\/\/potenciaradiofonicadominicana.com\/portal\/#organization"},"potentialAction":[{"@type":"SearchAction","target":{"@type":"EntryPoint","urlTemplate":"https:\/\/potenciaradiofonicadominicana.com\/portal\/?s={search_term_string}"},"query-input":{"@type":"PropertyValueSpecification","valueRequired":true,"valueName":"search_term_string"}}],"inLanguage":"es"},{"@type":"Organization","@id":"https:\/\/potenciaradiofonicadominicana.com\/portal\/#organization","name":"PotenciaRadiofonicaDominicana.com","url":"https:\/\/potenciaradiofonicadominicana.com\/portal\/","logo":{"@type":"ImageObject","inLanguage":"es","@id":"https:\/\/potenciaradiofonicadominicana.com\/portal\/#\/schema\/logo\/image\/","url":"https:\/\/potenciaradiofonicadominicana.com\/portal\/wp-content\/uploads\/2022\/01\/descarga.png","contentUrl":"https:\/\/potenciaradiofonicadominicana.com\/portal\/wp-content\/uploads\/2022\/01\/descarga.png","width":300,"height":100,"caption":"PotenciaRadiofonicaDominicana.com"},"image":{"@id":"https:\/\/potenciaradiofonicadominicana.com\/portal\/#\/schema\/logo\/image\/"},"sameAs":["https:\/\/web.facebook.com\/PotenciaRadiofonicaD"]},{"@type":"Person","@id":"https:\/\/potenciaradiofonicadominicana.com\/portal\/#\/schema\/person\/a5cf1fea13877803ee0573ac18b03490","name":"Potencia Radiof\u00f3nica Dominicana","image":{"@type":"ImageObject","inLanguage":"es","@id":"https:\/\/potenciaradiofonicadominicana.com\/portal\/#\/schema\/person\/image\/","url":"https:\/\/secure.gravatar.com\/avatar\/42a55ab9e8ccc656ba34cd791990602a?s=96&d=mm&r=g","contentUrl":"https:\/\/secure.gravatar.com\/avatar\/42a55ab9e8ccc656ba34cd791990602a?s=96&d=mm&r=g","caption":"Potencia Radiof\u00f3nica Dominicana"},"url":"https:\/\/potenciaradiofonicadominicana.com\/portal\/author\/johannyalmanzar\/"}]}},"_links":{"self":[{"href":"https:\/\/potenciaradiofonicadominicana.com\/portal\/wp-json\/wp\/v2\/posts\/216154","targetHints":{"allow":["GET"]}}],"collection":[{"href":"https:\/\/potenciaradiofonicadominicana.com\/portal\/wp-json\/wp\/v2\/posts"}],"about":[{"href":"https:\/\/potenciaradiofonicadominicana.com\/portal\/wp-json\/wp\/v2\/types\/post"}],"author":[{"embeddable":true,"href":"https:\/\/potenciaradiofonicadominicana.com\/portal\/wp-json\/wp\/v2\/users\/2"}],"replies":[{"embeddable":true,"href":"https:\/\/potenciaradiofonicadominicana.com\/portal\/wp-json\/wp\/v2\/comments?post=216154"}],"version-history":[{"count":1,"href":"https:\/\/potenciaradiofonicadominicana.com\/portal\/wp-json\/wp\/v2\/posts\/216154\/revisions"}],"predecessor-version":[{"id":216159,"href":"https:\/\/potenciaradiofonicadominicana.com\/portal\/wp-json\/wp\/v2\/posts\/216154\/revisions\/216159"}],"wp:featuredmedia":[{"embeddable":true,"href":"https:\/\/potenciaradiofonicadominicana.com\/portal\/wp-json\/wp\/v2\/media\/216158"}],"wp:attachment":[{"href":"https:\/\/potenciaradiofonicadominicana.com\/portal\/wp-json\/wp\/v2\/media?parent=216154"}],"wp:term":[{"taxonomy":"category","embeddable":true,"href":"https:\/\/potenciaradiofonicadominicana.com\/portal\/wp-json\/wp\/v2\/categories?post=216154"},{"taxonomy":"post_tag","embeddable":true,"href":"https:\/\/potenciaradiofonicadominicana.com\/portal\/wp-json\/wp\/v2\/tags?post=216154"}],"curies":[{"name":"wp","href":"https:\/\/api.w.org\/{rel}","templated":true}]}}