{"id":216150,"date":"2026-04-29T22:45:58","date_gmt":"2026-04-30T02:45:58","guid":{"rendered":"https:\/\/potenciaradiofonicadominicana.com\/portal\/?p=216150"},"modified":"2026-04-29T22:45:58","modified_gmt":"2026-04-30T02:45:58","slug":"seis-paises-competiran-en-torneo-de-pesca-al-marlin-blanco","status":"publish","type":"post","link":"https:\/\/potenciaradiofonicadominicana.com\/portal\/seis-paises-competiran-en-torneo-de-pesca-al-marlin-blanco\/","title":{"rendered":"Seis pa\u00edses competir\u00e1n en Torneo de Pesca al Marlin Blanco"},"content":{"rendered":"<p><a href=\"https:\/\/potenciaradiofonicadominicana.com\/portal\/wp-content\/uploads\/2026\/04\/1.-De-izquierda-a-derecha-John-Adams-director-Jorge-Leroux-Matos-comodoro-y-Danny-Medina-miembro-del-Comite-de-Pesca.jpeg\"><img loading=\"lazy\" decoding=\"async\" class=\"alignnone size-full wp-image-216151\" src=\"https:\/\/potenciaradiofonicadominicana.com\/portal\/wp-content\/uploads\/2026\/04\/1.-De-izquierda-a-derecha-John-Adams-director-Jorge-Leroux-Matos-comodoro-y-Danny-Medina-miembro-del-Comite-de-Pesca.jpeg\" alt=\"\" width=\"1920\" height=\"1280\" srcset=\"https:\/\/potenciaradiofonicadominicana.com\/portal\/wp-content\/uploads\/2026\/04\/1.-De-izquierda-a-derecha-John-Adams-director-Jorge-Leroux-Matos-comodoro-y-Danny-Medina-miembro-del-Comite-de-Pesca.jpeg 1920w, https:\/\/potenciaradiofonicadominicana.com\/portal\/wp-content\/uploads\/2026\/04\/1.-De-izquierda-a-derecha-John-Adams-director-Jorge-Leroux-Matos-comodoro-y-Danny-Medina-miembro-del-Comite-de-Pesca-300x200.jpeg 300w, https:\/\/potenciaradiofonicadominicana.com\/portal\/wp-content\/uploads\/2026\/04\/1.-De-izquierda-a-derecha-John-Adams-director-Jorge-Leroux-Matos-comodoro-y-Danny-Medina-miembro-del-Comite-de-Pesca-1024x683.jpeg 1024w, https:\/\/potenciaradiofonicadominicana.com\/portal\/wp-content\/uploads\/2026\/04\/1.-De-izquierda-a-derecha-John-Adams-director-Jorge-Leroux-Matos-comodoro-y-Danny-Medina-miembro-del-Comite-de-Pesca-768x512.jpeg 768w, https:\/\/potenciaradiofonicadominicana.com\/portal\/wp-content\/uploads\/2026\/04\/1.-De-izquierda-a-derecha-John-Adams-director-Jorge-Leroux-Matos-comodoro-y-Danny-Medina-miembro-del-Comite-de-Pesca-1536x1024.jpeg 1536w\" sizes=\"auto, (max-width: 1920px) 100vw, 1920px\" \/><\/a><\/p>\n<p>Lanchas y pescadores de seis pa\u00edses se har\u00e1n a la mar desde el jueves 14 de mayo partiendo de la ensenada de Cabeza de Toro y la Marina Cap Cana, para la sexag\u00e9sima edici\u00f3n del Torneo Internacional de Pesca al Marlin Blanco organizado por el Club N\u00e1utico de Santo Domingo con especial dedicatoria al socio Luis Viyella Caolo.<\/p>\n<p><strong>Los detalles de la justa fueron ofrecidos este martes en rueda de prensa celebrada en el Restaurant Odette, a la que asistieron socios, amigos y relacionados. El director del certamen, John Adams y Danny Medina, miembro del Comit\u00e9 de Pesca, resaltaron que el cl\u00e1sico marino ser\u00e1 especialmente para la liberaci\u00f3n del Marlin Blanco, pero tambi\u00e9n ser\u00e1n premiadas las especies azul, vela y spearfish.<\/strong><\/p>\n<div class=\"banner-contenido\">\n<div class=\"panorama_ads\">\n<div id=\"gpt-ad-5171535524668-panorama\" class=\"\" data-google-query-id=\"CN_9pPjGlJQDFTrY0gQdw6EKzQ\">\n<div id=\"google_ads_iframe_\/23079448330\/panorama_300x250_inread_0__container__\"><\/div>\n<\/div>\n<\/div>\n<\/div>\n<div class=\"wp-block-image\">\n<figure class=\"alignleft size-large is-resized\"><img loading=\"lazy\" decoding=\"async\" class=\"wp-image-1296506\" src=\"https:\/\/panorama.com.do\/wp-content\/uploads\/2026\/04\/2.-El-director-John-Adams-y-Danny-Medina-miembro-del-Comite-de-Pesca-al-momento-de-ofrecer-detalles-de-la-justa-1024x683.jpeg\" sizes=\"auto, (max-width: 1024px) 100vw, 1024px\" srcset=\"https:\/\/panorama.com.do\/wp-content\/uploads\/2026\/04\/2.-El-director-John-Adams-y-Danny-Medina-miembro-del-Comite-de-Pesca-al-momento-de-ofrecer-detalles-de-la-justa-1024x683.jpeg 1024w, https:\/\/panorama.com.do\/wp-content\/uploads\/2026\/04\/2.-El-director-John-Adams-y-Danny-Medina-miembro-del-Comite-de-Pesca-al-momento-de-ofrecer-detalles-de-la-justa-300x200.jpeg 300w, https:\/\/panorama.com.do\/wp-content\/uploads\/2026\/04\/2.-El-director-John-Adams-y-Danny-Medina-miembro-del-Comite-de-Pesca-al-momento-de-ofrecer-detalles-de-la-justa-768x512.jpeg 768w, https:\/\/panorama.com.do\/wp-content\/uploads\/2026\/04\/2.-El-director-John-Adams-y-Danny-Medina-miembro-del-Comite-de-Pesca-al-momento-de-ofrecer-detalles-de-la-justa-1536x1024.jpeg 1536w, https:\/\/panorama.com.do\/wp-content\/uploads\/2026\/04\/2.-El-director-John-Adams-y-Danny-Medina-miembro-del-Comite-de-Pesca-al-momento-de-ofrecer-detalles-de-la-justa.jpeg 1920w\" alt=\"El director John Adams y Danny Medina, miembro del Comit\u00e9 de Pesca, al momento de ofrecer detalles de la justa.\" width=\"1024\" height=\"683\" \/><figcaption class=\"wp-element-caption\"><strong><em>El director John Adams y Danny Medina, miembro del Comit\u00e9 de Pesca, al momento de ofrecer detalles de la justa.<\/em><\/strong><\/figcaption><\/figure>\n<\/div>\n<p>Para el mi\u00e9rcoles 13 est\u00e1 programada la ceremonia oficial de apertura, mientras que las lanchas participantes ir\u00e1n tras las especies desde el jueves 14 hasta el s\u00e1bado 16, tercera y \u00faltima fecha de hostilidades.<\/p>\n<p><strong>Durante el encuentro con los medios el comodoro Jorge Leroux Matos dio la bienvenida y present\u00f3 la dedicatoria resaltando los aportes de Luis Viyella a lo largo de todos los a\u00f1os militando en el club.<\/strong><\/p>\n<p>\u201cGracias a todos por acompa\u00f1arnos, gracias a los patrocinadores y muchas gracias a Luis por permitirnos dedicar esta importante edici\u00f3n a su persona. Sus aportes hacia nuestro club le hacen merecedor de toda distinci\u00f3n\u201d, resalt\u00f3 Leroux Matos.<\/p>\n<div class=\"wp-block-image\">\n<figure class=\"alignleft size-large is-resized\"><img loading=\"lazy\" decoding=\"async\" class=\"wp-image-1296505\" src=\"https:\/\/panorama.com.do\/wp-content\/uploads\/2026\/04\/3.-El-comodoro-Jorge-Leroux-Matos-dio-la-bienvenida-a-los-presentes-1024x683.jpeg\" sizes=\"auto, (max-width: 1024px) 100vw, 1024px\" srcset=\"https:\/\/panorama.com.do\/wp-content\/uploads\/2026\/04\/3.-El-comodoro-Jorge-Leroux-Matos-dio-la-bienvenida-a-los-presentes-1024x683.jpeg 1024w, https:\/\/panorama.com.do\/wp-content\/uploads\/2026\/04\/3.-El-comodoro-Jorge-Leroux-Matos-dio-la-bienvenida-a-los-presentes-300x200.jpeg 300w, https:\/\/panorama.com.do\/wp-content\/uploads\/2026\/04\/3.-El-comodoro-Jorge-Leroux-Matos-dio-la-bienvenida-a-los-presentes-768x512.jpeg 768w, https:\/\/panorama.com.do\/wp-content\/uploads\/2026\/04\/3.-El-comodoro-Jorge-Leroux-Matos-dio-la-bienvenida-a-los-presentes-1536x1024.jpeg 1536w, https:\/\/panorama.com.do\/wp-content\/uploads\/2026\/04\/3.-El-comodoro-Jorge-Leroux-Matos-dio-la-bienvenida-a-los-presentes.jpeg 1920w\" alt=\"El comodoro Jorge Leroux Matos dio la bienvenida a los presentes.\" width=\"1024\" height=\"683\" \/><figcaption class=\"wp-element-caption\"><strong><em>El comodoro Jorge Leroux Matos dio la bienvenida a los presentes.<\/em><\/strong><\/figcaption><\/figure>\n<\/div>\n<p><strong>Adams y Medina indicaron que el ganador del torneo ser\u00e1 el equipo de mayor puntuaci\u00f3n. Expresaron que adem\u00e1s de los equipos ser\u00e1n premiadas las lanchas, pescadores individuales, dama destacada y juvenil con m\u00e1s liberaciones.<\/strong><\/p>\n<p>\u201cEsta importante edici\u00f3n tendr\u00e1 la participaci\u00f3n de unas 25 lanchas y alrededor de 100 pescadores provenientes de Puerto Rico, Venezuela, Estados Unidos, Islas V\u00edrgenes, Italia y el anfitri\u00f3n Rep\u00fablica Dominicana. Esas embarcaciones se dividen en Categor\u00eda A (Sonar), con sistema para detectar bancos de peces, y categor\u00eda Club (Sin Sonar), aquellas que no podr\u00e1n pescar los marinos, capitanes, pescadores profesionales o personas remuneradas por practicar este deporte\u201d, enfatizaron.<\/p>\n<p><strong>Cada aguja blanca reglamentariamente liberada recibir\u00e1 300 puntos para el equipo, pescador y lancha. Lo mismo para el Marlin Azul. A las especies Vela y Spearsfish se otorgar\u00e1n 200 y 100 puntos, respectivamente. Los pescadores tendr\u00e1n 30 minutos desde el momento que reportan sus tiradas hasta la liberaci\u00f3n de las especies de pico antes se\u00f1aladas.<\/strong><\/p>\n<p>La actividad cuenta con el patrocinio de Mitur, Autohaus, Imca, Cordex, Banco Popular, Hardom, KG Constructora, JM Store, Talleres Adams, ET Heinsen, San Juan Lakes, Grupo Cometa, Pelagic, Bravada, Pescader\u00eda Bonilla, SH Group, Natura Cigars y Marea Marine.<\/p>\n<p><strong>De igual modo, con la colaboraci\u00f3n de United Petroleum, Brugal, Cerveza Canita, Ron Punta Cana, Foodhall, JP Chenet, Marine Trophies, Automarina, Importadora de Sol, Lincoln Road, Hielo Alaska, Umbrella, Magnachem, Laboratorio Rivas, Suplidora de carnes AYB y Consorcio Gastron\u00f3mico.<\/strong><\/p>\n","protected":false},"excerpt":{"rendered":"<p>Lanchas y pescadores de seis pa\u00edses se har\u00e1n a la mar desde el jueves 14 de mayo partiendo de la &#8230;<\/p>\n","protected":false},"author":2,"featured_media":216151,"comment_status":"closed","ping_status":"closed","sticky":false,"template":"","format":"standard","meta":{"footnotes":""},"categories":[28],"tags":[],"class_list":["post-216150","post","type-post","status-publish","format-standard","has-post-thumbnail","hentry","category-deportes"],"yoast_head":"<!-- This site is optimized with the Yoast SEO plugin v24.8.1 - https:\/\/yoast.com\/wordpress\/plugins\/seo\/ -->\n<title>Seis pa\u00edses competir\u00e1n en Torneo de Pesca al Marlin Blanco - PotenciaRadiofonicaDominicana.com<\/title>\n<meta name=\"robots\" content=\"index, follow, max-snippet:-1, max-image-preview:large, max-video-preview:-1\" \/>\n<link rel=\"canonical\" href=\"https:\/\/potenciaradiofonicadominicana.com\/portal\/seis-paises-competiran-en-torneo-de-pesca-al-marlin-blanco\/\" \/>\n<meta property=\"og:locale\" content=\"es_ES\" \/>\n<meta property=\"og:type\" content=\"article\" \/>\n<meta property=\"og:title\" content=\"Seis pa\u00edses competir\u00e1n en Torneo de Pesca al Marlin Blanco - PotenciaRadiofonicaDominicana.com\" \/>\n<meta property=\"og:description\" content=\"Lanchas y pescadores de seis pa\u00edses se har\u00e1n a la mar desde el jueves 14 de mayo partiendo de la ...\" \/>\n<meta property=\"og:url\" content=\"https:\/\/potenciaradiofonicadominicana.com\/portal\/seis-paises-competiran-en-torneo-de-pesca-al-marlin-blanco\/\" \/>\n<meta property=\"og:site_name\" content=\"PotenciaRadiofonicaDominicana.com\" \/>\n<meta property=\"article:publisher\" content=\"https:\/\/web.facebook.com\/PotenciaRadiofonicaD\" \/>\n<meta property=\"article:published_time\" content=\"2026-04-30T02:45:58+00:00\" \/>\n<meta property=\"og:image\" content=\"https:\/\/potenciaradiofonicadominicana.com\/portal\/wp-content\/uploads\/2026\/04\/1.-De-izquierda-a-derecha-John-Adams-director-Jorge-Leroux-Matos-comodoro-y-Danny-Medina-miembro-del-Comite-de-Pesca.jpeg\" \/>\n\t<meta property=\"og:image:width\" content=\"1920\" \/>\n\t<meta property=\"og:image:height\" content=\"1280\" \/>\n\t<meta property=\"og:image:type\" content=\"image\/jpeg\" \/>\n<meta name=\"author\" content=\"Potencia Radiof\u00f3nica Dominicana\" \/>\n<meta name=\"twitter:card\" content=\"summary_large_image\" \/>\n<meta name=\"twitter:label1\" content=\"Escrito por\" \/>\n\t<meta name=\"twitter:data1\" content=\"Potencia Radiof\u00f3nica Dominicana\" \/>\n\t<meta name=\"twitter:label2\" content=\"Tiempo de lectura\" \/>\n\t<meta name=\"twitter:data2\" content=\"4 minutos\" \/>\n<script type=\"application\/ld+json\" class=\"yoast-schema-graph\">{\"@context\":\"https:\/\/schema.org\",\"@graph\":[{\"@type\":\"Article\",\"@id\":\"https:\/\/potenciaradiofonicadominicana.com\/portal\/seis-paises-competiran-en-torneo-de-pesca-al-marlin-blanco\/#article\",\"isPartOf\":{\"@id\":\"https:\/\/potenciaradiofonicadominicana.com\/portal\/seis-paises-competiran-en-torneo-de-pesca-al-marlin-blanco\/\"},\"author\":{\"name\":\"Potencia Radiof\u00f3nica Dominicana\",\"@id\":\"https:\/\/potenciaradiofonicadominicana.com\/portal\/#\/schema\/person\/a5cf1fea13877803ee0573ac18b03490\"},\"headline\":\"Seis pa\u00edses competir\u00e1n en Torneo de Pesca al Marlin Blanco\",\"datePublished\":\"2026-04-30T02:45:58+00:00\",\"mainEntityOfPage\":{\"@id\":\"https:\/\/potenciaradiofonicadominicana.com\/portal\/seis-paises-competiran-en-torneo-de-pesca-al-marlin-blanco\/\"},\"wordCount\":529,\"publisher\":{\"@id\":\"https:\/\/potenciaradiofonicadominicana.com\/portal\/#organization\"},\"image\":{\"@id\":\"https:\/\/potenciaradiofonicadominicana.com\/portal\/seis-paises-competiran-en-torneo-de-pesca-al-marlin-blanco\/#primaryimage\"},\"thumbnailUrl\":\"https:\/\/potenciaradiofonicadominicana.com\/portal\/wp-content\/uploads\/2026\/04\/1.-De-izquierda-a-derecha-John-Adams-director-Jorge-Leroux-Matos-comodoro-y-Danny-Medina-miembro-del-Comite-de-Pesca.jpeg\",\"articleSection\":[\"Deportes\"],\"inLanguage\":\"es\"},{\"@type\":\"WebPage\",\"@id\":\"https:\/\/potenciaradiofonicadominicana.com\/portal\/seis-paises-competiran-en-torneo-de-pesca-al-marlin-blanco\/\",\"url\":\"https:\/\/potenciaradiofonicadominicana.com\/portal\/seis-paises-competiran-en-torneo-de-pesca-al-marlin-blanco\/\",\"name\":\"Seis pa\u00edses competir\u00e1n en Torneo de Pesca al Marlin Blanco - PotenciaRadiofonicaDominicana.com\",\"isPartOf\":{\"@id\":\"https:\/\/potenciaradiofonicadominicana.com\/portal\/#website\"},\"primaryImageOfPage\":{\"@id\":\"https:\/\/potenciaradiofonicadominicana.com\/portal\/seis-paises-competiran-en-torneo-de-pesca-al-marlin-blanco\/#primaryimage\"},\"image\":{\"@id\":\"https:\/\/potenciaradiofonicadominicana.com\/portal\/seis-paises-competiran-en-torneo-de-pesca-al-marlin-blanco\/#primaryimage\"},\"thumbnailUrl\":\"https:\/\/potenciaradiofonicadominicana.com\/portal\/wp-content\/uploads\/2026\/04\/1.-De-izquierda-a-derecha-John-Adams-director-Jorge-Leroux-Matos-comodoro-y-Danny-Medina-miembro-del-Comite-de-Pesca.jpeg\",\"datePublished\":\"2026-04-30T02:45:58+00:00\",\"breadcrumb\":{\"@id\":\"https:\/\/potenciaradiofonicadominicana.com\/portal\/seis-paises-competiran-en-torneo-de-pesca-al-marlin-blanco\/#breadcrumb\"},\"inLanguage\":\"es\",\"potentialAction\":[{\"@type\":\"ReadAction\",\"target\":[\"https:\/\/potenciaradiofonicadominicana.com\/portal\/seis-paises-competiran-en-torneo-de-pesca-al-marlin-blanco\/\"]}]},{\"@type\":\"ImageObject\",\"inLanguage\":\"es\",\"@id\":\"https:\/\/potenciaradiofonicadominicana.com\/portal\/seis-paises-competiran-en-torneo-de-pesca-al-marlin-blanco\/#primaryimage\",\"url\":\"https:\/\/potenciaradiofonicadominicana.com\/portal\/wp-content\/uploads\/2026\/04\/1.-De-izquierda-a-derecha-John-Adams-director-Jorge-Leroux-Matos-comodoro-y-Danny-Medina-miembro-del-Comite-de-Pesca.jpeg\",\"contentUrl\":\"https:\/\/potenciaradiofonicadominicana.com\/portal\/wp-content\/uploads\/2026\/04\/1.-De-izquierda-a-derecha-John-Adams-director-Jorge-Leroux-Matos-comodoro-y-Danny-Medina-miembro-del-Comite-de-Pesca.jpeg\",\"width\":1920,\"height\":1280},{\"@type\":\"BreadcrumbList\",\"@id\":\"https:\/\/potenciaradiofonicadominicana.com\/portal\/seis-paises-competiran-en-torneo-de-pesca-al-marlin-blanco\/#breadcrumb\",\"itemListElement\":[{\"@type\":\"ListItem\",\"position\":1,\"name\":\"Portada\",\"item\":\"https:\/\/potenciaradiofonicadominicana.com\/portal\/\"},{\"@type\":\"ListItem\",\"position\":2,\"name\":\"Seis pa\u00edses competir\u00e1n en Torneo de Pesca al Marlin Blanco\"}]},{\"@type\":\"WebSite\",\"@id\":\"https:\/\/potenciaradiofonicadominicana.com\/portal\/#website\",\"url\":\"https:\/\/potenciaradiofonicadominicana.com\/portal\/\",\"name\":\"PotenciaRadiofonicaDominicana.com\",\"description\":\"Peri\u00f3dico Digital\",\"publisher\":{\"@id\":\"https:\/\/potenciaradiofonicadominicana.com\/portal\/#organization\"},\"potentialAction\":[{\"@type\":\"SearchAction\",\"target\":{\"@type\":\"EntryPoint\",\"urlTemplate\":\"https:\/\/potenciaradiofonicadominicana.com\/portal\/?s={search_term_string}\"},\"query-input\":{\"@type\":\"PropertyValueSpecification\",\"valueRequired\":true,\"valueName\":\"search_term_string\"}}],\"inLanguage\":\"es\"},{\"@type\":\"Organization\",\"@id\":\"https:\/\/potenciaradiofonicadominicana.com\/portal\/#organization\",\"name\":\"PotenciaRadiofonicaDominicana.com\",\"url\":\"https:\/\/potenciaradiofonicadominicana.com\/portal\/\",\"logo\":{\"@type\":\"ImageObject\",\"inLanguage\":\"es\",\"@id\":\"https:\/\/potenciaradiofonicadominicana.com\/portal\/#\/schema\/logo\/image\/\",\"url\":\"https:\/\/potenciaradiofonicadominicana.com\/portal\/wp-content\/uploads\/2022\/01\/descarga.png\",\"contentUrl\":\"https:\/\/potenciaradiofonicadominicana.com\/portal\/wp-content\/uploads\/2022\/01\/descarga.png\",\"width\":300,\"height\":100,\"caption\":\"PotenciaRadiofonicaDominicana.com\"},\"image\":{\"@id\":\"https:\/\/potenciaradiofonicadominicana.com\/portal\/#\/schema\/logo\/image\/\"},\"sameAs\":[\"https:\/\/web.facebook.com\/PotenciaRadiofonicaD\"]},{\"@type\":\"Person\",\"@id\":\"https:\/\/potenciaradiofonicadominicana.com\/portal\/#\/schema\/person\/a5cf1fea13877803ee0573ac18b03490\",\"name\":\"Potencia Radiof\u00f3nica Dominicana\",\"image\":{\"@type\":\"ImageObject\",\"inLanguage\":\"es\",\"@id\":\"https:\/\/potenciaradiofonicadominicana.com\/portal\/#\/schema\/person\/image\/\",\"url\":\"https:\/\/secure.gravatar.com\/avatar\/42a55ab9e8ccc656ba34cd791990602a?s=96&d=mm&r=g\",\"contentUrl\":\"https:\/\/secure.gravatar.com\/avatar\/42a55ab9e8ccc656ba34cd791990602a?s=96&d=mm&r=g\",\"caption\":\"Potencia Radiof\u00f3nica Dominicana\"},\"url\":\"https:\/\/potenciaradiofonicadominicana.com\/portal\/author\/johannyalmanzar\/\"}]}<\/script>\n<!-- \/ Yoast SEO plugin. -->","yoast_head_json":{"title":"Seis pa\u00edses competir\u00e1n en Torneo de Pesca al Marlin Blanco - PotenciaRadiofonicaDominicana.com","robots":{"index":"index","follow":"follow","max-snippet":"max-snippet:-1","max-image-preview":"max-image-preview:large","max-video-preview":"max-video-preview:-1"},"canonical":"https:\/\/potenciaradiofonicadominicana.com\/portal\/seis-paises-competiran-en-torneo-de-pesca-al-marlin-blanco\/","og_locale":"es_ES","og_type":"article","og_title":"Seis pa\u00edses competir\u00e1n en Torneo de Pesca al Marlin Blanco - PotenciaRadiofonicaDominicana.com","og_description":"Lanchas y pescadores de seis pa\u00edses se har\u00e1n a la mar desde el jueves 14 de mayo partiendo de la ...","og_url":"https:\/\/potenciaradiofonicadominicana.com\/portal\/seis-paises-competiran-en-torneo-de-pesca-al-marlin-blanco\/","og_site_name":"PotenciaRadiofonicaDominicana.com","article_publisher":"https:\/\/web.facebook.com\/PotenciaRadiofonicaD","article_published_time":"2026-04-30T02:45:58+00:00","og_image":[{"width":1920,"height":1280,"url":"https:\/\/potenciaradiofonicadominicana.com\/portal\/wp-content\/uploads\/2026\/04\/1.-De-izquierda-a-derecha-John-Adams-director-Jorge-Leroux-Matos-comodoro-y-Danny-Medina-miembro-del-Comite-de-Pesca.jpeg","type":"image\/jpeg"}],"author":"Potencia Radiof\u00f3nica Dominicana","twitter_card":"summary_large_image","twitter_misc":{"Escrito por":"Potencia Radiof\u00f3nica Dominicana","Tiempo de lectura":"4 minutos"},"schema":{"@context":"https:\/\/schema.org","@graph":[{"@type":"Article","@id":"https:\/\/potenciaradiofonicadominicana.com\/portal\/seis-paises-competiran-en-torneo-de-pesca-al-marlin-blanco\/#article","isPartOf":{"@id":"https:\/\/potenciaradiofonicadominicana.com\/portal\/seis-paises-competiran-en-torneo-de-pesca-al-marlin-blanco\/"},"author":{"name":"Potencia Radiof\u00f3nica Dominicana","@id":"https:\/\/potenciaradiofonicadominicana.com\/portal\/#\/schema\/person\/a5cf1fea13877803ee0573ac18b03490"},"headline":"Seis pa\u00edses competir\u00e1n en Torneo de Pesca al Marlin Blanco","datePublished":"2026-04-30T02:45:58+00:00","mainEntityOfPage":{"@id":"https:\/\/potenciaradiofonicadominicana.com\/portal\/seis-paises-competiran-en-torneo-de-pesca-al-marlin-blanco\/"},"wordCount":529,"publisher":{"@id":"https:\/\/potenciaradiofonicadominicana.com\/portal\/#organization"},"image":{"@id":"https:\/\/potenciaradiofonicadominicana.com\/portal\/seis-paises-competiran-en-torneo-de-pesca-al-marlin-blanco\/#primaryimage"},"thumbnailUrl":"https:\/\/potenciaradiofonicadominicana.com\/portal\/wp-content\/uploads\/2026\/04\/1.-De-izquierda-a-derecha-John-Adams-director-Jorge-Leroux-Matos-comodoro-y-Danny-Medina-miembro-del-Comite-de-Pesca.jpeg","articleSection":["Deportes"],"inLanguage":"es"},{"@type":"WebPage","@id":"https:\/\/potenciaradiofonicadominicana.com\/portal\/seis-paises-competiran-en-torneo-de-pesca-al-marlin-blanco\/","url":"https:\/\/potenciaradiofonicadominicana.com\/portal\/seis-paises-competiran-en-torneo-de-pesca-al-marlin-blanco\/","name":"Seis pa\u00edses competir\u00e1n en Torneo de Pesca al Marlin Blanco - PotenciaRadiofonicaDominicana.com","isPartOf":{"@id":"https:\/\/potenciaradiofonicadominicana.com\/portal\/#website"},"primaryImageOfPage":{"@id":"https:\/\/potenciaradiofonicadominicana.com\/portal\/seis-paises-competiran-en-torneo-de-pesca-al-marlin-blanco\/#primaryimage"},"image":{"@id":"https:\/\/potenciaradiofonicadominicana.com\/portal\/seis-paises-competiran-en-torneo-de-pesca-al-marlin-blanco\/#primaryimage"},"thumbnailUrl":"https:\/\/potenciaradiofonicadominicana.com\/portal\/wp-content\/uploads\/2026\/04\/1.-De-izquierda-a-derecha-John-Adams-director-Jorge-Leroux-Matos-comodoro-y-Danny-Medina-miembro-del-Comite-de-Pesca.jpeg","datePublished":"2026-04-30T02:45:58+00:00","breadcrumb":{"@id":"https:\/\/potenciaradiofonicadominicana.com\/portal\/seis-paises-competiran-en-torneo-de-pesca-al-marlin-blanco\/#breadcrumb"},"inLanguage":"es","potentialAction":[{"@type":"ReadAction","target":["https:\/\/potenciaradiofonicadominicana.com\/portal\/seis-paises-competiran-en-torneo-de-pesca-al-marlin-blanco\/"]}]},{"@type":"ImageObject","inLanguage":"es","@id":"https:\/\/potenciaradiofonicadominicana.com\/portal\/seis-paises-competiran-en-torneo-de-pesca-al-marlin-blanco\/#primaryimage","url":"https:\/\/potenciaradiofonicadominicana.com\/portal\/wp-content\/uploads\/2026\/04\/1.-De-izquierda-a-derecha-John-Adams-director-Jorge-Leroux-Matos-comodoro-y-Danny-Medina-miembro-del-Comite-de-Pesca.jpeg","contentUrl":"https:\/\/potenciaradiofonicadominicana.com\/portal\/wp-content\/uploads\/2026\/04\/1.-De-izquierda-a-derecha-John-Adams-director-Jorge-Leroux-Matos-comodoro-y-Danny-Medina-miembro-del-Comite-de-Pesca.jpeg","width":1920,"height":1280},{"@type":"BreadcrumbList","@id":"https:\/\/potenciaradiofonicadominicana.com\/portal\/seis-paises-competiran-en-torneo-de-pesca-al-marlin-blanco\/#breadcrumb","itemListElement":[{"@type":"ListItem","position":1,"name":"Portada","item":"https:\/\/potenciaradiofonicadominicana.com\/portal\/"},{"@type":"ListItem","position":2,"name":"Seis pa\u00edses competir\u00e1n en Torneo de Pesca al Marlin Blanco"}]},{"@type":"WebSite","@id":"https:\/\/potenciaradiofonicadominicana.com\/portal\/#website","url":"https:\/\/potenciaradiofonicadominicana.com\/portal\/","name":"PotenciaRadiofonicaDominicana.com","description":"Peri\u00f3dico Digital","publisher":{"@id":"https:\/\/potenciaradiofonicadominicana.com\/portal\/#organization"},"potentialAction":[{"@type":"SearchAction","target":{"@type":"EntryPoint","urlTemplate":"https:\/\/potenciaradiofonicadominicana.com\/portal\/?s={search_term_string}"},"query-input":{"@type":"PropertyValueSpecification","valueRequired":true,"valueName":"search_term_string"}}],"inLanguage":"es"},{"@type":"Organization","@id":"https:\/\/potenciaradiofonicadominicana.com\/portal\/#organization","name":"PotenciaRadiofonicaDominicana.com","url":"https:\/\/potenciaradiofonicadominicana.com\/portal\/","logo":{"@type":"ImageObject","inLanguage":"es","@id":"https:\/\/potenciaradiofonicadominicana.com\/portal\/#\/schema\/logo\/image\/","url":"https:\/\/potenciaradiofonicadominicana.com\/portal\/wp-content\/uploads\/2022\/01\/descarga.png","contentUrl":"https:\/\/potenciaradiofonicadominicana.com\/portal\/wp-content\/uploads\/2022\/01\/descarga.png","width":300,"height":100,"caption":"PotenciaRadiofonicaDominicana.com"},"image":{"@id":"https:\/\/potenciaradiofonicadominicana.com\/portal\/#\/schema\/logo\/image\/"},"sameAs":["https:\/\/web.facebook.com\/PotenciaRadiofonicaD"]},{"@type":"Person","@id":"https:\/\/potenciaradiofonicadominicana.com\/portal\/#\/schema\/person\/a5cf1fea13877803ee0573ac18b03490","name":"Potencia Radiof\u00f3nica Dominicana","image":{"@type":"ImageObject","inLanguage":"es","@id":"https:\/\/potenciaradiofonicadominicana.com\/portal\/#\/schema\/person\/image\/","url":"https:\/\/secure.gravatar.com\/avatar\/42a55ab9e8ccc656ba34cd791990602a?s=96&d=mm&r=g","contentUrl":"https:\/\/secure.gravatar.com\/avatar\/42a55ab9e8ccc656ba34cd791990602a?s=96&d=mm&r=g","caption":"Potencia Radiof\u00f3nica Dominicana"},"url":"https:\/\/potenciaradiofonicadominicana.com\/portal\/author\/johannyalmanzar\/"}]}},"_links":{"self":[{"href":"https:\/\/potenciaradiofonicadominicana.com\/portal\/wp-json\/wp\/v2\/posts\/216150","targetHints":{"allow":["GET"]}}],"collection":[{"href":"https:\/\/potenciaradiofonicadominicana.com\/portal\/wp-json\/wp\/v2\/posts"}],"about":[{"href":"https:\/\/potenciaradiofonicadominicana.com\/portal\/wp-json\/wp\/v2\/types\/post"}],"author":[{"embeddable":true,"href":"https:\/\/potenciaradiofonicadominicana.com\/portal\/wp-json\/wp\/v2\/users\/2"}],"replies":[{"embeddable":true,"href":"https:\/\/potenciaradiofonicadominicana.com\/portal\/wp-json\/wp\/v2\/comments?post=216150"}],"version-history":[{"count":1,"href":"https:\/\/potenciaradiofonicadominicana.com\/portal\/wp-json\/wp\/v2\/posts\/216150\/revisions"}],"predecessor-version":[{"id":216153,"href":"https:\/\/potenciaradiofonicadominicana.com\/portal\/wp-json\/wp\/v2\/posts\/216150\/revisions\/216153"}],"wp:featuredmedia":[{"embeddable":true,"href":"https:\/\/potenciaradiofonicadominicana.com\/portal\/wp-json\/wp\/v2\/media\/216151"}],"wp:attachment":[{"href":"https:\/\/potenciaradiofonicadominicana.com\/portal\/wp-json\/wp\/v2\/media?parent=216150"}],"wp:term":[{"taxonomy":"category","embeddable":true,"href":"https:\/\/potenciaradiofonicadominicana.com\/portal\/wp-json\/wp\/v2\/categories?post=216150"},{"taxonomy":"post_tag","embeddable":true,"href":"https:\/\/potenciaradiofonicadominicana.com\/portal\/wp-json\/wp\/v2\/tags?post=216150"}],"curies":[{"name":"wp","href":"https:\/\/api.w.org\/{rel}","templated":true}]}}