{"id":216147,"date":"2026-04-29T22:42:13","date_gmt":"2026-04-30T02:42:13","guid":{"rendered":"https:\/\/potenciaradiofonicadominicana.com\/portal\/?p=216147"},"modified":"2026-04-29T22:42:13","modified_gmt":"2026-04-30T02:42:13","slug":"fernando-alonso-no-piensa-en-el-retiro-y-sigue-dispuesto-a-continuar-en-la-f1","status":"publish","type":"post","link":"https:\/\/potenciaradiofonicadominicana.com\/portal\/fernando-alonso-no-piensa-en-el-retiro-y-sigue-dispuesto-a-continuar-en-la-f1\/","title":{"rendered":"Fernando Alonso no piensa en el retiro y sigue dispuesto a continuar en la F1"},"content":{"rendered":"<p><a href=\"https:\/\/potenciaradiofonicadominicana.com\/portal\/wp-content\/uploads\/2026\/04\/shutterstock_2606988915-1200x800-1.jpg\"><img loading=\"lazy\" decoding=\"async\" class=\"alignnone size-full wp-image-216148\" src=\"https:\/\/potenciaradiofonicadominicana.com\/portal\/wp-content\/uploads\/2026\/04\/shutterstock_2606988915-1200x800-1.jpg\" alt=\"\" width=\"1200\" height=\"800\" srcset=\"https:\/\/potenciaradiofonicadominicana.com\/portal\/wp-content\/uploads\/2026\/04\/shutterstock_2606988915-1200x800-1.jpg 1200w, https:\/\/potenciaradiofonicadominicana.com\/portal\/wp-content\/uploads\/2026\/04\/shutterstock_2606988915-1200x800-1-300x200.jpg 300w, https:\/\/potenciaradiofonicadominicana.com\/portal\/wp-content\/uploads\/2026\/04\/shutterstock_2606988915-1200x800-1-1024x683.jpg 1024w, https:\/\/potenciaradiofonicadominicana.com\/portal\/wp-content\/uploads\/2026\/04\/shutterstock_2606988915-1200x800-1-768x512.jpg 768w\" sizes=\"auto, (max-width: 1200px) 100vw, 1200px\" \/><\/a><\/p>\n<p class=\"paragraph\">El piloto espa\u00f1ol\u00a0<b>Fernando Alonso<\/b>\u00a0tiene la intenci\u00f3n de seguir compitiendo en la\u00a0<b>F\u00f3rmula 1<\/b>\u00a0m\u00e1s all\u00e1 del final de esta temporada, tras afirmar que a\u00fan no se siente preparado para retirarse.<\/p>\n<p class=\"paragraph\">Tras su debut en 2001, Alonso disputa su 23.\u00aa temporada en la F1 y actualmente corre para el equipo\u00a0<b>Aston Martin<\/b>, que atraviesa un momento dif\u00edcil.<\/p>\n<p class=\"paragraph\">El piloto de 44 a\u00f1os firm\u00f3 un contrato multianual con\u00a0<b>Aston Martin<\/b>\u00a0para 2024, pero el equipo a\u00fan no ha confirmado si se extender\u00e1 hasta 2027.<\/p>\n<p class=\"paragraph\">Durante el\u00a0<b>Gran Premio Hist\u00f3rico de M\u00f3naco<\/b>\u00a0el s\u00e1bado, Alonso declar\u00f3 que planea continuar compitiendo m\u00e1s all\u00e1 del final de esta temporada y que solo se retirar\u00e1 cuando se sienta preparado.<\/p>\n<p class=\"paragraph\">\u00abMe encanta lo que hago. Me encanta correr\u00bb, dijo Alonso. \u00abCorr\u00ed mi primera carrera con tres a\u00f1os y ahora tengo 44, as\u00ed que llevo 41 a\u00f1os al volante.<\/p>\n<p class=\"paragraph\">\u00abPor lo tanto, cuando tenga que dejar de correr, ser\u00e1 una decisi\u00f3n muy dif\u00edcil de aceptar\u00bb.<\/p>\n<p class=\"paragraph\">El tiempo lo dir\u00e1. Lo sentir\u00e9. De momento, no siento que haya llegado ese momento. Me siento competitivo, motivado y feliz al volante. As\u00ed que, s\u00ed, espero que no sea la \u00faltima temporada.<\/p>\n<p class=\"paragraph\">Aston Martin y su socio de motores, Honda, han tenido un comienzo lento con la nueva normativa de la F1 en 2026. Alonso no logr\u00f3 terminar las dos primeras carreras y finaliz\u00f3 en la\u00a0<b>18.\u00aa posici\u00f3n<\/b>\u00a0en el\u00a0<b>Gran Premio de Jap\u00f3n<\/b>.<\/p>\n<p class=\"paragraph\">El bicampe\u00f3n del mundo declar\u00f3 el a\u00f1o pasado que le resultar\u00eda dif\u00edcil retirarse de la F1 mientras su coche no fuera competitivo y que esperaba dejar el deporte por todo lo alto.<\/p>\n","protected":false},"excerpt":{"rendered":"<p>El piloto espa\u00f1ol\u00a0Fernando Alonso\u00a0tiene la intenci\u00f3n de seguir compitiendo en la\u00a0F\u00f3rmula 1\u00a0m\u00e1s all\u00e1 del final de esta temporada, tras afirmar &#8230;<\/p>\n","protected":false},"author":2,"featured_media":216148,"comment_status":"closed","ping_status":"closed","sticky":false,"template":"","format":"standard","meta":{"footnotes":""},"categories":[28],"tags":[],"class_list":["post-216147","post","type-post","status-publish","format-standard","has-post-thumbnail","hentry","category-deportes"],"yoast_head":"<!-- This site is optimized with the Yoast SEO plugin v24.8.1 - https:\/\/yoast.com\/wordpress\/plugins\/seo\/ -->\n<title>Fernando Alonso no piensa en el retiro y sigue dispuesto a continuar en la F1 - PotenciaRadiofonicaDominicana.com<\/title>\n<meta name=\"robots\" content=\"index, follow, max-snippet:-1, max-image-preview:large, max-video-preview:-1\" \/>\n<link rel=\"canonical\" href=\"https:\/\/potenciaradiofonicadominicana.com\/portal\/fernando-alonso-no-piensa-en-el-retiro-y-sigue-dispuesto-a-continuar-en-la-f1\/\" \/>\n<meta property=\"og:locale\" content=\"es_ES\" \/>\n<meta property=\"og:type\" content=\"article\" \/>\n<meta property=\"og:title\" content=\"Fernando Alonso no piensa en el retiro y sigue dispuesto a continuar en la F1 - PotenciaRadiofonicaDominicana.com\" \/>\n<meta property=\"og:description\" content=\"El piloto espa\u00f1ol\u00a0Fernando Alonso\u00a0tiene la intenci\u00f3n de seguir compitiendo en la\u00a0F\u00f3rmula 1\u00a0m\u00e1s all\u00e1 del final de esta temporada, tras afirmar ...\" \/>\n<meta property=\"og:url\" content=\"https:\/\/potenciaradiofonicadominicana.com\/portal\/fernando-alonso-no-piensa-en-el-retiro-y-sigue-dispuesto-a-continuar-en-la-f1\/\" \/>\n<meta property=\"og:site_name\" content=\"PotenciaRadiofonicaDominicana.com\" \/>\n<meta property=\"article:publisher\" content=\"https:\/\/web.facebook.com\/PotenciaRadiofonicaD\" \/>\n<meta property=\"article:published_time\" content=\"2026-04-30T02:42:13+00:00\" \/>\n<meta property=\"og:image\" content=\"https:\/\/potenciaradiofonicadominicana.com\/portal\/wp-content\/uploads\/2026\/04\/shutterstock_2606988915-1200x800-1.jpg\" \/>\n\t<meta property=\"og:image:width\" content=\"1200\" \/>\n\t<meta property=\"og:image:height\" content=\"800\" \/>\n\t<meta property=\"og:image:type\" content=\"image\/jpeg\" \/>\n<meta name=\"author\" content=\"Potencia Radiof\u00f3nica Dominicana\" \/>\n<meta name=\"twitter:card\" content=\"summary_large_image\" \/>\n<meta name=\"twitter:label1\" content=\"Escrito por\" \/>\n\t<meta name=\"twitter:data1\" content=\"Potencia Radiof\u00f3nica Dominicana\" \/>\n\t<meta name=\"twitter:label2\" content=\"Tiempo de lectura\" \/>\n\t<meta name=\"twitter:data2\" content=\"2 minutos\" \/>\n<script type=\"application\/ld+json\" class=\"yoast-schema-graph\">{\"@context\":\"https:\/\/schema.org\",\"@graph\":[{\"@type\":\"Article\",\"@id\":\"https:\/\/potenciaradiofonicadominicana.com\/portal\/fernando-alonso-no-piensa-en-el-retiro-y-sigue-dispuesto-a-continuar-en-la-f1\/#article\",\"isPartOf\":{\"@id\":\"https:\/\/potenciaradiofonicadominicana.com\/portal\/fernando-alonso-no-piensa-en-el-retiro-y-sigue-dispuesto-a-continuar-en-la-f1\/\"},\"author\":{\"name\":\"Potencia Radiof\u00f3nica Dominicana\",\"@id\":\"https:\/\/potenciaradiofonicadominicana.com\/portal\/#\/schema\/person\/a5cf1fea13877803ee0573ac18b03490\"},\"headline\":\"Fernando Alonso no piensa en el retiro y sigue dispuesto a continuar en la F1\",\"datePublished\":\"2026-04-30T02:42:13+00:00\",\"mainEntityOfPage\":{\"@id\":\"https:\/\/potenciaradiofonicadominicana.com\/portal\/fernando-alonso-no-piensa-en-el-retiro-y-sigue-dispuesto-a-continuar-en-la-f1\/\"},\"wordCount\":293,\"publisher\":{\"@id\":\"https:\/\/potenciaradiofonicadominicana.com\/portal\/#organization\"},\"image\":{\"@id\":\"https:\/\/potenciaradiofonicadominicana.com\/portal\/fernando-alonso-no-piensa-en-el-retiro-y-sigue-dispuesto-a-continuar-en-la-f1\/#primaryimage\"},\"thumbnailUrl\":\"https:\/\/potenciaradiofonicadominicana.com\/portal\/wp-content\/uploads\/2026\/04\/shutterstock_2606988915-1200x800-1.jpg\",\"articleSection\":[\"Deportes\"],\"inLanguage\":\"es\"},{\"@type\":\"WebPage\",\"@id\":\"https:\/\/potenciaradiofonicadominicana.com\/portal\/fernando-alonso-no-piensa-en-el-retiro-y-sigue-dispuesto-a-continuar-en-la-f1\/\",\"url\":\"https:\/\/potenciaradiofonicadominicana.com\/portal\/fernando-alonso-no-piensa-en-el-retiro-y-sigue-dispuesto-a-continuar-en-la-f1\/\",\"name\":\"Fernando Alonso no piensa en el retiro y sigue dispuesto a continuar en la F1 - PotenciaRadiofonicaDominicana.com\",\"isPartOf\":{\"@id\":\"https:\/\/potenciaradiofonicadominicana.com\/portal\/#website\"},\"primaryImageOfPage\":{\"@id\":\"https:\/\/potenciaradiofonicadominicana.com\/portal\/fernando-alonso-no-piensa-en-el-retiro-y-sigue-dispuesto-a-continuar-en-la-f1\/#primaryimage\"},\"image\":{\"@id\":\"https:\/\/potenciaradiofonicadominicana.com\/portal\/fernando-alonso-no-piensa-en-el-retiro-y-sigue-dispuesto-a-continuar-en-la-f1\/#primaryimage\"},\"thumbnailUrl\":\"https:\/\/potenciaradiofonicadominicana.com\/portal\/wp-content\/uploads\/2026\/04\/shutterstock_2606988915-1200x800-1.jpg\",\"datePublished\":\"2026-04-30T02:42:13+00:00\",\"breadcrumb\":{\"@id\":\"https:\/\/potenciaradiofonicadominicana.com\/portal\/fernando-alonso-no-piensa-en-el-retiro-y-sigue-dispuesto-a-continuar-en-la-f1\/#breadcrumb\"},\"inLanguage\":\"es\",\"potentialAction\":[{\"@type\":\"ReadAction\",\"target\":[\"https:\/\/potenciaradiofonicadominicana.com\/portal\/fernando-alonso-no-piensa-en-el-retiro-y-sigue-dispuesto-a-continuar-en-la-f1\/\"]}]},{\"@type\":\"ImageObject\",\"inLanguage\":\"es\",\"@id\":\"https:\/\/potenciaradiofonicadominicana.com\/portal\/fernando-alonso-no-piensa-en-el-retiro-y-sigue-dispuesto-a-continuar-en-la-f1\/#primaryimage\",\"url\":\"https:\/\/potenciaradiofonicadominicana.com\/portal\/wp-content\/uploads\/2026\/04\/shutterstock_2606988915-1200x800-1.jpg\",\"contentUrl\":\"https:\/\/potenciaradiofonicadominicana.com\/portal\/wp-content\/uploads\/2026\/04\/shutterstock_2606988915-1200x800-1.jpg\",\"width\":1200,\"height\":800},{\"@type\":\"BreadcrumbList\",\"@id\":\"https:\/\/potenciaradiofonicadominicana.com\/portal\/fernando-alonso-no-piensa-en-el-retiro-y-sigue-dispuesto-a-continuar-en-la-f1\/#breadcrumb\",\"itemListElement\":[{\"@type\":\"ListItem\",\"position\":1,\"name\":\"Portada\",\"item\":\"https:\/\/potenciaradiofonicadominicana.com\/portal\/\"},{\"@type\":\"ListItem\",\"position\":2,\"name\":\"Fernando Alonso no piensa en el retiro y sigue dispuesto a continuar en la F1\"}]},{\"@type\":\"WebSite\",\"@id\":\"https:\/\/potenciaradiofonicadominicana.com\/portal\/#website\",\"url\":\"https:\/\/potenciaradiofonicadominicana.com\/portal\/\",\"name\":\"PotenciaRadiofonicaDominicana.com\",\"description\":\"Peri\u00f3dico Digital\",\"publisher\":{\"@id\":\"https:\/\/potenciaradiofonicadominicana.com\/portal\/#organization\"},\"potentialAction\":[{\"@type\":\"SearchAction\",\"target\":{\"@type\":\"EntryPoint\",\"urlTemplate\":\"https:\/\/potenciaradiofonicadominicana.com\/portal\/?s={search_term_string}\"},\"query-input\":{\"@type\":\"PropertyValueSpecification\",\"valueRequired\":true,\"valueName\":\"search_term_string\"}}],\"inLanguage\":\"es\"},{\"@type\":\"Organization\",\"@id\":\"https:\/\/potenciaradiofonicadominicana.com\/portal\/#organization\",\"name\":\"PotenciaRadiofonicaDominicana.com\",\"url\":\"https:\/\/potenciaradiofonicadominicana.com\/portal\/\",\"logo\":{\"@type\":\"ImageObject\",\"inLanguage\":\"es\",\"@id\":\"https:\/\/potenciaradiofonicadominicana.com\/portal\/#\/schema\/logo\/image\/\",\"url\":\"https:\/\/potenciaradiofonicadominicana.com\/portal\/wp-content\/uploads\/2022\/01\/descarga.png\",\"contentUrl\":\"https:\/\/potenciaradiofonicadominicana.com\/portal\/wp-content\/uploads\/2022\/01\/descarga.png\",\"width\":300,\"height\":100,\"caption\":\"PotenciaRadiofonicaDominicana.com\"},\"image\":{\"@id\":\"https:\/\/potenciaradiofonicadominicana.com\/portal\/#\/schema\/logo\/image\/\"},\"sameAs\":[\"https:\/\/web.facebook.com\/PotenciaRadiofonicaD\"]},{\"@type\":\"Person\",\"@id\":\"https:\/\/potenciaradiofonicadominicana.com\/portal\/#\/schema\/person\/a5cf1fea13877803ee0573ac18b03490\",\"name\":\"Potencia Radiof\u00f3nica Dominicana\",\"image\":{\"@type\":\"ImageObject\",\"inLanguage\":\"es\",\"@id\":\"https:\/\/potenciaradiofonicadominicana.com\/portal\/#\/schema\/person\/image\/\",\"url\":\"https:\/\/secure.gravatar.com\/avatar\/42a55ab9e8ccc656ba34cd791990602a?s=96&d=mm&r=g\",\"contentUrl\":\"https:\/\/secure.gravatar.com\/avatar\/42a55ab9e8ccc656ba34cd791990602a?s=96&d=mm&r=g\",\"caption\":\"Potencia Radiof\u00f3nica Dominicana\"},\"url\":\"https:\/\/potenciaradiofonicadominicana.com\/portal\/author\/johannyalmanzar\/\"}]}<\/script>\n<!-- \/ Yoast SEO plugin. -->","yoast_head_json":{"title":"Fernando Alonso no piensa en el retiro y sigue dispuesto a continuar en la F1 - PotenciaRadiofonicaDominicana.com","robots":{"index":"index","follow":"follow","max-snippet":"max-snippet:-1","max-image-preview":"max-image-preview:large","max-video-preview":"max-video-preview:-1"},"canonical":"https:\/\/potenciaradiofonicadominicana.com\/portal\/fernando-alonso-no-piensa-en-el-retiro-y-sigue-dispuesto-a-continuar-en-la-f1\/","og_locale":"es_ES","og_type":"article","og_title":"Fernando Alonso no piensa en el retiro y sigue dispuesto a continuar en la F1 - PotenciaRadiofonicaDominicana.com","og_description":"El piloto espa\u00f1ol\u00a0Fernando Alonso\u00a0tiene la intenci\u00f3n de seguir compitiendo en la\u00a0F\u00f3rmula 1\u00a0m\u00e1s all\u00e1 del final de esta temporada, tras afirmar ...","og_url":"https:\/\/potenciaradiofonicadominicana.com\/portal\/fernando-alonso-no-piensa-en-el-retiro-y-sigue-dispuesto-a-continuar-en-la-f1\/","og_site_name":"PotenciaRadiofonicaDominicana.com","article_publisher":"https:\/\/web.facebook.com\/PotenciaRadiofonicaD","article_published_time":"2026-04-30T02:42:13+00:00","og_image":[{"width":1200,"height":800,"url":"https:\/\/potenciaradiofonicadominicana.com\/portal\/wp-content\/uploads\/2026\/04\/shutterstock_2606988915-1200x800-1.jpg","type":"image\/jpeg"}],"author":"Potencia Radiof\u00f3nica Dominicana","twitter_card":"summary_large_image","twitter_misc":{"Escrito por":"Potencia Radiof\u00f3nica Dominicana","Tiempo de lectura":"2 minutos"},"schema":{"@context":"https:\/\/schema.org","@graph":[{"@type":"Article","@id":"https:\/\/potenciaradiofonicadominicana.com\/portal\/fernando-alonso-no-piensa-en-el-retiro-y-sigue-dispuesto-a-continuar-en-la-f1\/#article","isPartOf":{"@id":"https:\/\/potenciaradiofonicadominicana.com\/portal\/fernando-alonso-no-piensa-en-el-retiro-y-sigue-dispuesto-a-continuar-en-la-f1\/"},"author":{"name":"Potencia Radiof\u00f3nica Dominicana","@id":"https:\/\/potenciaradiofonicadominicana.com\/portal\/#\/schema\/person\/a5cf1fea13877803ee0573ac18b03490"},"headline":"Fernando Alonso no piensa en el retiro y sigue dispuesto a continuar en la F1","datePublished":"2026-04-30T02:42:13+00:00","mainEntityOfPage":{"@id":"https:\/\/potenciaradiofonicadominicana.com\/portal\/fernando-alonso-no-piensa-en-el-retiro-y-sigue-dispuesto-a-continuar-en-la-f1\/"},"wordCount":293,"publisher":{"@id":"https:\/\/potenciaradiofonicadominicana.com\/portal\/#organization"},"image":{"@id":"https:\/\/potenciaradiofonicadominicana.com\/portal\/fernando-alonso-no-piensa-en-el-retiro-y-sigue-dispuesto-a-continuar-en-la-f1\/#primaryimage"},"thumbnailUrl":"https:\/\/potenciaradiofonicadominicana.com\/portal\/wp-content\/uploads\/2026\/04\/shutterstock_2606988915-1200x800-1.jpg","articleSection":["Deportes"],"inLanguage":"es"},{"@type":"WebPage","@id":"https:\/\/potenciaradiofonicadominicana.com\/portal\/fernando-alonso-no-piensa-en-el-retiro-y-sigue-dispuesto-a-continuar-en-la-f1\/","url":"https:\/\/potenciaradiofonicadominicana.com\/portal\/fernando-alonso-no-piensa-en-el-retiro-y-sigue-dispuesto-a-continuar-en-la-f1\/","name":"Fernando Alonso no piensa en el retiro y sigue dispuesto a continuar en la F1 - PotenciaRadiofonicaDominicana.com","isPartOf":{"@id":"https:\/\/potenciaradiofonicadominicana.com\/portal\/#website"},"primaryImageOfPage":{"@id":"https:\/\/potenciaradiofonicadominicana.com\/portal\/fernando-alonso-no-piensa-en-el-retiro-y-sigue-dispuesto-a-continuar-en-la-f1\/#primaryimage"},"image":{"@id":"https:\/\/potenciaradiofonicadominicana.com\/portal\/fernando-alonso-no-piensa-en-el-retiro-y-sigue-dispuesto-a-continuar-en-la-f1\/#primaryimage"},"thumbnailUrl":"https:\/\/potenciaradiofonicadominicana.com\/portal\/wp-content\/uploads\/2026\/04\/shutterstock_2606988915-1200x800-1.jpg","datePublished":"2026-04-30T02:42:13+00:00","breadcrumb":{"@id":"https:\/\/potenciaradiofonicadominicana.com\/portal\/fernando-alonso-no-piensa-en-el-retiro-y-sigue-dispuesto-a-continuar-en-la-f1\/#breadcrumb"},"inLanguage":"es","potentialAction":[{"@type":"ReadAction","target":["https:\/\/potenciaradiofonicadominicana.com\/portal\/fernando-alonso-no-piensa-en-el-retiro-y-sigue-dispuesto-a-continuar-en-la-f1\/"]}]},{"@type":"ImageObject","inLanguage":"es","@id":"https:\/\/potenciaradiofonicadominicana.com\/portal\/fernando-alonso-no-piensa-en-el-retiro-y-sigue-dispuesto-a-continuar-en-la-f1\/#primaryimage","url":"https:\/\/potenciaradiofonicadominicana.com\/portal\/wp-content\/uploads\/2026\/04\/shutterstock_2606988915-1200x800-1.jpg","contentUrl":"https:\/\/potenciaradiofonicadominicana.com\/portal\/wp-content\/uploads\/2026\/04\/shutterstock_2606988915-1200x800-1.jpg","width":1200,"height":800},{"@type":"BreadcrumbList","@id":"https:\/\/potenciaradiofonicadominicana.com\/portal\/fernando-alonso-no-piensa-en-el-retiro-y-sigue-dispuesto-a-continuar-en-la-f1\/#breadcrumb","itemListElement":[{"@type":"ListItem","position":1,"name":"Portada","item":"https:\/\/potenciaradiofonicadominicana.com\/portal\/"},{"@type":"ListItem","position":2,"name":"Fernando Alonso no piensa en el retiro y sigue dispuesto a continuar en la F1"}]},{"@type":"WebSite","@id":"https:\/\/potenciaradiofonicadominicana.com\/portal\/#website","url":"https:\/\/potenciaradiofonicadominicana.com\/portal\/","name":"PotenciaRadiofonicaDominicana.com","description":"Peri\u00f3dico Digital","publisher":{"@id":"https:\/\/potenciaradiofonicadominicana.com\/portal\/#organization"},"potentialAction":[{"@type":"SearchAction","target":{"@type":"EntryPoint","urlTemplate":"https:\/\/potenciaradiofonicadominicana.com\/portal\/?s={search_term_string}"},"query-input":{"@type":"PropertyValueSpecification","valueRequired":true,"valueName":"search_term_string"}}],"inLanguage":"es"},{"@type":"Organization","@id":"https:\/\/potenciaradiofonicadominicana.com\/portal\/#organization","name":"PotenciaRadiofonicaDominicana.com","url":"https:\/\/potenciaradiofonicadominicana.com\/portal\/","logo":{"@type":"ImageObject","inLanguage":"es","@id":"https:\/\/potenciaradiofonicadominicana.com\/portal\/#\/schema\/logo\/image\/","url":"https:\/\/potenciaradiofonicadominicana.com\/portal\/wp-content\/uploads\/2022\/01\/descarga.png","contentUrl":"https:\/\/potenciaradiofonicadominicana.com\/portal\/wp-content\/uploads\/2022\/01\/descarga.png","width":300,"height":100,"caption":"PotenciaRadiofonicaDominicana.com"},"image":{"@id":"https:\/\/potenciaradiofonicadominicana.com\/portal\/#\/schema\/logo\/image\/"},"sameAs":["https:\/\/web.facebook.com\/PotenciaRadiofonicaD"]},{"@type":"Person","@id":"https:\/\/potenciaradiofonicadominicana.com\/portal\/#\/schema\/person\/a5cf1fea13877803ee0573ac18b03490","name":"Potencia Radiof\u00f3nica Dominicana","image":{"@type":"ImageObject","inLanguage":"es","@id":"https:\/\/potenciaradiofonicadominicana.com\/portal\/#\/schema\/person\/image\/","url":"https:\/\/secure.gravatar.com\/avatar\/42a55ab9e8ccc656ba34cd791990602a?s=96&d=mm&r=g","contentUrl":"https:\/\/secure.gravatar.com\/avatar\/42a55ab9e8ccc656ba34cd791990602a?s=96&d=mm&r=g","caption":"Potencia Radiof\u00f3nica Dominicana"},"url":"https:\/\/potenciaradiofonicadominicana.com\/portal\/author\/johannyalmanzar\/"}]}},"_links":{"self":[{"href":"https:\/\/potenciaradiofonicadominicana.com\/portal\/wp-json\/wp\/v2\/posts\/216147","targetHints":{"allow":["GET"]}}],"collection":[{"href":"https:\/\/potenciaradiofonicadominicana.com\/portal\/wp-json\/wp\/v2\/posts"}],"about":[{"href":"https:\/\/potenciaradiofonicadominicana.com\/portal\/wp-json\/wp\/v2\/types\/post"}],"author":[{"embeddable":true,"href":"https:\/\/potenciaradiofonicadominicana.com\/portal\/wp-json\/wp\/v2\/users\/2"}],"replies":[{"embeddable":true,"href":"https:\/\/potenciaradiofonicadominicana.com\/portal\/wp-json\/wp\/v2\/comments?post=216147"}],"version-history":[{"count":1,"href":"https:\/\/potenciaradiofonicadominicana.com\/portal\/wp-json\/wp\/v2\/posts\/216147\/revisions"}],"predecessor-version":[{"id":216149,"href":"https:\/\/potenciaradiofonicadominicana.com\/portal\/wp-json\/wp\/v2\/posts\/216147\/revisions\/216149"}],"wp:featuredmedia":[{"embeddable":true,"href":"https:\/\/potenciaradiofonicadominicana.com\/portal\/wp-json\/wp\/v2\/media\/216148"}],"wp:attachment":[{"href":"https:\/\/potenciaradiofonicadominicana.com\/portal\/wp-json\/wp\/v2\/media?parent=216147"}],"wp:term":[{"taxonomy":"category","embeddable":true,"href":"https:\/\/potenciaradiofonicadominicana.com\/portal\/wp-json\/wp\/v2\/categories?post=216147"},{"taxonomy":"post_tag","embeddable":true,"href":"https:\/\/potenciaradiofonicadominicana.com\/portal\/wp-json\/wp\/v2\/tags?post=216147"}],"curies":[{"name":"wp","href":"https:\/\/api.w.org\/{rel}","templated":true}]}}