{"id":216144,"date":"2026-04-29T22:38:37","date_gmt":"2026-04-30T02:38:37","guid":{"rendered":"https:\/\/potenciaradiofonicadominicana.com\/portal\/?p=216144"},"modified":"2026-04-29T22:38:37","modified_gmt":"2026-04-30T02:38:37","slug":"el-cubano-alexei-ramirez-dio-positivo-a-cuatro-sustancias-en-el-clasico-mundial","status":"publish","type":"post","link":"https:\/\/potenciaradiofonicadominicana.com\/portal\/el-cubano-alexei-ramirez-dio-positivo-a-cuatro-sustancias-en-el-clasico-mundial\/","title":{"rendered":"El cubano Alexei Ram\u00edrez dio positivo a cuatro sustancias en el Cl\u00e1sico Mundial"},"content":{"rendered":"<p><a href=\"https:\/\/potenciaradiofonicadominicana.com\/portal\/wp-content\/uploads\/2026\/04\/WhatsApp-Image-2026-04-29-at-11.33.45.jpeg\"><img loading=\"lazy\" decoding=\"async\" class=\"alignnone size-full wp-image-216145\" src=\"https:\/\/potenciaradiofonicadominicana.com\/portal\/wp-content\/uploads\/2026\/04\/WhatsApp-Image-2026-04-29-at-11.33.45.jpeg\" alt=\"\" width=\"2560\" height=\"1440\" srcset=\"https:\/\/potenciaradiofonicadominicana.com\/portal\/wp-content\/uploads\/2026\/04\/WhatsApp-Image-2026-04-29-at-11.33.45.jpeg 2560w, https:\/\/potenciaradiofonicadominicana.com\/portal\/wp-content\/uploads\/2026\/04\/WhatsApp-Image-2026-04-29-at-11.33.45-300x169.jpeg 300w, https:\/\/potenciaradiofonicadominicana.com\/portal\/wp-content\/uploads\/2026\/04\/WhatsApp-Image-2026-04-29-at-11.33.45-1024x576.jpeg 1024w, https:\/\/potenciaradiofonicadominicana.com\/portal\/wp-content\/uploads\/2026\/04\/WhatsApp-Image-2026-04-29-at-11.33.45-768x432.jpeg 768w, https:\/\/potenciaradiofonicadominicana.com\/portal\/wp-content\/uploads\/2026\/04\/WhatsApp-Image-2026-04-29-at-11.33.45-1536x864.jpeg 1536w, https:\/\/potenciaradiofonicadominicana.com\/portal\/wp-content\/uploads\/2026\/04\/WhatsApp-Image-2026-04-29-at-11.33.45-2048x1152.jpeg 2048w\" sizes=\"auto, (max-width: 2560px) 100vw, 2560px\" \/><\/a><\/p>\n<p>Lo que comenz\u00f3 como una historia de longevidad y romanticismo deportivo para el b\u00e9isbol cubano ha dado un giro oscuro y decepcionante. La\u00a0<strong>Agencia Internacional de Pruebas<\/strong>\u00a0(ITA, por sus siglas en ingl\u00e9s) anunci\u00f3 este mi\u00e9rcoles que el exjugador de las\u00a0<strong>Grandes Ligas<\/strong>,\u00a0<strong data-path-to-node=\"2\" data-index-in-node=\"265\">Alexei Ram\u00edrez<\/strong>, ha sido\u00a0<strong>suspendido provisionalmente<\/strong>\u00a0tras arrojar un resultado positivo por el uso de cuatro esteroides anab\u00f3licos distintos durante su participaci\u00f3n en el\u00a0<strong>Cl\u00e1sico Mundial<\/strong>\u00a0de B\u00e9isbol (WBC) celebrado el pasado mes de marzo.<\/p>\n<p>A sus\u00a0<strong>44 a\u00f1os<\/strong>, Ram\u00edrez regres\u00f3 al roster de la\u00a0<strong>selecci\u00f3n de Cuba<\/strong>\u00a0dos d\u00e9cadas despu\u00e9s de sus primeras glorias internacionales, logrando quebrar el r\u00e9cord del legendario Roger Clemens como el jugador con m\u00e1s edad en disputar el torneo.<\/p>\n<p>Sin embargo, este hito se ha visto empa\u00f1ado por el hallazgo de metabolitos de\u00a0<strong data-path-to-node=\"3\" data-index-in-node=\"312\">mesterolona, metandienona, oxandrolona y estanozolol<\/strong>. Seg\u00fan el organismo con sede en Lausana, Suiza, este c\u00f3ctel de sustancias est\u00e1 directamente asociado con la promoci\u00f3n del crecimiento muscular r\u00e1pido, el aumento de la fuerza y la mejora artificial del rendimiento f\u00edsico.<\/p>\n<h3 data-path-to-node=\"4\"><strong data-path-to-node=\"4\" data-index-in-node=\"0\">Un contraste con su legado hist\u00f3rico<\/strong><\/h3>\n<p>La noticia ha ca\u00eddo como un balde de agua fr\u00eda para los seguidores del \u00abPirineo\u00bb, un jugador que dej\u00f3 una huella profunda tanto en la\u00a0<strong>Serie Nacional Cubana<\/strong>\u00a0como en la\u00a0<strong>Gran Carpa<\/strong>.<\/p>\n<p>Ram\u00edrez, quien fue una pieza fundamental en el equipo cubano que obtuvo el oro ol\u00edmpico en Atenas 2004 y la plata en el primer\u00a0<strong>Cl\u00e1sico Mundial<\/strong>\u00a0de 2006, buscaba cerrar su carrera con un\u00a0<strong>\u00faltimo baile<\/strong> en el escenario internacional.<\/p>\n<p>En las Mayores, Alexei disput\u00f3 nueve temporadas, principalmente con los\u00a0<strong>Medias Blancas de Chicago<\/strong>, donde fue finalista para el premio al Novato del A\u00f1o de la Liga Americana en 2008 y convocado al Juego de Estrellas en 2014.<\/p>\n<ul class=\"list-text\">\n<li>Termin\u00f3 su paso por\u00a0<strong>MLB<\/strong>\u00a0con un promedio de por vida de .246,\u00a0<strong>115 cuadrangulares<\/strong>\u00a0y\u00a0<strong>590 carreras impulsadas<\/strong>, vistiendo tambi\u00e9n las camisetas de los Padres de San Diego y los Rayos de Tampa Bay.<\/li>\n<\/ul>\n<h3 data-path-to-node=\"7\"><strong data-path-to-node=\"7\" data-index-in-node=\"0\">Consecuencias inmediatas<\/strong><\/h3>\n<p>La muestra fue tomada durante la\u00a0<strong>fase de grupos<\/strong>\u00a0del\u00a0<strong>Cl\u00e1sico Mundial<\/strong>, instancia de la cual el equipo de Cuba no logr\u00f3 avanzar. La ITA notific\u00f3 al jugador sobre los resultados, lo que conlleva una\u00a0<strong>inhabilitaci\u00f3n autom\u00e1tica<\/strong> mientras se resuelve el proceso disciplinario.<\/p>\n<p>A su edad, esta\u00a0<strong>sanci\u00f3n<\/strong>\u00a0no solo pone fin a sus\u00a0<strong>aspiraciones internacionales<\/strong>, sino que amenaza con manchar de forma definitiva la reputaci\u00f3n de uno de los atletas m\u00e1s elegantes y vers\u00e1tiles que ha exportado la isla en el siglo XXI.<\/p>\n","protected":false},"excerpt":{"rendered":"<p>Lo que comenz\u00f3 como una historia de longevidad y romanticismo deportivo para el b\u00e9isbol cubano ha dado un giro oscuro &#8230;<\/p>\n","protected":false},"author":2,"featured_media":216145,"comment_status":"closed","ping_status":"closed","sticky":false,"template":"","format":"standard","meta":{"footnotes":""},"categories":[28],"tags":[],"class_list":["post-216144","post","type-post","status-publish","format-standard","has-post-thumbnail","hentry","category-deportes"],"yoast_head":"<!-- This site is optimized with the Yoast SEO plugin v24.8.1 - https:\/\/yoast.com\/wordpress\/plugins\/seo\/ -->\n<title>El cubano Alexei Ram\u00edrez dio positivo a cuatro sustancias en el Cl\u00e1sico Mundial - PotenciaRadiofonicaDominicana.com<\/title>\n<meta name=\"robots\" content=\"index, follow, max-snippet:-1, max-image-preview:large, max-video-preview:-1\" \/>\n<link rel=\"canonical\" href=\"https:\/\/potenciaradiofonicadominicana.com\/portal\/el-cubano-alexei-ramirez-dio-positivo-a-cuatro-sustancias-en-el-clasico-mundial\/\" \/>\n<meta property=\"og:locale\" content=\"es_ES\" \/>\n<meta property=\"og:type\" content=\"article\" \/>\n<meta property=\"og:title\" content=\"El cubano Alexei Ram\u00edrez dio positivo a cuatro sustancias en el Cl\u00e1sico Mundial - PotenciaRadiofonicaDominicana.com\" \/>\n<meta property=\"og:description\" content=\"Lo que comenz\u00f3 como una historia de longevidad y romanticismo deportivo para el b\u00e9isbol cubano ha dado un giro oscuro ...\" \/>\n<meta property=\"og:url\" content=\"https:\/\/potenciaradiofonicadominicana.com\/portal\/el-cubano-alexei-ramirez-dio-positivo-a-cuatro-sustancias-en-el-clasico-mundial\/\" \/>\n<meta property=\"og:site_name\" content=\"PotenciaRadiofonicaDominicana.com\" \/>\n<meta property=\"article:publisher\" content=\"https:\/\/web.facebook.com\/PotenciaRadiofonicaD\" \/>\n<meta property=\"article:published_time\" content=\"2026-04-30T02:38:37+00:00\" \/>\n<meta property=\"og:image\" content=\"https:\/\/potenciaradiofonicadominicana.com\/portal\/wp-content\/uploads\/2026\/04\/WhatsApp-Image-2026-04-29-at-11.33.45.jpeg\" \/>\n\t<meta property=\"og:image:width\" content=\"2560\" \/>\n\t<meta property=\"og:image:height\" content=\"1440\" \/>\n\t<meta property=\"og:image:type\" content=\"image\/jpeg\" \/>\n<meta name=\"author\" content=\"Potencia Radiof\u00f3nica Dominicana\" \/>\n<meta name=\"twitter:card\" content=\"summary_large_image\" \/>\n<meta name=\"twitter:label1\" content=\"Escrito por\" \/>\n\t<meta name=\"twitter:data1\" content=\"Potencia Radiof\u00f3nica Dominicana\" \/>\n\t<meta name=\"twitter:label2\" content=\"Tiempo de lectura\" \/>\n\t<meta name=\"twitter:data2\" content=\"3 minutos\" \/>\n<script type=\"application\/ld+json\" class=\"yoast-schema-graph\">{\"@context\":\"https:\/\/schema.org\",\"@graph\":[{\"@type\":\"Article\",\"@id\":\"https:\/\/potenciaradiofonicadominicana.com\/portal\/el-cubano-alexei-ramirez-dio-positivo-a-cuatro-sustancias-en-el-clasico-mundial\/#article\",\"isPartOf\":{\"@id\":\"https:\/\/potenciaradiofonicadominicana.com\/portal\/el-cubano-alexei-ramirez-dio-positivo-a-cuatro-sustancias-en-el-clasico-mundial\/\"},\"author\":{\"name\":\"Potencia Radiof\u00f3nica Dominicana\",\"@id\":\"https:\/\/potenciaradiofonicadominicana.com\/portal\/#\/schema\/person\/a5cf1fea13877803ee0573ac18b03490\"},\"headline\":\"El cubano Alexei Ram\u00edrez dio positivo a cuatro sustancias en el Cl\u00e1sico Mundial\",\"datePublished\":\"2026-04-30T02:38:37+00:00\",\"mainEntityOfPage\":{\"@id\":\"https:\/\/potenciaradiofonicadominicana.com\/portal\/el-cubano-alexei-ramirez-dio-positivo-a-cuatro-sustancias-en-el-clasico-mundial\/\"},\"wordCount\":451,\"publisher\":{\"@id\":\"https:\/\/potenciaradiofonicadominicana.com\/portal\/#organization\"},\"image\":{\"@id\":\"https:\/\/potenciaradiofonicadominicana.com\/portal\/el-cubano-alexei-ramirez-dio-positivo-a-cuatro-sustancias-en-el-clasico-mundial\/#primaryimage\"},\"thumbnailUrl\":\"https:\/\/potenciaradiofonicadominicana.com\/portal\/wp-content\/uploads\/2026\/04\/WhatsApp-Image-2026-04-29-at-11.33.45.jpeg\",\"articleSection\":[\"Deportes\"],\"inLanguage\":\"es\"},{\"@type\":\"WebPage\",\"@id\":\"https:\/\/potenciaradiofonicadominicana.com\/portal\/el-cubano-alexei-ramirez-dio-positivo-a-cuatro-sustancias-en-el-clasico-mundial\/\",\"url\":\"https:\/\/potenciaradiofonicadominicana.com\/portal\/el-cubano-alexei-ramirez-dio-positivo-a-cuatro-sustancias-en-el-clasico-mundial\/\",\"name\":\"El cubano Alexei Ram\u00edrez dio positivo a cuatro sustancias en el Cl\u00e1sico Mundial - PotenciaRadiofonicaDominicana.com\",\"isPartOf\":{\"@id\":\"https:\/\/potenciaradiofonicadominicana.com\/portal\/#website\"},\"primaryImageOfPage\":{\"@id\":\"https:\/\/potenciaradiofonicadominicana.com\/portal\/el-cubano-alexei-ramirez-dio-positivo-a-cuatro-sustancias-en-el-clasico-mundial\/#primaryimage\"},\"image\":{\"@id\":\"https:\/\/potenciaradiofonicadominicana.com\/portal\/el-cubano-alexei-ramirez-dio-positivo-a-cuatro-sustancias-en-el-clasico-mundial\/#primaryimage\"},\"thumbnailUrl\":\"https:\/\/potenciaradiofonicadominicana.com\/portal\/wp-content\/uploads\/2026\/04\/WhatsApp-Image-2026-04-29-at-11.33.45.jpeg\",\"datePublished\":\"2026-04-30T02:38:37+00:00\",\"breadcrumb\":{\"@id\":\"https:\/\/potenciaradiofonicadominicana.com\/portal\/el-cubano-alexei-ramirez-dio-positivo-a-cuatro-sustancias-en-el-clasico-mundial\/#breadcrumb\"},\"inLanguage\":\"es\",\"potentialAction\":[{\"@type\":\"ReadAction\",\"target\":[\"https:\/\/potenciaradiofonicadominicana.com\/portal\/el-cubano-alexei-ramirez-dio-positivo-a-cuatro-sustancias-en-el-clasico-mundial\/\"]}]},{\"@type\":\"ImageObject\",\"inLanguage\":\"es\",\"@id\":\"https:\/\/potenciaradiofonicadominicana.com\/portal\/el-cubano-alexei-ramirez-dio-positivo-a-cuatro-sustancias-en-el-clasico-mundial\/#primaryimage\",\"url\":\"https:\/\/potenciaradiofonicadominicana.com\/portal\/wp-content\/uploads\/2026\/04\/WhatsApp-Image-2026-04-29-at-11.33.45.jpeg\",\"contentUrl\":\"https:\/\/potenciaradiofonicadominicana.com\/portal\/wp-content\/uploads\/2026\/04\/WhatsApp-Image-2026-04-29-at-11.33.45.jpeg\",\"width\":2560,\"height\":1440},{\"@type\":\"BreadcrumbList\",\"@id\":\"https:\/\/potenciaradiofonicadominicana.com\/portal\/el-cubano-alexei-ramirez-dio-positivo-a-cuatro-sustancias-en-el-clasico-mundial\/#breadcrumb\",\"itemListElement\":[{\"@type\":\"ListItem\",\"position\":1,\"name\":\"Portada\",\"item\":\"https:\/\/potenciaradiofonicadominicana.com\/portal\/\"},{\"@type\":\"ListItem\",\"position\":2,\"name\":\"El cubano Alexei Ram\u00edrez dio positivo a cuatro sustancias en el Cl\u00e1sico Mundial\"}]},{\"@type\":\"WebSite\",\"@id\":\"https:\/\/potenciaradiofonicadominicana.com\/portal\/#website\",\"url\":\"https:\/\/potenciaradiofonicadominicana.com\/portal\/\",\"name\":\"PotenciaRadiofonicaDominicana.com\",\"description\":\"Peri\u00f3dico Digital\",\"publisher\":{\"@id\":\"https:\/\/potenciaradiofonicadominicana.com\/portal\/#organization\"},\"potentialAction\":[{\"@type\":\"SearchAction\",\"target\":{\"@type\":\"EntryPoint\",\"urlTemplate\":\"https:\/\/potenciaradiofonicadominicana.com\/portal\/?s={search_term_string}\"},\"query-input\":{\"@type\":\"PropertyValueSpecification\",\"valueRequired\":true,\"valueName\":\"search_term_string\"}}],\"inLanguage\":\"es\"},{\"@type\":\"Organization\",\"@id\":\"https:\/\/potenciaradiofonicadominicana.com\/portal\/#organization\",\"name\":\"PotenciaRadiofonicaDominicana.com\",\"url\":\"https:\/\/potenciaradiofonicadominicana.com\/portal\/\",\"logo\":{\"@type\":\"ImageObject\",\"inLanguage\":\"es\",\"@id\":\"https:\/\/potenciaradiofonicadominicana.com\/portal\/#\/schema\/logo\/image\/\",\"url\":\"https:\/\/potenciaradiofonicadominicana.com\/portal\/wp-content\/uploads\/2022\/01\/descarga.png\",\"contentUrl\":\"https:\/\/potenciaradiofonicadominicana.com\/portal\/wp-content\/uploads\/2022\/01\/descarga.png\",\"width\":300,\"height\":100,\"caption\":\"PotenciaRadiofonicaDominicana.com\"},\"image\":{\"@id\":\"https:\/\/potenciaradiofonicadominicana.com\/portal\/#\/schema\/logo\/image\/\"},\"sameAs\":[\"https:\/\/web.facebook.com\/PotenciaRadiofonicaD\"]},{\"@type\":\"Person\",\"@id\":\"https:\/\/potenciaradiofonicadominicana.com\/portal\/#\/schema\/person\/a5cf1fea13877803ee0573ac18b03490\",\"name\":\"Potencia Radiof\u00f3nica Dominicana\",\"image\":{\"@type\":\"ImageObject\",\"inLanguage\":\"es\",\"@id\":\"https:\/\/potenciaradiofonicadominicana.com\/portal\/#\/schema\/person\/image\/\",\"url\":\"https:\/\/secure.gravatar.com\/avatar\/42a55ab9e8ccc656ba34cd791990602a?s=96&d=mm&r=g\",\"contentUrl\":\"https:\/\/secure.gravatar.com\/avatar\/42a55ab9e8ccc656ba34cd791990602a?s=96&d=mm&r=g\",\"caption\":\"Potencia Radiof\u00f3nica Dominicana\"},\"url\":\"https:\/\/potenciaradiofonicadominicana.com\/portal\/author\/johannyalmanzar\/\"}]}<\/script>\n<!-- \/ Yoast SEO plugin. -->","yoast_head_json":{"title":"El cubano Alexei Ram\u00edrez dio positivo a cuatro sustancias en el Cl\u00e1sico Mundial - PotenciaRadiofonicaDominicana.com","robots":{"index":"index","follow":"follow","max-snippet":"max-snippet:-1","max-image-preview":"max-image-preview:large","max-video-preview":"max-video-preview:-1"},"canonical":"https:\/\/potenciaradiofonicadominicana.com\/portal\/el-cubano-alexei-ramirez-dio-positivo-a-cuatro-sustancias-en-el-clasico-mundial\/","og_locale":"es_ES","og_type":"article","og_title":"El cubano Alexei Ram\u00edrez dio positivo a cuatro sustancias en el Cl\u00e1sico Mundial - PotenciaRadiofonicaDominicana.com","og_description":"Lo que comenz\u00f3 como una historia de longevidad y romanticismo deportivo para el b\u00e9isbol cubano ha dado un giro oscuro ...","og_url":"https:\/\/potenciaradiofonicadominicana.com\/portal\/el-cubano-alexei-ramirez-dio-positivo-a-cuatro-sustancias-en-el-clasico-mundial\/","og_site_name":"PotenciaRadiofonicaDominicana.com","article_publisher":"https:\/\/web.facebook.com\/PotenciaRadiofonicaD","article_published_time":"2026-04-30T02:38:37+00:00","og_image":[{"width":2560,"height":1440,"url":"https:\/\/potenciaradiofonicadominicana.com\/portal\/wp-content\/uploads\/2026\/04\/WhatsApp-Image-2026-04-29-at-11.33.45.jpeg","type":"image\/jpeg"}],"author":"Potencia Radiof\u00f3nica Dominicana","twitter_card":"summary_large_image","twitter_misc":{"Escrito por":"Potencia Radiof\u00f3nica Dominicana","Tiempo de lectura":"3 minutos"},"schema":{"@context":"https:\/\/schema.org","@graph":[{"@type":"Article","@id":"https:\/\/potenciaradiofonicadominicana.com\/portal\/el-cubano-alexei-ramirez-dio-positivo-a-cuatro-sustancias-en-el-clasico-mundial\/#article","isPartOf":{"@id":"https:\/\/potenciaradiofonicadominicana.com\/portal\/el-cubano-alexei-ramirez-dio-positivo-a-cuatro-sustancias-en-el-clasico-mundial\/"},"author":{"name":"Potencia Radiof\u00f3nica Dominicana","@id":"https:\/\/potenciaradiofonicadominicana.com\/portal\/#\/schema\/person\/a5cf1fea13877803ee0573ac18b03490"},"headline":"El cubano Alexei Ram\u00edrez dio positivo a cuatro sustancias en el Cl\u00e1sico Mundial","datePublished":"2026-04-30T02:38:37+00:00","mainEntityOfPage":{"@id":"https:\/\/potenciaradiofonicadominicana.com\/portal\/el-cubano-alexei-ramirez-dio-positivo-a-cuatro-sustancias-en-el-clasico-mundial\/"},"wordCount":451,"publisher":{"@id":"https:\/\/potenciaradiofonicadominicana.com\/portal\/#organization"},"image":{"@id":"https:\/\/potenciaradiofonicadominicana.com\/portal\/el-cubano-alexei-ramirez-dio-positivo-a-cuatro-sustancias-en-el-clasico-mundial\/#primaryimage"},"thumbnailUrl":"https:\/\/potenciaradiofonicadominicana.com\/portal\/wp-content\/uploads\/2026\/04\/WhatsApp-Image-2026-04-29-at-11.33.45.jpeg","articleSection":["Deportes"],"inLanguage":"es"},{"@type":"WebPage","@id":"https:\/\/potenciaradiofonicadominicana.com\/portal\/el-cubano-alexei-ramirez-dio-positivo-a-cuatro-sustancias-en-el-clasico-mundial\/","url":"https:\/\/potenciaradiofonicadominicana.com\/portal\/el-cubano-alexei-ramirez-dio-positivo-a-cuatro-sustancias-en-el-clasico-mundial\/","name":"El cubano Alexei Ram\u00edrez dio positivo a cuatro sustancias en el Cl\u00e1sico Mundial - PotenciaRadiofonicaDominicana.com","isPartOf":{"@id":"https:\/\/potenciaradiofonicadominicana.com\/portal\/#website"},"primaryImageOfPage":{"@id":"https:\/\/potenciaradiofonicadominicana.com\/portal\/el-cubano-alexei-ramirez-dio-positivo-a-cuatro-sustancias-en-el-clasico-mundial\/#primaryimage"},"image":{"@id":"https:\/\/potenciaradiofonicadominicana.com\/portal\/el-cubano-alexei-ramirez-dio-positivo-a-cuatro-sustancias-en-el-clasico-mundial\/#primaryimage"},"thumbnailUrl":"https:\/\/potenciaradiofonicadominicana.com\/portal\/wp-content\/uploads\/2026\/04\/WhatsApp-Image-2026-04-29-at-11.33.45.jpeg","datePublished":"2026-04-30T02:38:37+00:00","breadcrumb":{"@id":"https:\/\/potenciaradiofonicadominicana.com\/portal\/el-cubano-alexei-ramirez-dio-positivo-a-cuatro-sustancias-en-el-clasico-mundial\/#breadcrumb"},"inLanguage":"es","potentialAction":[{"@type":"ReadAction","target":["https:\/\/potenciaradiofonicadominicana.com\/portal\/el-cubano-alexei-ramirez-dio-positivo-a-cuatro-sustancias-en-el-clasico-mundial\/"]}]},{"@type":"ImageObject","inLanguage":"es","@id":"https:\/\/potenciaradiofonicadominicana.com\/portal\/el-cubano-alexei-ramirez-dio-positivo-a-cuatro-sustancias-en-el-clasico-mundial\/#primaryimage","url":"https:\/\/potenciaradiofonicadominicana.com\/portal\/wp-content\/uploads\/2026\/04\/WhatsApp-Image-2026-04-29-at-11.33.45.jpeg","contentUrl":"https:\/\/potenciaradiofonicadominicana.com\/portal\/wp-content\/uploads\/2026\/04\/WhatsApp-Image-2026-04-29-at-11.33.45.jpeg","width":2560,"height":1440},{"@type":"BreadcrumbList","@id":"https:\/\/potenciaradiofonicadominicana.com\/portal\/el-cubano-alexei-ramirez-dio-positivo-a-cuatro-sustancias-en-el-clasico-mundial\/#breadcrumb","itemListElement":[{"@type":"ListItem","position":1,"name":"Portada","item":"https:\/\/potenciaradiofonicadominicana.com\/portal\/"},{"@type":"ListItem","position":2,"name":"El cubano Alexei Ram\u00edrez dio positivo a cuatro sustancias en el Cl\u00e1sico Mundial"}]},{"@type":"WebSite","@id":"https:\/\/potenciaradiofonicadominicana.com\/portal\/#website","url":"https:\/\/potenciaradiofonicadominicana.com\/portal\/","name":"PotenciaRadiofonicaDominicana.com","description":"Peri\u00f3dico Digital","publisher":{"@id":"https:\/\/potenciaradiofonicadominicana.com\/portal\/#organization"},"potentialAction":[{"@type":"SearchAction","target":{"@type":"EntryPoint","urlTemplate":"https:\/\/potenciaradiofonicadominicana.com\/portal\/?s={search_term_string}"},"query-input":{"@type":"PropertyValueSpecification","valueRequired":true,"valueName":"search_term_string"}}],"inLanguage":"es"},{"@type":"Organization","@id":"https:\/\/potenciaradiofonicadominicana.com\/portal\/#organization","name":"PotenciaRadiofonicaDominicana.com","url":"https:\/\/potenciaradiofonicadominicana.com\/portal\/","logo":{"@type":"ImageObject","inLanguage":"es","@id":"https:\/\/potenciaradiofonicadominicana.com\/portal\/#\/schema\/logo\/image\/","url":"https:\/\/potenciaradiofonicadominicana.com\/portal\/wp-content\/uploads\/2022\/01\/descarga.png","contentUrl":"https:\/\/potenciaradiofonicadominicana.com\/portal\/wp-content\/uploads\/2022\/01\/descarga.png","width":300,"height":100,"caption":"PotenciaRadiofonicaDominicana.com"},"image":{"@id":"https:\/\/potenciaradiofonicadominicana.com\/portal\/#\/schema\/logo\/image\/"},"sameAs":["https:\/\/web.facebook.com\/PotenciaRadiofonicaD"]},{"@type":"Person","@id":"https:\/\/potenciaradiofonicadominicana.com\/portal\/#\/schema\/person\/a5cf1fea13877803ee0573ac18b03490","name":"Potencia Radiof\u00f3nica Dominicana","image":{"@type":"ImageObject","inLanguage":"es","@id":"https:\/\/potenciaradiofonicadominicana.com\/portal\/#\/schema\/person\/image\/","url":"https:\/\/secure.gravatar.com\/avatar\/42a55ab9e8ccc656ba34cd791990602a?s=96&d=mm&r=g","contentUrl":"https:\/\/secure.gravatar.com\/avatar\/42a55ab9e8ccc656ba34cd791990602a?s=96&d=mm&r=g","caption":"Potencia Radiof\u00f3nica Dominicana"},"url":"https:\/\/potenciaradiofonicadominicana.com\/portal\/author\/johannyalmanzar\/"}]}},"_links":{"self":[{"href":"https:\/\/potenciaradiofonicadominicana.com\/portal\/wp-json\/wp\/v2\/posts\/216144","targetHints":{"allow":["GET"]}}],"collection":[{"href":"https:\/\/potenciaradiofonicadominicana.com\/portal\/wp-json\/wp\/v2\/posts"}],"about":[{"href":"https:\/\/potenciaradiofonicadominicana.com\/portal\/wp-json\/wp\/v2\/types\/post"}],"author":[{"embeddable":true,"href":"https:\/\/potenciaradiofonicadominicana.com\/portal\/wp-json\/wp\/v2\/users\/2"}],"replies":[{"embeddable":true,"href":"https:\/\/potenciaradiofonicadominicana.com\/portal\/wp-json\/wp\/v2\/comments?post=216144"}],"version-history":[{"count":1,"href":"https:\/\/potenciaradiofonicadominicana.com\/portal\/wp-json\/wp\/v2\/posts\/216144\/revisions"}],"predecessor-version":[{"id":216146,"href":"https:\/\/potenciaradiofonicadominicana.com\/portal\/wp-json\/wp\/v2\/posts\/216144\/revisions\/216146"}],"wp:featuredmedia":[{"embeddable":true,"href":"https:\/\/potenciaradiofonicadominicana.com\/portal\/wp-json\/wp\/v2\/media\/216145"}],"wp:attachment":[{"href":"https:\/\/potenciaradiofonicadominicana.com\/portal\/wp-json\/wp\/v2\/media?parent=216144"}],"wp:term":[{"taxonomy":"category","embeddable":true,"href":"https:\/\/potenciaradiofonicadominicana.com\/portal\/wp-json\/wp\/v2\/categories?post=216144"},{"taxonomy":"post_tag","embeddable":true,"href":"https:\/\/potenciaradiofonicadominicana.com\/portal\/wp-json\/wp\/v2\/tags?post=216144"}],"curies":[{"name":"wp","href":"https:\/\/api.w.org\/{rel}","templated":true}]}}