{"id":216142,"date":"2026-04-29T22:46:33","date_gmt":"2026-04-30T02:46:33","guid":{"rendered":"https:\/\/potenciaradiofonicadominicana.com\/portal\/?p=216142"},"modified":"2026-04-29T22:46:33","modified_gmt":"2026-04-30T02:46:33","slug":"fuentes-renovables-y-de-gas-natural-representan-el-76-de-la-matriz-de-egehaina","status":"publish","type":"post","link":"https:\/\/potenciaradiofonicadominicana.com\/portal\/fuentes-renovables-y-de-gas-natural-representan-el-76-de-la-matriz-de-egehaina\/","title":{"rendered":"Fuentes renovables y de gas natural representan el 76 % de la matriz de EGEHaina"},"content":{"rendered":"<p><a href=\"https:\/\/potenciaradiofonicadominicana.com\/portal\/wp-content\/uploads\/2026\/04\/whatsapp-image-2026-04-29-at-103829-am-facf3cfe-focus-0-0-896-504.jpg\"><img loading=\"lazy\" decoding=\"async\" class=\"alignnone size-full wp-image-216152\" src=\"https:\/\/potenciaradiofonicadominicana.com\/portal\/wp-content\/uploads\/2026\/04\/whatsapp-image-2026-04-29-at-103829-am-facf3cfe-focus-0-0-896-504.jpg\" alt=\"\" width=\"895\" height=\"504\" srcset=\"https:\/\/potenciaradiofonicadominicana.com\/portal\/wp-content\/uploads\/2026\/04\/whatsapp-image-2026-04-29-at-103829-am-facf3cfe-focus-0-0-896-504.jpg 895w, https:\/\/potenciaradiofonicadominicana.com\/portal\/wp-content\/uploads\/2026\/04\/whatsapp-image-2026-04-29-at-103829-am-facf3cfe-focus-0-0-896-504-300x169.jpg 300w, https:\/\/potenciaradiofonicadominicana.com\/portal\/wp-content\/uploads\/2026\/04\/whatsapp-image-2026-04-29-at-103829-am-facf3cfe-focus-0-0-896-504-768x432.jpg 768w\" sizes=\"auto, (max-width: 895px) 100vw, 895px\" \/><\/a><\/p>\n<p>La Empresa Generadora de Electricidad Haina (EGEHaina) destac\u00f3 el\u00a0avance progresivo\u00a0de las\u00a0fuentes renovables\u00a0y de\u00a0gas natural\u00a0en su\u00a0capacidad instalada, que pasaron de representar el 4.2 % en 2011 a un 76.3 % el a\u00f1o pasado, permitiendo fortalecer su competitividad, contribuir a la descarbonizaci\u00f3n de la matriz el\u00e9ctrica nacional y reduciendo la dependencia de combustibles importados.<\/p>\n<p>En los \u00faltimos 15 a\u00f1os la compa\u00f1\u00eda increment\u00f3 de forma progresiva la participaci\u00f3n de ambas fuentes en su portafolio, de acuerdo con su\u00a0Informe de sostenibilidad 2025.\u00a0En t\u00e9rminos operativos,\u00a0EGEHaina\u00a0alcanz\u00f3 una\u00a0capacidad instalada\u00a0de 1,319.6 megavatios (MW), de los cuales el 39.1 % corresponde a parques renovables y el 37.2 % a centrales a gas natural.<\/p>\n<p>Durante el\u00a02025, la empresa gener\u00f3\u00a03,689.9 gigavatios-hora\u00a0(GWh) de energ\u00eda neta, de los cuales el 70 % provino de\u00a0fuentes renovables y de gas natural. Con ello, supli\u00f3 el 12.6 % de la demanda del Sistema El\u00e9ctrico Nacional Interconectado (SENI) y el 25 % de la energ\u00eda utilizada por los usuarios no regulados.<\/p>\n<p>Asimismo, la compa\u00f1\u00eda avanz\u00f3 en el desarrollo de proyectos como\u00a0Esperanza Renovable, el primer\u00a0parque h\u00edbrido, e\u00f3lico-solar, a gran escala del pa\u00eds, con una capacidad de 200 MW. En paralelo, complet\u00f3 el ciclo combinado de la central\u00a0SIBA Energy, incrementando su capacidad en 75 MW, para contribuir a la eficiencia del sistema el\u00e9ctrico.<\/p>\n<p>Desempe\u00f1o financiero<\/p>\n<p>En el plano financiero, la empresa report\u00f3 una\u00a0rentabilidad\u00a0de\u00a0158 millones de d\u00f3lares, un crecimiento de un 5 % respecto al a\u00f1o anterior, respaldado por una posici\u00f3n de liquidez de 76.8 millones de d\u00f3lares.<\/p>\n<div class=\"my-12 component web-insert-bullet relative border bg-component\">\n<p>Uno de los hitos del per\u00edodo fue el acceso a financiamiento sostenible, con la firma de su primera deuda bancaria verde por 100 millones de d\u00f3lares con Scotiabank y Bladex, destinada a impulsar nuevos proyectos renovables. Este movimiento refleja la creciente confianza del mercado en la solidez financiera y la estrategia de sostenibilidad de la empresa, que mantuvo calificaciones de riesgo internacionales de Ba3 (Moody\u00b4s) y BB- (Fitch), ambas con perspectiva estable, seg\u00fan una nota de prensa.<\/p>\n<\/div>\n<p>\u00abEstos resultados muestran el avance sostenido de\u00a0EGEHaina\u00a0en la transformaci\u00f3n de su matriz energ\u00e9tica y nuestra consolidaci\u00f3n como el\u00a0mayor productor\u00a0de energ\u00eda renovable no convencional de las Antillas. A lo largo de 26 a\u00f1os, hemos contribuido de manera consistente al desarrollo del sistema el\u00e9ctrico nacional, sobre la base de una operaci\u00f3n eficiente, segura y comprometida con la sostenibilidad\u00bb, precis\u00f3\u00a0Jos\u00e9 Rodr\u00edguez Silvestre, gerente general.<\/p>\n<p>Aporte social y ambiental<\/p>\n<p>En el \u00e1mbito social, la empresa desarroll\u00f3\u00a0iniciativas comunitarias\u00a0que beneficiaron directamente a m\u00e1s de\u00a0103 mil personas\u00a0e indirectamente a\u00a02.3 millones, con el objetivo de mejorar el bienestar, la calidad de vida y la resiliencia de las comunidades ubicadas en las zonas de influencia de sus operaciones.<\/p>\n<p>En el aspecto ambiental, la empresa report\u00f3 avances en eficiencia y reducci\u00f3n de emisiones, al disminuir su\u00a0huella de carbono\u00a0y evitar la emisi\u00f3n de 634,295 toneladas de di\u00f3xido de carbono en\u00a02025, un incremento de un 13.3 % en la mitigaci\u00f3n respecto al a\u00f1o anterior.<\/p>\n<p>El resultado estuvo asociado a una mayor participaci\u00f3n de generaci\u00f3n renovable y al avance en el registro del\u00a0programa de actividades,\u00a0vinculado a la emisi\u00f3n de cr\u00e9ditos de carbono en los parques solares Esperanza y Sajoma.<\/p>\n<p>El desempe\u00f1o de EGE Haina se produce en un contexto de creciente\u00a0demanda energ\u00e9tica\u00a0y\u00a0transici\u00f3n global\u00a0hacia econom\u00edas bajas en carbono, posicionando a la empresa como un actor clave en el sistema el\u00e9ctrico nacional, en la atracci\u00f3n de inversiones sostenibles y en el fortalecimiento de la\u00a0competitividad econ\u00f3mica\u00a0de la Rep\u00fablica Dominicana.<\/p>\n","protected":false},"excerpt":{"rendered":"<p>La Empresa Generadora de Electricidad Haina (EGEHaina) destac\u00f3 el\u00a0avance progresivo\u00a0de las\u00a0fuentes renovables\u00a0y de\u00a0gas natural\u00a0en su\u00a0capacidad instalada, que pasaron de representar &#8230;<\/p>\n","protected":false},"author":2,"featured_media":216152,"comment_status":"closed","ping_status":"closed","sticky":false,"template":"","format":"standard","meta":{"footnotes":""},"categories":[26],"tags":[],"class_list":["post-216142","post","type-post","status-publish","format-standard","has-post-thumbnail","hentry","category-economia"],"yoast_head":"<!-- This site is optimized with the Yoast SEO plugin v24.8.1 - https:\/\/yoast.com\/wordpress\/plugins\/seo\/ -->\n<title>Fuentes renovables y de gas natural representan el 76 % de la matriz de EGEHaina - PotenciaRadiofonicaDominicana.com<\/title>\n<meta name=\"robots\" content=\"index, follow, max-snippet:-1, max-image-preview:large, max-video-preview:-1\" \/>\n<link rel=\"canonical\" href=\"https:\/\/potenciaradiofonicadominicana.com\/portal\/fuentes-renovables-y-de-gas-natural-representan-el-76-de-la-matriz-de-egehaina\/\" \/>\n<meta property=\"og:locale\" content=\"es_ES\" \/>\n<meta property=\"og:type\" content=\"article\" \/>\n<meta property=\"og:title\" content=\"Fuentes renovables y de gas natural representan el 76 % de la matriz de EGEHaina - PotenciaRadiofonicaDominicana.com\" \/>\n<meta property=\"og:description\" content=\"La Empresa Generadora de Electricidad Haina (EGEHaina) destac\u00f3 el\u00a0avance progresivo\u00a0de las\u00a0fuentes renovables\u00a0y de\u00a0gas natural\u00a0en su\u00a0capacidad instalada, que pasaron de representar ...\" \/>\n<meta property=\"og:url\" content=\"https:\/\/potenciaradiofonicadominicana.com\/portal\/fuentes-renovables-y-de-gas-natural-representan-el-76-de-la-matriz-de-egehaina\/\" \/>\n<meta property=\"og:site_name\" content=\"PotenciaRadiofonicaDominicana.com\" \/>\n<meta property=\"article:publisher\" content=\"https:\/\/web.facebook.com\/PotenciaRadiofonicaD\" \/>\n<meta property=\"article:published_time\" content=\"2026-04-30T02:46:33+00:00\" \/>\n<meta property=\"og:image\" content=\"https:\/\/potenciaradiofonicadominicana.com\/portal\/wp-content\/uploads\/2026\/04\/whatsapp-image-2026-04-29-at-103829-am-facf3cfe-focus-0-0-896-504.jpg\" \/>\n\t<meta property=\"og:image:width\" content=\"895\" \/>\n\t<meta property=\"og:image:height\" content=\"504\" \/>\n\t<meta property=\"og:image:type\" content=\"image\/jpeg\" \/>\n<meta name=\"author\" content=\"Potencia Radiof\u00f3nica Dominicana\" \/>\n<meta name=\"twitter:card\" content=\"summary_large_image\" \/>\n<meta name=\"twitter:label1\" content=\"Escrito por\" \/>\n\t<meta name=\"twitter:data1\" content=\"Potencia Radiof\u00f3nica Dominicana\" \/>\n\t<meta name=\"twitter:label2\" content=\"Tiempo de lectura\" \/>\n\t<meta name=\"twitter:data2\" content=\"4 minutos\" \/>\n<script type=\"application\/ld+json\" class=\"yoast-schema-graph\">{\"@context\":\"https:\/\/schema.org\",\"@graph\":[{\"@type\":\"Article\",\"@id\":\"https:\/\/potenciaradiofonicadominicana.com\/portal\/fuentes-renovables-y-de-gas-natural-representan-el-76-de-la-matriz-de-egehaina\/#article\",\"isPartOf\":{\"@id\":\"https:\/\/potenciaradiofonicadominicana.com\/portal\/fuentes-renovables-y-de-gas-natural-representan-el-76-de-la-matriz-de-egehaina\/\"},\"author\":{\"name\":\"Potencia Radiof\u00f3nica Dominicana\",\"@id\":\"https:\/\/potenciaradiofonicadominicana.com\/portal\/#\/schema\/person\/a5cf1fea13877803ee0573ac18b03490\"},\"headline\":\"Fuentes renovables y de gas natural representan el 76 % de la matriz de EGEHaina\",\"datePublished\":\"2026-04-30T02:46:33+00:00\",\"mainEntityOfPage\":{\"@id\":\"https:\/\/potenciaradiofonicadominicana.com\/portal\/fuentes-renovables-y-de-gas-natural-representan-el-76-de-la-matriz-de-egehaina\/\"},\"wordCount\":621,\"publisher\":{\"@id\":\"https:\/\/potenciaradiofonicadominicana.com\/portal\/#organization\"},\"image\":{\"@id\":\"https:\/\/potenciaradiofonicadominicana.com\/portal\/fuentes-renovables-y-de-gas-natural-representan-el-76-de-la-matriz-de-egehaina\/#primaryimage\"},\"thumbnailUrl\":\"https:\/\/potenciaradiofonicadominicana.com\/portal\/wp-content\/uploads\/2026\/04\/whatsapp-image-2026-04-29-at-103829-am-facf3cfe-focus-0-0-896-504.jpg\",\"articleSection\":[\"Econom\u00eda\"],\"inLanguage\":\"es\"},{\"@type\":\"WebPage\",\"@id\":\"https:\/\/potenciaradiofonicadominicana.com\/portal\/fuentes-renovables-y-de-gas-natural-representan-el-76-de-la-matriz-de-egehaina\/\",\"url\":\"https:\/\/potenciaradiofonicadominicana.com\/portal\/fuentes-renovables-y-de-gas-natural-representan-el-76-de-la-matriz-de-egehaina\/\",\"name\":\"Fuentes renovables y de gas natural representan el 76 % de la matriz de EGEHaina - PotenciaRadiofonicaDominicana.com\",\"isPartOf\":{\"@id\":\"https:\/\/potenciaradiofonicadominicana.com\/portal\/#website\"},\"primaryImageOfPage\":{\"@id\":\"https:\/\/potenciaradiofonicadominicana.com\/portal\/fuentes-renovables-y-de-gas-natural-representan-el-76-de-la-matriz-de-egehaina\/#primaryimage\"},\"image\":{\"@id\":\"https:\/\/potenciaradiofonicadominicana.com\/portal\/fuentes-renovables-y-de-gas-natural-representan-el-76-de-la-matriz-de-egehaina\/#primaryimage\"},\"thumbnailUrl\":\"https:\/\/potenciaradiofonicadominicana.com\/portal\/wp-content\/uploads\/2026\/04\/whatsapp-image-2026-04-29-at-103829-am-facf3cfe-focus-0-0-896-504.jpg\",\"datePublished\":\"2026-04-30T02:46:33+00:00\",\"breadcrumb\":{\"@id\":\"https:\/\/potenciaradiofonicadominicana.com\/portal\/fuentes-renovables-y-de-gas-natural-representan-el-76-de-la-matriz-de-egehaina\/#breadcrumb\"},\"inLanguage\":\"es\",\"potentialAction\":[{\"@type\":\"ReadAction\",\"target\":[\"https:\/\/potenciaradiofonicadominicana.com\/portal\/fuentes-renovables-y-de-gas-natural-representan-el-76-de-la-matriz-de-egehaina\/\"]}]},{\"@type\":\"ImageObject\",\"inLanguage\":\"es\",\"@id\":\"https:\/\/potenciaradiofonicadominicana.com\/portal\/fuentes-renovables-y-de-gas-natural-representan-el-76-de-la-matriz-de-egehaina\/#primaryimage\",\"url\":\"https:\/\/potenciaradiofonicadominicana.com\/portal\/wp-content\/uploads\/2026\/04\/whatsapp-image-2026-04-29-at-103829-am-facf3cfe-focus-0-0-896-504.jpg\",\"contentUrl\":\"https:\/\/potenciaradiofonicadominicana.com\/portal\/wp-content\/uploads\/2026\/04\/whatsapp-image-2026-04-29-at-103829-am-facf3cfe-focus-0-0-896-504.jpg\",\"width\":895,\"height\":504},{\"@type\":\"BreadcrumbList\",\"@id\":\"https:\/\/potenciaradiofonicadominicana.com\/portal\/fuentes-renovables-y-de-gas-natural-representan-el-76-de-la-matriz-de-egehaina\/#breadcrumb\",\"itemListElement\":[{\"@type\":\"ListItem\",\"position\":1,\"name\":\"Portada\",\"item\":\"https:\/\/potenciaradiofonicadominicana.com\/portal\/\"},{\"@type\":\"ListItem\",\"position\":2,\"name\":\"Fuentes renovables y de gas natural representan el 76 % de la matriz de EGEHaina\"}]},{\"@type\":\"WebSite\",\"@id\":\"https:\/\/potenciaradiofonicadominicana.com\/portal\/#website\",\"url\":\"https:\/\/potenciaradiofonicadominicana.com\/portal\/\",\"name\":\"PotenciaRadiofonicaDominicana.com\",\"description\":\"Peri\u00f3dico Digital\",\"publisher\":{\"@id\":\"https:\/\/potenciaradiofonicadominicana.com\/portal\/#organization\"},\"potentialAction\":[{\"@type\":\"SearchAction\",\"target\":{\"@type\":\"EntryPoint\",\"urlTemplate\":\"https:\/\/potenciaradiofonicadominicana.com\/portal\/?s={search_term_string}\"},\"query-input\":{\"@type\":\"PropertyValueSpecification\",\"valueRequired\":true,\"valueName\":\"search_term_string\"}}],\"inLanguage\":\"es\"},{\"@type\":\"Organization\",\"@id\":\"https:\/\/potenciaradiofonicadominicana.com\/portal\/#organization\",\"name\":\"PotenciaRadiofonicaDominicana.com\",\"url\":\"https:\/\/potenciaradiofonicadominicana.com\/portal\/\",\"logo\":{\"@type\":\"ImageObject\",\"inLanguage\":\"es\",\"@id\":\"https:\/\/potenciaradiofonicadominicana.com\/portal\/#\/schema\/logo\/image\/\",\"url\":\"https:\/\/potenciaradiofonicadominicana.com\/portal\/wp-content\/uploads\/2022\/01\/descarga.png\",\"contentUrl\":\"https:\/\/potenciaradiofonicadominicana.com\/portal\/wp-content\/uploads\/2022\/01\/descarga.png\",\"width\":300,\"height\":100,\"caption\":\"PotenciaRadiofonicaDominicana.com\"},\"image\":{\"@id\":\"https:\/\/potenciaradiofonicadominicana.com\/portal\/#\/schema\/logo\/image\/\"},\"sameAs\":[\"https:\/\/web.facebook.com\/PotenciaRadiofonicaD\"]},{\"@type\":\"Person\",\"@id\":\"https:\/\/potenciaradiofonicadominicana.com\/portal\/#\/schema\/person\/a5cf1fea13877803ee0573ac18b03490\",\"name\":\"Potencia Radiof\u00f3nica Dominicana\",\"image\":{\"@type\":\"ImageObject\",\"inLanguage\":\"es\",\"@id\":\"https:\/\/potenciaradiofonicadominicana.com\/portal\/#\/schema\/person\/image\/\",\"url\":\"https:\/\/secure.gravatar.com\/avatar\/42a55ab9e8ccc656ba34cd791990602a?s=96&d=mm&r=g\",\"contentUrl\":\"https:\/\/secure.gravatar.com\/avatar\/42a55ab9e8ccc656ba34cd791990602a?s=96&d=mm&r=g\",\"caption\":\"Potencia Radiof\u00f3nica Dominicana\"},\"url\":\"https:\/\/potenciaradiofonicadominicana.com\/portal\/author\/johannyalmanzar\/\"}]}<\/script>\n<!-- \/ Yoast SEO plugin. -->","yoast_head_json":{"title":"Fuentes renovables y de gas natural representan el 76 % de la matriz de EGEHaina - PotenciaRadiofonicaDominicana.com","robots":{"index":"index","follow":"follow","max-snippet":"max-snippet:-1","max-image-preview":"max-image-preview:large","max-video-preview":"max-video-preview:-1"},"canonical":"https:\/\/potenciaradiofonicadominicana.com\/portal\/fuentes-renovables-y-de-gas-natural-representan-el-76-de-la-matriz-de-egehaina\/","og_locale":"es_ES","og_type":"article","og_title":"Fuentes renovables y de gas natural representan el 76 % de la matriz de EGEHaina - PotenciaRadiofonicaDominicana.com","og_description":"La Empresa Generadora de Electricidad Haina (EGEHaina) destac\u00f3 el\u00a0avance progresivo\u00a0de las\u00a0fuentes renovables\u00a0y de\u00a0gas natural\u00a0en su\u00a0capacidad instalada, que pasaron de representar ...","og_url":"https:\/\/potenciaradiofonicadominicana.com\/portal\/fuentes-renovables-y-de-gas-natural-representan-el-76-de-la-matriz-de-egehaina\/","og_site_name":"PotenciaRadiofonicaDominicana.com","article_publisher":"https:\/\/web.facebook.com\/PotenciaRadiofonicaD","article_published_time":"2026-04-30T02:46:33+00:00","og_image":[{"width":895,"height":504,"url":"https:\/\/potenciaradiofonicadominicana.com\/portal\/wp-content\/uploads\/2026\/04\/whatsapp-image-2026-04-29-at-103829-am-facf3cfe-focus-0-0-896-504.jpg","type":"image\/jpeg"}],"author":"Potencia Radiof\u00f3nica Dominicana","twitter_card":"summary_large_image","twitter_misc":{"Escrito por":"Potencia Radiof\u00f3nica Dominicana","Tiempo de lectura":"4 minutos"},"schema":{"@context":"https:\/\/schema.org","@graph":[{"@type":"Article","@id":"https:\/\/potenciaradiofonicadominicana.com\/portal\/fuentes-renovables-y-de-gas-natural-representan-el-76-de-la-matriz-de-egehaina\/#article","isPartOf":{"@id":"https:\/\/potenciaradiofonicadominicana.com\/portal\/fuentes-renovables-y-de-gas-natural-representan-el-76-de-la-matriz-de-egehaina\/"},"author":{"name":"Potencia Radiof\u00f3nica Dominicana","@id":"https:\/\/potenciaradiofonicadominicana.com\/portal\/#\/schema\/person\/a5cf1fea13877803ee0573ac18b03490"},"headline":"Fuentes renovables y de gas natural representan el 76 % de la matriz de EGEHaina","datePublished":"2026-04-30T02:46:33+00:00","mainEntityOfPage":{"@id":"https:\/\/potenciaradiofonicadominicana.com\/portal\/fuentes-renovables-y-de-gas-natural-representan-el-76-de-la-matriz-de-egehaina\/"},"wordCount":621,"publisher":{"@id":"https:\/\/potenciaradiofonicadominicana.com\/portal\/#organization"},"image":{"@id":"https:\/\/potenciaradiofonicadominicana.com\/portal\/fuentes-renovables-y-de-gas-natural-representan-el-76-de-la-matriz-de-egehaina\/#primaryimage"},"thumbnailUrl":"https:\/\/potenciaradiofonicadominicana.com\/portal\/wp-content\/uploads\/2026\/04\/whatsapp-image-2026-04-29-at-103829-am-facf3cfe-focus-0-0-896-504.jpg","articleSection":["Econom\u00eda"],"inLanguage":"es"},{"@type":"WebPage","@id":"https:\/\/potenciaradiofonicadominicana.com\/portal\/fuentes-renovables-y-de-gas-natural-representan-el-76-de-la-matriz-de-egehaina\/","url":"https:\/\/potenciaradiofonicadominicana.com\/portal\/fuentes-renovables-y-de-gas-natural-representan-el-76-de-la-matriz-de-egehaina\/","name":"Fuentes renovables y de gas natural representan el 76 % de la matriz de EGEHaina - PotenciaRadiofonicaDominicana.com","isPartOf":{"@id":"https:\/\/potenciaradiofonicadominicana.com\/portal\/#website"},"primaryImageOfPage":{"@id":"https:\/\/potenciaradiofonicadominicana.com\/portal\/fuentes-renovables-y-de-gas-natural-representan-el-76-de-la-matriz-de-egehaina\/#primaryimage"},"image":{"@id":"https:\/\/potenciaradiofonicadominicana.com\/portal\/fuentes-renovables-y-de-gas-natural-representan-el-76-de-la-matriz-de-egehaina\/#primaryimage"},"thumbnailUrl":"https:\/\/potenciaradiofonicadominicana.com\/portal\/wp-content\/uploads\/2026\/04\/whatsapp-image-2026-04-29-at-103829-am-facf3cfe-focus-0-0-896-504.jpg","datePublished":"2026-04-30T02:46:33+00:00","breadcrumb":{"@id":"https:\/\/potenciaradiofonicadominicana.com\/portal\/fuentes-renovables-y-de-gas-natural-representan-el-76-de-la-matriz-de-egehaina\/#breadcrumb"},"inLanguage":"es","potentialAction":[{"@type":"ReadAction","target":["https:\/\/potenciaradiofonicadominicana.com\/portal\/fuentes-renovables-y-de-gas-natural-representan-el-76-de-la-matriz-de-egehaina\/"]}]},{"@type":"ImageObject","inLanguage":"es","@id":"https:\/\/potenciaradiofonicadominicana.com\/portal\/fuentes-renovables-y-de-gas-natural-representan-el-76-de-la-matriz-de-egehaina\/#primaryimage","url":"https:\/\/potenciaradiofonicadominicana.com\/portal\/wp-content\/uploads\/2026\/04\/whatsapp-image-2026-04-29-at-103829-am-facf3cfe-focus-0-0-896-504.jpg","contentUrl":"https:\/\/potenciaradiofonicadominicana.com\/portal\/wp-content\/uploads\/2026\/04\/whatsapp-image-2026-04-29-at-103829-am-facf3cfe-focus-0-0-896-504.jpg","width":895,"height":504},{"@type":"BreadcrumbList","@id":"https:\/\/potenciaradiofonicadominicana.com\/portal\/fuentes-renovables-y-de-gas-natural-representan-el-76-de-la-matriz-de-egehaina\/#breadcrumb","itemListElement":[{"@type":"ListItem","position":1,"name":"Portada","item":"https:\/\/potenciaradiofonicadominicana.com\/portal\/"},{"@type":"ListItem","position":2,"name":"Fuentes renovables y de gas natural representan el 76 % de la matriz de EGEHaina"}]},{"@type":"WebSite","@id":"https:\/\/potenciaradiofonicadominicana.com\/portal\/#website","url":"https:\/\/potenciaradiofonicadominicana.com\/portal\/","name":"PotenciaRadiofonicaDominicana.com","description":"Peri\u00f3dico Digital","publisher":{"@id":"https:\/\/potenciaradiofonicadominicana.com\/portal\/#organization"},"potentialAction":[{"@type":"SearchAction","target":{"@type":"EntryPoint","urlTemplate":"https:\/\/potenciaradiofonicadominicana.com\/portal\/?s={search_term_string}"},"query-input":{"@type":"PropertyValueSpecification","valueRequired":true,"valueName":"search_term_string"}}],"inLanguage":"es"},{"@type":"Organization","@id":"https:\/\/potenciaradiofonicadominicana.com\/portal\/#organization","name":"PotenciaRadiofonicaDominicana.com","url":"https:\/\/potenciaradiofonicadominicana.com\/portal\/","logo":{"@type":"ImageObject","inLanguage":"es","@id":"https:\/\/potenciaradiofonicadominicana.com\/portal\/#\/schema\/logo\/image\/","url":"https:\/\/potenciaradiofonicadominicana.com\/portal\/wp-content\/uploads\/2022\/01\/descarga.png","contentUrl":"https:\/\/potenciaradiofonicadominicana.com\/portal\/wp-content\/uploads\/2022\/01\/descarga.png","width":300,"height":100,"caption":"PotenciaRadiofonicaDominicana.com"},"image":{"@id":"https:\/\/potenciaradiofonicadominicana.com\/portal\/#\/schema\/logo\/image\/"},"sameAs":["https:\/\/web.facebook.com\/PotenciaRadiofonicaD"]},{"@type":"Person","@id":"https:\/\/potenciaradiofonicadominicana.com\/portal\/#\/schema\/person\/a5cf1fea13877803ee0573ac18b03490","name":"Potencia Radiof\u00f3nica Dominicana","image":{"@type":"ImageObject","inLanguage":"es","@id":"https:\/\/potenciaradiofonicadominicana.com\/portal\/#\/schema\/person\/image\/","url":"https:\/\/secure.gravatar.com\/avatar\/42a55ab9e8ccc656ba34cd791990602a?s=96&d=mm&r=g","contentUrl":"https:\/\/secure.gravatar.com\/avatar\/42a55ab9e8ccc656ba34cd791990602a?s=96&d=mm&r=g","caption":"Potencia Radiof\u00f3nica Dominicana"},"url":"https:\/\/potenciaradiofonicadominicana.com\/portal\/author\/johannyalmanzar\/"}]}},"_links":{"self":[{"href":"https:\/\/potenciaradiofonicadominicana.com\/portal\/wp-json\/wp\/v2\/posts\/216142","targetHints":{"allow":["GET"]}}],"collection":[{"href":"https:\/\/potenciaradiofonicadominicana.com\/portal\/wp-json\/wp\/v2\/posts"}],"about":[{"href":"https:\/\/potenciaradiofonicadominicana.com\/portal\/wp-json\/wp\/v2\/types\/post"}],"author":[{"embeddable":true,"href":"https:\/\/potenciaradiofonicadominicana.com\/portal\/wp-json\/wp\/v2\/users\/2"}],"replies":[{"embeddable":true,"href":"https:\/\/potenciaradiofonicadominicana.com\/portal\/wp-json\/wp\/v2\/comments?post=216142"}],"version-history":[{"count":1,"href":"https:\/\/potenciaradiofonicadominicana.com\/portal\/wp-json\/wp\/v2\/posts\/216142\/revisions"}],"predecessor-version":[{"id":216155,"href":"https:\/\/potenciaradiofonicadominicana.com\/portal\/wp-json\/wp\/v2\/posts\/216142\/revisions\/216155"}],"wp:featuredmedia":[{"embeddable":true,"href":"https:\/\/potenciaradiofonicadominicana.com\/portal\/wp-json\/wp\/v2\/media\/216152"}],"wp:attachment":[{"href":"https:\/\/potenciaradiofonicadominicana.com\/portal\/wp-json\/wp\/v2\/media?parent=216142"}],"wp:term":[{"taxonomy":"category","embeddable":true,"href":"https:\/\/potenciaradiofonicadominicana.com\/portal\/wp-json\/wp\/v2\/categories?post=216142"},{"taxonomy":"post_tag","embeddable":true,"href":"https:\/\/potenciaradiofonicadominicana.com\/portal\/wp-json\/wp\/v2\/tags?post=216142"}],"curies":[{"name":"wp","href":"https:\/\/api.w.org\/{rel}","templated":true}]}}