{"id":216140,"date":"2026-04-29T22:37:02","date_gmt":"2026-04-30T02:37:02","guid":{"rendered":"https:\/\/potenciaradiofonicadominicana.com\/portal\/?p=216140"},"modified":"2026-04-29T22:37:02","modified_gmt":"2026-04-30T02:37:02","slug":"los-medias-rojas-colocan-al-as-garrett-crochet-en-la-lista-de-lesionados-por-inflamacion-en-el-hombro","status":"publish","type":"post","link":"https:\/\/potenciaradiofonicadominicana.com\/portal\/los-medias-rojas-colocan-al-as-garrett-crochet-en-la-lista-de-lesionados-por-inflamacion-en-el-hombro\/","title":{"rendered":"Los Medias Rojas colocan al as Garrett Crochet en la lista de lesionados por inflamaci\u00f3n en el hombro"},"content":{"rendered":"<p><a href=\"https:\/\/potenciaradiofonicadominicana.com\/portal\/wp-content\/uploads\/2026\/04\/69f27062a898e.jpeg\"><img loading=\"lazy\" decoding=\"async\" class=\"alignnone size-full wp-image-216141\" src=\"https:\/\/potenciaradiofonicadominicana.com\/portal\/wp-content\/uploads\/2026\/04\/69f27062a898e.jpeg\" alt=\"\" width=\"800\" height=\"533\" srcset=\"https:\/\/potenciaradiofonicadominicana.com\/portal\/wp-content\/uploads\/2026\/04\/69f27062a898e.jpeg 800w, https:\/\/potenciaradiofonicadominicana.com\/portal\/wp-content\/uploads\/2026\/04\/69f27062a898e-300x200.jpeg 300w, https:\/\/potenciaradiofonicadominicana.com\/portal\/wp-content\/uploads\/2026\/04\/69f27062a898e-768x512.jpeg 768w\" sizes=\"auto, (max-width: 800px) 100vw, 800px\" \/><\/a><\/p>\n<p>Los golpes no dejan de llegar para los Medias Rojas en este inicio de la temporada 2026.<\/p>\n<p>Mientras ya se encuentran adapt\u00e1ndose a la vida bajo el manager interino Chad Tracy, Boston perdi\u00f3 a su as Garrett Crochet, quien fue enviado a la lista de lesionados de 15 d\u00edas este mi\u00e9rcoles debido a una inflamaci\u00f3n en el hombro izquierdo.<\/p>\n<p>El movimiento es retroactivo al domingo; para ocupar el lugar de Crochet en el roster de 26 jugadores, el equipo convoc\u00f3 desde Triple-A Worcester al utility Nate Eaton.<\/p>\n<p>\u00abFue solo algo de fatiga que sent\u00ed en mi \u00faltima apertura\u00bb, coment\u00f3 Crochet desde su casillero en el clubhouse de visitantes en el Rogers Centre. \u00abPude batallar y terminar ese juego, pero tiene m\u00e1s sentido adelantarse a esto ahora para no tener que andar recuperando terreno el resto de la temporada\u00bb.<\/p>\n<p>La \u00faltima salida de Crochet fue el s\u00e1bado en Baltimore, donde entreg\u00f3 una de sus aperturas m\u00e1s s\u00f3lidas de 2026. El actual subcampe\u00f3n del Cy Young de la Liga Americana mantuvo a los Orioles sin carreras durante seis entradas, ponchando a siete bateadores.<\/p>\n<p>Esa actuaci\u00f3n fue el cap\u00edtulo m\u00e1s reciente de lo que ha sido una temporada irregular para Crochet.<\/p>\n<p>En seis aperturas, tiene un r\u00e9cord de 3-3 con una efectividad de 6.30, 37 ponches y un WHIP de 1.47, n\u00fameros que se ven abultados por una presentaci\u00f3n de apenas 1 2\/3 entradas contra los Mellizos el 13 de abril, en la que permiti\u00f3 10 carreras limpias.<\/p>\n<p>&nbsp;<\/p>\n<p>\u00abSe trata de recuperar fuerza en el hombro y seguir cumpliendo con las etapas de recuperaci\u00f3n\u00bb, dijo Crochet cuando se le pregunt\u00f3 sobre los pr\u00f3ximos pasos. \u00abAl final del d\u00eda, siento que fue algo prevenible, pero durante el entrenamiento de primavera perd\u00ed fuerza y realmente nunca la recuper\u00e9 por completo\u00bb.<\/p>\n<p>El lanzador de 26 a\u00f1os se\u00f1al\u00f3 que una apertura que se salt\u00f3 durante la primavera pudo haber sido una se\u00f1al inicial de esa p\u00e9rdida de fuerza, pero se siente \u00abbastante confiado\u00bb en que podr\u00e1 regresar una vez que se cumpla el plazo de 15 d\u00edas en la lista de lesionados.<\/p>\n<p>Impacto de las lesiones en el pitcheo de los Medias Rojas<br \/>\n\u00abCreo que esa es la esperanza\u00bb, a\u00f1adi\u00f3 m\u00e1s tarde Tracy. \u00abEspecialmente por el hecho de que ha podido seguir lanzando durante los \u00faltimos d\u00edas. La cuesti\u00f3n era m\u00e1s bien: &#8216;\u00bfSe va a recuperar de esto o va a persistir?&#8217;. Veremos c\u00f3mo responde, pero creo que todos nos sentimos confiados de que as\u00ed ser\u00e1\u00bb.<\/p>\n<p>Los Medias Rojas ya est\u00e1n operando sin una de sus adquisiciones clave de la temporada baja, Sonny Gray, quien est\u00e1 trabajando para regresar de una distensi\u00f3n en el tend\u00f3n de la corva derecha sufrida el 20 de abril.<\/p>\n<p>La ausencia adicional de Crochet pondr\u00e1 a\u00fan m\u00e1s en duda los planes de pitcheo de Boston, especialmente considerando el impacto que el zurdo de 6 pies 6 pulgadas tuvo en su temporada de debut con los Medias Rojas, donde registr\u00f3 una efectividad de 2.59 en 205 1\/3 entradas y 32 aperturas.<\/p>\n<p>Opciones y decisiones para la rotaci\u00f3n de Boston<br \/>\nCrochet estaba programado para abrir el primer juego de la serie de Boston contra Houston este viernes, un puesto que los Medias Rojas han marcado como \u00abTBD\u00bb (por determinar) por el momento.<\/p>\n<p>Jake Bennett, quien ocupa el puesto n\u00famero 6 entre los prospectos de los Medias Rojas seg\u00fan MLB Pipeline, fue retirado de su apertura en Triple-A el martes, un movimiento que Tracy explic\u00f3 que ten\u00eda como fin mantener abiertas sus opciones.<\/p>\n<p>\u00abObviamente, al no haber lanzado Bennett, es una opci\u00f3n\u00bb, dijo Tracy el mi\u00e9rcoles. \u00abPero vamos a hablar de ello despu\u00e9s del partido de hoy, de cara a ma\u00f1ana, y decidiremos qu\u00e9 vamos a hacer. As\u00ed que a\u00fan no hemos decidido qui\u00e9n abrir\u00e1 el viernes\u00bb.<\/p>\n<p>Por su parte, Eaton se unir\u00e1 al club para el final de la serie del mi\u00e9rcoles contra los Azulejos tras un encendido comienzo en las menores.<\/p>\n<p>Eaton, de 29 a\u00f1os, promediaba .292\/.373\/.458 con tres jonrones y seis bases robadas en 27 partidos con Worcester en este inicio de 2026, tras una breve etapa con Boston la temporada pasada.<\/p>\n<p>En 41 juegos con los Medias Rojas en 2025, Eaton bate\u00f3 para .296 con un OPS de .731 y nueve bases robadas.<\/p>\n","protected":false},"excerpt":{"rendered":"<p>Los golpes no dejan de llegar para los Medias Rojas en este inicio de la temporada 2026. Mientras ya se &#8230;<\/p>\n","protected":false},"author":2,"featured_media":216141,"comment_status":"closed","ping_status":"closed","sticky":false,"template":"","format":"standard","meta":{"footnotes":""},"categories":[28],"tags":[],"class_list":["post-216140","post","type-post","status-publish","format-standard","has-post-thumbnail","hentry","category-deportes"],"yoast_head":"<!-- This site is optimized with the Yoast SEO plugin v24.8.1 - https:\/\/yoast.com\/wordpress\/plugins\/seo\/ -->\n<title>Los Medias Rojas colocan al as Garrett Crochet en la lista de lesionados por inflamaci\u00f3n en el hombro - PotenciaRadiofonicaDominicana.com<\/title>\n<meta name=\"robots\" content=\"index, follow, max-snippet:-1, max-image-preview:large, max-video-preview:-1\" \/>\n<link rel=\"canonical\" href=\"https:\/\/potenciaradiofonicadominicana.com\/portal\/los-medias-rojas-colocan-al-as-garrett-crochet-en-la-lista-de-lesionados-por-inflamacion-en-el-hombro\/\" \/>\n<meta property=\"og:locale\" content=\"es_ES\" \/>\n<meta property=\"og:type\" content=\"article\" \/>\n<meta property=\"og:title\" content=\"Los Medias Rojas colocan al as Garrett Crochet en la lista de lesionados por inflamaci\u00f3n en el hombro - PotenciaRadiofonicaDominicana.com\" \/>\n<meta property=\"og:description\" content=\"Los golpes no dejan de llegar para los Medias Rojas en este inicio de la temporada 2026. Mientras ya se ...\" \/>\n<meta property=\"og:url\" content=\"https:\/\/potenciaradiofonicadominicana.com\/portal\/los-medias-rojas-colocan-al-as-garrett-crochet-en-la-lista-de-lesionados-por-inflamacion-en-el-hombro\/\" \/>\n<meta property=\"og:site_name\" content=\"PotenciaRadiofonicaDominicana.com\" \/>\n<meta property=\"article:publisher\" content=\"https:\/\/web.facebook.com\/PotenciaRadiofonicaD\" \/>\n<meta property=\"article:published_time\" content=\"2026-04-30T02:37:02+00:00\" \/>\n<meta property=\"og:image\" content=\"https:\/\/potenciaradiofonicadominicana.com\/portal\/wp-content\/uploads\/2026\/04\/69f27062a898e.jpeg\" \/>\n\t<meta property=\"og:image:width\" content=\"800\" \/>\n\t<meta property=\"og:image:height\" content=\"533\" \/>\n\t<meta property=\"og:image:type\" content=\"image\/jpeg\" \/>\n<meta name=\"author\" content=\"Potencia Radiof\u00f3nica Dominicana\" \/>\n<meta name=\"twitter:card\" content=\"summary_large_image\" \/>\n<meta name=\"twitter:label1\" content=\"Escrito por\" \/>\n\t<meta name=\"twitter:data1\" content=\"Potencia Radiof\u00f3nica Dominicana\" \/>\n\t<meta name=\"twitter:label2\" content=\"Tiempo de lectura\" \/>\n\t<meta name=\"twitter:data2\" content=\"4 minutos\" \/>\n<script type=\"application\/ld+json\" class=\"yoast-schema-graph\">{\"@context\":\"https:\/\/schema.org\",\"@graph\":[{\"@type\":\"Article\",\"@id\":\"https:\/\/potenciaradiofonicadominicana.com\/portal\/los-medias-rojas-colocan-al-as-garrett-crochet-en-la-lista-de-lesionados-por-inflamacion-en-el-hombro\/#article\",\"isPartOf\":{\"@id\":\"https:\/\/potenciaradiofonicadominicana.com\/portal\/los-medias-rojas-colocan-al-as-garrett-crochet-en-la-lista-de-lesionados-por-inflamacion-en-el-hombro\/\"},\"author\":{\"name\":\"Potencia Radiof\u00f3nica Dominicana\",\"@id\":\"https:\/\/potenciaradiofonicadominicana.com\/portal\/#\/schema\/person\/a5cf1fea13877803ee0573ac18b03490\"},\"headline\":\"Los Medias Rojas colocan al as Garrett Crochet en la lista de lesionados por inflamaci\u00f3n en el hombro\",\"datePublished\":\"2026-04-30T02:37:02+00:00\",\"mainEntityOfPage\":{\"@id\":\"https:\/\/potenciaradiofonicadominicana.com\/portal\/los-medias-rojas-colocan-al-as-garrett-crochet-en-la-lista-de-lesionados-por-inflamacion-en-el-hombro\/\"},\"wordCount\":741,\"publisher\":{\"@id\":\"https:\/\/potenciaradiofonicadominicana.com\/portal\/#organization\"},\"image\":{\"@id\":\"https:\/\/potenciaradiofonicadominicana.com\/portal\/los-medias-rojas-colocan-al-as-garrett-crochet-en-la-lista-de-lesionados-por-inflamacion-en-el-hombro\/#primaryimage\"},\"thumbnailUrl\":\"https:\/\/potenciaradiofonicadominicana.com\/portal\/wp-content\/uploads\/2026\/04\/69f27062a898e.jpeg\",\"articleSection\":[\"Deportes\"],\"inLanguage\":\"es\"},{\"@type\":\"WebPage\",\"@id\":\"https:\/\/potenciaradiofonicadominicana.com\/portal\/los-medias-rojas-colocan-al-as-garrett-crochet-en-la-lista-de-lesionados-por-inflamacion-en-el-hombro\/\",\"url\":\"https:\/\/potenciaradiofonicadominicana.com\/portal\/los-medias-rojas-colocan-al-as-garrett-crochet-en-la-lista-de-lesionados-por-inflamacion-en-el-hombro\/\",\"name\":\"Los Medias Rojas colocan al as Garrett Crochet en la lista de lesionados por inflamaci\u00f3n en el hombro - PotenciaRadiofonicaDominicana.com\",\"isPartOf\":{\"@id\":\"https:\/\/potenciaradiofonicadominicana.com\/portal\/#website\"},\"primaryImageOfPage\":{\"@id\":\"https:\/\/potenciaradiofonicadominicana.com\/portal\/los-medias-rojas-colocan-al-as-garrett-crochet-en-la-lista-de-lesionados-por-inflamacion-en-el-hombro\/#primaryimage\"},\"image\":{\"@id\":\"https:\/\/potenciaradiofonicadominicana.com\/portal\/los-medias-rojas-colocan-al-as-garrett-crochet-en-la-lista-de-lesionados-por-inflamacion-en-el-hombro\/#primaryimage\"},\"thumbnailUrl\":\"https:\/\/potenciaradiofonicadominicana.com\/portal\/wp-content\/uploads\/2026\/04\/69f27062a898e.jpeg\",\"datePublished\":\"2026-04-30T02:37:02+00:00\",\"breadcrumb\":{\"@id\":\"https:\/\/potenciaradiofonicadominicana.com\/portal\/los-medias-rojas-colocan-al-as-garrett-crochet-en-la-lista-de-lesionados-por-inflamacion-en-el-hombro\/#breadcrumb\"},\"inLanguage\":\"es\",\"potentialAction\":[{\"@type\":\"ReadAction\",\"target\":[\"https:\/\/potenciaradiofonicadominicana.com\/portal\/los-medias-rojas-colocan-al-as-garrett-crochet-en-la-lista-de-lesionados-por-inflamacion-en-el-hombro\/\"]}]},{\"@type\":\"ImageObject\",\"inLanguage\":\"es\",\"@id\":\"https:\/\/potenciaradiofonicadominicana.com\/portal\/los-medias-rojas-colocan-al-as-garrett-crochet-en-la-lista-de-lesionados-por-inflamacion-en-el-hombro\/#primaryimage\",\"url\":\"https:\/\/potenciaradiofonicadominicana.com\/portal\/wp-content\/uploads\/2026\/04\/69f27062a898e.jpeg\",\"contentUrl\":\"https:\/\/potenciaradiofonicadominicana.com\/portal\/wp-content\/uploads\/2026\/04\/69f27062a898e.jpeg\",\"width\":800,\"height\":533},{\"@type\":\"BreadcrumbList\",\"@id\":\"https:\/\/potenciaradiofonicadominicana.com\/portal\/los-medias-rojas-colocan-al-as-garrett-crochet-en-la-lista-de-lesionados-por-inflamacion-en-el-hombro\/#breadcrumb\",\"itemListElement\":[{\"@type\":\"ListItem\",\"position\":1,\"name\":\"Portada\",\"item\":\"https:\/\/potenciaradiofonicadominicana.com\/portal\/\"},{\"@type\":\"ListItem\",\"position\":2,\"name\":\"Los Medias Rojas colocan al as Garrett Crochet en la lista de lesionados por inflamaci\u00f3n en el hombro\"}]},{\"@type\":\"WebSite\",\"@id\":\"https:\/\/potenciaradiofonicadominicana.com\/portal\/#website\",\"url\":\"https:\/\/potenciaradiofonicadominicana.com\/portal\/\",\"name\":\"PotenciaRadiofonicaDominicana.com\",\"description\":\"Peri\u00f3dico Digital\",\"publisher\":{\"@id\":\"https:\/\/potenciaradiofonicadominicana.com\/portal\/#organization\"},\"potentialAction\":[{\"@type\":\"SearchAction\",\"target\":{\"@type\":\"EntryPoint\",\"urlTemplate\":\"https:\/\/potenciaradiofonicadominicana.com\/portal\/?s={search_term_string}\"},\"query-input\":{\"@type\":\"PropertyValueSpecification\",\"valueRequired\":true,\"valueName\":\"search_term_string\"}}],\"inLanguage\":\"es\"},{\"@type\":\"Organization\",\"@id\":\"https:\/\/potenciaradiofonicadominicana.com\/portal\/#organization\",\"name\":\"PotenciaRadiofonicaDominicana.com\",\"url\":\"https:\/\/potenciaradiofonicadominicana.com\/portal\/\",\"logo\":{\"@type\":\"ImageObject\",\"inLanguage\":\"es\",\"@id\":\"https:\/\/potenciaradiofonicadominicana.com\/portal\/#\/schema\/logo\/image\/\",\"url\":\"https:\/\/potenciaradiofonicadominicana.com\/portal\/wp-content\/uploads\/2022\/01\/descarga.png\",\"contentUrl\":\"https:\/\/potenciaradiofonicadominicana.com\/portal\/wp-content\/uploads\/2022\/01\/descarga.png\",\"width\":300,\"height\":100,\"caption\":\"PotenciaRadiofonicaDominicana.com\"},\"image\":{\"@id\":\"https:\/\/potenciaradiofonicadominicana.com\/portal\/#\/schema\/logo\/image\/\"},\"sameAs\":[\"https:\/\/web.facebook.com\/PotenciaRadiofonicaD\"]},{\"@type\":\"Person\",\"@id\":\"https:\/\/potenciaradiofonicadominicana.com\/portal\/#\/schema\/person\/a5cf1fea13877803ee0573ac18b03490\",\"name\":\"Potencia Radiof\u00f3nica Dominicana\",\"image\":{\"@type\":\"ImageObject\",\"inLanguage\":\"es\",\"@id\":\"https:\/\/potenciaradiofonicadominicana.com\/portal\/#\/schema\/person\/image\/\",\"url\":\"https:\/\/secure.gravatar.com\/avatar\/42a55ab9e8ccc656ba34cd791990602a?s=96&d=mm&r=g\",\"contentUrl\":\"https:\/\/secure.gravatar.com\/avatar\/42a55ab9e8ccc656ba34cd791990602a?s=96&d=mm&r=g\",\"caption\":\"Potencia Radiof\u00f3nica Dominicana\"},\"url\":\"https:\/\/potenciaradiofonicadominicana.com\/portal\/author\/johannyalmanzar\/\"}]}<\/script>\n<!-- \/ Yoast SEO plugin. -->","yoast_head_json":{"title":"Los Medias Rojas colocan al as Garrett Crochet en la lista de lesionados por inflamaci\u00f3n en el hombro - PotenciaRadiofonicaDominicana.com","robots":{"index":"index","follow":"follow","max-snippet":"max-snippet:-1","max-image-preview":"max-image-preview:large","max-video-preview":"max-video-preview:-1"},"canonical":"https:\/\/potenciaradiofonicadominicana.com\/portal\/los-medias-rojas-colocan-al-as-garrett-crochet-en-la-lista-de-lesionados-por-inflamacion-en-el-hombro\/","og_locale":"es_ES","og_type":"article","og_title":"Los Medias Rojas colocan al as Garrett Crochet en la lista de lesionados por inflamaci\u00f3n en el hombro - PotenciaRadiofonicaDominicana.com","og_description":"Los golpes no dejan de llegar para los Medias Rojas en este inicio de la temporada 2026. Mientras ya se ...","og_url":"https:\/\/potenciaradiofonicadominicana.com\/portal\/los-medias-rojas-colocan-al-as-garrett-crochet-en-la-lista-de-lesionados-por-inflamacion-en-el-hombro\/","og_site_name":"PotenciaRadiofonicaDominicana.com","article_publisher":"https:\/\/web.facebook.com\/PotenciaRadiofonicaD","article_published_time":"2026-04-30T02:37:02+00:00","og_image":[{"width":800,"height":533,"url":"https:\/\/potenciaradiofonicadominicana.com\/portal\/wp-content\/uploads\/2026\/04\/69f27062a898e.jpeg","type":"image\/jpeg"}],"author":"Potencia Radiof\u00f3nica Dominicana","twitter_card":"summary_large_image","twitter_misc":{"Escrito por":"Potencia Radiof\u00f3nica Dominicana","Tiempo de lectura":"4 minutos"},"schema":{"@context":"https:\/\/schema.org","@graph":[{"@type":"Article","@id":"https:\/\/potenciaradiofonicadominicana.com\/portal\/los-medias-rojas-colocan-al-as-garrett-crochet-en-la-lista-de-lesionados-por-inflamacion-en-el-hombro\/#article","isPartOf":{"@id":"https:\/\/potenciaradiofonicadominicana.com\/portal\/los-medias-rojas-colocan-al-as-garrett-crochet-en-la-lista-de-lesionados-por-inflamacion-en-el-hombro\/"},"author":{"name":"Potencia Radiof\u00f3nica Dominicana","@id":"https:\/\/potenciaradiofonicadominicana.com\/portal\/#\/schema\/person\/a5cf1fea13877803ee0573ac18b03490"},"headline":"Los Medias Rojas colocan al as Garrett Crochet en la lista de lesionados por inflamaci\u00f3n en el hombro","datePublished":"2026-04-30T02:37:02+00:00","mainEntityOfPage":{"@id":"https:\/\/potenciaradiofonicadominicana.com\/portal\/los-medias-rojas-colocan-al-as-garrett-crochet-en-la-lista-de-lesionados-por-inflamacion-en-el-hombro\/"},"wordCount":741,"publisher":{"@id":"https:\/\/potenciaradiofonicadominicana.com\/portal\/#organization"},"image":{"@id":"https:\/\/potenciaradiofonicadominicana.com\/portal\/los-medias-rojas-colocan-al-as-garrett-crochet-en-la-lista-de-lesionados-por-inflamacion-en-el-hombro\/#primaryimage"},"thumbnailUrl":"https:\/\/potenciaradiofonicadominicana.com\/portal\/wp-content\/uploads\/2026\/04\/69f27062a898e.jpeg","articleSection":["Deportes"],"inLanguage":"es"},{"@type":"WebPage","@id":"https:\/\/potenciaradiofonicadominicana.com\/portal\/los-medias-rojas-colocan-al-as-garrett-crochet-en-la-lista-de-lesionados-por-inflamacion-en-el-hombro\/","url":"https:\/\/potenciaradiofonicadominicana.com\/portal\/los-medias-rojas-colocan-al-as-garrett-crochet-en-la-lista-de-lesionados-por-inflamacion-en-el-hombro\/","name":"Los Medias Rojas colocan al as Garrett Crochet en la lista de lesionados por inflamaci\u00f3n en el hombro - PotenciaRadiofonicaDominicana.com","isPartOf":{"@id":"https:\/\/potenciaradiofonicadominicana.com\/portal\/#website"},"primaryImageOfPage":{"@id":"https:\/\/potenciaradiofonicadominicana.com\/portal\/los-medias-rojas-colocan-al-as-garrett-crochet-en-la-lista-de-lesionados-por-inflamacion-en-el-hombro\/#primaryimage"},"image":{"@id":"https:\/\/potenciaradiofonicadominicana.com\/portal\/los-medias-rojas-colocan-al-as-garrett-crochet-en-la-lista-de-lesionados-por-inflamacion-en-el-hombro\/#primaryimage"},"thumbnailUrl":"https:\/\/potenciaradiofonicadominicana.com\/portal\/wp-content\/uploads\/2026\/04\/69f27062a898e.jpeg","datePublished":"2026-04-30T02:37:02+00:00","breadcrumb":{"@id":"https:\/\/potenciaradiofonicadominicana.com\/portal\/los-medias-rojas-colocan-al-as-garrett-crochet-en-la-lista-de-lesionados-por-inflamacion-en-el-hombro\/#breadcrumb"},"inLanguage":"es","potentialAction":[{"@type":"ReadAction","target":["https:\/\/potenciaradiofonicadominicana.com\/portal\/los-medias-rojas-colocan-al-as-garrett-crochet-en-la-lista-de-lesionados-por-inflamacion-en-el-hombro\/"]}]},{"@type":"ImageObject","inLanguage":"es","@id":"https:\/\/potenciaradiofonicadominicana.com\/portal\/los-medias-rojas-colocan-al-as-garrett-crochet-en-la-lista-de-lesionados-por-inflamacion-en-el-hombro\/#primaryimage","url":"https:\/\/potenciaradiofonicadominicana.com\/portal\/wp-content\/uploads\/2026\/04\/69f27062a898e.jpeg","contentUrl":"https:\/\/potenciaradiofonicadominicana.com\/portal\/wp-content\/uploads\/2026\/04\/69f27062a898e.jpeg","width":800,"height":533},{"@type":"BreadcrumbList","@id":"https:\/\/potenciaradiofonicadominicana.com\/portal\/los-medias-rojas-colocan-al-as-garrett-crochet-en-la-lista-de-lesionados-por-inflamacion-en-el-hombro\/#breadcrumb","itemListElement":[{"@type":"ListItem","position":1,"name":"Portada","item":"https:\/\/potenciaradiofonicadominicana.com\/portal\/"},{"@type":"ListItem","position":2,"name":"Los Medias Rojas colocan al as Garrett Crochet en la lista de lesionados por inflamaci\u00f3n en el hombro"}]},{"@type":"WebSite","@id":"https:\/\/potenciaradiofonicadominicana.com\/portal\/#website","url":"https:\/\/potenciaradiofonicadominicana.com\/portal\/","name":"PotenciaRadiofonicaDominicana.com","description":"Peri\u00f3dico Digital","publisher":{"@id":"https:\/\/potenciaradiofonicadominicana.com\/portal\/#organization"},"potentialAction":[{"@type":"SearchAction","target":{"@type":"EntryPoint","urlTemplate":"https:\/\/potenciaradiofonicadominicana.com\/portal\/?s={search_term_string}"},"query-input":{"@type":"PropertyValueSpecification","valueRequired":true,"valueName":"search_term_string"}}],"inLanguage":"es"},{"@type":"Organization","@id":"https:\/\/potenciaradiofonicadominicana.com\/portal\/#organization","name":"PotenciaRadiofonicaDominicana.com","url":"https:\/\/potenciaradiofonicadominicana.com\/portal\/","logo":{"@type":"ImageObject","inLanguage":"es","@id":"https:\/\/potenciaradiofonicadominicana.com\/portal\/#\/schema\/logo\/image\/","url":"https:\/\/potenciaradiofonicadominicana.com\/portal\/wp-content\/uploads\/2022\/01\/descarga.png","contentUrl":"https:\/\/potenciaradiofonicadominicana.com\/portal\/wp-content\/uploads\/2022\/01\/descarga.png","width":300,"height":100,"caption":"PotenciaRadiofonicaDominicana.com"},"image":{"@id":"https:\/\/potenciaradiofonicadominicana.com\/portal\/#\/schema\/logo\/image\/"},"sameAs":["https:\/\/web.facebook.com\/PotenciaRadiofonicaD"]},{"@type":"Person","@id":"https:\/\/potenciaradiofonicadominicana.com\/portal\/#\/schema\/person\/a5cf1fea13877803ee0573ac18b03490","name":"Potencia Radiof\u00f3nica Dominicana","image":{"@type":"ImageObject","inLanguage":"es","@id":"https:\/\/potenciaradiofonicadominicana.com\/portal\/#\/schema\/person\/image\/","url":"https:\/\/secure.gravatar.com\/avatar\/42a55ab9e8ccc656ba34cd791990602a?s=96&d=mm&r=g","contentUrl":"https:\/\/secure.gravatar.com\/avatar\/42a55ab9e8ccc656ba34cd791990602a?s=96&d=mm&r=g","caption":"Potencia Radiof\u00f3nica Dominicana"},"url":"https:\/\/potenciaradiofonicadominicana.com\/portal\/author\/johannyalmanzar\/"}]}},"_links":{"self":[{"href":"https:\/\/potenciaradiofonicadominicana.com\/portal\/wp-json\/wp\/v2\/posts\/216140","targetHints":{"allow":["GET"]}}],"collection":[{"href":"https:\/\/potenciaradiofonicadominicana.com\/portal\/wp-json\/wp\/v2\/posts"}],"about":[{"href":"https:\/\/potenciaradiofonicadominicana.com\/portal\/wp-json\/wp\/v2\/types\/post"}],"author":[{"embeddable":true,"href":"https:\/\/potenciaradiofonicadominicana.com\/portal\/wp-json\/wp\/v2\/users\/2"}],"replies":[{"embeddable":true,"href":"https:\/\/potenciaradiofonicadominicana.com\/portal\/wp-json\/wp\/v2\/comments?post=216140"}],"version-history":[{"count":1,"href":"https:\/\/potenciaradiofonicadominicana.com\/portal\/wp-json\/wp\/v2\/posts\/216140\/revisions"}],"predecessor-version":[{"id":216143,"href":"https:\/\/potenciaradiofonicadominicana.com\/portal\/wp-json\/wp\/v2\/posts\/216140\/revisions\/216143"}],"wp:featuredmedia":[{"embeddable":true,"href":"https:\/\/potenciaradiofonicadominicana.com\/portal\/wp-json\/wp\/v2\/media\/216141"}],"wp:attachment":[{"href":"https:\/\/potenciaradiofonicadominicana.com\/portal\/wp-json\/wp\/v2\/media?parent=216140"}],"wp:term":[{"taxonomy":"category","embeddable":true,"href":"https:\/\/potenciaradiofonicadominicana.com\/portal\/wp-json\/wp\/v2\/categories?post=216140"},{"taxonomy":"post_tag","embeddable":true,"href":"https:\/\/potenciaradiofonicadominicana.com\/portal\/wp-json\/wp\/v2\/tags?post=216140"}],"curies":[{"name":"wp","href":"https:\/\/api.w.org\/{rel}","templated":true}]}}