{"id":216137,"date":"2026-04-29T22:29:22","date_gmt":"2026-04-30T02:29:22","guid":{"rendered":"https:\/\/potenciaradiofonicadominicana.com\/portal\/?p=216137"},"modified":"2026-04-29T22:29:22","modified_gmt":"2026-04-30T02:29:22","slug":"las-voces-humanas-generadas-por-inteligencia-artificial-ya-se-entienden-mejor-que-las-naturales","status":"publish","type":"post","link":"https:\/\/potenciaradiofonicadominicana.com\/portal\/las-voces-humanas-generadas-por-inteligencia-artificial-ya-se-entienden-mejor-que-las-naturales\/","title":{"rendered":"Las voces humanas generadas por inteligencia artificial ya se entienden mejor que las naturales"},"content":{"rendered":"<p><a href=\"https:\/\/potenciaradiofonicadominicana.com\/portal\/wp-content\/uploads\/2026\/04\/7854_las-voces-humanas-generadas-por-inteligencia.jpg\"><img loading=\"lazy\" decoding=\"async\" class=\"alignnone size-full wp-image-216138\" src=\"https:\/\/potenciaradiofonicadominicana.com\/portal\/wp-content\/uploads\/2026\/04\/7854_las-voces-humanas-generadas-por-inteligencia.jpg\" alt=\"\" width=\"670\" height=\"447\" srcset=\"https:\/\/potenciaradiofonicadominicana.com\/portal\/wp-content\/uploads\/2026\/04\/7854_las-voces-humanas-generadas-por-inteligencia.jpg 670w, https:\/\/potenciaradiofonicadominicana.com\/portal\/wp-content\/uploads\/2026\/04\/7854_las-voces-humanas-generadas-por-inteligencia-300x200.jpg 300w\" sizes=\"auto, (max-width: 670px) 100vw, 670px\" \/><\/a><\/p>\n<p>Lejos quedan ya los tiempos de las voces rob\u00f3ticas sin entonaci\u00f3n y con un timbre claramente artificial que se comenzaron a escuchar en los albores de la generaci\u00f3n de voz por ordenador o que aparec\u00edan en pel\u00edculas y series de ciencia-ficci\u00f3n con robots. La imitaci\u00f3n de la voz humana por v\u00eda digital, sobre todo desde la llegada de la inteligencia artificial, ha progresado tanto que actualmente un sistema inform\u00e1tico puede hablar con un timbre de voz id\u00e9ntico al de una persona, pudiendo suplantarla en una conversaci\u00f3n. Ahora, unos ingenieros han dado un paso cr\u00edtico, que marca un antes y un despu\u00e9s; ahora la s\u00edntesis artificial de voz no solo iguala a la natural sino que la supera: las nuevas voces sint\u00e9ticas se entienden mejor que las naturales al hablar.<\/p>\n<div class=\"google-auto-placed ap_container\"><ins class=\"adsbygoogle adsbygoogle-noablate\" data-ad-format=\"auto\" data-ad-client=\"ca-pub-5663005764905852\" data-adsbygoogle-status=\"done\" data-ad-status=\"unfilled\"><\/p>\n<div id=\"aswift_2_host\"><\/div>\n<p><\/ins><\/div>\n<p>Las voces sint\u00e9ticas capaces de hablar forman parte cada vez m\u00e1s de nuestra vida cotidiana, desde asistentes digitales como Siri y Alexa hasta teleoperadores automatizados y contestadores autom\u00e1ticos. Con la expansi\u00f3n de la IA generativa, se ha desarrollado un nuevo tipo de voz sint\u00e9tica: los clones de voz, capaces de forjar una r\u00e9plica exacta de la voz de una persona a partir de tan solo unos segundos de grabaci\u00f3n.<\/p>\n<p>&nbsp;<\/p>\n<p>Patti Adank, del University College de Londres, y Han Wang, de la Universidad de Roehampton en Londres, ambas instituciones del Reino Unido, evaluaron la inteligibilidad de la voz humana y la de los clones de voz. Descubrieron que los clones de voz son m\u00e1s f\u00e1ciles de entender que las voces humanas originales en entornos ruidosos.<\/p>\n<p>&nbsp;<\/p>\n<p>Los clones de voz se diferencian de las voces sint\u00e9ticas tradicionales en la cantidad de muestreo que requieren. Las voces sint\u00e9ticas como la de Siri exigen que un actor o actriz de voz pase horas en un estudio de grabaci\u00f3n. En cambio, un clon de voz puede crearse con tan solo 10 segundos de grabaci\u00f3n, lo que ampl\u00eda significativamente la cantidad de voces potenciales, as\u00ed como la de aplicaciones pr\u00e1cticas posibles.<\/p>\n<div class=\"google-auto-placed ap_container\"><ins class=\"adsbygoogle adsbygoogle-noablate\" data-ad-format=\"auto\" data-ad-client=\"ca-pub-5663005764905852\" data-adsbygoogle-status=\"done\" data-ad-status=\"unfill-optimized\"><\/p>\n<div id=\"aswift_3_host\">\n<div class=\"google-aiuf\" data-google-ad-efd=\"true\">\n<div class=\"goog-rentries\">\n<div><\/div>\n<\/div>\n<\/div>\n<\/div>\n<p><\/ins><\/div>\n<p><span class=\"RichTextAlignCenter citewrapper\"><img decoding=\"async\" class=\"RichTextAlignCenter\" src=\"https:\/\/noticiasdelaciencia.com\/upload\/images\/04_2026\/7854_las-voces-humanas-generadas-por-inteligencia.jpg\" alt=\"[Img #78621]\" \/><\/span><\/p>\n<div class=\"imagefooterprint\"><\/div>\n<p>Los clones de voz, que pueden recrear el timbre de voz y la forma de hablar de una persona tras analizar unos segundos de grabaci\u00f3n de su voz, han alcanzado un nivel de perfecci\u00f3n asombroso. (Ilustraci\u00f3n: American Institute of Physics)<\/p>\n<p>Adank y Wang se han especializado en investigar la percepci\u00f3n humana del habla y les fascinaba la idea del habla replicada por una m\u00e1quina. Una pregunta clave que quer\u00edan responder es: \u00bfCu\u00e1n f\u00e1cil resulta para la persona promedio comprender las palabras pronunciadas por los clones de voz? Sospechaban que los clones de voz ser\u00edan simplemente representaciones, con una calidad algo inferior, de voces humanas reales y que la gente tendr\u00eda m\u00e1s dificultades para entender una voz cl\u00f3nica que una natural cuando las condiciones de audici\u00f3n no fuesen las ideales. Lo que descubrieron fue completamente diferente.<\/p>\n<p>&nbsp;<\/p>\n<p>Al principio, los sujetos de estudio escucharon voces humanas y clones de voz. Se les pidi\u00f3 que calificaran su inteligibilidad.<\/p>\n<p>&nbsp;<\/p>\n<p>Tras comprobar que los clones de voz tend\u00edan a ser calificados como m\u00e1s f\u00e1ciles de entender, repitieron el experimento con voluntarios de edad avanzada para determinar si la p\u00e9rdida auditiva asociada al envejecimiento alteraba el efecto. Tambi\u00e9n lo hicieron con voluntarios estadounidenses, siendo la cohorte original brit\u00e1nica, ya que quer\u00edan averiguar si el acento influ\u00eda. Incluso emplearon un filtro dise\u00f1ado para imitar implantes cocleares, a fin de averiguar si las personas cuya percepci\u00f3n auditiva se realiza de este modo son capaces de captar diferencias entre una voz natural y otra digital cl\u00f3nica.<\/p>\n<div class=\"google-auto-placed ap_container\"><ins class=\"adsbygoogle adsbygoogle-noablate\" data-ad-format=\"auto\" data-ad-client=\"ca-pub-5663005764905852\" data-adsbygoogle-status=\"done\" data-ad-status=\"unfill-optimized\"><\/p>\n<div id=\"aswift_5_host\">\n<div class=\"google-aiuf\" data-google-ad-efd=\"true\">\n<div class=\"goog-rentries\">\n<div><\/div>\n<\/div>\n<\/div>\n<\/div>\n<p><\/ins><\/div>\n<p>En todos los casos, la mayor\u00eda de los sujetos de estudio entend\u00eda mejor a las voces clonadas que a las reales cuando el ambiente era ruidoso. Concretamente, las voces cl\u00f3nicas generadas mediante inteligencia artificial eran hasta un 20% m\u00e1s inteligibles que las voces naturales en las que se basaban. En otras palabras, no solo las han igualado en calidad sino que las han superado.<\/p>\n<p>&nbsp;<\/p>\n<p>El estudio se titula \u201cVoice clones are easier to understand in noise than their human originals: the voice cloning intelligibility benefit\u201d. Y se ha publicado en la revista acad\u00e9mica The Journal of the Acoustical Society of America. (Fuente:\u00a0<a href=\"https:\/\/noticiasdelaciencia.com\/\">NCYT de Amazings<\/a>)<\/p>\n","protected":false},"excerpt":{"rendered":"<p>Lejos quedan ya los tiempos de las voces rob\u00f3ticas sin entonaci\u00f3n y con un timbre claramente artificial que se comenzaron &#8230;<\/p>\n","protected":false},"author":2,"featured_media":216138,"comment_status":"closed","ping_status":"closed","sticky":false,"template":"","format":"standard","meta":{"footnotes":""},"categories":[14],"tags":[],"class_list":["post-216137","post","type-post","status-publish","format-standard","has-post-thumbnail","hentry","category-ciencia-y-tecnologia"],"yoast_head":"<!-- This site is optimized with the Yoast SEO plugin v24.8.1 - https:\/\/yoast.com\/wordpress\/plugins\/seo\/ -->\n<title>Las voces humanas generadas por inteligencia artificial ya se entienden mejor que las naturales - PotenciaRadiofonicaDominicana.com<\/title>\n<meta name=\"robots\" content=\"index, follow, max-snippet:-1, max-image-preview:large, max-video-preview:-1\" \/>\n<link rel=\"canonical\" href=\"https:\/\/potenciaradiofonicadominicana.com\/portal\/las-voces-humanas-generadas-por-inteligencia-artificial-ya-se-entienden-mejor-que-las-naturales\/\" \/>\n<meta property=\"og:locale\" content=\"es_ES\" \/>\n<meta property=\"og:type\" content=\"article\" \/>\n<meta property=\"og:title\" content=\"Las voces humanas generadas por inteligencia artificial ya se entienden mejor que las naturales - PotenciaRadiofonicaDominicana.com\" \/>\n<meta property=\"og:description\" content=\"Lejos quedan ya los tiempos de las voces rob\u00f3ticas sin entonaci\u00f3n y con un timbre claramente artificial que se comenzaron ...\" \/>\n<meta property=\"og:url\" content=\"https:\/\/potenciaradiofonicadominicana.com\/portal\/las-voces-humanas-generadas-por-inteligencia-artificial-ya-se-entienden-mejor-que-las-naturales\/\" \/>\n<meta property=\"og:site_name\" content=\"PotenciaRadiofonicaDominicana.com\" \/>\n<meta property=\"article:publisher\" content=\"https:\/\/web.facebook.com\/PotenciaRadiofonicaD\" \/>\n<meta property=\"article:published_time\" content=\"2026-04-30T02:29:22+00:00\" \/>\n<meta property=\"og:image\" content=\"https:\/\/potenciaradiofonicadominicana.com\/portal\/wp-content\/uploads\/2026\/04\/7854_las-voces-humanas-generadas-por-inteligencia.jpg\" \/>\n\t<meta property=\"og:image:width\" content=\"670\" \/>\n\t<meta property=\"og:image:height\" content=\"447\" \/>\n\t<meta property=\"og:image:type\" content=\"image\/jpeg\" \/>\n<meta name=\"author\" content=\"Potencia Radiof\u00f3nica Dominicana\" \/>\n<meta name=\"twitter:card\" content=\"summary_large_image\" \/>\n<meta name=\"twitter:label1\" content=\"Escrito por\" \/>\n\t<meta name=\"twitter:data1\" content=\"Potencia Radiof\u00f3nica Dominicana\" \/>\n\t<meta name=\"twitter:label2\" content=\"Tiempo de lectura\" \/>\n\t<meta name=\"twitter:data2\" content=\"4 minutos\" \/>\n<script type=\"application\/ld+json\" class=\"yoast-schema-graph\">{\"@context\":\"https:\/\/schema.org\",\"@graph\":[{\"@type\":\"Article\",\"@id\":\"https:\/\/potenciaradiofonicadominicana.com\/portal\/las-voces-humanas-generadas-por-inteligencia-artificial-ya-se-entienden-mejor-que-las-naturales\/#article\",\"isPartOf\":{\"@id\":\"https:\/\/potenciaradiofonicadominicana.com\/portal\/las-voces-humanas-generadas-por-inteligencia-artificial-ya-se-entienden-mejor-que-las-naturales\/\"},\"author\":{\"name\":\"Potencia Radiof\u00f3nica Dominicana\",\"@id\":\"https:\/\/potenciaradiofonicadominicana.com\/portal\/#\/schema\/person\/a5cf1fea13877803ee0573ac18b03490\"},\"headline\":\"Las voces humanas generadas por inteligencia artificial ya se entienden mejor que las naturales\",\"datePublished\":\"2026-04-30T02:29:22+00:00\",\"mainEntityOfPage\":{\"@id\":\"https:\/\/potenciaradiofonicadominicana.com\/portal\/las-voces-humanas-generadas-por-inteligencia-artificial-ya-se-entienden-mejor-que-las-naturales\/\"},\"wordCount\":752,\"publisher\":{\"@id\":\"https:\/\/potenciaradiofonicadominicana.com\/portal\/#organization\"},\"image\":{\"@id\":\"https:\/\/potenciaradiofonicadominicana.com\/portal\/las-voces-humanas-generadas-por-inteligencia-artificial-ya-se-entienden-mejor-que-las-naturales\/#primaryimage\"},\"thumbnailUrl\":\"https:\/\/potenciaradiofonicadominicana.com\/portal\/wp-content\/uploads\/2026\/04\/7854_las-voces-humanas-generadas-por-inteligencia.jpg\",\"articleSection\":[\"Ciencia y Tecnolog\u00eda\"],\"inLanguage\":\"es\"},{\"@type\":\"WebPage\",\"@id\":\"https:\/\/potenciaradiofonicadominicana.com\/portal\/las-voces-humanas-generadas-por-inteligencia-artificial-ya-se-entienden-mejor-que-las-naturales\/\",\"url\":\"https:\/\/potenciaradiofonicadominicana.com\/portal\/las-voces-humanas-generadas-por-inteligencia-artificial-ya-se-entienden-mejor-que-las-naturales\/\",\"name\":\"Las voces humanas generadas por inteligencia artificial ya se entienden mejor que las naturales - PotenciaRadiofonicaDominicana.com\",\"isPartOf\":{\"@id\":\"https:\/\/potenciaradiofonicadominicana.com\/portal\/#website\"},\"primaryImageOfPage\":{\"@id\":\"https:\/\/potenciaradiofonicadominicana.com\/portal\/las-voces-humanas-generadas-por-inteligencia-artificial-ya-se-entienden-mejor-que-las-naturales\/#primaryimage\"},\"image\":{\"@id\":\"https:\/\/potenciaradiofonicadominicana.com\/portal\/las-voces-humanas-generadas-por-inteligencia-artificial-ya-se-entienden-mejor-que-las-naturales\/#primaryimage\"},\"thumbnailUrl\":\"https:\/\/potenciaradiofonicadominicana.com\/portal\/wp-content\/uploads\/2026\/04\/7854_las-voces-humanas-generadas-por-inteligencia.jpg\",\"datePublished\":\"2026-04-30T02:29:22+00:00\",\"breadcrumb\":{\"@id\":\"https:\/\/potenciaradiofonicadominicana.com\/portal\/las-voces-humanas-generadas-por-inteligencia-artificial-ya-se-entienden-mejor-que-las-naturales\/#breadcrumb\"},\"inLanguage\":\"es\",\"potentialAction\":[{\"@type\":\"ReadAction\",\"target\":[\"https:\/\/potenciaradiofonicadominicana.com\/portal\/las-voces-humanas-generadas-por-inteligencia-artificial-ya-se-entienden-mejor-que-las-naturales\/\"]}]},{\"@type\":\"ImageObject\",\"inLanguage\":\"es\",\"@id\":\"https:\/\/potenciaradiofonicadominicana.com\/portal\/las-voces-humanas-generadas-por-inteligencia-artificial-ya-se-entienden-mejor-que-las-naturales\/#primaryimage\",\"url\":\"https:\/\/potenciaradiofonicadominicana.com\/portal\/wp-content\/uploads\/2026\/04\/7854_las-voces-humanas-generadas-por-inteligencia.jpg\",\"contentUrl\":\"https:\/\/potenciaradiofonicadominicana.com\/portal\/wp-content\/uploads\/2026\/04\/7854_las-voces-humanas-generadas-por-inteligencia.jpg\",\"width\":670,\"height\":447},{\"@type\":\"BreadcrumbList\",\"@id\":\"https:\/\/potenciaradiofonicadominicana.com\/portal\/las-voces-humanas-generadas-por-inteligencia-artificial-ya-se-entienden-mejor-que-las-naturales\/#breadcrumb\",\"itemListElement\":[{\"@type\":\"ListItem\",\"position\":1,\"name\":\"Portada\",\"item\":\"https:\/\/potenciaradiofonicadominicana.com\/portal\/\"},{\"@type\":\"ListItem\",\"position\":2,\"name\":\"Las voces humanas generadas por inteligencia artificial ya se entienden mejor que las naturales\"}]},{\"@type\":\"WebSite\",\"@id\":\"https:\/\/potenciaradiofonicadominicana.com\/portal\/#website\",\"url\":\"https:\/\/potenciaradiofonicadominicana.com\/portal\/\",\"name\":\"PotenciaRadiofonicaDominicana.com\",\"description\":\"Peri\u00f3dico Digital\",\"publisher\":{\"@id\":\"https:\/\/potenciaradiofonicadominicana.com\/portal\/#organization\"},\"potentialAction\":[{\"@type\":\"SearchAction\",\"target\":{\"@type\":\"EntryPoint\",\"urlTemplate\":\"https:\/\/potenciaradiofonicadominicana.com\/portal\/?s={search_term_string}\"},\"query-input\":{\"@type\":\"PropertyValueSpecification\",\"valueRequired\":true,\"valueName\":\"search_term_string\"}}],\"inLanguage\":\"es\"},{\"@type\":\"Organization\",\"@id\":\"https:\/\/potenciaradiofonicadominicana.com\/portal\/#organization\",\"name\":\"PotenciaRadiofonicaDominicana.com\",\"url\":\"https:\/\/potenciaradiofonicadominicana.com\/portal\/\",\"logo\":{\"@type\":\"ImageObject\",\"inLanguage\":\"es\",\"@id\":\"https:\/\/potenciaradiofonicadominicana.com\/portal\/#\/schema\/logo\/image\/\",\"url\":\"https:\/\/potenciaradiofonicadominicana.com\/portal\/wp-content\/uploads\/2022\/01\/descarga.png\",\"contentUrl\":\"https:\/\/potenciaradiofonicadominicana.com\/portal\/wp-content\/uploads\/2022\/01\/descarga.png\",\"width\":300,\"height\":100,\"caption\":\"PotenciaRadiofonicaDominicana.com\"},\"image\":{\"@id\":\"https:\/\/potenciaradiofonicadominicana.com\/portal\/#\/schema\/logo\/image\/\"},\"sameAs\":[\"https:\/\/web.facebook.com\/PotenciaRadiofonicaD\"]},{\"@type\":\"Person\",\"@id\":\"https:\/\/potenciaradiofonicadominicana.com\/portal\/#\/schema\/person\/a5cf1fea13877803ee0573ac18b03490\",\"name\":\"Potencia Radiof\u00f3nica Dominicana\",\"image\":{\"@type\":\"ImageObject\",\"inLanguage\":\"es\",\"@id\":\"https:\/\/potenciaradiofonicadominicana.com\/portal\/#\/schema\/person\/image\/\",\"url\":\"https:\/\/secure.gravatar.com\/avatar\/42a55ab9e8ccc656ba34cd791990602a?s=96&d=mm&r=g\",\"contentUrl\":\"https:\/\/secure.gravatar.com\/avatar\/42a55ab9e8ccc656ba34cd791990602a?s=96&d=mm&r=g\",\"caption\":\"Potencia Radiof\u00f3nica Dominicana\"},\"url\":\"https:\/\/potenciaradiofonicadominicana.com\/portal\/author\/johannyalmanzar\/\"}]}<\/script>\n<!-- \/ Yoast SEO plugin. -->","yoast_head_json":{"title":"Las voces humanas generadas por inteligencia artificial ya se entienden mejor que las naturales - PotenciaRadiofonicaDominicana.com","robots":{"index":"index","follow":"follow","max-snippet":"max-snippet:-1","max-image-preview":"max-image-preview:large","max-video-preview":"max-video-preview:-1"},"canonical":"https:\/\/potenciaradiofonicadominicana.com\/portal\/las-voces-humanas-generadas-por-inteligencia-artificial-ya-se-entienden-mejor-que-las-naturales\/","og_locale":"es_ES","og_type":"article","og_title":"Las voces humanas generadas por inteligencia artificial ya se entienden mejor que las naturales - PotenciaRadiofonicaDominicana.com","og_description":"Lejos quedan ya los tiempos de las voces rob\u00f3ticas sin entonaci\u00f3n y con un timbre claramente artificial que se comenzaron ...","og_url":"https:\/\/potenciaradiofonicadominicana.com\/portal\/las-voces-humanas-generadas-por-inteligencia-artificial-ya-se-entienden-mejor-que-las-naturales\/","og_site_name":"PotenciaRadiofonicaDominicana.com","article_publisher":"https:\/\/web.facebook.com\/PotenciaRadiofonicaD","article_published_time":"2026-04-30T02:29:22+00:00","og_image":[{"width":670,"height":447,"url":"https:\/\/potenciaradiofonicadominicana.com\/portal\/wp-content\/uploads\/2026\/04\/7854_las-voces-humanas-generadas-por-inteligencia.jpg","type":"image\/jpeg"}],"author":"Potencia Radiof\u00f3nica Dominicana","twitter_card":"summary_large_image","twitter_misc":{"Escrito por":"Potencia Radiof\u00f3nica Dominicana","Tiempo de lectura":"4 minutos"},"schema":{"@context":"https:\/\/schema.org","@graph":[{"@type":"Article","@id":"https:\/\/potenciaradiofonicadominicana.com\/portal\/las-voces-humanas-generadas-por-inteligencia-artificial-ya-se-entienden-mejor-que-las-naturales\/#article","isPartOf":{"@id":"https:\/\/potenciaradiofonicadominicana.com\/portal\/las-voces-humanas-generadas-por-inteligencia-artificial-ya-se-entienden-mejor-que-las-naturales\/"},"author":{"name":"Potencia Radiof\u00f3nica Dominicana","@id":"https:\/\/potenciaradiofonicadominicana.com\/portal\/#\/schema\/person\/a5cf1fea13877803ee0573ac18b03490"},"headline":"Las voces humanas generadas por inteligencia artificial ya se entienden mejor que las naturales","datePublished":"2026-04-30T02:29:22+00:00","mainEntityOfPage":{"@id":"https:\/\/potenciaradiofonicadominicana.com\/portal\/las-voces-humanas-generadas-por-inteligencia-artificial-ya-se-entienden-mejor-que-las-naturales\/"},"wordCount":752,"publisher":{"@id":"https:\/\/potenciaradiofonicadominicana.com\/portal\/#organization"},"image":{"@id":"https:\/\/potenciaradiofonicadominicana.com\/portal\/las-voces-humanas-generadas-por-inteligencia-artificial-ya-se-entienden-mejor-que-las-naturales\/#primaryimage"},"thumbnailUrl":"https:\/\/potenciaradiofonicadominicana.com\/portal\/wp-content\/uploads\/2026\/04\/7854_las-voces-humanas-generadas-por-inteligencia.jpg","articleSection":["Ciencia y Tecnolog\u00eda"],"inLanguage":"es"},{"@type":"WebPage","@id":"https:\/\/potenciaradiofonicadominicana.com\/portal\/las-voces-humanas-generadas-por-inteligencia-artificial-ya-se-entienden-mejor-que-las-naturales\/","url":"https:\/\/potenciaradiofonicadominicana.com\/portal\/las-voces-humanas-generadas-por-inteligencia-artificial-ya-se-entienden-mejor-que-las-naturales\/","name":"Las voces humanas generadas por inteligencia artificial ya se entienden mejor que las naturales - PotenciaRadiofonicaDominicana.com","isPartOf":{"@id":"https:\/\/potenciaradiofonicadominicana.com\/portal\/#website"},"primaryImageOfPage":{"@id":"https:\/\/potenciaradiofonicadominicana.com\/portal\/las-voces-humanas-generadas-por-inteligencia-artificial-ya-se-entienden-mejor-que-las-naturales\/#primaryimage"},"image":{"@id":"https:\/\/potenciaradiofonicadominicana.com\/portal\/las-voces-humanas-generadas-por-inteligencia-artificial-ya-se-entienden-mejor-que-las-naturales\/#primaryimage"},"thumbnailUrl":"https:\/\/potenciaradiofonicadominicana.com\/portal\/wp-content\/uploads\/2026\/04\/7854_las-voces-humanas-generadas-por-inteligencia.jpg","datePublished":"2026-04-30T02:29:22+00:00","breadcrumb":{"@id":"https:\/\/potenciaradiofonicadominicana.com\/portal\/las-voces-humanas-generadas-por-inteligencia-artificial-ya-se-entienden-mejor-que-las-naturales\/#breadcrumb"},"inLanguage":"es","potentialAction":[{"@type":"ReadAction","target":["https:\/\/potenciaradiofonicadominicana.com\/portal\/las-voces-humanas-generadas-por-inteligencia-artificial-ya-se-entienden-mejor-que-las-naturales\/"]}]},{"@type":"ImageObject","inLanguage":"es","@id":"https:\/\/potenciaradiofonicadominicana.com\/portal\/las-voces-humanas-generadas-por-inteligencia-artificial-ya-se-entienden-mejor-que-las-naturales\/#primaryimage","url":"https:\/\/potenciaradiofonicadominicana.com\/portal\/wp-content\/uploads\/2026\/04\/7854_las-voces-humanas-generadas-por-inteligencia.jpg","contentUrl":"https:\/\/potenciaradiofonicadominicana.com\/portal\/wp-content\/uploads\/2026\/04\/7854_las-voces-humanas-generadas-por-inteligencia.jpg","width":670,"height":447},{"@type":"BreadcrumbList","@id":"https:\/\/potenciaradiofonicadominicana.com\/portal\/las-voces-humanas-generadas-por-inteligencia-artificial-ya-se-entienden-mejor-que-las-naturales\/#breadcrumb","itemListElement":[{"@type":"ListItem","position":1,"name":"Portada","item":"https:\/\/potenciaradiofonicadominicana.com\/portal\/"},{"@type":"ListItem","position":2,"name":"Las voces humanas generadas por inteligencia artificial ya se entienden mejor que las naturales"}]},{"@type":"WebSite","@id":"https:\/\/potenciaradiofonicadominicana.com\/portal\/#website","url":"https:\/\/potenciaradiofonicadominicana.com\/portal\/","name":"PotenciaRadiofonicaDominicana.com","description":"Peri\u00f3dico Digital","publisher":{"@id":"https:\/\/potenciaradiofonicadominicana.com\/portal\/#organization"},"potentialAction":[{"@type":"SearchAction","target":{"@type":"EntryPoint","urlTemplate":"https:\/\/potenciaradiofonicadominicana.com\/portal\/?s={search_term_string}"},"query-input":{"@type":"PropertyValueSpecification","valueRequired":true,"valueName":"search_term_string"}}],"inLanguage":"es"},{"@type":"Organization","@id":"https:\/\/potenciaradiofonicadominicana.com\/portal\/#organization","name":"PotenciaRadiofonicaDominicana.com","url":"https:\/\/potenciaradiofonicadominicana.com\/portal\/","logo":{"@type":"ImageObject","inLanguage":"es","@id":"https:\/\/potenciaradiofonicadominicana.com\/portal\/#\/schema\/logo\/image\/","url":"https:\/\/potenciaradiofonicadominicana.com\/portal\/wp-content\/uploads\/2022\/01\/descarga.png","contentUrl":"https:\/\/potenciaradiofonicadominicana.com\/portal\/wp-content\/uploads\/2022\/01\/descarga.png","width":300,"height":100,"caption":"PotenciaRadiofonicaDominicana.com"},"image":{"@id":"https:\/\/potenciaradiofonicadominicana.com\/portal\/#\/schema\/logo\/image\/"},"sameAs":["https:\/\/web.facebook.com\/PotenciaRadiofonicaD"]},{"@type":"Person","@id":"https:\/\/potenciaradiofonicadominicana.com\/portal\/#\/schema\/person\/a5cf1fea13877803ee0573ac18b03490","name":"Potencia Radiof\u00f3nica Dominicana","image":{"@type":"ImageObject","inLanguage":"es","@id":"https:\/\/potenciaradiofonicadominicana.com\/portal\/#\/schema\/person\/image\/","url":"https:\/\/secure.gravatar.com\/avatar\/42a55ab9e8ccc656ba34cd791990602a?s=96&d=mm&r=g","contentUrl":"https:\/\/secure.gravatar.com\/avatar\/42a55ab9e8ccc656ba34cd791990602a?s=96&d=mm&r=g","caption":"Potencia Radiof\u00f3nica Dominicana"},"url":"https:\/\/potenciaradiofonicadominicana.com\/portal\/author\/johannyalmanzar\/"}]}},"_links":{"self":[{"href":"https:\/\/potenciaradiofonicadominicana.com\/portal\/wp-json\/wp\/v2\/posts\/216137","targetHints":{"allow":["GET"]}}],"collection":[{"href":"https:\/\/potenciaradiofonicadominicana.com\/portal\/wp-json\/wp\/v2\/posts"}],"about":[{"href":"https:\/\/potenciaradiofonicadominicana.com\/portal\/wp-json\/wp\/v2\/types\/post"}],"author":[{"embeddable":true,"href":"https:\/\/potenciaradiofonicadominicana.com\/portal\/wp-json\/wp\/v2\/users\/2"}],"replies":[{"embeddable":true,"href":"https:\/\/potenciaradiofonicadominicana.com\/portal\/wp-json\/wp\/v2\/comments?post=216137"}],"version-history":[{"count":1,"href":"https:\/\/potenciaradiofonicadominicana.com\/portal\/wp-json\/wp\/v2\/posts\/216137\/revisions"}],"predecessor-version":[{"id":216139,"href":"https:\/\/potenciaradiofonicadominicana.com\/portal\/wp-json\/wp\/v2\/posts\/216137\/revisions\/216139"}],"wp:featuredmedia":[{"embeddable":true,"href":"https:\/\/potenciaradiofonicadominicana.com\/portal\/wp-json\/wp\/v2\/media\/216138"}],"wp:attachment":[{"href":"https:\/\/potenciaradiofonicadominicana.com\/portal\/wp-json\/wp\/v2\/media?parent=216137"}],"wp:term":[{"taxonomy":"category","embeddable":true,"href":"https:\/\/potenciaradiofonicadominicana.com\/portal\/wp-json\/wp\/v2\/categories?post=216137"},{"taxonomy":"post_tag","embeddable":true,"href":"https:\/\/potenciaradiofonicadominicana.com\/portal\/wp-json\/wp\/v2\/tags?post=216137"}],"curies":[{"name":"wp","href":"https:\/\/api.w.org\/{rel}","templated":true}]}}