{"id":216134,"date":"2026-04-29T22:27:14","date_gmt":"2026-04-30T02:27:14","guid":{"rendered":"https:\/\/potenciaradiofonicadominicana.com\/portal\/?p=216134"},"modified":"2026-04-29T22:27:14","modified_gmt":"2026-04-30T02:27:14","slug":"el-lugar-del-cosmos-en-el-que-se-formo-el-cometa-interestelar-3i-atlas-era-exotico","status":"publish","type":"post","link":"https:\/\/potenciaradiofonicadominicana.com\/portal\/el-lugar-del-cosmos-en-el-que-se-formo-el-cometa-interestelar-3i-atlas-era-exotico\/","title":{"rendered":"El lugar del cosmos en el que se form\u00f3 el cometa interestelar 3I\/ATLAS era ex\u00f3tico"},"content":{"rendered":"<p><a href=\"https:\/\/potenciaradiofonicadominicana.com\/portal\/wp-content\/uploads\/2026\/04\/1835_el-lugar-del-cosmos-en-el-que-se-formo.jpg\"><img loading=\"lazy\" decoding=\"async\" class=\"alignnone size-full wp-image-216135\" src=\"https:\/\/potenciaradiofonicadominicana.com\/portal\/wp-content\/uploads\/2026\/04\/1835_el-lugar-del-cosmos-en-el-que-se-formo.jpg\" alt=\"\" width=\"670\" height=\"506\" srcset=\"https:\/\/potenciaradiofonicadominicana.com\/portal\/wp-content\/uploads\/2026\/04\/1835_el-lugar-del-cosmos-en-el-que-se-formo.jpg 670w, https:\/\/potenciaradiofonicadominicana.com\/portal\/wp-content\/uploads\/2026\/04\/1835_el-lugar-del-cosmos-en-el-que-se-formo-300x227.jpg 300w\" sizes=\"auto, (max-width: 670px) 100vw, 670px\" \/><\/a><\/p>\n<p>Hace menos de un a\u00f1o, unos astr\u00f3nomos descubrieron un cometa llegado de fuera de nuestro sistema solar. Aunque todav\u00eda se desconoce de qu\u00e9 sistema solar proviene este objeto interestelar llamado 3I\/ATLAS, una nueva investigaci\u00f3n ha revelado algunos detalles sobre la regi\u00f3n del cosmos en la que se form\u00f3. Y resulta que ese lugar ten\u00eda unas condiciones muy diferentes a las de nuestro sistema solar.<\/p>\n<p>&nbsp;<\/p>\n<p>El estudio lo ha realizado un equipo integrado, entre otros, por Luis E: Salazar Manzano y Teresa Paneque-Carre\u00f1o, de la Universidad de Michigan en la ciudad estadounidense de Ann Arbor.<\/p>\n<p>&nbsp;<\/p>\n<p>Los nuevos hallazgos sobre c\u00f3mo era el lugar en el que se form\u00f3 el cometa se han hecho a partir de peculiaridades en la composici\u00f3n qu\u00edmica del cometa las cuales solo pueden explicarse con unas condiciones ambientales muy espec\u00edficas.<\/p>\n<div class=\"imagefooterprint\"><\/div>\n<p>El cometa interestelar 3I\/ATLAS. (Foto: NASA \/ ESA \/ STScI \/ D. Jewitt (UCLA) \/ M.-T. Hui (Shanghai Astronomical Observatory). Procesamiento de imagen: J. DePasquale (STScI))<\/p>\n<div class=\"google-auto-placed ap_container\"><ins class=\"adsbygoogle adsbygoogle-noablate\" data-ad-format=\"auto\" data-ad-client=\"ca-pub-5663005764905852\" data-adsbygoogle-status=\"done\" data-ad-status=\"unfill-optimized\"><\/p>\n<div id=\"aswift_4_host\">\n<div class=\"google-aiuf\" data-google-ad-efd=\"true\">\n<div class=\"goog-rentries\">\n<div><\/div>\n<\/div>\n<\/div>\n<\/div>\n<p><\/ins><\/div>\n<p>Los an\u00e1lisis han revelado que 3I\/ATLAS es notablemente rico en un tipo espec\u00edfico de agua que contiene bastante deuterio.<\/p>\n<p>&nbsp;<\/p>\n<p>El agua est\u00e1 compuesta por dos \u00e1tomos de hidr\u00f3geno y uno de ox\u00edgeno, de ah\u00ed su f\u00f3rmula H\u2082O. Sin embargo, en las mol\u00e9culas de agua t\u00edpicas, esos \u00e1tomos de hidr\u00f3geno tienen solo un prot\u00f3n en su n\u00facleo. En el agua del cometa, una alta proporci\u00f3n de sus mol\u00e9culas contiene deuterio, una forma de hidr\u00f3geno con el prot\u00f3n est\u00e1ndar m\u00e1s un neutr\u00f3n. Estas formas m\u00e1s pesadas de agua tambi\u00e9n existen en la Tierra, pero en cantidades mucho menores que las observadas en 3I\/ATLAS.<\/p>\n<p>&nbsp;<\/p>\n<p>En el agua helada de 3I\/ATLAS, la cantidad de deuterio con respecto al hidr\u00f3geno ordinario es mayor que cualquier otra que se haya visto antes en otros cometas de nuestro sistema solar. De hecho, la proporci\u00f3n es 30 veces mayor que la de cualquier cometa de nuestro sistema solar y 40 veces mayor que la del agua de nuestros oc\u00e9anos.<\/p>\n<p>Estas proporciones han permitido a los investigadores deducir varios detalles sobre las condiciones que exist\u00edan en el lugar donde se form\u00f3 3I\/ATLAS: el cometa se form\u00f3 en un entorno mucho m\u00e1s fr\u00edo y con menores niveles de radiaci\u00f3n que el que fue escenario de la formaci\u00f3n de nuestro sistema solar. En comparaci\u00f3n con nuestro sistema solar, esa regi\u00f3n en la que 3I\/ATLAS se form\u00f3 resulta ex\u00f3tica, aunque no puede descartarse que sitios como ese sean los m\u00e1s comunes y que el inusual sea el lugar en el que se form\u00f3 nuestro sistema solar.<\/p>\n<p>El estudio se titula \u201cWater D\/H in 3I\/ATLAS as a probe of formation conditions in another planetary system\u201d. Y se ha publicado en la revista acad\u00e9mica Nature Astronomy. (Fuente:\u00a0<a href=\"https:\/\/noticiasdelaciencia.com\/\">NCYT de Amazings<\/a>)<\/p>\n","protected":false},"excerpt":{"rendered":"<p>Hace menos de un a\u00f1o, unos astr\u00f3nomos descubrieron un cometa llegado de fuera de nuestro sistema solar. Aunque todav\u00eda se &#8230;<\/p>\n","protected":false},"author":2,"featured_media":216135,"comment_status":"closed","ping_status":"closed","sticky":false,"template":"","format":"standard","meta":{"footnotes":""},"categories":[14],"tags":[],"class_list":["post-216134","post","type-post","status-publish","format-standard","has-post-thumbnail","hentry","category-ciencia-y-tecnologia"],"yoast_head":"<!-- This site is optimized with the Yoast SEO plugin v24.8.1 - https:\/\/yoast.com\/wordpress\/plugins\/seo\/ -->\n<title>El lugar del cosmos en el que se form\u00f3 el cometa interestelar 3I\/ATLAS era ex\u00f3tico - PotenciaRadiofonicaDominicana.com<\/title>\n<meta name=\"robots\" content=\"index, follow, max-snippet:-1, max-image-preview:large, max-video-preview:-1\" \/>\n<link rel=\"canonical\" href=\"https:\/\/potenciaradiofonicadominicana.com\/portal\/el-lugar-del-cosmos-en-el-que-se-formo-el-cometa-interestelar-3i-atlas-era-exotico\/\" \/>\n<meta property=\"og:locale\" content=\"es_ES\" \/>\n<meta property=\"og:type\" content=\"article\" \/>\n<meta property=\"og:title\" content=\"El lugar del cosmos en el que se form\u00f3 el cometa interestelar 3I\/ATLAS era ex\u00f3tico - PotenciaRadiofonicaDominicana.com\" \/>\n<meta property=\"og:description\" content=\"Hace menos de un a\u00f1o, unos astr\u00f3nomos descubrieron un cometa llegado de fuera de nuestro sistema solar. Aunque todav\u00eda se ...\" \/>\n<meta property=\"og:url\" content=\"https:\/\/potenciaradiofonicadominicana.com\/portal\/el-lugar-del-cosmos-en-el-que-se-formo-el-cometa-interestelar-3i-atlas-era-exotico\/\" \/>\n<meta property=\"og:site_name\" content=\"PotenciaRadiofonicaDominicana.com\" \/>\n<meta property=\"article:publisher\" content=\"https:\/\/web.facebook.com\/PotenciaRadiofonicaD\" \/>\n<meta property=\"article:published_time\" content=\"2026-04-30T02:27:14+00:00\" \/>\n<meta property=\"og:image\" content=\"https:\/\/potenciaradiofonicadominicana.com\/portal\/wp-content\/uploads\/2026\/04\/1835_el-lugar-del-cosmos-en-el-que-se-formo.jpg\" \/>\n\t<meta property=\"og:image:width\" content=\"670\" \/>\n\t<meta property=\"og:image:height\" content=\"506\" \/>\n\t<meta property=\"og:image:type\" content=\"image\/jpeg\" \/>\n<meta name=\"author\" content=\"Potencia Radiof\u00f3nica Dominicana\" \/>\n<meta name=\"twitter:card\" content=\"summary_large_image\" \/>\n<meta name=\"twitter:label1\" content=\"Escrito por\" \/>\n\t<meta name=\"twitter:data1\" content=\"Potencia Radiof\u00f3nica Dominicana\" \/>\n\t<meta name=\"twitter:label2\" content=\"Tiempo de lectura\" \/>\n\t<meta name=\"twitter:data2\" content=\"3 minutos\" \/>\n<script type=\"application\/ld+json\" class=\"yoast-schema-graph\">{\"@context\":\"https:\/\/schema.org\",\"@graph\":[{\"@type\":\"Article\",\"@id\":\"https:\/\/potenciaradiofonicadominicana.com\/portal\/el-lugar-del-cosmos-en-el-que-se-formo-el-cometa-interestelar-3i-atlas-era-exotico\/#article\",\"isPartOf\":{\"@id\":\"https:\/\/potenciaradiofonicadominicana.com\/portal\/el-lugar-del-cosmos-en-el-que-se-formo-el-cometa-interestelar-3i-atlas-era-exotico\/\"},\"author\":{\"name\":\"Potencia Radiof\u00f3nica Dominicana\",\"@id\":\"https:\/\/potenciaradiofonicadominicana.com\/portal\/#\/schema\/person\/a5cf1fea13877803ee0573ac18b03490\"},\"headline\":\"El lugar del cosmos en el que se form\u00f3 el cometa interestelar 3I\/ATLAS era ex\u00f3tico\",\"datePublished\":\"2026-04-30T02:27:14+00:00\",\"mainEntityOfPage\":{\"@id\":\"https:\/\/potenciaradiofonicadominicana.com\/portal\/el-lugar-del-cosmos-en-el-que-se-formo-el-cometa-interestelar-3i-atlas-era-exotico\/\"},\"wordCount\":514,\"publisher\":{\"@id\":\"https:\/\/potenciaradiofonicadominicana.com\/portal\/#organization\"},\"image\":{\"@id\":\"https:\/\/potenciaradiofonicadominicana.com\/portal\/el-lugar-del-cosmos-en-el-que-se-formo-el-cometa-interestelar-3i-atlas-era-exotico\/#primaryimage\"},\"thumbnailUrl\":\"https:\/\/potenciaradiofonicadominicana.com\/portal\/wp-content\/uploads\/2026\/04\/1835_el-lugar-del-cosmos-en-el-que-se-formo.jpg\",\"articleSection\":[\"Ciencia y Tecnolog\u00eda\"],\"inLanguage\":\"es\"},{\"@type\":\"WebPage\",\"@id\":\"https:\/\/potenciaradiofonicadominicana.com\/portal\/el-lugar-del-cosmos-en-el-que-se-formo-el-cometa-interestelar-3i-atlas-era-exotico\/\",\"url\":\"https:\/\/potenciaradiofonicadominicana.com\/portal\/el-lugar-del-cosmos-en-el-que-se-formo-el-cometa-interestelar-3i-atlas-era-exotico\/\",\"name\":\"El lugar del cosmos en el que se form\u00f3 el cometa interestelar 3I\/ATLAS era ex\u00f3tico - PotenciaRadiofonicaDominicana.com\",\"isPartOf\":{\"@id\":\"https:\/\/potenciaradiofonicadominicana.com\/portal\/#website\"},\"primaryImageOfPage\":{\"@id\":\"https:\/\/potenciaradiofonicadominicana.com\/portal\/el-lugar-del-cosmos-en-el-que-se-formo-el-cometa-interestelar-3i-atlas-era-exotico\/#primaryimage\"},\"image\":{\"@id\":\"https:\/\/potenciaradiofonicadominicana.com\/portal\/el-lugar-del-cosmos-en-el-que-se-formo-el-cometa-interestelar-3i-atlas-era-exotico\/#primaryimage\"},\"thumbnailUrl\":\"https:\/\/potenciaradiofonicadominicana.com\/portal\/wp-content\/uploads\/2026\/04\/1835_el-lugar-del-cosmos-en-el-que-se-formo.jpg\",\"datePublished\":\"2026-04-30T02:27:14+00:00\",\"breadcrumb\":{\"@id\":\"https:\/\/potenciaradiofonicadominicana.com\/portal\/el-lugar-del-cosmos-en-el-que-se-formo-el-cometa-interestelar-3i-atlas-era-exotico\/#breadcrumb\"},\"inLanguage\":\"es\",\"potentialAction\":[{\"@type\":\"ReadAction\",\"target\":[\"https:\/\/potenciaradiofonicadominicana.com\/portal\/el-lugar-del-cosmos-en-el-que-se-formo-el-cometa-interestelar-3i-atlas-era-exotico\/\"]}]},{\"@type\":\"ImageObject\",\"inLanguage\":\"es\",\"@id\":\"https:\/\/potenciaradiofonicadominicana.com\/portal\/el-lugar-del-cosmos-en-el-que-se-formo-el-cometa-interestelar-3i-atlas-era-exotico\/#primaryimage\",\"url\":\"https:\/\/potenciaradiofonicadominicana.com\/portal\/wp-content\/uploads\/2026\/04\/1835_el-lugar-del-cosmos-en-el-que-se-formo.jpg\",\"contentUrl\":\"https:\/\/potenciaradiofonicadominicana.com\/portal\/wp-content\/uploads\/2026\/04\/1835_el-lugar-del-cosmos-en-el-que-se-formo.jpg\",\"width\":670,\"height\":506},{\"@type\":\"BreadcrumbList\",\"@id\":\"https:\/\/potenciaradiofonicadominicana.com\/portal\/el-lugar-del-cosmos-en-el-que-se-formo-el-cometa-interestelar-3i-atlas-era-exotico\/#breadcrumb\",\"itemListElement\":[{\"@type\":\"ListItem\",\"position\":1,\"name\":\"Portada\",\"item\":\"https:\/\/potenciaradiofonicadominicana.com\/portal\/\"},{\"@type\":\"ListItem\",\"position\":2,\"name\":\"El lugar del cosmos en el que se form\u00f3 el cometa interestelar 3I\/ATLAS era ex\u00f3tico\"}]},{\"@type\":\"WebSite\",\"@id\":\"https:\/\/potenciaradiofonicadominicana.com\/portal\/#website\",\"url\":\"https:\/\/potenciaradiofonicadominicana.com\/portal\/\",\"name\":\"PotenciaRadiofonicaDominicana.com\",\"description\":\"Peri\u00f3dico Digital\",\"publisher\":{\"@id\":\"https:\/\/potenciaradiofonicadominicana.com\/portal\/#organization\"},\"potentialAction\":[{\"@type\":\"SearchAction\",\"target\":{\"@type\":\"EntryPoint\",\"urlTemplate\":\"https:\/\/potenciaradiofonicadominicana.com\/portal\/?s={search_term_string}\"},\"query-input\":{\"@type\":\"PropertyValueSpecification\",\"valueRequired\":true,\"valueName\":\"search_term_string\"}}],\"inLanguage\":\"es\"},{\"@type\":\"Organization\",\"@id\":\"https:\/\/potenciaradiofonicadominicana.com\/portal\/#organization\",\"name\":\"PotenciaRadiofonicaDominicana.com\",\"url\":\"https:\/\/potenciaradiofonicadominicana.com\/portal\/\",\"logo\":{\"@type\":\"ImageObject\",\"inLanguage\":\"es\",\"@id\":\"https:\/\/potenciaradiofonicadominicana.com\/portal\/#\/schema\/logo\/image\/\",\"url\":\"https:\/\/potenciaradiofonicadominicana.com\/portal\/wp-content\/uploads\/2022\/01\/descarga.png\",\"contentUrl\":\"https:\/\/potenciaradiofonicadominicana.com\/portal\/wp-content\/uploads\/2022\/01\/descarga.png\",\"width\":300,\"height\":100,\"caption\":\"PotenciaRadiofonicaDominicana.com\"},\"image\":{\"@id\":\"https:\/\/potenciaradiofonicadominicana.com\/portal\/#\/schema\/logo\/image\/\"},\"sameAs\":[\"https:\/\/web.facebook.com\/PotenciaRadiofonicaD\"]},{\"@type\":\"Person\",\"@id\":\"https:\/\/potenciaradiofonicadominicana.com\/portal\/#\/schema\/person\/a5cf1fea13877803ee0573ac18b03490\",\"name\":\"Potencia Radiof\u00f3nica Dominicana\",\"image\":{\"@type\":\"ImageObject\",\"inLanguage\":\"es\",\"@id\":\"https:\/\/potenciaradiofonicadominicana.com\/portal\/#\/schema\/person\/image\/\",\"url\":\"https:\/\/secure.gravatar.com\/avatar\/42a55ab9e8ccc656ba34cd791990602a?s=96&d=mm&r=g\",\"contentUrl\":\"https:\/\/secure.gravatar.com\/avatar\/42a55ab9e8ccc656ba34cd791990602a?s=96&d=mm&r=g\",\"caption\":\"Potencia Radiof\u00f3nica Dominicana\"},\"url\":\"https:\/\/potenciaradiofonicadominicana.com\/portal\/author\/johannyalmanzar\/\"}]}<\/script>\n<!-- \/ Yoast SEO plugin. -->","yoast_head_json":{"title":"El lugar del cosmos en el que se form\u00f3 el cometa interestelar 3I\/ATLAS era ex\u00f3tico - PotenciaRadiofonicaDominicana.com","robots":{"index":"index","follow":"follow","max-snippet":"max-snippet:-1","max-image-preview":"max-image-preview:large","max-video-preview":"max-video-preview:-1"},"canonical":"https:\/\/potenciaradiofonicadominicana.com\/portal\/el-lugar-del-cosmos-en-el-que-se-formo-el-cometa-interestelar-3i-atlas-era-exotico\/","og_locale":"es_ES","og_type":"article","og_title":"El lugar del cosmos en el que se form\u00f3 el cometa interestelar 3I\/ATLAS era ex\u00f3tico - PotenciaRadiofonicaDominicana.com","og_description":"Hace menos de un a\u00f1o, unos astr\u00f3nomos descubrieron un cometa llegado de fuera de nuestro sistema solar. Aunque todav\u00eda se ...","og_url":"https:\/\/potenciaradiofonicadominicana.com\/portal\/el-lugar-del-cosmos-en-el-que-se-formo-el-cometa-interestelar-3i-atlas-era-exotico\/","og_site_name":"PotenciaRadiofonicaDominicana.com","article_publisher":"https:\/\/web.facebook.com\/PotenciaRadiofonicaD","article_published_time":"2026-04-30T02:27:14+00:00","og_image":[{"width":670,"height":506,"url":"https:\/\/potenciaradiofonicadominicana.com\/portal\/wp-content\/uploads\/2026\/04\/1835_el-lugar-del-cosmos-en-el-que-se-formo.jpg","type":"image\/jpeg"}],"author":"Potencia Radiof\u00f3nica Dominicana","twitter_card":"summary_large_image","twitter_misc":{"Escrito por":"Potencia Radiof\u00f3nica Dominicana","Tiempo de lectura":"3 minutos"},"schema":{"@context":"https:\/\/schema.org","@graph":[{"@type":"Article","@id":"https:\/\/potenciaradiofonicadominicana.com\/portal\/el-lugar-del-cosmos-en-el-que-se-formo-el-cometa-interestelar-3i-atlas-era-exotico\/#article","isPartOf":{"@id":"https:\/\/potenciaradiofonicadominicana.com\/portal\/el-lugar-del-cosmos-en-el-que-se-formo-el-cometa-interestelar-3i-atlas-era-exotico\/"},"author":{"name":"Potencia Radiof\u00f3nica Dominicana","@id":"https:\/\/potenciaradiofonicadominicana.com\/portal\/#\/schema\/person\/a5cf1fea13877803ee0573ac18b03490"},"headline":"El lugar del cosmos en el que se form\u00f3 el cometa interestelar 3I\/ATLAS era ex\u00f3tico","datePublished":"2026-04-30T02:27:14+00:00","mainEntityOfPage":{"@id":"https:\/\/potenciaradiofonicadominicana.com\/portal\/el-lugar-del-cosmos-en-el-que-se-formo-el-cometa-interestelar-3i-atlas-era-exotico\/"},"wordCount":514,"publisher":{"@id":"https:\/\/potenciaradiofonicadominicana.com\/portal\/#organization"},"image":{"@id":"https:\/\/potenciaradiofonicadominicana.com\/portal\/el-lugar-del-cosmos-en-el-que-se-formo-el-cometa-interestelar-3i-atlas-era-exotico\/#primaryimage"},"thumbnailUrl":"https:\/\/potenciaradiofonicadominicana.com\/portal\/wp-content\/uploads\/2026\/04\/1835_el-lugar-del-cosmos-en-el-que-se-formo.jpg","articleSection":["Ciencia y Tecnolog\u00eda"],"inLanguage":"es"},{"@type":"WebPage","@id":"https:\/\/potenciaradiofonicadominicana.com\/portal\/el-lugar-del-cosmos-en-el-que-se-formo-el-cometa-interestelar-3i-atlas-era-exotico\/","url":"https:\/\/potenciaradiofonicadominicana.com\/portal\/el-lugar-del-cosmos-en-el-que-se-formo-el-cometa-interestelar-3i-atlas-era-exotico\/","name":"El lugar del cosmos en el que se form\u00f3 el cometa interestelar 3I\/ATLAS era ex\u00f3tico - PotenciaRadiofonicaDominicana.com","isPartOf":{"@id":"https:\/\/potenciaradiofonicadominicana.com\/portal\/#website"},"primaryImageOfPage":{"@id":"https:\/\/potenciaradiofonicadominicana.com\/portal\/el-lugar-del-cosmos-en-el-que-se-formo-el-cometa-interestelar-3i-atlas-era-exotico\/#primaryimage"},"image":{"@id":"https:\/\/potenciaradiofonicadominicana.com\/portal\/el-lugar-del-cosmos-en-el-que-se-formo-el-cometa-interestelar-3i-atlas-era-exotico\/#primaryimage"},"thumbnailUrl":"https:\/\/potenciaradiofonicadominicana.com\/portal\/wp-content\/uploads\/2026\/04\/1835_el-lugar-del-cosmos-en-el-que-se-formo.jpg","datePublished":"2026-04-30T02:27:14+00:00","breadcrumb":{"@id":"https:\/\/potenciaradiofonicadominicana.com\/portal\/el-lugar-del-cosmos-en-el-que-se-formo-el-cometa-interestelar-3i-atlas-era-exotico\/#breadcrumb"},"inLanguage":"es","potentialAction":[{"@type":"ReadAction","target":["https:\/\/potenciaradiofonicadominicana.com\/portal\/el-lugar-del-cosmos-en-el-que-se-formo-el-cometa-interestelar-3i-atlas-era-exotico\/"]}]},{"@type":"ImageObject","inLanguage":"es","@id":"https:\/\/potenciaradiofonicadominicana.com\/portal\/el-lugar-del-cosmos-en-el-que-se-formo-el-cometa-interestelar-3i-atlas-era-exotico\/#primaryimage","url":"https:\/\/potenciaradiofonicadominicana.com\/portal\/wp-content\/uploads\/2026\/04\/1835_el-lugar-del-cosmos-en-el-que-se-formo.jpg","contentUrl":"https:\/\/potenciaradiofonicadominicana.com\/portal\/wp-content\/uploads\/2026\/04\/1835_el-lugar-del-cosmos-en-el-que-se-formo.jpg","width":670,"height":506},{"@type":"BreadcrumbList","@id":"https:\/\/potenciaradiofonicadominicana.com\/portal\/el-lugar-del-cosmos-en-el-que-se-formo-el-cometa-interestelar-3i-atlas-era-exotico\/#breadcrumb","itemListElement":[{"@type":"ListItem","position":1,"name":"Portada","item":"https:\/\/potenciaradiofonicadominicana.com\/portal\/"},{"@type":"ListItem","position":2,"name":"El lugar del cosmos en el que se form\u00f3 el cometa interestelar 3I\/ATLAS era ex\u00f3tico"}]},{"@type":"WebSite","@id":"https:\/\/potenciaradiofonicadominicana.com\/portal\/#website","url":"https:\/\/potenciaradiofonicadominicana.com\/portal\/","name":"PotenciaRadiofonicaDominicana.com","description":"Peri\u00f3dico Digital","publisher":{"@id":"https:\/\/potenciaradiofonicadominicana.com\/portal\/#organization"},"potentialAction":[{"@type":"SearchAction","target":{"@type":"EntryPoint","urlTemplate":"https:\/\/potenciaradiofonicadominicana.com\/portal\/?s={search_term_string}"},"query-input":{"@type":"PropertyValueSpecification","valueRequired":true,"valueName":"search_term_string"}}],"inLanguage":"es"},{"@type":"Organization","@id":"https:\/\/potenciaradiofonicadominicana.com\/portal\/#organization","name":"PotenciaRadiofonicaDominicana.com","url":"https:\/\/potenciaradiofonicadominicana.com\/portal\/","logo":{"@type":"ImageObject","inLanguage":"es","@id":"https:\/\/potenciaradiofonicadominicana.com\/portal\/#\/schema\/logo\/image\/","url":"https:\/\/potenciaradiofonicadominicana.com\/portal\/wp-content\/uploads\/2022\/01\/descarga.png","contentUrl":"https:\/\/potenciaradiofonicadominicana.com\/portal\/wp-content\/uploads\/2022\/01\/descarga.png","width":300,"height":100,"caption":"PotenciaRadiofonicaDominicana.com"},"image":{"@id":"https:\/\/potenciaradiofonicadominicana.com\/portal\/#\/schema\/logo\/image\/"},"sameAs":["https:\/\/web.facebook.com\/PotenciaRadiofonicaD"]},{"@type":"Person","@id":"https:\/\/potenciaradiofonicadominicana.com\/portal\/#\/schema\/person\/a5cf1fea13877803ee0573ac18b03490","name":"Potencia Radiof\u00f3nica Dominicana","image":{"@type":"ImageObject","inLanguage":"es","@id":"https:\/\/potenciaradiofonicadominicana.com\/portal\/#\/schema\/person\/image\/","url":"https:\/\/secure.gravatar.com\/avatar\/42a55ab9e8ccc656ba34cd791990602a?s=96&d=mm&r=g","contentUrl":"https:\/\/secure.gravatar.com\/avatar\/42a55ab9e8ccc656ba34cd791990602a?s=96&d=mm&r=g","caption":"Potencia Radiof\u00f3nica Dominicana"},"url":"https:\/\/potenciaradiofonicadominicana.com\/portal\/author\/johannyalmanzar\/"}]}},"_links":{"self":[{"href":"https:\/\/potenciaradiofonicadominicana.com\/portal\/wp-json\/wp\/v2\/posts\/216134","targetHints":{"allow":["GET"]}}],"collection":[{"href":"https:\/\/potenciaradiofonicadominicana.com\/portal\/wp-json\/wp\/v2\/posts"}],"about":[{"href":"https:\/\/potenciaradiofonicadominicana.com\/portal\/wp-json\/wp\/v2\/types\/post"}],"author":[{"embeddable":true,"href":"https:\/\/potenciaradiofonicadominicana.com\/portal\/wp-json\/wp\/v2\/users\/2"}],"replies":[{"embeddable":true,"href":"https:\/\/potenciaradiofonicadominicana.com\/portal\/wp-json\/wp\/v2\/comments?post=216134"}],"version-history":[{"count":1,"href":"https:\/\/potenciaradiofonicadominicana.com\/portal\/wp-json\/wp\/v2\/posts\/216134\/revisions"}],"predecessor-version":[{"id":216136,"href":"https:\/\/potenciaradiofonicadominicana.com\/portal\/wp-json\/wp\/v2\/posts\/216134\/revisions\/216136"}],"wp:featuredmedia":[{"embeddable":true,"href":"https:\/\/potenciaradiofonicadominicana.com\/portal\/wp-json\/wp\/v2\/media\/216135"}],"wp:attachment":[{"href":"https:\/\/potenciaradiofonicadominicana.com\/portal\/wp-json\/wp\/v2\/media?parent=216134"}],"wp:term":[{"taxonomy":"category","embeddable":true,"href":"https:\/\/potenciaradiofonicadominicana.com\/portal\/wp-json\/wp\/v2\/categories?post=216134"},{"taxonomy":"post_tag","embeddable":true,"href":"https:\/\/potenciaradiofonicadominicana.com\/portal\/wp-json\/wp\/v2\/tags?post=216134"}],"curies":[{"name":"wp","href":"https:\/\/api.w.org\/{rel}","templated":true}]}}